{"id":161798,"date":"2023-03-27T12:35:53","date_gmt":"2023-03-27T19:35:53","guid":{"rendered":"https:\/\/www.sonoraenequipo.com.mx\/?p=161798"},"modified":"2023-03-27T12:35:53","modified_gmt":"2023-03-27T19:35:53","slug":"balanza-comercial-registro-deficit-de-us-1844-millones-en-febrero","status":"publish","type":"post","link":"https:\/\/www.sonoraenequipo.com.mx\/balanza-comercial-registro-deficit-de-us-1844-millones-en-febrero\/","title":{"rendered":"Balanza comercial registr\u00f3 d\u00e9ficit de US$ 1844 millones en febrero"},"content":{"rendered":"<p>&nbsp;<\/p>\n<p>En febrero de 2023, de acuerdo con la informaci\u00f3n oportuna de comercio exterior, se registr\u00f3 un d\u00e9ficit comercial de 1 844 millones de d\u00f3lares, saldo que se compara con el super\u00e1vit de 1 286 millones de d\u00f3lares obtenido en el mismo mes de 2022.<\/p>\n<p>&nbsp;<\/p>\n<p>En los primeros dos meses de 2023, la balanza comercial present\u00f3 un d\u00e9ficit de 5 969 millones de d\u00f3lares.<\/p>\n<p>&nbsp;<\/p>\n<p>EXPORTACIONES<\/p>\n<p>&nbsp;<\/p>\n<p>En el mes de referencia, el valor de las exportaciones de mercanc\u00edas alcanz\u00f3 44 934 millones de d\u00f3lares, cifra integrada por 42 662 millones de d\u00f3lares de exportaciones no petroleras y por 2 272 millones de d\u00f3lares de petroleras. De esta forma, las exportaciones totales reportaron una reducci\u00f3n anual de 2.8 %, resultado de ca\u00eddas de 1.8 % en las exportaciones no petroleras y de 19.2 % en las petroleras. Al interior de las exportaciones no petroleras, las dirigidas a Estados Unidos crecieron, a tasa anual, 2.2 % y las canalizadas al resto del mundo descendieron 17.8 por ciento.<\/p>\n<p>&nbsp;<\/p>\n<p>En el segundo mes de 2023 y con cifras desestacionalizadas, las exportaciones totales de mercanc\u00edas mostraron una reducci\u00f3n mensual de 5.84 %, reflejo de ca\u00eddas de 5.42 % en las exportaciones no petroleras y de 12.61 % en las petroleras.<\/p>\n<p>&nbsp;<\/p>\n<p>IMPORTACIONES<\/p>\n<p>&nbsp;<\/p>\n<p>En febrero de 2023, el valor de las importaciones de mercanc\u00edas fue de 46 778 millones de d\u00f3lares, monto que implic\u00f3 un alza anual de 4.1 %, producto de aumentos de 3.1 % en las importaciones no petroleras y de 12.9 % en las petroleras. Al considerar las importaciones por tipo de bien, se registraron incrementos anuales de 15.8 % en las importaciones de bienes de consumo, de 0.1 % en las de bienes de uso intermedio y de 28.4 %, en las de bienes de capital.<\/p>\n<p>&nbsp;<\/p>\n<p>Con series ajustadas por estacionalidad, las importaciones totales reportaron un descenso mensual de 0.22 %, resultado neto de un decremento de 6.07 % en las importaciones petroleras y de un avance de 0.56 % en las no petroleras. Por tipo de bien, se presentaron disminuciones mensuales de 3.40 % en las importaciones de bienes de consumo y de 0.35 %, en las de bienes de uso intermedio. Las importaciones de bienes de capital registraron un alza de 6.45 por ciento.<\/p>\n<p><strong><em><u>Fecha de publicaci\u00f3n domingo 26\u00a0 de marzo de 2023 con informaci\u00f3n de boletines<\/u><\/em><\/strong><\/p>\n","protected":false},"excerpt":{"rendered":"<p>&nbsp; En febrero de 2023, de acuerdo con la informaci\u00f3n oportuna de comercio exterior, se&#8230;<\/p>\n","protected":false},"author":1,"featured_media":161799,"comment_status":"open","ping_status":"open","sticky":false,"template":"","format":"standard","meta":{"_monsterinsights_skip_tracking":false,"_monsterinsights_sitenote_active":false,"_monsterinsights_sitenote_note":"","_monsterinsights_sitenote_category":0,"footnotes":""},"categories":[6493],"tags":[8368,53],"class_list":["post"],"yoast_head":" \n<title>Sonora en Equipo. Balanza comercial registr\u00f3 d\u00e9ficit de US$ 1844 millones en febrero PALABRAS Y N\u00daMEROS<\/title>\n<meta name=\"description\" content=\"&nbsp; En febrero de 2023, de acuerdo con la informaci\u00f3n oportuna de comercio exterior, se registr\u00f3 un d\u00e9ficit comercial de 1 844 millones de d\u00f3lares, En Sonora en Equipo publicamos toda la informaci\u00f3n de Sonora, M\u00e9xico y el Mundo de manera oportuna y busca que la libertad de expresi\u00f3n sea real. Visita nuestro medio informativo publicado desde Hermosillo, Sonora. %\" \/>\n<meta name=\"robots\" content=\"index, follow, max-snippet:-1, max-image-preview:large, max-video-preview:-1\" \/>\n<link rel=\"canonical\" href=\"https:\/\/www.sonoraenequipo.com.mx\/balanza-comercial-registro-deficit-de-us-1844-millones-en-febrero\/\" \/>\n<meta property=\"og:locale\" content=\"es_ES\" \/>\n<meta property=\"og:type\" content=\"article\" \/>\n<meta property=\"og:title\" content=\"Sonora en Equipo. Balanza comercial registr\u00f3 d\u00e9ficit de US$ 1844 millones en febrero PALABRAS Y N\u00daMEROS\" \/>\n<meta property=\"og:description\" content=\"&nbsp; En febrero de 2023, de acuerdo con la informaci\u00f3n oportuna de comercio exterior, se registr\u00f3 un d\u00e9ficit comercial de 1 844 millones de d\u00f3lares, En Sonora en Equipo publicamos toda la informaci\u00f3n de Sonora, M\u00e9xico y el Mundo de manera oportuna y busca que la libertad de expresi\u00f3n sea real. Visita nuestro medio informativo publicado desde Hermosillo, Sonora. %\" \/>\n<meta property=\"og:url\" content=\"https:\/\/www.sonoraenequipo.com.mx\/balanza-comercial-registro-deficit-de-us-1844-millones-en-febrero\/\" \/>\n<meta property=\"og:site_name\" content=\"Sonora en Equipo.\" \/>\n<meta property=\"article:publisher\" content=\"https:\/\/www.facebook.com\/SonoraEE\/\" \/>\n<meta property=\"article:author\" content=\"https:\/\/www.facebook.com\/SonoraEE\" \/>\n<meta property=\"article:published_time\" content=\"2023-03-27T19:35:53+00:00\" \/>\n<meta property=\"og:image\" content=\"https:\/\/www.sonoraenequipo.com.mx\/storage\/2023\/03\/balanza-comercial.jpg\" \/>\n\t<meta property=\"og:image:width\" content=\"600\" \/>\n\t<meta property=\"og:image:height\" content=\"400\" \/>\n\t<meta property=\"og:image:type\" content=\"image\/jpeg\" \/>\n<meta name=\"author\" content=\"enequipo\" \/>\n<meta name=\"twitter:card\" content=\"summary_large_image\" \/>\n<meta name=\"twitter:creator\" content=\"@sonoraenequipo\" \/>\n<meta name=\"twitter:site\" content=\"@sonoraenequipo\" \/>\n<meta name=\"twitter:label1\" content=\"Escrito por\" \/>\n\t<meta name=\"twitter:data1\" content=\"enequipo\" \/>\n\t<meta name=\"twitter:label2\" content=\"Tiempo de lectura\" \/>\n\t<meta name=\"twitter:data2\" content=\"2 minutos\" \/>\n<script type=\"application\/ld+json\" class=\"yoast-schema-graph\">{\"@context\":\"https:\/\/schema.org\",\"@graph\":[{\"@type\":\"Article\",\"@id\":\"https:\/\/www.sonoraenequipo.com.mx\/balanza-comercial-registro-deficit-de-us-1844-millones-en-febrero\/#article\",\"isPartOf\":{\"@id\":\"https:\/\/www.sonoraenequipo.com.mx\/balanza-comercial-registro-deficit-de-us-1844-millones-en-febrero\/\"},\"author\":{\"name\":\"enequipo\",\"@id\":\"https:\/\/www.sonoraenequipo.com.mx\/#\/schema\/person\/50102df0fb23a8fa9e8effad8fa81386\"},\"headline\":\"Balanza comercial registr\u00f3 d\u00e9ficit de US$ 1844 millones en febrero\",\"datePublished\":\"2023-03-27T19:35:53+00:00\",\"mainEntityOfPage\":{\"@id\":\"https:\/\/www.sonoraenequipo.com.mx\/balanza-comercial-registro-deficit-de-us-1844-millones-en-febrero\/\"},\"wordCount\":363,\"commentCount\":0,\"publisher\":{\"@id\":\"https:\/\/www.sonoraenequipo.com.mx\/#organization\"},\"image\":{\"@id\":\"https:\/\/www.sonoraenequipo.com.mx\/balanza-comercial-registro-deficit-de-us-1844-millones-en-febrero\/#primaryimage\"},\"thumbnailUrl\":\"https:\/\/www.sonoraenequipo.com.mx\/storage\/2023\/03\/balanza-comercial.jpg\",\"keywords\":[\"balanza comercial\",\"mexico\"],\"articleSection\":[\"PALABRAS Y N\u00daMEROS\"],\"inLanguage\":\"es\",\"potentialAction\":[{\"@type\":\"CommentAction\",\"name\":\"Comment\",\"target\":[\"https:\/\/www.sonoraenequipo.com.mx\/balanza-comercial-registro-deficit-de-us-1844-millones-en-febrero\/#respond\"]}]},{\"@type\":\"WebPage\",\"@id\":\"https:\/\/www.sonoraenequipo.com.mx\/balanza-comercial-registro-deficit-de-us-1844-millones-en-febrero\/\",\"url\":\"https:\/\/www.sonoraenequipo.com.mx\/balanza-comercial-registro-deficit-de-us-1844-millones-en-febrero\/\",\"name\":\"Sonora en Equipo. Balanza comercial registr\u00f3 d\u00e9ficit de US$ 1844 millones en febrero PALABRAS Y N\u00daMEROS\",\"isPartOf\":{\"@id\":\"https:\/\/www.sonoraenequipo.com.mx\/#website\"},\"primaryImageOfPage\":{\"@id\":\"https:\/\/www.sonoraenequipo.com.mx\/balanza-comercial-registro-deficit-de-us-1844-millones-en-febrero\/#primaryimage\"},\"image\":{\"@id\":\"https:\/\/www.sonoraenequipo.com.mx\/balanza-comercial-registro-deficit-de-us-1844-millones-en-febrero\/#primaryimage\"},\"thumbnailUrl\":\"https:\/\/www.sonoraenequipo.com.mx\/storage\/2023\/03\/balanza-comercial.jpg\",\"datePublished\":\"2023-03-27T19:35:53+00:00\",\"description\":\"&nbsp; En febrero de 2023, de acuerdo con la informaci\u00f3n oportuna de comercio exterior, se registr\u00f3 un d\u00e9ficit comercial de 1 844 millones de d\u00f3lares, En Sonora en Equipo publicamos toda la informaci\u00f3n de Sonora, M\u00e9xico y el Mundo de manera oportuna y busca que la libertad de expresi\u00f3n sea real. Visita nuestro medio informativo publicado desde Hermosillo, Sonora. %\",\"breadcrumb\":{\"@id\":\"https:\/\/www.sonoraenequipo.com.mx\/balanza-comercial-registro-deficit-de-us-1844-millones-en-febrero\/#breadcrumb\"},\"inLanguage\":\"es\",\"potentialAction\":[{\"@type\":\"ReadAction\",\"target\":[\"https:\/\/www.sonoraenequipo.com.mx\/balanza-comercial-registro-deficit-de-us-1844-millones-en-febrero\/\"]}]},{\"@type\":\"ImageObject\",\"inLanguage\":\"es\",\"@id\":\"https:\/\/www.sonoraenequipo.com.mx\/balanza-comercial-registro-deficit-de-us-1844-millones-en-febrero\/#primaryimage\",\"url\":\"https:\/\/www.sonoraenequipo.com.mx\/storage\/2023\/03\/balanza-comercial.jpg\",\"contentUrl\":\"https:\/\/www.sonoraenequipo.com.mx\/storage\/2023\/03\/balanza-comercial.jpg\",\"width\":600,\"height\":400},{\"@type\":\"BreadcrumbList\",\"@id\":\"https:\/\/www.sonoraenequipo.com.mx\/balanza-comercial-registro-deficit-de-us-1844-millones-en-febrero\/#breadcrumb\",\"itemListElement\":[{\"@type\":\"ListItem\",\"position\":1,\"name\":\"Portada\",\"item\":\"https:\/\/www.sonoraenequipo.com.mx\/\"},{\"@type\":\"ListItem\",\"position\":2,\"name\":\"Balanza comercial registr\u00f3 d\u00e9ficit de US$ 1844 millones en febrero\"}]},{\"@type\":\"WebSite\",\"@id\":\"https:\/\/www.sonoraenequipo.com.mx\/#website\",\"url\":\"https:\/\/www.sonoraenequipo.com.mx\/\",\"name\":\"Sonora en Equipo.\",\"description\":\"Diario en l\u00ednea con Noticias desde Hermosillo, Sonora\",\"publisher\":{\"@id\":\"https:\/\/www.sonoraenequipo.com.mx\/#organization\"},\"potentialAction\":[{\"@type\":\"SearchAction\",\"target\":{\"@type\":\"EntryPoint\",\"urlTemplate\":\"https:\/\/www.sonoraenequipo.com.mx\/?s={search_term_string}\"},\"query-input\":{\"@type\":\"PropertyValueSpecification\",\"valueRequired\":true,\"valueName\":\"search_term_string\"}}],\"inLanguage\":\"es\"},{\"@type\":\"Organization\",\"@id\":\"https:\/\/www.sonoraenequipo.com.mx\/#organization\",\"name\":\"Sonoraenequipo.com.mx\",\"url\":\"https:\/\/www.sonoraenequipo.com.mx\/\",\"logo\":{\"@type\":\"ImageObject\",\"inLanguage\":\"es\",\"@id\":\"https:\/\/www.sonoraenequipo.com.mx\/#\/schema\/logo\/image\/\",\"url\":\"https:\/\/www.sonoraenequipo.com.mx\/storage\/2019\/01\/sonoraenequipo_opt.png\",\"contentUrl\":\"https:\/\/www.sonoraenequipo.com.mx\/storage\/2019\/01\/sonoraenequipo_opt.png\",\"width\":375,\"height\":125,\"caption\":\"Sonoraenequipo.com.mx\"},\"image\":{\"@id\":\"https:\/\/www.sonoraenequipo.com.mx\/#\/schema\/logo\/image\/\"},\"sameAs\":[\"https:\/\/www.facebook.com\/SonoraEE\/\",\"https:\/\/x.com\/sonoraenequipo\",\"https:\/\/www.youtube.com\/channel\/UC338nW-lPEYmJQs4ZABQ1SQ\"]},{\"@type\":\"Person\",\"@id\":\"https:\/\/www.sonoraenequipo.com.mx\/#\/schema\/person\/50102df0fb23a8fa9e8effad8fa81386\",\"name\":\"enequipo\",\"image\":{\"@type\":\"ImageObject\",\"inLanguage\":\"es\",\"@id\":\"https:\/\/www.sonoraenequipo.com.mx\/#\/schema\/person\/image\/\",\"url\":\"https:\/\/secure.gravatar.com\/avatar\/049821681b589dabc0bc20695993ccebb09f5b5d4d790cd9251b97faac7c652b?s=96&d=blank&r=g\",\"contentUrl\":\"https:\/\/secure.gravatar.com\/avatar\/049821681b589dabc0bc20695993ccebb09f5b5d4d790cd9251b97faac7c652b?s=96&d=blank&r=g\",\"caption\":\"enequipo\"},\"sameAs\":[\"https:\/\/www.facebook.com\/SonoraEE\"]}]}<\/script>\n ","yoast_head_json":{"title":"Sonora en Equipo. Balanza comercial registr\u00f3 d\u00e9ficit de US$ 1844 millones en febrero PALABRAS Y N\u00daMEROS","description":"&nbsp; En febrero de 2023, de acuerdo con la informaci\u00f3n oportuna de comercio exterior, se registr\u00f3 un d\u00e9ficit comercial de 1 844 millones de d\u00f3lares, En Sonora en Equipo publicamos toda la informaci\u00f3n de Sonora, M\u00e9xico y el Mundo de manera oportuna y busca que la libertad de expresi\u00f3n sea real. Visita nuestro medio informativo publicado desde Hermosillo, Sonora. %","robots":{"index":"index","follow":"follow","max-snippet":"max-snippet:-1","max-image-preview":"max-image-preview:large","max-video-preview":"max-video-preview:-1"},"canonical":"https:\/\/www.sonoraenequipo.com.mx\/balanza-comercial-registro-deficit-de-us-1844-millones-en-febrero\/","og_locale":"es_ES","og_type":"article","og_title":"Sonora en Equipo. Balanza comercial registr\u00f3 d\u00e9ficit de US$ 1844 millones en febrero PALABRAS Y N\u00daMEROS","og_description":"&nbsp; En febrero de 2023, de acuerdo con la informaci\u00f3n oportuna de comercio exterior, se registr\u00f3 un d\u00e9ficit comercial de 1 844 millones de d\u00f3lares, En Sonora en Equipo publicamos toda la informaci\u00f3n de Sonora, M\u00e9xico y el Mundo de manera oportuna y busca que la libertad de expresi\u00f3n sea real. Visita nuestro medio informativo publicado desde Hermosillo, Sonora. %","og_url":"https:\/\/www.sonoraenequipo.com.mx\/balanza-comercial-registro-deficit-de-us-1844-millones-en-febrero\/","og_site_name":"Sonora en Equipo.","article_publisher":"https:\/\/www.facebook.com\/SonoraEE\/","article_author":"https:\/\/www.facebook.com\/SonoraEE","article_published_time":"2023-03-27T19:35:53+00:00","og_image":[{"width":600,"height":400,"url":"https:\/\/www.sonoraenequipo.com.mx\/storage\/2023\/03\/balanza-comercial.jpg","type":"image\/jpeg"}],"author":"enequipo","twitter_card":"summary_large_image","twitter_creator":"@sonoraenequipo","twitter_site":"@sonoraenequipo","twitter_misc":{"Escrito por":"enequipo","Tiempo de lectura":"2 minutos"},"schema":{"@context":"https:\/\/schema.org","@graph":[{"@type":"Article","@id":"https:\/\/www.sonoraenequipo.com.mx\/balanza-comercial-registro-deficit-de-us-1844-millones-en-febrero\/#article","isPartOf":{"@id":"https:\/\/www.sonoraenequipo.com.mx\/balanza-comercial-registro-deficit-de-us-1844-millones-en-febrero\/"},"author":{"name":"enequipo","@id":"https:\/\/www.sonoraenequipo.com.mx\/#\/schema\/person\/50102df0fb23a8fa9e8effad8fa81386"},"headline":"Balanza comercial registr\u00f3 d\u00e9ficit de US$ 1844 millones en febrero","datePublished":"2023-03-27T19:35:53+00:00","mainEntityOfPage":{"@id":"https:\/\/www.sonoraenequipo.com.mx\/balanza-comercial-registro-deficit-de-us-1844-millones-en-febrero\/"},"wordCount":363,"commentCount":0,"publisher":{"@id":"https:\/\/www.sonoraenequipo.com.mx\/#organization"},"image":{"@id":"https:\/\/www.sonoraenequipo.com.mx\/balanza-comercial-registro-deficit-de-us-1844-millones-en-febrero\/#primaryimage"},"thumbnailUrl":"https:\/\/www.sonoraenequipo.com.mx\/storage\/2023\/03\/balanza-comercial.jpg","keywords":["balanza comercial","mexico"],"articleSection":["PALABRAS Y N\u00daMEROS"],"inLanguage":"es","potentialAction":[{"@type":"CommentAction","name":"Comment","target":["https:\/\/www.sonoraenequipo.com.mx\/balanza-comercial-registro-deficit-de-us-1844-millones-en-febrero\/#respond"]}]},{"@type":"WebPage","@id":"https:\/\/www.sonoraenequipo.com.mx\/balanza-comercial-registro-deficit-de-us-1844-millones-en-febrero\/","url":"https:\/\/www.sonoraenequipo.com.mx\/balanza-comercial-registro-deficit-de-us-1844-millones-en-febrero\/","name":"Sonora en Equipo. Balanza comercial registr\u00f3 d\u00e9ficit de US$ 1844 millones en febrero PALABRAS Y N\u00daMEROS","isPartOf":{"@id":"https:\/\/www.sonoraenequipo.com.mx\/#website"},"primaryImageOfPage":{"@id":"https:\/\/www.sonoraenequipo.com.mx\/balanza-comercial-registro-deficit-de-us-1844-millones-en-febrero\/#primaryimage"},"image":{"@id":"https:\/\/www.sonoraenequipo.com.mx\/balanza-comercial-registro-deficit-de-us-1844-millones-en-febrero\/#primaryimage"},"thumbnailUrl":"https:\/\/www.sonoraenequipo.com.mx\/storage\/2023\/03\/balanza-comercial.jpg","datePublished":"2023-03-27T19:35:53+00:00","description":"&nbsp; En febrero de 2023, de acuerdo con la informaci\u00f3n oportuna de comercio exterior, se registr\u00f3 un d\u00e9ficit comercial de 1 844 millones de d\u00f3lares, En Sonora en Equipo publicamos toda la informaci\u00f3n de Sonora, M\u00e9xico y el Mundo de manera oportuna y busca que la libertad de expresi\u00f3n sea real. Visita nuestro medio informativo publicado desde Hermosillo, Sonora. %","breadcrumb":{"@id":"https:\/\/www.sonoraenequipo.com.mx\/balanza-comercial-registro-deficit-de-us-1844-millones-en-febrero\/#breadcrumb"},"inLanguage":"es","potentialAction":[{"@type":"ReadAction","target":["https:\/\/www.sonoraenequipo.com.mx\/balanza-comercial-registro-deficit-de-us-1844-millones-en-febrero\/"]}]},{"@type":"ImageObject","inLanguage":"es","@id":"https:\/\/www.sonoraenequipo.com.mx\/balanza-comercial-registro-deficit-de-us-1844-millones-en-febrero\/#primaryimage","url":"https:\/\/www.sonoraenequipo.com.mx\/storage\/2023\/03\/balanza-comercial.jpg","contentUrl":"https:\/\/www.sonoraenequipo.com.mx\/storage\/2023\/03\/balanza-comercial.jpg","width":600,"height":400},{"@type":"BreadcrumbList","@id":"https:\/\/www.sonoraenequipo.com.mx\/balanza-comercial-registro-deficit-de-us-1844-millones-en-febrero\/#breadcrumb","itemListElement":[{"@type":"ListItem","position":1,"name":"Portada","item":"https:\/\/www.sonoraenequipo.com.mx\/"},{"@type":"ListItem","position":2,"name":"Balanza comercial registr\u00f3 d\u00e9ficit de US$ 1844 millones en febrero"}]},{"@type":"WebSite","@id":"https:\/\/www.sonoraenequipo.com.mx\/#website","url":"https:\/\/www.sonoraenequipo.com.mx\/","name":"Sonora en Equipo.","description":"Diario en l\u00ednea con Noticias desde Hermosillo, Sonora","publisher":{"@id":"https:\/\/www.sonoraenequipo.com.mx\/#organization"},"potentialAction":[{"@type":"SearchAction","target":{"@type":"EntryPoint","urlTemplate":"https:\/\/www.sonoraenequipo.com.mx\/?s={search_term_string}"},"query-input":{"@type":"PropertyValueSpecification","valueRequired":true,"valueName":"search_term_string"}}],"inLanguage":"es"},{"@type":"Organization","@id":"https:\/\/www.sonoraenequipo.com.mx\/#organization","name":"Sonoraenequipo.com.mx","url":"https:\/\/www.sonoraenequipo.com.mx\/","logo":{"@type":"ImageObject","inLanguage":"es","@id":"https:\/\/www.sonoraenequipo.com.mx\/#\/schema\/logo\/image\/","url":"https:\/\/www.sonoraenequipo.com.mx\/storage\/2019\/01\/sonoraenequipo_opt.png","contentUrl":"https:\/\/www.sonoraenequipo.com.mx\/storage\/2019\/01\/sonoraenequipo_opt.png","width":375,"height":125,"caption":"Sonoraenequipo.com.mx"},"image":{"@id":"https:\/\/www.sonoraenequipo.com.mx\/#\/schema\/logo\/image\/"},"sameAs":["https:\/\/www.facebook.com\/SonoraEE\/","https:\/\/x.com\/sonoraenequipo","https:\/\/www.youtube.com\/channel\/UC338nW-lPEYmJQs4ZABQ1SQ"]},{"@type":"Person","@id":"https:\/\/www.sonoraenequipo.com.mx\/#\/schema\/person\/50102df0fb23a8fa9e8effad8fa81386","name":"enequipo","image":{"@type":"ImageObject","inLanguage":"es","@id":"https:\/\/www.sonoraenequipo.com.mx\/#\/schema\/person\/image\/","url":"https:\/\/secure.gravatar.com\/avatar\/049821681b589dabc0bc20695993ccebb09f5b5d4d790cd9251b97faac7c652b?s=96&d=blank&r=g","contentUrl":"https:\/\/secure.gravatar.com\/avatar\/049821681b589dabc0bc20695993ccebb09f5b5d4d790cd9251b97faac7c652b?s=96&d=blank&r=g","caption":"enequipo"},"sameAs":["https:\/\/www.facebook.com\/SonoraEE"]}]}},"jetpack_featured_media_url":"https:\/\/www.sonoraenequipo.com.mx\/storage\/2023\/03\/balanza-comercial.jpg","_links":{"self":[{"href":"https:\/\/www.sonoraenequipo.com.mx\/api\/wp\/v2\/posts\/161798","targetHints":{"allow":["GET"]}}],"collection":[{"href":"https:\/\/www.sonoraenequipo.com.mx\/api\/wp\/v2\/posts"}],"about":[{"href":"https:\/\/www.sonoraenequipo.com.mx\/api\/wp\/v2\/types\/post"}],"author":[{"embeddable":true,"href":"https:\/\/www.sonoraenequipo.com.mx\/api\/wp\/v2\/users\/1"}],"replies":[{"embeddable":true,"href":"https:\/\/www.sonoraenequipo.com.mx\/api\/wp\/v2\/comments?post=161798"}],"version-history":[{"count":1,"href":"https:\/\/www.sonoraenequipo.com.mx\/api\/wp\/v2\/posts\/161798\/revisions"}],"predecessor-version":[{"id":161800,"href":"https:\/\/www.sonoraenequipo.com.mx\/api\/wp\/v2\/posts\/161798\/revisions\/161800"}],"wp:featuredmedia":[{"embeddable":true,"href":"https:\/\/www.sonoraenequipo.com.mx\/api\/wp\/v2\/media\/161799"}],"wp:attachment":[{"href":"https:\/\/www.sonoraenequipo.com.mx\/api\/wp\/v2\/media?parent=161798"}],"wp:term":[{"taxonomy":"category","embeddable":true,"href":"https:\/\/www.sonoraenequipo.com.mx\/api\/wp\/v2\/categories?post=161798"},{"taxonomy":"post_tag","embeddable":true,"href":"https:\/\/www.sonoraenequipo.com.mx\/api\/wp\/v2\/tags?post=161798"}],"curies":[{"name":"wp","href":"https:\/\/api.w.org\/{rel}","templated":true}]}}