{"id":161818,"date":"2023-03-27T12:00:56","date_gmt":"2023-03-27T19:00:56","guid":{"rendered":"https:\/\/www.sonoraenequipo.com.mx\/?p=161818"},"modified":"2023-03-27T18:11:00","modified_gmt":"2023-03-28T01:11:00","slug":"abogado-de-garcia-cabeza-de-vaca-demanda-a-santiago-nieto-por-fabricacion-de-delitos","status":"publish","type":"post","link":"https:\/\/www.sonoraenequipo.com.mx\/abogado-de-garcia-cabeza-de-vaca-demanda-a-santiago-nieto-por-fabricacion-de-delitos\/","title":{"rendered":"Abogado de Garc\u00eda Cabeza de Vaca demanda a Santiago Nieto por fabricaci\u00f3n de delitos"},"content":{"rendered":"<p><strong>CIUDAD DE M\u00c9XICO. MX. \u2014<\/strong> Javier Coello Trejo, abogado del exgobernador panista de Tamaulipas, Francisco Javier Garc\u00eda Cabeza de Vaca, dijo que interpuso una denuncia contra el extitular de la Unidad de Inteligencia Financiera (UIF), Santiago Nieto, por la fabricaci\u00f3n de delitos.<\/p>\n<p>&nbsp;<\/p>\n<p> <\/p>\n<p>&nbsp;<\/p>\n<p>En conferencia de prensa, manifest\u00f3 que Santiago Nieto Castillo concentr\u00f3 su denuncia en hechos que no le constan.<\/p>\n<p>&nbsp;<\/p>\n<p>&nbsp;<\/p>\n<p><em><strong>\u201cNo pedimos un disculpa p\u00fablica, que se ejerza el c\u00f3digo penal federal\u2026 necesitamos ser muy claros o este pa\u00eds se va a derrumbar, queremos justicia\u201d<\/strong><\/em>, asever\u00f3 el litigante.<\/p>\n<p>&nbsp;<\/p>\n<p>&nbsp;<\/p>\n<p>PUBLICADO EL 27 DE MARZO 2023<\/p>\n","protected":false},"excerpt":{"rendered":"<p>CIUDAD DE M\u00c9XICO. MX. \u2014 Javier Coello Trejo, abogado del exgobernador panista de Tamaulipas, Francisco&#8230;<\/p>\n","protected":false},"author":1,"featured_media":161821,"comment_status":"open","ping_status":"open","sticky":false,"template":"","format":"standard","meta":{"_monsterinsights_skip_tracking":false,"_monsterinsights_sitenote_active":false,"_monsterinsights_sitenote_note":"","_monsterinsights_sitenote_category":0,"footnotes":""},"categories":[5],"tags":[],"class_list":["post"],"yoast_head":" \n<title>Sonora en Equipo. Abogado de Garc\u00eda Cabeza de Vaca demanda a Santiago Nieto por fabricaci\u00f3n de delitos<\/title>\n<meta name=\"description\" content=\"CIUDAD DE M\u00c9XICO. MX. \u2014 Javier Coello Trejo, abogado del exgobernador panista de Tamaulipas, Francisco Javier Garc\u00eda Cabeza de Vaca, dijo que interpuso En Sonora en Equipo publicamos toda la informaci\u00f3n de Sonora, M\u00e9xico y el Mundo de manera oportuna y busca que la libertad de expresi\u00f3n sea real. Visita nuestro medio informativo publicado desde Hermosillo, Sonora. %\" \/>\n<meta name=\"robots\" content=\"index, follow, max-snippet:-1, max-image-preview:large, max-video-preview:-1\" \/>\n<link rel=\"canonical\" href=\"https:\/\/www.sonoraenequipo.com.mx\/abogado-de-garcia-cabeza-de-vaca-demanda-a-santiago-nieto-por-fabricacion-de-delitos\/\" \/>\n<meta property=\"og:locale\" content=\"es_ES\" \/>\n<meta property=\"og:type\" content=\"article\" \/>\n<meta property=\"og:title\" content=\"Sonora en Equipo. Abogado de Garc\u00eda Cabeza de Vaca demanda a Santiago Nieto por fabricaci\u00f3n de delitos\" \/>\n<meta property=\"og:description\" content=\"CIUDAD DE M\u00c9XICO. MX. \u2014 Javier Coello Trejo, abogado del exgobernador panista de Tamaulipas, Francisco Javier Garc\u00eda Cabeza de Vaca, dijo que interpuso En Sonora en Equipo publicamos toda la informaci\u00f3n de Sonora, M\u00e9xico y el Mundo de manera oportuna y busca que la libertad de expresi\u00f3n sea real. Visita nuestro medio informativo publicado desde Hermosillo, Sonora. %\" \/>\n<meta property=\"og:url\" content=\"https:\/\/www.sonoraenequipo.com.mx\/abogado-de-garcia-cabeza-de-vaca-demanda-a-santiago-nieto-por-fabricacion-de-delitos\/\" \/>\n<meta property=\"og:site_name\" content=\"Sonora en Equipo.\" \/>\n<meta property=\"article:publisher\" content=\"https:\/\/www.facebook.com\/SonoraEE\/\" \/>\n<meta property=\"article:author\" content=\"https:\/\/www.facebook.com\/SonoraEE\" \/>\n<meta property=\"article:published_time\" content=\"2023-03-27T19:00:56+00:00\" \/>\n<meta property=\"article:modified_time\" content=\"2023-03-28T01:11:00+00:00\" \/>\n<meta property=\"og:image\" content=\"https:\/\/www.sonoraenequipo.com.mx\/storage\/2023\/03\/santiago-nieto-min.jpg\" \/>\n\t<meta property=\"og:image:width\" content=\"900\" \/>\n\t<meta property=\"og:image:height\" content=\"544\" \/>\n\t<meta property=\"og:image:type\" content=\"image\/jpeg\" \/>\n<meta name=\"author\" content=\"enequipo\" \/>\n<meta name=\"twitter:card\" content=\"summary_large_image\" \/>\n<meta name=\"twitter:creator\" content=\"@sonoraenequipo\" \/>\n<meta name=\"twitter:site\" content=\"@sonoraenequipo\" \/>\n<meta name=\"twitter:label1\" content=\"Escrito por\" \/>\n\t<meta name=\"twitter:data1\" content=\"enequipo\" \/>\n\t<meta name=\"twitter:label2\" content=\"Tiempo de lectura\" \/>\n\t<meta name=\"twitter:data2\" content=\"1 minuto\" \/>\n<script type=\"application\/ld+json\" class=\"yoast-schema-graph\">{\"@context\":\"https:\/\/schema.org\",\"@graph\":[{\"@type\":\"Article\",\"@id\":\"https:\/\/www.sonoraenequipo.com.mx\/abogado-de-garcia-cabeza-de-vaca-demanda-a-santiago-nieto-por-fabricacion-de-delitos\/#article\",\"isPartOf\":{\"@id\":\"https:\/\/www.sonoraenequipo.com.mx\/abogado-de-garcia-cabeza-de-vaca-demanda-a-santiago-nieto-por-fabricacion-de-delitos\/\"},\"author\":{\"name\":\"enequipo\",\"@id\":\"https:\/\/www.sonoraenequipo.com.mx\/#\/schema\/person\/50102df0fb23a8fa9e8effad8fa81386\"},\"headline\":\"Abogado de Garc\u00eda Cabeza de Vaca demanda a Santiago Nieto por fabricaci\u00f3n de delitos\",\"datePublished\":\"2023-03-27T19:00:56+00:00\",\"dateModified\":\"2023-03-28T01:11:00+00:00\",\"mainEntityOfPage\":{\"@id\":\"https:\/\/www.sonoraenequipo.com.mx\/abogado-de-garcia-cabeza-de-vaca-demanda-a-santiago-nieto-por-fabricacion-de-delitos\/\"},\"wordCount\":119,\"commentCount\":0,\"publisher\":{\"@id\":\"https:\/\/www.sonoraenequipo.com.mx\/#organization\"},\"image\":{\"@id\":\"https:\/\/www.sonoraenequipo.com.mx\/abogado-de-garcia-cabeza-de-vaca-demanda-a-santiago-nieto-por-fabricacion-de-delitos\/#primaryimage\"},\"thumbnailUrl\":\"https:\/\/www.sonoraenequipo.com.mx\/storage\/2023\/03\/santiago-nieto-min.jpg\",\"articleSection\":[\"Rep\u00fablica\"],\"inLanguage\":\"es\",\"potentialAction\":[{\"@type\":\"CommentAction\",\"name\":\"Comment\",\"target\":[\"https:\/\/www.sonoraenequipo.com.mx\/abogado-de-garcia-cabeza-de-vaca-demanda-a-santiago-nieto-por-fabricacion-de-delitos\/#respond\"]}]},{\"@type\":\"WebPage\",\"@id\":\"https:\/\/www.sonoraenequipo.com.mx\/abogado-de-garcia-cabeza-de-vaca-demanda-a-santiago-nieto-por-fabricacion-de-delitos\/\",\"url\":\"https:\/\/www.sonoraenequipo.com.mx\/abogado-de-garcia-cabeza-de-vaca-demanda-a-santiago-nieto-por-fabricacion-de-delitos\/\",\"name\":\"Sonora en Equipo. Abogado de Garc\u00eda Cabeza de Vaca demanda a Santiago Nieto por fabricaci\u00f3n de delitos\",\"isPartOf\":{\"@id\":\"https:\/\/www.sonoraenequipo.com.mx\/#website\"},\"primaryImageOfPage\":{\"@id\":\"https:\/\/www.sonoraenequipo.com.mx\/abogado-de-garcia-cabeza-de-vaca-demanda-a-santiago-nieto-por-fabricacion-de-delitos\/#primaryimage\"},\"image\":{\"@id\":\"https:\/\/www.sonoraenequipo.com.mx\/abogado-de-garcia-cabeza-de-vaca-demanda-a-santiago-nieto-por-fabricacion-de-delitos\/#primaryimage\"},\"thumbnailUrl\":\"https:\/\/www.sonoraenequipo.com.mx\/storage\/2023\/03\/santiago-nieto-min.jpg\",\"datePublished\":\"2023-03-27T19:00:56+00:00\",\"dateModified\":\"2023-03-28T01:11:00+00:00\",\"description\":\"CIUDAD DE M\u00c9XICO. MX. \u2014 Javier Coello Trejo, abogado del exgobernador panista de Tamaulipas, Francisco Javier Garc\u00eda Cabeza de Vaca, dijo que interpuso En Sonora en Equipo publicamos toda la informaci\u00f3n de Sonora, M\u00e9xico y el Mundo de manera oportuna y busca que la libertad de expresi\u00f3n sea real. Visita nuestro medio informativo publicado desde Hermosillo, Sonora. %\",\"breadcrumb\":{\"@id\":\"https:\/\/www.sonoraenequipo.com.mx\/abogado-de-garcia-cabeza-de-vaca-demanda-a-santiago-nieto-por-fabricacion-de-delitos\/#breadcrumb\"},\"inLanguage\":\"es\",\"potentialAction\":[{\"@type\":\"ReadAction\",\"target\":[\"https:\/\/www.sonoraenequipo.com.mx\/abogado-de-garcia-cabeza-de-vaca-demanda-a-santiago-nieto-por-fabricacion-de-delitos\/\"]}]},{\"@type\":\"ImageObject\",\"inLanguage\":\"es\",\"@id\":\"https:\/\/www.sonoraenequipo.com.mx\/abogado-de-garcia-cabeza-de-vaca-demanda-a-santiago-nieto-por-fabricacion-de-delitos\/#primaryimage\",\"url\":\"https:\/\/www.sonoraenequipo.com.mx\/storage\/2023\/03\/santiago-nieto-min.jpg\",\"contentUrl\":\"https:\/\/www.sonoraenequipo.com.mx\/storage\/2023\/03\/santiago-nieto-min.jpg\",\"width\":900,\"height\":544},{\"@type\":\"BreadcrumbList\",\"@id\":\"https:\/\/www.sonoraenequipo.com.mx\/abogado-de-garcia-cabeza-de-vaca-demanda-a-santiago-nieto-por-fabricacion-de-delitos\/#breadcrumb\",\"itemListElement\":[{\"@type\":\"ListItem\",\"position\":1,\"name\":\"Portada\",\"item\":\"https:\/\/www.sonoraenequipo.com.mx\/\"},{\"@type\":\"ListItem\",\"position\":2,\"name\":\"Abogado de Garc\u00eda Cabeza de Vaca demanda a Santiago Nieto por fabricaci\u00f3n de delitos\"}]},{\"@type\":\"WebSite\",\"@id\":\"https:\/\/www.sonoraenequipo.com.mx\/#website\",\"url\":\"https:\/\/www.sonoraenequipo.com.mx\/\",\"name\":\"Sonora en Equipo.\",\"description\":\"Diario en l\u00ednea con Noticias desde Hermosillo, Sonora\",\"publisher\":{\"@id\":\"https:\/\/www.sonoraenequipo.com.mx\/#organization\"},\"potentialAction\":[{\"@type\":\"SearchAction\",\"target\":{\"@type\":\"EntryPoint\",\"urlTemplate\":\"https:\/\/www.sonoraenequipo.com.mx\/?s={search_term_string}\"},\"query-input\":{\"@type\":\"PropertyValueSpecification\",\"valueRequired\":true,\"valueName\":\"search_term_string\"}}],\"inLanguage\":\"es\"},{\"@type\":\"Organization\",\"@id\":\"https:\/\/www.sonoraenequipo.com.mx\/#organization\",\"name\":\"Sonoraenequipo.com.mx\",\"url\":\"https:\/\/www.sonoraenequipo.com.mx\/\",\"logo\":{\"@type\":\"ImageObject\",\"inLanguage\":\"es\",\"@id\":\"https:\/\/www.sonoraenequipo.com.mx\/#\/schema\/logo\/image\/\",\"url\":\"https:\/\/www.sonoraenequipo.com.mx\/storage\/2019\/01\/sonoraenequipo_opt.png\",\"contentUrl\":\"https:\/\/www.sonoraenequipo.com.mx\/storage\/2019\/01\/sonoraenequipo_opt.png\",\"width\":375,\"height\":125,\"caption\":\"Sonoraenequipo.com.mx\"},\"image\":{\"@id\":\"https:\/\/www.sonoraenequipo.com.mx\/#\/schema\/logo\/image\/\"},\"sameAs\":[\"https:\/\/www.facebook.com\/SonoraEE\/\",\"https:\/\/x.com\/sonoraenequipo\",\"https:\/\/www.youtube.com\/channel\/UC338nW-lPEYmJQs4ZABQ1SQ\"]},{\"@type\":\"Person\",\"@id\":\"https:\/\/www.sonoraenequipo.com.mx\/#\/schema\/person\/50102df0fb23a8fa9e8effad8fa81386\",\"name\":\"enequipo\",\"image\":{\"@type\":\"ImageObject\",\"inLanguage\":\"es\",\"@id\":\"https:\/\/www.sonoraenequipo.com.mx\/#\/schema\/person\/image\/\",\"url\":\"https:\/\/secure.gravatar.com\/avatar\/049821681b589dabc0bc20695993ccebb09f5b5d4d790cd9251b97faac7c652b?s=96&d=blank&r=g\",\"contentUrl\":\"https:\/\/secure.gravatar.com\/avatar\/049821681b589dabc0bc20695993ccebb09f5b5d4d790cd9251b97faac7c652b?s=96&d=blank&r=g\",\"caption\":\"enequipo\"},\"sameAs\":[\"https:\/\/www.facebook.com\/SonoraEE\"]}]}<\/script>\n ","yoast_head_json":{"title":"Sonora en Equipo. Abogado de Garc\u00eda Cabeza de Vaca demanda a Santiago Nieto por fabricaci\u00f3n de delitos","description":"CIUDAD DE M\u00c9XICO. MX. \u2014 Javier Coello Trejo, abogado del exgobernador panista de Tamaulipas, Francisco Javier Garc\u00eda Cabeza de Vaca, dijo que interpuso En Sonora en Equipo publicamos toda la informaci\u00f3n de Sonora, M\u00e9xico y el Mundo de manera oportuna y busca que la libertad de expresi\u00f3n sea real. Visita nuestro medio informativo publicado desde Hermosillo, Sonora. %","robots":{"index":"index","follow":"follow","max-snippet":"max-snippet:-1","max-image-preview":"max-image-preview:large","max-video-preview":"max-video-preview:-1"},"canonical":"https:\/\/www.sonoraenequipo.com.mx\/abogado-de-garcia-cabeza-de-vaca-demanda-a-santiago-nieto-por-fabricacion-de-delitos\/","og_locale":"es_ES","og_type":"article","og_title":"Sonora en Equipo. Abogado de Garc\u00eda Cabeza de Vaca demanda a Santiago Nieto por fabricaci\u00f3n de delitos","og_description":"CIUDAD DE M\u00c9XICO. MX. \u2014 Javier Coello Trejo, abogado del exgobernador panista de Tamaulipas, Francisco Javier Garc\u00eda Cabeza de Vaca, dijo que interpuso En Sonora en Equipo publicamos toda la informaci\u00f3n de Sonora, M\u00e9xico y el Mundo de manera oportuna y busca que la libertad de expresi\u00f3n sea real. Visita nuestro medio informativo publicado desde Hermosillo, Sonora. %","og_url":"https:\/\/www.sonoraenequipo.com.mx\/abogado-de-garcia-cabeza-de-vaca-demanda-a-santiago-nieto-por-fabricacion-de-delitos\/","og_site_name":"Sonora en Equipo.","article_publisher":"https:\/\/www.facebook.com\/SonoraEE\/","article_author":"https:\/\/www.facebook.com\/SonoraEE","article_published_time":"2023-03-27T19:00:56+00:00","article_modified_time":"2023-03-28T01:11:00+00:00","og_image":[{"width":900,"height":544,"url":"https:\/\/www.sonoraenequipo.com.mx\/storage\/2023\/03\/santiago-nieto-min.jpg","type":"image\/jpeg"}],"author":"enequipo","twitter_card":"summary_large_image","twitter_creator":"@sonoraenequipo","twitter_site":"@sonoraenequipo","twitter_misc":{"Escrito por":"enequipo","Tiempo de lectura":"1 minuto"},"schema":{"@context":"https:\/\/schema.org","@graph":[{"@type":"Article","@id":"https:\/\/www.sonoraenequipo.com.mx\/abogado-de-garcia-cabeza-de-vaca-demanda-a-santiago-nieto-por-fabricacion-de-delitos\/#article","isPartOf":{"@id":"https:\/\/www.sonoraenequipo.com.mx\/abogado-de-garcia-cabeza-de-vaca-demanda-a-santiago-nieto-por-fabricacion-de-delitos\/"},"author":{"name":"enequipo","@id":"https:\/\/www.sonoraenequipo.com.mx\/#\/schema\/person\/50102df0fb23a8fa9e8effad8fa81386"},"headline":"Abogado de Garc\u00eda Cabeza de Vaca demanda a Santiago Nieto por fabricaci\u00f3n de delitos","datePublished":"2023-03-27T19:00:56+00:00","dateModified":"2023-03-28T01:11:00+00:00","mainEntityOfPage":{"@id":"https:\/\/www.sonoraenequipo.com.mx\/abogado-de-garcia-cabeza-de-vaca-demanda-a-santiago-nieto-por-fabricacion-de-delitos\/"},"wordCount":119,"commentCount":0,"publisher":{"@id":"https:\/\/www.sonoraenequipo.com.mx\/#organization"},"image":{"@id":"https:\/\/www.sonoraenequipo.com.mx\/abogado-de-garcia-cabeza-de-vaca-demanda-a-santiago-nieto-por-fabricacion-de-delitos\/#primaryimage"},"thumbnailUrl":"https:\/\/www.sonoraenequipo.com.mx\/storage\/2023\/03\/santiago-nieto-min.jpg","articleSection":["Rep\u00fablica"],"inLanguage":"es","potentialAction":[{"@type":"CommentAction","name":"Comment","target":["https:\/\/www.sonoraenequipo.com.mx\/abogado-de-garcia-cabeza-de-vaca-demanda-a-santiago-nieto-por-fabricacion-de-delitos\/#respond"]}]},{"@type":"WebPage","@id":"https:\/\/www.sonoraenequipo.com.mx\/abogado-de-garcia-cabeza-de-vaca-demanda-a-santiago-nieto-por-fabricacion-de-delitos\/","url":"https:\/\/www.sonoraenequipo.com.mx\/abogado-de-garcia-cabeza-de-vaca-demanda-a-santiago-nieto-por-fabricacion-de-delitos\/","name":"Sonora en Equipo. Abogado de Garc\u00eda Cabeza de Vaca demanda a Santiago Nieto por fabricaci\u00f3n de delitos","isPartOf":{"@id":"https:\/\/www.sonoraenequipo.com.mx\/#website"},"primaryImageOfPage":{"@id":"https:\/\/www.sonoraenequipo.com.mx\/abogado-de-garcia-cabeza-de-vaca-demanda-a-santiago-nieto-por-fabricacion-de-delitos\/#primaryimage"},"image":{"@id":"https:\/\/www.sonoraenequipo.com.mx\/abogado-de-garcia-cabeza-de-vaca-demanda-a-santiago-nieto-por-fabricacion-de-delitos\/#primaryimage"},"thumbnailUrl":"https:\/\/www.sonoraenequipo.com.mx\/storage\/2023\/03\/santiago-nieto-min.jpg","datePublished":"2023-03-27T19:00:56+00:00","dateModified":"2023-03-28T01:11:00+00:00","description":"CIUDAD DE M\u00c9XICO. MX. \u2014 Javier Coello Trejo, abogado del exgobernador panista de Tamaulipas, Francisco Javier Garc\u00eda Cabeza de Vaca, dijo que interpuso En Sonora en Equipo publicamos toda la informaci\u00f3n de Sonora, M\u00e9xico y el Mundo de manera oportuna y busca que la libertad de expresi\u00f3n sea real. Visita nuestro medio informativo publicado desde Hermosillo, Sonora. %","breadcrumb":{"@id":"https:\/\/www.sonoraenequipo.com.mx\/abogado-de-garcia-cabeza-de-vaca-demanda-a-santiago-nieto-por-fabricacion-de-delitos\/#breadcrumb"},"inLanguage":"es","potentialAction":[{"@type":"ReadAction","target":["https:\/\/www.sonoraenequipo.com.mx\/abogado-de-garcia-cabeza-de-vaca-demanda-a-santiago-nieto-por-fabricacion-de-delitos\/"]}]},{"@type":"ImageObject","inLanguage":"es","@id":"https:\/\/www.sonoraenequipo.com.mx\/abogado-de-garcia-cabeza-de-vaca-demanda-a-santiago-nieto-por-fabricacion-de-delitos\/#primaryimage","url":"https:\/\/www.sonoraenequipo.com.mx\/storage\/2023\/03\/santiago-nieto-min.jpg","contentUrl":"https:\/\/www.sonoraenequipo.com.mx\/storage\/2023\/03\/santiago-nieto-min.jpg","width":900,"height":544},{"@type":"BreadcrumbList","@id":"https:\/\/www.sonoraenequipo.com.mx\/abogado-de-garcia-cabeza-de-vaca-demanda-a-santiago-nieto-por-fabricacion-de-delitos\/#breadcrumb","itemListElement":[{"@type":"ListItem","position":1,"name":"Portada","item":"https:\/\/www.sonoraenequipo.com.mx\/"},{"@type":"ListItem","position":2,"name":"Abogado de Garc\u00eda Cabeza de Vaca demanda a Santiago Nieto por fabricaci\u00f3n de delitos"}]},{"@type":"WebSite","@id":"https:\/\/www.sonoraenequipo.com.mx\/#website","url":"https:\/\/www.sonoraenequipo.com.mx\/","name":"Sonora en Equipo.","description":"Diario en l\u00ednea con Noticias desde Hermosillo, Sonora","publisher":{"@id":"https:\/\/www.sonoraenequipo.com.mx\/#organization"},"potentialAction":[{"@type":"SearchAction","target":{"@type":"EntryPoint","urlTemplate":"https:\/\/www.sonoraenequipo.com.mx\/?s={search_term_string}"},"query-input":{"@type":"PropertyValueSpecification","valueRequired":true,"valueName":"search_term_string"}}],"inLanguage":"es"},{"@type":"Organization","@id":"https:\/\/www.sonoraenequipo.com.mx\/#organization","name":"Sonoraenequipo.com.mx","url":"https:\/\/www.sonoraenequipo.com.mx\/","logo":{"@type":"ImageObject","inLanguage":"es","@id":"https:\/\/www.sonoraenequipo.com.mx\/#\/schema\/logo\/image\/","url":"https:\/\/www.sonoraenequipo.com.mx\/storage\/2019\/01\/sonoraenequipo_opt.png","contentUrl":"https:\/\/www.sonoraenequipo.com.mx\/storage\/2019\/01\/sonoraenequipo_opt.png","width":375,"height":125,"caption":"Sonoraenequipo.com.mx"},"image":{"@id":"https:\/\/www.sonoraenequipo.com.mx\/#\/schema\/logo\/image\/"},"sameAs":["https:\/\/www.facebook.com\/SonoraEE\/","https:\/\/x.com\/sonoraenequipo","https:\/\/www.youtube.com\/channel\/UC338nW-lPEYmJQs4ZABQ1SQ"]},{"@type":"Person","@id":"https:\/\/www.sonoraenequipo.com.mx\/#\/schema\/person\/50102df0fb23a8fa9e8effad8fa81386","name":"enequipo","image":{"@type":"ImageObject","inLanguage":"es","@id":"https:\/\/www.sonoraenequipo.com.mx\/#\/schema\/person\/image\/","url":"https:\/\/secure.gravatar.com\/avatar\/049821681b589dabc0bc20695993ccebb09f5b5d4d790cd9251b97faac7c652b?s=96&d=blank&r=g","contentUrl":"https:\/\/secure.gravatar.com\/avatar\/049821681b589dabc0bc20695993ccebb09f5b5d4d790cd9251b97faac7c652b?s=96&d=blank&r=g","caption":"enequipo"},"sameAs":["https:\/\/www.facebook.com\/SonoraEE"]}]}},"jetpack_featured_media_url":"https:\/\/www.sonoraenequipo.com.mx\/storage\/2023\/03\/santiago-nieto-min.jpg","_links":{"self":[{"href":"https:\/\/www.sonoraenequipo.com.mx\/api\/wp\/v2\/posts\/161818","targetHints":{"allow":["GET"]}}],"collection":[{"href":"https:\/\/www.sonoraenequipo.com.mx\/api\/wp\/v2\/posts"}],"about":[{"href":"https:\/\/www.sonoraenequipo.com.mx\/api\/wp\/v2\/types\/post"}],"author":[{"embeddable":true,"href":"https:\/\/www.sonoraenequipo.com.mx\/api\/wp\/v2\/users\/1"}],"replies":[{"embeddable":true,"href":"https:\/\/www.sonoraenequipo.com.mx\/api\/wp\/v2\/comments?post=161818"}],"version-history":[{"count":1,"href":"https:\/\/www.sonoraenequipo.com.mx\/api\/wp\/v2\/posts\/161818\/revisions"}],"predecessor-version":[{"id":161823,"href":"https:\/\/www.sonoraenequipo.com.mx\/api\/wp\/v2\/posts\/161818\/revisions\/161823"}],"wp:featuredmedia":[{"embeddable":true,"href":"https:\/\/www.sonoraenequipo.com.mx\/api\/wp\/v2\/media\/161821"}],"wp:attachment":[{"href":"https:\/\/www.sonoraenequipo.com.mx\/api\/wp\/v2\/media?parent=161818"}],"wp:term":[{"taxonomy":"category","embeddable":true,"href":"https:\/\/www.sonoraenequipo.com.mx\/api\/wp\/v2\/categories?post=161818"},{"taxonomy":"post_tag","embeddable":true,"href":"https:\/\/www.sonoraenequipo.com.mx\/api\/wp\/v2\/tags?post=161818"}],"curies":[{"name":"wp","href":"https:\/\/api.w.org\/{rel}","templated":true}]}}