{"id":162319,"date":"2023-04-03T14:57:34","date_gmt":"2023-04-03T21:57:34","guid":{"rendered":"https:\/\/www.sonoraenequipo.com.mx\/?p=162319"},"modified":"2023-04-03T14:57:34","modified_gmt":"2023-04-03T21:57:34","slug":"aprueba-congreso-de-sonora-renuncia-de-guadalupe-taddei-como-comisionada-presidenta-del-istai","status":"publish","type":"post","link":"https:\/\/www.sonoraenequipo.com.mx\/aprueba-congreso-de-sonora-renuncia-de-guadalupe-taddei-como-comisionada-presidenta-del-istai\/","title":{"rendered":"Aprueba Congreso de Sonora renuncia de Guadalupe Taddei como Comisionada Presidenta del ISTAI"},"content":{"rendered":"<p>&nbsp;<\/p>\n<p>&nbsp;<\/p>\n<p>&nbsp;<\/p>\n<p>&nbsp;<\/p>\n<p><strong>HERMOSILLO, SONORA,MX.<\/strong><strong>\u2500\u2500<\/strong> El Congreso del Estado aprob\u00f3 esta ma\u00f1ana la renuncia presentada por la ciudadana Guadalupe Taddei Zavala, al cargo de Comisionada Presidenta del Instituto Sonorense de Transparencia, Acceso a la Informaci\u00f3n P\u00fablica y Protecci\u00f3n de Datos Personales, ISTAI.<\/p>\n<p>&nbsp;<\/p>\n<p>&nbsp;<\/p>\n<p>&nbsp;<\/p>\n<p>La iniciativa con punto de Acuerdo fue presentada por la Comisi\u00f3n de R\u00e9gimen Interno y Concertaci\u00f3n Pol\u00edtica, en la cual tambi\u00e9n establece hacer del conocimiento a la ciudadana Rebeca Fernanda L\u00f3pez Aguirre, en su calidad de Comisionada Suplente, el contenido de la resoluci\u00f3n, a efecto de que rinda la protesta de Ley ante los integrantes del Pleno del referido Instituto.<\/p>\n<p>&nbsp;<\/p>\n<p>&nbsp;<\/p>\n<p>&nbsp;<\/p>\n<p>De conformidad con lo dispuesto por el Art\u00edculo 157 de la Constituci\u00f3n Pol\u00edtica del Estado de Sonora, L\u00f3pez Aguirre deber\u00e1 asumir como Comisionada Presidenta Interina, en sustituci\u00f3n de la ciudadana Guadalupe Taddei Zavala, hasta que rinda protesta la persona que habr\u00e1 de ejercer el cargo de manera definitiva, conforme a los art\u00edculos 48 y 51 de la Ley de Transparencia y Acceso a la Informaci\u00f3n P\u00fablica del Estado de Sonora, establece el punto segundo del Acuerdo.<\/p>\n<p>&nbsp;<\/p>\n<p>&nbsp;<\/p>\n<p>&nbsp;<\/p>\n<p>En el punto tercero se establece que, el Congreso del Estado de Sonora, dentro de un plazo de diez d\u00edas h\u00e1biles a partir de la aprobaci\u00f3n del Acuerdo, deber\u00e1 emitir una convocatoria para nombrar a la persona que habr\u00e1 de ocupar el cargo de Comisionado Presidente del Instituto Sonorense de Transparencia, Acceso a la Informaci\u00f3n P\u00fablica y Protecci\u00f3n de Datos Personales, por un periodo de siete a\u00f1os a partir de la toma de protesta respectiva que habr\u00e1 de realizar ante el Poder Legislativo.<\/p>\n<p>&nbsp;<\/p>\n<p>&nbsp;<\/p>\n<p>&nbsp;<\/p>\n<p>La diputada Natalia Rivera Grijalva propuso modificar el punto segundo del Acuerdo, por considerar que la ciudadana Rebeca Fernanda L\u00f3pez Aguirre, Comisionada Suplente, debe asumir como Comisionada Propietaria por el periodo establecido en la Ley de Transparencia, que es de siete a\u00f1os y que no se emita una convocatoria para nombrar un nuevo Comisionado.<\/p>\n<p>&nbsp;<\/p>\n<p>&nbsp;<\/p>\n<p>&nbsp;<\/p>\n<p>Agreg\u00f3 que la figura de Comisionado Presidente Interino no existe en la legislaci\u00f3n y por lo tanto se estar\u00eda violentando el principio de legalidad. La propuesta no recibi\u00f3 los votos suficientes y el Acuerdo, tal y como se present\u00f3 ante el Pleno, fue aprobado por mayor\u00eda.<\/p>\n<p>&nbsp;<\/p>\n<p>&nbsp;<\/p>\n<p>&nbsp;<\/p>\n<p>Los grupos parlamentarios de MORENA, Partido Encuentro Solidario, Partido del Trabajo y Nueva Alianza Sonora, dieron a conocer su postura por la designaci\u00f3n de la ciudadana Guadalupe Taddei Zavala, como Consejera Presidenta del Instituto Nacional Electoral; reconocieron su trayectoria en el \u00e1mbito electoral y confiaron que har\u00e1 un gran papel al frente del m\u00e1ximo \u00f3rgano electoral en el pa\u00eds.<\/p>\n<p>&nbsp;<\/p>\n<p><strong><em><u>Fecha de publicaci\u00f3n\u00a0 lunes 3 de abril de 2023 con informaci\u00f3n de boletines<\/u><\/em><\/strong><\/p>\n","protected":false},"excerpt":{"rendered":"<p>&nbsp; &nbsp; &nbsp; &nbsp; HERMOSILLO, SONORA,MX.\u2500\u2500 El Congreso del Estado aprob\u00f3 esta ma\u00f1ana la renuncia&#8230;<\/p>\n","protected":false},"author":1,"featured_media":162320,"comment_status":"open","ping_status":"open","sticky":false,"template":"","format":"standard","meta":{"_monsterinsights_skip_tracking":false,"_monsterinsights_sitenote_active":false,"_monsterinsights_sitenote_note":"","_monsterinsights_sitenote_category":0,"footnotes":""},"categories":[3281],"tags":[8388,1247,3256],"class_list":["post"],"yoast_head":" \n<title>Sonora en Equipo. Aprueba Congreso de Sonora renuncia de Guadalupe Taddei como Comisionada Presidenta del ISTAI Congreso<\/title>\n<meta name=\"description\" content=\"&nbsp; &nbsp; &nbsp; &nbsp; HERMOSILLO, SONORA,MX.\u2500\u2500 El Congreso del Estado aprob\u00f3 esta ma\u00f1ana la renuncia presentada por la ciudadana Guadalupe Taddei En Sonora en Equipo publicamos toda la informaci\u00f3n de Sonora, M\u00e9xico y el Mundo de manera oportuna y busca que la libertad de expresi\u00f3n sea real. Visita nuestro medio informativo publicado desde Hermosillo, Sonora. %\" \/>\n<meta name=\"robots\" content=\"index, follow, max-snippet:-1, max-image-preview:large, max-video-preview:-1\" \/>\n<link rel=\"canonical\" href=\"https:\/\/www.sonoraenequipo.com.mx\/aprueba-congreso-de-sonora-renuncia-de-guadalupe-taddei-como-comisionada-presidenta-del-istai\/\" \/>\n<meta property=\"og:locale\" content=\"es_ES\" \/>\n<meta property=\"og:type\" content=\"article\" \/>\n<meta property=\"og:title\" content=\"Sonora en Equipo. Aprueba Congreso de Sonora renuncia de Guadalupe Taddei como Comisionada Presidenta del ISTAI Congreso\" \/>\n<meta property=\"og:description\" content=\"&nbsp; &nbsp; &nbsp; &nbsp; HERMOSILLO, SONORA,MX.\u2500\u2500 El Congreso del Estado aprob\u00f3 esta ma\u00f1ana la renuncia presentada por la ciudadana Guadalupe Taddei En Sonora en Equipo publicamos toda la informaci\u00f3n de Sonora, M\u00e9xico y el Mundo de manera oportuna y busca que la libertad de expresi\u00f3n sea real. Visita nuestro medio informativo publicado desde Hermosillo, Sonora. %\" \/>\n<meta property=\"og:url\" content=\"https:\/\/www.sonoraenequipo.com.mx\/aprueba-congreso-de-sonora-renuncia-de-guadalupe-taddei-como-comisionada-presidenta-del-istai\/\" \/>\n<meta property=\"og:site_name\" content=\"Sonora en Equipo.\" \/>\n<meta property=\"article:publisher\" content=\"https:\/\/www.facebook.com\/SonoraEE\/\" \/>\n<meta property=\"article:author\" content=\"https:\/\/www.facebook.com\/SonoraEE\" \/>\n<meta property=\"article:published_time\" content=\"2023-04-03T21:57:34+00:00\" \/>\n<meta property=\"og:image\" content=\"https:\/\/www.sonoraenequipo.com.mx\/storage\/2023\/04\/gpe-taddei.jpg\" \/>\n\t<meta property=\"og:image:width\" content=\"600\" \/>\n\t<meta property=\"og:image:height\" content=\"400\" \/>\n\t<meta property=\"og:image:type\" content=\"image\/jpeg\" \/>\n<meta name=\"author\" content=\"enequipo\" \/>\n<meta name=\"twitter:card\" content=\"summary_large_image\" \/>\n<meta name=\"twitter:creator\" content=\"@sonoraenequipo\" \/>\n<meta name=\"twitter:site\" content=\"@sonoraenequipo\" \/>\n<meta name=\"twitter:label1\" content=\"Escrito por\" \/>\n\t<meta name=\"twitter:data1\" content=\"enequipo\" \/>\n\t<meta name=\"twitter:label2\" content=\"Tiempo de lectura\" \/>\n\t<meta name=\"twitter:data2\" content=\"2 minutos\" \/>\n<script type=\"application\/ld+json\" class=\"yoast-schema-graph\">{\"@context\":\"https:\/\/schema.org\",\"@graph\":[{\"@type\":\"Article\",\"@id\":\"https:\/\/www.sonoraenequipo.com.mx\/aprueba-congreso-de-sonora-renuncia-de-guadalupe-taddei-como-comisionada-presidenta-del-istai\/#article\",\"isPartOf\":{\"@id\":\"https:\/\/www.sonoraenequipo.com.mx\/aprueba-congreso-de-sonora-renuncia-de-guadalupe-taddei-como-comisionada-presidenta-del-istai\/\"},\"author\":{\"name\":\"enequipo\",\"@id\":\"https:\/\/www.sonoraenequipo.com.mx\/#\/schema\/person\/50102df0fb23a8fa9e8effad8fa81386\"},\"headline\":\"Aprueba Congreso de Sonora renuncia de Guadalupe Taddei como Comisionada Presidenta del ISTAI\",\"datePublished\":\"2023-04-03T21:57:34+00:00\",\"mainEntityOfPage\":{\"@id\":\"https:\/\/www.sonoraenequipo.com.mx\/aprueba-congreso-de-sonora-renuncia-de-guadalupe-taddei-como-comisionada-presidenta-del-istai\/\"},\"wordCount\":498,\"commentCount\":0,\"publisher\":{\"@id\":\"https:\/\/www.sonoraenequipo.com.mx\/#organization\"},\"image\":{\"@id\":\"https:\/\/www.sonoraenequipo.com.mx\/aprueba-congreso-de-sonora-renuncia-de-guadalupe-taddei-como-comisionada-presidenta-del-istai\/#primaryimage\"},\"thumbnailUrl\":\"https:\/\/www.sonoraenequipo.com.mx\/storage\/2023\/04\/gpe-taddei.jpg\",\"keywords\":[\"guadalupe Taddei\",\"INE\",\"istai\"],\"articleSection\":[\"Congreso\"],\"inLanguage\":\"es\",\"potentialAction\":[{\"@type\":\"CommentAction\",\"name\":\"Comment\",\"target\":[\"https:\/\/www.sonoraenequipo.com.mx\/aprueba-congreso-de-sonora-renuncia-de-guadalupe-taddei-como-comisionada-presidenta-del-istai\/#respond\"]}]},{\"@type\":\"WebPage\",\"@id\":\"https:\/\/www.sonoraenequipo.com.mx\/aprueba-congreso-de-sonora-renuncia-de-guadalupe-taddei-como-comisionada-presidenta-del-istai\/\",\"url\":\"https:\/\/www.sonoraenequipo.com.mx\/aprueba-congreso-de-sonora-renuncia-de-guadalupe-taddei-como-comisionada-presidenta-del-istai\/\",\"name\":\"Sonora en Equipo. Aprueba Congreso de Sonora renuncia de Guadalupe Taddei como Comisionada Presidenta del ISTAI Congreso\",\"isPartOf\":{\"@id\":\"https:\/\/www.sonoraenequipo.com.mx\/#website\"},\"primaryImageOfPage\":{\"@id\":\"https:\/\/www.sonoraenequipo.com.mx\/aprueba-congreso-de-sonora-renuncia-de-guadalupe-taddei-como-comisionada-presidenta-del-istai\/#primaryimage\"},\"image\":{\"@id\":\"https:\/\/www.sonoraenequipo.com.mx\/aprueba-congreso-de-sonora-renuncia-de-guadalupe-taddei-como-comisionada-presidenta-del-istai\/#primaryimage\"},\"thumbnailUrl\":\"https:\/\/www.sonoraenequipo.com.mx\/storage\/2023\/04\/gpe-taddei.jpg\",\"datePublished\":\"2023-04-03T21:57:34+00:00\",\"description\":\"&nbsp; &nbsp; &nbsp; &nbsp; HERMOSILLO, SONORA,MX.\u2500\u2500 El Congreso del Estado aprob\u00f3 esta ma\u00f1ana la renuncia presentada por la ciudadana Guadalupe Taddei En Sonora en Equipo publicamos toda la informaci\u00f3n de Sonora, M\u00e9xico y el Mundo de manera oportuna y busca que la libertad de expresi\u00f3n sea real. Visita nuestro medio informativo publicado desde Hermosillo, Sonora. %\",\"breadcrumb\":{\"@id\":\"https:\/\/www.sonoraenequipo.com.mx\/aprueba-congreso-de-sonora-renuncia-de-guadalupe-taddei-como-comisionada-presidenta-del-istai\/#breadcrumb\"},\"inLanguage\":\"es\",\"potentialAction\":[{\"@type\":\"ReadAction\",\"target\":[\"https:\/\/www.sonoraenequipo.com.mx\/aprueba-congreso-de-sonora-renuncia-de-guadalupe-taddei-como-comisionada-presidenta-del-istai\/\"]}]},{\"@type\":\"ImageObject\",\"inLanguage\":\"es\",\"@id\":\"https:\/\/www.sonoraenequipo.com.mx\/aprueba-congreso-de-sonora-renuncia-de-guadalupe-taddei-como-comisionada-presidenta-del-istai\/#primaryimage\",\"url\":\"https:\/\/www.sonoraenequipo.com.mx\/storage\/2023\/04\/gpe-taddei.jpg\",\"contentUrl\":\"https:\/\/www.sonoraenequipo.com.mx\/storage\/2023\/04\/gpe-taddei.jpg\",\"width\":600,\"height\":400,\"caption\":\"Guadalupe Taddei\"},{\"@type\":\"BreadcrumbList\",\"@id\":\"https:\/\/www.sonoraenequipo.com.mx\/aprueba-congreso-de-sonora-renuncia-de-guadalupe-taddei-como-comisionada-presidenta-del-istai\/#breadcrumb\",\"itemListElement\":[{\"@type\":\"ListItem\",\"position\":1,\"name\":\"Portada\",\"item\":\"https:\/\/www.sonoraenequipo.com.mx\/\"},{\"@type\":\"ListItem\",\"position\":2,\"name\":\"Aprueba Congreso de Sonora renuncia de Guadalupe Taddei como Comisionada Presidenta del ISTAI\"}]},{\"@type\":\"WebSite\",\"@id\":\"https:\/\/www.sonoraenequipo.com.mx\/#website\",\"url\":\"https:\/\/www.sonoraenequipo.com.mx\/\",\"name\":\"Sonora en Equipo.\",\"description\":\"Diario en l\u00ednea con Noticias desde Hermosillo, Sonora\",\"publisher\":{\"@id\":\"https:\/\/www.sonoraenequipo.com.mx\/#organization\"},\"potentialAction\":[{\"@type\":\"SearchAction\",\"target\":{\"@type\":\"EntryPoint\",\"urlTemplate\":\"https:\/\/www.sonoraenequipo.com.mx\/?s={search_term_string}\"},\"query-input\":{\"@type\":\"PropertyValueSpecification\",\"valueRequired\":true,\"valueName\":\"search_term_string\"}}],\"inLanguage\":\"es\"},{\"@type\":\"Organization\",\"@id\":\"https:\/\/www.sonoraenequipo.com.mx\/#organization\",\"name\":\"Sonoraenequipo.com.mx\",\"url\":\"https:\/\/www.sonoraenequipo.com.mx\/\",\"logo\":{\"@type\":\"ImageObject\",\"inLanguage\":\"es\",\"@id\":\"https:\/\/www.sonoraenequipo.com.mx\/#\/schema\/logo\/image\/\",\"url\":\"https:\/\/www.sonoraenequipo.com.mx\/storage\/2019\/01\/sonoraenequipo_opt.png\",\"contentUrl\":\"https:\/\/www.sonoraenequipo.com.mx\/storage\/2019\/01\/sonoraenequipo_opt.png\",\"width\":375,\"height\":125,\"caption\":\"Sonoraenequipo.com.mx\"},\"image\":{\"@id\":\"https:\/\/www.sonoraenequipo.com.mx\/#\/schema\/logo\/image\/\"},\"sameAs\":[\"https:\/\/www.facebook.com\/SonoraEE\/\",\"https:\/\/x.com\/sonoraenequipo\",\"https:\/\/www.youtube.com\/channel\/UC338nW-lPEYmJQs4ZABQ1SQ\"]},{\"@type\":\"Person\",\"@id\":\"https:\/\/www.sonoraenequipo.com.mx\/#\/schema\/person\/50102df0fb23a8fa9e8effad8fa81386\",\"name\":\"enequipo\",\"image\":{\"@type\":\"ImageObject\",\"inLanguage\":\"es\",\"@id\":\"https:\/\/www.sonoraenequipo.com.mx\/#\/schema\/person\/image\/\",\"url\":\"https:\/\/secure.gravatar.com\/avatar\/049821681b589dabc0bc20695993ccebb09f5b5d4d790cd9251b97faac7c652b?s=96&d=blank&r=g\",\"contentUrl\":\"https:\/\/secure.gravatar.com\/avatar\/049821681b589dabc0bc20695993ccebb09f5b5d4d790cd9251b97faac7c652b?s=96&d=blank&r=g\",\"caption\":\"enequipo\"},\"sameAs\":[\"https:\/\/www.facebook.com\/SonoraEE\"]}]}<\/script>\n ","yoast_head_json":{"title":"Sonora en Equipo. Aprueba Congreso de Sonora renuncia de Guadalupe Taddei como Comisionada Presidenta del ISTAI Congreso","description":"&nbsp; &nbsp; &nbsp; &nbsp; HERMOSILLO, SONORA,MX.\u2500\u2500 El Congreso del Estado aprob\u00f3 esta ma\u00f1ana la renuncia presentada por la ciudadana Guadalupe Taddei En Sonora en Equipo publicamos toda la informaci\u00f3n de Sonora, M\u00e9xico y el Mundo de manera oportuna y busca que la libertad de expresi\u00f3n sea real. Visita nuestro medio informativo publicado desde Hermosillo, Sonora. %","robots":{"index":"index","follow":"follow","max-snippet":"max-snippet:-1","max-image-preview":"max-image-preview:large","max-video-preview":"max-video-preview:-1"},"canonical":"https:\/\/www.sonoraenequipo.com.mx\/aprueba-congreso-de-sonora-renuncia-de-guadalupe-taddei-como-comisionada-presidenta-del-istai\/","og_locale":"es_ES","og_type":"article","og_title":"Sonora en Equipo. Aprueba Congreso de Sonora renuncia de Guadalupe Taddei como Comisionada Presidenta del ISTAI Congreso","og_description":"&nbsp; &nbsp; &nbsp; &nbsp; HERMOSILLO, SONORA,MX.\u2500\u2500 El Congreso del Estado aprob\u00f3 esta ma\u00f1ana la renuncia presentada por la ciudadana Guadalupe Taddei En Sonora en Equipo publicamos toda la informaci\u00f3n de Sonora, M\u00e9xico y el Mundo de manera oportuna y busca que la libertad de expresi\u00f3n sea real. Visita nuestro medio informativo publicado desde Hermosillo, Sonora. %","og_url":"https:\/\/www.sonoraenequipo.com.mx\/aprueba-congreso-de-sonora-renuncia-de-guadalupe-taddei-como-comisionada-presidenta-del-istai\/","og_site_name":"Sonora en Equipo.","article_publisher":"https:\/\/www.facebook.com\/SonoraEE\/","article_author":"https:\/\/www.facebook.com\/SonoraEE","article_published_time":"2023-04-03T21:57:34+00:00","og_image":[{"width":600,"height":400,"url":"https:\/\/www.sonoraenequipo.com.mx\/storage\/2023\/04\/gpe-taddei.jpg","type":"image\/jpeg"}],"author":"enequipo","twitter_card":"summary_large_image","twitter_creator":"@sonoraenequipo","twitter_site":"@sonoraenequipo","twitter_misc":{"Escrito por":"enequipo","Tiempo de lectura":"2 minutos"},"schema":{"@context":"https:\/\/schema.org","@graph":[{"@type":"Article","@id":"https:\/\/www.sonoraenequipo.com.mx\/aprueba-congreso-de-sonora-renuncia-de-guadalupe-taddei-como-comisionada-presidenta-del-istai\/#article","isPartOf":{"@id":"https:\/\/www.sonoraenequipo.com.mx\/aprueba-congreso-de-sonora-renuncia-de-guadalupe-taddei-como-comisionada-presidenta-del-istai\/"},"author":{"name":"enequipo","@id":"https:\/\/www.sonoraenequipo.com.mx\/#\/schema\/person\/50102df0fb23a8fa9e8effad8fa81386"},"headline":"Aprueba Congreso de Sonora renuncia de Guadalupe Taddei como Comisionada Presidenta del ISTAI","datePublished":"2023-04-03T21:57:34+00:00","mainEntityOfPage":{"@id":"https:\/\/www.sonoraenequipo.com.mx\/aprueba-congreso-de-sonora-renuncia-de-guadalupe-taddei-como-comisionada-presidenta-del-istai\/"},"wordCount":498,"commentCount":0,"publisher":{"@id":"https:\/\/www.sonoraenequipo.com.mx\/#organization"},"image":{"@id":"https:\/\/www.sonoraenequipo.com.mx\/aprueba-congreso-de-sonora-renuncia-de-guadalupe-taddei-como-comisionada-presidenta-del-istai\/#primaryimage"},"thumbnailUrl":"https:\/\/www.sonoraenequipo.com.mx\/storage\/2023\/04\/gpe-taddei.jpg","keywords":["guadalupe Taddei","INE","istai"],"articleSection":["Congreso"],"inLanguage":"es","potentialAction":[{"@type":"CommentAction","name":"Comment","target":["https:\/\/www.sonoraenequipo.com.mx\/aprueba-congreso-de-sonora-renuncia-de-guadalupe-taddei-como-comisionada-presidenta-del-istai\/#respond"]}]},{"@type":"WebPage","@id":"https:\/\/www.sonoraenequipo.com.mx\/aprueba-congreso-de-sonora-renuncia-de-guadalupe-taddei-como-comisionada-presidenta-del-istai\/","url":"https:\/\/www.sonoraenequipo.com.mx\/aprueba-congreso-de-sonora-renuncia-de-guadalupe-taddei-como-comisionada-presidenta-del-istai\/","name":"Sonora en Equipo. Aprueba Congreso de Sonora renuncia de Guadalupe Taddei como Comisionada Presidenta del ISTAI Congreso","isPartOf":{"@id":"https:\/\/www.sonoraenequipo.com.mx\/#website"},"primaryImageOfPage":{"@id":"https:\/\/www.sonoraenequipo.com.mx\/aprueba-congreso-de-sonora-renuncia-de-guadalupe-taddei-como-comisionada-presidenta-del-istai\/#primaryimage"},"image":{"@id":"https:\/\/www.sonoraenequipo.com.mx\/aprueba-congreso-de-sonora-renuncia-de-guadalupe-taddei-como-comisionada-presidenta-del-istai\/#primaryimage"},"thumbnailUrl":"https:\/\/www.sonoraenequipo.com.mx\/storage\/2023\/04\/gpe-taddei.jpg","datePublished":"2023-04-03T21:57:34+00:00","description":"&nbsp; &nbsp; &nbsp; &nbsp; HERMOSILLO, SONORA,MX.\u2500\u2500 El Congreso del Estado aprob\u00f3 esta ma\u00f1ana la renuncia presentada por la ciudadana Guadalupe Taddei En Sonora en Equipo publicamos toda la informaci\u00f3n de Sonora, M\u00e9xico y el Mundo de manera oportuna y busca que la libertad de expresi\u00f3n sea real. Visita nuestro medio informativo publicado desde Hermosillo, Sonora. %","breadcrumb":{"@id":"https:\/\/www.sonoraenequipo.com.mx\/aprueba-congreso-de-sonora-renuncia-de-guadalupe-taddei-como-comisionada-presidenta-del-istai\/#breadcrumb"},"inLanguage":"es","potentialAction":[{"@type":"ReadAction","target":["https:\/\/www.sonoraenequipo.com.mx\/aprueba-congreso-de-sonora-renuncia-de-guadalupe-taddei-como-comisionada-presidenta-del-istai\/"]}]},{"@type":"ImageObject","inLanguage":"es","@id":"https:\/\/www.sonoraenequipo.com.mx\/aprueba-congreso-de-sonora-renuncia-de-guadalupe-taddei-como-comisionada-presidenta-del-istai\/#primaryimage","url":"https:\/\/www.sonoraenequipo.com.mx\/storage\/2023\/04\/gpe-taddei.jpg","contentUrl":"https:\/\/www.sonoraenequipo.com.mx\/storage\/2023\/04\/gpe-taddei.jpg","width":600,"height":400,"caption":"Guadalupe Taddei"},{"@type":"BreadcrumbList","@id":"https:\/\/www.sonoraenequipo.com.mx\/aprueba-congreso-de-sonora-renuncia-de-guadalupe-taddei-como-comisionada-presidenta-del-istai\/#breadcrumb","itemListElement":[{"@type":"ListItem","position":1,"name":"Portada","item":"https:\/\/www.sonoraenequipo.com.mx\/"},{"@type":"ListItem","position":2,"name":"Aprueba Congreso de Sonora renuncia de Guadalupe Taddei como Comisionada Presidenta del ISTAI"}]},{"@type":"WebSite","@id":"https:\/\/www.sonoraenequipo.com.mx\/#website","url":"https:\/\/www.sonoraenequipo.com.mx\/","name":"Sonora en Equipo.","description":"Diario en l\u00ednea con Noticias desde Hermosillo, Sonora","publisher":{"@id":"https:\/\/www.sonoraenequipo.com.mx\/#organization"},"potentialAction":[{"@type":"SearchAction","target":{"@type":"EntryPoint","urlTemplate":"https:\/\/www.sonoraenequipo.com.mx\/?s={search_term_string}"},"query-input":{"@type":"PropertyValueSpecification","valueRequired":true,"valueName":"search_term_string"}}],"inLanguage":"es"},{"@type":"Organization","@id":"https:\/\/www.sonoraenequipo.com.mx\/#organization","name":"Sonoraenequipo.com.mx","url":"https:\/\/www.sonoraenequipo.com.mx\/","logo":{"@type":"ImageObject","inLanguage":"es","@id":"https:\/\/www.sonoraenequipo.com.mx\/#\/schema\/logo\/image\/","url":"https:\/\/www.sonoraenequipo.com.mx\/storage\/2019\/01\/sonoraenequipo_opt.png","contentUrl":"https:\/\/www.sonoraenequipo.com.mx\/storage\/2019\/01\/sonoraenequipo_opt.png","width":375,"height":125,"caption":"Sonoraenequipo.com.mx"},"image":{"@id":"https:\/\/www.sonoraenequipo.com.mx\/#\/schema\/logo\/image\/"},"sameAs":["https:\/\/www.facebook.com\/SonoraEE\/","https:\/\/x.com\/sonoraenequipo","https:\/\/www.youtube.com\/channel\/UC338nW-lPEYmJQs4ZABQ1SQ"]},{"@type":"Person","@id":"https:\/\/www.sonoraenequipo.com.mx\/#\/schema\/person\/50102df0fb23a8fa9e8effad8fa81386","name":"enequipo","image":{"@type":"ImageObject","inLanguage":"es","@id":"https:\/\/www.sonoraenequipo.com.mx\/#\/schema\/person\/image\/","url":"https:\/\/secure.gravatar.com\/avatar\/049821681b589dabc0bc20695993ccebb09f5b5d4d790cd9251b97faac7c652b?s=96&d=blank&r=g","contentUrl":"https:\/\/secure.gravatar.com\/avatar\/049821681b589dabc0bc20695993ccebb09f5b5d4d790cd9251b97faac7c652b?s=96&d=blank&r=g","caption":"enequipo"},"sameAs":["https:\/\/www.facebook.com\/SonoraEE"]}]}},"jetpack_featured_media_url":"https:\/\/www.sonoraenequipo.com.mx\/storage\/2023\/04\/gpe-taddei.jpg","_links":{"self":[{"href":"https:\/\/www.sonoraenequipo.com.mx\/api\/wp\/v2\/posts\/162319","targetHints":{"allow":["GET"]}}],"collection":[{"href":"https:\/\/www.sonoraenequipo.com.mx\/api\/wp\/v2\/posts"}],"about":[{"href":"https:\/\/www.sonoraenequipo.com.mx\/api\/wp\/v2\/types\/post"}],"author":[{"embeddable":true,"href":"https:\/\/www.sonoraenequipo.com.mx\/api\/wp\/v2\/users\/1"}],"replies":[{"embeddable":true,"href":"https:\/\/www.sonoraenequipo.com.mx\/api\/wp\/v2\/comments?post=162319"}],"version-history":[{"count":1,"href":"https:\/\/www.sonoraenequipo.com.mx\/api\/wp\/v2\/posts\/162319\/revisions"}],"predecessor-version":[{"id":162321,"href":"https:\/\/www.sonoraenequipo.com.mx\/api\/wp\/v2\/posts\/162319\/revisions\/162321"}],"wp:featuredmedia":[{"embeddable":true,"href":"https:\/\/www.sonoraenequipo.com.mx\/api\/wp\/v2\/media\/162320"}],"wp:attachment":[{"href":"https:\/\/www.sonoraenequipo.com.mx\/api\/wp\/v2\/media?parent=162319"}],"wp:term":[{"taxonomy":"category","embeddable":true,"href":"https:\/\/www.sonoraenequipo.com.mx\/api\/wp\/v2\/categories?post=162319"},{"taxonomy":"post_tag","embeddable":true,"href":"https:\/\/www.sonoraenequipo.com.mx\/api\/wp\/v2\/tags?post=162319"}],"curies":[{"name":"wp","href":"https:\/\/api.w.org\/{rel}","templated":true}]}}