{"id":162326,"date":"2023-04-03T15:51:22","date_gmt":"2023-04-03T22:51:22","guid":{"rendered":"https:\/\/www.sonoraenequipo.com.mx\/?p=162326"},"modified":"2023-04-03T16:17:09","modified_gmt":"2023-04-03T23:17:09","slug":"la-nasa-revela-los-astronautas-que-viajaran-alrededor-de-la-luna-en-2024","status":"publish","type":"post","link":"https:\/\/www.sonoraenequipo.com.mx\/la-nasa-revela-los-astronautas-que-viajaran-alrededor-de-la-luna-en-2024\/","title":{"rendered":"La NASA revela los astronautas que viajar\u00e1n alrededor de la Luna en 2024"},"content":{"rendered":"<p><strong><em>ESTADOS UNIDOS.<\/em> <\/strong>\u2014 Tres astronautas estadounidenses -entre ellos una mujer y un afroamericano- y uno canadiense volar\u00e1n alrededor de la Luna a fines de 2024 en la misi\u00f3n Artemis II, anunci\u00f3 el lunes la NASA, en el reinicio de viajes a este sat\u00e9lite despu\u00e9s de medio siglo.<\/p>\n<p>&nbsp;<\/p>\n<p> <\/p>\n<p>&nbsp;<\/p>\n<p>Los tres astronautas de la NASA, Reid Wiseman (comandante), Victor Glover (piloto, afroamericano) y Christina Koch, nombrados para la misi\u00f3n Artemis II han pasado tiempo en la Estaci\u00f3n Espacial Internacional (ISS), mientras que Jeremy Hansen, de la Agencia Espacial Canadiense (CSA), realizar\u00e1 su primer vuelo al espacio.<\/p>\n<p>&nbsp;<\/p>\n<p>&nbsp;<\/p>\n<p>Koch, de 44 a\u00f1os, una ingeniera el\u00e9ctrica que particip\u00f3 en las primeras caminatas espaciales exclusivamente femeninas mientras estaba en la ISS, ser\u00e1 la primera mujer en volar alrededor de la Luna.<\/p>\n<p>&nbsp;<\/p>\n<p>&nbsp;<\/p>\n<p><em><strong>\u201c\u00bfEstoy emocionada? Absolutamente. Pero mi verdadera pregunta es: \u00bfEst\u00e1n emocionados? Y les pregunto porque me emociona que llevaremos su entusiasmo, sus aspiraciones, sus sue\u00f1os con nosotros en esta misi\u00f3n Artemis II, su misi\u00f3n\u201d,<\/strong> <\/em>dijo Koch ante una entusiasta audiencia en un hangar del aeropuerto Ellington, que sirve al centro espacial Johnson de la NASA en Houston, Texas.<\/p>\n<p>&nbsp;<\/p>\n<p>Como parte del programa Artemis, la NASA tiene como objetivo enviar astronautas a la superficie de la Luna en 2025, m\u00e1s de cinco d\u00e9cadas despu\u00e9s de que terminaran las hist\u00f3ricas misiones Apolo en 1972.<\/p>\n<p>&nbsp;<\/p>\n<p>&nbsp;<\/p>\n<p>La agencia espacial estadounidense espera establecer una presencia humana duradera en la superficie lunar en el mediano plazo y, finalmente, lanzar un viaje a Marte.<\/p>\n<p>&nbsp;<\/p>\n<p>PUBLICADO EL 03 DE ABRIL DE 2023<\/p>\n","protected":false},"excerpt":{"rendered":"<p>ESTADOS UNIDOS. \u2014 Tres astronautas estadounidenses -entre ellos una mujer y un afroamericano- y uno&#8230;<\/p>\n","protected":false},"author":1,"featured_media":162327,"comment_status":"open","ping_status":"open","sticky":false,"template":"","format":"standard","meta":{"_monsterinsights_skip_tracking":false,"_monsterinsights_sitenote_active":false,"_monsterinsights_sitenote_note":"","_monsterinsights_sitenote_category":0,"footnotes":""},"categories":[3],"tags":[],"class_list":["post"],"yoast_head":" \n<title>Sonora en Equipo. La NASA revela los astronautas que viajar\u00e1n alrededor de la Luna en 2024 MUNDO<\/title>\n<meta name=\"description\" content=\"ESTADOS UNIDOS. \u2014 Tres astronautas estadounidenses -entre ellos una mujer y un afroamericano- y uno canadiense volar\u00e1n alrededor de la Luna a fines de En Sonora en Equipo publicamos toda la informaci\u00f3n de Sonora, M\u00e9xico y el Mundo de manera oportuna y busca que la libertad de expresi\u00f3n sea real. Visita nuestro medio informativo publicado desde Hermosillo, Sonora. %\" \/>\n<meta name=\"robots\" content=\"index, follow, max-snippet:-1, max-image-preview:large, max-video-preview:-1\" \/>\n<link rel=\"canonical\" href=\"https:\/\/www.sonoraenequipo.com.mx\/la-nasa-revela-los-astronautas-que-viajaran-alrededor-de-la-luna-en-2024\/\" \/>\n<meta property=\"og:locale\" content=\"es_ES\" \/>\n<meta property=\"og:type\" content=\"article\" \/>\n<meta property=\"og:title\" content=\"Sonora en Equipo. La NASA revela los astronautas que viajar\u00e1n alrededor de la Luna en 2024 MUNDO\" \/>\n<meta property=\"og:description\" content=\"ESTADOS UNIDOS. \u2014 Tres astronautas estadounidenses -entre ellos una mujer y un afroamericano- y uno canadiense volar\u00e1n alrededor de la Luna a fines de En Sonora en Equipo publicamos toda la informaci\u00f3n de Sonora, M\u00e9xico y el Mundo de manera oportuna y busca que la libertad de expresi\u00f3n sea real. Visita nuestro medio informativo publicado desde Hermosillo, Sonora. %\" \/>\n<meta property=\"og:url\" content=\"https:\/\/www.sonoraenequipo.com.mx\/la-nasa-revela-los-astronautas-que-viajaran-alrededor-de-la-luna-en-2024\/\" \/>\n<meta property=\"og:site_name\" content=\"Sonora en Equipo.\" \/>\n<meta property=\"article:publisher\" content=\"https:\/\/www.facebook.com\/SonoraEE\/\" \/>\n<meta property=\"article:author\" content=\"https:\/\/www.facebook.com\/SonoraEE\" \/>\n<meta property=\"article:published_time\" content=\"2023-04-03T22:51:22+00:00\" \/>\n<meta property=\"article:modified_time\" content=\"2023-04-03T23:17:09+00:00\" \/>\n<meta property=\"og:image\" content=\"https:\/\/www.sonoraenequipo.com.mx\/storage\/2023\/04\/Astronautas-delviaje-a-la-luna-en-2024.jpeg\" \/>\n\t<meta property=\"og:image:width\" content=\"844\" \/>\n\t<meta property=\"og:image:height\" content=\"475\" \/>\n\t<meta property=\"og:image:type\" content=\"image\/jpeg\" \/>\n<meta name=\"author\" content=\"enequipo\" \/>\n<meta name=\"twitter:card\" content=\"summary_large_image\" \/>\n<meta name=\"twitter:creator\" content=\"@sonoraenequipo\" \/>\n<meta name=\"twitter:site\" content=\"@sonoraenequipo\" \/>\n<meta name=\"twitter:label1\" content=\"Escrito por\" \/>\n\t<meta name=\"twitter:data1\" content=\"enequipo\" \/>\n\t<meta name=\"twitter:label2\" content=\"Tiempo de lectura\" \/>\n\t<meta name=\"twitter:data2\" content=\"1 minuto\" \/>\n<script type=\"application\/ld+json\" class=\"yoast-schema-graph\">{\"@context\":\"https:\/\/schema.org\",\"@graph\":[{\"@type\":\"Article\",\"@id\":\"https:\/\/www.sonoraenequipo.com.mx\/la-nasa-revela-los-astronautas-que-viajaran-alrededor-de-la-luna-en-2024\/#article\",\"isPartOf\":{\"@id\":\"https:\/\/www.sonoraenequipo.com.mx\/la-nasa-revela-los-astronautas-que-viajaran-alrededor-de-la-luna-en-2024\/\"},\"author\":{\"name\":\"enequipo\",\"@id\":\"https:\/\/www.sonoraenequipo.com.mx\/#\/schema\/person\/50102df0fb23a8fa9e8effad8fa81386\"},\"headline\":\"La NASA revela los astronautas que viajar\u00e1n alrededor de la Luna en 2024\",\"datePublished\":\"2023-04-03T22:51:22+00:00\",\"dateModified\":\"2023-04-03T23:17:09+00:00\",\"mainEntityOfPage\":{\"@id\":\"https:\/\/www.sonoraenequipo.com.mx\/la-nasa-revela-los-astronautas-que-viajaran-alrededor-de-la-luna-en-2024\/\"},\"wordCount\":280,\"commentCount\":0,\"publisher\":{\"@id\":\"https:\/\/www.sonoraenequipo.com.mx\/#organization\"},\"image\":{\"@id\":\"https:\/\/www.sonoraenequipo.com.mx\/la-nasa-revela-los-astronautas-que-viajaran-alrededor-de-la-luna-en-2024\/#primaryimage\"},\"thumbnailUrl\":\"https:\/\/www.sonoraenequipo.com.mx\/storage\/2023\/04\/Astronautas-delviaje-a-la-luna-en-2024.jpeg\",\"articleSection\":[\"MUNDO\"],\"inLanguage\":\"es\",\"potentialAction\":[{\"@type\":\"CommentAction\",\"name\":\"Comment\",\"target\":[\"https:\/\/www.sonoraenequipo.com.mx\/la-nasa-revela-los-astronautas-que-viajaran-alrededor-de-la-luna-en-2024\/#respond\"]}]},{\"@type\":\"WebPage\",\"@id\":\"https:\/\/www.sonoraenequipo.com.mx\/la-nasa-revela-los-astronautas-que-viajaran-alrededor-de-la-luna-en-2024\/\",\"url\":\"https:\/\/www.sonoraenequipo.com.mx\/la-nasa-revela-los-astronautas-que-viajaran-alrededor-de-la-luna-en-2024\/\",\"name\":\"Sonora en Equipo. La NASA revela los astronautas que viajar\u00e1n alrededor de la Luna en 2024 MUNDO\",\"isPartOf\":{\"@id\":\"https:\/\/www.sonoraenequipo.com.mx\/#website\"},\"primaryImageOfPage\":{\"@id\":\"https:\/\/www.sonoraenequipo.com.mx\/la-nasa-revela-los-astronautas-que-viajaran-alrededor-de-la-luna-en-2024\/#primaryimage\"},\"image\":{\"@id\":\"https:\/\/www.sonoraenequipo.com.mx\/la-nasa-revela-los-astronautas-que-viajaran-alrededor-de-la-luna-en-2024\/#primaryimage\"},\"thumbnailUrl\":\"https:\/\/www.sonoraenequipo.com.mx\/storage\/2023\/04\/Astronautas-delviaje-a-la-luna-en-2024.jpeg\",\"datePublished\":\"2023-04-03T22:51:22+00:00\",\"dateModified\":\"2023-04-03T23:17:09+00:00\",\"description\":\"ESTADOS UNIDOS. \u2014 Tres astronautas estadounidenses -entre ellos una mujer y un afroamericano- y uno canadiense volar\u00e1n alrededor de la Luna a fines de En Sonora en Equipo publicamos toda la informaci\u00f3n de Sonora, M\u00e9xico y el Mundo de manera oportuna y busca que la libertad de expresi\u00f3n sea real. Visita nuestro medio informativo publicado desde Hermosillo, Sonora. %\",\"breadcrumb\":{\"@id\":\"https:\/\/www.sonoraenequipo.com.mx\/la-nasa-revela-los-astronautas-que-viajaran-alrededor-de-la-luna-en-2024\/#breadcrumb\"},\"inLanguage\":\"es\",\"potentialAction\":[{\"@type\":\"ReadAction\",\"target\":[\"https:\/\/www.sonoraenequipo.com.mx\/la-nasa-revela-los-astronautas-que-viajaran-alrededor-de-la-luna-en-2024\/\"]}]},{\"@type\":\"ImageObject\",\"inLanguage\":\"es\",\"@id\":\"https:\/\/www.sonoraenequipo.com.mx\/la-nasa-revela-los-astronautas-que-viajaran-alrededor-de-la-luna-en-2024\/#primaryimage\",\"url\":\"https:\/\/www.sonoraenequipo.com.mx\/storage\/2023\/04\/Astronautas-delviaje-a-la-luna-en-2024.jpeg\",\"contentUrl\":\"https:\/\/www.sonoraenequipo.com.mx\/storage\/2023\/04\/Astronautas-delviaje-a-la-luna-en-2024.jpeg\",\"width\":844,\"height\":475},{\"@type\":\"BreadcrumbList\",\"@id\":\"https:\/\/www.sonoraenequipo.com.mx\/la-nasa-revela-los-astronautas-que-viajaran-alrededor-de-la-luna-en-2024\/#breadcrumb\",\"itemListElement\":[{\"@type\":\"ListItem\",\"position\":1,\"name\":\"Portada\",\"item\":\"https:\/\/www.sonoraenequipo.com.mx\/\"},{\"@type\":\"ListItem\",\"position\":2,\"name\":\"La NASA revela los astronautas que viajar\u00e1n alrededor de la Luna en 2024\"}]},{\"@type\":\"WebSite\",\"@id\":\"https:\/\/www.sonoraenequipo.com.mx\/#website\",\"url\":\"https:\/\/www.sonoraenequipo.com.mx\/\",\"name\":\"Sonora en Equipo.\",\"description\":\"Diario en l\u00ednea con Noticias desde Hermosillo, Sonora\",\"publisher\":{\"@id\":\"https:\/\/www.sonoraenequipo.com.mx\/#organization\"},\"potentialAction\":[{\"@type\":\"SearchAction\",\"target\":{\"@type\":\"EntryPoint\",\"urlTemplate\":\"https:\/\/www.sonoraenequipo.com.mx\/?s={search_term_string}\"},\"query-input\":{\"@type\":\"PropertyValueSpecification\",\"valueRequired\":true,\"valueName\":\"search_term_string\"}}],\"inLanguage\":\"es\"},{\"@type\":\"Organization\",\"@id\":\"https:\/\/www.sonoraenequipo.com.mx\/#organization\",\"name\":\"Sonoraenequipo.com.mx\",\"url\":\"https:\/\/www.sonoraenequipo.com.mx\/\",\"logo\":{\"@type\":\"ImageObject\",\"inLanguage\":\"es\",\"@id\":\"https:\/\/www.sonoraenequipo.com.mx\/#\/schema\/logo\/image\/\",\"url\":\"https:\/\/www.sonoraenequipo.com.mx\/storage\/2019\/01\/sonoraenequipo_opt.png\",\"contentUrl\":\"https:\/\/www.sonoraenequipo.com.mx\/storage\/2019\/01\/sonoraenequipo_opt.png\",\"width\":375,\"height\":125,\"caption\":\"Sonoraenequipo.com.mx\"},\"image\":{\"@id\":\"https:\/\/www.sonoraenequipo.com.mx\/#\/schema\/logo\/image\/\"},\"sameAs\":[\"https:\/\/www.facebook.com\/SonoraEE\/\",\"https:\/\/x.com\/sonoraenequipo\",\"https:\/\/www.youtube.com\/channel\/UC338nW-lPEYmJQs4ZABQ1SQ\"]},{\"@type\":\"Person\",\"@id\":\"https:\/\/www.sonoraenequipo.com.mx\/#\/schema\/person\/50102df0fb23a8fa9e8effad8fa81386\",\"name\":\"enequipo\",\"image\":{\"@type\":\"ImageObject\",\"inLanguage\":\"es\",\"@id\":\"https:\/\/www.sonoraenequipo.com.mx\/#\/schema\/person\/image\/\",\"url\":\"https:\/\/secure.gravatar.com\/avatar\/049821681b589dabc0bc20695993ccebb09f5b5d4d790cd9251b97faac7c652b?s=96&d=blank&r=g\",\"contentUrl\":\"https:\/\/secure.gravatar.com\/avatar\/049821681b589dabc0bc20695993ccebb09f5b5d4d790cd9251b97faac7c652b?s=96&d=blank&r=g\",\"caption\":\"enequipo\"},\"sameAs\":[\"https:\/\/www.facebook.com\/SonoraEE\"]}]}<\/script>\n ","yoast_head_json":{"title":"Sonora en Equipo. La NASA revela los astronautas que viajar\u00e1n alrededor de la Luna en 2024 MUNDO","description":"ESTADOS UNIDOS. \u2014 Tres astronautas estadounidenses -entre ellos una mujer y un afroamericano- y uno canadiense volar\u00e1n alrededor de la Luna a fines de En Sonora en Equipo publicamos toda la informaci\u00f3n de Sonora, M\u00e9xico y el Mundo de manera oportuna y busca que la libertad de expresi\u00f3n sea real. Visita nuestro medio informativo publicado desde Hermosillo, Sonora. %","robots":{"index":"index","follow":"follow","max-snippet":"max-snippet:-1","max-image-preview":"max-image-preview:large","max-video-preview":"max-video-preview:-1"},"canonical":"https:\/\/www.sonoraenequipo.com.mx\/la-nasa-revela-los-astronautas-que-viajaran-alrededor-de-la-luna-en-2024\/","og_locale":"es_ES","og_type":"article","og_title":"Sonora en Equipo. La NASA revela los astronautas que viajar\u00e1n alrededor de la Luna en 2024 MUNDO","og_description":"ESTADOS UNIDOS. \u2014 Tres astronautas estadounidenses -entre ellos una mujer y un afroamericano- y uno canadiense volar\u00e1n alrededor de la Luna a fines de En Sonora en Equipo publicamos toda la informaci\u00f3n de Sonora, M\u00e9xico y el Mundo de manera oportuna y busca que la libertad de expresi\u00f3n sea real. Visita nuestro medio informativo publicado desde Hermosillo, Sonora. %","og_url":"https:\/\/www.sonoraenequipo.com.mx\/la-nasa-revela-los-astronautas-que-viajaran-alrededor-de-la-luna-en-2024\/","og_site_name":"Sonora en Equipo.","article_publisher":"https:\/\/www.facebook.com\/SonoraEE\/","article_author":"https:\/\/www.facebook.com\/SonoraEE","article_published_time":"2023-04-03T22:51:22+00:00","article_modified_time":"2023-04-03T23:17:09+00:00","og_image":[{"width":844,"height":475,"url":"https:\/\/www.sonoraenequipo.com.mx\/storage\/2023\/04\/Astronautas-delviaje-a-la-luna-en-2024.jpeg","type":"image\/jpeg"}],"author":"enequipo","twitter_card":"summary_large_image","twitter_creator":"@sonoraenequipo","twitter_site":"@sonoraenequipo","twitter_misc":{"Escrito por":"enequipo","Tiempo de lectura":"1 minuto"},"schema":{"@context":"https:\/\/schema.org","@graph":[{"@type":"Article","@id":"https:\/\/www.sonoraenequipo.com.mx\/la-nasa-revela-los-astronautas-que-viajaran-alrededor-de-la-luna-en-2024\/#article","isPartOf":{"@id":"https:\/\/www.sonoraenequipo.com.mx\/la-nasa-revela-los-astronautas-que-viajaran-alrededor-de-la-luna-en-2024\/"},"author":{"name":"enequipo","@id":"https:\/\/www.sonoraenequipo.com.mx\/#\/schema\/person\/50102df0fb23a8fa9e8effad8fa81386"},"headline":"La NASA revela los astronautas que viajar\u00e1n alrededor de la Luna en 2024","datePublished":"2023-04-03T22:51:22+00:00","dateModified":"2023-04-03T23:17:09+00:00","mainEntityOfPage":{"@id":"https:\/\/www.sonoraenequipo.com.mx\/la-nasa-revela-los-astronautas-que-viajaran-alrededor-de-la-luna-en-2024\/"},"wordCount":280,"commentCount":0,"publisher":{"@id":"https:\/\/www.sonoraenequipo.com.mx\/#organization"},"image":{"@id":"https:\/\/www.sonoraenequipo.com.mx\/la-nasa-revela-los-astronautas-que-viajaran-alrededor-de-la-luna-en-2024\/#primaryimage"},"thumbnailUrl":"https:\/\/www.sonoraenequipo.com.mx\/storage\/2023\/04\/Astronautas-delviaje-a-la-luna-en-2024.jpeg","articleSection":["MUNDO"],"inLanguage":"es","potentialAction":[{"@type":"CommentAction","name":"Comment","target":["https:\/\/www.sonoraenequipo.com.mx\/la-nasa-revela-los-astronautas-que-viajaran-alrededor-de-la-luna-en-2024\/#respond"]}]},{"@type":"WebPage","@id":"https:\/\/www.sonoraenequipo.com.mx\/la-nasa-revela-los-astronautas-que-viajaran-alrededor-de-la-luna-en-2024\/","url":"https:\/\/www.sonoraenequipo.com.mx\/la-nasa-revela-los-astronautas-que-viajaran-alrededor-de-la-luna-en-2024\/","name":"Sonora en Equipo. La NASA revela los astronautas que viajar\u00e1n alrededor de la Luna en 2024 MUNDO","isPartOf":{"@id":"https:\/\/www.sonoraenequipo.com.mx\/#website"},"primaryImageOfPage":{"@id":"https:\/\/www.sonoraenequipo.com.mx\/la-nasa-revela-los-astronautas-que-viajaran-alrededor-de-la-luna-en-2024\/#primaryimage"},"image":{"@id":"https:\/\/www.sonoraenequipo.com.mx\/la-nasa-revela-los-astronautas-que-viajaran-alrededor-de-la-luna-en-2024\/#primaryimage"},"thumbnailUrl":"https:\/\/www.sonoraenequipo.com.mx\/storage\/2023\/04\/Astronautas-delviaje-a-la-luna-en-2024.jpeg","datePublished":"2023-04-03T22:51:22+00:00","dateModified":"2023-04-03T23:17:09+00:00","description":"ESTADOS UNIDOS. \u2014 Tres astronautas estadounidenses -entre ellos una mujer y un afroamericano- y uno canadiense volar\u00e1n alrededor de la Luna a fines de En Sonora en Equipo publicamos toda la informaci\u00f3n de Sonora, M\u00e9xico y el Mundo de manera oportuna y busca que la libertad de expresi\u00f3n sea real. Visita nuestro medio informativo publicado desde Hermosillo, Sonora. %","breadcrumb":{"@id":"https:\/\/www.sonoraenequipo.com.mx\/la-nasa-revela-los-astronautas-que-viajaran-alrededor-de-la-luna-en-2024\/#breadcrumb"},"inLanguage":"es","potentialAction":[{"@type":"ReadAction","target":["https:\/\/www.sonoraenequipo.com.mx\/la-nasa-revela-los-astronautas-que-viajaran-alrededor-de-la-luna-en-2024\/"]}]},{"@type":"ImageObject","inLanguage":"es","@id":"https:\/\/www.sonoraenequipo.com.mx\/la-nasa-revela-los-astronautas-que-viajaran-alrededor-de-la-luna-en-2024\/#primaryimage","url":"https:\/\/www.sonoraenequipo.com.mx\/storage\/2023\/04\/Astronautas-delviaje-a-la-luna-en-2024.jpeg","contentUrl":"https:\/\/www.sonoraenequipo.com.mx\/storage\/2023\/04\/Astronautas-delviaje-a-la-luna-en-2024.jpeg","width":844,"height":475},{"@type":"BreadcrumbList","@id":"https:\/\/www.sonoraenequipo.com.mx\/la-nasa-revela-los-astronautas-que-viajaran-alrededor-de-la-luna-en-2024\/#breadcrumb","itemListElement":[{"@type":"ListItem","position":1,"name":"Portada","item":"https:\/\/www.sonoraenequipo.com.mx\/"},{"@type":"ListItem","position":2,"name":"La NASA revela los astronautas que viajar\u00e1n alrededor de la Luna en 2024"}]},{"@type":"WebSite","@id":"https:\/\/www.sonoraenequipo.com.mx\/#website","url":"https:\/\/www.sonoraenequipo.com.mx\/","name":"Sonora en Equipo.","description":"Diario en l\u00ednea con Noticias desde Hermosillo, Sonora","publisher":{"@id":"https:\/\/www.sonoraenequipo.com.mx\/#organization"},"potentialAction":[{"@type":"SearchAction","target":{"@type":"EntryPoint","urlTemplate":"https:\/\/www.sonoraenequipo.com.mx\/?s={search_term_string}"},"query-input":{"@type":"PropertyValueSpecification","valueRequired":true,"valueName":"search_term_string"}}],"inLanguage":"es"},{"@type":"Organization","@id":"https:\/\/www.sonoraenequipo.com.mx\/#organization","name":"Sonoraenequipo.com.mx","url":"https:\/\/www.sonoraenequipo.com.mx\/","logo":{"@type":"ImageObject","inLanguage":"es","@id":"https:\/\/www.sonoraenequipo.com.mx\/#\/schema\/logo\/image\/","url":"https:\/\/www.sonoraenequipo.com.mx\/storage\/2019\/01\/sonoraenequipo_opt.png","contentUrl":"https:\/\/www.sonoraenequipo.com.mx\/storage\/2019\/01\/sonoraenequipo_opt.png","width":375,"height":125,"caption":"Sonoraenequipo.com.mx"},"image":{"@id":"https:\/\/www.sonoraenequipo.com.mx\/#\/schema\/logo\/image\/"},"sameAs":["https:\/\/www.facebook.com\/SonoraEE\/","https:\/\/x.com\/sonoraenequipo","https:\/\/www.youtube.com\/channel\/UC338nW-lPEYmJQs4ZABQ1SQ"]},{"@type":"Person","@id":"https:\/\/www.sonoraenequipo.com.mx\/#\/schema\/person\/50102df0fb23a8fa9e8effad8fa81386","name":"enequipo","image":{"@type":"ImageObject","inLanguage":"es","@id":"https:\/\/www.sonoraenequipo.com.mx\/#\/schema\/person\/image\/","url":"https:\/\/secure.gravatar.com\/avatar\/049821681b589dabc0bc20695993ccebb09f5b5d4d790cd9251b97faac7c652b?s=96&d=blank&r=g","contentUrl":"https:\/\/secure.gravatar.com\/avatar\/049821681b589dabc0bc20695993ccebb09f5b5d4d790cd9251b97faac7c652b?s=96&d=blank&r=g","caption":"enequipo"},"sameAs":["https:\/\/www.facebook.com\/SonoraEE"]}]}},"jetpack_featured_media_url":"https:\/\/www.sonoraenequipo.com.mx\/storage\/2023\/04\/Astronautas-delviaje-a-la-luna-en-2024.jpeg","_links":{"self":[{"href":"https:\/\/www.sonoraenequipo.com.mx\/api\/wp\/v2\/posts\/162326","targetHints":{"allow":["GET"]}}],"collection":[{"href":"https:\/\/www.sonoraenequipo.com.mx\/api\/wp\/v2\/posts"}],"about":[{"href":"https:\/\/www.sonoraenequipo.com.mx\/api\/wp\/v2\/types\/post"}],"author":[{"embeddable":true,"href":"https:\/\/www.sonoraenequipo.com.mx\/api\/wp\/v2\/users\/1"}],"replies":[{"embeddable":true,"href":"https:\/\/www.sonoraenequipo.com.mx\/api\/wp\/v2\/comments?post=162326"}],"version-history":[{"count":1,"href":"https:\/\/www.sonoraenequipo.com.mx\/api\/wp\/v2\/posts\/162326\/revisions"}],"predecessor-version":[{"id":162328,"href":"https:\/\/www.sonoraenequipo.com.mx\/api\/wp\/v2\/posts\/162326\/revisions\/162328"}],"wp:featuredmedia":[{"embeddable":true,"href":"https:\/\/www.sonoraenequipo.com.mx\/api\/wp\/v2\/media\/162327"}],"wp:attachment":[{"href":"https:\/\/www.sonoraenequipo.com.mx\/api\/wp\/v2\/media?parent=162326"}],"wp:term":[{"taxonomy":"category","embeddable":true,"href":"https:\/\/www.sonoraenequipo.com.mx\/api\/wp\/v2\/categories?post=162326"},{"taxonomy":"post_tag","embeddable":true,"href":"https:\/\/www.sonoraenequipo.com.mx\/api\/wp\/v2\/tags?post=162326"}],"curies":[{"name":"wp","href":"https:\/\/api.w.org\/{rel}","templated":true}]}}