{"id":162362,"date":"2023-04-03T19:50:13","date_gmt":"2023-04-04T02:50:13","guid":{"rendered":"https:\/\/www.sonoraenequipo.com.mx\/?p=162362"},"modified":"2023-04-04T11:38:50","modified_gmt":"2023-04-04T18:38:50","slug":"juez-instructor-de-caso-de-mexicano-garcia-luna-acuerda-aplazar-sentencia-hasta-septiembre","status":"publish","type":"post","link":"https:\/\/www.sonoraenequipo.com.mx\/juez-instructor-de-caso-de-mexicano-garcia-luna-acuerda-aplazar-sentencia-hasta-septiembre\/","title":{"rendered":"Juez instructor de caso de mexicano Garc\u00eda Luna acuerda aplazar sentencia hasta septiembre"},"content":{"rendered":"<p><strong>NUEVA YORK, ESTADOS UNIDOS. \u2014<\/strong> El juez instructor del caso del exministro de Seguridad Interior de M\u00e9xico Genaro Garc\u00eda Luna, acord\u00f3 este lunes aplazar tres meses el anuncio de la sentencia despu\u00e9s de que la defensa pidiera m\u00e1s tiempo para analizar nuevas pruebas.<\/p>\n<p>&nbsp;<\/p>\n<p> <\/p>\n<p>&nbsp;<\/p>\n<p>Con los nuevos plazos, a los que se opon\u00eda la fiscal\u00eda, la sentencia se pospone hasta el 27 de septiembre, y no el 27 de junio, como anunci\u00f3 el juez Brian Cogan al t\u00e9rmino del juicio en el que un jurado declar\u00f3 culpable al exfuncionario de los cinco cargos -cuatro de narcotr\u00e1fico y uno de falsedad documental- de los que le acusaban las autoridades estadounidenses.<\/p>\n<p>&nbsp;<\/p>\n<p>&nbsp;<\/p>\n<p>En una carta fechada el 3 de abril, el abogado C\u00e9sar de Castro solicit\u00f3 al juez un <strong><em>\u201caplazamiento de tres meses\u201d<\/em><\/strong> en el calendario previsto hasta la sentencia, para permitir a la defensa \u201cseguir desarrollando pruebas\u201d a favor de su defendido.<\/p>\n<p>&nbsp;<\/p>\n<p>&nbsp;<\/p>\n<p>La defensa ten\u00eda 45 d\u00edas de plazo para apelar el fallo del jurado, que tambi\u00e9n ha sido prolongado hasta el 7 de julio y la respuesta de la fiscal\u00eda hasta el 18 de agosto.<\/p>\n<p>&nbsp;<\/p>\n<p>&nbsp;<\/p>\n<p>Desde el veredicto del 21 de febrero, \u201cvarios individuos, incluyendo ex agentes de la ley, se han puesto en contacto con nuevas pruebas potencialmente favorables a la defensa que podr\u00edan dar lugar a la presentaci\u00f3n de una moci\u00f3n\u201d para que se realice un nuevo juicio, asegura Castro.<\/p>\n<p>&nbsp;<\/p>\n<p>&nbsp;<\/p>\n<p><em><strong>\u201cDespu\u00e9s de todo, el gobierno no se ve perjudicado en modo alguno\u201d<\/strong><\/em>, pues Garc\u00eda Luna <em><strong>\u201cpermanecer\u00e1 detenido<\/strong><\/em>\u201d como lo ha estado desde que fue arrestado en diciembre de 2019 en Texas.<\/p>\n<p>&nbsp;<\/p>\n<p>&nbsp;<\/p>\n<p>Este ingeniero mec\u00e1nico de 54 a\u00f1os, el exfuncionario mexicano de m\u00e1s alto rango que se ha sentado en el banquillo de la justicia estadounidense, estaba acusado de proteger al cartel de Sinaloa de Joaqu\u00edn Chapo Guzm\u00e1n a cambio de millonarios sobornos para enviar droga a Estados Unidos desde 2001 a 2012.<\/p>\n<p>&nbsp;<\/p>\n<p>&nbsp;<\/p>\n<p>PUBLICADO EL 03 DE ABRIL DE 202<\/p>\n","protected":false},"excerpt":{"rendered":"<p>NUEVA YORK, ESTADOS UNIDOS. \u2014 El juez instructor del caso del exministro de Seguridad Interior&#8230;<\/p>\n","protected":false},"author":1,"featured_media":162363,"comment_status":"open","ping_status":"open","sticky":false,"template":"","format":"standard","meta":{"_monsterinsights_skip_tracking":false,"_monsterinsights_sitenote_active":false,"_monsterinsights_sitenote_note":"","_monsterinsights_sitenote_category":0,"footnotes":""},"categories":[3],"tags":[],"class_list":["post"],"yoast_head":" \n<title>Sonora en Equipo. Juez instructor de caso de mexicano Garc\u00eda Luna acuerda aplazar sentencia hasta septiembre MUNDO<\/title>\n<meta name=\"description\" content=\"NUEVA YORK, ESTADOS UNIDOS. \u2014 El juez instructor del caso del exministro de Seguridad Interior de M\u00e9xico Genaro Garc\u00eda Luna, acord\u00f3 este lunes aplazar En Sonora en Equipo publicamos toda la informaci\u00f3n de Sonora, M\u00e9xico y el Mundo de manera oportuna y busca que la libertad de expresi\u00f3n sea real. Visita nuestro medio informativo publicado desde Hermosillo, Sonora. %\" \/>\n<meta name=\"robots\" content=\"index, follow, max-snippet:-1, max-image-preview:large, max-video-preview:-1\" \/>\n<link rel=\"canonical\" href=\"https:\/\/www.sonoraenequipo.com.mx\/juez-instructor-de-caso-de-mexicano-garcia-luna-acuerda-aplazar-sentencia-hasta-septiembre\/\" \/>\n<meta property=\"og:locale\" content=\"es_ES\" \/>\n<meta property=\"og:type\" content=\"article\" \/>\n<meta property=\"og:title\" content=\"Sonora en Equipo. Juez instructor de caso de mexicano Garc\u00eda Luna acuerda aplazar sentencia hasta septiembre MUNDO\" \/>\n<meta property=\"og:description\" content=\"NUEVA YORK, ESTADOS UNIDOS. \u2014 El juez instructor del caso del exministro de Seguridad Interior de M\u00e9xico Genaro Garc\u00eda Luna, acord\u00f3 este lunes aplazar En Sonora en Equipo publicamos toda la informaci\u00f3n de Sonora, M\u00e9xico y el Mundo de manera oportuna y busca que la libertad de expresi\u00f3n sea real. Visita nuestro medio informativo publicado desde Hermosillo, Sonora. %\" \/>\n<meta property=\"og:url\" content=\"https:\/\/www.sonoraenequipo.com.mx\/juez-instructor-de-caso-de-mexicano-garcia-luna-acuerda-aplazar-sentencia-hasta-septiembre\/\" \/>\n<meta property=\"og:site_name\" content=\"Sonora en Equipo.\" \/>\n<meta property=\"article:publisher\" content=\"https:\/\/www.facebook.com\/SonoraEE\/\" \/>\n<meta property=\"article:author\" content=\"https:\/\/www.facebook.com\/SonoraEE\" \/>\n<meta property=\"article:published_time\" content=\"2023-04-04T02:50:13+00:00\" \/>\n<meta property=\"article:modified_time\" content=\"2023-04-04T18:38:50+00:00\" \/>\n<meta property=\"og:image\" content=\"https:\/\/www.sonoraenequipo.com.mx\/storage\/2023\/04\/Garcia-Luna-min-1.jpg\" \/>\n\t<meta property=\"og:image:width\" content=\"800\" \/>\n\t<meta property=\"og:image:height\" content=\"450\" \/>\n\t<meta property=\"og:image:type\" content=\"image\/jpeg\" \/>\n<meta name=\"author\" content=\"enequipo\" \/>\n<meta name=\"twitter:card\" content=\"summary_large_image\" \/>\n<meta name=\"twitter:creator\" content=\"@sonoraenequipo\" \/>\n<meta name=\"twitter:site\" content=\"@sonoraenequipo\" \/>\n<meta name=\"twitter:label1\" content=\"Escrito por\" \/>\n\t<meta name=\"twitter:data1\" content=\"enequipo\" \/>\n\t<meta name=\"twitter:label2\" content=\"Tiempo de lectura\" \/>\n\t<meta name=\"twitter:data2\" content=\"2 minutos\" \/>\n<script type=\"application\/ld+json\" class=\"yoast-schema-graph\">{\"@context\":\"https:\/\/schema.org\",\"@graph\":[{\"@type\":\"Article\",\"@id\":\"https:\/\/www.sonoraenequipo.com.mx\/juez-instructor-de-caso-de-mexicano-garcia-luna-acuerda-aplazar-sentencia-hasta-septiembre\/#article\",\"isPartOf\":{\"@id\":\"https:\/\/www.sonoraenequipo.com.mx\/juez-instructor-de-caso-de-mexicano-garcia-luna-acuerda-aplazar-sentencia-hasta-septiembre\/\"},\"author\":{\"name\":\"enequipo\",\"@id\":\"https:\/\/www.sonoraenequipo.com.mx\/#\/schema\/person\/50102df0fb23a8fa9e8effad8fa81386\"},\"headline\":\"Juez instructor de caso de mexicano Garc\u00eda Luna acuerda aplazar sentencia hasta septiembre\",\"datePublished\":\"2023-04-04T02:50:13+00:00\",\"dateModified\":\"2023-04-04T18:38:50+00:00\",\"mainEntityOfPage\":{\"@id\":\"https:\/\/www.sonoraenequipo.com.mx\/juez-instructor-de-caso-de-mexicano-garcia-luna-acuerda-aplazar-sentencia-hasta-septiembre\/\"},\"wordCount\":356,\"commentCount\":0,\"publisher\":{\"@id\":\"https:\/\/www.sonoraenequipo.com.mx\/#organization\"},\"image\":{\"@id\":\"https:\/\/www.sonoraenequipo.com.mx\/juez-instructor-de-caso-de-mexicano-garcia-luna-acuerda-aplazar-sentencia-hasta-septiembre\/#primaryimage\"},\"thumbnailUrl\":\"https:\/\/www.sonoraenequipo.com.mx\/storage\/2023\/04\/Garcia-Luna-min-1.jpg\",\"articleSection\":[\"MUNDO\"],\"inLanguage\":\"es\",\"potentialAction\":[{\"@type\":\"CommentAction\",\"name\":\"Comment\",\"target\":[\"https:\/\/www.sonoraenequipo.com.mx\/juez-instructor-de-caso-de-mexicano-garcia-luna-acuerda-aplazar-sentencia-hasta-septiembre\/#respond\"]}]},{\"@type\":\"WebPage\",\"@id\":\"https:\/\/www.sonoraenequipo.com.mx\/juez-instructor-de-caso-de-mexicano-garcia-luna-acuerda-aplazar-sentencia-hasta-septiembre\/\",\"url\":\"https:\/\/www.sonoraenequipo.com.mx\/juez-instructor-de-caso-de-mexicano-garcia-luna-acuerda-aplazar-sentencia-hasta-septiembre\/\",\"name\":\"Sonora en Equipo. Juez instructor de caso de mexicano Garc\u00eda Luna acuerda aplazar sentencia hasta septiembre MUNDO\",\"isPartOf\":{\"@id\":\"https:\/\/www.sonoraenequipo.com.mx\/#website\"},\"primaryImageOfPage\":{\"@id\":\"https:\/\/www.sonoraenequipo.com.mx\/juez-instructor-de-caso-de-mexicano-garcia-luna-acuerda-aplazar-sentencia-hasta-septiembre\/#primaryimage\"},\"image\":{\"@id\":\"https:\/\/www.sonoraenequipo.com.mx\/juez-instructor-de-caso-de-mexicano-garcia-luna-acuerda-aplazar-sentencia-hasta-septiembre\/#primaryimage\"},\"thumbnailUrl\":\"https:\/\/www.sonoraenequipo.com.mx\/storage\/2023\/04\/Garcia-Luna-min-1.jpg\",\"datePublished\":\"2023-04-04T02:50:13+00:00\",\"dateModified\":\"2023-04-04T18:38:50+00:00\",\"description\":\"NUEVA YORK, ESTADOS UNIDOS. \u2014 El juez instructor del caso del exministro de Seguridad Interior de M\u00e9xico Genaro Garc\u00eda Luna, acord\u00f3 este lunes aplazar En Sonora en Equipo publicamos toda la informaci\u00f3n de Sonora, M\u00e9xico y el Mundo de manera oportuna y busca que la libertad de expresi\u00f3n sea real. Visita nuestro medio informativo publicado desde Hermosillo, Sonora. %\",\"breadcrumb\":{\"@id\":\"https:\/\/www.sonoraenequipo.com.mx\/juez-instructor-de-caso-de-mexicano-garcia-luna-acuerda-aplazar-sentencia-hasta-septiembre\/#breadcrumb\"},\"inLanguage\":\"es\",\"potentialAction\":[{\"@type\":\"ReadAction\",\"target\":[\"https:\/\/www.sonoraenequipo.com.mx\/juez-instructor-de-caso-de-mexicano-garcia-luna-acuerda-aplazar-sentencia-hasta-septiembre\/\"]}]},{\"@type\":\"ImageObject\",\"inLanguage\":\"es\",\"@id\":\"https:\/\/www.sonoraenequipo.com.mx\/juez-instructor-de-caso-de-mexicano-garcia-luna-acuerda-aplazar-sentencia-hasta-septiembre\/#primaryimage\",\"url\":\"https:\/\/www.sonoraenequipo.com.mx\/storage\/2023\/04\/Garcia-Luna-min-1.jpg\",\"contentUrl\":\"https:\/\/www.sonoraenequipo.com.mx\/storage\/2023\/04\/Garcia-Luna-min-1.jpg\",\"width\":800,\"height\":450},{\"@type\":\"BreadcrumbList\",\"@id\":\"https:\/\/www.sonoraenequipo.com.mx\/juez-instructor-de-caso-de-mexicano-garcia-luna-acuerda-aplazar-sentencia-hasta-septiembre\/#breadcrumb\",\"itemListElement\":[{\"@type\":\"ListItem\",\"position\":1,\"name\":\"Portada\",\"item\":\"https:\/\/www.sonoraenequipo.com.mx\/\"},{\"@type\":\"ListItem\",\"position\":2,\"name\":\"Juez instructor de caso de mexicano Garc\u00eda Luna acuerda aplazar sentencia hasta septiembre\"}]},{\"@type\":\"WebSite\",\"@id\":\"https:\/\/www.sonoraenequipo.com.mx\/#website\",\"url\":\"https:\/\/www.sonoraenequipo.com.mx\/\",\"name\":\"Sonora en Equipo.\",\"description\":\"Diario en l\u00ednea con Noticias desde Hermosillo, Sonora\",\"publisher\":{\"@id\":\"https:\/\/www.sonoraenequipo.com.mx\/#organization\"},\"potentialAction\":[{\"@type\":\"SearchAction\",\"target\":{\"@type\":\"EntryPoint\",\"urlTemplate\":\"https:\/\/www.sonoraenequipo.com.mx\/?s={search_term_string}\"},\"query-input\":{\"@type\":\"PropertyValueSpecification\",\"valueRequired\":true,\"valueName\":\"search_term_string\"}}],\"inLanguage\":\"es\"},{\"@type\":\"Organization\",\"@id\":\"https:\/\/www.sonoraenequipo.com.mx\/#organization\",\"name\":\"Sonoraenequipo.com.mx\",\"url\":\"https:\/\/www.sonoraenequipo.com.mx\/\",\"logo\":{\"@type\":\"ImageObject\",\"inLanguage\":\"es\",\"@id\":\"https:\/\/www.sonoraenequipo.com.mx\/#\/schema\/logo\/image\/\",\"url\":\"https:\/\/www.sonoraenequipo.com.mx\/storage\/2019\/01\/sonoraenequipo_opt.png\",\"contentUrl\":\"https:\/\/www.sonoraenequipo.com.mx\/storage\/2019\/01\/sonoraenequipo_opt.png\",\"width\":375,\"height\":125,\"caption\":\"Sonoraenequipo.com.mx\"},\"image\":{\"@id\":\"https:\/\/www.sonoraenequipo.com.mx\/#\/schema\/logo\/image\/\"},\"sameAs\":[\"https:\/\/www.facebook.com\/SonoraEE\/\",\"https:\/\/x.com\/sonoraenequipo\",\"https:\/\/www.youtube.com\/channel\/UC338nW-lPEYmJQs4ZABQ1SQ\"]},{\"@type\":\"Person\",\"@id\":\"https:\/\/www.sonoraenequipo.com.mx\/#\/schema\/person\/50102df0fb23a8fa9e8effad8fa81386\",\"name\":\"enequipo\",\"image\":{\"@type\":\"ImageObject\",\"inLanguage\":\"es\",\"@id\":\"https:\/\/www.sonoraenequipo.com.mx\/#\/schema\/person\/image\/\",\"url\":\"https:\/\/secure.gravatar.com\/avatar\/049821681b589dabc0bc20695993ccebb09f5b5d4d790cd9251b97faac7c652b?s=96&d=blank&r=g\",\"contentUrl\":\"https:\/\/secure.gravatar.com\/avatar\/049821681b589dabc0bc20695993ccebb09f5b5d4d790cd9251b97faac7c652b?s=96&d=blank&r=g\",\"caption\":\"enequipo\"},\"sameAs\":[\"https:\/\/www.facebook.com\/SonoraEE\"]}]}<\/script>\n ","yoast_head_json":{"title":"Sonora en Equipo. Juez instructor de caso de mexicano Garc\u00eda Luna acuerda aplazar sentencia hasta septiembre MUNDO","description":"NUEVA YORK, ESTADOS UNIDOS. \u2014 El juez instructor del caso del exministro de Seguridad Interior de M\u00e9xico Genaro Garc\u00eda Luna, acord\u00f3 este lunes aplazar En Sonora en Equipo publicamos toda la informaci\u00f3n de Sonora, M\u00e9xico y el Mundo de manera oportuna y busca que la libertad de expresi\u00f3n sea real. Visita nuestro medio informativo publicado desde Hermosillo, Sonora. %","robots":{"index":"index","follow":"follow","max-snippet":"max-snippet:-1","max-image-preview":"max-image-preview:large","max-video-preview":"max-video-preview:-1"},"canonical":"https:\/\/www.sonoraenequipo.com.mx\/juez-instructor-de-caso-de-mexicano-garcia-luna-acuerda-aplazar-sentencia-hasta-septiembre\/","og_locale":"es_ES","og_type":"article","og_title":"Sonora en Equipo. Juez instructor de caso de mexicano Garc\u00eda Luna acuerda aplazar sentencia hasta septiembre MUNDO","og_description":"NUEVA YORK, ESTADOS UNIDOS. \u2014 El juez instructor del caso del exministro de Seguridad Interior de M\u00e9xico Genaro Garc\u00eda Luna, acord\u00f3 este lunes aplazar En Sonora en Equipo publicamos toda la informaci\u00f3n de Sonora, M\u00e9xico y el Mundo de manera oportuna y busca que la libertad de expresi\u00f3n sea real. Visita nuestro medio informativo publicado desde Hermosillo, Sonora. %","og_url":"https:\/\/www.sonoraenequipo.com.mx\/juez-instructor-de-caso-de-mexicano-garcia-luna-acuerda-aplazar-sentencia-hasta-septiembre\/","og_site_name":"Sonora en Equipo.","article_publisher":"https:\/\/www.facebook.com\/SonoraEE\/","article_author":"https:\/\/www.facebook.com\/SonoraEE","article_published_time":"2023-04-04T02:50:13+00:00","article_modified_time":"2023-04-04T18:38:50+00:00","og_image":[{"width":800,"height":450,"url":"https:\/\/www.sonoraenequipo.com.mx\/storage\/2023\/04\/Garcia-Luna-min-1.jpg","type":"image\/jpeg"}],"author":"enequipo","twitter_card":"summary_large_image","twitter_creator":"@sonoraenequipo","twitter_site":"@sonoraenequipo","twitter_misc":{"Escrito por":"enequipo","Tiempo de lectura":"2 minutos"},"schema":{"@context":"https:\/\/schema.org","@graph":[{"@type":"Article","@id":"https:\/\/www.sonoraenequipo.com.mx\/juez-instructor-de-caso-de-mexicano-garcia-luna-acuerda-aplazar-sentencia-hasta-septiembre\/#article","isPartOf":{"@id":"https:\/\/www.sonoraenequipo.com.mx\/juez-instructor-de-caso-de-mexicano-garcia-luna-acuerda-aplazar-sentencia-hasta-septiembre\/"},"author":{"name":"enequipo","@id":"https:\/\/www.sonoraenequipo.com.mx\/#\/schema\/person\/50102df0fb23a8fa9e8effad8fa81386"},"headline":"Juez instructor de caso de mexicano Garc\u00eda Luna acuerda aplazar sentencia hasta septiembre","datePublished":"2023-04-04T02:50:13+00:00","dateModified":"2023-04-04T18:38:50+00:00","mainEntityOfPage":{"@id":"https:\/\/www.sonoraenequipo.com.mx\/juez-instructor-de-caso-de-mexicano-garcia-luna-acuerda-aplazar-sentencia-hasta-septiembre\/"},"wordCount":356,"commentCount":0,"publisher":{"@id":"https:\/\/www.sonoraenequipo.com.mx\/#organization"},"image":{"@id":"https:\/\/www.sonoraenequipo.com.mx\/juez-instructor-de-caso-de-mexicano-garcia-luna-acuerda-aplazar-sentencia-hasta-septiembre\/#primaryimage"},"thumbnailUrl":"https:\/\/www.sonoraenequipo.com.mx\/storage\/2023\/04\/Garcia-Luna-min-1.jpg","articleSection":["MUNDO"],"inLanguage":"es","potentialAction":[{"@type":"CommentAction","name":"Comment","target":["https:\/\/www.sonoraenequipo.com.mx\/juez-instructor-de-caso-de-mexicano-garcia-luna-acuerda-aplazar-sentencia-hasta-septiembre\/#respond"]}]},{"@type":"WebPage","@id":"https:\/\/www.sonoraenequipo.com.mx\/juez-instructor-de-caso-de-mexicano-garcia-luna-acuerda-aplazar-sentencia-hasta-septiembre\/","url":"https:\/\/www.sonoraenequipo.com.mx\/juez-instructor-de-caso-de-mexicano-garcia-luna-acuerda-aplazar-sentencia-hasta-septiembre\/","name":"Sonora en Equipo. Juez instructor de caso de mexicano Garc\u00eda Luna acuerda aplazar sentencia hasta septiembre MUNDO","isPartOf":{"@id":"https:\/\/www.sonoraenequipo.com.mx\/#website"},"primaryImageOfPage":{"@id":"https:\/\/www.sonoraenequipo.com.mx\/juez-instructor-de-caso-de-mexicano-garcia-luna-acuerda-aplazar-sentencia-hasta-septiembre\/#primaryimage"},"image":{"@id":"https:\/\/www.sonoraenequipo.com.mx\/juez-instructor-de-caso-de-mexicano-garcia-luna-acuerda-aplazar-sentencia-hasta-septiembre\/#primaryimage"},"thumbnailUrl":"https:\/\/www.sonoraenequipo.com.mx\/storage\/2023\/04\/Garcia-Luna-min-1.jpg","datePublished":"2023-04-04T02:50:13+00:00","dateModified":"2023-04-04T18:38:50+00:00","description":"NUEVA YORK, ESTADOS UNIDOS. \u2014 El juez instructor del caso del exministro de Seguridad Interior de M\u00e9xico Genaro Garc\u00eda Luna, acord\u00f3 este lunes aplazar En Sonora en Equipo publicamos toda la informaci\u00f3n de Sonora, M\u00e9xico y el Mundo de manera oportuna y busca que la libertad de expresi\u00f3n sea real. Visita nuestro medio informativo publicado desde Hermosillo, Sonora. %","breadcrumb":{"@id":"https:\/\/www.sonoraenequipo.com.mx\/juez-instructor-de-caso-de-mexicano-garcia-luna-acuerda-aplazar-sentencia-hasta-septiembre\/#breadcrumb"},"inLanguage":"es","potentialAction":[{"@type":"ReadAction","target":["https:\/\/www.sonoraenequipo.com.mx\/juez-instructor-de-caso-de-mexicano-garcia-luna-acuerda-aplazar-sentencia-hasta-septiembre\/"]}]},{"@type":"ImageObject","inLanguage":"es","@id":"https:\/\/www.sonoraenequipo.com.mx\/juez-instructor-de-caso-de-mexicano-garcia-luna-acuerda-aplazar-sentencia-hasta-septiembre\/#primaryimage","url":"https:\/\/www.sonoraenequipo.com.mx\/storage\/2023\/04\/Garcia-Luna-min-1.jpg","contentUrl":"https:\/\/www.sonoraenequipo.com.mx\/storage\/2023\/04\/Garcia-Luna-min-1.jpg","width":800,"height":450},{"@type":"BreadcrumbList","@id":"https:\/\/www.sonoraenequipo.com.mx\/juez-instructor-de-caso-de-mexicano-garcia-luna-acuerda-aplazar-sentencia-hasta-septiembre\/#breadcrumb","itemListElement":[{"@type":"ListItem","position":1,"name":"Portada","item":"https:\/\/www.sonoraenequipo.com.mx\/"},{"@type":"ListItem","position":2,"name":"Juez instructor de caso de mexicano Garc\u00eda Luna acuerda aplazar sentencia hasta septiembre"}]},{"@type":"WebSite","@id":"https:\/\/www.sonoraenequipo.com.mx\/#website","url":"https:\/\/www.sonoraenequipo.com.mx\/","name":"Sonora en Equipo.","description":"Diario en l\u00ednea con Noticias desde Hermosillo, Sonora","publisher":{"@id":"https:\/\/www.sonoraenequipo.com.mx\/#organization"},"potentialAction":[{"@type":"SearchAction","target":{"@type":"EntryPoint","urlTemplate":"https:\/\/www.sonoraenequipo.com.mx\/?s={search_term_string}"},"query-input":{"@type":"PropertyValueSpecification","valueRequired":true,"valueName":"search_term_string"}}],"inLanguage":"es"},{"@type":"Organization","@id":"https:\/\/www.sonoraenequipo.com.mx\/#organization","name":"Sonoraenequipo.com.mx","url":"https:\/\/www.sonoraenequipo.com.mx\/","logo":{"@type":"ImageObject","inLanguage":"es","@id":"https:\/\/www.sonoraenequipo.com.mx\/#\/schema\/logo\/image\/","url":"https:\/\/www.sonoraenequipo.com.mx\/storage\/2019\/01\/sonoraenequipo_opt.png","contentUrl":"https:\/\/www.sonoraenequipo.com.mx\/storage\/2019\/01\/sonoraenequipo_opt.png","width":375,"height":125,"caption":"Sonoraenequipo.com.mx"},"image":{"@id":"https:\/\/www.sonoraenequipo.com.mx\/#\/schema\/logo\/image\/"},"sameAs":["https:\/\/www.facebook.com\/SonoraEE\/","https:\/\/x.com\/sonoraenequipo","https:\/\/www.youtube.com\/channel\/UC338nW-lPEYmJQs4ZABQ1SQ"]},{"@type":"Person","@id":"https:\/\/www.sonoraenequipo.com.mx\/#\/schema\/person\/50102df0fb23a8fa9e8effad8fa81386","name":"enequipo","image":{"@type":"ImageObject","inLanguage":"es","@id":"https:\/\/www.sonoraenequipo.com.mx\/#\/schema\/person\/image\/","url":"https:\/\/secure.gravatar.com\/avatar\/049821681b589dabc0bc20695993ccebb09f5b5d4d790cd9251b97faac7c652b?s=96&d=blank&r=g","contentUrl":"https:\/\/secure.gravatar.com\/avatar\/049821681b589dabc0bc20695993ccebb09f5b5d4d790cd9251b97faac7c652b?s=96&d=blank&r=g","caption":"enequipo"},"sameAs":["https:\/\/www.facebook.com\/SonoraEE"]}]}},"jetpack_featured_media_url":"https:\/\/www.sonoraenequipo.com.mx\/storage\/2023\/04\/Garcia-Luna-min-1.jpg","_links":{"self":[{"href":"https:\/\/www.sonoraenequipo.com.mx\/api\/wp\/v2\/posts\/162362","targetHints":{"allow":["GET"]}}],"collection":[{"href":"https:\/\/www.sonoraenequipo.com.mx\/api\/wp\/v2\/posts"}],"about":[{"href":"https:\/\/www.sonoraenequipo.com.mx\/api\/wp\/v2\/types\/post"}],"author":[{"embeddable":true,"href":"https:\/\/www.sonoraenequipo.com.mx\/api\/wp\/v2\/users\/1"}],"replies":[{"embeddable":true,"href":"https:\/\/www.sonoraenequipo.com.mx\/api\/wp\/v2\/comments?post=162362"}],"version-history":[{"count":1,"href":"https:\/\/www.sonoraenequipo.com.mx\/api\/wp\/v2\/posts\/162362\/revisions"}],"predecessor-version":[{"id":162364,"href":"https:\/\/www.sonoraenequipo.com.mx\/api\/wp\/v2\/posts\/162362\/revisions\/162364"}],"wp:featuredmedia":[{"embeddable":true,"href":"https:\/\/www.sonoraenequipo.com.mx\/api\/wp\/v2\/media\/162363"}],"wp:attachment":[{"href":"https:\/\/www.sonoraenequipo.com.mx\/api\/wp\/v2\/media?parent=162362"}],"wp:term":[{"taxonomy":"category","embeddable":true,"href":"https:\/\/www.sonoraenequipo.com.mx\/api\/wp\/v2\/categories?post=162362"},{"taxonomy":"post_tag","embeddable":true,"href":"https:\/\/www.sonoraenequipo.com.mx\/api\/wp\/v2\/tags?post=162362"}],"curies":[{"name":"wp","href":"https:\/\/api.w.org\/{rel}","templated":true}]}}