{"id":162383,"date":"2023-04-04T13:51:03","date_gmt":"2023-04-04T20:51:03","guid":{"rendered":"https:\/\/www.sonoraenequipo.com.mx\/?p=162383"},"modified":"2023-04-04T13:52:48","modified_gmt":"2023-04-04T20:52:48","slug":"vamos-por-una-semana-santa-segura-en-sonora-alfonso-durazo-montano","status":"publish","type":"post","link":"https:\/\/www.sonoraenequipo.com.mx\/vamos-por-una-semana-santa-segura-en-sonora-alfonso-durazo-montano\/","title":{"rendered":"Vamos por una Semana Santa segura en Sonora: Alfonso Durazo Monta\u00f1o"},"content":{"rendered":"<p><strong>PUERTO PE\u00d1ASCO, SONORA. MX.\u2014 <\/strong>Las y los turistas que visiten Sonora durante Semana Santa tendr\u00e1n la certeza de que su estad\u00eda ser\u00e1 placentera y sin incidentes, gracias a la participaci\u00f3n de 43 dependencias y m\u00e1s de ocho mil 600 elementos, expres\u00f3 el gobernador Alfonso Durazo Monta\u00f1o.<\/p>\n<p>&nbsp;<\/p>\n<p> <\/p>\n<p>&nbsp;<\/p>\n<p>En Puerto Pe\u00f1asco, ante autoridades de los tres \u00f3rdenes de gobierno, el mandatario estatal dio el banderazo al operativo Semana Santa 2023, donde refrend\u00f3 el compromiso de su gobierno para concluir el periodo vacacional de manera ordenada y satisfactoria.<\/p>\n<p>&nbsp;<\/p>\n<p>&nbsp;<\/p>\n<p><strong><em>\u201cLos invito a que cada una, cada uno de ustedes, sume su esfuerzo sin regateos para garantizar que todas y todos aquellos que nos van a visitar estos d\u00edas, aqu\u00ed en el estado, tengan la mejor de sus experiencias tur\u00edsticas, la mejor de sus estancias. Y que regresen a casa habiendo sido atendidos con la mayor de las cortes\u00edas y habi\u00e9ndoles garantizado la mayor de las seguridades\u201d,<\/em><\/strong> indic\u00f3.<\/p>\n<p>&nbsp;<\/p>\n<p>&nbsp;<\/p>\n<p>En este encuentro el gobernador Durazo Monta\u00f1o inform\u00f3 de la inversi\u00f3n de 75 millones de pesos para la rehabilitaci\u00f3n de la carretera San Luis R\u00edo Colorado &#8211; Puerto Pe\u00f1asco, al ser una r\u00faa importante para el tr\u00e1nsito de turistas en la regi\u00f3n; as\u00ed como la construcci\u00f3n de una carretera concesionada entre Lukeville, Arizona y Sonoyta, para la atracci\u00f3n de turistas de Arizona a la regi\u00f3n.<\/p>\n<p>&nbsp;<\/p>\n<p>&nbsp;<\/p>\n<p>C\u00e9lida L\u00f3pez C\u00e1rdenas, secretaria de Turismo estatal, destac\u00f3 que se espera una derrama econ\u00f3mica superior a mil millones de pesos, la m\u00e1s importante previa al verano, y se estima la visita de 1.6 millones de turistas, la mitad de ellos sonorenses y la otra mitad de origen nacional y de Estados Unidos.<\/p>\n<p>&nbsp;<\/p>\n<p>&nbsp;<\/p>\n<p>PUBLICADO EL 04 BDE ABRIL DE 2023 \/Con informaci\u00f3n de GOBSON 0423-.015)<\/p>\n","protected":false},"excerpt":{"rendered":"<p>PUERTO PE\u00d1ASCO, SONORA. MX.\u2014 Las y los turistas que visiten Sonora durante Semana Santa tendr\u00e1n&#8230;<\/p>\n","protected":false},"author":1,"featured_media":162385,"comment_status":"open","ping_status":"open","sticky":false,"template":"","format":"standard","meta":{"_monsterinsights_skip_tracking":false,"_monsterinsights_sitenote_active":false,"_monsterinsights_sitenote_note":"","_monsterinsights_sitenote_category":0,"footnotes":""},"categories":[22],"tags":[],"class_list":["post"],"yoast_head":" \n<title>Sonora en Equipo. Vamos por una Semana Santa segura en Sonora: Alfonso Durazo Monta\u00f1o Sonora<\/title>\n<meta name=\"description\" content=\"PUERTO PE\u00d1ASCO, SONORA. MX.\u2014 Las y los turistas que visiten Sonora durante Semana Santa tendr\u00e1n la certeza de que su estad\u00eda ser\u00e1 placentera y sin En Sonora en Equipo publicamos toda la informaci\u00f3n de Sonora, M\u00e9xico y el Mundo de manera oportuna y busca que la libertad de expresi\u00f3n sea real. Visita nuestro medio informativo publicado desde Hermosillo, Sonora. %\" \/>\n<meta name=\"robots\" content=\"index, follow, max-snippet:-1, max-image-preview:large, max-video-preview:-1\" \/>\n<link rel=\"canonical\" href=\"https:\/\/www.sonoraenequipo.com.mx\/vamos-por-una-semana-santa-segura-en-sonora-alfonso-durazo-montano\/\" \/>\n<meta property=\"og:locale\" content=\"es_ES\" \/>\n<meta property=\"og:type\" content=\"article\" \/>\n<meta property=\"og:title\" content=\"Sonora en Equipo. Vamos por una Semana Santa segura en Sonora: Alfonso Durazo Monta\u00f1o Sonora\" \/>\n<meta property=\"og:description\" content=\"PUERTO PE\u00d1ASCO, SONORA. MX.\u2014 Las y los turistas que visiten Sonora durante Semana Santa tendr\u00e1n la certeza de que su estad\u00eda ser\u00e1 placentera y sin En Sonora en Equipo publicamos toda la informaci\u00f3n de Sonora, M\u00e9xico y el Mundo de manera oportuna y busca que la libertad de expresi\u00f3n sea real. Visita nuestro medio informativo publicado desde Hermosillo, Sonora. %\" \/>\n<meta property=\"og:url\" content=\"https:\/\/www.sonoraenequipo.com.mx\/vamos-por-una-semana-santa-segura-en-sonora-alfonso-durazo-montano\/\" \/>\n<meta property=\"og:site_name\" content=\"Sonora en Equipo.\" \/>\n<meta property=\"article:publisher\" content=\"https:\/\/www.facebook.com\/SonoraEE\/\" \/>\n<meta property=\"article:author\" content=\"https:\/\/www.facebook.com\/SonoraEE\" \/>\n<meta property=\"article:published_time\" content=\"2023-04-04T20:51:03+00:00\" \/>\n<meta property=\"article:modified_time\" content=\"2023-04-04T20:52:48+00:00\" \/>\n<meta property=\"og:image\" content=\"https:\/\/www.sonoraenequipo.com.mx\/storage\/2023\/04\/Por-una-semana-santa-segura-d-min-2.jpeg\" \/>\n\t<meta property=\"og:image:width\" content=\"855\" \/>\n\t<meta property=\"og:image:height\" content=\"1280\" \/>\n\t<meta property=\"og:image:type\" content=\"image\/jpeg\" \/>\n<meta name=\"author\" content=\"enequipo\" \/>\n<meta name=\"twitter:card\" content=\"summary_large_image\" \/>\n<meta name=\"twitter:creator\" content=\"@sonoraenequipo\" \/>\n<meta name=\"twitter:site\" content=\"@sonoraenequipo\" \/>\n<meta name=\"twitter:label1\" content=\"Escrito por\" \/>\n\t<meta name=\"twitter:data1\" content=\"enequipo\" \/>\n\t<meta name=\"twitter:label2\" content=\"Tiempo de lectura\" \/>\n\t<meta name=\"twitter:data2\" content=\"2 minutos\" \/>\n<script type=\"application\/ld+json\" class=\"yoast-schema-graph\">{\"@context\":\"https:\/\/schema.org\",\"@graph\":[{\"@type\":\"Article\",\"@id\":\"https:\/\/www.sonoraenequipo.com.mx\/vamos-por-una-semana-santa-segura-en-sonora-alfonso-durazo-montano\/#article\",\"isPartOf\":{\"@id\":\"https:\/\/www.sonoraenequipo.com.mx\/vamos-por-una-semana-santa-segura-en-sonora-alfonso-durazo-montano\/\"},\"author\":{\"name\":\"enequipo\",\"@id\":\"https:\/\/www.sonoraenequipo.com.mx\/#\/schema\/person\/50102df0fb23a8fa9e8effad8fa81386\"},\"headline\":\"Vamos por una Semana Santa segura en Sonora: Alfonso Durazo Monta\u00f1o\",\"datePublished\":\"2023-04-04T20:51:03+00:00\",\"dateModified\":\"2023-04-04T20:52:48+00:00\",\"mainEntityOfPage\":{\"@id\":\"https:\/\/www.sonoraenequipo.com.mx\/vamos-por-una-semana-santa-segura-en-sonora-alfonso-durazo-montano\/\"},\"wordCount\":325,\"commentCount\":0,\"publisher\":{\"@id\":\"https:\/\/www.sonoraenequipo.com.mx\/#organization\"},\"image\":{\"@id\":\"https:\/\/www.sonoraenequipo.com.mx\/vamos-por-una-semana-santa-segura-en-sonora-alfonso-durazo-montano\/#primaryimage\"},\"thumbnailUrl\":\"https:\/\/www.sonoraenequipo.com.mx\/storage\/2023\/04\/Por-una-semana-santa-segura-d-min-2.jpeg\",\"articleSection\":[\"Sonora\"],\"inLanguage\":\"es\",\"potentialAction\":[{\"@type\":\"CommentAction\",\"name\":\"Comment\",\"target\":[\"https:\/\/www.sonoraenequipo.com.mx\/vamos-por-una-semana-santa-segura-en-sonora-alfonso-durazo-montano\/#respond\"]}]},{\"@type\":\"WebPage\",\"@id\":\"https:\/\/www.sonoraenequipo.com.mx\/vamos-por-una-semana-santa-segura-en-sonora-alfonso-durazo-montano\/\",\"url\":\"https:\/\/www.sonoraenequipo.com.mx\/vamos-por-una-semana-santa-segura-en-sonora-alfonso-durazo-montano\/\",\"name\":\"Sonora en Equipo. Vamos por una Semana Santa segura en Sonora: Alfonso Durazo Monta\u00f1o Sonora\",\"isPartOf\":{\"@id\":\"https:\/\/www.sonoraenequipo.com.mx\/#website\"},\"primaryImageOfPage\":{\"@id\":\"https:\/\/www.sonoraenequipo.com.mx\/vamos-por-una-semana-santa-segura-en-sonora-alfonso-durazo-montano\/#primaryimage\"},\"image\":{\"@id\":\"https:\/\/www.sonoraenequipo.com.mx\/vamos-por-una-semana-santa-segura-en-sonora-alfonso-durazo-montano\/#primaryimage\"},\"thumbnailUrl\":\"https:\/\/www.sonoraenequipo.com.mx\/storage\/2023\/04\/Por-una-semana-santa-segura-d-min-2.jpeg\",\"datePublished\":\"2023-04-04T20:51:03+00:00\",\"dateModified\":\"2023-04-04T20:52:48+00:00\",\"description\":\"PUERTO PE\u00d1ASCO, SONORA. MX.\u2014 Las y los turistas que visiten Sonora durante Semana Santa tendr\u00e1n la certeza de que su estad\u00eda ser\u00e1 placentera y sin En Sonora en Equipo publicamos toda la informaci\u00f3n de Sonora, M\u00e9xico y el Mundo de manera oportuna y busca que la libertad de expresi\u00f3n sea real. Visita nuestro medio informativo publicado desde Hermosillo, Sonora. %\",\"breadcrumb\":{\"@id\":\"https:\/\/www.sonoraenequipo.com.mx\/vamos-por-una-semana-santa-segura-en-sonora-alfonso-durazo-montano\/#breadcrumb\"},\"inLanguage\":\"es\",\"potentialAction\":[{\"@type\":\"ReadAction\",\"target\":[\"https:\/\/www.sonoraenequipo.com.mx\/vamos-por-una-semana-santa-segura-en-sonora-alfonso-durazo-montano\/\"]}]},{\"@type\":\"ImageObject\",\"inLanguage\":\"es\",\"@id\":\"https:\/\/www.sonoraenequipo.com.mx\/vamos-por-una-semana-santa-segura-en-sonora-alfonso-durazo-montano\/#primaryimage\",\"url\":\"https:\/\/www.sonoraenequipo.com.mx\/storage\/2023\/04\/Por-una-semana-santa-segura-d-min-2.jpeg\",\"contentUrl\":\"https:\/\/www.sonoraenequipo.com.mx\/storage\/2023\/04\/Por-una-semana-santa-segura-d-min-2.jpeg\",\"width\":855,\"height\":1280},{\"@type\":\"BreadcrumbList\",\"@id\":\"https:\/\/www.sonoraenequipo.com.mx\/vamos-por-una-semana-santa-segura-en-sonora-alfonso-durazo-montano\/#breadcrumb\",\"itemListElement\":[{\"@type\":\"ListItem\",\"position\":1,\"name\":\"Portada\",\"item\":\"https:\/\/www.sonoraenequipo.com.mx\/\"},{\"@type\":\"ListItem\",\"position\":2,\"name\":\"Vamos por una Semana Santa segura en Sonora: Alfonso Durazo Monta\u00f1o\"}]},{\"@type\":\"WebSite\",\"@id\":\"https:\/\/www.sonoraenequipo.com.mx\/#website\",\"url\":\"https:\/\/www.sonoraenequipo.com.mx\/\",\"name\":\"Sonora en Equipo.\",\"description\":\"Diario en l\u00ednea con Noticias desde Hermosillo, Sonora\",\"publisher\":{\"@id\":\"https:\/\/www.sonoraenequipo.com.mx\/#organization\"},\"potentialAction\":[{\"@type\":\"SearchAction\",\"target\":{\"@type\":\"EntryPoint\",\"urlTemplate\":\"https:\/\/www.sonoraenequipo.com.mx\/?s={search_term_string}\"},\"query-input\":{\"@type\":\"PropertyValueSpecification\",\"valueRequired\":true,\"valueName\":\"search_term_string\"}}],\"inLanguage\":\"es\"},{\"@type\":\"Organization\",\"@id\":\"https:\/\/www.sonoraenequipo.com.mx\/#organization\",\"name\":\"Sonoraenequipo.com.mx\",\"url\":\"https:\/\/www.sonoraenequipo.com.mx\/\",\"logo\":{\"@type\":\"ImageObject\",\"inLanguage\":\"es\",\"@id\":\"https:\/\/www.sonoraenequipo.com.mx\/#\/schema\/logo\/image\/\",\"url\":\"https:\/\/www.sonoraenequipo.com.mx\/storage\/2019\/01\/sonoraenequipo_opt.png\",\"contentUrl\":\"https:\/\/www.sonoraenequipo.com.mx\/storage\/2019\/01\/sonoraenequipo_opt.png\",\"width\":375,\"height\":125,\"caption\":\"Sonoraenequipo.com.mx\"},\"image\":{\"@id\":\"https:\/\/www.sonoraenequipo.com.mx\/#\/schema\/logo\/image\/\"},\"sameAs\":[\"https:\/\/www.facebook.com\/SonoraEE\/\",\"https:\/\/x.com\/sonoraenequipo\",\"https:\/\/www.youtube.com\/channel\/UC338nW-lPEYmJQs4ZABQ1SQ\"]},{\"@type\":\"Person\",\"@id\":\"https:\/\/www.sonoraenequipo.com.mx\/#\/schema\/person\/50102df0fb23a8fa9e8effad8fa81386\",\"name\":\"enequipo\",\"image\":{\"@type\":\"ImageObject\",\"inLanguage\":\"es\",\"@id\":\"https:\/\/www.sonoraenequipo.com.mx\/#\/schema\/person\/image\/\",\"url\":\"https:\/\/secure.gravatar.com\/avatar\/049821681b589dabc0bc20695993ccebb09f5b5d4d790cd9251b97faac7c652b?s=96&d=blank&r=g\",\"contentUrl\":\"https:\/\/secure.gravatar.com\/avatar\/049821681b589dabc0bc20695993ccebb09f5b5d4d790cd9251b97faac7c652b?s=96&d=blank&r=g\",\"caption\":\"enequipo\"},\"sameAs\":[\"https:\/\/www.facebook.com\/SonoraEE\"]}]}<\/script>\n ","yoast_head_json":{"title":"Sonora en Equipo. Vamos por una Semana Santa segura en Sonora: Alfonso Durazo Monta\u00f1o Sonora","description":"PUERTO PE\u00d1ASCO, SONORA. MX.\u2014 Las y los turistas que visiten Sonora durante Semana Santa tendr\u00e1n la certeza de que su estad\u00eda ser\u00e1 placentera y sin En Sonora en Equipo publicamos toda la informaci\u00f3n de Sonora, M\u00e9xico y el Mundo de manera oportuna y busca que la libertad de expresi\u00f3n sea real. Visita nuestro medio informativo publicado desde Hermosillo, Sonora. %","robots":{"index":"index","follow":"follow","max-snippet":"max-snippet:-1","max-image-preview":"max-image-preview:large","max-video-preview":"max-video-preview:-1"},"canonical":"https:\/\/www.sonoraenequipo.com.mx\/vamos-por-una-semana-santa-segura-en-sonora-alfonso-durazo-montano\/","og_locale":"es_ES","og_type":"article","og_title":"Sonora en Equipo. Vamos por una Semana Santa segura en Sonora: Alfonso Durazo Monta\u00f1o Sonora","og_description":"PUERTO PE\u00d1ASCO, SONORA. MX.\u2014 Las y los turistas que visiten Sonora durante Semana Santa tendr\u00e1n la certeza de que su estad\u00eda ser\u00e1 placentera y sin En Sonora en Equipo publicamos toda la informaci\u00f3n de Sonora, M\u00e9xico y el Mundo de manera oportuna y busca que la libertad de expresi\u00f3n sea real. Visita nuestro medio informativo publicado desde Hermosillo, Sonora. %","og_url":"https:\/\/www.sonoraenequipo.com.mx\/vamos-por-una-semana-santa-segura-en-sonora-alfonso-durazo-montano\/","og_site_name":"Sonora en Equipo.","article_publisher":"https:\/\/www.facebook.com\/SonoraEE\/","article_author":"https:\/\/www.facebook.com\/SonoraEE","article_published_time":"2023-04-04T20:51:03+00:00","article_modified_time":"2023-04-04T20:52:48+00:00","og_image":[{"width":855,"height":1280,"url":"https:\/\/www.sonoraenequipo.com.mx\/storage\/2023\/04\/Por-una-semana-santa-segura-d-min-2.jpeg","type":"image\/jpeg"}],"author":"enequipo","twitter_card":"summary_large_image","twitter_creator":"@sonoraenequipo","twitter_site":"@sonoraenequipo","twitter_misc":{"Escrito por":"enequipo","Tiempo de lectura":"2 minutos"},"schema":{"@context":"https:\/\/schema.org","@graph":[{"@type":"Article","@id":"https:\/\/www.sonoraenequipo.com.mx\/vamos-por-una-semana-santa-segura-en-sonora-alfonso-durazo-montano\/#article","isPartOf":{"@id":"https:\/\/www.sonoraenequipo.com.mx\/vamos-por-una-semana-santa-segura-en-sonora-alfonso-durazo-montano\/"},"author":{"name":"enequipo","@id":"https:\/\/www.sonoraenequipo.com.mx\/#\/schema\/person\/50102df0fb23a8fa9e8effad8fa81386"},"headline":"Vamos por una Semana Santa segura en Sonora: Alfonso Durazo Monta\u00f1o","datePublished":"2023-04-04T20:51:03+00:00","dateModified":"2023-04-04T20:52:48+00:00","mainEntityOfPage":{"@id":"https:\/\/www.sonoraenequipo.com.mx\/vamos-por-una-semana-santa-segura-en-sonora-alfonso-durazo-montano\/"},"wordCount":325,"commentCount":0,"publisher":{"@id":"https:\/\/www.sonoraenequipo.com.mx\/#organization"},"image":{"@id":"https:\/\/www.sonoraenequipo.com.mx\/vamos-por-una-semana-santa-segura-en-sonora-alfonso-durazo-montano\/#primaryimage"},"thumbnailUrl":"https:\/\/www.sonoraenequipo.com.mx\/storage\/2023\/04\/Por-una-semana-santa-segura-d-min-2.jpeg","articleSection":["Sonora"],"inLanguage":"es","potentialAction":[{"@type":"CommentAction","name":"Comment","target":["https:\/\/www.sonoraenequipo.com.mx\/vamos-por-una-semana-santa-segura-en-sonora-alfonso-durazo-montano\/#respond"]}]},{"@type":"WebPage","@id":"https:\/\/www.sonoraenequipo.com.mx\/vamos-por-una-semana-santa-segura-en-sonora-alfonso-durazo-montano\/","url":"https:\/\/www.sonoraenequipo.com.mx\/vamos-por-una-semana-santa-segura-en-sonora-alfonso-durazo-montano\/","name":"Sonora en Equipo. Vamos por una Semana Santa segura en Sonora: Alfonso Durazo Monta\u00f1o Sonora","isPartOf":{"@id":"https:\/\/www.sonoraenequipo.com.mx\/#website"},"primaryImageOfPage":{"@id":"https:\/\/www.sonoraenequipo.com.mx\/vamos-por-una-semana-santa-segura-en-sonora-alfonso-durazo-montano\/#primaryimage"},"image":{"@id":"https:\/\/www.sonoraenequipo.com.mx\/vamos-por-una-semana-santa-segura-en-sonora-alfonso-durazo-montano\/#primaryimage"},"thumbnailUrl":"https:\/\/www.sonoraenequipo.com.mx\/storage\/2023\/04\/Por-una-semana-santa-segura-d-min-2.jpeg","datePublished":"2023-04-04T20:51:03+00:00","dateModified":"2023-04-04T20:52:48+00:00","description":"PUERTO PE\u00d1ASCO, SONORA. MX.\u2014 Las y los turistas que visiten Sonora durante Semana Santa tendr\u00e1n la certeza de que su estad\u00eda ser\u00e1 placentera y sin En Sonora en Equipo publicamos toda la informaci\u00f3n de Sonora, M\u00e9xico y el Mundo de manera oportuna y busca que la libertad de expresi\u00f3n sea real. Visita nuestro medio informativo publicado desde Hermosillo, Sonora. %","breadcrumb":{"@id":"https:\/\/www.sonoraenequipo.com.mx\/vamos-por-una-semana-santa-segura-en-sonora-alfonso-durazo-montano\/#breadcrumb"},"inLanguage":"es","potentialAction":[{"@type":"ReadAction","target":["https:\/\/www.sonoraenequipo.com.mx\/vamos-por-una-semana-santa-segura-en-sonora-alfonso-durazo-montano\/"]}]},{"@type":"ImageObject","inLanguage":"es","@id":"https:\/\/www.sonoraenequipo.com.mx\/vamos-por-una-semana-santa-segura-en-sonora-alfonso-durazo-montano\/#primaryimage","url":"https:\/\/www.sonoraenequipo.com.mx\/storage\/2023\/04\/Por-una-semana-santa-segura-d-min-2.jpeg","contentUrl":"https:\/\/www.sonoraenequipo.com.mx\/storage\/2023\/04\/Por-una-semana-santa-segura-d-min-2.jpeg","width":855,"height":1280},{"@type":"BreadcrumbList","@id":"https:\/\/www.sonoraenequipo.com.mx\/vamos-por-una-semana-santa-segura-en-sonora-alfonso-durazo-montano\/#breadcrumb","itemListElement":[{"@type":"ListItem","position":1,"name":"Portada","item":"https:\/\/www.sonoraenequipo.com.mx\/"},{"@type":"ListItem","position":2,"name":"Vamos por una Semana Santa segura en Sonora: Alfonso Durazo Monta\u00f1o"}]},{"@type":"WebSite","@id":"https:\/\/www.sonoraenequipo.com.mx\/#website","url":"https:\/\/www.sonoraenequipo.com.mx\/","name":"Sonora en Equipo.","description":"Diario en l\u00ednea con Noticias desde Hermosillo, Sonora","publisher":{"@id":"https:\/\/www.sonoraenequipo.com.mx\/#organization"},"potentialAction":[{"@type":"SearchAction","target":{"@type":"EntryPoint","urlTemplate":"https:\/\/www.sonoraenequipo.com.mx\/?s={search_term_string}"},"query-input":{"@type":"PropertyValueSpecification","valueRequired":true,"valueName":"search_term_string"}}],"inLanguage":"es"},{"@type":"Organization","@id":"https:\/\/www.sonoraenequipo.com.mx\/#organization","name":"Sonoraenequipo.com.mx","url":"https:\/\/www.sonoraenequipo.com.mx\/","logo":{"@type":"ImageObject","inLanguage":"es","@id":"https:\/\/www.sonoraenequipo.com.mx\/#\/schema\/logo\/image\/","url":"https:\/\/www.sonoraenequipo.com.mx\/storage\/2019\/01\/sonoraenequipo_opt.png","contentUrl":"https:\/\/www.sonoraenequipo.com.mx\/storage\/2019\/01\/sonoraenequipo_opt.png","width":375,"height":125,"caption":"Sonoraenequipo.com.mx"},"image":{"@id":"https:\/\/www.sonoraenequipo.com.mx\/#\/schema\/logo\/image\/"},"sameAs":["https:\/\/www.facebook.com\/SonoraEE\/","https:\/\/x.com\/sonoraenequipo","https:\/\/www.youtube.com\/channel\/UC338nW-lPEYmJQs4ZABQ1SQ"]},{"@type":"Person","@id":"https:\/\/www.sonoraenequipo.com.mx\/#\/schema\/person\/50102df0fb23a8fa9e8effad8fa81386","name":"enequipo","image":{"@type":"ImageObject","inLanguage":"es","@id":"https:\/\/www.sonoraenequipo.com.mx\/#\/schema\/person\/image\/","url":"https:\/\/secure.gravatar.com\/avatar\/049821681b589dabc0bc20695993ccebb09f5b5d4d790cd9251b97faac7c652b?s=96&d=blank&r=g","contentUrl":"https:\/\/secure.gravatar.com\/avatar\/049821681b589dabc0bc20695993ccebb09f5b5d4d790cd9251b97faac7c652b?s=96&d=blank&r=g","caption":"enequipo"},"sameAs":["https:\/\/www.facebook.com\/SonoraEE"]}]}},"jetpack_featured_media_url":"https:\/\/www.sonoraenequipo.com.mx\/storage\/2023\/04\/Por-una-semana-santa-segura-d-min-2.jpeg","_links":{"self":[{"href":"https:\/\/www.sonoraenequipo.com.mx\/api\/wp\/v2\/posts\/162383","targetHints":{"allow":["GET"]}}],"collection":[{"href":"https:\/\/www.sonoraenequipo.com.mx\/api\/wp\/v2\/posts"}],"about":[{"href":"https:\/\/www.sonoraenequipo.com.mx\/api\/wp\/v2\/types\/post"}],"author":[{"embeddable":true,"href":"https:\/\/www.sonoraenequipo.com.mx\/api\/wp\/v2\/users\/1"}],"replies":[{"embeddable":true,"href":"https:\/\/www.sonoraenequipo.com.mx\/api\/wp\/v2\/comments?post=162383"}],"version-history":[{"count":1,"href":"https:\/\/www.sonoraenequipo.com.mx\/api\/wp\/v2\/posts\/162383\/revisions"}],"predecessor-version":[{"id":162386,"href":"https:\/\/www.sonoraenequipo.com.mx\/api\/wp\/v2\/posts\/162383\/revisions\/162386"}],"wp:featuredmedia":[{"embeddable":true,"href":"https:\/\/www.sonoraenequipo.com.mx\/api\/wp\/v2\/media\/162385"}],"wp:attachment":[{"href":"https:\/\/www.sonoraenequipo.com.mx\/api\/wp\/v2\/media?parent=162383"}],"wp:term":[{"taxonomy":"category","embeddable":true,"href":"https:\/\/www.sonoraenequipo.com.mx\/api\/wp\/v2\/categories?post=162383"},{"taxonomy":"post_tag","embeddable":true,"href":"https:\/\/www.sonoraenequipo.com.mx\/api\/wp\/v2\/tags?post=162383"}],"curies":[{"name":"wp","href":"https:\/\/api.w.org\/{rel}","templated":true}]}}