{"id":162407,"date":"2023-04-04T15:37:34","date_gmt":"2023-04-04T22:37:34","guid":{"rendered":"https:\/\/www.sonoraenequipo.com.mx\/?p=162407"},"modified":"2023-04-04T15:37:34","modified_gmt":"2023-04-04T22:37:34","slug":"va-proteccion-civil-sonora-por-revision-a-mil-455-guarderias-y-estancias-infantiles-en-este-ano","status":"publish","type":"post","link":"https:\/\/www.sonoraenequipo.com.mx\/va-proteccion-civil-sonora-por-revision-a-mil-455-guarderias-y-estancias-infantiles-en-este-ano\/","title":{"rendered":"Va Protecci\u00f3n Civil Sonora por revisi\u00f3n a mil 455 guarder\u00edas y estancias infantiles en este a\u00f1o"},"content":{"rendered":"<p><strong>HERMOSILLO, SONORA,MX.<\/strong><strong>\u2500\u2500<\/strong> La Coordinaci\u00f3n Estatal de Protecci\u00f3n Civil en Sonora (CEPC) revisar\u00e1 este a\u00f1o siete veces m\u00e1s guarder\u00edas y estancias infantiles que las revisadas en los a\u00f1os previos, inform\u00f3 Juan Manuel Gonz\u00e1lez Alvarado.<\/p>\n<p>&nbsp;<\/p>\n<p>&nbsp;<\/p>\n<p>&nbsp;<\/p>\n<p>En la conferencia de prensa del gobernador Alfonso Durazo Monta\u00f1o, este martes, el coordinador de Protecci\u00f3n Civil en Sonora destac\u00f3 que en este 2023 ser\u00e1n mil 455 los inmuebles inspeccionados con la Primera Brigada Especial de Guarder\u00edas y Preescolares<\/p>\n<p>&nbsp;<\/p>\n<p>&nbsp;<\/p>\n<p>&nbsp;<\/p>\n<p>\u00abLa meta aqu\u00ed es llegar a mil 455 inmuebles con los elementos de esta brigada especial y, si no logramos llegar a la meta, vamos a ver d\u00f3nde estuvo el d\u00e9ficit para el a\u00f1o que entra meter m\u00e1s elementos a esta brigada especial\u00bb, expuso Gonz\u00e1lez Alvarado.<\/p>\n<p>&nbsp;<\/p>\n<p>&nbsp;<\/p>\n<p>&nbsp;<\/p>\n<p>Destac\u00f3 que la Ley 5 de Junio y la Ley Estatal de Protecci\u00f3n Civil se est\u00e1n cumpliendo como nunca antes.<\/p>\n<p>&nbsp;<\/p>\n<p>&nbsp;<\/p>\n<p>&nbsp;<\/p>\n<p>\u00abLa ley no se est\u00e1 quedando en letra muerta, le estamos dando todo el seguimiento como debe de ser. Hay que recordar que la creaci\u00f3n de esta brigada es una exigencia leg\u00edtima de los padres que integran el Movimiento 5 de Junio\u00bb, expuso Gonz\u00e1lez Alvarado.<\/p>\n<p>&nbsp;<\/p>\n<p>&nbsp;<\/p>\n<p>&nbsp;<\/p>\n<p>Indic\u00f3 que la dependencia estatal cuenta con siete elementos altamente capacitados y especializados en esta brigada, con licenciaturas en Derecho y Protecci\u00f3n Civil, encabezados por Damary Camacho, que cuenta con ocho a\u00f1os de experiencia en la revisi\u00f3n de inmuebles en esta categor\u00eda.<\/p>\n<p>&nbsp;<\/p>\n<p>&nbsp;<\/p>\n<p>&nbsp;<\/p>\n<p>Destac\u00f3, adem\u00e1s, que no se trata de aplicar de forma generalizada multas y castigos, sino de buscar que se subsanen irregularidades en guarder\u00edas, estancias infantiles y centros de desarrollo infantil en Sonora.<\/p>\n<p>&nbsp;<\/p>\n<p>&nbsp;<\/p>\n<p>&nbsp;<\/p>\n<p>Al respecto, Juan Gonz\u00e1lez inform\u00f3 sobre la suspensi\u00f3n de ocho guarder\u00edas que estaban en riesgo inminente, seis en Hermosillo y dos en San Luis R\u00edo Colorado, a las cuales se les ofreci\u00f3 la oportunidad de subsanar sus irregularidades y, en segunda revisi\u00f3n, cuando lo lleven a cabo, podr\u00e1n volver a iniciar operaciones.<\/p>\n<p>&nbsp;<\/p>\n<p>&nbsp;<\/p>\n<p>&nbsp;<\/p>\n<p>Brigada Especial de Guarder\u00edas y Preescolares<\/p>\n<p>&nbsp;<\/p>\n<p>&nbsp;<\/p>\n<p>&nbsp;<\/p>\n<p>Jefa de Brigada: Licenciada en Protecci\u00f3n Civil, Damary Camacho<\/p>\n<p>&nbsp;<\/p>\n<p>&nbsp;<\/p>\n<p>&nbsp;<\/p>\n<p>Elementos: 7<\/p>\n<p>&nbsp;<\/p>\n<p>Veh\u00edculos: 3<\/p>\n<p>&nbsp;<\/p>\n<p>&nbsp;<\/p>\n<p>&nbsp;<\/p>\n<p>Especialidad elementos<\/p>\n<p>&nbsp;<\/p>\n<p>Licenciados en Protecci\u00f3n Civil y Derecho<\/p>\n<p>&nbsp;<\/p>\n<p>&nbsp;<\/p>\n<p>&nbsp;<\/p>\n<p>Inspecciones ordinarias dentro del marco de la Ley Estatal de Protecci\u00f3n Civil y Ley 5 de Junio<\/p>\n<p>&nbsp;<\/p>\n<p>&nbsp;<\/p>\n<p>&nbsp;<\/p>\n<p>Estancias infantiles o guarder\u00edas a revisar: 167<\/p>\n<p>&nbsp;<\/p>\n<p>Preescolares p\u00fablicos: 1,000<\/p>\n<p>&nbsp;<\/p>\n<p>Preescolares privados: 288<\/p>\n<p>&nbsp;<\/p>\n<p>Total inmuebles: 1,455<\/p>\n<p><strong><em><u>Fecha de publicaci\u00f3n martes 4 de abril de 2023 con informaci\u00f3n de boletines<\/u><\/em><\/strong><\/p>\n<p>&nbsp;<\/p>\n","protected":false},"excerpt":{"rendered":"<p>HERMOSILLO, SONORA,MX.\u2500\u2500 La Coordinaci\u00f3n Estatal de Protecci\u00f3n Civil en Sonora (CEPC) revisar\u00e1 este a\u00f1o siete&#8230;<\/p>\n","protected":false},"author":1,"featured_media":161090,"comment_status":"open","ping_status":"open","sticky":false,"template":"","format":"standard","meta":{"_monsterinsights_skip_tracking":false,"_monsterinsights_sitenote_active":false,"_monsterinsights_sitenote_note":"","_monsterinsights_sitenote_category":0,"footnotes":""},"categories":[22],"tags":[6370,6372,15],"class_list":["post"],"yoast_head":" \n<title>Sonora en Equipo. Va Protecci\u00f3n Civil Sonora por revisi\u00f3n a mil 455 guarder\u00edas y estancias infantiles en este a\u00f1o Sonora<\/title>\n<meta name=\"description\" content=\"HERMOSILLO, SONORA,MX.\u2500\u2500 La Coordinaci\u00f3n Estatal de Protecci\u00f3n Civil en Sonora (CEPC) revisar\u00e1 este a\u00f1o siete veces m\u00e1s guarder\u00edas y estancias infantiles En Sonora en Equipo publicamos toda la informaci\u00f3n de Sonora, M\u00e9xico y el Mundo de manera oportuna y busca que la libertad de expresi\u00f3n sea real. Visita nuestro medio informativo publicado desde Hermosillo, Sonora. %\" \/>\n<meta name=\"robots\" content=\"index, follow, max-snippet:-1, max-image-preview:large, max-video-preview:-1\" \/>\n<link rel=\"canonical\" href=\"https:\/\/www.sonoraenequipo.com.mx\/va-proteccion-civil-sonora-por-revision-a-mil-455-guarderias-y-estancias-infantiles-en-este-ano\/\" \/>\n<meta property=\"og:locale\" content=\"es_ES\" \/>\n<meta property=\"og:type\" content=\"article\" \/>\n<meta property=\"og:title\" content=\"Sonora en Equipo. Va Protecci\u00f3n Civil Sonora por revisi\u00f3n a mil 455 guarder\u00edas y estancias infantiles en este a\u00f1o Sonora\" \/>\n<meta property=\"og:description\" content=\"HERMOSILLO, SONORA,MX.\u2500\u2500 La Coordinaci\u00f3n Estatal de Protecci\u00f3n Civil en Sonora (CEPC) revisar\u00e1 este a\u00f1o siete veces m\u00e1s guarder\u00edas y estancias infantiles En Sonora en Equipo publicamos toda la informaci\u00f3n de Sonora, M\u00e9xico y el Mundo de manera oportuna y busca que la libertad de expresi\u00f3n sea real. Visita nuestro medio informativo publicado desde Hermosillo, Sonora. %\" \/>\n<meta property=\"og:url\" content=\"https:\/\/www.sonoraenequipo.com.mx\/va-proteccion-civil-sonora-por-revision-a-mil-455-guarderias-y-estancias-infantiles-en-este-ano\/\" \/>\n<meta property=\"og:site_name\" content=\"Sonora en Equipo.\" \/>\n<meta property=\"article:publisher\" content=\"https:\/\/www.facebook.com\/SonoraEE\/\" \/>\n<meta property=\"article:author\" content=\"https:\/\/www.facebook.com\/SonoraEE\" \/>\n<meta property=\"article:published_time\" content=\"2023-04-04T22:37:34+00:00\" \/>\n<meta property=\"og:image\" content=\"https:\/\/www.sonoraenequipo.com.mx\/storage\/2023\/03\/suspension-guarderia.jpg\" \/>\n\t<meta property=\"og:image:width\" content=\"600\" \/>\n\t<meta property=\"og:image:height\" content=\"400\" \/>\n\t<meta property=\"og:image:type\" content=\"image\/jpeg\" \/>\n<meta name=\"author\" content=\"enequipo\" \/>\n<meta name=\"twitter:card\" content=\"summary_large_image\" \/>\n<meta name=\"twitter:creator\" content=\"@sonoraenequipo\" \/>\n<meta name=\"twitter:site\" content=\"@sonoraenequipo\" \/>\n<meta name=\"twitter:label1\" content=\"Escrito por\" \/>\n\t<meta name=\"twitter:data1\" content=\"enequipo\" \/>\n\t<meta name=\"twitter:label2\" content=\"Tiempo de lectura\" \/>\n\t<meta name=\"twitter:data2\" content=\"2 minutos\" \/>\n<script type=\"application\/ld+json\" class=\"yoast-schema-graph\">{\"@context\":\"https:\/\/schema.org\",\"@graph\":[{\"@type\":\"Article\",\"@id\":\"https:\/\/www.sonoraenequipo.com.mx\/va-proteccion-civil-sonora-por-revision-a-mil-455-guarderias-y-estancias-infantiles-en-este-ano\/#article\",\"isPartOf\":{\"@id\":\"https:\/\/www.sonoraenequipo.com.mx\/va-proteccion-civil-sonora-por-revision-a-mil-455-guarderias-y-estancias-infantiles-en-este-ano\/\"},\"author\":{\"name\":\"enequipo\",\"@id\":\"https:\/\/www.sonoraenequipo.com.mx\/#\/schema\/person\/50102df0fb23a8fa9e8effad8fa81386\"},\"headline\":\"Va Protecci\u00f3n Civil Sonora por revisi\u00f3n a mil 455 guarder\u00edas y estancias infantiles en este a\u00f1o\",\"datePublished\":\"2023-04-04T22:37:34+00:00\",\"mainEntityOfPage\":{\"@id\":\"https:\/\/www.sonoraenequipo.com.mx\/va-proteccion-civil-sonora-por-revision-a-mil-455-guarderias-y-estancias-infantiles-en-este-ano\/\"},\"wordCount\":475,\"commentCount\":0,\"publisher\":{\"@id\":\"https:\/\/www.sonoraenequipo.com.mx\/#organization\"},\"image\":{\"@id\":\"https:\/\/www.sonoraenequipo.com.mx\/va-proteccion-civil-sonora-por-revision-a-mil-455-guarderias-y-estancias-infantiles-en-este-ano\/#primaryimage\"},\"thumbnailUrl\":\"https:\/\/www.sonoraenequipo.com.mx\/storage\/2023\/03\/suspension-guarderia.jpg\",\"keywords\":[\"cepc\",\"guarderias\",\"Sonora\"],\"articleSection\":[\"Sonora\"],\"inLanguage\":\"es\",\"potentialAction\":[{\"@type\":\"CommentAction\",\"name\":\"Comment\",\"target\":[\"https:\/\/www.sonoraenequipo.com.mx\/va-proteccion-civil-sonora-por-revision-a-mil-455-guarderias-y-estancias-infantiles-en-este-ano\/#respond\"]}]},{\"@type\":\"WebPage\",\"@id\":\"https:\/\/www.sonoraenequipo.com.mx\/va-proteccion-civil-sonora-por-revision-a-mil-455-guarderias-y-estancias-infantiles-en-este-ano\/\",\"url\":\"https:\/\/www.sonoraenequipo.com.mx\/va-proteccion-civil-sonora-por-revision-a-mil-455-guarderias-y-estancias-infantiles-en-este-ano\/\",\"name\":\"Sonora en Equipo. Va Protecci\u00f3n Civil Sonora por revisi\u00f3n a mil 455 guarder\u00edas y estancias infantiles en este a\u00f1o Sonora\",\"isPartOf\":{\"@id\":\"https:\/\/www.sonoraenequipo.com.mx\/#website\"},\"primaryImageOfPage\":{\"@id\":\"https:\/\/www.sonoraenequipo.com.mx\/va-proteccion-civil-sonora-por-revision-a-mil-455-guarderias-y-estancias-infantiles-en-este-ano\/#primaryimage\"},\"image\":{\"@id\":\"https:\/\/www.sonoraenequipo.com.mx\/va-proteccion-civil-sonora-por-revision-a-mil-455-guarderias-y-estancias-infantiles-en-este-ano\/#primaryimage\"},\"thumbnailUrl\":\"https:\/\/www.sonoraenequipo.com.mx\/storage\/2023\/03\/suspension-guarderia.jpg\",\"datePublished\":\"2023-04-04T22:37:34+00:00\",\"description\":\"HERMOSILLO, SONORA,MX.\u2500\u2500 La Coordinaci\u00f3n Estatal de Protecci\u00f3n Civil en Sonora (CEPC) revisar\u00e1 este a\u00f1o siete veces m\u00e1s guarder\u00edas y estancias infantiles En Sonora en Equipo publicamos toda la informaci\u00f3n de Sonora, M\u00e9xico y el Mundo de manera oportuna y busca que la libertad de expresi\u00f3n sea real. Visita nuestro medio informativo publicado desde Hermosillo, Sonora. %\",\"breadcrumb\":{\"@id\":\"https:\/\/www.sonoraenequipo.com.mx\/va-proteccion-civil-sonora-por-revision-a-mil-455-guarderias-y-estancias-infantiles-en-este-ano\/#breadcrumb\"},\"inLanguage\":\"es\",\"potentialAction\":[{\"@type\":\"ReadAction\",\"target\":[\"https:\/\/www.sonoraenequipo.com.mx\/va-proteccion-civil-sonora-por-revision-a-mil-455-guarderias-y-estancias-infantiles-en-este-ano\/\"]}]},{\"@type\":\"ImageObject\",\"inLanguage\":\"es\",\"@id\":\"https:\/\/www.sonoraenequipo.com.mx\/va-proteccion-civil-sonora-por-revision-a-mil-455-guarderias-y-estancias-infantiles-en-este-ano\/#primaryimage\",\"url\":\"https:\/\/www.sonoraenequipo.com.mx\/storage\/2023\/03\/suspension-guarderia.jpg\",\"contentUrl\":\"https:\/\/www.sonoraenequipo.com.mx\/storage\/2023\/03\/suspension-guarderia.jpg\",\"width\":600,\"height\":400},{\"@type\":\"BreadcrumbList\",\"@id\":\"https:\/\/www.sonoraenequipo.com.mx\/va-proteccion-civil-sonora-por-revision-a-mil-455-guarderias-y-estancias-infantiles-en-este-ano\/#breadcrumb\",\"itemListElement\":[{\"@type\":\"ListItem\",\"position\":1,\"name\":\"Portada\",\"item\":\"https:\/\/www.sonoraenequipo.com.mx\/\"},{\"@type\":\"ListItem\",\"position\":2,\"name\":\"Va Protecci\u00f3n Civil Sonora por revisi\u00f3n a mil 455 guarder\u00edas y estancias infantiles en este a\u00f1o\"}]},{\"@type\":\"WebSite\",\"@id\":\"https:\/\/www.sonoraenequipo.com.mx\/#website\",\"url\":\"https:\/\/www.sonoraenequipo.com.mx\/\",\"name\":\"Sonora en Equipo.\",\"description\":\"Diario en l\u00ednea con Noticias desde Hermosillo, Sonora\",\"publisher\":{\"@id\":\"https:\/\/www.sonoraenequipo.com.mx\/#organization\"},\"potentialAction\":[{\"@type\":\"SearchAction\",\"target\":{\"@type\":\"EntryPoint\",\"urlTemplate\":\"https:\/\/www.sonoraenequipo.com.mx\/?s={search_term_string}\"},\"query-input\":{\"@type\":\"PropertyValueSpecification\",\"valueRequired\":true,\"valueName\":\"search_term_string\"}}],\"inLanguage\":\"es\"},{\"@type\":\"Organization\",\"@id\":\"https:\/\/www.sonoraenequipo.com.mx\/#organization\",\"name\":\"Sonoraenequipo.com.mx\",\"url\":\"https:\/\/www.sonoraenequipo.com.mx\/\",\"logo\":{\"@type\":\"ImageObject\",\"inLanguage\":\"es\",\"@id\":\"https:\/\/www.sonoraenequipo.com.mx\/#\/schema\/logo\/image\/\",\"url\":\"https:\/\/www.sonoraenequipo.com.mx\/storage\/2019\/01\/sonoraenequipo_opt.png\",\"contentUrl\":\"https:\/\/www.sonoraenequipo.com.mx\/storage\/2019\/01\/sonoraenequipo_opt.png\",\"width\":375,\"height\":125,\"caption\":\"Sonoraenequipo.com.mx\"},\"image\":{\"@id\":\"https:\/\/www.sonoraenequipo.com.mx\/#\/schema\/logo\/image\/\"},\"sameAs\":[\"https:\/\/www.facebook.com\/SonoraEE\/\",\"https:\/\/x.com\/sonoraenequipo\",\"https:\/\/www.youtube.com\/channel\/UC338nW-lPEYmJQs4ZABQ1SQ\"]},{\"@type\":\"Person\",\"@id\":\"https:\/\/www.sonoraenequipo.com.mx\/#\/schema\/person\/50102df0fb23a8fa9e8effad8fa81386\",\"name\":\"enequipo\",\"image\":{\"@type\":\"ImageObject\",\"inLanguage\":\"es\",\"@id\":\"https:\/\/www.sonoraenequipo.com.mx\/#\/schema\/person\/image\/\",\"url\":\"https:\/\/secure.gravatar.com\/avatar\/049821681b589dabc0bc20695993ccebb09f5b5d4d790cd9251b97faac7c652b?s=96&d=blank&r=g\",\"contentUrl\":\"https:\/\/secure.gravatar.com\/avatar\/049821681b589dabc0bc20695993ccebb09f5b5d4d790cd9251b97faac7c652b?s=96&d=blank&r=g\",\"caption\":\"enequipo\"},\"sameAs\":[\"https:\/\/www.facebook.com\/SonoraEE\"]}]}<\/script>\n ","yoast_head_json":{"title":"Sonora en Equipo. Va Protecci\u00f3n Civil Sonora por revisi\u00f3n a mil 455 guarder\u00edas y estancias infantiles en este a\u00f1o Sonora","description":"HERMOSILLO, SONORA,MX.\u2500\u2500 La Coordinaci\u00f3n Estatal de Protecci\u00f3n Civil en Sonora (CEPC) revisar\u00e1 este a\u00f1o siete veces m\u00e1s guarder\u00edas y estancias infantiles En Sonora en Equipo publicamos toda la informaci\u00f3n de Sonora, M\u00e9xico y el Mundo de manera oportuna y busca que la libertad de expresi\u00f3n sea real. Visita nuestro medio informativo publicado desde Hermosillo, Sonora. %","robots":{"index":"index","follow":"follow","max-snippet":"max-snippet:-1","max-image-preview":"max-image-preview:large","max-video-preview":"max-video-preview:-1"},"canonical":"https:\/\/www.sonoraenequipo.com.mx\/va-proteccion-civil-sonora-por-revision-a-mil-455-guarderias-y-estancias-infantiles-en-este-ano\/","og_locale":"es_ES","og_type":"article","og_title":"Sonora en Equipo. Va Protecci\u00f3n Civil Sonora por revisi\u00f3n a mil 455 guarder\u00edas y estancias infantiles en este a\u00f1o Sonora","og_description":"HERMOSILLO, SONORA,MX.\u2500\u2500 La Coordinaci\u00f3n Estatal de Protecci\u00f3n Civil en Sonora (CEPC) revisar\u00e1 este a\u00f1o siete veces m\u00e1s guarder\u00edas y estancias infantiles En Sonora en Equipo publicamos toda la informaci\u00f3n de Sonora, M\u00e9xico y el Mundo de manera oportuna y busca que la libertad de expresi\u00f3n sea real. Visita nuestro medio informativo publicado desde Hermosillo, Sonora. %","og_url":"https:\/\/www.sonoraenequipo.com.mx\/va-proteccion-civil-sonora-por-revision-a-mil-455-guarderias-y-estancias-infantiles-en-este-ano\/","og_site_name":"Sonora en Equipo.","article_publisher":"https:\/\/www.facebook.com\/SonoraEE\/","article_author":"https:\/\/www.facebook.com\/SonoraEE","article_published_time":"2023-04-04T22:37:34+00:00","og_image":[{"width":600,"height":400,"url":"https:\/\/www.sonoraenequipo.com.mx\/storage\/2023\/03\/suspension-guarderia.jpg","type":"image\/jpeg"}],"author":"enequipo","twitter_card":"summary_large_image","twitter_creator":"@sonoraenequipo","twitter_site":"@sonoraenequipo","twitter_misc":{"Escrito por":"enequipo","Tiempo de lectura":"2 minutos"},"schema":{"@context":"https:\/\/schema.org","@graph":[{"@type":"Article","@id":"https:\/\/www.sonoraenequipo.com.mx\/va-proteccion-civil-sonora-por-revision-a-mil-455-guarderias-y-estancias-infantiles-en-este-ano\/#article","isPartOf":{"@id":"https:\/\/www.sonoraenequipo.com.mx\/va-proteccion-civil-sonora-por-revision-a-mil-455-guarderias-y-estancias-infantiles-en-este-ano\/"},"author":{"name":"enequipo","@id":"https:\/\/www.sonoraenequipo.com.mx\/#\/schema\/person\/50102df0fb23a8fa9e8effad8fa81386"},"headline":"Va Protecci\u00f3n Civil Sonora por revisi\u00f3n a mil 455 guarder\u00edas y estancias infantiles en este a\u00f1o","datePublished":"2023-04-04T22:37:34+00:00","mainEntityOfPage":{"@id":"https:\/\/www.sonoraenequipo.com.mx\/va-proteccion-civil-sonora-por-revision-a-mil-455-guarderias-y-estancias-infantiles-en-este-ano\/"},"wordCount":475,"commentCount":0,"publisher":{"@id":"https:\/\/www.sonoraenequipo.com.mx\/#organization"},"image":{"@id":"https:\/\/www.sonoraenequipo.com.mx\/va-proteccion-civil-sonora-por-revision-a-mil-455-guarderias-y-estancias-infantiles-en-este-ano\/#primaryimage"},"thumbnailUrl":"https:\/\/www.sonoraenequipo.com.mx\/storage\/2023\/03\/suspension-guarderia.jpg","keywords":["cepc","guarderias","Sonora"],"articleSection":["Sonora"],"inLanguage":"es","potentialAction":[{"@type":"CommentAction","name":"Comment","target":["https:\/\/www.sonoraenequipo.com.mx\/va-proteccion-civil-sonora-por-revision-a-mil-455-guarderias-y-estancias-infantiles-en-este-ano\/#respond"]}]},{"@type":"WebPage","@id":"https:\/\/www.sonoraenequipo.com.mx\/va-proteccion-civil-sonora-por-revision-a-mil-455-guarderias-y-estancias-infantiles-en-este-ano\/","url":"https:\/\/www.sonoraenequipo.com.mx\/va-proteccion-civil-sonora-por-revision-a-mil-455-guarderias-y-estancias-infantiles-en-este-ano\/","name":"Sonora en Equipo. Va Protecci\u00f3n Civil Sonora por revisi\u00f3n a mil 455 guarder\u00edas y estancias infantiles en este a\u00f1o Sonora","isPartOf":{"@id":"https:\/\/www.sonoraenequipo.com.mx\/#website"},"primaryImageOfPage":{"@id":"https:\/\/www.sonoraenequipo.com.mx\/va-proteccion-civil-sonora-por-revision-a-mil-455-guarderias-y-estancias-infantiles-en-este-ano\/#primaryimage"},"image":{"@id":"https:\/\/www.sonoraenequipo.com.mx\/va-proteccion-civil-sonora-por-revision-a-mil-455-guarderias-y-estancias-infantiles-en-este-ano\/#primaryimage"},"thumbnailUrl":"https:\/\/www.sonoraenequipo.com.mx\/storage\/2023\/03\/suspension-guarderia.jpg","datePublished":"2023-04-04T22:37:34+00:00","description":"HERMOSILLO, SONORA,MX.\u2500\u2500 La Coordinaci\u00f3n Estatal de Protecci\u00f3n Civil en Sonora (CEPC) revisar\u00e1 este a\u00f1o siete veces m\u00e1s guarder\u00edas y estancias infantiles En Sonora en Equipo publicamos toda la informaci\u00f3n de Sonora, M\u00e9xico y el Mundo de manera oportuna y busca que la libertad de expresi\u00f3n sea real. Visita nuestro medio informativo publicado desde Hermosillo, Sonora. %","breadcrumb":{"@id":"https:\/\/www.sonoraenequipo.com.mx\/va-proteccion-civil-sonora-por-revision-a-mil-455-guarderias-y-estancias-infantiles-en-este-ano\/#breadcrumb"},"inLanguage":"es","potentialAction":[{"@type":"ReadAction","target":["https:\/\/www.sonoraenequipo.com.mx\/va-proteccion-civil-sonora-por-revision-a-mil-455-guarderias-y-estancias-infantiles-en-este-ano\/"]}]},{"@type":"ImageObject","inLanguage":"es","@id":"https:\/\/www.sonoraenequipo.com.mx\/va-proteccion-civil-sonora-por-revision-a-mil-455-guarderias-y-estancias-infantiles-en-este-ano\/#primaryimage","url":"https:\/\/www.sonoraenequipo.com.mx\/storage\/2023\/03\/suspension-guarderia.jpg","contentUrl":"https:\/\/www.sonoraenequipo.com.mx\/storage\/2023\/03\/suspension-guarderia.jpg","width":600,"height":400},{"@type":"BreadcrumbList","@id":"https:\/\/www.sonoraenequipo.com.mx\/va-proteccion-civil-sonora-por-revision-a-mil-455-guarderias-y-estancias-infantiles-en-este-ano\/#breadcrumb","itemListElement":[{"@type":"ListItem","position":1,"name":"Portada","item":"https:\/\/www.sonoraenequipo.com.mx\/"},{"@type":"ListItem","position":2,"name":"Va Protecci\u00f3n Civil Sonora por revisi\u00f3n a mil 455 guarder\u00edas y estancias infantiles en este a\u00f1o"}]},{"@type":"WebSite","@id":"https:\/\/www.sonoraenequipo.com.mx\/#website","url":"https:\/\/www.sonoraenequipo.com.mx\/","name":"Sonora en Equipo.","description":"Diario en l\u00ednea con Noticias desde Hermosillo, Sonora","publisher":{"@id":"https:\/\/www.sonoraenequipo.com.mx\/#organization"},"potentialAction":[{"@type":"SearchAction","target":{"@type":"EntryPoint","urlTemplate":"https:\/\/www.sonoraenequipo.com.mx\/?s={search_term_string}"},"query-input":{"@type":"PropertyValueSpecification","valueRequired":true,"valueName":"search_term_string"}}],"inLanguage":"es"},{"@type":"Organization","@id":"https:\/\/www.sonoraenequipo.com.mx\/#organization","name":"Sonoraenequipo.com.mx","url":"https:\/\/www.sonoraenequipo.com.mx\/","logo":{"@type":"ImageObject","inLanguage":"es","@id":"https:\/\/www.sonoraenequipo.com.mx\/#\/schema\/logo\/image\/","url":"https:\/\/www.sonoraenequipo.com.mx\/storage\/2019\/01\/sonoraenequipo_opt.png","contentUrl":"https:\/\/www.sonoraenequipo.com.mx\/storage\/2019\/01\/sonoraenequipo_opt.png","width":375,"height":125,"caption":"Sonoraenequipo.com.mx"},"image":{"@id":"https:\/\/www.sonoraenequipo.com.mx\/#\/schema\/logo\/image\/"},"sameAs":["https:\/\/www.facebook.com\/SonoraEE\/","https:\/\/x.com\/sonoraenequipo","https:\/\/www.youtube.com\/channel\/UC338nW-lPEYmJQs4ZABQ1SQ"]},{"@type":"Person","@id":"https:\/\/www.sonoraenequipo.com.mx\/#\/schema\/person\/50102df0fb23a8fa9e8effad8fa81386","name":"enequipo","image":{"@type":"ImageObject","inLanguage":"es","@id":"https:\/\/www.sonoraenequipo.com.mx\/#\/schema\/person\/image\/","url":"https:\/\/secure.gravatar.com\/avatar\/049821681b589dabc0bc20695993ccebb09f5b5d4d790cd9251b97faac7c652b?s=96&d=blank&r=g","contentUrl":"https:\/\/secure.gravatar.com\/avatar\/049821681b589dabc0bc20695993ccebb09f5b5d4d790cd9251b97faac7c652b?s=96&d=blank&r=g","caption":"enequipo"},"sameAs":["https:\/\/www.facebook.com\/SonoraEE"]}]}},"jetpack_featured_media_url":"https:\/\/www.sonoraenequipo.com.mx\/storage\/2023\/03\/suspension-guarderia.jpg","_links":{"self":[{"href":"https:\/\/www.sonoraenequipo.com.mx\/api\/wp\/v2\/posts\/162407","targetHints":{"allow":["GET"]}}],"collection":[{"href":"https:\/\/www.sonoraenequipo.com.mx\/api\/wp\/v2\/posts"}],"about":[{"href":"https:\/\/www.sonoraenequipo.com.mx\/api\/wp\/v2\/types\/post"}],"author":[{"embeddable":true,"href":"https:\/\/www.sonoraenequipo.com.mx\/api\/wp\/v2\/users\/1"}],"replies":[{"embeddable":true,"href":"https:\/\/www.sonoraenequipo.com.mx\/api\/wp\/v2\/comments?post=162407"}],"version-history":[{"count":1,"href":"https:\/\/www.sonoraenequipo.com.mx\/api\/wp\/v2\/posts\/162407\/revisions"}],"predecessor-version":[{"id":162408,"href":"https:\/\/www.sonoraenequipo.com.mx\/api\/wp\/v2\/posts\/162407\/revisions\/162408"}],"wp:featuredmedia":[{"embeddable":true,"href":"https:\/\/www.sonoraenequipo.com.mx\/api\/wp\/v2\/media\/161090"}],"wp:attachment":[{"href":"https:\/\/www.sonoraenequipo.com.mx\/api\/wp\/v2\/media?parent=162407"}],"wp:term":[{"taxonomy":"category","embeddable":true,"href":"https:\/\/www.sonoraenequipo.com.mx\/api\/wp\/v2\/categories?post=162407"},{"taxonomy":"post_tag","embeddable":true,"href":"https:\/\/www.sonoraenequipo.com.mx\/api\/wp\/v2\/tags?post=162407"}],"curies":[{"name":"wp","href":"https:\/\/api.w.org\/{rel}","templated":true}]}}