{"id":162658,"date":"2023-04-08T17:26:31","date_gmt":"2023-04-09T00:26:31","guid":{"rendered":"https:\/\/www.sonoraenequipo.com.mx\/?p=162658"},"modified":"2023-04-08T21:14:35","modified_gmt":"2023-04-09T04:14:35","slug":"fomentamos-el-turismo-en-la-sierra-con-la-rehabilitacion-de-la-carretera-hermosillo-mazatan-alfonso-durazo","status":"publish","type":"post","link":"https:\/\/www.sonoraenequipo.com.mx\/fomentamos-el-turismo-en-la-sierra-con-la-rehabilitacion-de-la-carretera-hermosillo-mazatan-alfonso-durazo\/","title":{"rendered":"Fomentamos el turismo en la sierra con la rehabilitaci\u00f3n de la carretera Hermosillo-Mazat\u00e1n: Alfonso Durazo"},"content":{"rendered":"<p><strong>HERMOSILLO, SONORA,MX.<\/strong><strong>\u2500\u2500<\/strong> La promoci\u00f3n tur\u00edstica de la zona serrana avanza gracias a la modernizaci\u00f3n de v\u00edas de comunicaci\u00f3n, como en el caso del arranque de obras de rehabilitaci\u00f3n de la carretera Hermosillo &#8211; Mazat\u00e1n, iniciado por la Secretar\u00eda de Infraestructura y Desarrollo Urbano (Sidur) y la Junta de Caminos, inform\u00f3 el gobernador Alfonso Durazo Monta\u00f1o.<\/p>\n<p>&nbsp;<\/p>\n<p>&nbsp;<\/p>\n<p>&nbsp;<\/p>\n<p>El mandatario explic\u00f3 que la rehabilitaci\u00f3n integral de 126 kil\u00f3metros de la carretera representar\u00e1 beneficios para las comunidades de Villa Pesqueira, San Pedro de la Cueva, Arivechi y Mazat\u00e1n, as\u00ed como para la capital del estado.<\/p>\n<p>&nbsp;<\/p>\n<p>&nbsp;<\/p>\n<p>&nbsp;<\/p>\n<p>A\u00f1adi\u00f3 que, para esta obra, se destin\u00f3 un recurso por el orden de los mil 892 millones de pesos, iniciativa que aumentar\u00e1 el flujo de turistas y mercanc\u00edas en esta zona del estado, y reforzar\u00e1 la actividad econ\u00f3mica en estas comunidades.<\/p>\n<p>&nbsp;<\/p>\n<p>&nbsp;<\/p>\n<p>&nbsp;<\/p>\n<p>\u201cTrabajamos para lograr un Sonora conectado. Cada comunidad, cada ciudad, cada pueblo, debe estar interconectado con todo el estado para facilitar la circulaci\u00f3n de bienes y personas, en particular turistas, para mejorar la econom\u00eda de las familias sonorenses\u201d, afirm\u00f3.<\/p>\n<p><strong><em><u>Fecha de publicaci\u00f3n\u00a0 s\u00e1bado 8 de abril de 2023 con informaci\u00f3n de boletines<\/u><\/em><\/strong><\/p>\n<p>&nbsp;<\/p>\n","protected":false},"excerpt":{"rendered":"<p>HERMOSILLO, SONORA,MX.\u2500\u2500 La promoci\u00f3n tur\u00edstica de la zona serrana avanza gracias a la modernizaci\u00f3n de&#8230;<\/p>\n","protected":false},"author":1,"featured_media":162659,"comment_status":"open","ping_status":"open","sticky":false,"template":"","format":"standard","meta":{"_monsterinsights_skip_tracking":false,"_monsterinsights_sitenote_active":false,"_monsterinsights_sitenote_note":"","_monsterinsights_sitenote_category":0,"footnotes":""},"categories":[22],"tags":[15,706],"class_list":["post"],"yoast_head":" \n<title>Sonora en Equipo. Fomentamos el turismo en la sierra con la rehabilitaci\u00f3n de la carretera Hermosillo-Mazat\u00e1n: Alfonso Durazo Sonora<\/title>\n<meta name=\"description\" content=\"HERMOSILLO, SONORA,MX.\u2500\u2500 La promoci\u00f3n tur\u00edstica de la zona serrana avanza gracias a la modernizaci\u00f3n de v\u00edas de comunicaci\u00f3n, como en el caso del arranque En Sonora en Equipo publicamos toda la informaci\u00f3n de Sonora, M\u00e9xico y el Mundo de manera oportuna y busca que la libertad de expresi\u00f3n sea real. Visita nuestro medio informativo publicado desde Hermosillo, Sonora. %\" \/>\n<meta name=\"robots\" content=\"index, follow, max-snippet:-1, max-image-preview:large, max-video-preview:-1\" \/>\n<link rel=\"canonical\" href=\"https:\/\/www.sonoraenequipo.com.mx\/fomentamos-el-turismo-en-la-sierra-con-la-rehabilitacion-de-la-carretera-hermosillo-mazatan-alfonso-durazo\/\" \/>\n<meta property=\"og:locale\" content=\"es_ES\" \/>\n<meta property=\"og:type\" content=\"article\" \/>\n<meta property=\"og:title\" content=\"Sonora en Equipo. Fomentamos el turismo en la sierra con la rehabilitaci\u00f3n de la carretera Hermosillo-Mazat\u00e1n: Alfonso Durazo Sonora\" \/>\n<meta property=\"og:description\" content=\"HERMOSILLO, SONORA,MX.\u2500\u2500 La promoci\u00f3n tur\u00edstica de la zona serrana avanza gracias a la modernizaci\u00f3n de v\u00edas de comunicaci\u00f3n, como en el caso del arranque En Sonora en Equipo publicamos toda la informaci\u00f3n de Sonora, M\u00e9xico y el Mundo de manera oportuna y busca que la libertad de expresi\u00f3n sea real. Visita nuestro medio informativo publicado desde Hermosillo, Sonora. %\" \/>\n<meta property=\"og:url\" content=\"https:\/\/www.sonoraenequipo.com.mx\/fomentamos-el-turismo-en-la-sierra-con-la-rehabilitacion-de-la-carretera-hermosillo-mazatan-alfonso-durazo\/\" \/>\n<meta property=\"og:site_name\" content=\"Sonora en Equipo.\" \/>\n<meta property=\"article:publisher\" content=\"https:\/\/www.facebook.com\/SonoraEE\/\" \/>\n<meta property=\"article:author\" content=\"https:\/\/www.facebook.com\/SonoraEE\" \/>\n<meta property=\"article:published_time\" content=\"2023-04-09T00:26:31+00:00\" \/>\n<meta property=\"article:modified_time\" content=\"2023-04-09T04:14:35+00:00\" \/>\n<meta property=\"og:image\" content=\"https:\/\/www.sonoraenequipo.com.mx\/storage\/2023\/04\/carr.hmo-maz.jpg\" \/>\n\t<meta property=\"og:image:width\" content=\"600\" \/>\n\t<meta property=\"og:image:height\" content=\"384\" \/>\n\t<meta property=\"og:image:type\" content=\"image\/jpeg\" \/>\n<meta name=\"author\" content=\"enequipo\" \/>\n<meta name=\"twitter:card\" content=\"summary_large_image\" \/>\n<meta name=\"twitter:creator\" content=\"@sonoraenequipo\" \/>\n<meta name=\"twitter:site\" content=\"@sonoraenequipo\" \/>\n<meta name=\"twitter:label1\" content=\"Escrito por\" \/>\n\t<meta name=\"twitter:data1\" content=\"enequipo\" \/>\n\t<meta name=\"twitter:label2\" content=\"Tiempo de lectura\" \/>\n\t<meta name=\"twitter:data2\" content=\"1 minuto\" \/>\n<script type=\"application\/ld+json\" class=\"yoast-schema-graph\">{\"@context\":\"https:\/\/schema.org\",\"@graph\":[{\"@type\":\"Article\",\"@id\":\"https:\/\/www.sonoraenequipo.com.mx\/fomentamos-el-turismo-en-la-sierra-con-la-rehabilitacion-de-la-carretera-hermosillo-mazatan-alfonso-durazo\/#article\",\"isPartOf\":{\"@id\":\"https:\/\/www.sonoraenequipo.com.mx\/fomentamos-el-turismo-en-la-sierra-con-la-rehabilitacion-de-la-carretera-hermosillo-mazatan-alfonso-durazo\/\"},\"author\":{\"name\":\"enequipo\",\"@id\":\"https:\/\/www.sonoraenequipo.com.mx\/#\/schema\/person\/50102df0fb23a8fa9e8effad8fa81386\"},\"headline\":\"Fomentamos el turismo en la sierra con la rehabilitaci\u00f3n de la carretera Hermosillo-Mazat\u00e1n: Alfonso Durazo\",\"datePublished\":\"2023-04-09T00:26:31+00:00\",\"dateModified\":\"2023-04-09T04:14:35+00:00\",\"mainEntityOfPage\":{\"@id\":\"https:\/\/www.sonoraenequipo.com.mx\/fomentamos-el-turismo-en-la-sierra-con-la-rehabilitacion-de-la-carretera-hermosillo-mazatan-alfonso-durazo\/\"},\"wordCount\":228,\"commentCount\":0,\"publisher\":{\"@id\":\"https:\/\/www.sonoraenequipo.com.mx\/#organization\"},\"image\":{\"@id\":\"https:\/\/www.sonoraenequipo.com.mx\/fomentamos-el-turismo-en-la-sierra-con-la-rehabilitacion-de-la-carretera-hermosillo-mazatan-alfonso-durazo\/#primaryimage\"},\"thumbnailUrl\":\"https:\/\/www.sonoraenequipo.com.mx\/storage\/2023\/04\/carr.hmo-maz.jpg\",\"keywords\":[\"Sonora\",\"turismo\"],\"articleSection\":[\"Sonora\"],\"inLanguage\":\"es\",\"potentialAction\":[{\"@type\":\"CommentAction\",\"name\":\"Comment\",\"target\":[\"https:\/\/www.sonoraenequipo.com.mx\/fomentamos-el-turismo-en-la-sierra-con-la-rehabilitacion-de-la-carretera-hermosillo-mazatan-alfonso-durazo\/#respond\"]}]},{\"@type\":\"WebPage\",\"@id\":\"https:\/\/www.sonoraenequipo.com.mx\/fomentamos-el-turismo-en-la-sierra-con-la-rehabilitacion-de-la-carretera-hermosillo-mazatan-alfonso-durazo\/\",\"url\":\"https:\/\/www.sonoraenequipo.com.mx\/fomentamos-el-turismo-en-la-sierra-con-la-rehabilitacion-de-la-carretera-hermosillo-mazatan-alfonso-durazo\/\",\"name\":\"Sonora en Equipo. Fomentamos el turismo en la sierra con la rehabilitaci\u00f3n de la carretera Hermosillo-Mazat\u00e1n: Alfonso Durazo Sonora\",\"isPartOf\":{\"@id\":\"https:\/\/www.sonoraenequipo.com.mx\/#website\"},\"primaryImageOfPage\":{\"@id\":\"https:\/\/www.sonoraenequipo.com.mx\/fomentamos-el-turismo-en-la-sierra-con-la-rehabilitacion-de-la-carretera-hermosillo-mazatan-alfonso-durazo\/#primaryimage\"},\"image\":{\"@id\":\"https:\/\/www.sonoraenequipo.com.mx\/fomentamos-el-turismo-en-la-sierra-con-la-rehabilitacion-de-la-carretera-hermosillo-mazatan-alfonso-durazo\/#primaryimage\"},\"thumbnailUrl\":\"https:\/\/www.sonoraenequipo.com.mx\/storage\/2023\/04\/carr.hmo-maz.jpg\",\"datePublished\":\"2023-04-09T00:26:31+00:00\",\"dateModified\":\"2023-04-09T04:14:35+00:00\",\"description\":\"HERMOSILLO, SONORA,MX.\u2500\u2500 La promoci\u00f3n tur\u00edstica de la zona serrana avanza gracias a la modernizaci\u00f3n de v\u00edas de comunicaci\u00f3n, como en el caso del arranque En Sonora en Equipo publicamos toda la informaci\u00f3n de Sonora, M\u00e9xico y el Mundo de manera oportuna y busca que la libertad de expresi\u00f3n sea real. Visita nuestro medio informativo publicado desde Hermosillo, Sonora. %\",\"breadcrumb\":{\"@id\":\"https:\/\/www.sonoraenequipo.com.mx\/fomentamos-el-turismo-en-la-sierra-con-la-rehabilitacion-de-la-carretera-hermosillo-mazatan-alfonso-durazo\/#breadcrumb\"},\"inLanguage\":\"es\",\"potentialAction\":[{\"@type\":\"ReadAction\",\"target\":[\"https:\/\/www.sonoraenequipo.com.mx\/fomentamos-el-turismo-en-la-sierra-con-la-rehabilitacion-de-la-carretera-hermosillo-mazatan-alfonso-durazo\/\"]}]},{\"@type\":\"ImageObject\",\"inLanguage\":\"es\",\"@id\":\"https:\/\/www.sonoraenequipo.com.mx\/fomentamos-el-turismo-en-la-sierra-con-la-rehabilitacion-de-la-carretera-hermosillo-mazatan-alfonso-durazo\/#primaryimage\",\"url\":\"https:\/\/www.sonoraenequipo.com.mx\/storage\/2023\/04\/carr.hmo-maz.jpg\",\"contentUrl\":\"https:\/\/www.sonoraenequipo.com.mx\/storage\/2023\/04\/carr.hmo-maz.jpg\",\"width\":600,\"height\":384},{\"@type\":\"BreadcrumbList\",\"@id\":\"https:\/\/www.sonoraenequipo.com.mx\/fomentamos-el-turismo-en-la-sierra-con-la-rehabilitacion-de-la-carretera-hermosillo-mazatan-alfonso-durazo\/#breadcrumb\",\"itemListElement\":[{\"@type\":\"ListItem\",\"position\":1,\"name\":\"Portada\",\"item\":\"https:\/\/www.sonoraenequipo.com.mx\/\"},{\"@type\":\"ListItem\",\"position\":2,\"name\":\"Fomentamos el turismo en la sierra con la rehabilitaci\u00f3n de la carretera Hermosillo-Mazat\u00e1n: Alfonso Durazo\"}]},{\"@type\":\"WebSite\",\"@id\":\"https:\/\/www.sonoraenequipo.com.mx\/#website\",\"url\":\"https:\/\/www.sonoraenequipo.com.mx\/\",\"name\":\"Sonora en Equipo.\",\"description\":\"Diario en l\u00ednea con Noticias desde Hermosillo, Sonora\",\"publisher\":{\"@id\":\"https:\/\/www.sonoraenequipo.com.mx\/#organization\"},\"potentialAction\":[{\"@type\":\"SearchAction\",\"target\":{\"@type\":\"EntryPoint\",\"urlTemplate\":\"https:\/\/www.sonoraenequipo.com.mx\/?s={search_term_string}\"},\"query-input\":{\"@type\":\"PropertyValueSpecification\",\"valueRequired\":true,\"valueName\":\"search_term_string\"}}],\"inLanguage\":\"es\"},{\"@type\":\"Organization\",\"@id\":\"https:\/\/www.sonoraenequipo.com.mx\/#organization\",\"name\":\"Sonoraenequipo.com.mx\",\"url\":\"https:\/\/www.sonoraenequipo.com.mx\/\",\"logo\":{\"@type\":\"ImageObject\",\"inLanguage\":\"es\",\"@id\":\"https:\/\/www.sonoraenequipo.com.mx\/#\/schema\/logo\/image\/\",\"url\":\"https:\/\/www.sonoraenequipo.com.mx\/storage\/2019\/01\/sonoraenequipo_opt.png\",\"contentUrl\":\"https:\/\/www.sonoraenequipo.com.mx\/storage\/2019\/01\/sonoraenequipo_opt.png\",\"width\":375,\"height\":125,\"caption\":\"Sonoraenequipo.com.mx\"},\"image\":{\"@id\":\"https:\/\/www.sonoraenequipo.com.mx\/#\/schema\/logo\/image\/\"},\"sameAs\":[\"https:\/\/www.facebook.com\/SonoraEE\/\",\"https:\/\/x.com\/sonoraenequipo\",\"https:\/\/www.youtube.com\/channel\/UC338nW-lPEYmJQs4ZABQ1SQ\"]},{\"@type\":\"Person\",\"@id\":\"https:\/\/www.sonoraenequipo.com.mx\/#\/schema\/person\/50102df0fb23a8fa9e8effad8fa81386\",\"name\":\"enequipo\",\"image\":{\"@type\":\"ImageObject\",\"inLanguage\":\"es\",\"@id\":\"https:\/\/www.sonoraenequipo.com.mx\/#\/schema\/person\/image\/\",\"url\":\"https:\/\/secure.gravatar.com\/avatar\/049821681b589dabc0bc20695993ccebb09f5b5d4d790cd9251b97faac7c652b?s=96&d=blank&r=g\",\"contentUrl\":\"https:\/\/secure.gravatar.com\/avatar\/049821681b589dabc0bc20695993ccebb09f5b5d4d790cd9251b97faac7c652b?s=96&d=blank&r=g\",\"caption\":\"enequipo\"},\"sameAs\":[\"https:\/\/www.facebook.com\/SonoraEE\"]}]}<\/script>\n ","yoast_head_json":{"title":"Sonora en Equipo. Fomentamos el turismo en la sierra con la rehabilitaci\u00f3n de la carretera Hermosillo-Mazat\u00e1n: Alfonso Durazo Sonora","description":"HERMOSILLO, SONORA,MX.\u2500\u2500 La promoci\u00f3n tur\u00edstica de la zona serrana avanza gracias a la modernizaci\u00f3n de v\u00edas de comunicaci\u00f3n, como en el caso del arranque En Sonora en Equipo publicamos toda la informaci\u00f3n de Sonora, M\u00e9xico y el Mundo de manera oportuna y busca que la libertad de expresi\u00f3n sea real. Visita nuestro medio informativo publicado desde Hermosillo, Sonora. %","robots":{"index":"index","follow":"follow","max-snippet":"max-snippet:-1","max-image-preview":"max-image-preview:large","max-video-preview":"max-video-preview:-1"},"canonical":"https:\/\/www.sonoraenequipo.com.mx\/fomentamos-el-turismo-en-la-sierra-con-la-rehabilitacion-de-la-carretera-hermosillo-mazatan-alfonso-durazo\/","og_locale":"es_ES","og_type":"article","og_title":"Sonora en Equipo. Fomentamos el turismo en la sierra con la rehabilitaci\u00f3n de la carretera Hermosillo-Mazat\u00e1n: Alfonso Durazo Sonora","og_description":"HERMOSILLO, SONORA,MX.\u2500\u2500 La promoci\u00f3n tur\u00edstica de la zona serrana avanza gracias a la modernizaci\u00f3n de v\u00edas de comunicaci\u00f3n, como en el caso del arranque En Sonora en Equipo publicamos toda la informaci\u00f3n de Sonora, M\u00e9xico y el Mundo de manera oportuna y busca que la libertad de expresi\u00f3n sea real. Visita nuestro medio informativo publicado desde Hermosillo, Sonora. %","og_url":"https:\/\/www.sonoraenequipo.com.mx\/fomentamos-el-turismo-en-la-sierra-con-la-rehabilitacion-de-la-carretera-hermosillo-mazatan-alfonso-durazo\/","og_site_name":"Sonora en Equipo.","article_publisher":"https:\/\/www.facebook.com\/SonoraEE\/","article_author":"https:\/\/www.facebook.com\/SonoraEE","article_published_time":"2023-04-09T00:26:31+00:00","article_modified_time":"2023-04-09T04:14:35+00:00","og_image":[{"width":600,"height":384,"url":"https:\/\/www.sonoraenequipo.com.mx\/storage\/2023\/04\/carr.hmo-maz.jpg","type":"image\/jpeg"}],"author":"enequipo","twitter_card":"summary_large_image","twitter_creator":"@sonoraenequipo","twitter_site":"@sonoraenequipo","twitter_misc":{"Escrito por":"enequipo","Tiempo de lectura":"1 minuto"},"schema":{"@context":"https:\/\/schema.org","@graph":[{"@type":"Article","@id":"https:\/\/www.sonoraenequipo.com.mx\/fomentamos-el-turismo-en-la-sierra-con-la-rehabilitacion-de-la-carretera-hermosillo-mazatan-alfonso-durazo\/#article","isPartOf":{"@id":"https:\/\/www.sonoraenequipo.com.mx\/fomentamos-el-turismo-en-la-sierra-con-la-rehabilitacion-de-la-carretera-hermosillo-mazatan-alfonso-durazo\/"},"author":{"name":"enequipo","@id":"https:\/\/www.sonoraenequipo.com.mx\/#\/schema\/person\/50102df0fb23a8fa9e8effad8fa81386"},"headline":"Fomentamos el turismo en la sierra con la rehabilitaci\u00f3n de la carretera Hermosillo-Mazat\u00e1n: Alfonso Durazo","datePublished":"2023-04-09T00:26:31+00:00","dateModified":"2023-04-09T04:14:35+00:00","mainEntityOfPage":{"@id":"https:\/\/www.sonoraenequipo.com.mx\/fomentamos-el-turismo-en-la-sierra-con-la-rehabilitacion-de-la-carretera-hermosillo-mazatan-alfonso-durazo\/"},"wordCount":228,"commentCount":0,"publisher":{"@id":"https:\/\/www.sonoraenequipo.com.mx\/#organization"},"image":{"@id":"https:\/\/www.sonoraenequipo.com.mx\/fomentamos-el-turismo-en-la-sierra-con-la-rehabilitacion-de-la-carretera-hermosillo-mazatan-alfonso-durazo\/#primaryimage"},"thumbnailUrl":"https:\/\/www.sonoraenequipo.com.mx\/storage\/2023\/04\/carr.hmo-maz.jpg","keywords":["Sonora","turismo"],"articleSection":["Sonora"],"inLanguage":"es","potentialAction":[{"@type":"CommentAction","name":"Comment","target":["https:\/\/www.sonoraenequipo.com.mx\/fomentamos-el-turismo-en-la-sierra-con-la-rehabilitacion-de-la-carretera-hermosillo-mazatan-alfonso-durazo\/#respond"]}]},{"@type":"WebPage","@id":"https:\/\/www.sonoraenequipo.com.mx\/fomentamos-el-turismo-en-la-sierra-con-la-rehabilitacion-de-la-carretera-hermosillo-mazatan-alfonso-durazo\/","url":"https:\/\/www.sonoraenequipo.com.mx\/fomentamos-el-turismo-en-la-sierra-con-la-rehabilitacion-de-la-carretera-hermosillo-mazatan-alfonso-durazo\/","name":"Sonora en Equipo. Fomentamos el turismo en la sierra con la rehabilitaci\u00f3n de la carretera Hermosillo-Mazat\u00e1n: Alfonso Durazo Sonora","isPartOf":{"@id":"https:\/\/www.sonoraenequipo.com.mx\/#website"},"primaryImageOfPage":{"@id":"https:\/\/www.sonoraenequipo.com.mx\/fomentamos-el-turismo-en-la-sierra-con-la-rehabilitacion-de-la-carretera-hermosillo-mazatan-alfonso-durazo\/#primaryimage"},"image":{"@id":"https:\/\/www.sonoraenequipo.com.mx\/fomentamos-el-turismo-en-la-sierra-con-la-rehabilitacion-de-la-carretera-hermosillo-mazatan-alfonso-durazo\/#primaryimage"},"thumbnailUrl":"https:\/\/www.sonoraenequipo.com.mx\/storage\/2023\/04\/carr.hmo-maz.jpg","datePublished":"2023-04-09T00:26:31+00:00","dateModified":"2023-04-09T04:14:35+00:00","description":"HERMOSILLO, SONORA,MX.\u2500\u2500 La promoci\u00f3n tur\u00edstica de la zona serrana avanza gracias a la modernizaci\u00f3n de v\u00edas de comunicaci\u00f3n, como en el caso del arranque En Sonora en Equipo publicamos toda la informaci\u00f3n de Sonora, M\u00e9xico y el Mundo de manera oportuna y busca que la libertad de expresi\u00f3n sea real. Visita nuestro medio informativo publicado desde Hermosillo, Sonora. %","breadcrumb":{"@id":"https:\/\/www.sonoraenequipo.com.mx\/fomentamos-el-turismo-en-la-sierra-con-la-rehabilitacion-de-la-carretera-hermosillo-mazatan-alfonso-durazo\/#breadcrumb"},"inLanguage":"es","potentialAction":[{"@type":"ReadAction","target":["https:\/\/www.sonoraenequipo.com.mx\/fomentamos-el-turismo-en-la-sierra-con-la-rehabilitacion-de-la-carretera-hermosillo-mazatan-alfonso-durazo\/"]}]},{"@type":"ImageObject","inLanguage":"es","@id":"https:\/\/www.sonoraenequipo.com.mx\/fomentamos-el-turismo-en-la-sierra-con-la-rehabilitacion-de-la-carretera-hermosillo-mazatan-alfonso-durazo\/#primaryimage","url":"https:\/\/www.sonoraenequipo.com.mx\/storage\/2023\/04\/carr.hmo-maz.jpg","contentUrl":"https:\/\/www.sonoraenequipo.com.mx\/storage\/2023\/04\/carr.hmo-maz.jpg","width":600,"height":384},{"@type":"BreadcrumbList","@id":"https:\/\/www.sonoraenequipo.com.mx\/fomentamos-el-turismo-en-la-sierra-con-la-rehabilitacion-de-la-carretera-hermosillo-mazatan-alfonso-durazo\/#breadcrumb","itemListElement":[{"@type":"ListItem","position":1,"name":"Portada","item":"https:\/\/www.sonoraenequipo.com.mx\/"},{"@type":"ListItem","position":2,"name":"Fomentamos el turismo en la sierra con la rehabilitaci\u00f3n de la carretera Hermosillo-Mazat\u00e1n: Alfonso Durazo"}]},{"@type":"WebSite","@id":"https:\/\/www.sonoraenequipo.com.mx\/#website","url":"https:\/\/www.sonoraenequipo.com.mx\/","name":"Sonora en Equipo.","description":"Diario en l\u00ednea con Noticias desde Hermosillo, Sonora","publisher":{"@id":"https:\/\/www.sonoraenequipo.com.mx\/#organization"},"potentialAction":[{"@type":"SearchAction","target":{"@type":"EntryPoint","urlTemplate":"https:\/\/www.sonoraenequipo.com.mx\/?s={search_term_string}"},"query-input":{"@type":"PropertyValueSpecification","valueRequired":true,"valueName":"search_term_string"}}],"inLanguage":"es"},{"@type":"Organization","@id":"https:\/\/www.sonoraenequipo.com.mx\/#organization","name":"Sonoraenequipo.com.mx","url":"https:\/\/www.sonoraenequipo.com.mx\/","logo":{"@type":"ImageObject","inLanguage":"es","@id":"https:\/\/www.sonoraenequipo.com.mx\/#\/schema\/logo\/image\/","url":"https:\/\/www.sonoraenequipo.com.mx\/storage\/2019\/01\/sonoraenequipo_opt.png","contentUrl":"https:\/\/www.sonoraenequipo.com.mx\/storage\/2019\/01\/sonoraenequipo_opt.png","width":375,"height":125,"caption":"Sonoraenequipo.com.mx"},"image":{"@id":"https:\/\/www.sonoraenequipo.com.mx\/#\/schema\/logo\/image\/"},"sameAs":["https:\/\/www.facebook.com\/SonoraEE\/","https:\/\/x.com\/sonoraenequipo","https:\/\/www.youtube.com\/channel\/UC338nW-lPEYmJQs4ZABQ1SQ"]},{"@type":"Person","@id":"https:\/\/www.sonoraenequipo.com.mx\/#\/schema\/person\/50102df0fb23a8fa9e8effad8fa81386","name":"enequipo","image":{"@type":"ImageObject","inLanguage":"es","@id":"https:\/\/www.sonoraenequipo.com.mx\/#\/schema\/person\/image\/","url":"https:\/\/secure.gravatar.com\/avatar\/049821681b589dabc0bc20695993ccebb09f5b5d4d790cd9251b97faac7c652b?s=96&d=blank&r=g","contentUrl":"https:\/\/secure.gravatar.com\/avatar\/049821681b589dabc0bc20695993ccebb09f5b5d4d790cd9251b97faac7c652b?s=96&d=blank&r=g","caption":"enequipo"},"sameAs":["https:\/\/www.facebook.com\/SonoraEE"]}]}},"jetpack_featured_media_url":"https:\/\/www.sonoraenequipo.com.mx\/storage\/2023\/04\/carr.hmo-maz.jpg","_links":{"self":[{"href":"https:\/\/www.sonoraenequipo.com.mx\/api\/wp\/v2\/posts\/162658","targetHints":{"allow":["GET"]}}],"collection":[{"href":"https:\/\/www.sonoraenequipo.com.mx\/api\/wp\/v2\/posts"}],"about":[{"href":"https:\/\/www.sonoraenequipo.com.mx\/api\/wp\/v2\/types\/post"}],"author":[{"embeddable":true,"href":"https:\/\/www.sonoraenequipo.com.mx\/api\/wp\/v2\/users\/1"}],"replies":[{"embeddable":true,"href":"https:\/\/www.sonoraenequipo.com.mx\/api\/wp\/v2\/comments?post=162658"}],"version-history":[{"count":1,"href":"https:\/\/www.sonoraenequipo.com.mx\/api\/wp\/v2\/posts\/162658\/revisions"}],"predecessor-version":[{"id":162660,"href":"https:\/\/www.sonoraenequipo.com.mx\/api\/wp\/v2\/posts\/162658\/revisions\/162660"}],"wp:featuredmedia":[{"embeddable":true,"href":"https:\/\/www.sonoraenequipo.com.mx\/api\/wp\/v2\/media\/162659"}],"wp:attachment":[{"href":"https:\/\/www.sonoraenequipo.com.mx\/api\/wp\/v2\/media?parent=162658"}],"wp:term":[{"taxonomy":"category","embeddable":true,"href":"https:\/\/www.sonoraenequipo.com.mx\/api\/wp\/v2\/categories?post=162658"},{"taxonomy":"post_tag","embeddable":true,"href":"https:\/\/www.sonoraenequipo.com.mx\/api\/wp\/v2\/tags?post=162658"}],"curies":[{"name":"wp","href":"https:\/\/api.w.org\/{rel}","templated":true}]}}