{"id":162821,"date":"2023-04-11T13:09:28","date_gmt":"2023-04-11T20:09:28","guid":{"rendered":"https:\/\/www.sonoraenequipo.com.mx\/?p=162821"},"modified":"2023-04-11T13:09:28","modified_gmt":"2023-04-11T20:09:28","slug":"interpol-activa-ficha-roja-para-la-busqueda-de-nathan-karim-n-responsable-de-atropellar-a-una-familia-en-hermosillo-sonora","status":"publish","type":"post","link":"https:\/\/www.sonoraenequipo.com.mx\/interpol-activa-ficha-roja-para-la-busqueda-de-nathan-karim-n-responsable-de-atropellar-a-una-familia-en-hermosillo-sonora\/","title":{"rendered":"Interpol activa \u00a0ficha roja para la b\u00fasqueda de Nathan karim \u201cN.\u201d, responsable de atropellar a una familia en Hermosillo, Sonora"},"content":{"rendered":"<p>&nbsp;<\/p>\n<p>&nbsp;<\/p>\n<p><strong>HERMOSILLO, SONORA,MX.<\/strong><strong>\u2500\u2500<\/strong> La Organizaci\u00f3n Internacional de Polic\u00eda Criminal (Interpol) o Polic\u00eda Internacional acepta la solicitud de la Fiscal\u00eda General de Justicia del Estado de Sonora para activar la Alerta Migratoria y Ficha Roja para la b\u00fasqueda internacional de Nathan Karim \u201cN.\u201d responsable de atropellar a una familia el pasado 5 de marzo, al sur de Hermosillo, inform\u00f3 Claudia Indira Contreras C\u00f3rdova, Fiscal General de Justicia en Sonora.<\/p>\n<p>&nbsp;<\/p>\n<p>\u201cYa tuvimos respuesta de la Interpol aceptando y apoyando la solicitud que hicimos en Fiscal\u00eda para la alerta migratoria y la ficha roja, entonces seguimos trabajando en ese tema, recibimos el oficio y con esto se da conocimiento a nivel internacional sobre la b\u00fasqueda de esta persona en Sonora\u201d.<\/p>\n<p>&nbsp;<\/p>\n<p>La Fiscal General del Estado, indic\u00f3, adem\u00e1s, que el acuerdo al que se lleg\u00f3 en relaci\u00f3n con el delito de encubrimiento de los padres de Nathan Karim \u201cN.\u201d, se refiere a un plan de reparaci\u00f3n derivado de una suspensi\u00f3n condicional propuesta por la defensa y que los padres de Ximena y Favr\u00e9 aceptaron, y corresponde al delito de encubrimiento, en tanto se mantienen las investigaciones por el delito de atropellamiento, hecho por el que se busca al probable responsable.<\/p>\n<p>&nbsp;<\/p>\n<p>Por tal motivo, la Fiscal General de Justicia en la entidad, subray\u00f3 que se mantiene la investigaci\u00f3n y la b\u00fasqueda, ahora de manera internacional, de quien es el probable responsable de causar el impacto de un veh\u00edculo en perjuicio de Brenda y sus dos hijos Ximena y Favr\u00e9 en la colonia Cuauht\u00e9moc en la capital sonorense.<\/p>\n<p>&nbsp;<\/p>\n<p><strong><em><u>Fecha de publicaci\u00f3n martes 11 de abril de 2023 con informaci\u00f3n de boletines<\/u><\/em><\/strong><\/p>\n","protected":false},"excerpt":{"rendered":"<p>&nbsp; &nbsp; HERMOSILLO, SONORA,MX.\u2500\u2500 La Organizaci\u00f3n Internacional de Polic\u00eda Criminal (Interpol) o Polic\u00eda Internacional acepta&#8230;<\/p>\n","protected":false},"author":1,"featured_media":162822,"comment_status":"open","ping_status":"open","sticky":false,"template":"","format":"standard","meta":{"_monsterinsights_skip_tracking":false,"_monsterinsights_sitenote_active":false,"_monsterinsights_sitenote_note":"","_monsterinsights_sitenote_category":0,"footnotes":""},"categories":[1],"tags":[518,8407],"class_list":["post"],"yoast_head":" \n<title>Sonora en Equipo. Interpol activa \u00a0ficha roja para la b\u00fasqueda de Nathan karim \u201cN.\u201d, responsable de atropellar a una familia en Hermosillo, Sonora<\/title>\n<meta name=\"description\" content=\"&nbsp; &nbsp; HERMOSILLO, SONORA,MX.\u2500\u2500 La Organizaci\u00f3n Internacional de Polic\u00eda Criminal (Interpol) o Polic\u00eda Internacional acepta la solicitud de la En Sonora en Equipo publicamos toda la informaci\u00f3n de Sonora, M\u00e9xico y el Mundo de manera oportuna y busca que la libertad de expresi\u00f3n sea real. Visita nuestro medio informativo publicado desde Hermosillo, Sonora. %\" \/>\n<meta name=\"robots\" content=\"index, follow, max-snippet:-1, max-image-preview:large, max-video-preview:-1\" \/>\n<link rel=\"canonical\" href=\"https:\/\/www.sonoraenequipo.com.mx\/interpol-activa-ficha-roja-para-la-busqueda-de-nathan-karim-n-responsable-de-atropellar-a-una-familia-en-hermosillo-sonora\/\" \/>\n<meta property=\"og:locale\" content=\"es_ES\" \/>\n<meta property=\"og:type\" content=\"article\" \/>\n<meta property=\"og:title\" content=\"Sonora en Equipo. Interpol activa \u00a0ficha roja para la b\u00fasqueda de Nathan karim \u201cN.\u201d, responsable de atropellar a una familia en Hermosillo, Sonora\" \/>\n<meta property=\"og:description\" content=\"&nbsp; &nbsp; HERMOSILLO, SONORA,MX.\u2500\u2500 La Organizaci\u00f3n Internacional de Polic\u00eda Criminal (Interpol) o Polic\u00eda Internacional acepta la solicitud de la En Sonora en Equipo publicamos toda la informaci\u00f3n de Sonora, M\u00e9xico y el Mundo de manera oportuna y busca que la libertad de expresi\u00f3n sea real. Visita nuestro medio informativo publicado desde Hermosillo, Sonora. %\" \/>\n<meta property=\"og:url\" content=\"https:\/\/www.sonoraenequipo.com.mx\/interpol-activa-ficha-roja-para-la-busqueda-de-nathan-karim-n-responsable-de-atropellar-a-una-familia-en-hermosillo-sonora\/\" \/>\n<meta property=\"og:site_name\" content=\"Sonora en Equipo.\" \/>\n<meta property=\"article:publisher\" content=\"https:\/\/www.facebook.com\/SonoraEE\/\" \/>\n<meta property=\"article:author\" content=\"https:\/\/www.facebook.com\/SonoraEE\" \/>\n<meta property=\"article:published_time\" content=\"2023-04-11T20:09:28+00:00\" \/>\n<meta property=\"og:image\" content=\"https:\/\/www.sonoraenequipo.com.mx\/storage\/2023\/04\/interpol.jpg\" \/>\n\t<meta property=\"og:image:width\" content=\"600\" \/>\n\t<meta property=\"og:image:height\" content=\"400\" \/>\n\t<meta property=\"og:image:type\" content=\"image\/jpeg\" \/>\n<meta name=\"author\" content=\"enequipo\" \/>\n<meta name=\"twitter:card\" content=\"summary_large_image\" \/>\n<meta name=\"twitter:creator\" content=\"@sonoraenequipo\" \/>\n<meta name=\"twitter:site\" content=\"@sonoraenequipo\" \/>\n<meta name=\"twitter:label1\" content=\"Escrito por\" \/>\n\t<meta name=\"twitter:data1\" content=\"enequipo\" \/>\n\t<meta name=\"twitter:label2\" content=\"Tiempo de lectura\" \/>\n\t<meta name=\"twitter:data2\" content=\"1 minuto\" \/>\n<script type=\"application\/ld+json\" class=\"yoast-schema-graph\">{\"@context\":\"https:\/\/schema.org\",\"@graph\":[{\"@type\":\"Article\",\"@id\":\"https:\/\/www.sonoraenequipo.com.mx\/interpol-activa-ficha-roja-para-la-busqueda-de-nathan-karim-n-responsable-de-atropellar-a-una-familia-en-hermosillo-sonora\/#article\",\"isPartOf\":{\"@id\":\"https:\/\/www.sonoraenequipo.com.mx\/interpol-activa-ficha-roja-para-la-busqueda-de-nathan-karim-n-responsable-de-atropellar-a-una-familia-en-hermosillo-sonora\/\"},\"author\":{\"name\":\"enequipo\",\"@id\":\"https:\/\/www.sonoraenequipo.com.mx\/#\/schema\/person\/50102df0fb23a8fa9e8effad8fa81386\"},\"headline\":\"Interpol activa \u00a0ficha roja para la b\u00fasqueda de Nathan karim \u201cN.\u201d, responsable de atropellar a una familia en Hermosillo, Sonora\",\"datePublished\":\"2023-04-11T20:09:28+00:00\",\"mainEntityOfPage\":{\"@id\":\"https:\/\/www.sonoraenequipo.com.mx\/interpol-activa-ficha-roja-para-la-busqueda-de-nathan-karim-n-responsable-de-atropellar-a-una-familia-en-hermosillo-sonora\/\"},\"wordCount\":307,\"commentCount\":0,\"publisher\":{\"@id\":\"https:\/\/www.sonoraenequipo.com.mx\/#organization\"},\"image\":{\"@id\":\"https:\/\/www.sonoraenequipo.com.mx\/interpol-activa-ficha-roja-para-la-busqueda-de-nathan-karim-n-responsable-de-atropellar-a-una-familia-en-hermosillo-sonora\/#primaryimage\"},\"thumbnailUrl\":\"https:\/\/www.sonoraenequipo.com.mx\/storage\/2023\/04\/interpol.jpg\",\"keywords\":[\"interpol\",\"Nathan Karim\"],\"articleSection\":[\"Sin categorizar\"],\"inLanguage\":\"es\",\"potentialAction\":[{\"@type\":\"CommentAction\",\"name\":\"Comment\",\"target\":[\"https:\/\/www.sonoraenequipo.com.mx\/interpol-activa-ficha-roja-para-la-busqueda-de-nathan-karim-n-responsable-de-atropellar-a-una-familia-en-hermosillo-sonora\/#respond\"]}]},{\"@type\":\"WebPage\",\"@id\":\"https:\/\/www.sonoraenequipo.com.mx\/interpol-activa-ficha-roja-para-la-busqueda-de-nathan-karim-n-responsable-de-atropellar-a-una-familia-en-hermosillo-sonora\/\",\"url\":\"https:\/\/www.sonoraenequipo.com.mx\/interpol-activa-ficha-roja-para-la-busqueda-de-nathan-karim-n-responsable-de-atropellar-a-una-familia-en-hermosillo-sonora\/\",\"name\":\"Sonora en Equipo. Interpol activa \u00a0ficha roja para la b\u00fasqueda de Nathan karim \u201cN.\u201d, responsable de atropellar a una familia en Hermosillo, Sonora\",\"isPartOf\":{\"@id\":\"https:\/\/www.sonoraenequipo.com.mx\/#website\"},\"primaryImageOfPage\":{\"@id\":\"https:\/\/www.sonoraenequipo.com.mx\/interpol-activa-ficha-roja-para-la-busqueda-de-nathan-karim-n-responsable-de-atropellar-a-una-familia-en-hermosillo-sonora\/#primaryimage\"},\"image\":{\"@id\":\"https:\/\/www.sonoraenequipo.com.mx\/interpol-activa-ficha-roja-para-la-busqueda-de-nathan-karim-n-responsable-de-atropellar-a-una-familia-en-hermosillo-sonora\/#primaryimage\"},\"thumbnailUrl\":\"https:\/\/www.sonoraenequipo.com.mx\/storage\/2023\/04\/interpol.jpg\",\"datePublished\":\"2023-04-11T20:09:28+00:00\",\"description\":\"&nbsp; &nbsp; HERMOSILLO, SONORA,MX.\u2500\u2500 La Organizaci\u00f3n Internacional de Polic\u00eda Criminal (Interpol) o Polic\u00eda Internacional acepta la solicitud de la En Sonora en Equipo publicamos toda la informaci\u00f3n de Sonora, M\u00e9xico y el Mundo de manera oportuna y busca que la libertad de expresi\u00f3n sea real. Visita nuestro medio informativo publicado desde Hermosillo, Sonora. %\",\"breadcrumb\":{\"@id\":\"https:\/\/www.sonoraenequipo.com.mx\/interpol-activa-ficha-roja-para-la-busqueda-de-nathan-karim-n-responsable-de-atropellar-a-una-familia-en-hermosillo-sonora\/#breadcrumb\"},\"inLanguage\":\"es\",\"potentialAction\":[{\"@type\":\"ReadAction\",\"target\":[\"https:\/\/www.sonoraenequipo.com.mx\/interpol-activa-ficha-roja-para-la-busqueda-de-nathan-karim-n-responsable-de-atropellar-a-una-familia-en-hermosillo-sonora\/\"]}]},{\"@type\":\"ImageObject\",\"inLanguage\":\"es\",\"@id\":\"https:\/\/www.sonoraenequipo.com.mx\/interpol-activa-ficha-roja-para-la-busqueda-de-nathan-karim-n-responsable-de-atropellar-a-una-familia-en-hermosillo-sonora\/#primaryimage\",\"url\":\"https:\/\/www.sonoraenequipo.com.mx\/storage\/2023\/04\/interpol.jpg\",\"contentUrl\":\"https:\/\/www.sonoraenequipo.com.mx\/storage\/2023\/04\/interpol.jpg\",\"width\":600,\"height\":400},{\"@type\":\"BreadcrumbList\",\"@id\":\"https:\/\/www.sonoraenequipo.com.mx\/interpol-activa-ficha-roja-para-la-busqueda-de-nathan-karim-n-responsable-de-atropellar-a-una-familia-en-hermosillo-sonora\/#breadcrumb\",\"itemListElement\":[{\"@type\":\"ListItem\",\"position\":1,\"name\":\"Portada\",\"item\":\"https:\/\/www.sonoraenequipo.com.mx\/\"},{\"@type\":\"ListItem\",\"position\":2,\"name\":\"Interpol activa \u00a0ficha roja para la b\u00fasqueda de Nathan karim \u201cN.\u201d, responsable de atropellar a una familia en Hermosillo, Sonora\"}]},{\"@type\":\"WebSite\",\"@id\":\"https:\/\/www.sonoraenequipo.com.mx\/#website\",\"url\":\"https:\/\/www.sonoraenequipo.com.mx\/\",\"name\":\"Sonora en Equipo.\",\"description\":\"Diario en l\u00ednea con Noticias desde Hermosillo, Sonora\",\"publisher\":{\"@id\":\"https:\/\/www.sonoraenequipo.com.mx\/#organization\"},\"potentialAction\":[{\"@type\":\"SearchAction\",\"target\":{\"@type\":\"EntryPoint\",\"urlTemplate\":\"https:\/\/www.sonoraenequipo.com.mx\/?s={search_term_string}\"},\"query-input\":{\"@type\":\"PropertyValueSpecification\",\"valueRequired\":true,\"valueName\":\"search_term_string\"}}],\"inLanguage\":\"es\"},{\"@type\":\"Organization\",\"@id\":\"https:\/\/www.sonoraenequipo.com.mx\/#organization\",\"name\":\"Sonoraenequipo.com.mx\",\"url\":\"https:\/\/www.sonoraenequipo.com.mx\/\",\"logo\":{\"@type\":\"ImageObject\",\"inLanguage\":\"es\",\"@id\":\"https:\/\/www.sonoraenequipo.com.mx\/#\/schema\/logo\/image\/\",\"url\":\"https:\/\/www.sonoraenequipo.com.mx\/storage\/2019\/01\/sonoraenequipo_opt.png\",\"contentUrl\":\"https:\/\/www.sonoraenequipo.com.mx\/storage\/2019\/01\/sonoraenequipo_opt.png\",\"width\":375,\"height\":125,\"caption\":\"Sonoraenequipo.com.mx\"},\"image\":{\"@id\":\"https:\/\/www.sonoraenequipo.com.mx\/#\/schema\/logo\/image\/\"},\"sameAs\":[\"https:\/\/www.facebook.com\/SonoraEE\/\",\"https:\/\/x.com\/sonoraenequipo\",\"https:\/\/www.youtube.com\/channel\/UC338nW-lPEYmJQs4ZABQ1SQ\"]},{\"@type\":\"Person\",\"@id\":\"https:\/\/www.sonoraenequipo.com.mx\/#\/schema\/person\/50102df0fb23a8fa9e8effad8fa81386\",\"name\":\"enequipo\",\"image\":{\"@type\":\"ImageObject\",\"inLanguage\":\"es\",\"@id\":\"https:\/\/www.sonoraenequipo.com.mx\/#\/schema\/person\/image\/\",\"url\":\"https:\/\/secure.gravatar.com\/avatar\/049821681b589dabc0bc20695993ccebb09f5b5d4d790cd9251b97faac7c652b?s=96&d=blank&r=g\",\"contentUrl\":\"https:\/\/secure.gravatar.com\/avatar\/049821681b589dabc0bc20695993ccebb09f5b5d4d790cd9251b97faac7c652b?s=96&d=blank&r=g\",\"caption\":\"enequipo\"},\"sameAs\":[\"https:\/\/www.facebook.com\/SonoraEE\"]}]}<\/script>\n ","yoast_head_json":{"title":"Sonora en Equipo. Interpol activa \u00a0ficha roja para la b\u00fasqueda de Nathan karim \u201cN.\u201d, responsable de atropellar a una familia en Hermosillo, Sonora","description":"&nbsp; &nbsp; HERMOSILLO, SONORA,MX.\u2500\u2500 La Organizaci\u00f3n Internacional de Polic\u00eda Criminal (Interpol) o Polic\u00eda Internacional acepta la solicitud de la En Sonora en Equipo publicamos toda la informaci\u00f3n de Sonora, M\u00e9xico y el Mundo de manera oportuna y busca que la libertad de expresi\u00f3n sea real. Visita nuestro medio informativo publicado desde Hermosillo, Sonora. %","robots":{"index":"index","follow":"follow","max-snippet":"max-snippet:-1","max-image-preview":"max-image-preview:large","max-video-preview":"max-video-preview:-1"},"canonical":"https:\/\/www.sonoraenequipo.com.mx\/interpol-activa-ficha-roja-para-la-busqueda-de-nathan-karim-n-responsable-de-atropellar-a-una-familia-en-hermosillo-sonora\/","og_locale":"es_ES","og_type":"article","og_title":"Sonora en Equipo. Interpol activa \u00a0ficha roja para la b\u00fasqueda de Nathan karim \u201cN.\u201d, responsable de atropellar a una familia en Hermosillo, Sonora","og_description":"&nbsp; &nbsp; HERMOSILLO, SONORA,MX.\u2500\u2500 La Organizaci\u00f3n Internacional de Polic\u00eda Criminal (Interpol) o Polic\u00eda Internacional acepta la solicitud de la En Sonora en Equipo publicamos toda la informaci\u00f3n de Sonora, M\u00e9xico y el Mundo de manera oportuna y busca que la libertad de expresi\u00f3n sea real. Visita nuestro medio informativo publicado desde Hermosillo, Sonora. %","og_url":"https:\/\/www.sonoraenequipo.com.mx\/interpol-activa-ficha-roja-para-la-busqueda-de-nathan-karim-n-responsable-de-atropellar-a-una-familia-en-hermosillo-sonora\/","og_site_name":"Sonora en Equipo.","article_publisher":"https:\/\/www.facebook.com\/SonoraEE\/","article_author":"https:\/\/www.facebook.com\/SonoraEE","article_published_time":"2023-04-11T20:09:28+00:00","og_image":[{"width":600,"height":400,"url":"https:\/\/www.sonoraenequipo.com.mx\/storage\/2023\/04\/interpol.jpg","type":"image\/jpeg"}],"author":"enequipo","twitter_card":"summary_large_image","twitter_creator":"@sonoraenequipo","twitter_site":"@sonoraenequipo","twitter_misc":{"Escrito por":"enequipo","Tiempo de lectura":"1 minuto"},"schema":{"@context":"https:\/\/schema.org","@graph":[{"@type":"Article","@id":"https:\/\/www.sonoraenequipo.com.mx\/interpol-activa-ficha-roja-para-la-busqueda-de-nathan-karim-n-responsable-de-atropellar-a-una-familia-en-hermosillo-sonora\/#article","isPartOf":{"@id":"https:\/\/www.sonoraenequipo.com.mx\/interpol-activa-ficha-roja-para-la-busqueda-de-nathan-karim-n-responsable-de-atropellar-a-una-familia-en-hermosillo-sonora\/"},"author":{"name":"enequipo","@id":"https:\/\/www.sonoraenequipo.com.mx\/#\/schema\/person\/50102df0fb23a8fa9e8effad8fa81386"},"headline":"Interpol activa \u00a0ficha roja para la b\u00fasqueda de Nathan karim \u201cN.\u201d, responsable de atropellar a una familia en Hermosillo, Sonora","datePublished":"2023-04-11T20:09:28+00:00","mainEntityOfPage":{"@id":"https:\/\/www.sonoraenequipo.com.mx\/interpol-activa-ficha-roja-para-la-busqueda-de-nathan-karim-n-responsable-de-atropellar-a-una-familia-en-hermosillo-sonora\/"},"wordCount":307,"commentCount":0,"publisher":{"@id":"https:\/\/www.sonoraenequipo.com.mx\/#organization"},"image":{"@id":"https:\/\/www.sonoraenequipo.com.mx\/interpol-activa-ficha-roja-para-la-busqueda-de-nathan-karim-n-responsable-de-atropellar-a-una-familia-en-hermosillo-sonora\/#primaryimage"},"thumbnailUrl":"https:\/\/www.sonoraenequipo.com.mx\/storage\/2023\/04\/interpol.jpg","keywords":["interpol","Nathan Karim"],"articleSection":["Sin categorizar"],"inLanguage":"es","potentialAction":[{"@type":"CommentAction","name":"Comment","target":["https:\/\/www.sonoraenequipo.com.mx\/interpol-activa-ficha-roja-para-la-busqueda-de-nathan-karim-n-responsable-de-atropellar-a-una-familia-en-hermosillo-sonora\/#respond"]}]},{"@type":"WebPage","@id":"https:\/\/www.sonoraenequipo.com.mx\/interpol-activa-ficha-roja-para-la-busqueda-de-nathan-karim-n-responsable-de-atropellar-a-una-familia-en-hermosillo-sonora\/","url":"https:\/\/www.sonoraenequipo.com.mx\/interpol-activa-ficha-roja-para-la-busqueda-de-nathan-karim-n-responsable-de-atropellar-a-una-familia-en-hermosillo-sonora\/","name":"Sonora en Equipo. Interpol activa \u00a0ficha roja para la b\u00fasqueda de Nathan karim \u201cN.\u201d, responsable de atropellar a una familia en Hermosillo, Sonora","isPartOf":{"@id":"https:\/\/www.sonoraenequipo.com.mx\/#website"},"primaryImageOfPage":{"@id":"https:\/\/www.sonoraenequipo.com.mx\/interpol-activa-ficha-roja-para-la-busqueda-de-nathan-karim-n-responsable-de-atropellar-a-una-familia-en-hermosillo-sonora\/#primaryimage"},"image":{"@id":"https:\/\/www.sonoraenequipo.com.mx\/interpol-activa-ficha-roja-para-la-busqueda-de-nathan-karim-n-responsable-de-atropellar-a-una-familia-en-hermosillo-sonora\/#primaryimage"},"thumbnailUrl":"https:\/\/www.sonoraenequipo.com.mx\/storage\/2023\/04\/interpol.jpg","datePublished":"2023-04-11T20:09:28+00:00","description":"&nbsp; &nbsp; HERMOSILLO, SONORA,MX.\u2500\u2500 La Organizaci\u00f3n Internacional de Polic\u00eda Criminal (Interpol) o Polic\u00eda Internacional acepta la solicitud de la En Sonora en Equipo publicamos toda la informaci\u00f3n de Sonora, M\u00e9xico y el Mundo de manera oportuna y busca que la libertad de expresi\u00f3n sea real. Visita nuestro medio informativo publicado desde Hermosillo, Sonora. %","breadcrumb":{"@id":"https:\/\/www.sonoraenequipo.com.mx\/interpol-activa-ficha-roja-para-la-busqueda-de-nathan-karim-n-responsable-de-atropellar-a-una-familia-en-hermosillo-sonora\/#breadcrumb"},"inLanguage":"es","potentialAction":[{"@type":"ReadAction","target":["https:\/\/www.sonoraenequipo.com.mx\/interpol-activa-ficha-roja-para-la-busqueda-de-nathan-karim-n-responsable-de-atropellar-a-una-familia-en-hermosillo-sonora\/"]}]},{"@type":"ImageObject","inLanguage":"es","@id":"https:\/\/www.sonoraenequipo.com.mx\/interpol-activa-ficha-roja-para-la-busqueda-de-nathan-karim-n-responsable-de-atropellar-a-una-familia-en-hermosillo-sonora\/#primaryimage","url":"https:\/\/www.sonoraenequipo.com.mx\/storage\/2023\/04\/interpol.jpg","contentUrl":"https:\/\/www.sonoraenequipo.com.mx\/storage\/2023\/04\/interpol.jpg","width":600,"height":400},{"@type":"BreadcrumbList","@id":"https:\/\/www.sonoraenequipo.com.mx\/interpol-activa-ficha-roja-para-la-busqueda-de-nathan-karim-n-responsable-de-atropellar-a-una-familia-en-hermosillo-sonora\/#breadcrumb","itemListElement":[{"@type":"ListItem","position":1,"name":"Portada","item":"https:\/\/www.sonoraenequipo.com.mx\/"},{"@type":"ListItem","position":2,"name":"Interpol activa \u00a0ficha roja para la b\u00fasqueda de Nathan karim \u201cN.\u201d, responsable de atropellar a una familia en Hermosillo, Sonora"}]},{"@type":"WebSite","@id":"https:\/\/www.sonoraenequipo.com.mx\/#website","url":"https:\/\/www.sonoraenequipo.com.mx\/","name":"Sonora en Equipo.","description":"Diario en l\u00ednea con Noticias desde Hermosillo, Sonora","publisher":{"@id":"https:\/\/www.sonoraenequipo.com.mx\/#organization"},"potentialAction":[{"@type":"SearchAction","target":{"@type":"EntryPoint","urlTemplate":"https:\/\/www.sonoraenequipo.com.mx\/?s={search_term_string}"},"query-input":{"@type":"PropertyValueSpecification","valueRequired":true,"valueName":"search_term_string"}}],"inLanguage":"es"},{"@type":"Organization","@id":"https:\/\/www.sonoraenequipo.com.mx\/#organization","name":"Sonoraenequipo.com.mx","url":"https:\/\/www.sonoraenequipo.com.mx\/","logo":{"@type":"ImageObject","inLanguage":"es","@id":"https:\/\/www.sonoraenequipo.com.mx\/#\/schema\/logo\/image\/","url":"https:\/\/www.sonoraenequipo.com.mx\/storage\/2019\/01\/sonoraenequipo_opt.png","contentUrl":"https:\/\/www.sonoraenequipo.com.mx\/storage\/2019\/01\/sonoraenequipo_opt.png","width":375,"height":125,"caption":"Sonoraenequipo.com.mx"},"image":{"@id":"https:\/\/www.sonoraenequipo.com.mx\/#\/schema\/logo\/image\/"},"sameAs":["https:\/\/www.facebook.com\/SonoraEE\/","https:\/\/x.com\/sonoraenequipo","https:\/\/www.youtube.com\/channel\/UC338nW-lPEYmJQs4ZABQ1SQ"]},{"@type":"Person","@id":"https:\/\/www.sonoraenequipo.com.mx\/#\/schema\/person\/50102df0fb23a8fa9e8effad8fa81386","name":"enequipo","image":{"@type":"ImageObject","inLanguage":"es","@id":"https:\/\/www.sonoraenequipo.com.mx\/#\/schema\/person\/image\/","url":"https:\/\/secure.gravatar.com\/avatar\/049821681b589dabc0bc20695993ccebb09f5b5d4d790cd9251b97faac7c652b?s=96&d=blank&r=g","contentUrl":"https:\/\/secure.gravatar.com\/avatar\/049821681b589dabc0bc20695993ccebb09f5b5d4d790cd9251b97faac7c652b?s=96&d=blank&r=g","caption":"enequipo"},"sameAs":["https:\/\/www.facebook.com\/SonoraEE"]}]}},"jetpack_featured_media_url":"https:\/\/www.sonoraenequipo.com.mx\/storage\/2023\/04\/interpol.jpg","_links":{"self":[{"href":"https:\/\/www.sonoraenequipo.com.mx\/api\/wp\/v2\/posts\/162821","targetHints":{"allow":["GET"]}}],"collection":[{"href":"https:\/\/www.sonoraenequipo.com.mx\/api\/wp\/v2\/posts"}],"about":[{"href":"https:\/\/www.sonoraenequipo.com.mx\/api\/wp\/v2\/types\/post"}],"author":[{"embeddable":true,"href":"https:\/\/www.sonoraenequipo.com.mx\/api\/wp\/v2\/users\/1"}],"replies":[{"embeddable":true,"href":"https:\/\/www.sonoraenequipo.com.mx\/api\/wp\/v2\/comments?post=162821"}],"version-history":[{"count":1,"href":"https:\/\/www.sonoraenequipo.com.mx\/api\/wp\/v2\/posts\/162821\/revisions"}],"predecessor-version":[{"id":162823,"href":"https:\/\/www.sonoraenequipo.com.mx\/api\/wp\/v2\/posts\/162821\/revisions\/162823"}],"wp:featuredmedia":[{"embeddable":true,"href":"https:\/\/www.sonoraenequipo.com.mx\/api\/wp\/v2\/media\/162822"}],"wp:attachment":[{"href":"https:\/\/www.sonoraenequipo.com.mx\/api\/wp\/v2\/media?parent=162821"}],"wp:term":[{"taxonomy":"category","embeddable":true,"href":"https:\/\/www.sonoraenequipo.com.mx\/api\/wp\/v2\/categories?post=162821"},{"taxonomy":"post_tag","embeddable":true,"href":"https:\/\/www.sonoraenequipo.com.mx\/api\/wp\/v2\/tags?post=162821"}],"curies":[{"name":"wp","href":"https:\/\/api.w.org\/{rel}","templated":true}]}}