{"id":163261,"date":"2023-04-16T13:28:15","date_gmt":"2023-04-16T20:28:15","guid":{"rendered":"https:\/\/www.sonoraenequipo.com.mx\/?p=163261"},"modified":"2023-04-16T13:28:15","modified_gmt":"2023-04-16T20:28:15","slug":"inicia-tono-astiazaran-rehabilitacion-de-parque-en-la-colonia-virreyes","status":"publish","type":"post","link":"https:\/\/www.sonoraenequipo.com.mx\/inicia-tono-astiazaran-rehabilitacion-de-parque-en-la-colonia-virreyes\/","title":{"rendered":"Inicia To\u00f1o Astiazar\u00e1n rehabilitaci\u00f3n de parque en la colonia Virreyes"},"content":{"rendered":"<p><strong>HERMOSILLO, SONORA,MX.<\/strong><strong>\u2500\u2500<\/strong> \u201cHoy estamos siendo testigos de lo mucho que se puede lograr cuando se cuida bien el dinero\u201d, expres\u00f3 el Presidente Municipal de Hermosillo, Antonio Astiazar\u00e1n Guti\u00e9rrez, a prop\u00f3sito de la inversi\u00f3n de 2 millones 389 mil pesos que transformar\u00e1 el parque de la colonia Virreyes.<\/p>\n<p>&nbsp;<\/p>\n<p>Junto con Astart\u00e9 Corro Ruiz, titular de la Coordinaci\u00f3n de Infraestructura, Desarrollo Urbano y Ecolog\u00eda (CIDUE) y Daniel Garc\u00eda Escalante, director de Participaci\u00f3n Ciudadana, acompa\u00f1\u00f3 a vecinas y vecinos del sector representadas por las se\u00f1oras Elizabeth Guti\u00e9rrez y Zoila Noem\u00ed, a dar el banderazo de arranque a la transformaci\u00f3n que contribuyeron a dise\u00f1ar.<\/p>\n<p>&nbsp;<\/p>\n<p>Incluir\u00e1 la rehabilitaci\u00f3n del kiosco y sus dos canchas deportivas, junto con sus tableros, porter\u00edas y pasto sint\u00e9tico, as\u00ed como la mejora de los aparatos de ejercicios, luminarias, juegos infantiles, rampas, andadores, bancas y botes de basura.<\/p>\n<p>&nbsp;<\/p>\n<p>\u201cEste proyecto forma parte de un plan para recuperar 23 parques de la ciudad y el que los vayamos a arreglar es posible, porque estamos administrando y cuidando mejor el dinero de ustedes\u201d, asegur\u00f3 Astiazar\u00e1n Guti\u00e9rrez.<\/p>\n<p>&nbsp;<\/p>\n<p>Ante habitantes de la zona y la regidora Zulma Galaz, Antonio Astiazar\u00e1n reconoci\u00f3 que los 800 millones de pesos aplicados a infraestructura el a\u00f1o pasado son a\u00fan insuficientes, pero representan un salto muy importante hacia el prop\u00f3sito de ir mejorando poco a poco a la ciudad.<\/p>\n<p>&nbsp;<\/p>\n<p>Revel\u00f3 que el origen de los recursos que financiaron la mayor parte de las obras en el municipio es un riguroso programa de eficiencia presupuestal aplicado desde el inicio de la administraci\u00f3n.<\/p>\n<p>&nbsp;<\/p>\n<p>\u201cEl dinero del Gobierno no es del Gobierno, no es del To\u00f1o Astiazar\u00e1n, no es de los funcionarios, es de ustedes, y por eso es muy importante que tengamos gobiernos que lo hagan rendir muy bien, que no se vaya a cosas que no son importantes ni necesarias\u201d, concluy\u00f3.<\/p>\n<p><strong><em><u>Fecha de publicaci\u00f3n domingo 16 de abril de 2023 con informaci\u00f3n de boletines<\/u><\/em><\/strong><\/p>\n","protected":false},"excerpt":{"rendered":"<p>HERMOSILLO, SONORA,MX.\u2500\u2500 \u201cHoy estamos siendo testigos de lo mucho que se puede lograr cuando se&#8230;<\/p>\n","protected":false},"author":1,"featured_media":163262,"comment_status":"open","ping_status":"open","sticky":false,"template":"","format":"standard","meta":{"_monsterinsights_skip_tracking":false,"_monsterinsights_sitenote_active":false,"_monsterinsights_sitenote_note":"","_monsterinsights_sitenote_category":0,"footnotes":""},"categories":[4],"tags":[4821,4844,6026],"class_list":["post"],"yoast_head":" \n<title>Sonora en Equipo. Inicia To\u00f1o Astiazar\u00e1n rehabilitaci\u00f3n de parque en la colonia Virreyes Municipios<\/title>\n<meta name=\"description\" content=\"HERMOSILLO, SONORA,MX.\u2500\u2500 \u201cHoy estamos siendo testigos de lo mucho que se puede lograr cuando se cuida bien el dinero\u201d, expres\u00f3 el Presidente Municipal de En Sonora en Equipo publicamos toda la informaci\u00f3n de Sonora, M\u00e9xico y el Mundo de manera oportuna y busca que la libertad de expresi\u00f3n sea real. Visita nuestro medio informativo publicado desde Hermosillo, Sonora. %\" \/>\n<meta name=\"robots\" content=\"index, follow, max-snippet:-1, max-image-preview:large, max-video-preview:-1\" \/>\n<link rel=\"canonical\" href=\"https:\/\/www.sonoraenequipo.com.mx\/inicia-tono-astiazaran-rehabilitacion-de-parque-en-la-colonia-virreyes\/\" \/>\n<meta property=\"og:locale\" content=\"es_ES\" \/>\n<meta property=\"og:type\" content=\"article\" \/>\n<meta property=\"og:title\" content=\"Sonora en Equipo. Inicia To\u00f1o Astiazar\u00e1n rehabilitaci\u00f3n de parque en la colonia Virreyes Municipios\" \/>\n<meta property=\"og:description\" content=\"HERMOSILLO, SONORA,MX.\u2500\u2500 \u201cHoy estamos siendo testigos de lo mucho que se puede lograr cuando se cuida bien el dinero\u201d, expres\u00f3 el Presidente Municipal de En Sonora en Equipo publicamos toda la informaci\u00f3n de Sonora, M\u00e9xico y el Mundo de manera oportuna y busca que la libertad de expresi\u00f3n sea real. Visita nuestro medio informativo publicado desde Hermosillo, Sonora. %\" \/>\n<meta property=\"og:url\" content=\"https:\/\/www.sonoraenequipo.com.mx\/inicia-tono-astiazaran-rehabilitacion-de-parque-en-la-colonia-virreyes\/\" \/>\n<meta property=\"og:site_name\" content=\"Sonora en Equipo.\" \/>\n<meta property=\"article:publisher\" content=\"https:\/\/www.facebook.com\/SonoraEE\/\" \/>\n<meta property=\"article:author\" content=\"https:\/\/www.facebook.com\/SonoraEE\" \/>\n<meta property=\"article:published_time\" content=\"2023-04-16T20:28:15+00:00\" \/>\n<meta property=\"og:image\" content=\"https:\/\/www.sonoraenequipo.com.mx\/storage\/2023\/04\/tono-virreyes.jpg\" \/>\n\t<meta property=\"og:image:width\" content=\"600\" \/>\n\t<meta property=\"og:image:height\" content=\"418\" \/>\n\t<meta property=\"og:image:type\" content=\"image\/jpeg\" \/>\n<meta name=\"author\" content=\"enequipo\" \/>\n<meta name=\"twitter:card\" content=\"summary_large_image\" \/>\n<meta name=\"twitter:creator\" content=\"@sonoraenequipo\" \/>\n<meta name=\"twitter:site\" content=\"@sonoraenequipo\" \/>\n<meta name=\"twitter:label1\" content=\"Escrito por\" \/>\n\t<meta name=\"twitter:data1\" content=\"enequipo\" \/>\n\t<meta name=\"twitter:label2\" content=\"Tiempo de lectura\" \/>\n\t<meta name=\"twitter:data2\" content=\"2 minutos\" \/>\n<script type=\"application\/ld+json\" class=\"yoast-schema-graph\">{\"@context\":\"https:\/\/schema.org\",\"@graph\":[{\"@type\":\"Article\",\"@id\":\"https:\/\/www.sonoraenequipo.com.mx\/inicia-tono-astiazaran-rehabilitacion-de-parque-en-la-colonia-virreyes\/#article\",\"isPartOf\":{\"@id\":\"https:\/\/www.sonoraenequipo.com.mx\/inicia-tono-astiazaran-rehabilitacion-de-parque-en-la-colonia-virreyes\/\"},\"author\":{\"name\":\"enequipo\",\"@id\":\"https:\/\/www.sonoraenequipo.com.mx\/#\/schema\/person\/50102df0fb23a8fa9e8effad8fa81386\"},\"headline\":\"Inicia To\u00f1o Astiazar\u00e1n rehabilitaci\u00f3n de parque en la colonia Virreyes\",\"datePublished\":\"2023-04-16T20:28:15+00:00\",\"mainEntityOfPage\":{\"@id\":\"https:\/\/www.sonoraenequipo.com.mx\/inicia-tono-astiazaran-rehabilitacion-de-parque-en-la-colonia-virreyes\/\"},\"wordCount\":353,\"commentCount\":0,\"publisher\":{\"@id\":\"https:\/\/www.sonoraenequipo.com.mx\/#organization\"},\"image\":{\"@id\":\"https:\/\/www.sonoraenequipo.com.mx\/inicia-tono-astiazaran-rehabilitacion-de-parque-en-la-colonia-virreyes\/#primaryimage\"},\"thumbnailUrl\":\"https:\/\/www.sonoraenequipo.com.mx\/storage\/2023\/04\/tono-virreyes.jpg\",\"keywords\":[\"parques\",\"rehabilitaci\u00f3n\",\"to\u00f1o astiazaran\"],\"articleSection\":[\"Municipios\"],\"inLanguage\":\"es\",\"potentialAction\":[{\"@type\":\"CommentAction\",\"name\":\"Comment\",\"target\":[\"https:\/\/www.sonoraenequipo.com.mx\/inicia-tono-astiazaran-rehabilitacion-de-parque-en-la-colonia-virreyes\/#respond\"]}]},{\"@type\":\"WebPage\",\"@id\":\"https:\/\/www.sonoraenequipo.com.mx\/inicia-tono-astiazaran-rehabilitacion-de-parque-en-la-colonia-virreyes\/\",\"url\":\"https:\/\/www.sonoraenequipo.com.mx\/inicia-tono-astiazaran-rehabilitacion-de-parque-en-la-colonia-virreyes\/\",\"name\":\"Sonora en Equipo. Inicia To\u00f1o Astiazar\u00e1n rehabilitaci\u00f3n de parque en la colonia Virreyes Municipios\",\"isPartOf\":{\"@id\":\"https:\/\/www.sonoraenequipo.com.mx\/#website\"},\"primaryImageOfPage\":{\"@id\":\"https:\/\/www.sonoraenequipo.com.mx\/inicia-tono-astiazaran-rehabilitacion-de-parque-en-la-colonia-virreyes\/#primaryimage\"},\"image\":{\"@id\":\"https:\/\/www.sonoraenequipo.com.mx\/inicia-tono-astiazaran-rehabilitacion-de-parque-en-la-colonia-virreyes\/#primaryimage\"},\"thumbnailUrl\":\"https:\/\/www.sonoraenequipo.com.mx\/storage\/2023\/04\/tono-virreyes.jpg\",\"datePublished\":\"2023-04-16T20:28:15+00:00\",\"description\":\"HERMOSILLO, SONORA,MX.\u2500\u2500 \u201cHoy estamos siendo testigos de lo mucho que se puede lograr cuando se cuida bien el dinero\u201d, expres\u00f3 el Presidente Municipal de En Sonora en Equipo publicamos toda la informaci\u00f3n de Sonora, M\u00e9xico y el Mundo de manera oportuna y busca que la libertad de expresi\u00f3n sea real. Visita nuestro medio informativo publicado desde Hermosillo, Sonora. %\",\"breadcrumb\":{\"@id\":\"https:\/\/www.sonoraenequipo.com.mx\/inicia-tono-astiazaran-rehabilitacion-de-parque-en-la-colonia-virreyes\/#breadcrumb\"},\"inLanguage\":\"es\",\"potentialAction\":[{\"@type\":\"ReadAction\",\"target\":[\"https:\/\/www.sonoraenequipo.com.mx\/inicia-tono-astiazaran-rehabilitacion-de-parque-en-la-colonia-virreyes\/\"]}]},{\"@type\":\"ImageObject\",\"inLanguage\":\"es\",\"@id\":\"https:\/\/www.sonoraenequipo.com.mx\/inicia-tono-astiazaran-rehabilitacion-de-parque-en-la-colonia-virreyes\/#primaryimage\",\"url\":\"https:\/\/www.sonoraenequipo.com.mx\/storage\/2023\/04\/tono-virreyes.jpg\",\"contentUrl\":\"https:\/\/www.sonoraenequipo.com.mx\/storage\/2023\/04\/tono-virreyes.jpg\",\"width\":600,\"height\":418},{\"@type\":\"BreadcrumbList\",\"@id\":\"https:\/\/www.sonoraenequipo.com.mx\/inicia-tono-astiazaran-rehabilitacion-de-parque-en-la-colonia-virreyes\/#breadcrumb\",\"itemListElement\":[{\"@type\":\"ListItem\",\"position\":1,\"name\":\"Portada\",\"item\":\"https:\/\/www.sonoraenequipo.com.mx\/\"},{\"@type\":\"ListItem\",\"position\":2,\"name\":\"Inicia To\u00f1o Astiazar\u00e1n rehabilitaci\u00f3n de parque en la colonia Virreyes\"}]},{\"@type\":\"WebSite\",\"@id\":\"https:\/\/www.sonoraenequipo.com.mx\/#website\",\"url\":\"https:\/\/www.sonoraenequipo.com.mx\/\",\"name\":\"Sonora en Equipo.\",\"description\":\"Diario en l\u00ednea con Noticias desde Hermosillo, Sonora\",\"publisher\":{\"@id\":\"https:\/\/www.sonoraenequipo.com.mx\/#organization\"},\"potentialAction\":[{\"@type\":\"SearchAction\",\"target\":{\"@type\":\"EntryPoint\",\"urlTemplate\":\"https:\/\/www.sonoraenequipo.com.mx\/?s={search_term_string}\"},\"query-input\":{\"@type\":\"PropertyValueSpecification\",\"valueRequired\":true,\"valueName\":\"search_term_string\"}}],\"inLanguage\":\"es\"},{\"@type\":\"Organization\",\"@id\":\"https:\/\/www.sonoraenequipo.com.mx\/#organization\",\"name\":\"Sonoraenequipo.com.mx\",\"url\":\"https:\/\/www.sonoraenequipo.com.mx\/\",\"logo\":{\"@type\":\"ImageObject\",\"inLanguage\":\"es\",\"@id\":\"https:\/\/www.sonoraenequipo.com.mx\/#\/schema\/logo\/image\/\",\"url\":\"https:\/\/www.sonoraenequipo.com.mx\/storage\/2019\/01\/sonoraenequipo_opt.png\",\"contentUrl\":\"https:\/\/www.sonoraenequipo.com.mx\/storage\/2019\/01\/sonoraenequipo_opt.png\",\"width\":375,\"height\":125,\"caption\":\"Sonoraenequipo.com.mx\"},\"image\":{\"@id\":\"https:\/\/www.sonoraenequipo.com.mx\/#\/schema\/logo\/image\/\"},\"sameAs\":[\"https:\/\/www.facebook.com\/SonoraEE\/\",\"https:\/\/x.com\/sonoraenequipo\",\"https:\/\/www.youtube.com\/channel\/UC338nW-lPEYmJQs4ZABQ1SQ\"]},{\"@type\":\"Person\",\"@id\":\"https:\/\/www.sonoraenequipo.com.mx\/#\/schema\/person\/50102df0fb23a8fa9e8effad8fa81386\",\"name\":\"enequipo\",\"image\":{\"@type\":\"ImageObject\",\"inLanguage\":\"es\",\"@id\":\"https:\/\/www.sonoraenequipo.com.mx\/#\/schema\/person\/image\/\",\"url\":\"https:\/\/secure.gravatar.com\/avatar\/049821681b589dabc0bc20695993ccebb09f5b5d4d790cd9251b97faac7c652b?s=96&d=blank&r=g\",\"contentUrl\":\"https:\/\/secure.gravatar.com\/avatar\/049821681b589dabc0bc20695993ccebb09f5b5d4d790cd9251b97faac7c652b?s=96&d=blank&r=g\",\"caption\":\"enequipo\"},\"sameAs\":[\"https:\/\/www.facebook.com\/SonoraEE\"]}]}<\/script>\n ","yoast_head_json":{"title":"Sonora en Equipo. Inicia To\u00f1o Astiazar\u00e1n rehabilitaci\u00f3n de parque en la colonia Virreyes Municipios","description":"HERMOSILLO, SONORA,MX.\u2500\u2500 \u201cHoy estamos siendo testigos de lo mucho que se puede lograr cuando se cuida bien el dinero\u201d, expres\u00f3 el Presidente Municipal de En Sonora en Equipo publicamos toda la informaci\u00f3n de Sonora, M\u00e9xico y el Mundo de manera oportuna y busca que la libertad de expresi\u00f3n sea real. Visita nuestro medio informativo publicado desde Hermosillo, Sonora. %","robots":{"index":"index","follow":"follow","max-snippet":"max-snippet:-1","max-image-preview":"max-image-preview:large","max-video-preview":"max-video-preview:-1"},"canonical":"https:\/\/www.sonoraenequipo.com.mx\/inicia-tono-astiazaran-rehabilitacion-de-parque-en-la-colonia-virreyes\/","og_locale":"es_ES","og_type":"article","og_title":"Sonora en Equipo. Inicia To\u00f1o Astiazar\u00e1n rehabilitaci\u00f3n de parque en la colonia Virreyes Municipios","og_description":"HERMOSILLO, SONORA,MX.\u2500\u2500 \u201cHoy estamos siendo testigos de lo mucho que se puede lograr cuando se cuida bien el dinero\u201d, expres\u00f3 el Presidente Municipal de En Sonora en Equipo publicamos toda la informaci\u00f3n de Sonora, M\u00e9xico y el Mundo de manera oportuna y busca que la libertad de expresi\u00f3n sea real. Visita nuestro medio informativo publicado desde Hermosillo, Sonora. %","og_url":"https:\/\/www.sonoraenequipo.com.mx\/inicia-tono-astiazaran-rehabilitacion-de-parque-en-la-colonia-virreyes\/","og_site_name":"Sonora en Equipo.","article_publisher":"https:\/\/www.facebook.com\/SonoraEE\/","article_author":"https:\/\/www.facebook.com\/SonoraEE","article_published_time":"2023-04-16T20:28:15+00:00","og_image":[{"width":600,"height":418,"url":"https:\/\/www.sonoraenequipo.com.mx\/storage\/2023\/04\/tono-virreyes.jpg","type":"image\/jpeg"}],"author":"enequipo","twitter_card":"summary_large_image","twitter_creator":"@sonoraenequipo","twitter_site":"@sonoraenequipo","twitter_misc":{"Escrito por":"enequipo","Tiempo de lectura":"2 minutos"},"schema":{"@context":"https:\/\/schema.org","@graph":[{"@type":"Article","@id":"https:\/\/www.sonoraenequipo.com.mx\/inicia-tono-astiazaran-rehabilitacion-de-parque-en-la-colonia-virreyes\/#article","isPartOf":{"@id":"https:\/\/www.sonoraenequipo.com.mx\/inicia-tono-astiazaran-rehabilitacion-de-parque-en-la-colonia-virreyes\/"},"author":{"name":"enequipo","@id":"https:\/\/www.sonoraenequipo.com.mx\/#\/schema\/person\/50102df0fb23a8fa9e8effad8fa81386"},"headline":"Inicia To\u00f1o Astiazar\u00e1n rehabilitaci\u00f3n de parque en la colonia Virreyes","datePublished":"2023-04-16T20:28:15+00:00","mainEntityOfPage":{"@id":"https:\/\/www.sonoraenequipo.com.mx\/inicia-tono-astiazaran-rehabilitacion-de-parque-en-la-colonia-virreyes\/"},"wordCount":353,"commentCount":0,"publisher":{"@id":"https:\/\/www.sonoraenequipo.com.mx\/#organization"},"image":{"@id":"https:\/\/www.sonoraenequipo.com.mx\/inicia-tono-astiazaran-rehabilitacion-de-parque-en-la-colonia-virreyes\/#primaryimage"},"thumbnailUrl":"https:\/\/www.sonoraenequipo.com.mx\/storage\/2023\/04\/tono-virreyes.jpg","keywords":["parques","rehabilitaci\u00f3n","to\u00f1o astiazaran"],"articleSection":["Municipios"],"inLanguage":"es","potentialAction":[{"@type":"CommentAction","name":"Comment","target":["https:\/\/www.sonoraenequipo.com.mx\/inicia-tono-astiazaran-rehabilitacion-de-parque-en-la-colonia-virreyes\/#respond"]}]},{"@type":"WebPage","@id":"https:\/\/www.sonoraenequipo.com.mx\/inicia-tono-astiazaran-rehabilitacion-de-parque-en-la-colonia-virreyes\/","url":"https:\/\/www.sonoraenequipo.com.mx\/inicia-tono-astiazaran-rehabilitacion-de-parque-en-la-colonia-virreyes\/","name":"Sonora en Equipo. Inicia To\u00f1o Astiazar\u00e1n rehabilitaci\u00f3n de parque en la colonia Virreyes Municipios","isPartOf":{"@id":"https:\/\/www.sonoraenequipo.com.mx\/#website"},"primaryImageOfPage":{"@id":"https:\/\/www.sonoraenequipo.com.mx\/inicia-tono-astiazaran-rehabilitacion-de-parque-en-la-colonia-virreyes\/#primaryimage"},"image":{"@id":"https:\/\/www.sonoraenequipo.com.mx\/inicia-tono-astiazaran-rehabilitacion-de-parque-en-la-colonia-virreyes\/#primaryimage"},"thumbnailUrl":"https:\/\/www.sonoraenequipo.com.mx\/storage\/2023\/04\/tono-virreyes.jpg","datePublished":"2023-04-16T20:28:15+00:00","description":"HERMOSILLO, SONORA,MX.\u2500\u2500 \u201cHoy estamos siendo testigos de lo mucho que se puede lograr cuando se cuida bien el dinero\u201d, expres\u00f3 el Presidente Municipal de En Sonora en Equipo publicamos toda la informaci\u00f3n de Sonora, M\u00e9xico y el Mundo de manera oportuna y busca que la libertad de expresi\u00f3n sea real. Visita nuestro medio informativo publicado desde Hermosillo, Sonora. %","breadcrumb":{"@id":"https:\/\/www.sonoraenequipo.com.mx\/inicia-tono-astiazaran-rehabilitacion-de-parque-en-la-colonia-virreyes\/#breadcrumb"},"inLanguage":"es","potentialAction":[{"@type":"ReadAction","target":["https:\/\/www.sonoraenequipo.com.mx\/inicia-tono-astiazaran-rehabilitacion-de-parque-en-la-colonia-virreyes\/"]}]},{"@type":"ImageObject","inLanguage":"es","@id":"https:\/\/www.sonoraenequipo.com.mx\/inicia-tono-astiazaran-rehabilitacion-de-parque-en-la-colonia-virreyes\/#primaryimage","url":"https:\/\/www.sonoraenequipo.com.mx\/storage\/2023\/04\/tono-virreyes.jpg","contentUrl":"https:\/\/www.sonoraenequipo.com.mx\/storage\/2023\/04\/tono-virreyes.jpg","width":600,"height":418},{"@type":"BreadcrumbList","@id":"https:\/\/www.sonoraenequipo.com.mx\/inicia-tono-astiazaran-rehabilitacion-de-parque-en-la-colonia-virreyes\/#breadcrumb","itemListElement":[{"@type":"ListItem","position":1,"name":"Portada","item":"https:\/\/www.sonoraenequipo.com.mx\/"},{"@type":"ListItem","position":2,"name":"Inicia To\u00f1o Astiazar\u00e1n rehabilitaci\u00f3n de parque en la colonia Virreyes"}]},{"@type":"WebSite","@id":"https:\/\/www.sonoraenequipo.com.mx\/#website","url":"https:\/\/www.sonoraenequipo.com.mx\/","name":"Sonora en Equipo.","description":"Diario en l\u00ednea con Noticias desde Hermosillo, Sonora","publisher":{"@id":"https:\/\/www.sonoraenequipo.com.mx\/#organization"},"potentialAction":[{"@type":"SearchAction","target":{"@type":"EntryPoint","urlTemplate":"https:\/\/www.sonoraenequipo.com.mx\/?s={search_term_string}"},"query-input":{"@type":"PropertyValueSpecification","valueRequired":true,"valueName":"search_term_string"}}],"inLanguage":"es"},{"@type":"Organization","@id":"https:\/\/www.sonoraenequipo.com.mx\/#organization","name":"Sonoraenequipo.com.mx","url":"https:\/\/www.sonoraenequipo.com.mx\/","logo":{"@type":"ImageObject","inLanguage":"es","@id":"https:\/\/www.sonoraenequipo.com.mx\/#\/schema\/logo\/image\/","url":"https:\/\/www.sonoraenequipo.com.mx\/storage\/2019\/01\/sonoraenequipo_opt.png","contentUrl":"https:\/\/www.sonoraenequipo.com.mx\/storage\/2019\/01\/sonoraenequipo_opt.png","width":375,"height":125,"caption":"Sonoraenequipo.com.mx"},"image":{"@id":"https:\/\/www.sonoraenequipo.com.mx\/#\/schema\/logo\/image\/"},"sameAs":["https:\/\/www.facebook.com\/SonoraEE\/","https:\/\/x.com\/sonoraenequipo","https:\/\/www.youtube.com\/channel\/UC338nW-lPEYmJQs4ZABQ1SQ"]},{"@type":"Person","@id":"https:\/\/www.sonoraenequipo.com.mx\/#\/schema\/person\/50102df0fb23a8fa9e8effad8fa81386","name":"enequipo","image":{"@type":"ImageObject","inLanguage":"es","@id":"https:\/\/www.sonoraenequipo.com.mx\/#\/schema\/person\/image\/","url":"https:\/\/secure.gravatar.com\/avatar\/049821681b589dabc0bc20695993ccebb09f5b5d4d790cd9251b97faac7c652b?s=96&d=blank&r=g","contentUrl":"https:\/\/secure.gravatar.com\/avatar\/049821681b589dabc0bc20695993ccebb09f5b5d4d790cd9251b97faac7c652b?s=96&d=blank&r=g","caption":"enequipo"},"sameAs":["https:\/\/www.facebook.com\/SonoraEE"]}]}},"jetpack_featured_media_url":"https:\/\/www.sonoraenequipo.com.mx\/storage\/2023\/04\/tono-virreyes.jpg","_links":{"self":[{"href":"https:\/\/www.sonoraenequipo.com.mx\/api\/wp\/v2\/posts\/163261","targetHints":{"allow":["GET"]}}],"collection":[{"href":"https:\/\/www.sonoraenequipo.com.mx\/api\/wp\/v2\/posts"}],"about":[{"href":"https:\/\/www.sonoraenequipo.com.mx\/api\/wp\/v2\/types\/post"}],"author":[{"embeddable":true,"href":"https:\/\/www.sonoraenequipo.com.mx\/api\/wp\/v2\/users\/1"}],"replies":[{"embeddable":true,"href":"https:\/\/www.sonoraenequipo.com.mx\/api\/wp\/v2\/comments?post=163261"}],"version-history":[{"count":1,"href":"https:\/\/www.sonoraenequipo.com.mx\/api\/wp\/v2\/posts\/163261\/revisions"}],"predecessor-version":[{"id":163263,"href":"https:\/\/www.sonoraenequipo.com.mx\/api\/wp\/v2\/posts\/163261\/revisions\/163263"}],"wp:featuredmedia":[{"embeddable":true,"href":"https:\/\/www.sonoraenequipo.com.mx\/api\/wp\/v2\/media\/163262"}],"wp:attachment":[{"href":"https:\/\/www.sonoraenequipo.com.mx\/api\/wp\/v2\/media?parent=163261"}],"wp:term":[{"taxonomy":"category","embeddable":true,"href":"https:\/\/www.sonoraenequipo.com.mx\/api\/wp\/v2\/categories?post=163261"},{"taxonomy":"post_tag","embeddable":true,"href":"https:\/\/www.sonoraenequipo.com.mx\/api\/wp\/v2\/tags?post=163261"}],"curies":[{"name":"wp","href":"https:\/\/api.w.org\/{rel}","templated":true}]}}