{"id":163308,"date":"2023-04-16T17:39:23","date_gmt":"2023-04-17T00:39:23","guid":{"rendered":"https:\/\/www.sonoraenequipo.com.mx\/?p=163308"},"modified":"2023-04-17T10:00:54","modified_gmt":"2023-04-17T17:00:54","slug":"cinco-personas-mueren-y-14-resultan-heridas-por-el-impacto-de-un-rayo-en-colombia","status":"publish","type":"post","link":"https:\/\/www.sonoraenequipo.com.mx\/cinco-personas-mueren-y-14-resultan-heridas-por-el-impacto-de-un-rayo-en-colombia\/","title":{"rendered":"Cinco personas mueren y 14 resultan heridas por el impacto de un rayo en Colombia"},"content":{"rendered":"<p><strong>EL TAMBO, CAUCA. COLOMBIA. \u2014<\/strong> Al menos 5 personas murieron y 14 m\u00e1s resultaron heridas por el impacto de un rayo en una zona rural del municipio de El Tambo, en el departamento del Cauca, en Colombia, informaron el domingo (16.04.2023) las autoridades locales.<\/p>\n<p>&nbsp;<\/p>\n<p> <\/p>\n<p>&nbsp;<\/p>\n<p>La Alcald\u00eda de El Tambo lament\u00f3 lo ocurrido en el corregimiento (pueblo) de Quilcac\u00e9 y dijo que entre las v\u00edctimas mortales hay un menor de edad.<\/p>\n<p>&nbsp;<\/p>\n<p><em><strong>\u201cAgradecemos a los bomberos de la ciudad de Popay\u00e1n (capital departamental del Cauca) y del municipio de El Tambo por la colaboraci\u00f3n en tan dif\u00edcil momento\u201d,<\/strong> <\/em>a\u00f1adi\u00f3 la Administraci\u00f3n municipal, que envi\u00f3 sus <em><strong>\u201ccondolencias, apoyo y solidaridad a las familias afectadas\u201d.<\/strong><\/em><\/p>\n<p>&nbsp;<\/p>\n<p>&nbsp;<\/p>\n<p>El alcalde de El Tambo, Carlos Vela, indic\u00f3 a medios locales que el rayo cay\u00f3 cuando una parte de las v\u00edctimas se encontraban reunidas en un bingo y las otras jugaban f\u00fatbol cuando hubo una descarga el\u00e9ctrica.<\/p>\n<p>&nbsp;<\/p>\n<p>&nbsp;<\/p>\n<p>PUBLICADO EL 16 DE ABRIL DE 2023<\/p>\n","protected":false},"excerpt":{"rendered":"<p>EL TAMBO, CAUCA. COLOMBIA. \u2014 Al menos 5 personas murieron y 14 m\u00e1s resultaron heridas&#8230;<\/p>\n","protected":false},"author":1,"featured_media":163309,"comment_status":"open","ping_status":"open","sticky":false,"template":"","format":"standard","meta":{"_monsterinsights_skip_tracking":false,"_monsterinsights_sitenote_active":false,"_monsterinsights_sitenote_note":"","_monsterinsights_sitenote_category":0,"footnotes":""},"categories":[3],"tags":[],"class_list":["post"],"yoast_head":" \n<title>Sonora en Equipo. Cinco personas mueren y 14 resultan heridas por el impacto de un rayo en Colombia MUNDO<\/title>\n<meta name=\"description\" content=\"EL TAMBO, CAUCA. COLOMBIA. \u2014 Al menos 5 personas murieron y 14 m\u00e1s resultaron heridas por el impacto de un rayo en una zona rural del municipio de El En Sonora en Equipo publicamos toda la informaci\u00f3n de Sonora, M\u00e9xico y el Mundo de manera oportuna y busca que la libertad de expresi\u00f3n sea real. Visita nuestro medio informativo publicado desde Hermosillo, Sonora. %\" \/>\n<meta name=\"robots\" content=\"index, follow, max-snippet:-1, max-image-preview:large, max-video-preview:-1\" \/>\n<link rel=\"canonical\" href=\"https:\/\/www.sonoraenequipo.com.mx\/cinco-personas-mueren-y-14-resultan-heridas-por-el-impacto-de-un-rayo-en-colombia\/\" \/>\n<meta property=\"og:locale\" content=\"es_ES\" \/>\n<meta property=\"og:type\" content=\"article\" \/>\n<meta property=\"og:title\" content=\"Sonora en Equipo. Cinco personas mueren y 14 resultan heridas por el impacto de un rayo en Colombia MUNDO\" \/>\n<meta property=\"og:description\" content=\"EL TAMBO, CAUCA. COLOMBIA. \u2014 Al menos 5 personas murieron y 14 m\u00e1s resultaron heridas por el impacto de un rayo en una zona rural del municipio de El En Sonora en Equipo publicamos toda la informaci\u00f3n de Sonora, M\u00e9xico y el Mundo de manera oportuna y busca que la libertad de expresi\u00f3n sea real. Visita nuestro medio informativo publicado desde Hermosillo, Sonora. %\" \/>\n<meta property=\"og:url\" content=\"https:\/\/www.sonoraenequipo.com.mx\/cinco-personas-mueren-y-14-resultan-heridas-por-el-impacto-de-un-rayo-en-colombia\/\" \/>\n<meta property=\"og:site_name\" content=\"Sonora en Equipo.\" \/>\n<meta property=\"article:publisher\" content=\"https:\/\/www.facebook.com\/SonoraEE\/\" \/>\n<meta property=\"article:author\" content=\"https:\/\/www.facebook.com\/SonoraEE\" \/>\n<meta property=\"article:published_time\" content=\"2023-04-17T00:39:23+00:00\" \/>\n<meta property=\"article:modified_time\" content=\"2023-04-17T17:00:54+00:00\" \/>\n<meta property=\"og:image\" content=\"https:\/\/www.sonoraenequipo.com.mx\/storage\/2023\/04\/descargas-electricas...-min.jpg\" \/>\n\t<meta property=\"og:image:width\" content=\"900\" \/>\n\t<meta property=\"og:image:height\" content=\"506\" \/>\n\t<meta property=\"og:image:type\" content=\"image\/jpeg\" \/>\n<meta name=\"author\" content=\"enequipo\" \/>\n<meta name=\"twitter:card\" content=\"summary_large_image\" \/>\n<meta name=\"twitter:creator\" content=\"@sonoraenequipo\" \/>\n<meta name=\"twitter:site\" content=\"@sonoraenequipo\" \/>\n<meta name=\"twitter:label1\" content=\"Escrito por\" \/>\n\t<meta name=\"twitter:data1\" content=\"enequipo\" \/>\n\t<meta name=\"twitter:label2\" content=\"Tiempo de lectura\" \/>\n\t<meta name=\"twitter:data2\" content=\"1 minuto\" \/>\n<script type=\"application\/ld+json\" class=\"yoast-schema-graph\">{\"@context\":\"https:\/\/schema.org\",\"@graph\":[{\"@type\":\"Article\",\"@id\":\"https:\/\/www.sonoraenequipo.com.mx\/cinco-personas-mueren-y-14-resultan-heridas-por-el-impacto-de-un-rayo-en-colombia\/#article\",\"isPartOf\":{\"@id\":\"https:\/\/www.sonoraenequipo.com.mx\/cinco-personas-mueren-y-14-resultan-heridas-por-el-impacto-de-un-rayo-en-colombia\/\"},\"author\":{\"name\":\"enequipo\",\"@id\":\"https:\/\/www.sonoraenequipo.com.mx\/#\/schema\/person\/50102df0fb23a8fa9e8effad8fa81386\"},\"headline\":\"Cinco personas mueren y 14 resultan heridas por el impacto de un rayo en Colombia\",\"datePublished\":\"2023-04-17T00:39:23+00:00\",\"dateModified\":\"2023-04-17T17:00:54+00:00\",\"mainEntityOfPage\":{\"@id\":\"https:\/\/www.sonoraenequipo.com.mx\/cinco-personas-mueren-y-14-resultan-heridas-por-el-impacto-de-un-rayo-en-colombia\/\"},\"wordCount\":181,\"commentCount\":0,\"publisher\":{\"@id\":\"https:\/\/www.sonoraenequipo.com.mx\/#organization\"},\"image\":{\"@id\":\"https:\/\/www.sonoraenequipo.com.mx\/cinco-personas-mueren-y-14-resultan-heridas-por-el-impacto-de-un-rayo-en-colombia\/#primaryimage\"},\"thumbnailUrl\":\"https:\/\/www.sonoraenequipo.com.mx\/storage\/2023\/04\/descargas-electricas...-min.jpg\",\"articleSection\":[\"MUNDO\"],\"inLanguage\":\"es\",\"potentialAction\":[{\"@type\":\"CommentAction\",\"name\":\"Comment\",\"target\":[\"https:\/\/www.sonoraenequipo.com.mx\/cinco-personas-mueren-y-14-resultan-heridas-por-el-impacto-de-un-rayo-en-colombia\/#respond\"]}]},{\"@type\":\"WebPage\",\"@id\":\"https:\/\/www.sonoraenequipo.com.mx\/cinco-personas-mueren-y-14-resultan-heridas-por-el-impacto-de-un-rayo-en-colombia\/\",\"url\":\"https:\/\/www.sonoraenequipo.com.mx\/cinco-personas-mueren-y-14-resultan-heridas-por-el-impacto-de-un-rayo-en-colombia\/\",\"name\":\"Sonora en Equipo. Cinco personas mueren y 14 resultan heridas por el impacto de un rayo en Colombia MUNDO\",\"isPartOf\":{\"@id\":\"https:\/\/www.sonoraenequipo.com.mx\/#website\"},\"primaryImageOfPage\":{\"@id\":\"https:\/\/www.sonoraenequipo.com.mx\/cinco-personas-mueren-y-14-resultan-heridas-por-el-impacto-de-un-rayo-en-colombia\/#primaryimage\"},\"image\":{\"@id\":\"https:\/\/www.sonoraenequipo.com.mx\/cinco-personas-mueren-y-14-resultan-heridas-por-el-impacto-de-un-rayo-en-colombia\/#primaryimage\"},\"thumbnailUrl\":\"https:\/\/www.sonoraenequipo.com.mx\/storage\/2023\/04\/descargas-electricas...-min.jpg\",\"datePublished\":\"2023-04-17T00:39:23+00:00\",\"dateModified\":\"2023-04-17T17:00:54+00:00\",\"description\":\"EL TAMBO, CAUCA. COLOMBIA. \u2014 Al menos 5 personas murieron y 14 m\u00e1s resultaron heridas por el impacto de un rayo en una zona rural del municipio de El En Sonora en Equipo publicamos toda la informaci\u00f3n de Sonora, M\u00e9xico y el Mundo de manera oportuna y busca que la libertad de expresi\u00f3n sea real. Visita nuestro medio informativo publicado desde Hermosillo, Sonora. %\",\"breadcrumb\":{\"@id\":\"https:\/\/www.sonoraenequipo.com.mx\/cinco-personas-mueren-y-14-resultan-heridas-por-el-impacto-de-un-rayo-en-colombia\/#breadcrumb\"},\"inLanguage\":\"es\",\"potentialAction\":[{\"@type\":\"ReadAction\",\"target\":[\"https:\/\/www.sonoraenequipo.com.mx\/cinco-personas-mueren-y-14-resultan-heridas-por-el-impacto-de-un-rayo-en-colombia\/\"]}]},{\"@type\":\"ImageObject\",\"inLanguage\":\"es\",\"@id\":\"https:\/\/www.sonoraenequipo.com.mx\/cinco-personas-mueren-y-14-resultan-heridas-por-el-impacto-de-un-rayo-en-colombia\/#primaryimage\",\"url\":\"https:\/\/www.sonoraenequipo.com.mx\/storage\/2023\/04\/descargas-electricas...-min.jpg\",\"contentUrl\":\"https:\/\/www.sonoraenequipo.com.mx\/storage\/2023\/04\/descargas-electricas...-min.jpg\",\"width\":900,\"height\":506},{\"@type\":\"BreadcrumbList\",\"@id\":\"https:\/\/www.sonoraenequipo.com.mx\/cinco-personas-mueren-y-14-resultan-heridas-por-el-impacto-de-un-rayo-en-colombia\/#breadcrumb\",\"itemListElement\":[{\"@type\":\"ListItem\",\"position\":1,\"name\":\"Portada\",\"item\":\"https:\/\/www.sonoraenequipo.com.mx\/\"},{\"@type\":\"ListItem\",\"position\":2,\"name\":\"Cinco personas mueren y 14 resultan heridas por el impacto de un rayo en Colombia\"}]},{\"@type\":\"WebSite\",\"@id\":\"https:\/\/www.sonoraenequipo.com.mx\/#website\",\"url\":\"https:\/\/www.sonoraenequipo.com.mx\/\",\"name\":\"Sonora en Equipo.\",\"description\":\"Diario en l\u00ednea con Noticias desde Hermosillo, Sonora\",\"publisher\":{\"@id\":\"https:\/\/www.sonoraenequipo.com.mx\/#organization\"},\"potentialAction\":[{\"@type\":\"SearchAction\",\"target\":{\"@type\":\"EntryPoint\",\"urlTemplate\":\"https:\/\/www.sonoraenequipo.com.mx\/?s={search_term_string}\"},\"query-input\":{\"@type\":\"PropertyValueSpecification\",\"valueRequired\":true,\"valueName\":\"search_term_string\"}}],\"inLanguage\":\"es\"},{\"@type\":\"Organization\",\"@id\":\"https:\/\/www.sonoraenequipo.com.mx\/#organization\",\"name\":\"Sonoraenequipo.com.mx\",\"url\":\"https:\/\/www.sonoraenequipo.com.mx\/\",\"logo\":{\"@type\":\"ImageObject\",\"inLanguage\":\"es\",\"@id\":\"https:\/\/www.sonoraenequipo.com.mx\/#\/schema\/logo\/image\/\",\"url\":\"https:\/\/www.sonoraenequipo.com.mx\/storage\/2019\/01\/sonoraenequipo_opt.png\",\"contentUrl\":\"https:\/\/www.sonoraenequipo.com.mx\/storage\/2019\/01\/sonoraenequipo_opt.png\",\"width\":375,\"height\":125,\"caption\":\"Sonoraenequipo.com.mx\"},\"image\":{\"@id\":\"https:\/\/www.sonoraenequipo.com.mx\/#\/schema\/logo\/image\/\"},\"sameAs\":[\"https:\/\/www.facebook.com\/SonoraEE\/\",\"https:\/\/x.com\/sonoraenequipo\",\"https:\/\/www.youtube.com\/channel\/UC338nW-lPEYmJQs4ZABQ1SQ\"]},{\"@type\":\"Person\",\"@id\":\"https:\/\/www.sonoraenequipo.com.mx\/#\/schema\/person\/50102df0fb23a8fa9e8effad8fa81386\",\"name\":\"enequipo\",\"image\":{\"@type\":\"ImageObject\",\"inLanguage\":\"es\",\"@id\":\"https:\/\/www.sonoraenequipo.com.mx\/#\/schema\/person\/image\/\",\"url\":\"https:\/\/secure.gravatar.com\/avatar\/049821681b589dabc0bc20695993ccebb09f5b5d4d790cd9251b97faac7c652b?s=96&d=blank&r=g\",\"contentUrl\":\"https:\/\/secure.gravatar.com\/avatar\/049821681b589dabc0bc20695993ccebb09f5b5d4d790cd9251b97faac7c652b?s=96&d=blank&r=g\",\"caption\":\"enequipo\"},\"sameAs\":[\"https:\/\/www.facebook.com\/SonoraEE\"]}]}<\/script>\n ","yoast_head_json":{"title":"Sonora en Equipo. Cinco personas mueren y 14 resultan heridas por el impacto de un rayo en Colombia MUNDO","description":"EL TAMBO, CAUCA. COLOMBIA. \u2014 Al menos 5 personas murieron y 14 m\u00e1s resultaron heridas por el impacto de un rayo en una zona rural del municipio de El En Sonora en Equipo publicamos toda la informaci\u00f3n de Sonora, M\u00e9xico y el Mundo de manera oportuna y busca que la libertad de expresi\u00f3n sea real. Visita nuestro medio informativo publicado desde Hermosillo, Sonora. %","robots":{"index":"index","follow":"follow","max-snippet":"max-snippet:-1","max-image-preview":"max-image-preview:large","max-video-preview":"max-video-preview:-1"},"canonical":"https:\/\/www.sonoraenequipo.com.mx\/cinco-personas-mueren-y-14-resultan-heridas-por-el-impacto-de-un-rayo-en-colombia\/","og_locale":"es_ES","og_type":"article","og_title":"Sonora en Equipo. Cinco personas mueren y 14 resultan heridas por el impacto de un rayo en Colombia MUNDO","og_description":"EL TAMBO, CAUCA. COLOMBIA. \u2014 Al menos 5 personas murieron y 14 m\u00e1s resultaron heridas por el impacto de un rayo en una zona rural del municipio de El En Sonora en Equipo publicamos toda la informaci\u00f3n de Sonora, M\u00e9xico y el Mundo de manera oportuna y busca que la libertad de expresi\u00f3n sea real. Visita nuestro medio informativo publicado desde Hermosillo, Sonora. %","og_url":"https:\/\/www.sonoraenequipo.com.mx\/cinco-personas-mueren-y-14-resultan-heridas-por-el-impacto-de-un-rayo-en-colombia\/","og_site_name":"Sonora en Equipo.","article_publisher":"https:\/\/www.facebook.com\/SonoraEE\/","article_author":"https:\/\/www.facebook.com\/SonoraEE","article_published_time":"2023-04-17T00:39:23+00:00","article_modified_time":"2023-04-17T17:00:54+00:00","og_image":[{"width":900,"height":506,"url":"https:\/\/www.sonoraenequipo.com.mx\/storage\/2023\/04\/descargas-electricas...-min.jpg","type":"image\/jpeg"}],"author":"enequipo","twitter_card":"summary_large_image","twitter_creator":"@sonoraenequipo","twitter_site":"@sonoraenequipo","twitter_misc":{"Escrito por":"enequipo","Tiempo de lectura":"1 minuto"},"schema":{"@context":"https:\/\/schema.org","@graph":[{"@type":"Article","@id":"https:\/\/www.sonoraenequipo.com.mx\/cinco-personas-mueren-y-14-resultan-heridas-por-el-impacto-de-un-rayo-en-colombia\/#article","isPartOf":{"@id":"https:\/\/www.sonoraenequipo.com.mx\/cinco-personas-mueren-y-14-resultan-heridas-por-el-impacto-de-un-rayo-en-colombia\/"},"author":{"name":"enequipo","@id":"https:\/\/www.sonoraenequipo.com.mx\/#\/schema\/person\/50102df0fb23a8fa9e8effad8fa81386"},"headline":"Cinco personas mueren y 14 resultan heridas por el impacto de un rayo en Colombia","datePublished":"2023-04-17T00:39:23+00:00","dateModified":"2023-04-17T17:00:54+00:00","mainEntityOfPage":{"@id":"https:\/\/www.sonoraenequipo.com.mx\/cinco-personas-mueren-y-14-resultan-heridas-por-el-impacto-de-un-rayo-en-colombia\/"},"wordCount":181,"commentCount":0,"publisher":{"@id":"https:\/\/www.sonoraenequipo.com.mx\/#organization"},"image":{"@id":"https:\/\/www.sonoraenequipo.com.mx\/cinco-personas-mueren-y-14-resultan-heridas-por-el-impacto-de-un-rayo-en-colombia\/#primaryimage"},"thumbnailUrl":"https:\/\/www.sonoraenequipo.com.mx\/storage\/2023\/04\/descargas-electricas...-min.jpg","articleSection":["MUNDO"],"inLanguage":"es","potentialAction":[{"@type":"CommentAction","name":"Comment","target":["https:\/\/www.sonoraenequipo.com.mx\/cinco-personas-mueren-y-14-resultan-heridas-por-el-impacto-de-un-rayo-en-colombia\/#respond"]}]},{"@type":"WebPage","@id":"https:\/\/www.sonoraenequipo.com.mx\/cinco-personas-mueren-y-14-resultan-heridas-por-el-impacto-de-un-rayo-en-colombia\/","url":"https:\/\/www.sonoraenequipo.com.mx\/cinco-personas-mueren-y-14-resultan-heridas-por-el-impacto-de-un-rayo-en-colombia\/","name":"Sonora en Equipo. Cinco personas mueren y 14 resultan heridas por el impacto de un rayo en Colombia MUNDO","isPartOf":{"@id":"https:\/\/www.sonoraenequipo.com.mx\/#website"},"primaryImageOfPage":{"@id":"https:\/\/www.sonoraenequipo.com.mx\/cinco-personas-mueren-y-14-resultan-heridas-por-el-impacto-de-un-rayo-en-colombia\/#primaryimage"},"image":{"@id":"https:\/\/www.sonoraenequipo.com.mx\/cinco-personas-mueren-y-14-resultan-heridas-por-el-impacto-de-un-rayo-en-colombia\/#primaryimage"},"thumbnailUrl":"https:\/\/www.sonoraenequipo.com.mx\/storage\/2023\/04\/descargas-electricas...-min.jpg","datePublished":"2023-04-17T00:39:23+00:00","dateModified":"2023-04-17T17:00:54+00:00","description":"EL TAMBO, CAUCA. COLOMBIA. \u2014 Al menos 5 personas murieron y 14 m\u00e1s resultaron heridas por el impacto de un rayo en una zona rural del municipio de El En Sonora en Equipo publicamos toda la informaci\u00f3n de Sonora, M\u00e9xico y el Mundo de manera oportuna y busca que la libertad de expresi\u00f3n sea real. Visita nuestro medio informativo publicado desde Hermosillo, Sonora. %","breadcrumb":{"@id":"https:\/\/www.sonoraenequipo.com.mx\/cinco-personas-mueren-y-14-resultan-heridas-por-el-impacto-de-un-rayo-en-colombia\/#breadcrumb"},"inLanguage":"es","potentialAction":[{"@type":"ReadAction","target":["https:\/\/www.sonoraenequipo.com.mx\/cinco-personas-mueren-y-14-resultan-heridas-por-el-impacto-de-un-rayo-en-colombia\/"]}]},{"@type":"ImageObject","inLanguage":"es","@id":"https:\/\/www.sonoraenequipo.com.mx\/cinco-personas-mueren-y-14-resultan-heridas-por-el-impacto-de-un-rayo-en-colombia\/#primaryimage","url":"https:\/\/www.sonoraenequipo.com.mx\/storage\/2023\/04\/descargas-electricas...-min.jpg","contentUrl":"https:\/\/www.sonoraenequipo.com.mx\/storage\/2023\/04\/descargas-electricas...-min.jpg","width":900,"height":506},{"@type":"BreadcrumbList","@id":"https:\/\/www.sonoraenequipo.com.mx\/cinco-personas-mueren-y-14-resultan-heridas-por-el-impacto-de-un-rayo-en-colombia\/#breadcrumb","itemListElement":[{"@type":"ListItem","position":1,"name":"Portada","item":"https:\/\/www.sonoraenequipo.com.mx\/"},{"@type":"ListItem","position":2,"name":"Cinco personas mueren y 14 resultan heridas por el impacto de un rayo en Colombia"}]},{"@type":"WebSite","@id":"https:\/\/www.sonoraenequipo.com.mx\/#website","url":"https:\/\/www.sonoraenequipo.com.mx\/","name":"Sonora en Equipo.","description":"Diario en l\u00ednea con Noticias desde Hermosillo, Sonora","publisher":{"@id":"https:\/\/www.sonoraenequipo.com.mx\/#organization"},"potentialAction":[{"@type":"SearchAction","target":{"@type":"EntryPoint","urlTemplate":"https:\/\/www.sonoraenequipo.com.mx\/?s={search_term_string}"},"query-input":{"@type":"PropertyValueSpecification","valueRequired":true,"valueName":"search_term_string"}}],"inLanguage":"es"},{"@type":"Organization","@id":"https:\/\/www.sonoraenequipo.com.mx\/#organization","name":"Sonoraenequipo.com.mx","url":"https:\/\/www.sonoraenequipo.com.mx\/","logo":{"@type":"ImageObject","inLanguage":"es","@id":"https:\/\/www.sonoraenequipo.com.mx\/#\/schema\/logo\/image\/","url":"https:\/\/www.sonoraenequipo.com.mx\/storage\/2019\/01\/sonoraenequipo_opt.png","contentUrl":"https:\/\/www.sonoraenequipo.com.mx\/storage\/2019\/01\/sonoraenequipo_opt.png","width":375,"height":125,"caption":"Sonoraenequipo.com.mx"},"image":{"@id":"https:\/\/www.sonoraenequipo.com.mx\/#\/schema\/logo\/image\/"},"sameAs":["https:\/\/www.facebook.com\/SonoraEE\/","https:\/\/x.com\/sonoraenequipo","https:\/\/www.youtube.com\/channel\/UC338nW-lPEYmJQs4ZABQ1SQ"]},{"@type":"Person","@id":"https:\/\/www.sonoraenequipo.com.mx\/#\/schema\/person\/50102df0fb23a8fa9e8effad8fa81386","name":"enequipo","image":{"@type":"ImageObject","inLanguage":"es","@id":"https:\/\/www.sonoraenequipo.com.mx\/#\/schema\/person\/image\/","url":"https:\/\/secure.gravatar.com\/avatar\/049821681b589dabc0bc20695993ccebb09f5b5d4d790cd9251b97faac7c652b?s=96&d=blank&r=g","contentUrl":"https:\/\/secure.gravatar.com\/avatar\/049821681b589dabc0bc20695993ccebb09f5b5d4d790cd9251b97faac7c652b?s=96&d=blank&r=g","caption":"enequipo"},"sameAs":["https:\/\/www.facebook.com\/SonoraEE"]}]}},"jetpack_featured_media_url":"https:\/\/www.sonoraenequipo.com.mx\/storage\/2023\/04\/descargas-electricas...-min.jpg","_links":{"self":[{"href":"https:\/\/www.sonoraenequipo.com.mx\/api\/wp\/v2\/posts\/163308","targetHints":{"allow":["GET"]}}],"collection":[{"href":"https:\/\/www.sonoraenequipo.com.mx\/api\/wp\/v2\/posts"}],"about":[{"href":"https:\/\/www.sonoraenequipo.com.mx\/api\/wp\/v2\/types\/post"}],"author":[{"embeddable":true,"href":"https:\/\/www.sonoraenequipo.com.mx\/api\/wp\/v2\/users\/1"}],"replies":[{"embeddable":true,"href":"https:\/\/www.sonoraenequipo.com.mx\/api\/wp\/v2\/comments?post=163308"}],"version-history":[{"count":1,"href":"https:\/\/www.sonoraenequipo.com.mx\/api\/wp\/v2\/posts\/163308\/revisions"}],"predecessor-version":[{"id":163311,"href":"https:\/\/www.sonoraenequipo.com.mx\/api\/wp\/v2\/posts\/163308\/revisions\/163311"}],"wp:featuredmedia":[{"embeddable":true,"href":"https:\/\/www.sonoraenequipo.com.mx\/api\/wp\/v2\/media\/163309"}],"wp:attachment":[{"href":"https:\/\/www.sonoraenequipo.com.mx\/api\/wp\/v2\/media?parent=163308"}],"wp:term":[{"taxonomy":"category","embeddable":true,"href":"https:\/\/www.sonoraenequipo.com.mx\/api\/wp\/v2\/categories?post=163308"},{"taxonomy":"post_tag","embeddable":true,"href":"https:\/\/www.sonoraenequipo.com.mx\/api\/wp\/v2\/tags?post=163308"}],"curies":[{"name":"wp","href":"https:\/\/api.w.org\/{rel}","templated":true}]}}