{"id":163312,"date":"2023-04-16T13:50:55","date_gmt":"2023-04-16T20:50:55","guid":{"rendered":"https:\/\/www.sonoraenequipo.com.mx\/?p=163312"},"modified":"2023-04-17T11:19:10","modified_gmt":"2023-04-17T18:19:10","slug":"guterres-pide-que-asesinos-en-conflicto-sudanes-comparezcan-ante-la-justicia","status":"publish","type":"post","link":"https:\/\/www.sonoraenequipo.com.mx\/guterres-pide-que-asesinos-en-conflicto-sudanes-comparezcan-ante-la-justicia\/","title":{"rendered":"Guterres pide que asesinos en conflicto sudan\u00e9s comparezcan ante la Justicia"},"content":{"rendered":"<p><strong>WASHINGTON, ESTADOS UNIDOS.<\/strong> \u2014 El secretario general de Naciones Unidas (ONU), Ant\u00f3nio Guterres, pidi\u00f3 este domingo que los responsables de decenas de muertes y centenares de heridos en los conflictos de este fin de semana en Sud\u00e1n comparezcan ante la Justicia sin demora.<\/p>\n<p>&nbsp;<\/p>\n<p> <\/p>\n<p>&nbsp;<\/p>\n<p><em><strong>\u201c(Guterres) condena en\u00e9rgicamente las muertes y lesiones de civiles, incluida la muerte de tres miembros del personal del Programa Mundial de Alimentos en el norte de Darfur, otros dos resultaron gravemente heridos. Los responsables deben comparecer ante la Justicia sin demora\u201d,<\/strong> <\/em>se\u00f1ala el organismo en un comunicado.<\/p>\n<p>&nbsp;<\/p>\n<p>&nbsp;<\/p>\n<p>PUBLICADO EL 16 DE ABRIL DE 2023<\/p>\n","protected":false},"excerpt":{"rendered":"<p>WASHINGTON, ESTADOS UNIDOS. \u2014 El secretario general de Naciones Unidas (ONU), Ant\u00f3nio Guterres, pidi\u00f3 este&#8230;<\/p>\n","protected":false},"author":1,"featured_media":163313,"comment_status":"open","ping_status":"open","sticky":false,"template":"","format":"standard","meta":{"_monsterinsights_skip_tracking":false,"_monsterinsights_sitenote_active":false,"_monsterinsights_sitenote_note":"","_monsterinsights_sitenote_category":0,"footnotes":""},"categories":[3],"tags":[],"class_list":["post"],"yoast_head":" \n<title>Sonora en Equipo. Guterres pide que asesinos en conflicto sudan\u00e9s comparezcan ante la Justicia MUNDO<\/title>\n<meta name=\"description\" content=\"WASHINGTON, ESTADOS UNIDOS. \u2014 El secretario general de Naciones Unidas (ONU), Ant\u00f3nio Guterres, pidi\u00f3 este domingo que los responsables de decenas de En Sonora en Equipo publicamos toda la informaci\u00f3n de Sonora, M\u00e9xico y el Mundo de manera oportuna y busca que la libertad de expresi\u00f3n sea real. Visita nuestro medio informativo publicado desde Hermosillo, Sonora. %\" \/>\n<meta name=\"robots\" content=\"index, follow, max-snippet:-1, max-image-preview:large, max-video-preview:-1\" \/>\n<link rel=\"canonical\" href=\"https:\/\/www.sonoraenequipo.com.mx\/guterres-pide-que-asesinos-en-conflicto-sudanes-comparezcan-ante-la-justicia\/\" \/>\n<meta property=\"og:locale\" content=\"es_ES\" \/>\n<meta property=\"og:type\" content=\"article\" \/>\n<meta property=\"og:title\" content=\"Sonora en Equipo. Guterres pide que asesinos en conflicto sudan\u00e9s comparezcan ante la Justicia MUNDO\" \/>\n<meta property=\"og:description\" content=\"WASHINGTON, ESTADOS UNIDOS. \u2014 El secretario general de Naciones Unidas (ONU), Ant\u00f3nio Guterres, pidi\u00f3 este domingo que los responsables de decenas de En Sonora en Equipo publicamos toda la informaci\u00f3n de Sonora, M\u00e9xico y el Mundo de manera oportuna y busca que la libertad de expresi\u00f3n sea real. Visita nuestro medio informativo publicado desde Hermosillo, Sonora. %\" \/>\n<meta property=\"og:url\" content=\"https:\/\/www.sonoraenequipo.com.mx\/guterres-pide-que-asesinos-en-conflicto-sudanes-comparezcan-ante-la-justicia\/\" \/>\n<meta property=\"og:site_name\" content=\"Sonora en Equipo.\" \/>\n<meta property=\"article:publisher\" content=\"https:\/\/www.facebook.com\/SonoraEE\/\" \/>\n<meta property=\"article:author\" content=\"https:\/\/www.facebook.com\/SonoraEE\" \/>\n<meta property=\"article:published_time\" content=\"2023-04-16T20:50:55+00:00\" \/>\n<meta property=\"article:modified_time\" content=\"2023-04-17T18:19:10+00:00\" \/>\n<meta property=\"og:image\" content=\"https:\/\/www.sonoraenequipo.com.mx\/storage\/2023\/04\/Guterres-pide-que-asesinos-en-conflicto-sudanes-comparezcan-ante-la-Justicia-min.jpg\" \/>\n\t<meta property=\"og:image:width\" content=\"880\" \/>\n\t<meta property=\"og:image:height\" content=\"495\" \/>\n\t<meta property=\"og:image:type\" content=\"image\/jpeg\" \/>\n<meta name=\"author\" content=\"enequipo\" \/>\n<meta name=\"twitter:card\" content=\"summary_large_image\" \/>\n<meta name=\"twitter:creator\" content=\"@sonoraenequipo\" \/>\n<meta name=\"twitter:site\" content=\"@sonoraenequipo\" \/>\n<meta name=\"twitter:label1\" content=\"Escrito por\" \/>\n\t<meta name=\"twitter:data1\" content=\"enequipo\" \/>\n\t<meta name=\"twitter:label2\" content=\"Tiempo de lectura\" \/>\n\t<meta name=\"twitter:data2\" content=\"1 minuto\" \/>\n<script type=\"application\/ld+json\" class=\"yoast-schema-graph\">{\"@context\":\"https:\/\/schema.org\",\"@graph\":[{\"@type\":\"Article\",\"@id\":\"https:\/\/www.sonoraenequipo.com.mx\/guterres-pide-que-asesinos-en-conflicto-sudanes-comparezcan-ante-la-justicia\/#article\",\"isPartOf\":{\"@id\":\"https:\/\/www.sonoraenequipo.com.mx\/guterres-pide-que-asesinos-en-conflicto-sudanes-comparezcan-ante-la-justicia\/\"},\"author\":{\"name\":\"enequipo\",\"@id\":\"https:\/\/www.sonoraenequipo.com.mx\/#\/schema\/person\/50102df0fb23a8fa9e8effad8fa81386\"},\"headline\":\"Guterres pide que asesinos en conflicto sudan\u00e9s comparezcan ante la Justicia\",\"datePublished\":\"2023-04-16T20:50:55+00:00\",\"dateModified\":\"2023-04-17T18:19:10+00:00\",\"mainEntityOfPage\":{\"@id\":\"https:\/\/www.sonoraenequipo.com.mx\/guterres-pide-que-asesinos-en-conflicto-sudanes-comparezcan-ante-la-justicia\/\"},\"wordCount\":114,\"commentCount\":0,\"publisher\":{\"@id\":\"https:\/\/www.sonoraenequipo.com.mx\/#organization\"},\"image\":{\"@id\":\"https:\/\/www.sonoraenequipo.com.mx\/guterres-pide-que-asesinos-en-conflicto-sudanes-comparezcan-ante-la-justicia\/#primaryimage\"},\"thumbnailUrl\":\"https:\/\/www.sonoraenequipo.com.mx\/storage\/2023\/04\/Guterres-pide-que-asesinos-en-conflicto-sudanes-comparezcan-ante-la-Justicia-min.jpg\",\"articleSection\":[\"MUNDO\"],\"inLanguage\":\"es\",\"potentialAction\":[{\"@type\":\"CommentAction\",\"name\":\"Comment\",\"target\":[\"https:\/\/www.sonoraenequipo.com.mx\/guterres-pide-que-asesinos-en-conflicto-sudanes-comparezcan-ante-la-justicia\/#respond\"]}]},{\"@type\":\"WebPage\",\"@id\":\"https:\/\/www.sonoraenequipo.com.mx\/guterres-pide-que-asesinos-en-conflicto-sudanes-comparezcan-ante-la-justicia\/\",\"url\":\"https:\/\/www.sonoraenequipo.com.mx\/guterres-pide-que-asesinos-en-conflicto-sudanes-comparezcan-ante-la-justicia\/\",\"name\":\"Sonora en Equipo. Guterres pide que asesinos en conflicto sudan\u00e9s comparezcan ante la Justicia MUNDO\",\"isPartOf\":{\"@id\":\"https:\/\/www.sonoraenequipo.com.mx\/#website\"},\"primaryImageOfPage\":{\"@id\":\"https:\/\/www.sonoraenequipo.com.mx\/guterres-pide-que-asesinos-en-conflicto-sudanes-comparezcan-ante-la-justicia\/#primaryimage\"},\"image\":{\"@id\":\"https:\/\/www.sonoraenequipo.com.mx\/guterres-pide-que-asesinos-en-conflicto-sudanes-comparezcan-ante-la-justicia\/#primaryimage\"},\"thumbnailUrl\":\"https:\/\/www.sonoraenequipo.com.mx\/storage\/2023\/04\/Guterres-pide-que-asesinos-en-conflicto-sudanes-comparezcan-ante-la-Justicia-min.jpg\",\"datePublished\":\"2023-04-16T20:50:55+00:00\",\"dateModified\":\"2023-04-17T18:19:10+00:00\",\"description\":\"WASHINGTON, ESTADOS UNIDOS. \u2014 El secretario general de Naciones Unidas (ONU), Ant\u00f3nio Guterres, pidi\u00f3 este domingo que los responsables de decenas de En Sonora en Equipo publicamos toda la informaci\u00f3n de Sonora, M\u00e9xico y el Mundo de manera oportuna y busca que la libertad de expresi\u00f3n sea real. Visita nuestro medio informativo publicado desde Hermosillo, Sonora. %\",\"breadcrumb\":{\"@id\":\"https:\/\/www.sonoraenequipo.com.mx\/guterres-pide-que-asesinos-en-conflicto-sudanes-comparezcan-ante-la-justicia\/#breadcrumb\"},\"inLanguage\":\"es\",\"potentialAction\":[{\"@type\":\"ReadAction\",\"target\":[\"https:\/\/www.sonoraenequipo.com.mx\/guterres-pide-que-asesinos-en-conflicto-sudanes-comparezcan-ante-la-justicia\/\"]}]},{\"@type\":\"ImageObject\",\"inLanguage\":\"es\",\"@id\":\"https:\/\/www.sonoraenequipo.com.mx\/guterres-pide-que-asesinos-en-conflicto-sudanes-comparezcan-ante-la-justicia\/#primaryimage\",\"url\":\"https:\/\/www.sonoraenequipo.com.mx\/storage\/2023\/04\/Guterres-pide-que-asesinos-en-conflicto-sudanes-comparezcan-ante-la-Justicia-min.jpg\",\"contentUrl\":\"https:\/\/www.sonoraenequipo.com.mx\/storage\/2023\/04\/Guterres-pide-que-asesinos-en-conflicto-sudanes-comparezcan-ante-la-Justicia-min.jpg\",\"width\":880,\"height\":495},{\"@type\":\"BreadcrumbList\",\"@id\":\"https:\/\/www.sonoraenequipo.com.mx\/guterres-pide-que-asesinos-en-conflicto-sudanes-comparezcan-ante-la-justicia\/#breadcrumb\",\"itemListElement\":[{\"@type\":\"ListItem\",\"position\":1,\"name\":\"Portada\",\"item\":\"https:\/\/www.sonoraenequipo.com.mx\/\"},{\"@type\":\"ListItem\",\"position\":2,\"name\":\"Guterres pide que asesinos en conflicto sudan\u00e9s comparezcan ante la Justicia\"}]},{\"@type\":\"WebSite\",\"@id\":\"https:\/\/www.sonoraenequipo.com.mx\/#website\",\"url\":\"https:\/\/www.sonoraenequipo.com.mx\/\",\"name\":\"Sonora en Equipo.\",\"description\":\"Diario en l\u00ednea con Noticias desde Hermosillo, Sonora\",\"publisher\":{\"@id\":\"https:\/\/www.sonoraenequipo.com.mx\/#organization\"},\"potentialAction\":[{\"@type\":\"SearchAction\",\"target\":{\"@type\":\"EntryPoint\",\"urlTemplate\":\"https:\/\/www.sonoraenequipo.com.mx\/?s={search_term_string}\"},\"query-input\":{\"@type\":\"PropertyValueSpecification\",\"valueRequired\":true,\"valueName\":\"search_term_string\"}}],\"inLanguage\":\"es\"},{\"@type\":\"Organization\",\"@id\":\"https:\/\/www.sonoraenequipo.com.mx\/#organization\",\"name\":\"Sonoraenequipo.com.mx\",\"url\":\"https:\/\/www.sonoraenequipo.com.mx\/\",\"logo\":{\"@type\":\"ImageObject\",\"inLanguage\":\"es\",\"@id\":\"https:\/\/www.sonoraenequipo.com.mx\/#\/schema\/logo\/image\/\",\"url\":\"https:\/\/www.sonoraenequipo.com.mx\/storage\/2019\/01\/sonoraenequipo_opt.png\",\"contentUrl\":\"https:\/\/www.sonoraenequipo.com.mx\/storage\/2019\/01\/sonoraenequipo_opt.png\",\"width\":375,\"height\":125,\"caption\":\"Sonoraenequipo.com.mx\"},\"image\":{\"@id\":\"https:\/\/www.sonoraenequipo.com.mx\/#\/schema\/logo\/image\/\"},\"sameAs\":[\"https:\/\/www.facebook.com\/SonoraEE\/\",\"https:\/\/x.com\/sonoraenequipo\",\"https:\/\/www.youtube.com\/channel\/UC338nW-lPEYmJQs4ZABQ1SQ\"]},{\"@type\":\"Person\",\"@id\":\"https:\/\/www.sonoraenequipo.com.mx\/#\/schema\/person\/50102df0fb23a8fa9e8effad8fa81386\",\"name\":\"enequipo\",\"image\":{\"@type\":\"ImageObject\",\"inLanguage\":\"es\",\"@id\":\"https:\/\/www.sonoraenequipo.com.mx\/#\/schema\/person\/image\/\",\"url\":\"https:\/\/secure.gravatar.com\/avatar\/049821681b589dabc0bc20695993ccebb09f5b5d4d790cd9251b97faac7c652b?s=96&d=blank&r=g\",\"contentUrl\":\"https:\/\/secure.gravatar.com\/avatar\/049821681b589dabc0bc20695993ccebb09f5b5d4d790cd9251b97faac7c652b?s=96&d=blank&r=g\",\"caption\":\"enequipo\"},\"sameAs\":[\"https:\/\/www.facebook.com\/SonoraEE\"]}]}<\/script>\n ","yoast_head_json":{"title":"Sonora en Equipo. Guterres pide que asesinos en conflicto sudan\u00e9s comparezcan ante la Justicia MUNDO","description":"WASHINGTON, ESTADOS UNIDOS. \u2014 El secretario general de Naciones Unidas (ONU), Ant\u00f3nio Guterres, pidi\u00f3 este domingo que los responsables de decenas de En Sonora en Equipo publicamos toda la informaci\u00f3n de Sonora, M\u00e9xico y el Mundo de manera oportuna y busca que la libertad de expresi\u00f3n sea real. Visita nuestro medio informativo publicado desde Hermosillo, Sonora. %","robots":{"index":"index","follow":"follow","max-snippet":"max-snippet:-1","max-image-preview":"max-image-preview:large","max-video-preview":"max-video-preview:-1"},"canonical":"https:\/\/www.sonoraenequipo.com.mx\/guterres-pide-que-asesinos-en-conflicto-sudanes-comparezcan-ante-la-justicia\/","og_locale":"es_ES","og_type":"article","og_title":"Sonora en Equipo. Guterres pide que asesinos en conflicto sudan\u00e9s comparezcan ante la Justicia MUNDO","og_description":"WASHINGTON, ESTADOS UNIDOS. \u2014 El secretario general de Naciones Unidas (ONU), Ant\u00f3nio Guterres, pidi\u00f3 este domingo que los responsables de decenas de En Sonora en Equipo publicamos toda la informaci\u00f3n de Sonora, M\u00e9xico y el Mundo de manera oportuna y busca que la libertad de expresi\u00f3n sea real. Visita nuestro medio informativo publicado desde Hermosillo, Sonora. %","og_url":"https:\/\/www.sonoraenequipo.com.mx\/guterres-pide-que-asesinos-en-conflicto-sudanes-comparezcan-ante-la-justicia\/","og_site_name":"Sonora en Equipo.","article_publisher":"https:\/\/www.facebook.com\/SonoraEE\/","article_author":"https:\/\/www.facebook.com\/SonoraEE","article_published_time":"2023-04-16T20:50:55+00:00","article_modified_time":"2023-04-17T18:19:10+00:00","og_image":[{"width":880,"height":495,"url":"https:\/\/www.sonoraenequipo.com.mx\/storage\/2023\/04\/Guterres-pide-que-asesinos-en-conflicto-sudanes-comparezcan-ante-la-Justicia-min.jpg","type":"image\/jpeg"}],"author":"enequipo","twitter_card":"summary_large_image","twitter_creator":"@sonoraenequipo","twitter_site":"@sonoraenequipo","twitter_misc":{"Escrito por":"enequipo","Tiempo de lectura":"1 minuto"},"schema":{"@context":"https:\/\/schema.org","@graph":[{"@type":"Article","@id":"https:\/\/www.sonoraenequipo.com.mx\/guterres-pide-que-asesinos-en-conflicto-sudanes-comparezcan-ante-la-justicia\/#article","isPartOf":{"@id":"https:\/\/www.sonoraenequipo.com.mx\/guterres-pide-que-asesinos-en-conflicto-sudanes-comparezcan-ante-la-justicia\/"},"author":{"name":"enequipo","@id":"https:\/\/www.sonoraenequipo.com.mx\/#\/schema\/person\/50102df0fb23a8fa9e8effad8fa81386"},"headline":"Guterres pide que asesinos en conflicto sudan\u00e9s comparezcan ante la Justicia","datePublished":"2023-04-16T20:50:55+00:00","dateModified":"2023-04-17T18:19:10+00:00","mainEntityOfPage":{"@id":"https:\/\/www.sonoraenequipo.com.mx\/guterres-pide-que-asesinos-en-conflicto-sudanes-comparezcan-ante-la-justicia\/"},"wordCount":114,"commentCount":0,"publisher":{"@id":"https:\/\/www.sonoraenequipo.com.mx\/#organization"},"image":{"@id":"https:\/\/www.sonoraenequipo.com.mx\/guterres-pide-que-asesinos-en-conflicto-sudanes-comparezcan-ante-la-justicia\/#primaryimage"},"thumbnailUrl":"https:\/\/www.sonoraenequipo.com.mx\/storage\/2023\/04\/Guterres-pide-que-asesinos-en-conflicto-sudanes-comparezcan-ante-la-Justicia-min.jpg","articleSection":["MUNDO"],"inLanguage":"es","potentialAction":[{"@type":"CommentAction","name":"Comment","target":["https:\/\/www.sonoraenequipo.com.mx\/guterres-pide-que-asesinos-en-conflicto-sudanes-comparezcan-ante-la-justicia\/#respond"]}]},{"@type":"WebPage","@id":"https:\/\/www.sonoraenequipo.com.mx\/guterres-pide-que-asesinos-en-conflicto-sudanes-comparezcan-ante-la-justicia\/","url":"https:\/\/www.sonoraenequipo.com.mx\/guterres-pide-que-asesinos-en-conflicto-sudanes-comparezcan-ante-la-justicia\/","name":"Sonora en Equipo. Guterres pide que asesinos en conflicto sudan\u00e9s comparezcan ante la Justicia MUNDO","isPartOf":{"@id":"https:\/\/www.sonoraenequipo.com.mx\/#website"},"primaryImageOfPage":{"@id":"https:\/\/www.sonoraenequipo.com.mx\/guterres-pide-que-asesinos-en-conflicto-sudanes-comparezcan-ante-la-justicia\/#primaryimage"},"image":{"@id":"https:\/\/www.sonoraenequipo.com.mx\/guterres-pide-que-asesinos-en-conflicto-sudanes-comparezcan-ante-la-justicia\/#primaryimage"},"thumbnailUrl":"https:\/\/www.sonoraenequipo.com.mx\/storage\/2023\/04\/Guterres-pide-que-asesinos-en-conflicto-sudanes-comparezcan-ante-la-Justicia-min.jpg","datePublished":"2023-04-16T20:50:55+00:00","dateModified":"2023-04-17T18:19:10+00:00","description":"WASHINGTON, ESTADOS UNIDOS. \u2014 El secretario general de Naciones Unidas (ONU), Ant\u00f3nio Guterres, pidi\u00f3 este domingo que los responsables de decenas de En Sonora en Equipo publicamos toda la informaci\u00f3n de Sonora, M\u00e9xico y el Mundo de manera oportuna y busca que la libertad de expresi\u00f3n sea real. Visita nuestro medio informativo publicado desde Hermosillo, Sonora. %","breadcrumb":{"@id":"https:\/\/www.sonoraenequipo.com.mx\/guterres-pide-que-asesinos-en-conflicto-sudanes-comparezcan-ante-la-justicia\/#breadcrumb"},"inLanguage":"es","potentialAction":[{"@type":"ReadAction","target":["https:\/\/www.sonoraenequipo.com.mx\/guterres-pide-que-asesinos-en-conflicto-sudanes-comparezcan-ante-la-justicia\/"]}]},{"@type":"ImageObject","inLanguage":"es","@id":"https:\/\/www.sonoraenequipo.com.mx\/guterres-pide-que-asesinos-en-conflicto-sudanes-comparezcan-ante-la-justicia\/#primaryimage","url":"https:\/\/www.sonoraenequipo.com.mx\/storage\/2023\/04\/Guterres-pide-que-asesinos-en-conflicto-sudanes-comparezcan-ante-la-Justicia-min.jpg","contentUrl":"https:\/\/www.sonoraenequipo.com.mx\/storage\/2023\/04\/Guterres-pide-que-asesinos-en-conflicto-sudanes-comparezcan-ante-la-Justicia-min.jpg","width":880,"height":495},{"@type":"BreadcrumbList","@id":"https:\/\/www.sonoraenequipo.com.mx\/guterres-pide-que-asesinos-en-conflicto-sudanes-comparezcan-ante-la-justicia\/#breadcrumb","itemListElement":[{"@type":"ListItem","position":1,"name":"Portada","item":"https:\/\/www.sonoraenequipo.com.mx\/"},{"@type":"ListItem","position":2,"name":"Guterres pide que asesinos en conflicto sudan\u00e9s comparezcan ante la Justicia"}]},{"@type":"WebSite","@id":"https:\/\/www.sonoraenequipo.com.mx\/#website","url":"https:\/\/www.sonoraenequipo.com.mx\/","name":"Sonora en Equipo.","description":"Diario en l\u00ednea con Noticias desde Hermosillo, Sonora","publisher":{"@id":"https:\/\/www.sonoraenequipo.com.mx\/#organization"},"potentialAction":[{"@type":"SearchAction","target":{"@type":"EntryPoint","urlTemplate":"https:\/\/www.sonoraenequipo.com.mx\/?s={search_term_string}"},"query-input":{"@type":"PropertyValueSpecification","valueRequired":true,"valueName":"search_term_string"}}],"inLanguage":"es"},{"@type":"Organization","@id":"https:\/\/www.sonoraenequipo.com.mx\/#organization","name":"Sonoraenequipo.com.mx","url":"https:\/\/www.sonoraenequipo.com.mx\/","logo":{"@type":"ImageObject","inLanguage":"es","@id":"https:\/\/www.sonoraenequipo.com.mx\/#\/schema\/logo\/image\/","url":"https:\/\/www.sonoraenequipo.com.mx\/storage\/2019\/01\/sonoraenequipo_opt.png","contentUrl":"https:\/\/www.sonoraenequipo.com.mx\/storage\/2019\/01\/sonoraenequipo_opt.png","width":375,"height":125,"caption":"Sonoraenequipo.com.mx"},"image":{"@id":"https:\/\/www.sonoraenequipo.com.mx\/#\/schema\/logo\/image\/"},"sameAs":["https:\/\/www.facebook.com\/SonoraEE\/","https:\/\/x.com\/sonoraenequipo","https:\/\/www.youtube.com\/channel\/UC338nW-lPEYmJQs4ZABQ1SQ"]},{"@type":"Person","@id":"https:\/\/www.sonoraenequipo.com.mx\/#\/schema\/person\/50102df0fb23a8fa9e8effad8fa81386","name":"enequipo","image":{"@type":"ImageObject","inLanguage":"es","@id":"https:\/\/www.sonoraenequipo.com.mx\/#\/schema\/person\/image\/","url":"https:\/\/secure.gravatar.com\/avatar\/049821681b589dabc0bc20695993ccebb09f5b5d4d790cd9251b97faac7c652b?s=96&d=blank&r=g","contentUrl":"https:\/\/secure.gravatar.com\/avatar\/049821681b589dabc0bc20695993ccebb09f5b5d4d790cd9251b97faac7c652b?s=96&d=blank&r=g","caption":"enequipo"},"sameAs":["https:\/\/www.facebook.com\/SonoraEE"]}]}},"jetpack_featured_media_url":"https:\/\/www.sonoraenequipo.com.mx\/storage\/2023\/04\/Guterres-pide-que-asesinos-en-conflicto-sudanes-comparezcan-ante-la-Justicia-min.jpg","_links":{"self":[{"href":"https:\/\/www.sonoraenequipo.com.mx\/api\/wp\/v2\/posts\/163312","targetHints":{"allow":["GET"]}}],"collection":[{"href":"https:\/\/www.sonoraenequipo.com.mx\/api\/wp\/v2\/posts"}],"about":[{"href":"https:\/\/www.sonoraenequipo.com.mx\/api\/wp\/v2\/types\/post"}],"author":[{"embeddable":true,"href":"https:\/\/www.sonoraenequipo.com.mx\/api\/wp\/v2\/users\/1"}],"replies":[{"embeddable":true,"href":"https:\/\/www.sonoraenequipo.com.mx\/api\/wp\/v2\/comments?post=163312"}],"version-history":[{"count":1,"href":"https:\/\/www.sonoraenequipo.com.mx\/api\/wp\/v2\/posts\/163312\/revisions"}],"predecessor-version":[{"id":163314,"href":"https:\/\/www.sonoraenequipo.com.mx\/api\/wp\/v2\/posts\/163312\/revisions\/163314"}],"wp:featuredmedia":[{"embeddable":true,"href":"https:\/\/www.sonoraenequipo.com.mx\/api\/wp\/v2\/media\/163313"}],"wp:attachment":[{"href":"https:\/\/www.sonoraenequipo.com.mx\/api\/wp\/v2\/media?parent=163312"}],"wp:term":[{"taxonomy":"category","embeddable":true,"href":"https:\/\/www.sonoraenequipo.com.mx\/api\/wp\/v2\/categories?post=163312"},{"taxonomy":"post_tag","embeddable":true,"href":"https:\/\/www.sonoraenequipo.com.mx\/api\/wp\/v2\/tags?post=163312"}],"curies":[{"name":"wp","href":"https:\/\/api.w.org\/{rel}","templated":true}]}}