{"id":163527,"date":"2023-04-19T15:16:56","date_gmt":"2023-04-19T22:16:56","guid":{"rendered":"https:\/\/www.sonoraenequipo.com.mx\/?p=163527"},"modified":"2023-04-19T18:10:11","modified_gmt":"2023-04-20T01:10:11","slug":"buscan-agilizar-flujo-vehicular-en-el-cruce-de-colosio-y-reforma-en-hermosillo","status":"publish","type":"post","link":"https:\/\/www.sonoraenequipo.com.mx\/buscan-agilizar-flujo-vehicular-en-el-cruce-de-colosio-y-reforma-en-hermosillo\/","title":{"rendered":"Buscan agilizar flujo vehicular en el cruce de Colosio y Reforma, en Hermosillo"},"content":{"rendered":"<p><strong>HERMOSILLO, SONORA,MX.<\/strong><strong>\u2500\u2500<\/strong> A fin de reducir las demoras y mejorar tanto los flujos vehiculares como la seguridad para peatones en la intersecci\u00f3n del bulevar Colosio y la calle Reforma, la Coordinaci\u00f3n de Infraestructura, Desarrollo Urbano y Ecolog\u00eda (CIDUE) realizar\u00e1 cambios en la operaci\u00f3n vial en dicho sector.<\/p>\n<p>&nbsp;<\/p>\n<p>El titular del \u00e1rea de Vialidad y Sem\u00e1foros de CIDUE, Samuel Chenoweth Acosta mencion\u00f3 que en este sector circulan en promedio entre 50 mil y 60 mil veh\u00edculos al d\u00eda y el flujo predominante en las horas de m\u00e1xima demanda, en cuanto a la incorporaci\u00f3n a la calle Reforma, es en la vuelta a la izquierda, con aproximadamente 450 carros, mientras que el de la derecha es de 150.<\/p>\n<p>&nbsp;<\/p>\n<p>Anunci\u00f3 que los cambios que entrar\u00e1n en operaci\u00f3n a partir del pr\u00f3ximo 8 de mayo ser\u00e1n la cancelaci\u00f3n de la flecha a la izquierda en el sem\u00e1foro, la cual se trasladar\u00e1 unos 100 metros al poniente para que con toda anticipaci\u00f3n las y los automovilistas se trasladen a contraflujo por el cuerpo norte del bulevar Colosio, en un tramo de 80 metros para tomar hacia el norte por la Reforma.<\/p>\n<blockquote class=\"twitter-tweet\" data-width=\"550\" data-dnt=\"true\">\n<p lang=\"es\" dir=\"ltr\">Nueva forma de operar vuelta anticipada en colosio y reforma. Obtendremos reducciones de demoras importantes. <a href=\"https:\/\/t.co\/7FwZO80Ie6\">pic.twitter.com\/7FwZO80Ie6<\/a><\/p>\n<p>&mdash; ing samuel chenoweth (@ingsamuelchen) <a href=\"https:\/\/twitter.com\/ingsamuelchen\/status\/1648784812214296578?ref_src=twsrc%5Etfw\">April 19, 2023<\/a><\/p><\/blockquote>\n<p><script async src=\"https:\/\/platform.twitter.com\/widgets.js\" charset=\"utf-8\"><\/script><\/p>\n<p>&nbsp;<\/p>\n<p>El movimiento procura no s\u00f3lo agilizar el flujo vehicular, sino tambi\u00e9n mejorar las condiciones para los cruces peatonales. \u201cSe van a modificar las rampas en las 4 esquinas y se van a poner sem\u00e1foros peatonales en esta zona para permitir que todos los pases sean seguros para los peatones\u201d, extern\u00f3.<\/p>\n<p>&nbsp;<\/p>\n<p>El director de Vialidad y Sem\u00e1foros de CIDUE especific\u00f3 que la inversi\u00f3n a aplicar en este caso ser\u00e1 de 900 mil pesos e incluye construcci\u00f3n de guarniciones y modernizaci\u00f3n de sem\u00e1foros.<\/p>\n<p>&nbsp;<\/p>\n<p>Por su parte, el director de Tr\u00e1nsito de la Polic\u00eda Preventiva y Tr\u00e1nsito Municipal, Sergio Valdez L\u00f3pez confirm\u00f3 el apoyo con agentes durante las obras en proceso en esta intersecci\u00f3n vial y sus inmediaciones, as\u00ed como la operaci\u00f3n manual del sem\u00e1foro actual cuando sea necesaria para agilizar el flujo vial.<\/p>\n<p>&nbsp;<\/p>\n<p>Adelant\u00f3 que cuando entren en operaci\u00f3n los cambios anunciados se mantendr\u00e1n muy pendientes para apoyar a las personas usuarias en tanto se familiarizan con las modificaciones.<\/p>\n<p><strong><em><u>Fecha de publicaci\u00f3n mi\u00e9rcoles 19 de abril de 2023 con informaci\u00f3n de boletines<\/u><\/em><\/strong><\/p>\n","protected":false},"excerpt":{"rendered":"<p>HERMOSILLO, SONORA,MX.\u2500\u2500 A fin de reducir las demoras y mejorar tanto los flujos vehiculares como&#8230;<\/p>\n","protected":false},"author":1,"featured_media":163528,"comment_status":"open","ping_status":"open","sticky":false,"template":"","format":"standard","meta":{"_monsterinsights_skip_tracking":false,"_monsterinsights_sitenote_active":false,"_monsterinsights_sitenote_note":"","_monsterinsights_sitenote_category":0,"footnotes":""},"categories":[4],"tags":[35,5365],"class_list":["post"],"yoast_head":" \n<title>Sonora en Equipo. Buscan agilizar flujo vehicular en el cruce de Colosio y Reforma, en Hermosillo<\/title>\n<meta name=\"description\" content=\"HERMOSILLO, SONORA,MX.\u2500\u2500 A fin de reducir las demoras y mejorar tanto los flujos vehiculares como la seguridad para peatones en la intersecci\u00f3n del En Sonora en Equipo publicamos toda la informaci\u00f3n de Sonora, M\u00e9xico y el Mundo de manera oportuna y busca que la libertad de expresi\u00f3n sea real. Visita nuestro medio informativo publicado desde Hermosillo, Sonora. %\" \/>\n<meta name=\"robots\" content=\"index, follow, max-snippet:-1, max-image-preview:large, max-video-preview:-1\" \/>\n<link rel=\"canonical\" href=\"https:\/\/www.sonoraenequipo.com.mx\/buscan-agilizar-flujo-vehicular-en-el-cruce-de-colosio-y-reforma-en-hermosillo\/\" \/>\n<meta property=\"og:locale\" content=\"es_ES\" \/>\n<meta property=\"og:type\" content=\"article\" \/>\n<meta property=\"og:title\" content=\"Sonora en Equipo. Buscan agilizar flujo vehicular en el cruce de Colosio y Reforma, en Hermosillo\" \/>\n<meta property=\"og:description\" content=\"HERMOSILLO, SONORA,MX.\u2500\u2500 A fin de reducir las demoras y mejorar tanto los flujos vehiculares como la seguridad para peatones en la intersecci\u00f3n del En Sonora en Equipo publicamos toda la informaci\u00f3n de Sonora, M\u00e9xico y el Mundo de manera oportuna y busca que la libertad de expresi\u00f3n sea real. Visita nuestro medio informativo publicado desde Hermosillo, Sonora. %\" \/>\n<meta property=\"og:url\" content=\"https:\/\/www.sonoraenequipo.com.mx\/buscan-agilizar-flujo-vehicular-en-el-cruce-de-colosio-y-reforma-en-hermosillo\/\" \/>\n<meta property=\"og:site_name\" content=\"Sonora en Equipo.\" \/>\n<meta property=\"article:publisher\" content=\"https:\/\/www.facebook.com\/SonoraEE\/\" \/>\n<meta property=\"article:author\" content=\"https:\/\/www.facebook.com\/SonoraEE\" \/>\n<meta property=\"article:published_time\" content=\"2023-04-19T22:16:56+00:00\" \/>\n<meta property=\"article:modified_time\" content=\"2023-04-20T01:10:11+00:00\" \/>\n<meta property=\"og:image\" content=\"https:\/\/www.sonoraenequipo.com.mx\/storage\/2023\/04\/crucero.jpg\" \/>\n\t<meta property=\"og:image:width\" content=\"600\" \/>\n\t<meta property=\"og:image:height\" content=\"404\" \/>\n\t<meta property=\"og:image:type\" content=\"image\/jpeg\" \/>\n<meta name=\"author\" content=\"enequipo\" \/>\n<meta name=\"twitter:card\" content=\"summary_large_image\" \/>\n<meta name=\"twitter:creator\" content=\"@sonoraenequipo\" \/>\n<meta name=\"twitter:site\" content=\"@sonoraenequipo\" \/>\n<meta name=\"twitter:label1\" content=\"Escrito por\" \/>\n\t<meta name=\"twitter:data1\" content=\"enequipo\" \/>\n\t<meta name=\"twitter:label2\" content=\"Tiempo de lectura\" \/>\n\t<meta name=\"twitter:data2\" content=\"2 minutos\" \/>\n<script type=\"application\/ld+json\" class=\"yoast-schema-graph\">{\"@context\":\"https:\/\/schema.org\",\"@graph\":[{\"@type\":\"Article\",\"@id\":\"https:\/\/www.sonoraenequipo.com.mx\/buscan-agilizar-flujo-vehicular-en-el-cruce-de-colosio-y-reforma-en-hermosillo\/#article\",\"isPartOf\":{\"@id\":\"https:\/\/www.sonoraenequipo.com.mx\/buscan-agilizar-flujo-vehicular-en-el-cruce-de-colosio-y-reforma-en-hermosillo\/\"},\"author\":{\"name\":\"enequipo\",\"@id\":\"https:\/\/www.sonoraenequipo.com.mx\/#\/schema\/person\/50102df0fb23a8fa9e8effad8fa81386\"},\"headline\":\"Buscan agilizar flujo vehicular en el cruce de Colosio y Reforma, en Hermosillo\",\"datePublished\":\"2023-04-19T22:16:56+00:00\",\"dateModified\":\"2023-04-20T01:10:11+00:00\",\"mainEntityOfPage\":{\"@id\":\"https:\/\/www.sonoraenequipo.com.mx\/buscan-agilizar-flujo-vehicular-en-el-cruce-de-colosio-y-reforma-en-hermosillo\/\"},\"wordCount\":406,\"commentCount\":0,\"publisher\":{\"@id\":\"https:\/\/www.sonoraenequipo.com.mx\/#organization\"},\"image\":{\"@id\":\"https:\/\/www.sonoraenequipo.com.mx\/buscan-agilizar-flujo-vehicular-en-el-cruce-de-colosio-y-reforma-en-hermosillo\/#primaryimage\"},\"thumbnailUrl\":\"https:\/\/www.sonoraenequipo.com.mx\/storage\/2023\/04\/crucero.jpg\",\"keywords\":[\"hermosillo\",\"vialidad\"],\"articleSection\":[\"Municipios\"],\"inLanguage\":\"es\",\"potentialAction\":[{\"@type\":\"CommentAction\",\"name\":\"Comment\",\"target\":[\"https:\/\/www.sonoraenequipo.com.mx\/buscan-agilizar-flujo-vehicular-en-el-cruce-de-colosio-y-reforma-en-hermosillo\/#respond\"]}]},{\"@type\":\"WebPage\",\"@id\":\"https:\/\/www.sonoraenequipo.com.mx\/buscan-agilizar-flujo-vehicular-en-el-cruce-de-colosio-y-reforma-en-hermosillo\/\",\"url\":\"https:\/\/www.sonoraenequipo.com.mx\/buscan-agilizar-flujo-vehicular-en-el-cruce-de-colosio-y-reforma-en-hermosillo\/\",\"name\":\"Sonora en Equipo. Buscan agilizar flujo vehicular en el cruce de Colosio y Reforma, en Hermosillo\",\"isPartOf\":{\"@id\":\"https:\/\/www.sonoraenequipo.com.mx\/#website\"},\"primaryImageOfPage\":{\"@id\":\"https:\/\/www.sonoraenequipo.com.mx\/buscan-agilizar-flujo-vehicular-en-el-cruce-de-colosio-y-reforma-en-hermosillo\/#primaryimage\"},\"image\":{\"@id\":\"https:\/\/www.sonoraenequipo.com.mx\/buscan-agilizar-flujo-vehicular-en-el-cruce-de-colosio-y-reforma-en-hermosillo\/#primaryimage\"},\"thumbnailUrl\":\"https:\/\/www.sonoraenequipo.com.mx\/storage\/2023\/04\/crucero.jpg\",\"datePublished\":\"2023-04-19T22:16:56+00:00\",\"dateModified\":\"2023-04-20T01:10:11+00:00\",\"description\":\"HERMOSILLO, SONORA,MX.\u2500\u2500 A fin de reducir las demoras y mejorar tanto los flujos vehiculares como la seguridad para peatones en la intersecci\u00f3n del En Sonora en Equipo publicamos toda la informaci\u00f3n de Sonora, M\u00e9xico y el Mundo de manera oportuna y busca que la libertad de expresi\u00f3n sea real. Visita nuestro medio informativo publicado desde Hermosillo, Sonora. %\",\"breadcrumb\":{\"@id\":\"https:\/\/www.sonoraenequipo.com.mx\/buscan-agilizar-flujo-vehicular-en-el-cruce-de-colosio-y-reforma-en-hermosillo\/#breadcrumb\"},\"inLanguage\":\"es\",\"potentialAction\":[{\"@type\":\"ReadAction\",\"target\":[\"https:\/\/www.sonoraenequipo.com.mx\/buscan-agilizar-flujo-vehicular-en-el-cruce-de-colosio-y-reforma-en-hermosillo\/\"]}]},{\"@type\":\"ImageObject\",\"inLanguage\":\"es\",\"@id\":\"https:\/\/www.sonoraenequipo.com.mx\/buscan-agilizar-flujo-vehicular-en-el-cruce-de-colosio-y-reforma-en-hermosillo\/#primaryimage\",\"url\":\"https:\/\/www.sonoraenequipo.com.mx\/storage\/2023\/04\/crucero.jpg\",\"contentUrl\":\"https:\/\/www.sonoraenequipo.com.mx\/storage\/2023\/04\/crucero.jpg\",\"width\":600,\"height\":404},{\"@type\":\"BreadcrumbList\",\"@id\":\"https:\/\/www.sonoraenequipo.com.mx\/buscan-agilizar-flujo-vehicular-en-el-cruce-de-colosio-y-reforma-en-hermosillo\/#breadcrumb\",\"itemListElement\":[{\"@type\":\"ListItem\",\"position\":1,\"name\":\"Portada\",\"item\":\"https:\/\/www.sonoraenequipo.com.mx\/\"},{\"@type\":\"ListItem\",\"position\":2,\"name\":\"Buscan agilizar flujo vehicular en el cruce de Colosio y Reforma, en Hermosillo\"}]},{\"@type\":\"WebSite\",\"@id\":\"https:\/\/www.sonoraenequipo.com.mx\/#website\",\"url\":\"https:\/\/www.sonoraenequipo.com.mx\/\",\"name\":\"Sonora en Equipo.\",\"description\":\"Diario en l\u00ednea con Noticias desde Hermosillo, Sonora\",\"publisher\":{\"@id\":\"https:\/\/www.sonoraenequipo.com.mx\/#organization\"},\"potentialAction\":[{\"@type\":\"SearchAction\",\"target\":{\"@type\":\"EntryPoint\",\"urlTemplate\":\"https:\/\/www.sonoraenequipo.com.mx\/?s={search_term_string}\"},\"query-input\":{\"@type\":\"PropertyValueSpecification\",\"valueRequired\":true,\"valueName\":\"search_term_string\"}}],\"inLanguage\":\"es\"},{\"@type\":\"Organization\",\"@id\":\"https:\/\/www.sonoraenequipo.com.mx\/#organization\",\"name\":\"Sonoraenequipo.com.mx\",\"url\":\"https:\/\/www.sonoraenequipo.com.mx\/\",\"logo\":{\"@type\":\"ImageObject\",\"inLanguage\":\"es\",\"@id\":\"https:\/\/www.sonoraenequipo.com.mx\/#\/schema\/logo\/image\/\",\"url\":\"https:\/\/www.sonoraenequipo.com.mx\/storage\/2019\/01\/sonoraenequipo_opt.png\",\"contentUrl\":\"https:\/\/www.sonoraenequipo.com.mx\/storage\/2019\/01\/sonoraenequipo_opt.png\",\"width\":375,\"height\":125,\"caption\":\"Sonoraenequipo.com.mx\"},\"image\":{\"@id\":\"https:\/\/www.sonoraenequipo.com.mx\/#\/schema\/logo\/image\/\"},\"sameAs\":[\"https:\/\/www.facebook.com\/SonoraEE\/\",\"https:\/\/x.com\/sonoraenequipo\",\"https:\/\/www.youtube.com\/channel\/UC338nW-lPEYmJQs4ZABQ1SQ\"]},{\"@type\":\"Person\",\"@id\":\"https:\/\/www.sonoraenequipo.com.mx\/#\/schema\/person\/50102df0fb23a8fa9e8effad8fa81386\",\"name\":\"enequipo\",\"image\":{\"@type\":\"ImageObject\",\"inLanguage\":\"es\",\"@id\":\"https:\/\/www.sonoraenequipo.com.mx\/#\/schema\/person\/image\/\",\"url\":\"https:\/\/secure.gravatar.com\/avatar\/049821681b589dabc0bc20695993ccebb09f5b5d4d790cd9251b97faac7c652b?s=96&d=blank&r=g\",\"contentUrl\":\"https:\/\/secure.gravatar.com\/avatar\/049821681b589dabc0bc20695993ccebb09f5b5d4d790cd9251b97faac7c652b?s=96&d=blank&r=g\",\"caption\":\"enequipo\"},\"sameAs\":[\"https:\/\/www.facebook.com\/SonoraEE\"]}]}<\/script>\n ","yoast_head_json":{"title":"Sonora en Equipo. Buscan agilizar flujo vehicular en el cruce de Colosio y Reforma, en Hermosillo","description":"HERMOSILLO, SONORA,MX.\u2500\u2500 A fin de reducir las demoras y mejorar tanto los flujos vehiculares como la seguridad para peatones en la intersecci\u00f3n del En Sonora en Equipo publicamos toda la informaci\u00f3n de Sonora, M\u00e9xico y el Mundo de manera oportuna y busca que la libertad de expresi\u00f3n sea real. Visita nuestro medio informativo publicado desde Hermosillo, Sonora. %","robots":{"index":"index","follow":"follow","max-snippet":"max-snippet:-1","max-image-preview":"max-image-preview:large","max-video-preview":"max-video-preview:-1"},"canonical":"https:\/\/www.sonoraenequipo.com.mx\/buscan-agilizar-flujo-vehicular-en-el-cruce-de-colosio-y-reforma-en-hermosillo\/","og_locale":"es_ES","og_type":"article","og_title":"Sonora en Equipo. Buscan agilizar flujo vehicular en el cruce de Colosio y Reforma, en Hermosillo","og_description":"HERMOSILLO, SONORA,MX.\u2500\u2500 A fin de reducir las demoras y mejorar tanto los flujos vehiculares como la seguridad para peatones en la intersecci\u00f3n del En Sonora en Equipo publicamos toda la informaci\u00f3n de Sonora, M\u00e9xico y el Mundo de manera oportuna y busca que la libertad de expresi\u00f3n sea real. Visita nuestro medio informativo publicado desde Hermosillo, Sonora. %","og_url":"https:\/\/www.sonoraenequipo.com.mx\/buscan-agilizar-flujo-vehicular-en-el-cruce-de-colosio-y-reforma-en-hermosillo\/","og_site_name":"Sonora en Equipo.","article_publisher":"https:\/\/www.facebook.com\/SonoraEE\/","article_author":"https:\/\/www.facebook.com\/SonoraEE","article_published_time":"2023-04-19T22:16:56+00:00","article_modified_time":"2023-04-20T01:10:11+00:00","og_image":[{"width":600,"height":404,"url":"https:\/\/www.sonoraenequipo.com.mx\/storage\/2023\/04\/crucero.jpg","type":"image\/jpeg"}],"author":"enequipo","twitter_card":"summary_large_image","twitter_creator":"@sonoraenequipo","twitter_site":"@sonoraenequipo","twitter_misc":{"Escrito por":"enequipo","Tiempo de lectura":"2 minutos"},"schema":{"@context":"https:\/\/schema.org","@graph":[{"@type":"Article","@id":"https:\/\/www.sonoraenequipo.com.mx\/buscan-agilizar-flujo-vehicular-en-el-cruce-de-colosio-y-reforma-en-hermosillo\/#article","isPartOf":{"@id":"https:\/\/www.sonoraenequipo.com.mx\/buscan-agilizar-flujo-vehicular-en-el-cruce-de-colosio-y-reforma-en-hermosillo\/"},"author":{"name":"enequipo","@id":"https:\/\/www.sonoraenequipo.com.mx\/#\/schema\/person\/50102df0fb23a8fa9e8effad8fa81386"},"headline":"Buscan agilizar flujo vehicular en el cruce de Colosio y Reforma, en Hermosillo","datePublished":"2023-04-19T22:16:56+00:00","dateModified":"2023-04-20T01:10:11+00:00","mainEntityOfPage":{"@id":"https:\/\/www.sonoraenequipo.com.mx\/buscan-agilizar-flujo-vehicular-en-el-cruce-de-colosio-y-reforma-en-hermosillo\/"},"wordCount":406,"commentCount":0,"publisher":{"@id":"https:\/\/www.sonoraenequipo.com.mx\/#organization"},"image":{"@id":"https:\/\/www.sonoraenequipo.com.mx\/buscan-agilizar-flujo-vehicular-en-el-cruce-de-colosio-y-reforma-en-hermosillo\/#primaryimage"},"thumbnailUrl":"https:\/\/www.sonoraenequipo.com.mx\/storage\/2023\/04\/crucero.jpg","keywords":["hermosillo","vialidad"],"articleSection":["Municipios"],"inLanguage":"es","potentialAction":[{"@type":"CommentAction","name":"Comment","target":["https:\/\/www.sonoraenequipo.com.mx\/buscan-agilizar-flujo-vehicular-en-el-cruce-de-colosio-y-reforma-en-hermosillo\/#respond"]}]},{"@type":"WebPage","@id":"https:\/\/www.sonoraenequipo.com.mx\/buscan-agilizar-flujo-vehicular-en-el-cruce-de-colosio-y-reforma-en-hermosillo\/","url":"https:\/\/www.sonoraenequipo.com.mx\/buscan-agilizar-flujo-vehicular-en-el-cruce-de-colosio-y-reforma-en-hermosillo\/","name":"Sonora en Equipo. Buscan agilizar flujo vehicular en el cruce de Colosio y Reforma, en Hermosillo","isPartOf":{"@id":"https:\/\/www.sonoraenequipo.com.mx\/#website"},"primaryImageOfPage":{"@id":"https:\/\/www.sonoraenequipo.com.mx\/buscan-agilizar-flujo-vehicular-en-el-cruce-de-colosio-y-reforma-en-hermosillo\/#primaryimage"},"image":{"@id":"https:\/\/www.sonoraenequipo.com.mx\/buscan-agilizar-flujo-vehicular-en-el-cruce-de-colosio-y-reforma-en-hermosillo\/#primaryimage"},"thumbnailUrl":"https:\/\/www.sonoraenequipo.com.mx\/storage\/2023\/04\/crucero.jpg","datePublished":"2023-04-19T22:16:56+00:00","dateModified":"2023-04-20T01:10:11+00:00","description":"HERMOSILLO, SONORA,MX.\u2500\u2500 A fin de reducir las demoras y mejorar tanto los flujos vehiculares como la seguridad para peatones en la intersecci\u00f3n del En Sonora en Equipo publicamos toda la informaci\u00f3n de Sonora, M\u00e9xico y el Mundo de manera oportuna y busca que la libertad de expresi\u00f3n sea real. Visita nuestro medio informativo publicado desde Hermosillo, Sonora. %","breadcrumb":{"@id":"https:\/\/www.sonoraenequipo.com.mx\/buscan-agilizar-flujo-vehicular-en-el-cruce-de-colosio-y-reforma-en-hermosillo\/#breadcrumb"},"inLanguage":"es","potentialAction":[{"@type":"ReadAction","target":["https:\/\/www.sonoraenequipo.com.mx\/buscan-agilizar-flujo-vehicular-en-el-cruce-de-colosio-y-reforma-en-hermosillo\/"]}]},{"@type":"ImageObject","inLanguage":"es","@id":"https:\/\/www.sonoraenequipo.com.mx\/buscan-agilizar-flujo-vehicular-en-el-cruce-de-colosio-y-reforma-en-hermosillo\/#primaryimage","url":"https:\/\/www.sonoraenequipo.com.mx\/storage\/2023\/04\/crucero.jpg","contentUrl":"https:\/\/www.sonoraenequipo.com.mx\/storage\/2023\/04\/crucero.jpg","width":600,"height":404},{"@type":"BreadcrumbList","@id":"https:\/\/www.sonoraenequipo.com.mx\/buscan-agilizar-flujo-vehicular-en-el-cruce-de-colosio-y-reforma-en-hermosillo\/#breadcrumb","itemListElement":[{"@type":"ListItem","position":1,"name":"Portada","item":"https:\/\/www.sonoraenequipo.com.mx\/"},{"@type":"ListItem","position":2,"name":"Buscan agilizar flujo vehicular en el cruce de Colosio y Reforma, en Hermosillo"}]},{"@type":"WebSite","@id":"https:\/\/www.sonoraenequipo.com.mx\/#website","url":"https:\/\/www.sonoraenequipo.com.mx\/","name":"Sonora en Equipo.","description":"Diario en l\u00ednea con Noticias desde Hermosillo, Sonora","publisher":{"@id":"https:\/\/www.sonoraenequipo.com.mx\/#organization"},"potentialAction":[{"@type":"SearchAction","target":{"@type":"EntryPoint","urlTemplate":"https:\/\/www.sonoraenequipo.com.mx\/?s={search_term_string}"},"query-input":{"@type":"PropertyValueSpecification","valueRequired":true,"valueName":"search_term_string"}}],"inLanguage":"es"},{"@type":"Organization","@id":"https:\/\/www.sonoraenequipo.com.mx\/#organization","name":"Sonoraenequipo.com.mx","url":"https:\/\/www.sonoraenequipo.com.mx\/","logo":{"@type":"ImageObject","inLanguage":"es","@id":"https:\/\/www.sonoraenequipo.com.mx\/#\/schema\/logo\/image\/","url":"https:\/\/www.sonoraenequipo.com.mx\/storage\/2019\/01\/sonoraenequipo_opt.png","contentUrl":"https:\/\/www.sonoraenequipo.com.mx\/storage\/2019\/01\/sonoraenequipo_opt.png","width":375,"height":125,"caption":"Sonoraenequipo.com.mx"},"image":{"@id":"https:\/\/www.sonoraenequipo.com.mx\/#\/schema\/logo\/image\/"},"sameAs":["https:\/\/www.facebook.com\/SonoraEE\/","https:\/\/x.com\/sonoraenequipo","https:\/\/www.youtube.com\/channel\/UC338nW-lPEYmJQs4ZABQ1SQ"]},{"@type":"Person","@id":"https:\/\/www.sonoraenequipo.com.mx\/#\/schema\/person\/50102df0fb23a8fa9e8effad8fa81386","name":"enequipo","image":{"@type":"ImageObject","inLanguage":"es","@id":"https:\/\/www.sonoraenequipo.com.mx\/#\/schema\/person\/image\/","url":"https:\/\/secure.gravatar.com\/avatar\/049821681b589dabc0bc20695993ccebb09f5b5d4d790cd9251b97faac7c652b?s=96&d=blank&r=g","contentUrl":"https:\/\/secure.gravatar.com\/avatar\/049821681b589dabc0bc20695993ccebb09f5b5d4d790cd9251b97faac7c652b?s=96&d=blank&r=g","caption":"enequipo"},"sameAs":["https:\/\/www.facebook.com\/SonoraEE"]}]}},"jetpack_featured_media_url":"https:\/\/www.sonoraenequipo.com.mx\/storage\/2023\/04\/crucero.jpg","_links":{"self":[{"href":"https:\/\/www.sonoraenequipo.com.mx\/api\/wp\/v2\/posts\/163527","targetHints":{"allow":["GET"]}}],"collection":[{"href":"https:\/\/www.sonoraenequipo.com.mx\/api\/wp\/v2\/posts"}],"about":[{"href":"https:\/\/www.sonoraenequipo.com.mx\/api\/wp\/v2\/types\/post"}],"author":[{"embeddable":true,"href":"https:\/\/www.sonoraenequipo.com.mx\/api\/wp\/v2\/users\/1"}],"replies":[{"embeddable":true,"href":"https:\/\/www.sonoraenequipo.com.mx\/api\/wp\/v2\/comments?post=163527"}],"version-history":[{"count":1,"href":"https:\/\/www.sonoraenequipo.com.mx\/api\/wp\/v2\/posts\/163527\/revisions"}],"predecessor-version":[{"id":163529,"href":"https:\/\/www.sonoraenequipo.com.mx\/api\/wp\/v2\/posts\/163527\/revisions\/163529"}],"wp:featuredmedia":[{"embeddable":true,"href":"https:\/\/www.sonoraenequipo.com.mx\/api\/wp\/v2\/media\/163528"}],"wp:attachment":[{"href":"https:\/\/www.sonoraenequipo.com.mx\/api\/wp\/v2\/media?parent=163527"}],"wp:term":[{"taxonomy":"category","embeddable":true,"href":"https:\/\/www.sonoraenequipo.com.mx\/api\/wp\/v2\/categories?post=163527"},{"taxonomy":"post_tag","embeddable":true,"href":"https:\/\/www.sonoraenequipo.com.mx\/api\/wp\/v2\/tags?post=163527"}],"curies":[{"name":"wp","href":"https:\/\/api.w.org\/{rel}","templated":true}]}}