{"id":163536,"date":"2023-04-19T17:03:50","date_gmt":"2023-04-20T00:03:50","guid":{"rendered":"https:\/\/www.sonoraenequipo.com.mx\/?p=163536"},"modified":"2023-04-19T17:03:50","modified_gmt":"2023-04-20T00:03:50","slug":"cajeme-uno-de-los-municipios-con-mas-alta-percepcion-de-inseguridad-del-pais","status":"publish","type":"post","link":"https:\/\/www.sonoraenequipo.com.mx\/cajeme-uno-de-los-municipios-con-mas-alta-percepcion-de-inseguridad-del-pais\/","title":{"rendered":"Cajeme uno de los municipios con m\u00e1s alta percepci\u00f3n de inseguridad del pa\u00eds"},"content":{"rendered":"<p><strong>Cajeme uno de los municipios con m\u00e1s alta percepci\u00f3n de inseguridad del pa\u00eds<\/strong><\/p>\n<p><strong>Seg\u00fan\u00a0 la encuesta INEGI. Encuesta Nacional de Seguridad P\u00fablica Urbana (ENSU). \u00a0A marzo de 2023, el Instituto Nacional de Estad\u00edstica Geograf\u00eda e Informatica INEGI,inform\u00f3 que el municipio de Cajeme, Sonora, sigue siendo uno de los cinco municipios del pa\u00eds con le percepci\u00f3n ciudadana de inseguridad m\u00e1s alto con el 86.4 muy por encima de la media nacional que es 62.1<\/strong><\/p>\n<p><strong>\u00a0Otras dos ciudades de Sonora calificadas son Hermosillo con el 54.7 y Nogales<\/strong><\/p>\n<p><strong>Con 45.0<\/strong><\/p>\n<p><strong><em><u>Fecha de publicaci\u00f3n mi\u00e9rcoles 19 de abril de 2023<\/u><\/em><\/strong><\/p>\n","protected":false},"excerpt":{"rendered":"<p>Cajeme uno de los municipios con m\u00e1s alta percepci\u00f3n de inseguridad del pa\u00eds Seg\u00fan\u00a0 la&#8230;<\/p>\n","protected":false},"author":1,"featured_media":143113,"comment_status":"open","ping_status":"open","sticky":false,"template":"","format":"standard","meta":{"_monsterinsights_skip_tracking":false,"_monsterinsights_sitenote_active":false,"_monsterinsights_sitenote_note":"","_monsterinsights_sitenote_category":0,"footnotes":""},"categories":[6493],"tags":[476,299],"class_list":["post"],"yoast_head":" \n<title>Sonora en Equipo. Cajeme uno de los municipios con m\u00e1s alta percepci\u00f3n de inseguridad del pa\u00eds PALABRAS Y N\u00daMEROS<\/title>\n<meta name=\"description\" content=\"Cajeme uno de los municipios con m\u00e1s alta percepci\u00f3n de inseguridad del pa\u00eds Seg\u00fan\u00a0 la encuesta INEGI. Encuesta Nacional de Seguridad P\u00fablica Urbana En Sonora en Equipo publicamos toda la informaci\u00f3n de Sonora, M\u00e9xico y el Mundo de manera oportuna y busca que la libertad de expresi\u00f3n sea real. Visita nuestro medio informativo publicado desde Hermosillo, Sonora. %\" \/>\n<meta name=\"robots\" content=\"index, follow, max-snippet:-1, max-image-preview:large, max-video-preview:-1\" \/>\n<link rel=\"canonical\" href=\"https:\/\/www.sonoraenequipo.com.mx\/cajeme-uno-de-los-municipios-con-mas-alta-percepcion-de-inseguridad-del-pais\/\" \/>\n<meta property=\"og:locale\" content=\"es_ES\" \/>\n<meta property=\"og:type\" content=\"article\" \/>\n<meta property=\"og:title\" content=\"Sonora en Equipo. Cajeme uno de los municipios con m\u00e1s alta percepci\u00f3n de inseguridad del pa\u00eds PALABRAS Y N\u00daMEROS\" \/>\n<meta property=\"og:description\" content=\"Cajeme uno de los municipios con m\u00e1s alta percepci\u00f3n de inseguridad del pa\u00eds Seg\u00fan\u00a0 la encuesta INEGI. Encuesta Nacional de Seguridad P\u00fablica Urbana En Sonora en Equipo publicamos toda la informaci\u00f3n de Sonora, M\u00e9xico y el Mundo de manera oportuna y busca que la libertad de expresi\u00f3n sea real. Visita nuestro medio informativo publicado desde Hermosillo, Sonora. %\" \/>\n<meta property=\"og:url\" content=\"https:\/\/www.sonoraenequipo.com.mx\/cajeme-uno-de-los-municipios-con-mas-alta-percepcion-de-inseguridad-del-pais\/\" \/>\n<meta property=\"og:site_name\" content=\"Sonora en Equipo.\" \/>\n<meta property=\"article:publisher\" content=\"https:\/\/www.facebook.com\/SonoraEE\/\" \/>\n<meta property=\"article:author\" content=\"https:\/\/www.facebook.com\/SonoraEE\" \/>\n<meta property=\"article:published_time\" content=\"2023-04-20T00:03:50+00:00\" \/>\n<meta property=\"og:image\" content=\"https:\/\/www.sonoraenequipo.com.mx\/storage\/2022\/07\/inseguridad2.jpg\" \/>\n\t<meta property=\"og:image:width\" content=\"700\" \/>\n\t<meta property=\"og:image:height\" content=\"400\" \/>\n\t<meta property=\"og:image:type\" content=\"image\/jpeg\" \/>\n<meta name=\"author\" content=\"enequipo\" \/>\n<meta name=\"twitter:card\" content=\"summary_large_image\" \/>\n<meta name=\"twitter:creator\" content=\"@sonoraenequipo\" \/>\n<meta name=\"twitter:site\" content=\"@sonoraenequipo\" \/>\n<meta name=\"twitter:label1\" content=\"Escrito por\" \/>\n\t<meta name=\"twitter:data1\" content=\"enequipo\" \/>\n\t<meta name=\"twitter:label2\" content=\"Tiempo de lectura\" \/>\n\t<meta name=\"twitter:data2\" content=\"1 minuto\" \/>\n<script type=\"application\/ld+json\" class=\"yoast-schema-graph\">{\"@context\":\"https:\/\/schema.org\",\"@graph\":[{\"@type\":\"Article\",\"@id\":\"https:\/\/www.sonoraenequipo.com.mx\/cajeme-uno-de-los-municipios-con-mas-alta-percepcion-de-inseguridad-del-pais\/#article\",\"isPartOf\":{\"@id\":\"https:\/\/www.sonoraenequipo.com.mx\/cajeme-uno-de-los-municipios-con-mas-alta-percepcion-de-inseguridad-del-pais\/\"},\"author\":{\"name\":\"enequipo\",\"@id\":\"https:\/\/www.sonoraenequipo.com.mx\/#\/schema\/person\/50102df0fb23a8fa9e8effad8fa81386\"},\"headline\":\"Cajeme uno de los municipios con m\u00e1s alta percepci\u00f3n de inseguridad del pa\u00eds\",\"datePublished\":\"2023-04-20T00:03:50+00:00\",\"mainEntityOfPage\":{\"@id\":\"https:\/\/www.sonoraenequipo.com.mx\/cajeme-uno-de-los-municipios-con-mas-alta-percepcion-de-inseguridad-del-pais\/\"},\"wordCount\":119,\"commentCount\":0,\"publisher\":{\"@id\":\"https:\/\/www.sonoraenequipo.com.mx\/#organization\"},\"image\":{\"@id\":\"https:\/\/www.sonoraenequipo.com.mx\/cajeme-uno-de-los-municipios-con-mas-alta-percepcion-de-inseguridad-del-pais\/#primaryimage\"},\"thumbnailUrl\":\"https:\/\/www.sonoraenequipo.com.mx\/storage\/2022\/07\/inseguridad2.jpg\",\"keywords\":[\"Cajeme\",\"inseguridad\"],\"articleSection\":[\"PALABRAS Y N\u00daMEROS\"],\"inLanguage\":\"es\",\"potentialAction\":[{\"@type\":\"CommentAction\",\"name\":\"Comment\",\"target\":[\"https:\/\/www.sonoraenequipo.com.mx\/cajeme-uno-de-los-municipios-con-mas-alta-percepcion-de-inseguridad-del-pais\/#respond\"]}]},{\"@type\":\"WebPage\",\"@id\":\"https:\/\/www.sonoraenequipo.com.mx\/cajeme-uno-de-los-municipios-con-mas-alta-percepcion-de-inseguridad-del-pais\/\",\"url\":\"https:\/\/www.sonoraenequipo.com.mx\/cajeme-uno-de-los-municipios-con-mas-alta-percepcion-de-inseguridad-del-pais\/\",\"name\":\"Sonora en Equipo. Cajeme uno de los municipios con m\u00e1s alta percepci\u00f3n de inseguridad del pa\u00eds PALABRAS Y N\u00daMEROS\",\"isPartOf\":{\"@id\":\"https:\/\/www.sonoraenequipo.com.mx\/#website\"},\"primaryImageOfPage\":{\"@id\":\"https:\/\/www.sonoraenequipo.com.mx\/cajeme-uno-de-los-municipios-con-mas-alta-percepcion-de-inseguridad-del-pais\/#primaryimage\"},\"image\":{\"@id\":\"https:\/\/www.sonoraenequipo.com.mx\/cajeme-uno-de-los-municipios-con-mas-alta-percepcion-de-inseguridad-del-pais\/#primaryimage\"},\"thumbnailUrl\":\"https:\/\/www.sonoraenequipo.com.mx\/storage\/2022\/07\/inseguridad2.jpg\",\"datePublished\":\"2023-04-20T00:03:50+00:00\",\"description\":\"Cajeme uno de los municipios con m\u00e1s alta percepci\u00f3n de inseguridad del pa\u00eds Seg\u00fan\u00a0 la encuesta INEGI. Encuesta Nacional de Seguridad P\u00fablica Urbana En Sonora en Equipo publicamos toda la informaci\u00f3n de Sonora, M\u00e9xico y el Mundo de manera oportuna y busca que la libertad de expresi\u00f3n sea real. Visita nuestro medio informativo publicado desde Hermosillo, Sonora. %\",\"breadcrumb\":{\"@id\":\"https:\/\/www.sonoraenequipo.com.mx\/cajeme-uno-de-los-municipios-con-mas-alta-percepcion-de-inseguridad-del-pais\/#breadcrumb\"},\"inLanguage\":\"es\",\"potentialAction\":[{\"@type\":\"ReadAction\",\"target\":[\"https:\/\/www.sonoraenequipo.com.mx\/cajeme-uno-de-los-municipios-con-mas-alta-percepcion-de-inseguridad-del-pais\/\"]}]},{\"@type\":\"ImageObject\",\"inLanguage\":\"es\",\"@id\":\"https:\/\/www.sonoraenequipo.com.mx\/cajeme-uno-de-los-municipios-con-mas-alta-percepcion-de-inseguridad-del-pais\/#primaryimage\",\"url\":\"https:\/\/www.sonoraenequipo.com.mx\/storage\/2022\/07\/inseguridad2.jpg\",\"contentUrl\":\"https:\/\/www.sonoraenequipo.com.mx\/storage\/2022\/07\/inseguridad2.jpg\",\"width\":700,\"height\":400,\"caption\":\"Inseguridad,Imagen para ilustrar.\"},{\"@type\":\"BreadcrumbList\",\"@id\":\"https:\/\/www.sonoraenequipo.com.mx\/cajeme-uno-de-los-municipios-con-mas-alta-percepcion-de-inseguridad-del-pais\/#breadcrumb\",\"itemListElement\":[{\"@type\":\"ListItem\",\"position\":1,\"name\":\"Portada\",\"item\":\"https:\/\/www.sonoraenequipo.com.mx\/\"},{\"@type\":\"ListItem\",\"position\":2,\"name\":\"Cajeme uno de los municipios con m\u00e1s alta percepci\u00f3n de inseguridad del pa\u00eds\"}]},{\"@type\":\"WebSite\",\"@id\":\"https:\/\/www.sonoraenequipo.com.mx\/#website\",\"url\":\"https:\/\/www.sonoraenequipo.com.mx\/\",\"name\":\"Sonora en Equipo.\",\"description\":\"Diario en l\u00ednea con Noticias desde Hermosillo, Sonora\",\"publisher\":{\"@id\":\"https:\/\/www.sonoraenequipo.com.mx\/#organization\"},\"potentialAction\":[{\"@type\":\"SearchAction\",\"target\":{\"@type\":\"EntryPoint\",\"urlTemplate\":\"https:\/\/www.sonoraenequipo.com.mx\/?s={search_term_string}\"},\"query-input\":{\"@type\":\"PropertyValueSpecification\",\"valueRequired\":true,\"valueName\":\"search_term_string\"}}],\"inLanguage\":\"es\"},{\"@type\":\"Organization\",\"@id\":\"https:\/\/www.sonoraenequipo.com.mx\/#organization\",\"name\":\"Sonoraenequipo.com.mx\",\"url\":\"https:\/\/www.sonoraenequipo.com.mx\/\",\"logo\":{\"@type\":\"ImageObject\",\"inLanguage\":\"es\",\"@id\":\"https:\/\/www.sonoraenequipo.com.mx\/#\/schema\/logo\/image\/\",\"url\":\"https:\/\/www.sonoraenequipo.com.mx\/storage\/2019\/01\/sonoraenequipo_opt.png\",\"contentUrl\":\"https:\/\/www.sonoraenequipo.com.mx\/storage\/2019\/01\/sonoraenequipo_opt.png\",\"width\":375,\"height\":125,\"caption\":\"Sonoraenequipo.com.mx\"},\"image\":{\"@id\":\"https:\/\/www.sonoraenequipo.com.mx\/#\/schema\/logo\/image\/\"},\"sameAs\":[\"https:\/\/www.facebook.com\/SonoraEE\/\",\"https:\/\/x.com\/sonoraenequipo\",\"https:\/\/www.youtube.com\/channel\/UC338nW-lPEYmJQs4ZABQ1SQ\"]},{\"@type\":\"Person\",\"@id\":\"https:\/\/www.sonoraenequipo.com.mx\/#\/schema\/person\/50102df0fb23a8fa9e8effad8fa81386\",\"name\":\"enequipo\",\"image\":{\"@type\":\"ImageObject\",\"inLanguage\":\"es\",\"@id\":\"https:\/\/www.sonoraenequipo.com.mx\/#\/schema\/person\/image\/\",\"url\":\"https:\/\/secure.gravatar.com\/avatar\/049821681b589dabc0bc20695993ccebb09f5b5d4d790cd9251b97faac7c652b?s=96&d=blank&r=g\",\"contentUrl\":\"https:\/\/secure.gravatar.com\/avatar\/049821681b589dabc0bc20695993ccebb09f5b5d4d790cd9251b97faac7c652b?s=96&d=blank&r=g\",\"caption\":\"enequipo\"},\"sameAs\":[\"https:\/\/www.facebook.com\/SonoraEE\"]}]}<\/script>\n ","yoast_head_json":{"title":"Sonora en Equipo. Cajeme uno de los municipios con m\u00e1s alta percepci\u00f3n de inseguridad del pa\u00eds PALABRAS Y N\u00daMEROS","description":"Cajeme uno de los municipios con m\u00e1s alta percepci\u00f3n de inseguridad del pa\u00eds Seg\u00fan\u00a0 la encuesta INEGI. Encuesta Nacional de Seguridad P\u00fablica Urbana En Sonora en Equipo publicamos toda la informaci\u00f3n de Sonora, M\u00e9xico y el Mundo de manera oportuna y busca que la libertad de expresi\u00f3n sea real. Visita nuestro medio informativo publicado desde Hermosillo, Sonora. %","robots":{"index":"index","follow":"follow","max-snippet":"max-snippet:-1","max-image-preview":"max-image-preview:large","max-video-preview":"max-video-preview:-1"},"canonical":"https:\/\/www.sonoraenequipo.com.mx\/cajeme-uno-de-los-municipios-con-mas-alta-percepcion-de-inseguridad-del-pais\/","og_locale":"es_ES","og_type":"article","og_title":"Sonora en Equipo. Cajeme uno de los municipios con m\u00e1s alta percepci\u00f3n de inseguridad del pa\u00eds PALABRAS Y N\u00daMEROS","og_description":"Cajeme uno de los municipios con m\u00e1s alta percepci\u00f3n de inseguridad del pa\u00eds Seg\u00fan\u00a0 la encuesta INEGI. Encuesta Nacional de Seguridad P\u00fablica Urbana En Sonora en Equipo publicamos toda la informaci\u00f3n de Sonora, M\u00e9xico y el Mundo de manera oportuna y busca que la libertad de expresi\u00f3n sea real. Visita nuestro medio informativo publicado desde Hermosillo, Sonora. %","og_url":"https:\/\/www.sonoraenequipo.com.mx\/cajeme-uno-de-los-municipios-con-mas-alta-percepcion-de-inseguridad-del-pais\/","og_site_name":"Sonora en Equipo.","article_publisher":"https:\/\/www.facebook.com\/SonoraEE\/","article_author":"https:\/\/www.facebook.com\/SonoraEE","article_published_time":"2023-04-20T00:03:50+00:00","og_image":[{"width":700,"height":400,"url":"https:\/\/www.sonoraenequipo.com.mx\/storage\/2022\/07\/inseguridad2.jpg","type":"image\/jpeg"}],"author":"enequipo","twitter_card":"summary_large_image","twitter_creator":"@sonoraenequipo","twitter_site":"@sonoraenequipo","twitter_misc":{"Escrito por":"enequipo","Tiempo de lectura":"1 minuto"},"schema":{"@context":"https:\/\/schema.org","@graph":[{"@type":"Article","@id":"https:\/\/www.sonoraenequipo.com.mx\/cajeme-uno-de-los-municipios-con-mas-alta-percepcion-de-inseguridad-del-pais\/#article","isPartOf":{"@id":"https:\/\/www.sonoraenequipo.com.mx\/cajeme-uno-de-los-municipios-con-mas-alta-percepcion-de-inseguridad-del-pais\/"},"author":{"name":"enequipo","@id":"https:\/\/www.sonoraenequipo.com.mx\/#\/schema\/person\/50102df0fb23a8fa9e8effad8fa81386"},"headline":"Cajeme uno de los municipios con m\u00e1s alta percepci\u00f3n de inseguridad del pa\u00eds","datePublished":"2023-04-20T00:03:50+00:00","mainEntityOfPage":{"@id":"https:\/\/www.sonoraenequipo.com.mx\/cajeme-uno-de-los-municipios-con-mas-alta-percepcion-de-inseguridad-del-pais\/"},"wordCount":119,"commentCount":0,"publisher":{"@id":"https:\/\/www.sonoraenequipo.com.mx\/#organization"},"image":{"@id":"https:\/\/www.sonoraenequipo.com.mx\/cajeme-uno-de-los-municipios-con-mas-alta-percepcion-de-inseguridad-del-pais\/#primaryimage"},"thumbnailUrl":"https:\/\/www.sonoraenequipo.com.mx\/storage\/2022\/07\/inseguridad2.jpg","keywords":["Cajeme","inseguridad"],"articleSection":["PALABRAS Y N\u00daMEROS"],"inLanguage":"es","potentialAction":[{"@type":"CommentAction","name":"Comment","target":["https:\/\/www.sonoraenequipo.com.mx\/cajeme-uno-de-los-municipios-con-mas-alta-percepcion-de-inseguridad-del-pais\/#respond"]}]},{"@type":"WebPage","@id":"https:\/\/www.sonoraenequipo.com.mx\/cajeme-uno-de-los-municipios-con-mas-alta-percepcion-de-inseguridad-del-pais\/","url":"https:\/\/www.sonoraenequipo.com.mx\/cajeme-uno-de-los-municipios-con-mas-alta-percepcion-de-inseguridad-del-pais\/","name":"Sonora en Equipo. Cajeme uno de los municipios con m\u00e1s alta percepci\u00f3n de inseguridad del pa\u00eds PALABRAS Y N\u00daMEROS","isPartOf":{"@id":"https:\/\/www.sonoraenequipo.com.mx\/#website"},"primaryImageOfPage":{"@id":"https:\/\/www.sonoraenequipo.com.mx\/cajeme-uno-de-los-municipios-con-mas-alta-percepcion-de-inseguridad-del-pais\/#primaryimage"},"image":{"@id":"https:\/\/www.sonoraenequipo.com.mx\/cajeme-uno-de-los-municipios-con-mas-alta-percepcion-de-inseguridad-del-pais\/#primaryimage"},"thumbnailUrl":"https:\/\/www.sonoraenequipo.com.mx\/storage\/2022\/07\/inseguridad2.jpg","datePublished":"2023-04-20T00:03:50+00:00","description":"Cajeme uno de los municipios con m\u00e1s alta percepci\u00f3n de inseguridad del pa\u00eds Seg\u00fan\u00a0 la encuesta INEGI. Encuesta Nacional de Seguridad P\u00fablica Urbana En Sonora en Equipo publicamos toda la informaci\u00f3n de Sonora, M\u00e9xico y el Mundo de manera oportuna y busca que la libertad de expresi\u00f3n sea real. Visita nuestro medio informativo publicado desde Hermosillo, Sonora. %","breadcrumb":{"@id":"https:\/\/www.sonoraenequipo.com.mx\/cajeme-uno-de-los-municipios-con-mas-alta-percepcion-de-inseguridad-del-pais\/#breadcrumb"},"inLanguage":"es","potentialAction":[{"@type":"ReadAction","target":["https:\/\/www.sonoraenequipo.com.mx\/cajeme-uno-de-los-municipios-con-mas-alta-percepcion-de-inseguridad-del-pais\/"]}]},{"@type":"ImageObject","inLanguage":"es","@id":"https:\/\/www.sonoraenequipo.com.mx\/cajeme-uno-de-los-municipios-con-mas-alta-percepcion-de-inseguridad-del-pais\/#primaryimage","url":"https:\/\/www.sonoraenequipo.com.mx\/storage\/2022\/07\/inseguridad2.jpg","contentUrl":"https:\/\/www.sonoraenequipo.com.mx\/storage\/2022\/07\/inseguridad2.jpg","width":700,"height":400,"caption":"Inseguridad,Imagen para ilustrar."},{"@type":"BreadcrumbList","@id":"https:\/\/www.sonoraenequipo.com.mx\/cajeme-uno-de-los-municipios-con-mas-alta-percepcion-de-inseguridad-del-pais\/#breadcrumb","itemListElement":[{"@type":"ListItem","position":1,"name":"Portada","item":"https:\/\/www.sonoraenequipo.com.mx\/"},{"@type":"ListItem","position":2,"name":"Cajeme uno de los municipios con m\u00e1s alta percepci\u00f3n de inseguridad del pa\u00eds"}]},{"@type":"WebSite","@id":"https:\/\/www.sonoraenequipo.com.mx\/#website","url":"https:\/\/www.sonoraenequipo.com.mx\/","name":"Sonora en Equipo.","description":"Diario en l\u00ednea con Noticias desde Hermosillo, Sonora","publisher":{"@id":"https:\/\/www.sonoraenequipo.com.mx\/#organization"},"potentialAction":[{"@type":"SearchAction","target":{"@type":"EntryPoint","urlTemplate":"https:\/\/www.sonoraenequipo.com.mx\/?s={search_term_string}"},"query-input":{"@type":"PropertyValueSpecification","valueRequired":true,"valueName":"search_term_string"}}],"inLanguage":"es"},{"@type":"Organization","@id":"https:\/\/www.sonoraenequipo.com.mx\/#organization","name":"Sonoraenequipo.com.mx","url":"https:\/\/www.sonoraenequipo.com.mx\/","logo":{"@type":"ImageObject","inLanguage":"es","@id":"https:\/\/www.sonoraenequipo.com.mx\/#\/schema\/logo\/image\/","url":"https:\/\/www.sonoraenequipo.com.mx\/storage\/2019\/01\/sonoraenequipo_opt.png","contentUrl":"https:\/\/www.sonoraenequipo.com.mx\/storage\/2019\/01\/sonoraenequipo_opt.png","width":375,"height":125,"caption":"Sonoraenequipo.com.mx"},"image":{"@id":"https:\/\/www.sonoraenequipo.com.mx\/#\/schema\/logo\/image\/"},"sameAs":["https:\/\/www.facebook.com\/SonoraEE\/","https:\/\/x.com\/sonoraenequipo","https:\/\/www.youtube.com\/channel\/UC338nW-lPEYmJQs4ZABQ1SQ"]},{"@type":"Person","@id":"https:\/\/www.sonoraenequipo.com.mx\/#\/schema\/person\/50102df0fb23a8fa9e8effad8fa81386","name":"enequipo","image":{"@type":"ImageObject","inLanguage":"es","@id":"https:\/\/www.sonoraenequipo.com.mx\/#\/schema\/person\/image\/","url":"https:\/\/secure.gravatar.com\/avatar\/049821681b589dabc0bc20695993ccebb09f5b5d4d790cd9251b97faac7c652b?s=96&d=blank&r=g","contentUrl":"https:\/\/secure.gravatar.com\/avatar\/049821681b589dabc0bc20695993ccebb09f5b5d4d790cd9251b97faac7c652b?s=96&d=blank&r=g","caption":"enequipo"},"sameAs":["https:\/\/www.facebook.com\/SonoraEE"]}]}},"jetpack_featured_media_url":"https:\/\/www.sonoraenequipo.com.mx\/storage\/2022\/07\/inseguridad2.jpg","_links":{"self":[{"href":"https:\/\/www.sonoraenequipo.com.mx\/api\/wp\/v2\/posts\/163536","targetHints":{"allow":["GET"]}}],"collection":[{"href":"https:\/\/www.sonoraenequipo.com.mx\/api\/wp\/v2\/posts"}],"about":[{"href":"https:\/\/www.sonoraenequipo.com.mx\/api\/wp\/v2\/types\/post"}],"author":[{"embeddable":true,"href":"https:\/\/www.sonoraenequipo.com.mx\/api\/wp\/v2\/users\/1"}],"replies":[{"embeddable":true,"href":"https:\/\/www.sonoraenequipo.com.mx\/api\/wp\/v2\/comments?post=163536"}],"version-history":[{"count":1,"href":"https:\/\/www.sonoraenequipo.com.mx\/api\/wp\/v2\/posts\/163536\/revisions"}],"predecessor-version":[{"id":163539,"href":"https:\/\/www.sonoraenequipo.com.mx\/api\/wp\/v2\/posts\/163536\/revisions\/163539"}],"wp:featuredmedia":[{"embeddable":true,"href":"https:\/\/www.sonoraenequipo.com.mx\/api\/wp\/v2\/media\/143113"}],"wp:attachment":[{"href":"https:\/\/www.sonoraenequipo.com.mx\/api\/wp\/v2\/media?parent=163536"}],"wp:term":[{"taxonomy":"category","embeddable":true,"href":"https:\/\/www.sonoraenequipo.com.mx\/api\/wp\/v2\/categories?post=163536"},{"taxonomy":"post_tag","embeddable":true,"href":"https:\/\/www.sonoraenequipo.com.mx\/api\/wp\/v2\/tags?post=163536"}],"curies":[{"name":"wp","href":"https:\/\/api.w.org\/{rel}","templated":true}]}}