{"id":163561,"date":"2023-04-19T19:29:02","date_gmt":"2023-04-20T02:29:02","guid":{"rendered":"https:\/\/www.sonoraenequipo.com.mx\/?p=163561"},"modified":"2023-04-19T23:31:52","modified_gmt":"2023-04-20T06:31:52","slug":"elena-poniatowska-recibe-mellada-belisario-dominguez-en-el-senado-de-la-republica","status":"publish","type":"post","link":"https:\/\/www.sonoraenequipo.com.mx\/elena-poniatowska-recibe-mellada-belisario-dominguez-en-el-senado-de-la-republica\/","title":{"rendered":"Elena Poniatowska Recibe Mellada Belisario Dom\u00ednguez en el Senado de la Rep\u00fablica"},"content":{"rendered":"<p><strong>CIUDAD DE M\u00c9XICO. MX.<\/strong>\u2014 Este mi\u00e9rcoles la escritora, periodista y activista Elena Poniatowska Amor, recibi\u00f3 la Medalla Belisario Dom\u00ednguez en el Senado de la Rep\u00fablica.<\/p>\n<p>&nbsp;<\/p>\n<p> <\/p>\n<p>&nbsp;<\/p>\n<p>El m\u00e1ximo galard\u00f3n otorgado por la C\u00e1mara de Senadores, le fue entregado por ser considerada un referente de compromiso social, esp\u00edritu c\u00edvico, servicio a la patria, humanismo, as\u00ed como por los valores de libertad que ha expresado a lo largo de su trayectoria.<\/p>\n<p>&nbsp;<\/p>\n<p>Hoy muchos recuerdos zumban como abejas en mi cabeza y repito en voz baja: que hoy ustedes, senadores de la Rep\u00fablica, me conceden la medalla Belisario Dom\u00ednguez, misma que recibo como una gracia inesperada<\/p>\n<p>&nbsp;<\/p>\n<p>Asimismo, Poniatowska dijo sentirse muy orgullosa y agradecida por recibir esta presea, y por esta raz\u00f3n, solo puede usar una sola palabra para definir el orgullo que siente.<\/p>\n<p>&nbsp;<\/p>\n<p>Para la que solo tengo una palabra, la m\u00e1s hermosa de todas, a pesar de ocupar tan poco espacio. Dos s\u00edlabas que se dejan caer y son tan fr\u00e1giles como un temblor: gracias<\/p>\n<p>&nbsp;<\/p>\n<p>Elena Poniatowska consider\u00f3 la Medalla Belisario Dom\u00ednguez como un reconocimiento a los que como ella \u00abse despiden\u00bb y que aprovech\u00f3 para repasar su prol\u00edfica vida.<\/p>\n<p>&nbsp;<\/p>\n<p>Nacida en Par\u00eds el 19 de mayo de 1932, Poniatowska obtuvo la medalla Belisario Dom\u00ednguez por su amplia trayectoria literaria y por ser un \u00abreferente de compromiso social, esp\u00edritu c\u00edvico, servicio a la patria, humanismo y libertad\u00bb, seg\u00fan el Senado, que otorga el galard\u00f3n.<\/p>\n<p>&nbsp;<\/p>\n<p>&nbsp;<\/p>\n<p><strong><em>\u00ab\u00bfAlguna vez lo imagin\u00e9? No. Los premios son una puerta que se abre de pronto, un regalo, una posibilidad de futuro y un reconocimiento para los que como yo se despiden\u00bb<\/em><\/strong>, dijo con tono nost\u00e1lgico, pero siempre sonriente, la autora de La Noche de Tlatelolco, que narra la cruenta represi\u00f3n de un levantamiento estudiantil el 2 de octubre de 1968 en Ciudad de M\u00e9xico.<\/p>\n<p>&nbsp;<\/p>\n<p>Durante su discurso ante el pleno, Elena Poniatowska indic\u00f3 que aunque todos esperaban un texto pol\u00edtico, en esta ocasi\u00f3n no ser\u00eda de esa manera:<\/p>\n<p>&nbsp;<\/p>\n<p>Lamento decepcionarlos, estoy tan llena de agradecimiento que solamente puedo decir gracias<\/p>\n<p>&nbsp;<\/p>\n<p>&nbsp;<\/p>\n<p>La galardonada agradeci\u00f3 a su familia, a M\u00e9xico y a escritoras que contin\u00faan haciendo de las palabras un arma poderosa para el alma.<\/p>\n<p>&nbsp;<\/p>\n<p>Gracias a la vida que me ha permitido escribir lo que pienso<\/p>\n<p>&nbsp;<\/p>\n<p>&nbsp;<\/p>\n<p>Radicada en este pa\u00eds desde 1942, la tambi\u00e9n periodista y premio Cervantes de Literatura 2013, aprovech\u00f3 su discurso para hacer un repaso de su carrera y la amistad que trab\u00f3 con grandes de la literatura mexicana como el Premio Nobel en 1990, Octavio Paz.<\/p>\n<p>&nbsp;<\/p>\n<p>Evoc\u00f3 adem\u00e1s su fecundo oficio period\u00edstico, que le permiti\u00f3 entrevistar a figuras como el muralista Diego Rivera o las actrices Mar\u00eda F\u00e9lix y Dolores del R\u00edo, entre muchas otras figuras. Y se defini\u00f3 como una eterna preguntona:<\/p>\n<p>&nbsp;<\/p>\n<p>&nbsp;<\/p>\n<p>Desde 1953 escribo en un \u00e1mbito amistoso y competitivo. Si fui una joven preguntona, sigo si\u00e9ndolo y todav\u00eda insisto en los por qu\u00e9, para qu\u00e9, c\u00f3mo, cu\u00e1ndo, d\u00f3nde<\/p>\n<p>&nbsp;<\/p>\n<p>En alg\u00fan momento, Poniatowska manifest\u00f3 su \u00abtristeza\u00bb por la ausencia en el acto del presidente Andr\u00e9s Manuel L\u00f3pez Obrador, quien horas antes la recibi\u00f3 en su despacho.<\/p>\n<p>&nbsp;<\/p>\n<p>&nbsp;<\/p>\n<p><strong><em>\u00abElenita es la mejor escritora de nuestros d\u00edas, la m\u00e1s inteligente, pero sobre todo la que ha estado siempre con los que sufren y luchan por los dem\u00e1s. Es una santa laica\u00bb<\/em><\/strong>, sostuvo el mandatario, quien declin\u00f3 asistir al evento previendo un sabotaje de la bancada opositora en el Congreso.<\/p>\n<p>&nbsp;<\/p>\n<p>&nbsp;<\/p>\n<p>PUBLICADO EL 19 DE ABRIL DE 2023\/ Con informaci\u00f3n de )<\/p>\n","protected":false},"excerpt":{"rendered":"<p>CIUDAD DE M\u00c9XICO. MX.\u2014 Este mi\u00e9rcoles la escritora, periodista y activista Elena Poniatowska Amor, recibi\u00f3&#8230;<\/p>\n","protected":false},"author":1,"featured_media":163562,"comment_status":"open","ping_status":"open","sticky":false,"template":"","format":"standard","meta":{"_monsterinsights_skip_tracking":false,"_monsterinsights_sitenote_active":false,"_monsterinsights_sitenote_note":"","_monsterinsights_sitenote_category":0,"footnotes":""},"categories":[5],"tags":[],"class_list":["post"],"yoast_head":" \n<title>Sonora en Equipo. Elena Poniatowska Recibe Mellada Belisario Dom\u00ednguez en el Senado de la Rep\u00fablica Rep\u00fablica<\/title>\n<meta name=\"description\" content=\"CIUDAD DE M\u00c9XICO. MX.\u2014 Este mi\u00e9rcoles la escritora, periodista y activista Elena Poniatowska Amor, recibi\u00f3 la Medalla Belisario Dom\u00ednguez en el Senado de En Sonora en Equipo publicamos toda la informaci\u00f3n de Sonora, M\u00e9xico y el Mundo de manera oportuna y busca que la libertad de expresi\u00f3n sea real. Visita nuestro medio informativo publicado desde Hermosillo, Sonora. %\" \/>\n<meta name=\"robots\" content=\"index, follow, max-snippet:-1, max-image-preview:large, max-video-preview:-1\" \/>\n<link rel=\"canonical\" href=\"https:\/\/www.sonoraenequipo.com.mx\/elena-poniatowska-recibe-mellada-belisario-dominguez-en-el-senado-de-la-republica\/\" \/>\n<meta property=\"og:locale\" content=\"es_ES\" \/>\n<meta property=\"og:type\" content=\"article\" \/>\n<meta property=\"og:title\" content=\"Sonora en Equipo. Elena Poniatowska Recibe Mellada Belisario Dom\u00ednguez en el Senado de la Rep\u00fablica Rep\u00fablica\" \/>\n<meta property=\"og:description\" content=\"CIUDAD DE M\u00c9XICO. MX.\u2014 Este mi\u00e9rcoles la escritora, periodista y activista Elena Poniatowska Amor, recibi\u00f3 la Medalla Belisario Dom\u00ednguez en el Senado de En Sonora en Equipo publicamos toda la informaci\u00f3n de Sonora, M\u00e9xico y el Mundo de manera oportuna y busca que la libertad de expresi\u00f3n sea real. Visita nuestro medio informativo publicado desde Hermosillo, Sonora. %\" \/>\n<meta property=\"og:url\" content=\"https:\/\/www.sonoraenequipo.com.mx\/elena-poniatowska-recibe-mellada-belisario-dominguez-en-el-senado-de-la-republica\/\" \/>\n<meta property=\"og:site_name\" content=\"Sonora en Equipo.\" \/>\n<meta property=\"article:publisher\" content=\"https:\/\/www.facebook.com\/SonoraEE\/\" \/>\n<meta property=\"article:author\" content=\"https:\/\/www.facebook.com\/SonoraEE\" \/>\n<meta property=\"article:published_time\" content=\"2023-04-20T02:29:02+00:00\" \/>\n<meta property=\"article:modified_time\" content=\"2023-04-20T06:31:52+00:00\" \/>\n<meta property=\"og:image\" content=\"https:\/\/www.sonoraenequipo.com.mx\/storage\/2023\/04\/elena-poniatowska-entrega-medalla-belisario-dominguez-min.jpg\" \/>\n\t<meta property=\"og:image:width\" content=\"900\" \/>\n\t<meta property=\"og:image:height\" content=\"477\" \/>\n\t<meta property=\"og:image:type\" content=\"image\/jpeg\" \/>\n<meta name=\"author\" content=\"enequipo\" \/>\n<meta name=\"twitter:card\" content=\"summary_large_image\" \/>\n<meta name=\"twitter:creator\" content=\"@sonoraenequipo\" \/>\n<meta name=\"twitter:site\" content=\"@sonoraenequipo\" \/>\n<meta name=\"twitter:label1\" content=\"Escrito por\" \/>\n\t<meta name=\"twitter:data1\" content=\"enequipo\" \/>\n\t<meta name=\"twitter:label2\" content=\"Tiempo de lectura\" \/>\n\t<meta name=\"twitter:data2\" content=\"3 minutos\" \/>\n<script type=\"application\/ld+json\" class=\"yoast-schema-graph\">{\"@context\":\"https:\/\/schema.org\",\"@graph\":[{\"@type\":\"Article\",\"@id\":\"https:\/\/www.sonoraenequipo.com.mx\/elena-poniatowska-recibe-mellada-belisario-dominguez-en-el-senado-de-la-republica\/#article\",\"isPartOf\":{\"@id\":\"https:\/\/www.sonoraenequipo.com.mx\/elena-poniatowska-recibe-mellada-belisario-dominguez-en-el-senado-de-la-republica\/\"},\"author\":{\"name\":\"enequipo\",\"@id\":\"https:\/\/www.sonoraenequipo.com.mx\/#\/schema\/person\/50102df0fb23a8fa9e8effad8fa81386\"},\"headline\":\"Elena Poniatowska Recibe Mellada Belisario Dom\u00ednguez en el Senado de la Rep\u00fablica\",\"datePublished\":\"2023-04-20T02:29:02+00:00\",\"dateModified\":\"2023-04-20T06:31:52+00:00\",\"mainEntityOfPage\":{\"@id\":\"https:\/\/www.sonoraenequipo.com.mx\/elena-poniatowska-recibe-mellada-belisario-dominguez-en-el-senado-de-la-republica\/\"},\"wordCount\":641,\"commentCount\":0,\"publisher\":{\"@id\":\"https:\/\/www.sonoraenequipo.com.mx\/#organization\"},\"image\":{\"@id\":\"https:\/\/www.sonoraenequipo.com.mx\/elena-poniatowska-recibe-mellada-belisario-dominguez-en-el-senado-de-la-republica\/#primaryimage\"},\"thumbnailUrl\":\"https:\/\/www.sonoraenequipo.com.mx\/storage\/2023\/04\/elena-poniatowska-entrega-medalla-belisario-dominguez-min.jpg\",\"articleSection\":[\"Rep\u00fablica\"],\"inLanguage\":\"es\",\"potentialAction\":[{\"@type\":\"CommentAction\",\"name\":\"Comment\",\"target\":[\"https:\/\/www.sonoraenequipo.com.mx\/elena-poniatowska-recibe-mellada-belisario-dominguez-en-el-senado-de-la-republica\/#respond\"]}]},{\"@type\":\"WebPage\",\"@id\":\"https:\/\/www.sonoraenequipo.com.mx\/elena-poniatowska-recibe-mellada-belisario-dominguez-en-el-senado-de-la-republica\/\",\"url\":\"https:\/\/www.sonoraenequipo.com.mx\/elena-poniatowska-recibe-mellada-belisario-dominguez-en-el-senado-de-la-republica\/\",\"name\":\"Sonora en Equipo. Elena Poniatowska Recibe Mellada Belisario Dom\u00ednguez en el Senado de la Rep\u00fablica Rep\u00fablica\",\"isPartOf\":{\"@id\":\"https:\/\/www.sonoraenequipo.com.mx\/#website\"},\"primaryImageOfPage\":{\"@id\":\"https:\/\/www.sonoraenequipo.com.mx\/elena-poniatowska-recibe-mellada-belisario-dominguez-en-el-senado-de-la-republica\/#primaryimage\"},\"image\":{\"@id\":\"https:\/\/www.sonoraenequipo.com.mx\/elena-poniatowska-recibe-mellada-belisario-dominguez-en-el-senado-de-la-republica\/#primaryimage\"},\"thumbnailUrl\":\"https:\/\/www.sonoraenequipo.com.mx\/storage\/2023\/04\/elena-poniatowska-entrega-medalla-belisario-dominguez-min.jpg\",\"datePublished\":\"2023-04-20T02:29:02+00:00\",\"dateModified\":\"2023-04-20T06:31:52+00:00\",\"description\":\"CIUDAD DE M\u00c9XICO. MX.\u2014 Este mi\u00e9rcoles la escritora, periodista y activista Elena Poniatowska Amor, recibi\u00f3 la Medalla Belisario Dom\u00ednguez en el Senado de En Sonora en Equipo publicamos toda la informaci\u00f3n de Sonora, M\u00e9xico y el Mundo de manera oportuna y busca que la libertad de expresi\u00f3n sea real. Visita nuestro medio informativo publicado desde Hermosillo, Sonora. %\",\"breadcrumb\":{\"@id\":\"https:\/\/www.sonoraenequipo.com.mx\/elena-poniatowska-recibe-mellada-belisario-dominguez-en-el-senado-de-la-republica\/#breadcrumb\"},\"inLanguage\":\"es\",\"potentialAction\":[{\"@type\":\"ReadAction\",\"target\":[\"https:\/\/www.sonoraenequipo.com.mx\/elena-poniatowska-recibe-mellada-belisario-dominguez-en-el-senado-de-la-republica\/\"]}]},{\"@type\":\"ImageObject\",\"inLanguage\":\"es\",\"@id\":\"https:\/\/www.sonoraenequipo.com.mx\/elena-poniatowska-recibe-mellada-belisario-dominguez-en-el-senado-de-la-republica\/#primaryimage\",\"url\":\"https:\/\/www.sonoraenequipo.com.mx\/storage\/2023\/04\/elena-poniatowska-entrega-medalla-belisario-dominguez-min.jpg\",\"contentUrl\":\"https:\/\/www.sonoraenequipo.com.mx\/storage\/2023\/04\/elena-poniatowska-entrega-medalla-belisario-dominguez-min.jpg\",\"width\":900,\"height\":477},{\"@type\":\"BreadcrumbList\",\"@id\":\"https:\/\/www.sonoraenequipo.com.mx\/elena-poniatowska-recibe-mellada-belisario-dominguez-en-el-senado-de-la-republica\/#breadcrumb\",\"itemListElement\":[{\"@type\":\"ListItem\",\"position\":1,\"name\":\"Portada\",\"item\":\"https:\/\/www.sonoraenequipo.com.mx\/\"},{\"@type\":\"ListItem\",\"position\":2,\"name\":\"Elena Poniatowska Recibe Mellada Belisario Dom\u00ednguez en el Senado de la Rep\u00fablica\"}]},{\"@type\":\"WebSite\",\"@id\":\"https:\/\/www.sonoraenequipo.com.mx\/#website\",\"url\":\"https:\/\/www.sonoraenequipo.com.mx\/\",\"name\":\"Sonora en Equipo.\",\"description\":\"Diario en l\u00ednea con Noticias desde Hermosillo, Sonora\",\"publisher\":{\"@id\":\"https:\/\/www.sonoraenequipo.com.mx\/#organization\"},\"potentialAction\":[{\"@type\":\"SearchAction\",\"target\":{\"@type\":\"EntryPoint\",\"urlTemplate\":\"https:\/\/www.sonoraenequipo.com.mx\/?s={search_term_string}\"},\"query-input\":{\"@type\":\"PropertyValueSpecification\",\"valueRequired\":true,\"valueName\":\"search_term_string\"}}],\"inLanguage\":\"es\"},{\"@type\":\"Organization\",\"@id\":\"https:\/\/www.sonoraenequipo.com.mx\/#organization\",\"name\":\"Sonoraenequipo.com.mx\",\"url\":\"https:\/\/www.sonoraenequipo.com.mx\/\",\"logo\":{\"@type\":\"ImageObject\",\"inLanguage\":\"es\",\"@id\":\"https:\/\/www.sonoraenequipo.com.mx\/#\/schema\/logo\/image\/\",\"url\":\"https:\/\/www.sonoraenequipo.com.mx\/storage\/2019\/01\/sonoraenequipo_opt.png\",\"contentUrl\":\"https:\/\/www.sonoraenequipo.com.mx\/storage\/2019\/01\/sonoraenequipo_opt.png\",\"width\":375,\"height\":125,\"caption\":\"Sonoraenequipo.com.mx\"},\"image\":{\"@id\":\"https:\/\/www.sonoraenequipo.com.mx\/#\/schema\/logo\/image\/\"},\"sameAs\":[\"https:\/\/www.facebook.com\/SonoraEE\/\",\"https:\/\/x.com\/sonoraenequipo\",\"https:\/\/www.youtube.com\/channel\/UC338nW-lPEYmJQs4ZABQ1SQ\"]},{\"@type\":\"Person\",\"@id\":\"https:\/\/www.sonoraenequipo.com.mx\/#\/schema\/person\/50102df0fb23a8fa9e8effad8fa81386\",\"name\":\"enequipo\",\"image\":{\"@type\":\"ImageObject\",\"inLanguage\":\"es\",\"@id\":\"https:\/\/www.sonoraenequipo.com.mx\/#\/schema\/person\/image\/\",\"url\":\"https:\/\/secure.gravatar.com\/avatar\/049821681b589dabc0bc20695993ccebb09f5b5d4d790cd9251b97faac7c652b?s=96&d=blank&r=g\",\"contentUrl\":\"https:\/\/secure.gravatar.com\/avatar\/049821681b589dabc0bc20695993ccebb09f5b5d4d790cd9251b97faac7c652b?s=96&d=blank&r=g\",\"caption\":\"enequipo\"},\"sameAs\":[\"https:\/\/www.facebook.com\/SonoraEE\"]}]}<\/script>\n ","yoast_head_json":{"title":"Sonora en Equipo. Elena Poniatowska Recibe Mellada Belisario Dom\u00ednguez en el Senado de la Rep\u00fablica Rep\u00fablica","description":"CIUDAD DE M\u00c9XICO. MX.\u2014 Este mi\u00e9rcoles la escritora, periodista y activista Elena Poniatowska Amor, recibi\u00f3 la Medalla Belisario Dom\u00ednguez en el Senado de En Sonora en Equipo publicamos toda la informaci\u00f3n de Sonora, M\u00e9xico y el Mundo de manera oportuna y busca que la libertad de expresi\u00f3n sea real. Visita nuestro medio informativo publicado desde Hermosillo, Sonora. %","robots":{"index":"index","follow":"follow","max-snippet":"max-snippet:-1","max-image-preview":"max-image-preview:large","max-video-preview":"max-video-preview:-1"},"canonical":"https:\/\/www.sonoraenequipo.com.mx\/elena-poniatowska-recibe-mellada-belisario-dominguez-en-el-senado-de-la-republica\/","og_locale":"es_ES","og_type":"article","og_title":"Sonora en Equipo. Elena Poniatowska Recibe Mellada Belisario Dom\u00ednguez en el Senado de la Rep\u00fablica Rep\u00fablica","og_description":"CIUDAD DE M\u00c9XICO. MX.\u2014 Este mi\u00e9rcoles la escritora, periodista y activista Elena Poniatowska Amor, recibi\u00f3 la Medalla Belisario Dom\u00ednguez en el Senado de En Sonora en Equipo publicamos toda la informaci\u00f3n de Sonora, M\u00e9xico y el Mundo de manera oportuna y busca que la libertad de expresi\u00f3n sea real. Visita nuestro medio informativo publicado desde Hermosillo, Sonora. %","og_url":"https:\/\/www.sonoraenequipo.com.mx\/elena-poniatowska-recibe-mellada-belisario-dominguez-en-el-senado-de-la-republica\/","og_site_name":"Sonora en Equipo.","article_publisher":"https:\/\/www.facebook.com\/SonoraEE\/","article_author":"https:\/\/www.facebook.com\/SonoraEE","article_published_time":"2023-04-20T02:29:02+00:00","article_modified_time":"2023-04-20T06:31:52+00:00","og_image":[{"width":900,"height":477,"url":"https:\/\/www.sonoraenequipo.com.mx\/storage\/2023\/04\/elena-poniatowska-entrega-medalla-belisario-dominguez-min.jpg","type":"image\/jpeg"}],"author":"enequipo","twitter_card":"summary_large_image","twitter_creator":"@sonoraenequipo","twitter_site":"@sonoraenequipo","twitter_misc":{"Escrito por":"enequipo","Tiempo de lectura":"3 minutos"},"schema":{"@context":"https:\/\/schema.org","@graph":[{"@type":"Article","@id":"https:\/\/www.sonoraenequipo.com.mx\/elena-poniatowska-recibe-mellada-belisario-dominguez-en-el-senado-de-la-republica\/#article","isPartOf":{"@id":"https:\/\/www.sonoraenequipo.com.mx\/elena-poniatowska-recibe-mellada-belisario-dominguez-en-el-senado-de-la-republica\/"},"author":{"name":"enequipo","@id":"https:\/\/www.sonoraenequipo.com.mx\/#\/schema\/person\/50102df0fb23a8fa9e8effad8fa81386"},"headline":"Elena Poniatowska Recibe Mellada Belisario Dom\u00ednguez en el Senado de la Rep\u00fablica","datePublished":"2023-04-20T02:29:02+00:00","dateModified":"2023-04-20T06:31:52+00:00","mainEntityOfPage":{"@id":"https:\/\/www.sonoraenequipo.com.mx\/elena-poniatowska-recibe-mellada-belisario-dominguez-en-el-senado-de-la-republica\/"},"wordCount":641,"commentCount":0,"publisher":{"@id":"https:\/\/www.sonoraenequipo.com.mx\/#organization"},"image":{"@id":"https:\/\/www.sonoraenequipo.com.mx\/elena-poniatowska-recibe-mellada-belisario-dominguez-en-el-senado-de-la-republica\/#primaryimage"},"thumbnailUrl":"https:\/\/www.sonoraenequipo.com.mx\/storage\/2023\/04\/elena-poniatowska-entrega-medalla-belisario-dominguez-min.jpg","articleSection":["Rep\u00fablica"],"inLanguage":"es","potentialAction":[{"@type":"CommentAction","name":"Comment","target":["https:\/\/www.sonoraenequipo.com.mx\/elena-poniatowska-recibe-mellada-belisario-dominguez-en-el-senado-de-la-republica\/#respond"]}]},{"@type":"WebPage","@id":"https:\/\/www.sonoraenequipo.com.mx\/elena-poniatowska-recibe-mellada-belisario-dominguez-en-el-senado-de-la-republica\/","url":"https:\/\/www.sonoraenequipo.com.mx\/elena-poniatowska-recibe-mellada-belisario-dominguez-en-el-senado-de-la-republica\/","name":"Sonora en Equipo. Elena Poniatowska Recibe Mellada Belisario Dom\u00ednguez en el Senado de la Rep\u00fablica Rep\u00fablica","isPartOf":{"@id":"https:\/\/www.sonoraenequipo.com.mx\/#website"},"primaryImageOfPage":{"@id":"https:\/\/www.sonoraenequipo.com.mx\/elena-poniatowska-recibe-mellada-belisario-dominguez-en-el-senado-de-la-republica\/#primaryimage"},"image":{"@id":"https:\/\/www.sonoraenequipo.com.mx\/elena-poniatowska-recibe-mellada-belisario-dominguez-en-el-senado-de-la-republica\/#primaryimage"},"thumbnailUrl":"https:\/\/www.sonoraenequipo.com.mx\/storage\/2023\/04\/elena-poniatowska-entrega-medalla-belisario-dominguez-min.jpg","datePublished":"2023-04-20T02:29:02+00:00","dateModified":"2023-04-20T06:31:52+00:00","description":"CIUDAD DE M\u00c9XICO. MX.\u2014 Este mi\u00e9rcoles la escritora, periodista y activista Elena Poniatowska Amor, recibi\u00f3 la Medalla Belisario Dom\u00ednguez en el Senado de En Sonora en Equipo publicamos toda la informaci\u00f3n de Sonora, M\u00e9xico y el Mundo de manera oportuna y busca que la libertad de expresi\u00f3n sea real. Visita nuestro medio informativo publicado desde Hermosillo, Sonora. %","breadcrumb":{"@id":"https:\/\/www.sonoraenequipo.com.mx\/elena-poniatowska-recibe-mellada-belisario-dominguez-en-el-senado-de-la-republica\/#breadcrumb"},"inLanguage":"es","potentialAction":[{"@type":"ReadAction","target":["https:\/\/www.sonoraenequipo.com.mx\/elena-poniatowska-recibe-mellada-belisario-dominguez-en-el-senado-de-la-republica\/"]}]},{"@type":"ImageObject","inLanguage":"es","@id":"https:\/\/www.sonoraenequipo.com.mx\/elena-poniatowska-recibe-mellada-belisario-dominguez-en-el-senado-de-la-republica\/#primaryimage","url":"https:\/\/www.sonoraenequipo.com.mx\/storage\/2023\/04\/elena-poniatowska-entrega-medalla-belisario-dominguez-min.jpg","contentUrl":"https:\/\/www.sonoraenequipo.com.mx\/storage\/2023\/04\/elena-poniatowska-entrega-medalla-belisario-dominguez-min.jpg","width":900,"height":477},{"@type":"BreadcrumbList","@id":"https:\/\/www.sonoraenequipo.com.mx\/elena-poniatowska-recibe-mellada-belisario-dominguez-en-el-senado-de-la-republica\/#breadcrumb","itemListElement":[{"@type":"ListItem","position":1,"name":"Portada","item":"https:\/\/www.sonoraenequipo.com.mx\/"},{"@type":"ListItem","position":2,"name":"Elena Poniatowska Recibe Mellada Belisario Dom\u00ednguez en el Senado de la Rep\u00fablica"}]},{"@type":"WebSite","@id":"https:\/\/www.sonoraenequipo.com.mx\/#website","url":"https:\/\/www.sonoraenequipo.com.mx\/","name":"Sonora en Equipo.","description":"Diario en l\u00ednea con Noticias desde Hermosillo, Sonora","publisher":{"@id":"https:\/\/www.sonoraenequipo.com.mx\/#organization"},"potentialAction":[{"@type":"SearchAction","target":{"@type":"EntryPoint","urlTemplate":"https:\/\/www.sonoraenequipo.com.mx\/?s={search_term_string}"},"query-input":{"@type":"PropertyValueSpecification","valueRequired":true,"valueName":"search_term_string"}}],"inLanguage":"es"},{"@type":"Organization","@id":"https:\/\/www.sonoraenequipo.com.mx\/#organization","name":"Sonoraenequipo.com.mx","url":"https:\/\/www.sonoraenequipo.com.mx\/","logo":{"@type":"ImageObject","inLanguage":"es","@id":"https:\/\/www.sonoraenequipo.com.mx\/#\/schema\/logo\/image\/","url":"https:\/\/www.sonoraenequipo.com.mx\/storage\/2019\/01\/sonoraenequipo_opt.png","contentUrl":"https:\/\/www.sonoraenequipo.com.mx\/storage\/2019\/01\/sonoraenequipo_opt.png","width":375,"height":125,"caption":"Sonoraenequipo.com.mx"},"image":{"@id":"https:\/\/www.sonoraenequipo.com.mx\/#\/schema\/logo\/image\/"},"sameAs":["https:\/\/www.facebook.com\/SonoraEE\/","https:\/\/x.com\/sonoraenequipo","https:\/\/www.youtube.com\/channel\/UC338nW-lPEYmJQs4ZABQ1SQ"]},{"@type":"Person","@id":"https:\/\/www.sonoraenequipo.com.mx\/#\/schema\/person\/50102df0fb23a8fa9e8effad8fa81386","name":"enequipo","image":{"@type":"ImageObject","inLanguage":"es","@id":"https:\/\/www.sonoraenequipo.com.mx\/#\/schema\/person\/image\/","url":"https:\/\/secure.gravatar.com\/avatar\/049821681b589dabc0bc20695993ccebb09f5b5d4d790cd9251b97faac7c652b?s=96&d=blank&r=g","contentUrl":"https:\/\/secure.gravatar.com\/avatar\/049821681b589dabc0bc20695993ccebb09f5b5d4d790cd9251b97faac7c652b?s=96&d=blank&r=g","caption":"enequipo"},"sameAs":["https:\/\/www.facebook.com\/SonoraEE"]}]}},"jetpack_featured_media_url":"https:\/\/www.sonoraenequipo.com.mx\/storage\/2023\/04\/elena-poniatowska-entrega-medalla-belisario-dominguez-min.jpg","_links":{"self":[{"href":"https:\/\/www.sonoraenequipo.com.mx\/api\/wp\/v2\/posts\/163561","targetHints":{"allow":["GET"]}}],"collection":[{"href":"https:\/\/www.sonoraenequipo.com.mx\/api\/wp\/v2\/posts"}],"about":[{"href":"https:\/\/www.sonoraenequipo.com.mx\/api\/wp\/v2\/types\/post"}],"author":[{"embeddable":true,"href":"https:\/\/www.sonoraenequipo.com.mx\/api\/wp\/v2\/users\/1"}],"replies":[{"embeddable":true,"href":"https:\/\/www.sonoraenequipo.com.mx\/api\/wp\/v2\/comments?post=163561"}],"version-history":[{"count":1,"href":"https:\/\/www.sonoraenequipo.com.mx\/api\/wp\/v2\/posts\/163561\/revisions"}],"predecessor-version":[{"id":163563,"href":"https:\/\/www.sonoraenequipo.com.mx\/api\/wp\/v2\/posts\/163561\/revisions\/163563"}],"wp:featuredmedia":[{"embeddable":true,"href":"https:\/\/www.sonoraenequipo.com.mx\/api\/wp\/v2\/media\/163562"}],"wp:attachment":[{"href":"https:\/\/www.sonoraenequipo.com.mx\/api\/wp\/v2\/media?parent=163561"}],"wp:term":[{"taxonomy":"category","embeddable":true,"href":"https:\/\/www.sonoraenequipo.com.mx\/api\/wp\/v2\/categories?post=163561"},{"taxonomy":"post_tag","embeddable":true,"href":"https:\/\/www.sonoraenequipo.com.mx\/api\/wp\/v2\/tags?post=163561"}],"curies":[{"name":"wp","href":"https:\/\/api.w.org\/{rel}","templated":true}]}}