{"id":163682,"date":"2023-04-21T12:28:21","date_gmt":"2023-04-21T19:28:21","guid":{"rendered":"https:\/\/www.sonoraenequipo.com.mx\/?p=163682"},"modified":"2023-04-21T12:28:21","modified_gmt":"2023-04-21T19:28:21","slug":"alejandra-valencia-arranca-como-lider-en-el-inicio-de-copa-del-mundo-de-arqueria","status":"publish","type":"post","link":"https:\/\/www.sonoraenequipo.com.mx\/alejandra-valencia-arranca-como-lider-en-el-inicio-de-copa-del-mundo-de-arqueria\/","title":{"rendered":"Alejandra Valencia arranca como l\u00edder en el inicio de Copa del Mundo de arquer\u00eda"},"content":{"rendered":"<p><b>HERMOSILLO, SONORA. MX.\u2014 <\/b>Un gran arranque tuvo la arquera ol\u00edmpica sonorense Alejandra Valencia en la Copa del Mundo de Tiro con Arco Hyundai 2023, al ubicarse en el liderato de la ronda clasificatoria de la modalidad de recurvo femenil, en el certamen que inici\u00f3 en Antalya, Turqu\u00eda.<\/p>\n<p>&nbsp;<\/p>\n<p> <\/p>\n<p>&nbsp;<\/p>\n<p>&nbsp;<\/p>\n<p>En acciones de este mi\u00e9rcoles, en la doble ronda de 70 metros, Valencia Trujillo luci\u00f3 espectacular pues logr\u00f3 una sumatoria de 667 puntos despu\u00e9s de acumular 340 en la primera (l\u00edder general de 105 competidoras) para cerrar con 337 en la segunda (n\u00famero dos de la tabla).<\/p>\n<p>&nbsp;<\/p>\n<p>&nbsp;<\/p>\n<p>El segundo lugar lo acapar\u00f3 la espa\u00f1ola Elia Canales, quien qued\u00f3 cuatro unidades detr\u00e1s de la sonorense (673 por 336 y 337), mientras que en tercero finaliz\u00f3 la arquera de China, Zhang Mengyao (671 con 337 y 324).<\/p>\n<p>&nbsp;<\/p>\n<p>&nbsp;<\/p>\n<p>Por lo tanto, la ganadora de bronce de Tokio 2020, pas\u00f3 a la primera fase de la Ronda Ol\u00edmpica Individual e iniciar\u00e1 su actuaci\u00f3n en los 32vos de final en contra de la ucraniana Polina Rodionova, quien dej\u00f3 en el camino (6-2) a la brit\u00e1nica Jessica Sagoo.<\/p>\n<p>&nbsp;<\/p>\n<p>&nbsp;<\/p>\n<p>De tal forma Alejandra Valencia consigui\u00f3 el mejor puntaje entre las arqueras mexicanas; le siguieron la coahuilense \u00c1ngela Ruiz (puesto 11 con 657 puntos), la capitalina A\u00edda Rom\u00e1n (38 tras sumar 645) y la neolonesa Mariana Avitia (82 tras acumular 615).<\/p>\n<p>&nbsp;<\/p>\n<p>&nbsp;<\/p>\n<p>En base a esos resultados, las tres primeras: Valencia, Ruiz y Rom\u00e1n, integrar\u00e1n la terna azteca de recurvo femenil en la competencia de Equipos en donde las arqueras mexicanas, como n\u00famero dos del ranking, enfrentar\u00e1n a las ganadoras de Uzbekist\u00e1n y Turqu\u00eda en los octavos de final.<\/p>\n<p>&nbsp;<\/p>\n<p>&nbsp;<\/p>\n<p>Cabe destacar que la Fase Final de la Copa del Mundo de Tiro con Arco Hyundai 2023 ser\u00e1 el 9 y 10 de septiembre en Hermosillo, Sonora, lugar de origen de Alejandra Valencia, quien espera representar a M\u00e9xico en su propia casa.<\/p>\n<p>&nbsp;<\/p>\n<p>&nbsp;<\/p>\n<p>PUBLICADO EL 21 DE ABRIL DE 2023\/ Con informaci\u00f3n de GOBSON 0423-127 )<\/p>\n","protected":false},"excerpt":{"rendered":"<p>HERMOSILLO, SONORA. MX.\u2014 Un gran arranque tuvo la arquera ol\u00edmpica sonorense Alejandra Valencia en la&#8230;<\/p>\n","protected":false},"author":1,"featured_media":163683,"comment_status":"open","ping_status":"open","sticky":false,"template":"","format":"standard","meta":{"_monsterinsights_skip_tracking":false,"_monsterinsights_sitenote_active":false,"_monsterinsights_sitenote_note":"","_monsterinsights_sitenote_category":0,"footnotes":""},"categories":[10],"tags":[],"class_list":["post"],"yoast_head":" \n<title>Sonora en Equipo. Alejandra Valencia arranca como l\u00edder en el inicio de Copa del Mundo de arquer\u00eda Deportes<\/title>\n<meta name=\"description\" content=\"HERMOSILLO, SONORA. MX.\u2014 Un gran arranque tuvo la arquera ol\u00edmpica sonorense Alejandra Valencia en la Copa del Mundo de Tiro con Arco Hyundai 2023, al En Sonora en Equipo publicamos toda la informaci\u00f3n de Sonora, M\u00e9xico y el Mundo de manera oportuna y busca que la libertad de expresi\u00f3n sea real. Visita nuestro medio informativo publicado desde Hermosillo, Sonora. %\" \/>\n<meta name=\"robots\" content=\"index, follow, max-snippet:-1, max-image-preview:large, max-video-preview:-1\" \/>\n<link rel=\"canonical\" href=\"https:\/\/www.sonoraenequipo.com.mx\/alejandra-valencia-arranca-como-lider-en-el-inicio-de-copa-del-mundo-de-arqueria\/\" \/>\n<meta property=\"og:locale\" content=\"es_ES\" \/>\n<meta property=\"og:type\" content=\"article\" \/>\n<meta property=\"og:title\" content=\"Sonora en Equipo. Alejandra Valencia arranca como l\u00edder en el inicio de Copa del Mundo de arquer\u00eda Deportes\" \/>\n<meta property=\"og:description\" content=\"HERMOSILLO, SONORA. MX.\u2014 Un gran arranque tuvo la arquera ol\u00edmpica sonorense Alejandra Valencia en la Copa del Mundo de Tiro con Arco Hyundai 2023, al En Sonora en Equipo publicamos toda la informaci\u00f3n de Sonora, M\u00e9xico y el Mundo de manera oportuna y busca que la libertad de expresi\u00f3n sea real. Visita nuestro medio informativo publicado desde Hermosillo, Sonora. %\" \/>\n<meta property=\"og:url\" content=\"https:\/\/www.sonoraenequipo.com.mx\/alejandra-valencia-arranca-como-lider-en-el-inicio-de-copa-del-mundo-de-arqueria\/\" \/>\n<meta property=\"og:site_name\" content=\"Sonora en Equipo.\" \/>\n<meta property=\"article:publisher\" content=\"https:\/\/www.facebook.com\/SonoraEE\/\" \/>\n<meta property=\"article:author\" content=\"https:\/\/www.facebook.com\/SonoraEE\" \/>\n<meta property=\"article:published_time\" content=\"2023-04-21T19:28:21+00:00\" \/>\n<meta property=\"og:image\" content=\"https:\/\/www.sonoraenequipo.com.mx\/storage\/2023\/04\/alejandra-valencia..-min.jpg\" \/>\n\t<meta property=\"og:image:width\" content=\"900\" \/>\n\t<meta property=\"og:image:height\" content=\"494\" \/>\n\t<meta property=\"og:image:type\" content=\"image\/jpeg\" \/>\n<meta name=\"author\" content=\"enequipo\" \/>\n<meta name=\"twitter:card\" content=\"summary_large_image\" \/>\n<meta name=\"twitter:creator\" content=\"@sonoraenequipo\" \/>\n<meta name=\"twitter:site\" content=\"@sonoraenequipo\" \/>\n<meta name=\"twitter:label1\" content=\"Escrito por\" \/>\n\t<meta name=\"twitter:data1\" content=\"enequipo\" \/>\n\t<meta name=\"twitter:label2\" content=\"Tiempo de lectura\" \/>\n\t<meta name=\"twitter:data2\" content=\"2 minutos\" \/>\n<script type=\"application\/ld+json\" class=\"yoast-schema-graph\">{\"@context\":\"https:\/\/schema.org\",\"@graph\":[{\"@type\":\"Article\",\"@id\":\"https:\/\/www.sonoraenequipo.com.mx\/alejandra-valencia-arranca-como-lider-en-el-inicio-de-copa-del-mundo-de-arqueria\/#article\",\"isPartOf\":{\"@id\":\"https:\/\/www.sonoraenequipo.com.mx\/alejandra-valencia-arranca-como-lider-en-el-inicio-de-copa-del-mundo-de-arqueria\/\"},\"author\":{\"name\":\"enequipo\",\"@id\":\"https:\/\/www.sonoraenequipo.com.mx\/#\/schema\/person\/50102df0fb23a8fa9e8effad8fa81386\"},\"headline\":\"Alejandra Valencia arranca como l\u00edder en el inicio de Copa del Mundo de arquer\u00eda\",\"datePublished\":\"2023-04-21T19:28:21+00:00\",\"mainEntityOfPage\":{\"@id\":\"https:\/\/www.sonoraenequipo.com.mx\/alejandra-valencia-arranca-como-lider-en-el-inicio-de-copa-del-mundo-de-arqueria\/\"},\"wordCount\":349,\"commentCount\":0,\"publisher\":{\"@id\":\"https:\/\/www.sonoraenequipo.com.mx\/#organization\"},\"image\":{\"@id\":\"https:\/\/www.sonoraenequipo.com.mx\/alejandra-valencia-arranca-como-lider-en-el-inicio-de-copa-del-mundo-de-arqueria\/#primaryimage\"},\"thumbnailUrl\":\"https:\/\/www.sonoraenequipo.com.mx\/storage\/2023\/04\/alejandra-valencia..-min.jpg\",\"articleSection\":[\"Deportes\"],\"inLanguage\":\"es\",\"potentialAction\":[{\"@type\":\"CommentAction\",\"name\":\"Comment\",\"target\":[\"https:\/\/www.sonoraenequipo.com.mx\/alejandra-valencia-arranca-como-lider-en-el-inicio-de-copa-del-mundo-de-arqueria\/#respond\"]}]},{\"@type\":\"WebPage\",\"@id\":\"https:\/\/www.sonoraenequipo.com.mx\/alejandra-valencia-arranca-como-lider-en-el-inicio-de-copa-del-mundo-de-arqueria\/\",\"url\":\"https:\/\/www.sonoraenequipo.com.mx\/alejandra-valencia-arranca-como-lider-en-el-inicio-de-copa-del-mundo-de-arqueria\/\",\"name\":\"Sonora en Equipo. Alejandra Valencia arranca como l\u00edder en el inicio de Copa del Mundo de arquer\u00eda Deportes\",\"isPartOf\":{\"@id\":\"https:\/\/www.sonoraenequipo.com.mx\/#website\"},\"primaryImageOfPage\":{\"@id\":\"https:\/\/www.sonoraenequipo.com.mx\/alejandra-valencia-arranca-como-lider-en-el-inicio-de-copa-del-mundo-de-arqueria\/#primaryimage\"},\"image\":{\"@id\":\"https:\/\/www.sonoraenequipo.com.mx\/alejandra-valencia-arranca-como-lider-en-el-inicio-de-copa-del-mundo-de-arqueria\/#primaryimage\"},\"thumbnailUrl\":\"https:\/\/www.sonoraenequipo.com.mx\/storage\/2023\/04\/alejandra-valencia..-min.jpg\",\"datePublished\":\"2023-04-21T19:28:21+00:00\",\"description\":\"HERMOSILLO, SONORA. MX.\u2014 Un gran arranque tuvo la arquera ol\u00edmpica sonorense Alejandra Valencia en la Copa del Mundo de Tiro con Arco Hyundai 2023, al En Sonora en Equipo publicamos toda la informaci\u00f3n de Sonora, M\u00e9xico y el Mundo de manera oportuna y busca que la libertad de expresi\u00f3n sea real. Visita nuestro medio informativo publicado desde Hermosillo, Sonora. %\",\"breadcrumb\":{\"@id\":\"https:\/\/www.sonoraenequipo.com.mx\/alejandra-valencia-arranca-como-lider-en-el-inicio-de-copa-del-mundo-de-arqueria\/#breadcrumb\"},\"inLanguage\":\"es\",\"potentialAction\":[{\"@type\":\"ReadAction\",\"target\":[\"https:\/\/www.sonoraenequipo.com.mx\/alejandra-valencia-arranca-como-lider-en-el-inicio-de-copa-del-mundo-de-arqueria\/\"]}]},{\"@type\":\"ImageObject\",\"inLanguage\":\"es\",\"@id\":\"https:\/\/www.sonoraenequipo.com.mx\/alejandra-valencia-arranca-como-lider-en-el-inicio-de-copa-del-mundo-de-arqueria\/#primaryimage\",\"url\":\"https:\/\/www.sonoraenequipo.com.mx\/storage\/2023\/04\/alejandra-valencia..-min.jpg\",\"contentUrl\":\"https:\/\/www.sonoraenequipo.com.mx\/storage\/2023\/04\/alejandra-valencia..-min.jpg\",\"width\":900,\"height\":494,\"caption\":\"Alejandra Valencia\"},{\"@type\":\"BreadcrumbList\",\"@id\":\"https:\/\/www.sonoraenequipo.com.mx\/alejandra-valencia-arranca-como-lider-en-el-inicio-de-copa-del-mundo-de-arqueria\/#breadcrumb\",\"itemListElement\":[{\"@type\":\"ListItem\",\"position\":1,\"name\":\"Portada\",\"item\":\"https:\/\/www.sonoraenequipo.com.mx\/\"},{\"@type\":\"ListItem\",\"position\":2,\"name\":\"Alejandra Valencia arranca como l\u00edder en el inicio de Copa del Mundo de arquer\u00eda\"}]},{\"@type\":\"WebSite\",\"@id\":\"https:\/\/www.sonoraenequipo.com.mx\/#website\",\"url\":\"https:\/\/www.sonoraenequipo.com.mx\/\",\"name\":\"Sonora en Equipo.\",\"description\":\"Diario en l\u00ednea con Noticias desde Hermosillo, Sonora\",\"publisher\":{\"@id\":\"https:\/\/www.sonoraenequipo.com.mx\/#organization\"},\"potentialAction\":[{\"@type\":\"SearchAction\",\"target\":{\"@type\":\"EntryPoint\",\"urlTemplate\":\"https:\/\/www.sonoraenequipo.com.mx\/?s={search_term_string}\"},\"query-input\":{\"@type\":\"PropertyValueSpecification\",\"valueRequired\":true,\"valueName\":\"search_term_string\"}}],\"inLanguage\":\"es\"},{\"@type\":\"Organization\",\"@id\":\"https:\/\/www.sonoraenequipo.com.mx\/#organization\",\"name\":\"Sonoraenequipo.com.mx\",\"url\":\"https:\/\/www.sonoraenequipo.com.mx\/\",\"logo\":{\"@type\":\"ImageObject\",\"inLanguage\":\"es\",\"@id\":\"https:\/\/www.sonoraenequipo.com.mx\/#\/schema\/logo\/image\/\",\"url\":\"https:\/\/www.sonoraenequipo.com.mx\/storage\/2019\/01\/sonoraenequipo_opt.png\",\"contentUrl\":\"https:\/\/www.sonoraenequipo.com.mx\/storage\/2019\/01\/sonoraenequipo_opt.png\",\"width\":375,\"height\":125,\"caption\":\"Sonoraenequipo.com.mx\"},\"image\":{\"@id\":\"https:\/\/www.sonoraenequipo.com.mx\/#\/schema\/logo\/image\/\"},\"sameAs\":[\"https:\/\/www.facebook.com\/SonoraEE\/\",\"https:\/\/x.com\/sonoraenequipo\",\"https:\/\/www.youtube.com\/channel\/UC338nW-lPEYmJQs4ZABQ1SQ\"]},{\"@type\":\"Person\",\"@id\":\"https:\/\/www.sonoraenequipo.com.mx\/#\/schema\/person\/50102df0fb23a8fa9e8effad8fa81386\",\"name\":\"enequipo\",\"image\":{\"@type\":\"ImageObject\",\"inLanguage\":\"es\",\"@id\":\"https:\/\/www.sonoraenequipo.com.mx\/#\/schema\/person\/image\/\",\"url\":\"https:\/\/secure.gravatar.com\/avatar\/049821681b589dabc0bc20695993ccebb09f5b5d4d790cd9251b97faac7c652b?s=96&d=blank&r=g\",\"contentUrl\":\"https:\/\/secure.gravatar.com\/avatar\/049821681b589dabc0bc20695993ccebb09f5b5d4d790cd9251b97faac7c652b?s=96&d=blank&r=g\",\"caption\":\"enequipo\"},\"sameAs\":[\"https:\/\/www.facebook.com\/SonoraEE\"]}]}<\/script>\n ","yoast_head_json":{"title":"Sonora en Equipo. Alejandra Valencia arranca como l\u00edder en el inicio de Copa del Mundo de arquer\u00eda Deportes","description":"HERMOSILLO, SONORA. MX.\u2014 Un gran arranque tuvo la arquera ol\u00edmpica sonorense Alejandra Valencia en la Copa del Mundo de Tiro con Arco Hyundai 2023, al En Sonora en Equipo publicamos toda la informaci\u00f3n de Sonora, M\u00e9xico y el Mundo de manera oportuna y busca que la libertad de expresi\u00f3n sea real. Visita nuestro medio informativo publicado desde Hermosillo, Sonora. %","robots":{"index":"index","follow":"follow","max-snippet":"max-snippet:-1","max-image-preview":"max-image-preview:large","max-video-preview":"max-video-preview:-1"},"canonical":"https:\/\/www.sonoraenequipo.com.mx\/alejandra-valencia-arranca-como-lider-en-el-inicio-de-copa-del-mundo-de-arqueria\/","og_locale":"es_ES","og_type":"article","og_title":"Sonora en Equipo. Alejandra Valencia arranca como l\u00edder en el inicio de Copa del Mundo de arquer\u00eda Deportes","og_description":"HERMOSILLO, SONORA. MX.\u2014 Un gran arranque tuvo la arquera ol\u00edmpica sonorense Alejandra Valencia en la Copa del Mundo de Tiro con Arco Hyundai 2023, al En Sonora en Equipo publicamos toda la informaci\u00f3n de Sonora, M\u00e9xico y el Mundo de manera oportuna y busca que la libertad de expresi\u00f3n sea real. Visita nuestro medio informativo publicado desde Hermosillo, Sonora. %","og_url":"https:\/\/www.sonoraenequipo.com.mx\/alejandra-valencia-arranca-como-lider-en-el-inicio-de-copa-del-mundo-de-arqueria\/","og_site_name":"Sonora en Equipo.","article_publisher":"https:\/\/www.facebook.com\/SonoraEE\/","article_author":"https:\/\/www.facebook.com\/SonoraEE","article_published_time":"2023-04-21T19:28:21+00:00","og_image":[{"width":900,"height":494,"url":"https:\/\/www.sonoraenequipo.com.mx\/storage\/2023\/04\/alejandra-valencia..-min.jpg","type":"image\/jpeg"}],"author":"enequipo","twitter_card":"summary_large_image","twitter_creator":"@sonoraenequipo","twitter_site":"@sonoraenequipo","twitter_misc":{"Escrito por":"enequipo","Tiempo de lectura":"2 minutos"},"schema":{"@context":"https:\/\/schema.org","@graph":[{"@type":"Article","@id":"https:\/\/www.sonoraenequipo.com.mx\/alejandra-valencia-arranca-como-lider-en-el-inicio-de-copa-del-mundo-de-arqueria\/#article","isPartOf":{"@id":"https:\/\/www.sonoraenequipo.com.mx\/alejandra-valencia-arranca-como-lider-en-el-inicio-de-copa-del-mundo-de-arqueria\/"},"author":{"name":"enequipo","@id":"https:\/\/www.sonoraenequipo.com.mx\/#\/schema\/person\/50102df0fb23a8fa9e8effad8fa81386"},"headline":"Alejandra Valencia arranca como l\u00edder en el inicio de Copa del Mundo de arquer\u00eda","datePublished":"2023-04-21T19:28:21+00:00","mainEntityOfPage":{"@id":"https:\/\/www.sonoraenequipo.com.mx\/alejandra-valencia-arranca-como-lider-en-el-inicio-de-copa-del-mundo-de-arqueria\/"},"wordCount":349,"commentCount":0,"publisher":{"@id":"https:\/\/www.sonoraenequipo.com.mx\/#organization"},"image":{"@id":"https:\/\/www.sonoraenequipo.com.mx\/alejandra-valencia-arranca-como-lider-en-el-inicio-de-copa-del-mundo-de-arqueria\/#primaryimage"},"thumbnailUrl":"https:\/\/www.sonoraenequipo.com.mx\/storage\/2023\/04\/alejandra-valencia..-min.jpg","articleSection":["Deportes"],"inLanguage":"es","potentialAction":[{"@type":"CommentAction","name":"Comment","target":["https:\/\/www.sonoraenequipo.com.mx\/alejandra-valencia-arranca-como-lider-en-el-inicio-de-copa-del-mundo-de-arqueria\/#respond"]}]},{"@type":"WebPage","@id":"https:\/\/www.sonoraenequipo.com.mx\/alejandra-valencia-arranca-como-lider-en-el-inicio-de-copa-del-mundo-de-arqueria\/","url":"https:\/\/www.sonoraenequipo.com.mx\/alejandra-valencia-arranca-como-lider-en-el-inicio-de-copa-del-mundo-de-arqueria\/","name":"Sonora en Equipo. Alejandra Valencia arranca como l\u00edder en el inicio de Copa del Mundo de arquer\u00eda Deportes","isPartOf":{"@id":"https:\/\/www.sonoraenequipo.com.mx\/#website"},"primaryImageOfPage":{"@id":"https:\/\/www.sonoraenequipo.com.mx\/alejandra-valencia-arranca-como-lider-en-el-inicio-de-copa-del-mundo-de-arqueria\/#primaryimage"},"image":{"@id":"https:\/\/www.sonoraenequipo.com.mx\/alejandra-valencia-arranca-como-lider-en-el-inicio-de-copa-del-mundo-de-arqueria\/#primaryimage"},"thumbnailUrl":"https:\/\/www.sonoraenequipo.com.mx\/storage\/2023\/04\/alejandra-valencia..-min.jpg","datePublished":"2023-04-21T19:28:21+00:00","description":"HERMOSILLO, SONORA. MX.\u2014 Un gran arranque tuvo la arquera ol\u00edmpica sonorense Alejandra Valencia en la Copa del Mundo de Tiro con Arco Hyundai 2023, al En Sonora en Equipo publicamos toda la informaci\u00f3n de Sonora, M\u00e9xico y el Mundo de manera oportuna y busca que la libertad de expresi\u00f3n sea real. Visita nuestro medio informativo publicado desde Hermosillo, Sonora. %","breadcrumb":{"@id":"https:\/\/www.sonoraenequipo.com.mx\/alejandra-valencia-arranca-como-lider-en-el-inicio-de-copa-del-mundo-de-arqueria\/#breadcrumb"},"inLanguage":"es","potentialAction":[{"@type":"ReadAction","target":["https:\/\/www.sonoraenequipo.com.mx\/alejandra-valencia-arranca-como-lider-en-el-inicio-de-copa-del-mundo-de-arqueria\/"]}]},{"@type":"ImageObject","inLanguage":"es","@id":"https:\/\/www.sonoraenequipo.com.mx\/alejandra-valencia-arranca-como-lider-en-el-inicio-de-copa-del-mundo-de-arqueria\/#primaryimage","url":"https:\/\/www.sonoraenequipo.com.mx\/storage\/2023\/04\/alejandra-valencia..-min.jpg","contentUrl":"https:\/\/www.sonoraenequipo.com.mx\/storage\/2023\/04\/alejandra-valencia..-min.jpg","width":900,"height":494,"caption":"Alejandra Valencia"},{"@type":"BreadcrumbList","@id":"https:\/\/www.sonoraenequipo.com.mx\/alejandra-valencia-arranca-como-lider-en-el-inicio-de-copa-del-mundo-de-arqueria\/#breadcrumb","itemListElement":[{"@type":"ListItem","position":1,"name":"Portada","item":"https:\/\/www.sonoraenequipo.com.mx\/"},{"@type":"ListItem","position":2,"name":"Alejandra Valencia arranca como l\u00edder en el inicio de Copa del Mundo de arquer\u00eda"}]},{"@type":"WebSite","@id":"https:\/\/www.sonoraenequipo.com.mx\/#website","url":"https:\/\/www.sonoraenequipo.com.mx\/","name":"Sonora en Equipo.","description":"Diario en l\u00ednea con Noticias desde Hermosillo, Sonora","publisher":{"@id":"https:\/\/www.sonoraenequipo.com.mx\/#organization"},"potentialAction":[{"@type":"SearchAction","target":{"@type":"EntryPoint","urlTemplate":"https:\/\/www.sonoraenequipo.com.mx\/?s={search_term_string}"},"query-input":{"@type":"PropertyValueSpecification","valueRequired":true,"valueName":"search_term_string"}}],"inLanguage":"es"},{"@type":"Organization","@id":"https:\/\/www.sonoraenequipo.com.mx\/#organization","name":"Sonoraenequipo.com.mx","url":"https:\/\/www.sonoraenequipo.com.mx\/","logo":{"@type":"ImageObject","inLanguage":"es","@id":"https:\/\/www.sonoraenequipo.com.mx\/#\/schema\/logo\/image\/","url":"https:\/\/www.sonoraenequipo.com.mx\/storage\/2019\/01\/sonoraenequipo_opt.png","contentUrl":"https:\/\/www.sonoraenequipo.com.mx\/storage\/2019\/01\/sonoraenequipo_opt.png","width":375,"height":125,"caption":"Sonoraenequipo.com.mx"},"image":{"@id":"https:\/\/www.sonoraenequipo.com.mx\/#\/schema\/logo\/image\/"},"sameAs":["https:\/\/www.facebook.com\/SonoraEE\/","https:\/\/x.com\/sonoraenequipo","https:\/\/www.youtube.com\/channel\/UC338nW-lPEYmJQs4ZABQ1SQ"]},{"@type":"Person","@id":"https:\/\/www.sonoraenequipo.com.mx\/#\/schema\/person\/50102df0fb23a8fa9e8effad8fa81386","name":"enequipo","image":{"@type":"ImageObject","inLanguage":"es","@id":"https:\/\/www.sonoraenequipo.com.mx\/#\/schema\/person\/image\/","url":"https:\/\/secure.gravatar.com\/avatar\/049821681b589dabc0bc20695993ccebb09f5b5d4d790cd9251b97faac7c652b?s=96&d=blank&r=g","contentUrl":"https:\/\/secure.gravatar.com\/avatar\/049821681b589dabc0bc20695993ccebb09f5b5d4d790cd9251b97faac7c652b?s=96&d=blank&r=g","caption":"enequipo"},"sameAs":["https:\/\/www.facebook.com\/SonoraEE"]}]}},"jetpack_featured_media_url":"https:\/\/www.sonoraenequipo.com.mx\/storage\/2023\/04\/alejandra-valencia..-min.jpg","_links":{"self":[{"href":"https:\/\/www.sonoraenequipo.com.mx\/api\/wp\/v2\/posts\/163682","targetHints":{"allow":["GET"]}}],"collection":[{"href":"https:\/\/www.sonoraenequipo.com.mx\/api\/wp\/v2\/posts"}],"about":[{"href":"https:\/\/www.sonoraenequipo.com.mx\/api\/wp\/v2\/types\/post"}],"author":[{"embeddable":true,"href":"https:\/\/www.sonoraenequipo.com.mx\/api\/wp\/v2\/users\/1"}],"replies":[{"embeddable":true,"href":"https:\/\/www.sonoraenequipo.com.mx\/api\/wp\/v2\/comments?post=163682"}],"version-history":[{"count":1,"href":"https:\/\/www.sonoraenequipo.com.mx\/api\/wp\/v2\/posts\/163682\/revisions"}],"predecessor-version":[{"id":163684,"href":"https:\/\/www.sonoraenequipo.com.mx\/api\/wp\/v2\/posts\/163682\/revisions\/163684"}],"wp:featuredmedia":[{"embeddable":true,"href":"https:\/\/www.sonoraenequipo.com.mx\/api\/wp\/v2\/media\/163683"}],"wp:attachment":[{"href":"https:\/\/www.sonoraenequipo.com.mx\/api\/wp\/v2\/media?parent=163682"}],"wp:term":[{"taxonomy":"category","embeddable":true,"href":"https:\/\/www.sonoraenequipo.com.mx\/api\/wp\/v2\/categories?post=163682"},{"taxonomy":"post_tag","embeddable":true,"href":"https:\/\/www.sonoraenequipo.com.mx\/api\/wp\/v2\/tags?post=163682"}],"curies":[{"name":"wp","href":"https:\/\/api.w.org\/{rel}","templated":true}]}}