{"id":164706,"date":"2023-05-04T10:51:13","date_gmt":"2023-05-04T17:51:13","guid":{"rendered":"https:\/\/www.sonoraenequipo.com.mx\/?p=164706"},"modified":"2023-05-04T10:51:13","modified_gmt":"2023-05-04T17:51:13","slug":"gobernador-alfonso-durazo-construye-acuerdos-con-trigueros","status":"publish","type":"post","link":"https:\/\/www.sonoraenequipo.com.mx\/gobernador-alfonso-durazo-construye-acuerdos-con-trigueros\/","title":{"rendered":"Gobernador Alfonso Durazo construye acuerdos con trigueros"},"content":{"rendered":"<p><strong>HERMOSILLO, SONORA,MX.<\/strong><strong>\u2500\u2500<\/strong> Con la implementaci\u00f3n de acciones integrales y acuerdos en apoyo del sector agr\u00edcola, se construir\u00e1n las soluciones que requieren los productores de trigo y ma\u00edz en Sonora, indic\u00f3 el gobernador Alfonso Durazo Monta\u00f1o.<\/p>\n<p>&nbsp;<\/p>\n<p>El titular del Ejecutivo sonorense se\u00f1al\u00f3 que en el encuentro sostenido con los productores de trigo de la regi\u00f3n se refrend\u00f3 el apoyo de 200 pesos por tonelada de trigo, mientras que a aquellos que producen trigo panificable tendr\u00e1n un precio de garant\u00eda m\u00e1s los 200 pesos por tonelada ya mencionados, de acuerdo al esquema de Seguridad Alimentaria Mexicana (Segalmex).<\/p>\n<p>&nbsp;<\/p>\n<p>Agreg\u00f3 que se negociar\u00e1 con los responsables de la industria el precio del trigo cristalino sobre el 60 por ciento de las toneladas que no entren al mercado, con los precios y reglas de operaci\u00f3n de Segalmex, las cuales se revisar\u00e1n con la C\u00e1mara Nacional de la Industria Molinera de Trigo (Canimolt).<\/p>\n<p>&nbsp;<\/p>\n<p>Entre otros acuerdos, se comprometi\u00f3 la gesti\u00f3n ante la Secretar\u00eda de Econom\u00eda a nivel nacional para la revisi\u00f3n de los costos de aranceles de esta materia prima, a la par con la b\u00fasqueda de la publicaci\u00f3n de la Norma 130 en la que se deber\u00e1 establecer un porcentaje de apoyo por parte de la industria como retribuci\u00f3n a la cantidad de prote\u00edna.<\/p>\n<p>&nbsp;<\/p>\n<p>Tanto el gobernador como los productores coincidieron en la necesidad de dar valor agregado a la producci\u00f3n primaria, en este caso el trigo, por lo que se acord\u00f3 la b\u00fasqueda de inversiones en materia tecnol\u00f3gica para dicho efecto, mientras que, en materia econ\u00f3mica, se gestionar\u00e1 para que la producci\u00f3n de trigo cotice en otra bolsa de valores ajena a la de Chicago.<\/p>\n<p>&nbsp;<\/p>\n<p>Puntualiz\u00f3 que se instalar\u00e1n de mesas de trabajo para fortalecer el desarrollo agr\u00edcola, as\u00ed como la apertura de un programa de cambio en los patrones de cultivo, para que los productos del Valle del Yaqui y del Mayo contengan bajo consumo de agua y alto valor de mercado.<\/p>\n<p>&nbsp;<\/p>\n<p>El Gobierno de Sonora tambi\u00e9n ser\u00e1 gestor para encontrar nuevas alternativas en la b\u00fasqueda de exportar la producci\u00f3n sonorense. El titular del Ejecutivo estatal mencion\u00f3 que las mesas de trabajo se mantendr\u00e1n activas con la intenci\u00f3n de encontrar soluciones integrales que resuelvan las inquietudes de los productores sonorenses.<\/p>\n<p>&nbsp;<\/p>\n<p>\u201cVamos a seguir trabajando, no vamos a perder el tiempo en nada, y vamos a ir construyendo progresivamente soluciones hasta que tengamos, en la suma, una soluci\u00f3n que, en conjunto, les permita a los productores salir adelante con los compromisos que representa esta cosecha\u201d, asegur\u00f3.<\/p>\n<p><strong><em><u>Fecha de publicaci\u00f3n jueves 4 de mayo de 2023<\/u><\/em><\/strong><\/p>\n<p>&nbsp;<\/p>\n","protected":false},"excerpt":{"rendered":"<p>HERMOSILLO, SONORA,MX.\u2500\u2500 Con la implementaci\u00f3n de acciones integrales y acuerdos en apoyo del sector agr\u00edcola,&#8230;<\/p>\n","protected":false},"author":1,"featured_media":164708,"comment_status":"open","ping_status":"open","sticky":false,"template":"","format":"standard","meta":{"_monsterinsights_skip_tracking":false,"_monsterinsights_sitenote_active":false,"_monsterinsights_sitenote_note":"","_monsterinsights_sitenote_category":0,"footnotes":""},"categories":[22],"tags":[],"class_list":["post"],"yoast_head":" \n<title>Sonora en Equipo. Gobernador Alfonso Durazo construye acuerdos con trigueros Sonora<\/title>\n<meta name=\"description\" content=\"HERMOSILLO, SONORA,MX.\u2500\u2500 Con la implementaci\u00f3n de acciones integrales y acuerdos en apoyo del sector agr\u00edcola, se construir\u00e1n las soluciones que requieren En Sonora en Equipo publicamos toda la informaci\u00f3n de Sonora, M\u00e9xico y el Mundo de manera oportuna y busca que la libertad de expresi\u00f3n sea real. Visita nuestro medio informativo publicado desde Hermosillo, Sonora. %\" \/>\n<meta name=\"robots\" content=\"index, follow, max-snippet:-1, max-image-preview:large, max-video-preview:-1\" \/>\n<link rel=\"canonical\" href=\"https:\/\/www.sonoraenequipo.com.mx\/gobernador-alfonso-durazo-construye-acuerdos-con-trigueros\/\" \/>\n<meta property=\"og:locale\" content=\"es_ES\" \/>\n<meta property=\"og:type\" content=\"article\" \/>\n<meta property=\"og:title\" content=\"Sonora en Equipo. Gobernador Alfonso Durazo construye acuerdos con trigueros Sonora\" \/>\n<meta property=\"og:description\" content=\"HERMOSILLO, SONORA,MX.\u2500\u2500 Con la implementaci\u00f3n de acciones integrales y acuerdos en apoyo del sector agr\u00edcola, se construir\u00e1n las soluciones que requieren En Sonora en Equipo publicamos toda la informaci\u00f3n de Sonora, M\u00e9xico y el Mundo de manera oportuna y busca que la libertad de expresi\u00f3n sea real. Visita nuestro medio informativo publicado desde Hermosillo, Sonora. %\" \/>\n<meta property=\"og:url\" content=\"https:\/\/www.sonoraenequipo.com.mx\/gobernador-alfonso-durazo-construye-acuerdos-con-trigueros\/\" \/>\n<meta property=\"og:site_name\" content=\"Sonora en Equipo.\" \/>\n<meta property=\"article:publisher\" content=\"https:\/\/www.facebook.com\/SonoraEE\/\" \/>\n<meta property=\"article:author\" content=\"https:\/\/www.facebook.com\/SonoraEE\" \/>\n<meta property=\"article:published_time\" content=\"2023-05-04T17:51:13+00:00\" \/>\n<meta property=\"og:image\" content=\"https:\/\/www.sonoraenequipo.com.mx\/storage\/2023\/05\/trigueros.jpg\" \/>\n\t<meta property=\"og:image:width\" content=\"600\" \/>\n\t<meta property=\"og:image:height\" content=\"401\" \/>\n\t<meta property=\"og:image:type\" content=\"image\/jpeg\" \/>\n<meta name=\"author\" content=\"enequipo\" \/>\n<meta name=\"twitter:card\" content=\"summary_large_image\" \/>\n<meta name=\"twitter:creator\" content=\"@sonoraenequipo\" \/>\n<meta name=\"twitter:site\" content=\"@sonoraenequipo\" \/>\n<meta name=\"twitter:label1\" content=\"Escrito por\" \/>\n\t<meta name=\"twitter:data1\" content=\"enequipo\" \/>\n\t<meta name=\"twitter:label2\" content=\"Tiempo de lectura\" \/>\n\t<meta name=\"twitter:data2\" content=\"2 minutos\" \/>\n<script type=\"application\/ld+json\" class=\"yoast-schema-graph\">{\"@context\":\"https:\/\/schema.org\",\"@graph\":[{\"@type\":\"Article\",\"@id\":\"https:\/\/www.sonoraenequipo.com.mx\/gobernador-alfonso-durazo-construye-acuerdos-con-trigueros\/#article\",\"isPartOf\":{\"@id\":\"https:\/\/www.sonoraenequipo.com.mx\/gobernador-alfonso-durazo-construye-acuerdos-con-trigueros\/\"},\"author\":{\"name\":\"enequipo\",\"@id\":\"https:\/\/www.sonoraenequipo.com.mx\/#\/schema\/person\/50102df0fb23a8fa9e8effad8fa81386\"},\"headline\":\"Gobernador Alfonso Durazo construye acuerdos con trigueros\",\"datePublished\":\"2023-05-04T17:51:13+00:00\",\"mainEntityOfPage\":{\"@id\":\"https:\/\/www.sonoraenequipo.com.mx\/gobernador-alfonso-durazo-construye-acuerdos-con-trigueros\/\"},\"wordCount\":466,\"commentCount\":0,\"publisher\":{\"@id\":\"https:\/\/www.sonoraenequipo.com.mx\/#organization\"},\"image\":{\"@id\":\"https:\/\/www.sonoraenequipo.com.mx\/gobernador-alfonso-durazo-construye-acuerdos-con-trigueros\/#primaryimage\"},\"thumbnailUrl\":\"https:\/\/www.sonoraenequipo.com.mx\/storage\/2023\/05\/trigueros.jpg\",\"articleSection\":[\"Sonora\"],\"inLanguage\":\"es\",\"potentialAction\":[{\"@type\":\"CommentAction\",\"name\":\"Comment\",\"target\":[\"https:\/\/www.sonoraenequipo.com.mx\/gobernador-alfonso-durazo-construye-acuerdos-con-trigueros\/#respond\"]}]},{\"@type\":\"WebPage\",\"@id\":\"https:\/\/www.sonoraenequipo.com.mx\/gobernador-alfonso-durazo-construye-acuerdos-con-trigueros\/\",\"url\":\"https:\/\/www.sonoraenequipo.com.mx\/gobernador-alfonso-durazo-construye-acuerdos-con-trigueros\/\",\"name\":\"Sonora en Equipo. Gobernador Alfonso Durazo construye acuerdos con trigueros Sonora\",\"isPartOf\":{\"@id\":\"https:\/\/www.sonoraenequipo.com.mx\/#website\"},\"primaryImageOfPage\":{\"@id\":\"https:\/\/www.sonoraenequipo.com.mx\/gobernador-alfonso-durazo-construye-acuerdos-con-trigueros\/#primaryimage\"},\"image\":{\"@id\":\"https:\/\/www.sonoraenequipo.com.mx\/gobernador-alfonso-durazo-construye-acuerdos-con-trigueros\/#primaryimage\"},\"thumbnailUrl\":\"https:\/\/www.sonoraenequipo.com.mx\/storage\/2023\/05\/trigueros.jpg\",\"datePublished\":\"2023-05-04T17:51:13+00:00\",\"description\":\"HERMOSILLO, SONORA,MX.\u2500\u2500 Con la implementaci\u00f3n de acciones integrales y acuerdos en apoyo del sector agr\u00edcola, se construir\u00e1n las soluciones que requieren En Sonora en Equipo publicamos toda la informaci\u00f3n de Sonora, M\u00e9xico y el Mundo de manera oportuna y busca que la libertad de expresi\u00f3n sea real. Visita nuestro medio informativo publicado desde Hermosillo, Sonora. %\",\"breadcrumb\":{\"@id\":\"https:\/\/www.sonoraenequipo.com.mx\/gobernador-alfonso-durazo-construye-acuerdos-con-trigueros\/#breadcrumb\"},\"inLanguage\":\"es\",\"potentialAction\":[{\"@type\":\"ReadAction\",\"target\":[\"https:\/\/www.sonoraenequipo.com.mx\/gobernador-alfonso-durazo-construye-acuerdos-con-trigueros\/\"]}]},{\"@type\":\"ImageObject\",\"inLanguage\":\"es\",\"@id\":\"https:\/\/www.sonoraenequipo.com.mx\/gobernador-alfonso-durazo-construye-acuerdos-con-trigueros\/#primaryimage\",\"url\":\"https:\/\/www.sonoraenequipo.com.mx\/storage\/2023\/05\/trigueros.jpg\",\"contentUrl\":\"https:\/\/www.sonoraenequipo.com.mx\/storage\/2023\/05\/trigueros.jpg\",\"width\":600,\"height\":401},{\"@type\":\"BreadcrumbList\",\"@id\":\"https:\/\/www.sonoraenequipo.com.mx\/gobernador-alfonso-durazo-construye-acuerdos-con-trigueros\/#breadcrumb\",\"itemListElement\":[{\"@type\":\"ListItem\",\"position\":1,\"name\":\"Portada\",\"item\":\"https:\/\/www.sonoraenequipo.com.mx\/\"},{\"@type\":\"ListItem\",\"position\":2,\"name\":\"Gobernador Alfonso Durazo construye acuerdos con trigueros\"}]},{\"@type\":\"WebSite\",\"@id\":\"https:\/\/www.sonoraenequipo.com.mx\/#website\",\"url\":\"https:\/\/www.sonoraenequipo.com.mx\/\",\"name\":\"Sonora en Equipo.\",\"description\":\"Diario en l\u00ednea con Noticias desde Hermosillo, Sonora\",\"publisher\":{\"@id\":\"https:\/\/www.sonoraenequipo.com.mx\/#organization\"},\"potentialAction\":[{\"@type\":\"SearchAction\",\"target\":{\"@type\":\"EntryPoint\",\"urlTemplate\":\"https:\/\/www.sonoraenequipo.com.mx\/?s={search_term_string}\"},\"query-input\":{\"@type\":\"PropertyValueSpecification\",\"valueRequired\":true,\"valueName\":\"search_term_string\"}}],\"inLanguage\":\"es\"},{\"@type\":\"Organization\",\"@id\":\"https:\/\/www.sonoraenequipo.com.mx\/#organization\",\"name\":\"Sonoraenequipo.com.mx\",\"url\":\"https:\/\/www.sonoraenequipo.com.mx\/\",\"logo\":{\"@type\":\"ImageObject\",\"inLanguage\":\"es\",\"@id\":\"https:\/\/www.sonoraenequipo.com.mx\/#\/schema\/logo\/image\/\",\"url\":\"https:\/\/www.sonoraenequipo.com.mx\/storage\/2019\/01\/sonoraenequipo_opt.png\",\"contentUrl\":\"https:\/\/www.sonoraenequipo.com.mx\/storage\/2019\/01\/sonoraenequipo_opt.png\",\"width\":375,\"height\":125,\"caption\":\"Sonoraenequipo.com.mx\"},\"image\":{\"@id\":\"https:\/\/www.sonoraenequipo.com.mx\/#\/schema\/logo\/image\/\"},\"sameAs\":[\"https:\/\/www.facebook.com\/SonoraEE\/\",\"https:\/\/x.com\/sonoraenequipo\",\"https:\/\/www.youtube.com\/channel\/UC338nW-lPEYmJQs4ZABQ1SQ\"]},{\"@type\":\"Person\",\"@id\":\"https:\/\/www.sonoraenequipo.com.mx\/#\/schema\/person\/50102df0fb23a8fa9e8effad8fa81386\",\"name\":\"enequipo\",\"image\":{\"@type\":\"ImageObject\",\"inLanguage\":\"es\",\"@id\":\"https:\/\/www.sonoraenequipo.com.mx\/#\/schema\/person\/image\/\",\"url\":\"https:\/\/secure.gravatar.com\/avatar\/049821681b589dabc0bc20695993ccebb09f5b5d4d790cd9251b97faac7c652b?s=96&d=blank&r=g\",\"contentUrl\":\"https:\/\/secure.gravatar.com\/avatar\/049821681b589dabc0bc20695993ccebb09f5b5d4d790cd9251b97faac7c652b?s=96&d=blank&r=g\",\"caption\":\"enequipo\"},\"sameAs\":[\"https:\/\/www.facebook.com\/SonoraEE\"]}]}<\/script>\n ","yoast_head_json":{"title":"Sonora en Equipo. Gobernador Alfonso Durazo construye acuerdos con trigueros Sonora","description":"HERMOSILLO, SONORA,MX.\u2500\u2500 Con la implementaci\u00f3n de acciones integrales y acuerdos en apoyo del sector agr\u00edcola, se construir\u00e1n las soluciones que requieren En Sonora en Equipo publicamos toda la informaci\u00f3n de Sonora, M\u00e9xico y el Mundo de manera oportuna y busca que la libertad de expresi\u00f3n sea real. Visita nuestro medio informativo publicado desde Hermosillo, Sonora. %","robots":{"index":"index","follow":"follow","max-snippet":"max-snippet:-1","max-image-preview":"max-image-preview:large","max-video-preview":"max-video-preview:-1"},"canonical":"https:\/\/www.sonoraenequipo.com.mx\/gobernador-alfonso-durazo-construye-acuerdos-con-trigueros\/","og_locale":"es_ES","og_type":"article","og_title":"Sonora en Equipo. Gobernador Alfonso Durazo construye acuerdos con trigueros Sonora","og_description":"HERMOSILLO, SONORA,MX.\u2500\u2500 Con la implementaci\u00f3n de acciones integrales y acuerdos en apoyo del sector agr\u00edcola, se construir\u00e1n las soluciones que requieren En Sonora en Equipo publicamos toda la informaci\u00f3n de Sonora, M\u00e9xico y el Mundo de manera oportuna y busca que la libertad de expresi\u00f3n sea real. Visita nuestro medio informativo publicado desde Hermosillo, Sonora. %","og_url":"https:\/\/www.sonoraenequipo.com.mx\/gobernador-alfonso-durazo-construye-acuerdos-con-trigueros\/","og_site_name":"Sonora en Equipo.","article_publisher":"https:\/\/www.facebook.com\/SonoraEE\/","article_author":"https:\/\/www.facebook.com\/SonoraEE","article_published_time":"2023-05-04T17:51:13+00:00","og_image":[{"width":600,"height":401,"url":"https:\/\/www.sonoraenequipo.com.mx\/storage\/2023\/05\/trigueros.jpg","type":"image\/jpeg"}],"author":"enequipo","twitter_card":"summary_large_image","twitter_creator":"@sonoraenequipo","twitter_site":"@sonoraenequipo","twitter_misc":{"Escrito por":"enequipo","Tiempo de lectura":"2 minutos"},"schema":{"@context":"https:\/\/schema.org","@graph":[{"@type":"Article","@id":"https:\/\/www.sonoraenequipo.com.mx\/gobernador-alfonso-durazo-construye-acuerdos-con-trigueros\/#article","isPartOf":{"@id":"https:\/\/www.sonoraenequipo.com.mx\/gobernador-alfonso-durazo-construye-acuerdos-con-trigueros\/"},"author":{"name":"enequipo","@id":"https:\/\/www.sonoraenequipo.com.mx\/#\/schema\/person\/50102df0fb23a8fa9e8effad8fa81386"},"headline":"Gobernador Alfonso Durazo construye acuerdos con trigueros","datePublished":"2023-05-04T17:51:13+00:00","mainEntityOfPage":{"@id":"https:\/\/www.sonoraenequipo.com.mx\/gobernador-alfonso-durazo-construye-acuerdos-con-trigueros\/"},"wordCount":466,"commentCount":0,"publisher":{"@id":"https:\/\/www.sonoraenequipo.com.mx\/#organization"},"image":{"@id":"https:\/\/www.sonoraenequipo.com.mx\/gobernador-alfonso-durazo-construye-acuerdos-con-trigueros\/#primaryimage"},"thumbnailUrl":"https:\/\/www.sonoraenequipo.com.mx\/storage\/2023\/05\/trigueros.jpg","articleSection":["Sonora"],"inLanguage":"es","potentialAction":[{"@type":"CommentAction","name":"Comment","target":["https:\/\/www.sonoraenequipo.com.mx\/gobernador-alfonso-durazo-construye-acuerdos-con-trigueros\/#respond"]}]},{"@type":"WebPage","@id":"https:\/\/www.sonoraenequipo.com.mx\/gobernador-alfonso-durazo-construye-acuerdos-con-trigueros\/","url":"https:\/\/www.sonoraenequipo.com.mx\/gobernador-alfonso-durazo-construye-acuerdos-con-trigueros\/","name":"Sonora en Equipo. Gobernador Alfonso Durazo construye acuerdos con trigueros Sonora","isPartOf":{"@id":"https:\/\/www.sonoraenequipo.com.mx\/#website"},"primaryImageOfPage":{"@id":"https:\/\/www.sonoraenequipo.com.mx\/gobernador-alfonso-durazo-construye-acuerdos-con-trigueros\/#primaryimage"},"image":{"@id":"https:\/\/www.sonoraenequipo.com.mx\/gobernador-alfonso-durazo-construye-acuerdos-con-trigueros\/#primaryimage"},"thumbnailUrl":"https:\/\/www.sonoraenequipo.com.mx\/storage\/2023\/05\/trigueros.jpg","datePublished":"2023-05-04T17:51:13+00:00","description":"HERMOSILLO, SONORA,MX.\u2500\u2500 Con la implementaci\u00f3n de acciones integrales y acuerdos en apoyo del sector agr\u00edcola, se construir\u00e1n las soluciones que requieren En Sonora en Equipo publicamos toda la informaci\u00f3n de Sonora, M\u00e9xico y el Mundo de manera oportuna y busca que la libertad de expresi\u00f3n sea real. Visita nuestro medio informativo publicado desde Hermosillo, Sonora. %","breadcrumb":{"@id":"https:\/\/www.sonoraenequipo.com.mx\/gobernador-alfonso-durazo-construye-acuerdos-con-trigueros\/#breadcrumb"},"inLanguage":"es","potentialAction":[{"@type":"ReadAction","target":["https:\/\/www.sonoraenequipo.com.mx\/gobernador-alfonso-durazo-construye-acuerdos-con-trigueros\/"]}]},{"@type":"ImageObject","inLanguage":"es","@id":"https:\/\/www.sonoraenequipo.com.mx\/gobernador-alfonso-durazo-construye-acuerdos-con-trigueros\/#primaryimage","url":"https:\/\/www.sonoraenequipo.com.mx\/storage\/2023\/05\/trigueros.jpg","contentUrl":"https:\/\/www.sonoraenequipo.com.mx\/storage\/2023\/05\/trigueros.jpg","width":600,"height":401},{"@type":"BreadcrumbList","@id":"https:\/\/www.sonoraenequipo.com.mx\/gobernador-alfonso-durazo-construye-acuerdos-con-trigueros\/#breadcrumb","itemListElement":[{"@type":"ListItem","position":1,"name":"Portada","item":"https:\/\/www.sonoraenequipo.com.mx\/"},{"@type":"ListItem","position":2,"name":"Gobernador Alfonso Durazo construye acuerdos con trigueros"}]},{"@type":"WebSite","@id":"https:\/\/www.sonoraenequipo.com.mx\/#website","url":"https:\/\/www.sonoraenequipo.com.mx\/","name":"Sonora en Equipo.","description":"Diario en l\u00ednea con Noticias desde Hermosillo, Sonora","publisher":{"@id":"https:\/\/www.sonoraenequipo.com.mx\/#organization"},"potentialAction":[{"@type":"SearchAction","target":{"@type":"EntryPoint","urlTemplate":"https:\/\/www.sonoraenequipo.com.mx\/?s={search_term_string}"},"query-input":{"@type":"PropertyValueSpecification","valueRequired":true,"valueName":"search_term_string"}}],"inLanguage":"es"},{"@type":"Organization","@id":"https:\/\/www.sonoraenequipo.com.mx\/#organization","name":"Sonoraenequipo.com.mx","url":"https:\/\/www.sonoraenequipo.com.mx\/","logo":{"@type":"ImageObject","inLanguage":"es","@id":"https:\/\/www.sonoraenequipo.com.mx\/#\/schema\/logo\/image\/","url":"https:\/\/www.sonoraenequipo.com.mx\/storage\/2019\/01\/sonoraenequipo_opt.png","contentUrl":"https:\/\/www.sonoraenequipo.com.mx\/storage\/2019\/01\/sonoraenequipo_opt.png","width":375,"height":125,"caption":"Sonoraenequipo.com.mx"},"image":{"@id":"https:\/\/www.sonoraenequipo.com.mx\/#\/schema\/logo\/image\/"},"sameAs":["https:\/\/www.facebook.com\/SonoraEE\/","https:\/\/x.com\/sonoraenequipo","https:\/\/www.youtube.com\/channel\/UC338nW-lPEYmJQs4ZABQ1SQ"]},{"@type":"Person","@id":"https:\/\/www.sonoraenequipo.com.mx\/#\/schema\/person\/50102df0fb23a8fa9e8effad8fa81386","name":"enequipo","image":{"@type":"ImageObject","inLanguage":"es","@id":"https:\/\/www.sonoraenequipo.com.mx\/#\/schema\/person\/image\/","url":"https:\/\/secure.gravatar.com\/avatar\/049821681b589dabc0bc20695993ccebb09f5b5d4d790cd9251b97faac7c652b?s=96&d=blank&r=g","contentUrl":"https:\/\/secure.gravatar.com\/avatar\/049821681b589dabc0bc20695993ccebb09f5b5d4d790cd9251b97faac7c652b?s=96&d=blank&r=g","caption":"enequipo"},"sameAs":["https:\/\/www.facebook.com\/SonoraEE"]}]}},"jetpack_featured_media_url":"https:\/\/www.sonoraenequipo.com.mx\/storage\/2023\/05\/trigueros.jpg","_links":{"self":[{"href":"https:\/\/www.sonoraenequipo.com.mx\/api\/wp\/v2\/posts\/164706","targetHints":{"allow":["GET"]}}],"collection":[{"href":"https:\/\/www.sonoraenequipo.com.mx\/api\/wp\/v2\/posts"}],"about":[{"href":"https:\/\/www.sonoraenequipo.com.mx\/api\/wp\/v2\/types\/post"}],"author":[{"embeddable":true,"href":"https:\/\/www.sonoraenequipo.com.mx\/api\/wp\/v2\/users\/1"}],"replies":[{"embeddable":true,"href":"https:\/\/www.sonoraenequipo.com.mx\/api\/wp\/v2\/comments?post=164706"}],"version-history":[{"count":1,"href":"https:\/\/www.sonoraenequipo.com.mx\/api\/wp\/v2\/posts\/164706\/revisions"}],"predecessor-version":[{"id":164709,"href":"https:\/\/www.sonoraenequipo.com.mx\/api\/wp\/v2\/posts\/164706\/revisions\/164709"}],"wp:featuredmedia":[{"embeddable":true,"href":"https:\/\/www.sonoraenequipo.com.mx\/api\/wp\/v2\/media\/164708"}],"wp:attachment":[{"href":"https:\/\/www.sonoraenequipo.com.mx\/api\/wp\/v2\/media?parent=164706"}],"wp:term":[{"taxonomy":"category","embeddable":true,"href":"https:\/\/www.sonoraenequipo.com.mx\/api\/wp\/v2\/categories?post=164706"},{"taxonomy":"post_tag","embeddable":true,"href":"https:\/\/www.sonoraenequipo.com.mx\/api\/wp\/v2\/tags?post=164706"}],"curies":[{"name":"wp","href":"https:\/\/api.w.org\/{rel}","templated":true}]}}