{"id":164720,"date":"2023-05-04T11:14:18","date_gmt":"2023-05-04T18:14:18","guid":{"rendered":"https:\/\/www.sonoraenequipo.com.mx\/?p=164720"},"modified":"2023-05-04T11:14:18","modified_gmt":"2023-05-04T18:14:18","slug":"hay-medidas-importantes-para-resolver-peticiones-del-sector-agricola-javier-lamarque","status":"publish","type":"post","link":"https:\/\/www.sonoraenequipo.com.mx\/hay-medidas-importantes-para-resolver-peticiones-del-sector-agricola-javier-lamarque\/","title":{"rendered":"Hay medidas importantes para resolver peticiones del sector agr\u00edcola: Javier Lamarque"},"content":{"rendered":"<p>&nbsp;<\/p>\n<p><strong>CAJEME, SONORA,MX.<\/strong><strong>\u2500\u2500<\/strong> Luego de participar ayer en la reuni\u00f3n entre los productores agr\u00edcolas y el Gobernador Alfonso Durazo Monta\u00f1o, el Presidente Municipal, Javier Lamarque Cano indic\u00f3 que fue un encuentro cordial del que se establecieron avances importantes para atender y resolver la justa petici\u00f3n de los agricultores respecto al precio del trigo y el ma\u00edz.<\/p>\n<p>&nbsp;<\/p>\n<p>\u201cEntre otras medidas, se dio a conocer que hay un incremento en la base, se acord\u00f3 buscar mercados alternativos y seguir trabajando con los sectores industriales para mejorar precios; adem\u00e1s est\u00e1n en proceso los apoyos econ\u00f3micos para los productores, pues hay voluntad expresa del Gobernador Durazo Monta\u00f1o y un gran esfuerzo por parte del Presidente de la Rep\u00fablica para brindar soluciones satisfactorias al sector agr\u00edcola\u201d, se\u00f1al\u00f3.<\/p>\n<p>&nbsp;<\/p>\n<p>Hay que recordar que en el caso del precio para el trigo la demanda de los productores es que se pague 8 mil pesos por tonelada, mientras que para el ma\u00edz es de 7 mil pesos, pues de otra manera se ver\u00eda afectada su econom\u00eda e impactar\u00eda en forma negativa a la regi\u00f3n.<\/p>\n<p>HAY MEDIDAS IMPORTANTES PARA RESOLVER PETICI\u00d3N DEL SECTOR AGR\u00cdCOLA: JAVIER LAMARQUE CANO<\/p>\n<p>&nbsp;<\/p>\n<p>Luego de participar en la reuni\u00f3n entre los productores agr\u00edcolas y el Gobernador Alfonso Durazo Monta\u00f1o, el Presidente Municipal, Javier Lamarque Cano indic\u00f3 que fue un encuentro cordial del que se establecieron avances importantes para atender y resolver la justa petici\u00f3n de los agricultores respecto al precio del trigo y el ma\u00edz.<\/p>\n<p>&nbsp;<\/p>\n<p>\u201cEntre otras medidas, se dio a conocer que hay un incremento en la base, se acord\u00f3 buscar mercados alternativos y seguir trabajando con los sectores industriales para mejorar precios; adem\u00e1s est\u00e1n en proceso los apoyos econ\u00f3micos para los productores, pues hay voluntad expresa del Gobernador Durazo Monta\u00f1o y un gran esfuerzo por parte del Presidente de la Rep\u00fablica para brindar soluciones satisfactorias al sector agr\u00edcola\u201d, se\u00f1al\u00f3.<\/p>\n<p>&nbsp;<\/p>\n<p>Hay que recordar que en el caso del precio para el trigo la demanda de los productores es que se pague 8 mil pesos por tonelada, mientras que para el ma\u00edz es de 7 mil pesos, pues de otra manera se ver\u00eda afectada su econom\u00eda e impactar\u00eda en forma negativa a la regi\u00f3n.<\/p>\n<p><strong><em><u>Fecha de publicaci\u00f3n jueves 4 de mayo de 2023<\/u><\/em><\/strong><\/p>\n","protected":false},"excerpt":{"rendered":"<p>&nbsp; CAJEME, SONORA,MX.\u2500\u2500 Luego de participar ayer en la reuni\u00f3n entre los productores agr\u00edcolas y&#8230;<\/p>\n","protected":false},"author":1,"featured_media":164722,"comment_status":"open","ping_status":"open","sticky":false,"template":"","format":"standard","meta":{"_monsterinsights_skip_tracking":false,"_monsterinsights_sitenote_active":false,"_monsterinsights_sitenote_note":"","_monsterinsights_sitenote_category":0,"footnotes":""},"categories":[4],"tags":[319,5490,5491],"class_list":["post"],"yoast_head":" \n<title>Sonora en Equipo. Hay medidas importantes para resolver peticiones del sector agr\u00edcola: Javier Lamarque Municipios<\/title>\n<meta name=\"description\" content=\"&nbsp; CAJEME, SONORA,MX.\u2500\u2500 Luego de participar ayer en la reuni\u00f3n entre los productores agr\u00edcolas y el Gobernador Alfonso Durazo Monta\u00f1o, el Presidente En Sonora en Equipo publicamos toda la informaci\u00f3n de Sonora, M\u00e9xico y el Mundo de manera oportuna y busca que la libertad de expresi\u00f3n sea real. Visita nuestro medio informativo publicado desde Hermosillo, Sonora. %\" \/>\n<meta name=\"robots\" content=\"index, follow, max-snippet:-1, max-image-preview:large, max-video-preview:-1\" \/>\n<link rel=\"canonical\" href=\"https:\/\/www.sonoraenequipo.com.mx\/hay-medidas-importantes-para-resolver-peticiones-del-sector-agricola-javier-lamarque\/\" \/>\n<meta property=\"og:locale\" content=\"es_ES\" \/>\n<meta property=\"og:type\" content=\"article\" \/>\n<meta property=\"og:title\" content=\"Sonora en Equipo. Hay medidas importantes para resolver peticiones del sector agr\u00edcola: Javier Lamarque Municipios\" \/>\n<meta property=\"og:description\" content=\"&nbsp; CAJEME, SONORA,MX.\u2500\u2500 Luego de participar ayer en la reuni\u00f3n entre los productores agr\u00edcolas y el Gobernador Alfonso Durazo Monta\u00f1o, el Presidente En Sonora en Equipo publicamos toda la informaci\u00f3n de Sonora, M\u00e9xico y el Mundo de manera oportuna y busca que la libertad de expresi\u00f3n sea real. Visita nuestro medio informativo publicado desde Hermosillo, Sonora. %\" \/>\n<meta property=\"og:url\" content=\"https:\/\/www.sonoraenequipo.com.mx\/hay-medidas-importantes-para-resolver-peticiones-del-sector-agricola-javier-lamarque\/\" \/>\n<meta property=\"og:site_name\" content=\"Sonora en Equipo.\" \/>\n<meta property=\"article:publisher\" content=\"https:\/\/www.facebook.com\/SonoraEE\/\" \/>\n<meta property=\"article:author\" content=\"https:\/\/www.facebook.com\/SonoraEE\" \/>\n<meta property=\"article:published_time\" content=\"2023-05-04T18:14:18+00:00\" \/>\n<meta property=\"og:image\" content=\"https:\/\/www.sonoraenequipo.com.mx\/storage\/2023\/05\/jlc.jpg\" \/>\n\t<meta property=\"og:image:width\" content=\"600\" \/>\n\t<meta property=\"og:image:height\" content=\"400\" \/>\n\t<meta property=\"og:image:type\" content=\"image\/jpeg\" \/>\n<meta name=\"author\" content=\"enequipo\" \/>\n<meta name=\"twitter:card\" content=\"summary_large_image\" \/>\n<meta name=\"twitter:creator\" content=\"@sonoraenequipo\" \/>\n<meta name=\"twitter:site\" content=\"@sonoraenequipo\" \/>\n<meta name=\"twitter:label1\" content=\"Escrito por\" \/>\n\t<meta name=\"twitter:data1\" content=\"enequipo\" \/>\n\t<meta name=\"twitter:label2\" content=\"Tiempo de lectura\" \/>\n\t<meta name=\"twitter:data2\" content=\"2 minutos\" \/>\n<script type=\"application\/ld+json\" class=\"yoast-schema-graph\">{\"@context\":\"https:\/\/schema.org\",\"@graph\":[{\"@type\":\"Article\",\"@id\":\"https:\/\/www.sonoraenequipo.com.mx\/hay-medidas-importantes-para-resolver-peticiones-del-sector-agricola-javier-lamarque\/#article\",\"isPartOf\":{\"@id\":\"https:\/\/www.sonoraenequipo.com.mx\/hay-medidas-importantes-para-resolver-peticiones-del-sector-agricola-javier-lamarque\/\"},\"author\":{\"name\":\"enequipo\",\"@id\":\"https:\/\/www.sonoraenequipo.com.mx\/#\/schema\/person\/50102df0fb23a8fa9e8effad8fa81386\"},\"headline\":\"Hay medidas importantes para resolver peticiones del sector agr\u00edcola: Javier Lamarque\",\"datePublished\":\"2023-05-04T18:14:18+00:00\",\"mainEntityOfPage\":{\"@id\":\"https:\/\/www.sonoraenequipo.com.mx\/hay-medidas-importantes-para-resolver-peticiones-del-sector-agricola-javier-lamarque\/\"},\"wordCount\":416,\"commentCount\":0,\"publisher\":{\"@id\":\"https:\/\/www.sonoraenequipo.com.mx\/#organization\"},\"image\":{\"@id\":\"https:\/\/www.sonoraenequipo.com.mx\/hay-medidas-importantes-para-resolver-peticiones-del-sector-agricola-javier-lamarque\/#primaryimage\"},\"thumbnailUrl\":\"https:\/\/www.sonoraenequipo.com.mx\/storage\/2023\/05\/jlc.jpg\",\"keywords\":[\"Apoyos\",\"MAIZ\",\"TRIGO\"],\"articleSection\":[\"Municipios\"],\"inLanguage\":\"es\",\"potentialAction\":[{\"@type\":\"CommentAction\",\"name\":\"Comment\",\"target\":[\"https:\/\/www.sonoraenequipo.com.mx\/hay-medidas-importantes-para-resolver-peticiones-del-sector-agricola-javier-lamarque\/#respond\"]}]},{\"@type\":\"WebPage\",\"@id\":\"https:\/\/www.sonoraenequipo.com.mx\/hay-medidas-importantes-para-resolver-peticiones-del-sector-agricola-javier-lamarque\/\",\"url\":\"https:\/\/www.sonoraenequipo.com.mx\/hay-medidas-importantes-para-resolver-peticiones-del-sector-agricola-javier-lamarque\/\",\"name\":\"Sonora en Equipo. Hay medidas importantes para resolver peticiones del sector agr\u00edcola: Javier Lamarque Municipios\",\"isPartOf\":{\"@id\":\"https:\/\/www.sonoraenequipo.com.mx\/#website\"},\"primaryImageOfPage\":{\"@id\":\"https:\/\/www.sonoraenequipo.com.mx\/hay-medidas-importantes-para-resolver-peticiones-del-sector-agricola-javier-lamarque\/#primaryimage\"},\"image\":{\"@id\":\"https:\/\/www.sonoraenequipo.com.mx\/hay-medidas-importantes-para-resolver-peticiones-del-sector-agricola-javier-lamarque\/#primaryimage\"},\"thumbnailUrl\":\"https:\/\/www.sonoraenequipo.com.mx\/storage\/2023\/05\/jlc.jpg\",\"datePublished\":\"2023-05-04T18:14:18+00:00\",\"description\":\"&nbsp; CAJEME, SONORA,MX.\u2500\u2500 Luego de participar ayer en la reuni\u00f3n entre los productores agr\u00edcolas y el Gobernador Alfonso Durazo Monta\u00f1o, el Presidente En Sonora en Equipo publicamos toda la informaci\u00f3n de Sonora, M\u00e9xico y el Mundo de manera oportuna y busca que la libertad de expresi\u00f3n sea real. Visita nuestro medio informativo publicado desde Hermosillo, Sonora. %\",\"breadcrumb\":{\"@id\":\"https:\/\/www.sonoraenequipo.com.mx\/hay-medidas-importantes-para-resolver-peticiones-del-sector-agricola-javier-lamarque\/#breadcrumb\"},\"inLanguage\":\"es\",\"potentialAction\":[{\"@type\":\"ReadAction\",\"target\":[\"https:\/\/www.sonoraenequipo.com.mx\/hay-medidas-importantes-para-resolver-peticiones-del-sector-agricola-javier-lamarque\/\"]}]},{\"@type\":\"ImageObject\",\"inLanguage\":\"es\",\"@id\":\"https:\/\/www.sonoraenequipo.com.mx\/hay-medidas-importantes-para-resolver-peticiones-del-sector-agricola-javier-lamarque\/#primaryimage\",\"url\":\"https:\/\/www.sonoraenequipo.com.mx\/storage\/2023\/05\/jlc.jpg\",\"contentUrl\":\"https:\/\/www.sonoraenequipo.com.mx\/storage\/2023\/05\/jlc.jpg\",\"width\":600,\"height\":400},{\"@type\":\"BreadcrumbList\",\"@id\":\"https:\/\/www.sonoraenequipo.com.mx\/hay-medidas-importantes-para-resolver-peticiones-del-sector-agricola-javier-lamarque\/#breadcrumb\",\"itemListElement\":[{\"@type\":\"ListItem\",\"position\":1,\"name\":\"Portada\",\"item\":\"https:\/\/www.sonoraenequipo.com.mx\/\"},{\"@type\":\"ListItem\",\"position\":2,\"name\":\"Hay medidas importantes para resolver peticiones del sector agr\u00edcola: Javier Lamarque\"}]},{\"@type\":\"WebSite\",\"@id\":\"https:\/\/www.sonoraenequipo.com.mx\/#website\",\"url\":\"https:\/\/www.sonoraenequipo.com.mx\/\",\"name\":\"Sonora en Equipo.\",\"description\":\"Diario en l\u00ednea con Noticias desde Hermosillo, Sonora\",\"publisher\":{\"@id\":\"https:\/\/www.sonoraenequipo.com.mx\/#organization\"},\"potentialAction\":[{\"@type\":\"SearchAction\",\"target\":{\"@type\":\"EntryPoint\",\"urlTemplate\":\"https:\/\/www.sonoraenequipo.com.mx\/?s={search_term_string}\"},\"query-input\":{\"@type\":\"PropertyValueSpecification\",\"valueRequired\":true,\"valueName\":\"search_term_string\"}}],\"inLanguage\":\"es\"},{\"@type\":\"Organization\",\"@id\":\"https:\/\/www.sonoraenequipo.com.mx\/#organization\",\"name\":\"Sonoraenequipo.com.mx\",\"url\":\"https:\/\/www.sonoraenequipo.com.mx\/\",\"logo\":{\"@type\":\"ImageObject\",\"inLanguage\":\"es\",\"@id\":\"https:\/\/www.sonoraenequipo.com.mx\/#\/schema\/logo\/image\/\",\"url\":\"https:\/\/www.sonoraenequipo.com.mx\/storage\/2019\/01\/sonoraenequipo_opt.png\",\"contentUrl\":\"https:\/\/www.sonoraenequipo.com.mx\/storage\/2019\/01\/sonoraenequipo_opt.png\",\"width\":375,\"height\":125,\"caption\":\"Sonoraenequipo.com.mx\"},\"image\":{\"@id\":\"https:\/\/www.sonoraenequipo.com.mx\/#\/schema\/logo\/image\/\"},\"sameAs\":[\"https:\/\/www.facebook.com\/SonoraEE\/\",\"https:\/\/x.com\/sonoraenequipo\",\"https:\/\/www.youtube.com\/channel\/UC338nW-lPEYmJQs4ZABQ1SQ\"]},{\"@type\":\"Person\",\"@id\":\"https:\/\/www.sonoraenequipo.com.mx\/#\/schema\/person\/50102df0fb23a8fa9e8effad8fa81386\",\"name\":\"enequipo\",\"image\":{\"@type\":\"ImageObject\",\"inLanguage\":\"es\",\"@id\":\"https:\/\/www.sonoraenequipo.com.mx\/#\/schema\/person\/image\/\",\"url\":\"https:\/\/secure.gravatar.com\/avatar\/049821681b589dabc0bc20695993ccebb09f5b5d4d790cd9251b97faac7c652b?s=96&d=blank&r=g\",\"contentUrl\":\"https:\/\/secure.gravatar.com\/avatar\/049821681b589dabc0bc20695993ccebb09f5b5d4d790cd9251b97faac7c652b?s=96&d=blank&r=g\",\"caption\":\"enequipo\"},\"sameAs\":[\"https:\/\/www.facebook.com\/SonoraEE\"]}]}<\/script>\n ","yoast_head_json":{"title":"Sonora en Equipo. Hay medidas importantes para resolver peticiones del sector agr\u00edcola: Javier Lamarque Municipios","description":"&nbsp; CAJEME, SONORA,MX.\u2500\u2500 Luego de participar ayer en la reuni\u00f3n entre los productores agr\u00edcolas y el Gobernador Alfonso Durazo Monta\u00f1o, el Presidente En Sonora en Equipo publicamos toda la informaci\u00f3n de Sonora, M\u00e9xico y el Mundo de manera oportuna y busca que la libertad de expresi\u00f3n sea real. Visita nuestro medio informativo publicado desde Hermosillo, Sonora. %","robots":{"index":"index","follow":"follow","max-snippet":"max-snippet:-1","max-image-preview":"max-image-preview:large","max-video-preview":"max-video-preview:-1"},"canonical":"https:\/\/www.sonoraenequipo.com.mx\/hay-medidas-importantes-para-resolver-peticiones-del-sector-agricola-javier-lamarque\/","og_locale":"es_ES","og_type":"article","og_title":"Sonora en Equipo. Hay medidas importantes para resolver peticiones del sector agr\u00edcola: Javier Lamarque Municipios","og_description":"&nbsp; CAJEME, SONORA,MX.\u2500\u2500 Luego de participar ayer en la reuni\u00f3n entre los productores agr\u00edcolas y el Gobernador Alfonso Durazo Monta\u00f1o, el Presidente En Sonora en Equipo publicamos toda la informaci\u00f3n de Sonora, M\u00e9xico y el Mundo de manera oportuna y busca que la libertad de expresi\u00f3n sea real. Visita nuestro medio informativo publicado desde Hermosillo, Sonora. %","og_url":"https:\/\/www.sonoraenequipo.com.mx\/hay-medidas-importantes-para-resolver-peticiones-del-sector-agricola-javier-lamarque\/","og_site_name":"Sonora en Equipo.","article_publisher":"https:\/\/www.facebook.com\/SonoraEE\/","article_author":"https:\/\/www.facebook.com\/SonoraEE","article_published_time":"2023-05-04T18:14:18+00:00","og_image":[{"width":600,"height":400,"url":"https:\/\/www.sonoraenequipo.com.mx\/storage\/2023\/05\/jlc.jpg","type":"image\/jpeg"}],"author":"enequipo","twitter_card":"summary_large_image","twitter_creator":"@sonoraenequipo","twitter_site":"@sonoraenequipo","twitter_misc":{"Escrito por":"enequipo","Tiempo de lectura":"2 minutos"},"schema":{"@context":"https:\/\/schema.org","@graph":[{"@type":"Article","@id":"https:\/\/www.sonoraenequipo.com.mx\/hay-medidas-importantes-para-resolver-peticiones-del-sector-agricola-javier-lamarque\/#article","isPartOf":{"@id":"https:\/\/www.sonoraenequipo.com.mx\/hay-medidas-importantes-para-resolver-peticiones-del-sector-agricola-javier-lamarque\/"},"author":{"name":"enequipo","@id":"https:\/\/www.sonoraenequipo.com.mx\/#\/schema\/person\/50102df0fb23a8fa9e8effad8fa81386"},"headline":"Hay medidas importantes para resolver peticiones del sector agr\u00edcola: Javier Lamarque","datePublished":"2023-05-04T18:14:18+00:00","mainEntityOfPage":{"@id":"https:\/\/www.sonoraenequipo.com.mx\/hay-medidas-importantes-para-resolver-peticiones-del-sector-agricola-javier-lamarque\/"},"wordCount":416,"commentCount":0,"publisher":{"@id":"https:\/\/www.sonoraenequipo.com.mx\/#organization"},"image":{"@id":"https:\/\/www.sonoraenequipo.com.mx\/hay-medidas-importantes-para-resolver-peticiones-del-sector-agricola-javier-lamarque\/#primaryimage"},"thumbnailUrl":"https:\/\/www.sonoraenequipo.com.mx\/storage\/2023\/05\/jlc.jpg","keywords":["Apoyos","MAIZ","TRIGO"],"articleSection":["Municipios"],"inLanguage":"es","potentialAction":[{"@type":"CommentAction","name":"Comment","target":["https:\/\/www.sonoraenequipo.com.mx\/hay-medidas-importantes-para-resolver-peticiones-del-sector-agricola-javier-lamarque\/#respond"]}]},{"@type":"WebPage","@id":"https:\/\/www.sonoraenequipo.com.mx\/hay-medidas-importantes-para-resolver-peticiones-del-sector-agricola-javier-lamarque\/","url":"https:\/\/www.sonoraenequipo.com.mx\/hay-medidas-importantes-para-resolver-peticiones-del-sector-agricola-javier-lamarque\/","name":"Sonora en Equipo. Hay medidas importantes para resolver peticiones del sector agr\u00edcola: Javier Lamarque Municipios","isPartOf":{"@id":"https:\/\/www.sonoraenequipo.com.mx\/#website"},"primaryImageOfPage":{"@id":"https:\/\/www.sonoraenequipo.com.mx\/hay-medidas-importantes-para-resolver-peticiones-del-sector-agricola-javier-lamarque\/#primaryimage"},"image":{"@id":"https:\/\/www.sonoraenequipo.com.mx\/hay-medidas-importantes-para-resolver-peticiones-del-sector-agricola-javier-lamarque\/#primaryimage"},"thumbnailUrl":"https:\/\/www.sonoraenequipo.com.mx\/storage\/2023\/05\/jlc.jpg","datePublished":"2023-05-04T18:14:18+00:00","description":"&nbsp; CAJEME, SONORA,MX.\u2500\u2500 Luego de participar ayer en la reuni\u00f3n entre los productores agr\u00edcolas y el Gobernador Alfonso Durazo Monta\u00f1o, el Presidente En Sonora en Equipo publicamos toda la informaci\u00f3n de Sonora, M\u00e9xico y el Mundo de manera oportuna y busca que la libertad de expresi\u00f3n sea real. Visita nuestro medio informativo publicado desde Hermosillo, Sonora. %","breadcrumb":{"@id":"https:\/\/www.sonoraenequipo.com.mx\/hay-medidas-importantes-para-resolver-peticiones-del-sector-agricola-javier-lamarque\/#breadcrumb"},"inLanguage":"es","potentialAction":[{"@type":"ReadAction","target":["https:\/\/www.sonoraenequipo.com.mx\/hay-medidas-importantes-para-resolver-peticiones-del-sector-agricola-javier-lamarque\/"]}]},{"@type":"ImageObject","inLanguage":"es","@id":"https:\/\/www.sonoraenequipo.com.mx\/hay-medidas-importantes-para-resolver-peticiones-del-sector-agricola-javier-lamarque\/#primaryimage","url":"https:\/\/www.sonoraenequipo.com.mx\/storage\/2023\/05\/jlc.jpg","contentUrl":"https:\/\/www.sonoraenequipo.com.mx\/storage\/2023\/05\/jlc.jpg","width":600,"height":400},{"@type":"BreadcrumbList","@id":"https:\/\/www.sonoraenequipo.com.mx\/hay-medidas-importantes-para-resolver-peticiones-del-sector-agricola-javier-lamarque\/#breadcrumb","itemListElement":[{"@type":"ListItem","position":1,"name":"Portada","item":"https:\/\/www.sonoraenequipo.com.mx\/"},{"@type":"ListItem","position":2,"name":"Hay medidas importantes para resolver peticiones del sector agr\u00edcola: Javier Lamarque"}]},{"@type":"WebSite","@id":"https:\/\/www.sonoraenequipo.com.mx\/#website","url":"https:\/\/www.sonoraenequipo.com.mx\/","name":"Sonora en Equipo.","description":"Diario en l\u00ednea con Noticias desde Hermosillo, Sonora","publisher":{"@id":"https:\/\/www.sonoraenequipo.com.mx\/#organization"},"potentialAction":[{"@type":"SearchAction","target":{"@type":"EntryPoint","urlTemplate":"https:\/\/www.sonoraenequipo.com.mx\/?s={search_term_string}"},"query-input":{"@type":"PropertyValueSpecification","valueRequired":true,"valueName":"search_term_string"}}],"inLanguage":"es"},{"@type":"Organization","@id":"https:\/\/www.sonoraenequipo.com.mx\/#organization","name":"Sonoraenequipo.com.mx","url":"https:\/\/www.sonoraenequipo.com.mx\/","logo":{"@type":"ImageObject","inLanguage":"es","@id":"https:\/\/www.sonoraenequipo.com.mx\/#\/schema\/logo\/image\/","url":"https:\/\/www.sonoraenequipo.com.mx\/storage\/2019\/01\/sonoraenequipo_opt.png","contentUrl":"https:\/\/www.sonoraenequipo.com.mx\/storage\/2019\/01\/sonoraenequipo_opt.png","width":375,"height":125,"caption":"Sonoraenequipo.com.mx"},"image":{"@id":"https:\/\/www.sonoraenequipo.com.mx\/#\/schema\/logo\/image\/"},"sameAs":["https:\/\/www.facebook.com\/SonoraEE\/","https:\/\/x.com\/sonoraenequipo","https:\/\/www.youtube.com\/channel\/UC338nW-lPEYmJQs4ZABQ1SQ"]},{"@type":"Person","@id":"https:\/\/www.sonoraenequipo.com.mx\/#\/schema\/person\/50102df0fb23a8fa9e8effad8fa81386","name":"enequipo","image":{"@type":"ImageObject","inLanguage":"es","@id":"https:\/\/www.sonoraenequipo.com.mx\/#\/schema\/person\/image\/","url":"https:\/\/secure.gravatar.com\/avatar\/049821681b589dabc0bc20695993ccebb09f5b5d4d790cd9251b97faac7c652b?s=96&d=blank&r=g","contentUrl":"https:\/\/secure.gravatar.com\/avatar\/049821681b589dabc0bc20695993ccebb09f5b5d4d790cd9251b97faac7c652b?s=96&d=blank&r=g","caption":"enequipo"},"sameAs":["https:\/\/www.facebook.com\/SonoraEE"]}]}},"jetpack_featured_media_url":"https:\/\/www.sonoraenequipo.com.mx\/storage\/2023\/05\/jlc.jpg","_links":{"self":[{"href":"https:\/\/www.sonoraenequipo.com.mx\/api\/wp\/v2\/posts\/164720","targetHints":{"allow":["GET"]}}],"collection":[{"href":"https:\/\/www.sonoraenequipo.com.mx\/api\/wp\/v2\/posts"}],"about":[{"href":"https:\/\/www.sonoraenequipo.com.mx\/api\/wp\/v2\/types\/post"}],"author":[{"embeddable":true,"href":"https:\/\/www.sonoraenequipo.com.mx\/api\/wp\/v2\/users\/1"}],"replies":[{"embeddable":true,"href":"https:\/\/www.sonoraenequipo.com.mx\/api\/wp\/v2\/comments?post=164720"}],"version-history":[{"count":1,"href":"https:\/\/www.sonoraenequipo.com.mx\/api\/wp\/v2\/posts\/164720\/revisions"}],"predecessor-version":[{"id":164723,"href":"https:\/\/www.sonoraenequipo.com.mx\/api\/wp\/v2\/posts\/164720\/revisions\/164723"}],"wp:featuredmedia":[{"embeddable":true,"href":"https:\/\/www.sonoraenequipo.com.mx\/api\/wp\/v2\/media\/164722"}],"wp:attachment":[{"href":"https:\/\/www.sonoraenequipo.com.mx\/api\/wp\/v2\/media?parent=164720"}],"wp:term":[{"taxonomy":"category","embeddable":true,"href":"https:\/\/www.sonoraenequipo.com.mx\/api\/wp\/v2\/categories?post=164720"},{"taxonomy":"post_tag","embeddable":true,"href":"https:\/\/www.sonoraenequipo.com.mx\/api\/wp\/v2\/tags?post=164720"}],"curies":[{"name":"wp","href":"https:\/\/api.w.org\/{rel}","templated":true}]}}