{"id":164740,"date":"2023-05-04T12:48:50","date_gmt":"2023-05-04T19:48:50","guid":{"rendered":"https:\/\/www.sonoraenequipo.com.mx\/?p=164740"},"modified":"2023-05-04T12:50:14","modified_gmt":"2023-05-04T19:50:14","slug":"orate-causa-destrozos-al-interior-de-la-capilla-de-san-francisco-en-magdalena","status":"publish","type":"post","link":"https:\/\/www.sonoraenequipo.com.mx\/orate-causa-destrozos-al-interior-de-la-capilla-de-san-francisco-en-magdalena\/","title":{"rendered":"Orate causa destrozos al interior de la capilla de San Francisco en Magdalena"},"content":{"rendered":"<p><strong>HERMOSILLO, SONORA,MX.<\/strong><strong>\u2500\u2500<\/strong> Caus\u00f3 indignaci\u00f3n entre la feligres\u00eda religiosa los destrozos dentro de la iglesia Santa Mar\u00eda de Magdalena, donde, aparentemente, result\u00f3 da\u00f1ada la ic\u00f3nica y venerada figura de San Francisco Javier.<\/p>\n<p>&nbsp;<\/p>\n<p>Como algo consternante e imp\u00edo calific\u00f3 Abraham Hern\u00e1ndez L\u00f3pez, p\u00e1rroco de la iglesia Santa Mar\u00eda Magdalena el acto vand\u00e1lico del que acaba de ser objeto la capilla de San Francisco Javier en Magdalena de Kino, en Sonora, ubicada a unos 200 kmal norte de la capital del estado Hermosillo.<\/p>\n<p>&nbsp;<\/p>\n<p>&nbsp;<\/p>\n<p>Los hechos sucedieron la tarde de ayer alrededor de las 17:00 horas cuando un hombre que fue detenido por elementos de la Secretar\u00eda de Seguridad P\u00fablica Municipal, de dicha poblaci\u00f3n comenz\u00f3 a gritar que \u201ctodos eran falsos profetas\u201d dentro del recinto sagrado y vandaliz\u00f3 todo el interior.<\/p>\n<p><strong><em><u>Fecha de publicaci\u00f3n jueves 4 de mayo de 2023<\/u><\/em><\/strong><\/p>\n","protected":false},"excerpt":{"rendered":"<p>HERMOSILLO, SONORA,MX.\u2500\u2500 Caus\u00f3 indignaci\u00f3n entre la feligres\u00eda religiosa los destrozos dentro de la iglesia Santa&#8230;<\/p>\n","protected":false},"author":1,"featured_media":164741,"comment_status":"open","ping_status":"open","sticky":false,"template":"","format":"standard","meta":{"_monsterinsights_skip_tracking":false,"_monsterinsights_sitenote_active":false,"_monsterinsights_sitenote_note":"","_monsterinsights_sitenote_category":0,"footnotes":""},"categories":[4],"tags":[7391,1238,8475],"class_list":["post"],"yoast_head":" \n<title>Sonora en Equipo. Orate causa destrozos al interior de la capilla de San Francisco en Magdalena Municipios<\/title>\n<meta name=\"description\" content=\"HERMOSILLO, SONORA,MX.\u2500\u2500 Caus\u00f3 indignaci\u00f3n entre la feligres\u00eda religiosa los destrozos dentro de la iglesia Santa Mar\u00eda de Magdalena, donde, En Sonora en Equipo publicamos toda la informaci\u00f3n de Sonora, M\u00e9xico y el Mundo de manera oportuna y busca que la libertad de expresi\u00f3n sea real. Visita nuestro medio informativo publicado desde Hermosillo, Sonora. %\" \/>\n<meta name=\"robots\" content=\"index, follow, max-snippet:-1, max-image-preview:large, max-video-preview:-1\" \/>\n<link rel=\"canonical\" href=\"https:\/\/www.sonoraenequipo.com.mx\/orate-causa-destrozos-al-interior-de-la-capilla-de-san-francisco-en-magdalena\/\" \/>\n<meta property=\"og:locale\" content=\"es_ES\" \/>\n<meta property=\"og:type\" content=\"article\" \/>\n<meta property=\"og:title\" content=\"Sonora en Equipo. Orate causa destrozos al interior de la capilla de San Francisco en Magdalena Municipios\" \/>\n<meta property=\"og:description\" content=\"HERMOSILLO, SONORA,MX.\u2500\u2500 Caus\u00f3 indignaci\u00f3n entre la feligres\u00eda religiosa los destrozos dentro de la iglesia Santa Mar\u00eda de Magdalena, donde, En Sonora en Equipo publicamos toda la informaci\u00f3n de Sonora, M\u00e9xico y el Mundo de manera oportuna y busca que la libertad de expresi\u00f3n sea real. Visita nuestro medio informativo publicado desde Hermosillo, Sonora. %\" \/>\n<meta property=\"og:url\" content=\"https:\/\/www.sonoraenequipo.com.mx\/orate-causa-destrozos-al-interior-de-la-capilla-de-san-francisco-en-magdalena\/\" \/>\n<meta property=\"og:site_name\" content=\"Sonora en Equipo.\" \/>\n<meta property=\"article:publisher\" content=\"https:\/\/www.facebook.com\/SonoraEE\/\" \/>\n<meta property=\"article:author\" content=\"https:\/\/www.facebook.com\/SonoraEE\" \/>\n<meta property=\"article:published_time\" content=\"2023-05-04T19:48:50+00:00\" \/>\n<meta property=\"article:modified_time\" content=\"2023-05-04T19:50:14+00:00\" \/>\n<meta property=\"og:image\" content=\"https:\/\/www.sonoraenequipo.com.mx\/storage\/2023\/05\/san-fco.jpg\" \/>\n\t<meta property=\"og:image:width\" content=\"600\" \/>\n\t<meta property=\"og:image:height\" content=\"395\" \/>\n\t<meta property=\"og:image:type\" content=\"image\/jpeg\" \/>\n<meta name=\"author\" content=\"enequipo\" \/>\n<meta name=\"twitter:card\" content=\"summary_large_image\" \/>\n<meta name=\"twitter:creator\" content=\"@sonoraenequipo\" \/>\n<meta name=\"twitter:site\" content=\"@sonoraenequipo\" \/>\n<meta name=\"twitter:label1\" content=\"Escrito por\" \/>\n\t<meta name=\"twitter:data1\" content=\"enequipo\" \/>\n\t<meta name=\"twitter:label2\" content=\"Tiempo de lectura\" \/>\n\t<meta name=\"twitter:data2\" content=\"1 minuto\" \/>\n<script type=\"application\/ld+json\" class=\"yoast-schema-graph\">{\"@context\":\"https:\/\/schema.org\",\"@graph\":[{\"@type\":\"Article\",\"@id\":\"https:\/\/www.sonoraenequipo.com.mx\/orate-causa-destrozos-al-interior-de-la-capilla-de-san-francisco-en-magdalena\/#article\",\"isPartOf\":{\"@id\":\"https:\/\/www.sonoraenequipo.com.mx\/orate-causa-destrozos-al-interior-de-la-capilla-de-san-francisco-en-magdalena\/\"},\"author\":{\"name\":\"enequipo\",\"@id\":\"https:\/\/www.sonoraenequipo.com.mx\/#\/schema\/person\/50102df0fb23a8fa9e8effad8fa81386\"},\"headline\":\"Orate causa destrozos al interior de la capilla de San Francisco en Magdalena\",\"datePublished\":\"2023-05-04T19:48:50+00:00\",\"dateModified\":\"2023-05-04T19:50:14+00:00\",\"mainEntityOfPage\":{\"@id\":\"https:\/\/www.sonoraenequipo.com.mx\/orate-causa-destrozos-al-interior-de-la-capilla-de-san-francisco-en-magdalena\/\"},\"wordCount\":164,\"commentCount\":0,\"publisher\":{\"@id\":\"https:\/\/www.sonoraenequipo.com.mx\/#organization\"},\"image\":{\"@id\":\"https:\/\/www.sonoraenequipo.com.mx\/orate-causa-destrozos-al-interior-de-la-capilla-de-san-francisco-en-magdalena\/#primaryimage\"},\"thumbnailUrl\":\"https:\/\/www.sonoraenequipo.com.mx\/storage\/2023\/05\/san-fco.jpg\",\"keywords\":[\"da\u00f1os\",\"Magdalena\",\"sanfrancisco\"],\"articleSection\":[\"Municipios\"],\"inLanguage\":\"es\",\"potentialAction\":[{\"@type\":\"CommentAction\",\"name\":\"Comment\",\"target\":[\"https:\/\/www.sonoraenequipo.com.mx\/orate-causa-destrozos-al-interior-de-la-capilla-de-san-francisco-en-magdalena\/#respond\"]}]},{\"@type\":\"WebPage\",\"@id\":\"https:\/\/www.sonoraenequipo.com.mx\/orate-causa-destrozos-al-interior-de-la-capilla-de-san-francisco-en-magdalena\/\",\"url\":\"https:\/\/www.sonoraenequipo.com.mx\/orate-causa-destrozos-al-interior-de-la-capilla-de-san-francisco-en-magdalena\/\",\"name\":\"Sonora en Equipo. Orate causa destrozos al interior de la capilla de San Francisco en Magdalena Municipios\",\"isPartOf\":{\"@id\":\"https:\/\/www.sonoraenequipo.com.mx\/#website\"},\"primaryImageOfPage\":{\"@id\":\"https:\/\/www.sonoraenequipo.com.mx\/orate-causa-destrozos-al-interior-de-la-capilla-de-san-francisco-en-magdalena\/#primaryimage\"},\"image\":{\"@id\":\"https:\/\/www.sonoraenequipo.com.mx\/orate-causa-destrozos-al-interior-de-la-capilla-de-san-francisco-en-magdalena\/#primaryimage\"},\"thumbnailUrl\":\"https:\/\/www.sonoraenequipo.com.mx\/storage\/2023\/05\/san-fco.jpg\",\"datePublished\":\"2023-05-04T19:48:50+00:00\",\"dateModified\":\"2023-05-04T19:50:14+00:00\",\"description\":\"HERMOSILLO, SONORA,MX.\u2500\u2500 Caus\u00f3 indignaci\u00f3n entre la feligres\u00eda religiosa los destrozos dentro de la iglesia Santa Mar\u00eda de Magdalena, donde, En Sonora en Equipo publicamos toda la informaci\u00f3n de Sonora, M\u00e9xico y el Mundo de manera oportuna y busca que la libertad de expresi\u00f3n sea real. Visita nuestro medio informativo publicado desde Hermosillo, Sonora. %\",\"breadcrumb\":{\"@id\":\"https:\/\/www.sonoraenequipo.com.mx\/orate-causa-destrozos-al-interior-de-la-capilla-de-san-francisco-en-magdalena\/#breadcrumb\"},\"inLanguage\":\"es\",\"potentialAction\":[{\"@type\":\"ReadAction\",\"target\":[\"https:\/\/www.sonoraenequipo.com.mx\/orate-causa-destrozos-al-interior-de-la-capilla-de-san-francisco-en-magdalena\/\"]}]},{\"@type\":\"ImageObject\",\"inLanguage\":\"es\",\"@id\":\"https:\/\/www.sonoraenequipo.com.mx\/orate-causa-destrozos-al-interior-de-la-capilla-de-san-francisco-en-magdalena\/#primaryimage\",\"url\":\"https:\/\/www.sonoraenequipo.com.mx\/storage\/2023\/05\/san-fco.jpg\",\"contentUrl\":\"https:\/\/www.sonoraenequipo.com.mx\/storage\/2023\/05\/san-fco.jpg\",\"width\":600,\"height\":395,\"caption\":\"Imagen captura de video\"},{\"@type\":\"BreadcrumbList\",\"@id\":\"https:\/\/www.sonoraenequipo.com.mx\/orate-causa-destrozos-al-interior-de-la-capilla-de-san-francisco-en-magdalena\/#breadcrumb\",\"itemListElement\":[{\"@type\":\"ListItem\",\"position\":1,\"name\":\"Portada\",\"item\":\"https:\/\/www.sonoraenequipo.com.mx\/\"},{\"@type\":\"ListItem\",\"position\":2,\"name\":\"Orate causa destrozos al interior de la capilla de San Francisco en Magdalena\"}]},{\"@type\":\"WebSite\",\"@id\":\"https:\/\/www.sonoraenequipo.com.mx\/#website\",\"url\":\"https:\/\/www.sonoraenequipo.com.mx\/\",\"name\":\"Sonora en Equipo.\",\"description\":\"Diario en l\u00ednea con Noticias desde Hermosillo, Sonora\",\"publisher\":{\"@id\":\"https:\/\/www.sonoraenequipo.com.mx\/#organization\"},\"potentialAction\":[{\"@type\":\"SearchAction\",\"target\":{\"@type\":\"EntryPoint\",\"urlTemplate\":\"https:\/\/www.sonoraenequipo.com.mx\/?s={search_term_string}\"},\"query-input\":{\"@type\":\"PropertyValueSpecification\",\"valueRequired\":true,\"valueName\":\"search_term_string\"}}],\"inLanguage\":\"es\"},{\"@type\":\"Organization\",\"@id\":\"https:\/\/www.sonoraenequipo.com.mx\/#organization\",\"name\":\"Sonoraenequipo.com.mx\",\"url\":\"https:\/\/www.sonoraenequipo.com.mx\/\",\"logo\":{\"@type\":\"ImageObject\",\"inLanguage\":\"es\",\"@id\":\"https:\/\/www.sonoraenequipo.com.mx\/#\/schema\/logo\/image\/\",\"url\":\"https:\/\/www.sonoraenequipo.com.mx\/storage\/2019\/01\/sonoraenequipo_opt.png\",\"contentUrl\":\"https:\/\/www.sonoraenequipo.com.mx\/storage\/2019\/01\/sonoraenequipo_opt.png\",\"width\":375,\"height\":125,\"caption\":\"Sonoraenequipo.com.mx\"},\"image\":{\"@id\":\"https:\/\/www.sonoraenequipo.com.mx\/#\/schema\/logo\/image\/\"},\"sameAs\":[\"https:\/\/www.facebook.com\/SonoraEE\/\",\"https:\/\/x.com\/sonoraenequipo\",\"https:\/\/www.youtube.com\/channel\/UC338nW-lPEYmJQs4ZABQ1SQ\"]},{\"@type\":\"Person\",\"@id\":\"https:\/\/www.sonoraenequipo.com.mx\/#\/schema\/person\/50102df0fb23a8fa9e8effad8fa81386\",\"name\":\"enequipo\",\"image\":{\"@type\":\"ImageObject\",\"inLanguage\":\"es\",\"@id\":\"https:\/\/www.sonoraenequipo.com.mx\/#\/schema\/person\/image\/\",\"url\":\"https:\/\/secure.gravatar.com\/avatar\/049821681b589dabc0bc20695993ccebb09f5b5d4d790cd9251b97faac7c652b?s=96&d=blank&r=g\",\"contentUrl\":\"https:\/\/secure.gravatar.com\/avatar\/049821681b589dabc0bc20695993ccebb09f5b5d4d790cd9251b97faac7c652b?s=96&d=blank&r=g\",\"caption\":\"enequipo\"},\"sameAs\":[\"https:\/\/www.facebook.com\/SonoraEE\"]}]}<\/script>\n ","yoast_head_json":{"title":"Sonora en Equipo. Orate causa destrozos al interior de la capilla de San Francisco en Magdalena Municipios","description":"HERMOSILLO, SONORA,MX.\u2500\u2500 Caus\u00f3 indignaci\u00f3n entre la feligres\u00eda religiosa los destrozos dentro de la iglesia Santa Mar\u00eda de Magdalena, donde, En Sonora en Equipo publicamos toda la informaci\u00f3n de Sonora, M\u00e9xico y el Mundo de manera oportuna y busca que la libertad de expresi\u00f3n sea real. Visita nuestro medio informativo publicado desde Hermosillo, Sonora. %","robots":{"index":"index","follow":"follow","max-snippet":"max-snippet:-1","max-image-preview":"max-image-preview:large","max-video-preview":"max-video-preview:-1"},"canonical":"https:\/\/www.sonoraenequipo.com.mx\/orate-causa-destrozos-al-interior-de-la-capilla-de-san-francisco-en-magdalena\/","og_locale":"es_ES","og_type":"article","og_title":"Sonora en Equipo. Orate causa destrozos al interior de la capilla de San Francisco en Magdalena Municipios","og_description":"HERMOSILLO, SONORA,MX.\u2500\u2500 Caus\u00f3 indignaci\u00f3n entre la feligres\u00eda religiosa los destrozos dentro de la iglesia Santa Mar\u00eda de Magdalena, donde, En Sonora en Equipo publicamos toda la informaci\u00f3n de Sonora, M\u00e9xico y el Mundo de manera oportuna y busca que la libertad de expresi\u00f3n sea real. Visita nuestro medio informativo publicado desde Hermosillo, Sonora. %","og_url":"https:\/\/www.sonoraenequipo.com.mx\/orate-causa-destrozos-al-interior-de-la-capilla-de-san-francisco-en-magdalena\/","og_site_name":"Sonora en Equipo.","article_publisher":"https:\/\/www.facebook.com\/SonoraEE\/","article_author":"https:\/\/www.facebook.com\/SonoraEE","article_published_time":"2023-05-04T19:48:50+00:00","article_modified_time":"2023-05-04T19:50:14+00:00","og_image":[{"width":600,"height":395,"url":"https:\/\/www.sonoraenequipo.com.mx\/storage\/2023\/05\/san-fco.jpg","type":"image\/jpeg"}],"author":"enequipo","twitter_card":"summary_large_image","twitter_creator":"@sonoraenequipo","twitter_site":"@sonoraenequipo","twitter_misc":{"Escrito por":"enequipo","Tiempo de lectura":"1 minuto"},"schema":{"@context":"https:\/\/schema.org","@graph":[{"@type":"Article","@id":"https:\/\/www.sonoraenequipo.com.mx\/orate-causa-destrozos-al-interior-de-la-capilla-de-san-francisco-en-magdalena\/#article","isPartOf":{"@id":"https:\/\/www.sonoraenequipo.com.mx\/orate-causa-destrozos-al-interior-de-la-capilla-de-san-francisco-en-magdalena\/"},"author":{"name":"enequipo","@id":"https:\/\/www.sonoraenequipo.com.mx\/#\/schema\/person\/50102df0fb23a8fa9e8effad8fa81386"},"headline":"Orate causa destrozos al interior de la capilla de San Francisco en Magdalena","datePublished":"2023-05-04T19:48:50+00:00","dateModified":"2023-05-04T19:50:14+00:00","mainEntityOfPage":{"@id":"https:\/\/www.sonoraenequipo.com.mx\/orate-causa-destrozos-al-interior-de-la-capilla-de-san-francisco-en-magdalena\/"},"wordCount":164,"commentCount":0,"publisher":{"@id":"https:\/\/www.sonoraenequipo.com.mx\/#organization"},"image":{"@id":"https:\/\/www.sonoraenequipo.com.mx\/orate-causa-destrozos-al-interior-de-la-capilla-de-san-francisco-en-magdalena\/#primaryimage"},"thumbnailUrl":"https:\/\/www.sonoraenequipo.com.mx\/storage\/2023\/05\/san-fco.jpg","keywords":["da\u00f1os","Magdalena","sanfrancisco"],"articleSection":["Municipios"],"inLanguage":"es","potentialAction":[{"@type":"CommentAction","name":"Comment","target":["https:\/\/www.sonoraenequipo.com.mx\/orate-causa-destrozos-al-interior-de-la-capilla-de-san-francisco-en-magdalena\/#respond"]}]},{"@type":"WebPage","@id":"https:\/\/www.sonoraenequipo.com.mx\/orate-causa-destrozos-al-interior-de-la-capilla-de-san-francisco-en-magdalena\/","url":"https:\/\/www.sonoraenequipo.com.mx\/orate-causa-destrozos-al-interior-de-la-capilla-de-san-francisco-en-magdalena\/","name":"Sonora en Equipo. Orate causa destrozos al interior de la capilla de San Francisco en Magdalena Municipios","isPartOf":{"@id":"https:\/\/www.sonoraenequipo.com.mx\/#website"},"primaryImageOfPage":{"@id":"https:\/\/www.sonoraenequipo.com.mx\/orate-causa-destrozos-al-interior-de-la-capilla-de-san-francisco-en-magdalena\/#primaryimage"},"image":{"@id":"https:\/\/www.sonoraenequipo.com.mx\/orate-causa-destrozos-al-interior-de-la-capilla-de-san-francisco-en-magdalena\/#primaryimage"},"thumbnailUrl":"https:\/\/www.sonoraenequipo.com.mx\/storage\/2023\/05\/san-fco.jpg","datePublished":"2023-05-04T19:48:50+00:00","dateModified":"2023-05-04T19:50:14+00:00","description":"HERMOSILLO, SONORA,MX.\u2500\u2500 Caus\u00f3 indignaci\u00f3n entre la feligres\u00eda religiosa los destrozos dentro de la iglesia Santa Mar\u00eda de Magdalena, donde, En Sonora en Equipo publicamos toda la informaci\u00f3n de Sonora, M\u00e9xico y el Mundo de manera oportuna y busca que la libertad de expresi\u00f3n sea real. Visita nuestro medio informativo publicado desde Hermosillo, Sonora. %","breadcrumb":{"@id":"https:\/\/www.sonoraenequipo.com.mx\/orate-causa-destrozos-al-interior-de-la-capilla-de-san-francisco-en-magdalena\/#breadcrumb"},"inLanguage":"es","potentialAction":[{"@type":"ReadAction","target":["https:\/\/www.sonoraenequipo.com.mx\/orate-causa-destrozos-al-interior-de-la-capilla-de-san-francisco-en-magdalena\/"]}]},{"@type":"ImageObject","inLanguage":"es","@id":"https:\/\/www.sonoraenequipo.com.mx\/orate-causa-destrozos-al-interior-de-la-capilla-de-san-francisco-en-magdalena\/#primaryimage","url":"https:\/\/www.sonoraenequipo.com.mx\/storage\/2023\/05\/san-fco.jpg","contentUrl":"https:\/\/www.sonoraenequipo.com.mx\/storage\/2023\/05\/san-fco.jpg","width":600,"height":395,"caption":"Imagen captura de video"},{"@type":"BreadcrumbList","@id":"https:\/\/www.sonoraenequipo.com.mx\/orate-causa-destrozos-al-interior-de-la-capilla-de-san-francisco-en-magdalena\/#breadcrumb","itemListElement":[{"@type":"ListItem","position":1,"name":"Portada","item":"https:\/\/www.sonoraenequipo.com.mx\/"},{"@type":"ListItem","position":2,"name":"Orate causa destrozos al interior de la capilla de San Francisco en Magdalena"}]},{"@type":"WebSite","@id":"https:\/\/www.sonoraenequipo.com.mx\/#website","url":"https:\/\/www.sonoraenequipo.com.mx\/","name":"Sonora en Equipo.","description":"Diario en l\u00ednea con Noticias desde Hermosillo, Sonora","publisher":{"@id":"https:\/\/www.sonoraenequipo.com.mx\/#organization"},"potentialAction":[{"@type":"SearchAction","target":{"@type":"EntryPoint","urlTemplate":"https:\/\/www.sonoraenequipo.com.mx\/?s={search_term_string}"},"query-input":{"@type":"PropertyValueSpecification","valueRequired":true,"valueName":"search_term_string"}}],"inLanguage":"es"},{"@type":"Organization","@id":"https:\/\/www.sonoraenequipo.com.mx\/#organization","name":"Sonoraenequipo.com.mx","url":"https:\/\/www.sonoraenequipo.com.mx\/","logo":{"@type":"ImageObject","inLanguage":"es","@id":"https:\/\/www.sonoraenequipo.com.mx\/#\/schema\/logo\/image\/","url":"https:\/\/www.sonoraenequipo.com.mx\/storage\/2019\/01\/sonoraenequipo_opt.png","contentUrl":"https:\/\/www.sonoraenequipo.com.mx\/storage\/2019\/01\/sonoraenequipo_opt.png","width":375,"height":125,"caption":"Sonoraenequipo.com.mx"},"image":{"@id":"https:\/\/www.sonoraenequipo.com.mx\/#\/schema\/logo\/image\/"},"sameAs":["https:\/\/www.facebook.com\/SonoraEE\/","https:\/\/x.com\/sonoraenequipo","https:\/\/www.youtube.com\/channel\/UC338nW-lPEYmJQs4ZABQ1SQ"]},{"@type":"Person","@id":"https:\/\/www.sonoraenequipo.com.mx\/#\/schema\/person\/50102df0fb23a8fa9e8effad8fa81386","name":"enequipo","image":{"@type":"ImageObject","inLanguage":"es","@id":"https:\/\/www.sonoraenequipo.com.mx\/#\/schema\/person\/image\/","url":"https:\/\/secure.gravatar.com\/avatar\/049821681b589dabc0bc20695993ccebb09f5b5d4d790cd9251b97faac7c652b?s=96&d=blank&r=g","contentUrl":"https:\/\/secure.gravatar.com\/avatar\/049821681b589dabc0bc20695993ccebb09f5b5d4d790cd9251b97faac7c652b?s=96&d=blank&r=g","caption":"enequipo"},"sameAs":["https:\/\/www.facebook.com\/SonoraEE"]}]}},"jetpack_featured_media_url":"https:\/\/www.sonoraenequipo.com.mx\/storage\/2023\/05\/san-fco.jpg","_links":{"self":[{"href":"https:\/\/www.sonoraenequipo.com.mx\/api\/wp\/v2\/posts\/164740","targetHints":{"allow":["GET"]}}],"collection":[{"href":"https:\/\/www.sonoraenequipo.com.mx\/api\/wp\/v2\/posts"}],"about":[{"href":"https:\/\/www.sonoraenequipo.com.mx\/api\/wp\/v2\/types\/post"}],"author":[{"embeddable":true,"href":"https:\/\/www.sonoraenequipo.com.mx\/api\/wp\/v2\/users\/1"}],"replies":[{"embeddable":true,"href":"https:\/\/www.sonoraenequipo.com.mx\/api\/wp\/v2\/comments?post=164740"}],"version-history":[{"count":2,"href":"https:\/\/www.sonoraenequipo.com.mx\/api\/wp\/v2\/posts\/164740\/revisions"}],"predecessor-version":[{"id":164743,"href":"https:\/\/www.sonoraenequipo.com.mx\/api\/wp\/v2\/posts\/164740\/revisions\/164743"}],"wp:featuredmedia":[{"embeddable":true,"href":"https:\/\/www.sonoraenequipo.com.mx\/api\/wp\/v2\/media\/164741"}],"wp:attachment":[{"href":"https:\/\/www.sonoraenequipo.com.mx\/api\/wp\/v2\/media?parent=164740"}],"wp:term":[{"taxonomy":"category","embeddable":true,"href":"https:\/\/www.sonoraenequipo.com.mx\/api\/wp\/v2\/categories?post=164740"},{"taxonomy":"post_tag","embeddable":true,"href":"https:\/\/www.sonoraenequipo.com.mx\/api\/wp\/v2\/tags?post=164740"}],"curies":[{"name":"wp","href":"https:\/\/api.w.org\/{rel}","templated":true}]}}