{"id":165060,"date":"2023-05-08T17:58:24","date_gmt":"2023-05-09T00:58:24","guid":{"rendered":"https:\/\/www.sonoraenequipo.com.mx\/?p=165060"},"modified":"2023-05-08T18:49:32","modified_gmt":"2023-05-09T01:49:32","slug":"fabian-pazzosu-profesionalismo-lo-lleva-de-un-proyecto-a-otro","status":"publish","type":"post","link":"https:\/\/www.sonoraenequipo.com.mx\/fabian-pazzosu-profesionalismo-lo-lleva-de-un-proyecto-a-otro\/","title":{"rendered":"Fabian Pazzo,su profesionalismo lo lleva de un proyecto a otro"},"content":{"rendered":"<p><strong>HERMOSILLO, SONORA,MX.<\/strong><strong>\u2500\u2500<\/strong> El actor Fabi\u00e1n Pazzo platica v\u00eda telef\u00f3nica con Sonora en equipo, nos cuenta de sus proyectos los ya concluidos y otros por iniciar;<\/p>\n<p>Recientemente terminaron las grabaciones de la octava temporada de \u201cEl se\u00f1or de los cielos\u201d serie que se puede ver por streaming espec\u00edficamente por Vix Plus.<\/p>\n<p>Cuestionado sobre el rechazo de algunas personas a las llamadas narcoseries, el histri\u00f3n dice que esta octava temporada de dicha serie est\u00e1 m\u00e1s enfocada a la acci\u00f3n hay persecuciones, disparos explosiones aspecto del gui\u00f3n que le atrajo para decidir participar pues no hab\u00eda vivido esa experiencia<\/p>\n<p>El actor cuenta en su perfil entre otras facetas: director, acting couch,m\u00fasicoclown lo que le permite matizar un personaje durante la actuaci\u00f3n, y a pesar de ser clown que es un actor que interpreta a un car\u00e1cter sin apegarse al gui\u00f3n ,dice respeta a los directores y pregunta mucho sobre el desarrollo de su performance, su faceta de m\u00fasico por ahora se encuentra en un impasse .<\/p>\n<p>Como director \u00a0realizar\u00e1 un cortometraje para cine espacio que prefiere m\u00e1s sin embargo considera que no debemos temerle al streaming, lo cual el tamaulipeco mira como una opci\u00f3n para llevar entretenimiento a localidades donde a\u00fan no existen cines como en las grandes ciudades.<\/p>\n<p>el teatro es otro g\u00e9nero que le gusta mucho ha participado en la obra\u201cLa Dama de Negro\u201dpuesta que\u00a0 lleva 19 a\u00f1os ininterrumpidos en escena siendo \u00e9sta la obra de teatro\u00a0 con m\u00e1s tiempo en cartelera en\u00a0 M\u00e9xico.<\/p>\n<p>Al oriundo de Matamoros pronto se le podr\u00e1 ver en otra serie de streaming Pedro Infante que se transmitir\u00e1 por Vix plus, ah\u00ed encarna al capit\u00e1n Vidal un piloto muy amigo de Infante que pierde la vida junto con el \u00eddolo, \u00a0en el accidente a\u00e9reo en abril de 1957.<\/p>\n<p>Fabi\u00e1n cuenta que para el papel recibi\u00f3 asesor\u00eda de pilotos sobre su forma de hablar as\u00ed como de \u00a0las comunicaciones. Imposible que Pedro pudiera sobrevivir al accidente responde a pregunta expresa lo que pasa es que la gente no quiere dejar ir a sus \u00eddolos y para \u00e9l Pedro Infante ha sido el m\u00e1ximo \u00eddolo que M\u00e9xico ha tenido,consider\u00f3.<\/p>\n<p>Pazzo nos comenta que ahora combina sus actividades actorales con talleres de actuaci\u00f3n y en el mediano plazo contempla abrir una academia de actuaci\u00f3n ya ha checado permisos as\u00ed como lugares pero busca que \u00e9ste cuente con un auditorio donde los estudiantes \u00a0puedan desenvolverse en el escenario no solo en la teor\u00eda Fabi\u00e1n nos confes\u00f3 que recibi\u00f3 invitaci\u00f3n para integrarse al elenco de una telenovela sin embargo no dio m\u00e1s detalles hasta que no est\u00e9 bien amarrado pues luego se caen, dijo.<\/p>\n<p>En cuestiones del coraz\u00f3n por ahora est\u00e1 soltero pero cuando se pone de novio es muy mandil\u00f3n nos confes\u00f3<\/p>\n<p>&nbsp;<\/p>\n<p><strong><em><u>Fecha de publicaci\u00f3n lunes 8 de mayo de 2023<\/u><\/em><\/strong><\/p>\n","protected":false},"excerpt":{"rendered":"<p>HERMOSILLO, SONORA,MX.\u2500\u2500 El actor Fabi\u00e1n Pazzo platica v\u00eda telef\u00f3nica con Sonora en equipo, nos cuenta&#8230;<\/p>\n","protected":false},"author":1,"featured_media":165061,"comment_status":"open","ping_status":"open","sticky":false,"template":"","format":"standard","meta":{"_monsterinsights_skip_tracking":false,"_monsterinsights_sitenote_active":false,"_monsterinsights_sitenote_note":"","_monsterinsights_sitenote_category":0,"footnotes":""},"categories":[2987],"tags":[8491],"class_list":["post"],"yoast_head":" \n<title>Sonora en Equipo. Fabian Pazzo,su profesionalismo lo lleva de un proyecto a otro Showbiz<\/title>\n<meta name=\"description\" content=\"HERMOSILLO, SONORA,MX.\u2500\u2500 El actor Fabi\u00e1n Pazzo platica v\u00eda telef\u00f3nica con Sonora en equipo, nos cuenta de sus proyectos los ya concluidos y otros por En Sonora en Equipo publicamos toda la informaci\u00f3n de Sonora, M\u00e9xico y el Mundo de manera oportuna y busca que la libertad de expresi\u00f3n sea real. Visita nuestro medio informativo publicado desde Hermosillo, Sonora. %\" \/>\n<meta name=\"robots\" content=\"index, follow, max-snippet:-1, max-image-preview:large, max-video-preview:-1\" \/>\n<link rel=\"canonical\" href=\"https:\/\/www.sonoraenequipo.com.mx\/fabian-pazzosu-profesionalismo-lo-lleva-de-un-proyecto-a-otro\/\" \/>\n<meta property=\"og:locale\" content=\"es_ES\" \/>\n<meta property=\"og:type\" content=\"article\" \/>\n<meta property=\"og:title\" content=\"Sonora en Equipo. Fabian Pazzo,su profesionalismo lo lleva de un proyecto a otro Showbiz\" \/>\n<meta property=\"og:description\" content=\"HERMOSILLO, SONORA,MX.\u2500\u2500 El actor Fabi\u00e1n Pazzo platica v\u00eda telef\u00f3nica con Sonora en equipo, nos cuenta de sus proyectos los ya concluidos y otros por En Sonora en Equipo publicamos toda la informaci\u00f3n de Sonora, M\u00e9xico y el Mundo de manera oportuna y busca que la libertad de expresi\u00f3n sea real. Visita nuestro medio informativo publicado desde Hermosillo, Sonora. %\" \/>\n<meta property=\"og:url\" content=\"https:\/\/www.sonoraenequipo.com.mx\/fabian-pazzosu-profesionalismo-lo-lleva-de-un-proyecto-a-otro\/\" \/>\n<meta property=\"og:site_name\" content=\"Sonora en Equipo.\" \/>\n<meta property=\"article:publisher\" content=\"https:\/\/www.facebook.com\/SonoraEE\/\" \/>\n<meta property=\"article:author\" content=\"https:\/\/www.facebook.com\/SonoraEE\" \/>\n<meta property=\"article:published_time\" content=\"2023-05-09T00:58:24+00:00\" \/>\n<meta property=\"article:modified_time\" content=\"2023-05-09T01:49:32+00:00\" \/>\n<meta property=\"og:image\" content=\"https:\/\/www.sonoraenequipo.com.mx\/storage\/2023\/05\/pazzo.jpg\" \/>\n\t<meta property=\"og:image:width\" content=\"600\" \/>\n\t<meta property=\"og:image:height\" content=\"400\" \/>\n\t<meta property=\"og:image:type\" content=\"image\/jpeg\" \/>\n<meta name=\"author\" content=\"enequipo\" \/>\n<meta name=\"twitter:card\" content=\"summary_large_image\" \/>\n<meta name=\"twitter:creator\" content=\"@sonoraenequipo\" \/>\n<meta name=\"twitter:site\" content=\"@sonoraenequipo\" \/>\n<meta name=\"twitter:label1\" content=\"Escrito por\" \/>\n\t<meta name=\"twitter:data1\" content=\"enequipo\" \/>\n\t<meta name=\"twitter:label2\" content=\"Tiempo de lectura\" \/>\n\t<meta name=\"twitter:data2\" content=\"2 minutos\" \/>\n<script type=\"application\/ld+json\" class=\"yoast-schema-graph\">{\"@context\":\"https:\/\/schema.org\",\"@graph\":[{\"@type\":\"Article\",\"@id\":\"https:\/\/www.sonoraenequipo.com.mx\/fabian-pazzosu-profesionalismo-lo-lleva-de-un-proyecto-a-otro\/#article\",\"isPartOf\":{\"@id\":\"https:\/\/www.sonoraenequipo.com.mx\/fabian-pazzosu-profesionalismo-lo-lleva-de-un-proyecto-a-otro\/\"},\"author\":{\"name\":\"enequipo\",\"@id\":\"https:\/\/www.sonoraenequipo.com.mx\/#\/schema\/person\/50102df0fb23a8fa9e8effad8fa81386\"},\"headline\":\"Fabian Pazzo,su profesionalismo lo lleva de un proyecto a otro\",\"datePublished\":\"2023-05-09T00:58:24+00:00\",\"dateModified\":\"2023-05-09T01:49:32+00:00\",\"mainEntityOfPage\":{\"@id\":\"https:\/\/www.sonoraenequipo.com.mx\/fabian-pazzosu-profesionalismo-lo-lleva-de-un-proyecto-a-otro\/\"},\"wordCount\":510,\"commentCount\":0,\"publisher\":{\"@id\":\"https:\/\/www.sonoraenequipo.com.mx\/#organization\"},\"image\":{\"@id\":\"https:\/\/www.sonoraenequipo.com.mx\/fabian-pazzosu-profesionalismo-lo-lleva-de-un-proyecto-a-otro\/#primaryimage\"},\"thumbnailUrl\":\"https:\/\/www.sonoraenequipo.com.mx\/storage\/2023\/05\/pazzo.jpg\",\"keywords\":[\"fabian Pazzo\"],\"articleSection\":[\"Showbiz\"],\"inLanguage\":\"es\",\"potentialAction\":[{\"@type\":\"CommentAction\",\"name\":\"Comment\",\"target\":[\"https:\/\/www.sonoraenequipo.com.mx\/fabian-pazzosu-profesionalismo-lo-lleva-de-un-proyecto-a-otro\/#respond\"]}]},{\"@type\":\"WebPage\",\"@id\":\"https:\/\/www.sonoraenequipo.com.mx\/fabian-pazzosu-profesionalismo-lo-lleva-de-un-proyecto-a-otro\/\",\"url\":\"https:\/\/www.sonoraenequipo.com.mx\/fabian-pazzosu-profesionalismo-lo-lleva-de-un-proyecto-a-otro\/\",\"name\":\"Sonora en Equipo. Fabian Pazzo,su profesionalismo lo lleva de un proyecto a otro Showbiz\",\"isPartOf\":{\"@id\":\"https:\/\/www.sonoraenequipo.com.mx\/#website\"},\"primaryImageOfPage\":{\"@id\":\"https:\/\/www.sonoraenequipo.com.mx\/fabian-pazzosu-profesionalismo-lo-lleva-de-un-proyecto-a-otro\/#primaryimage\"},\"image\":{\"@id\":\"https:\/\/www.sonoraenequipo.com.mx\/fabian-pazzosu-profesionalismo-lo-lleva-de-un-proyecto-a-otro\/#primaryimage\"},\"thumbnailUrl\":\"https:\/\/www.sonoraenequipo.com.mx\/storage\/2023\/05\/pazzo.jpg\",\"datePublished\":\"2023-05-09T00:58:24+00:00\",\"dateModified\":\"2023-05-09T01:49:32+00:00\",\"description\":\"HERMOSILLO, SONORA,MX.\u2500\u2500 El actor Fabi\u00e1n Pazzo platica v\u00eda telef\u00f3nica con Sonora en equipo, nos cuenta de sus proyectos los ya concluidos y otros por En Sonora en Equipo publicamos toda la informaci\u00f3n de Sonora, M\u00e9xico y el Mundo de manera oportuna y busca que la libertad de expresi\u00f3n sea real. Visita nuestro medio informativo publicado desde Hermosillo, Sonora. %\",\"breadcrumb\":{\"@id\":\"https:\/\/www.sonoraenequipo.com.mx\/fabian-pazzosu-profesionalismo-lo-lleva-de-un-proyecto-a-otro\/#breadcrumb\"},\"inLanguage\":\"es\",\"potentialAction\":[{\"@type\":\"ReadAction\",\"target\":[\"https:\/\/www.sonoraenequipo.com.mx\/fabian-pazzosu-profesionalismo-lo-lleva-de-un-proyecto-a-otro\/\"]}]},{\"@type\":\"ImageObject\",\"inLanguage\":\"es\",\"@id\":\"https:\/\/www.sonoraenequipo.com.mx\/fabian-pazzosu-profesionalismo-lo-lleva-de-un-proyecto-a-otro\/#primaryimage\",\"url\":\"https:\/\/www.sonoraenequipo.com.mx\/storage\/2023\/05\/pazzo.jpg\",\"contentUrl\":\"https:\/\/www.sonoraenequipo.com.mx\/storage\/2023\/05\/pazzo.jpg\",\"width\":600,\"height\":400},{\"@type\":\"BreadcrumbList\",\"@id\":\"https:\/\/www.sonoraenequipo.com.mx\/fabian-pazzosu-profesionalismo-lo-lleva-de-un-proyecto-a-otro\/#breadcrumb\",\"itemListElement\":[{\"@type\":\"ListItem\",\"position\":1,\"name\":\"Portada\",\"item\":\"https:\/\/www.sonoraenequipo.com.mx\/\"},{\"@type\":\"ListItem\",\"position\":2,\"name\":\"Fabian Pazzo,su profesionalismo lo lleva de un proyecto a otro\"}]},{\"@type\":\"WebSite\",\"@id\":\"https:\/\/www.sonoraenequipo.com.mx\/#website\",\"url\":\"https:\/\/www.sonoraenequipo.com.mx\/\",\"name\":\"Sonora en Equipo.\",\"description\":\"Diario en l\u00ednea con Noticias desde Hermosillo, Sonora\",\"publisher\":{\"@id\":\"https:\/\/www.sonoraenequipo.com.mx\/#organization\"},\"potentialAction\":[{\"@type\":\"SearchAction\",\"target\":{\"@type\":\"EntryPoint\",\"urlTemplate\":\"https:\/\/www.sonoraenequipo.com.mx\/?s={search_term_string}\"},\"query-input\":{\"@type\":\"PropertyValueSpecification\",\"valueRequired\":true,\"valueName\":\"search_term_string\"}}],\"inLanguage\":\"es\"},{\"@type\":\"Organization\",\"@id\":\"https:\/\/www.sonoraenequipo.com.mx\/#organization\",\"name\":\"Sonoraenequipo.com.mx\",\"url\":\"https:\/\/www.sonoraenequipo.com.mx\/\",\"logo\":{\"@type\":\"ImageObject\",\"inLanguage\":\"es\",\"@id\":\"https:\/\/www.sonoraenequipo.com.mx\/#\/schema\/logo\/image\/\",\"url\":\"https:\/\/www.sonoraenequipo.com.mx\/storage\/2019\/01\/sonoraenequipo_opt.png\",\"contentUrl\":\"https:\/\/www.sonoraenequipo.com.mx\/storage\/2019\/01\/sonoraenequipo_opt.png\",\"width\":375,\"height\":125,\"caption\":\"Sonoraenequipo.com.mx\"},\"image\":{\"@id\":\"https:\/\/www.sonoraenequipo.com.mx\/#\/schema\/logo\/image\/\"},\"sameAs\":[\"https:\/\/www.facebook.com\/SonoraEE\/\",\"https:\/\/x.com\/sonoraenequipo\",\"https:\/\/www.youtube.com\/channel\/UC338nW-lPEYmJQs4ZABQ1SQ\"]},{\"@type\":\"Person\",\"@id\":\"https:\/\/www.sonoraenequipo.com.mx\/#\/schema\/person\/50102df0fb23a8fa9e8effad8fa81386\",\"name\":\"enequipo\",\"image\":{\"@type\":\"ImageObject\",\"inLanguage\":\"es\",\"@id\":\"https:\/\/www.sonoraenequipo.com.mx\/#\/schema\/person\/image\/\",\"url\":\"https:\/\/secure.gravatar.com\/avatar\/049821681b589dabc0bc20695993ccebb09f5b5d4d790cd9251b97faac7c652b?s=96&d=blank&r=g\",\"contentUrl\":\"https:\/\/secure.gravatar.com\/avatar\/049821681b589dabc0bc20695993ccebb09f5b5d4d790cd9251b97faac7c652b?s=96&d=blank&r=g\",\"caption\":\"enequipo\"},\"sameAs\":[\"https:\/\/www.facebook.com\/SonoraEE\"]}]}<\/script>\n ","yoast_head_json":{"title":"Sonora en Equipo. Fabian Pazzo,su profesionalismo lo lleva de un proyecto a otro Showbiz","description":"HERMOSILLO, SONORA,MX.\u2500\u2500 El actor Fabi\u00e1n Pazzo platica v\u00eda telef\u00f3nica con Sonora en equipo, nos cuenta de sus proyectos los ya concluidos y otros por En Sonora en Equipo publicamos toda la informaci\u00f3n de Sonora, M\u00e9xico y el Mundo de manera oportuna y busca que la libertad de expresi\u00f3n sea real. Visita nuestro medio informativo publicado desde Hermosillo, Sonora. %","robots":{"index":"index","follow":"follow","max-snippet":"max-snippet:-1","max-image-preview":"max-image-preview:large","max-video-preview":"max-video-preview:-1"},"canonical":"https:\/\/www.sonoraenequipo.com.mx\/fabian-pazzosu-profesionalismo-lo-lleva-de-un-proyecto-a-otro\/","og_locale":"es_ES","og_type":"article","og_title":"Sonora en Equipo. Fabian Pazzo,su profesionalismo lo lleva de un proyecto a otro Showbiz","og_description":"HERMOSILLO, SONORA,MX.\u2500\u2500 El actor Fabi\u00e1n Pazzo platica v\u00eda telef\u00f3nica con Sonora en equipo, nos cuenta de sus proyectos los ya concluidos y otros por En Sonora en Equipo publicamos toda la informaci\u00f3n de Sonora, M\u00e9xico y el Mundo de manera oportuna y busca que la libertad de expresi\u00f3n sea real. Visita nuestro medio informativo publicado desde Hermosillo, Sonora. %","og_url":"https:\/\/www.sonoraenequipo.com.mx\/fabian-pazzosu-profesionalismo-lo-lleva-de-un-proyecto-a-otro\/","og_site_name":"Sonora en Equipo.","article_publisher":"https:\/\/www.facebook.com\/SonoraEE\/","article_author":"https:\/\/www.facebook.com\/SonoraEE","article_published_time":"2023-05-09T00:58:24+00:00","article_modified_time":"2023-05-09T01:49:32+00:00","og_image":[{"width":600,"height":400,"url":"https:\/\/www.sonoraenequipo.com.mx\/storage\/2023\/05\/pazzo.jpg","type":"image\/jpeg"}],"author":"enequipo","twitter_card":"summary_large_image","twitter_creator":"@sonoraenequipo","twitter_site":"@sonoraenequipo","twitter_misc":{"Escrito por":"enequipo","Tiempo de lectura":"2 minutos"},"schema":{"@context":"https:\/\/schema.org","@graph":[{"@type":"Article","@id":"https:\/\/www.sonoraenequipo.com.mx\/fabian-pazzosu-profesionalismo-lo-lleva-de-un-proyecto-a-otro\/#article","isPartOf":{"@id":"https:\/\/www.sonoraenequipo.com.mx\/fabian-pazzosu-profesionalismo-lo-lleva-de-un-proyecto-a-otro\/"},"author":{"name":"enequipo","@id":"https:\/\/www.sonoraenequipo.com.mx\/#\/schema\/person\/50102df0fb23a8fa9e8effad8fa81386"},"headline":"Fabian Pazzo,su profesionalismo lo lleva de un proyecto a otro","datePublished":"2023-05-09T00:58:24+00:00","dateModified":"2023-05-09T01:49:32+00:00","mainEntityOfPage":{"@id":"https:\/\/www.sonoraenequipo.com.mx\/fabian-pazzosu-profesionalismo-lo-lleva-de-un-proyecto-a-otro\/"},"wordCount":510,"commentCount":0,"publisher":{"@id":"https:\/\/www.sonoraenequipo.com.mx\/#organization"},"image":{"@id":"https:\/\/www.sonoraenequipo.com.mx\/fabian-pazzosu-profesionalismo-lo-lleva-de-un-proyecto-a-otro\/#primaryimage"},"thumbnailUrl":"https:\/\/www.sonoraenequipo.com.mx\/storage\/2023\/05\/pazzo.jpg","keywords":["fabian Pazzo"],"articleSection":["Showbiz"],"inLanguage":"es","potentialAction":[{"@type":"CommentAction","name":"Comment","target":["https:\/\/www.sonoraenequipo.com.mx\/fabian-pazzosu-profesionalismo-lo-lleva-de-un-proyecto-a-otro\/#respond"]}]},{"@type":"WebPage","@id":"https:\/\/www.sonoraenequipo.com.mx\/fabian-pazzosu-profesionalismo-lo-lleva-de-un-proyecto-a-otro\/","url":"https:\/\/www.sonoraenequipo.com.mx\/fabian-pazzosu-profesionalismo-lo-lleva-de-un-proyecto-a-otro\/","name":"Sonora en Equipo. Fabian Pazzo,su profesionalismo lo lleva de un proyecto a otro Showbiz","isPartOf":{"@id":"https:\/\/www.sonoraenequipo.com.mx\/#website"},"primaryImageOfPage":{"@id":"https:\/\/www.sonoraenequipo.com.mx\/fabian-pazzosu-profesionalismo-lo-lleva-de-un-proyecto-a-otro\/#primaryimage"},"image":{"@id":"https:\/\/www.sonoraenequipo.com.mx\/fabian-pazzosu-profesionalismo-lo-lleva-de-un-proyecto-a-otro\/#primaryimage"},"thumbnailUrl":"https:\/\/www.sonoraenequipo.com.mx\/storage\/2023\/05\/pazzo.jpg","datePublished":"2023-05-09T00:58:24+00:00","dateModified":"2023-05-09T01:49:32+00:00","description":"HERMOSILLO, SONORA,MX.\u2500\u2500 El actor Fabi\u00e1n Pazzo platica v\u00eda telef\u00f3nica con Sonora en equipo, nos cuenta de sus proyectos los ya concluidos y otros por En Sonora en Equipo publicamos toda la informaci\u00f3n de Sonora, M\u00e9xico y el Mundo de manera oportuna y busca que la libertad de expresi\u00f3n sea real. Visita nuestro medio informativo publicado desde Hermosillo, Sonora. %","breadcrumb":{"@id":"https:\/\/www.sonoraenequipo.com.mx\/fabian-pazzosu-profesionalismo-lo-lleva-de-un-proyecto-a-otro\/#breadcrumb"},"inLanguage":"es","potentialAction":[{"@type":"ReadAction","target":["https:\/\/www.sonoraenequipo.com.mx\/fabian-pazzosu-profesionalismo-lo-lleva-de-un-proyecto-a-otro\/"]}]},{"@type":"ImageObject","inLanguage":"es","@id":"https:\/\/www.sonoraenequipo.com.mx\/fabian-pazzosu-profesionalismo-lo-lleva-de-un-proyecto-a-otro\/#primaryimage","url":"https:\/\/www.sonoraenequipo.com.mx\/storage\/2023\/05\/pazzo.jpg","contentUrl":"https:\/\/www.sonoraenequipo.com.mx\/storage\/2023\/05\/pazzo.jpg","width":600,"height":400},{"@type":"BreadcrumbList","@id":"https:\/\/www.sonoraenequipo.com.mx\/fabian-pazzosu-profesionalismo-lo-lleva-de-un-proyecto-a-otro\/#breadcrumb","itemListElement":[{"@type":"ListItem","position":1,"name":"Portada","item":"https:\/\/www.sonoraenequipo.com.mx\/"},{"@type":"ListItem","position":2,"name":"Fabian Pazzo,su profesionalismo lo lleva de un proyecto a otro"}]},{"@type":"WebSite","@id":"https:\/\/www.sonoraenequipo.com.mx\/#website","url":"https:\/\/www.sonoraenequipo.com.mx\/","name":"Sonora en Equipo.","description":"Diario en l\u00ednea con Noticias desde Hermosillo, Sonora","publisher":{"@id":"https:\/\/www.sonoraenequipo.com.mx\/#organization"},"potentialAction":[{"@type":"SearchAction","target":{"@type":"EntryPoint","urlTemplate":"https:\/\/www.sonoraenequipo.com.mx\/?s={search_term_string}"},"query-input":{"@type":"PropertyValueSpecification","valueRequired":true,"valueName":"search_term_string"}}],"inLanguage":"es"},{"@type":"Organization","@id":"https:\/\/www.sonoraenequipo.com.mx\/#organization","name":"Sonoraenequipo.com.mx","url":"https:\/\/www.sonoraenequipo.com.mx\/","logo":{"@type":"ImageObject","inLanguage":"es","@id":"https:\/\/www.sonoraenequipo.com.mx\/#\/schema\/logo\/image\/","url":"https:\/\/www.sonoraenequipo.com.mx\/storage\/2019\/01\/sonoraenequipo_opt.png","contentUrl":"https:\/\/www.sonoraenequipo.com.mx\/storage\/2019\/01\/sonoraenequipo_opt.png","width":375,"height":125,"caption":"Sonoraenequipo.com.mx"},"image":{"@id":"https:\/\/www.sonoraenequipo.com.mx\/#\/schema\/logo\/image\/"},"sameAs":["https:\/\/www.facebook.com\/SonoraEE\/","https:\/\/x.com\/sonoraenequipo","https:\/\/www.youtube.com\/channel\/UC338nW-lPEYmJQs4ZABQ1SQ"]},{"@type":"Person","@id":"https:\/\/www.sonoraenequipo.com.mx\/#\/schema\/person\/50102df0fb23a8fa9e8effad8fa81386","name":"enequipo","image":{"@type":"ImageObject","inLanguage":"es","@id":"https:\/\/www.sonoraenequipo.com.mx\/#\/schema\/person\/image\/","url":"https:\/\/secure.gravatar.com\/avatar\/049821681b589dabc0bc20695993ccebb09f5b5d4d790cd9251b97faac7c652b?s=96&d=blank&r=g","contentUrl":"https:\/\/secure.gravatar.com\/avatar\/049821681b589dabc0bc20695993ccebb09f5b5d4d790cd9251b97faac7c652b?s=96&d=blank&r=g","caption":"enequipo"},"sameAs":["https:\/\/www.facebook.com\/SonoraEE"]}]}},"jetpack_featured_media_url":"https:\/\/www.sonoraenequipo.com.mx\/storage\/2023\/05\/pazzo.jpg","_links":{"self":[{"href":"https:\/\/www.sonoraenequipo.com.mx\/api\/wp\/v2\/posts\/165060","targetHints":{"allow":["GET"]}}],"collection":[{"href":"https:\/\/www.sonoraenequipo.com.mx\/api\/wp\/v2\/posts"}],"about":[{"href":"https:\/\/www.sonoraenequipo.com.mx\/api\/wp\/v2\/types\/post"}],"author":[{"embeddable":true,"href":"https:\/\/www.sonoraenequipo.com.mx\/api\/wp\/v2\/users\/1"}],"replies":[{"embeddable":true,"href":"https:\/\/www.sonoraenequipo.com.mx\/api\/wp\/v2\/comments?post=165060"}],"version-history":[{"count":1,"href":"https:\/\/www.sonoraenequipo.com.mx\/api\/wp\/v2\/posts\/165060\/revisions"}],"predecessor-version":[{"id":165062,"href":"https:\/\/www.sonoraenequipo.com.mx\/api\/wp\/v2\/posts\/165060\/revisions\/165062"}],"wp:featuredmedia":[{"embeddable":true,"href":"https:\/\/www.sonoraenequipo.com.mx\/api\/wp\/v2\/media\/165061"}],"wp:attachment":[{"href":"https:\/\/www.sonoraenequipo.com.mx\/api\/wp\/v2\/media?parent=165060"}],"wp:term":[{"taxonomy":"category","embeddable":true,"href":"https:\/\/www.sonoraenequipo.com.mx\/api\/wp\/v2\/categories?post=165060"},{"taxonomy":"post_tag","embeddable":true,"href":"https:\/\/www.sonoraenequipo.com.mx\/api\/wp\/v2\/tags?post=165060"}],"curies":[{"name":"wp","href":"https:\/\/api.w.org\/{rel}","templated":true}]}}