{"id":165595,"date":"2023-05-15T08:39:28","date_gmt":"2023-05-15T15:39:28","guid":{"rendered":"https:\/\/www.sonoraenequipo.com.mx\/?p=165595"},"modified":"2023-05-15T09:40:55","modified_gmt":"2023-05-15T16:40:55","slug":"amlo-anuncia-aumento-salarial-retroactivo-a-maestros-ningun-maestro-ganara-menos-de-16-mil-al-mes","status":"publish","type":"post","link":"https:\/\/www.sonoraenequipo.com.mx\/amlo-anuncia-aumento-salarial-retroactivo-a-maestros-ningun-maestro-ganara-menos-de-16-mil-al-mes\/","title":{"rendered":"AMLO anuncia aumento salarial retroactivo a maestros. \u00abNing\u00fan maestro ganar\u00e1 menos de $16 mil al mes\u00bb"},"content":{"rendered":"<p><strong>CIUDAD DE M\u00c9XICO. MX.<\/strong> \u2014 En el marco del D\u00eda del Maestro, el presidente Andr\u00e9s Manuel L\u00f3pez Obrador anuncia un aumento salarial, en retroactivo, a los maestros del pa\u00eds de 8.2% en promedio, <strong><em>\u00abpara que ning\u00fan maestro gane menos de 16 mil pesos mensuales\u00bb.<\/em><\/strong><\/p>\n<p>&nbsp;<\/p>\n<p> <\/p>\n<p>&nbsp;<\/p>\n<p>\u201c<em><strong>Este d\u00eda expreso, que de manera retroactiva, es decir desde enero pasado, aplicar\u00e1 un aumento al sueldo de maestras y maestros y de todos los que laboran en el sector educativo de 8.2% en promedio. Esto es lo que considero m\u00e1s importante, ning\u00fan maestro ganar\u00e1 menos de 16 mil pesos mensuales\u2026 muchos maestros ganaban menos de 12 mil pesos al mes\u2026 \u00bfc\u00f3mo va a ser posible que ganan menos que eso?\u00bb,<\/strong><\/em> expres\u00f3 en su conferencia de prensa matutina de este lunes.<\/p>\n<p>&nbsp;<\/p>\n<p>El mandatario agreg\u00f3 que al d\u00eda de hoy se han basificado m\u00e1s de 800 mil trabajadores de la educaci\u00f3n y adelant\u00f3 que se buscar\u00e1n jubilaciones dignas para los maestros del pa\u00eds.<\/p>\n<blockquote class=\"twitter-tweet\" data-width=\"550\" data-dnt=\"true\">\n<p lang=\"es\" dir=\"ltr\">\ud83d\udea8<a href=\"https:\/\/twitter.com\/hashtag\/%C3%9ALTIMAHORA?src=hash&amp;ref_src=twsrc%5Etfw\">#\u00daLTIMAHORA<\/a> | AUMENTAN SALARIO PARA MAESTR@S<\/p>\n<p>AMLO anunci\u00f3 incremento salarial de 8.2% para maestras, maestros y todos los que laboran de en el sector educativo. <a href=\"https:\/\/t.co\/cnnYWudqlc\">pic.twitter.com\/cnnYWudqlc<\/a><\/p>\n<p>&mdash; Ruido en la Red (@RuidoEnLaRed) <a href=\"https:\/\/twitter.com\/RuidoEnLaRed\/status\/1658122388322525184?ref_src=twsrc%5Etfw\">May 15, 2023<\/a><\/p><\/blockquote>\n<p><script async src=\"https:\/\/platform.twitter.com\/widgets.js\" charset=\"utf-8\"><\/script><\/p>\n<p>PUBLICADO EL 15 DE MAYO DE 2023\/<\/p>\n","protected":false},"excerpt":{"rendered":"<p>CIUDAD DE M\u00c9XICO. MX. \u2014 En el marco del D\u00eda del Maestro, el presidente Andr\u00e9s&#8230;<\/p>\n","protected":false},"author":1,"featured_media":165590,"comment_status":"open","ping_status":"open","sticky":false,"template":"","format":"standard","meta":{"_monsterinsights_skip_tracking":false,"_monsterinsights_sitenote_active":false,"_monsterinsights_sitenote_note":"","_monsterinsights_sitenote_category":0,"footnotes":""},"categories":[5],"tags":[],"class_list":["post"],"yoast_head":" \n<title>Sonora en Equipo. AMLO anuncia aumento salarial retroactivo a maestros. &quot;Ning\u00fan maestro ganar\u00e1 menos de $16 mil al mes&quot; Rep\u00fablica<\/title>\n<meta name=\"description\" content=\"CIUDAD DE M\u00c9XICO. MX. \u2014 En el marco del D\u00eda del Maestro, el presidente Andr\u00e9s Manuel L\u00f3pez Obrador anuncia un aumento salarial, en retroactivo, a los En Sonora en Equipo publicamos toda la informaci\u00f3n de Sonora, M\u00e9xico y el Mundo de manera oportuna y busca que la libertad de expresi\u00f3n sea real. Visita nuestro medio informativo publicado desde Hermosillo, Sonora. %\" \/>\n<meta name=\"robots\" content=\"index, follow, max-snippet:-1, max-image-preview:large, max-video-preview:-1\" \/>\n<link rel=\"canonical\" href=\"https:\/\/www.sonoraenequipo.com.mx\/amlo-anuncia-aumento-salarial-retroactivo-a-maestros-ningun-maestro-ganara-menos-de-16-mil-al-mes\/\" \/>\n<meta property=\"og:locale\" content=\"es_ES\" \/>\n<meta property=\"og:type\" content=\"article\" \/>\n<meta property=\"og:title\" content=\"Sonora en Equipo. AMLO anuncia aumento salarial retroactivo a maestros. &quot;Ning\u00fan maestro ganar\u00e1 menos de $16 mil al mes&quot; Rep\u00fablica\" \/>\n<meta property=\"og:description\" content=\"CIUDAD DE M\u00c9XICO. MX. \u2014 En el marco del D\u00eda del Maestro, el presidente Andr\u00e9s Manuel L\u00f3pez Obrador anuncia un aumento salarial, en retroactivo, a los En Sonora en Equipo publicamos toda la informaci\u00f3n de Sonora, M\u00e9xico y el Mundo de manera oportuna y busca que la libertad de expresi\u00f3n sea real. Visita nuestro medio informativo publicado desde Hermosillo, Sonora. %\" \/>\n<meta property=\"og:url\" content=\"https:\/\/www.sonoraenequipo.com.mx\/amlo-anuncia-aumento-salarial-retroactivo-a-maestros-ningun-maestro-ganara-menos-de-16-mil-al-mes\/\" \/>\n<meta property=\"og:site_name\" content=\"Sonora en Equipo.\" \/>\n<meta property=\"article:publisher\" content=\"https:\/\/www.facebook.com\/SonoraEE\/\" \/>\n<meta property=\"article:author\" content=\"https:\/\/www.facebook.com\/SonoraEE\" \/>\n<meta property=\"article:published_time\" content=\"2023-05-15T15:39:28+00:00\" \/>\n<meta property=\"article:modified_time\" content=\"2023-05-15T16:40:55+00:00\" \/>\n<meta property=\"og:image\" content=\"https:\/\/www.sonoraenequipo.com.mx\/storage\/2023\/05\/lopez-obrador-en-conferencia-matutina1505-min.jpg\" \/>\n\t<meta property=\"og:image:width\" content=\"900\" \/>\n\t<meta property=\"og:image:height\" content=\"505\" \/>\n\t<meta property=\"og:image:type\" content=\"image\/jpeg\" \/>\n<meta name=\"author\" content=\"enequipo\" \/>\n<meta name=\"twitter:card\" content=\"summary_large_image\" \/>\n<meta name=\"twitter:creator\" content=\"@sonoraenequipo\" \/>\n<meta name=\"twitter:site\" content=\"@sonoraenequipo\" \/>\n<meta name=\"twitter:label1\" content=\"Escrito por\" \/>\n\t<meta name=\"twitter:data1\" content=\"enequipo\" \/>\n\t<meta name=\"twitter:label2\" content=\"Tiempo de lectura\" \/>\n\t<meta name=\"twitter:data2\" content=\"1 minuto\" \/>\n<script type=\"application\/ld+json\" class=\"yoast-schema-graph\">{\"@context\":\"https:\/\/schema.org\",\"@graph\":[{\"@type\":\"Article\",\"@id\":\"https:\/\/www.sonoraenequipo.com.mx\/amlo-anuncia-aumento-salarial-retroactivo-a-maestros-ningun-maestro-ganara-menos-de-16-mil-al-mes\/#article\",\"isPartOf\":{\"@id\":\"https:\/\/www.sonoraenequipo.com.mx\/amlo-anuncia-aumento-salarial-retroactivo-a-maestros-ningun-maestro-ganara-menos-de-16-mil-al-mes\/\"},\"author\":{\"name\":\"enequipo\",\"@id\":\"https:\/\/www.sonoraenequipo.com.mx\/#\/schema\/person\/50102df0fb23a8fa9e8effad8fa81386\"},\"headline\":\"AMLO anuncia aumento salarial retroactivo a maestros. \u00abNing\u00fan maestro ganar\u00e1 menos de $16 mil al mes\u00bb\",\"datePublished\":\"2023-05-15T15:39:28+00:00\",\"dateModified\":\"2023-05-15T16:40:55+00:00\",\"mainEntityOfPage\":{\"@id\":\"https:\/\/www.sonoraenequipo.com.mx\/amlo-anuncia-aumento-salarial-retroactivo-a-maestros-ningun-maestro-ganara-menos-de-16-mil-al-mes\/\"},\"wordCount\":193,\"commentCount\":0,\"publisher\":{\"@id\":\"https:\/\/www.sonoraenequipo.com.mx\/#organization\"},\"image\":{\"@id\":\"https:\/\/www.sonoraenequipo.com.mx\/amlo-anuncia-aumento-salarial-retroactivo-a-maestros-ningun-maestro-ganara-menos-de-16-mil-al-mes\/#primaryimage\"},\"thumbnailUrl\":\"https:\/\/www.sonoraenequipo.com.mx\/storage\/2023\/05\/lopez-obrador-en-conferencia-matutina1505-min.jpg\",\"articleSection\":[\"Rep\u00fablica\"],\"inLanguage\":\"es\",\"potentialAction\":[{\"@type\":\"CommentAction\",\"name\":\"Comment\",\"target\":[\"https:\/\/www.sonoraenequipo.com.mx\/amlo-anuncia-aumento-salarial-retroactivo-a-maestros-ningun-maestro-ganara-menos-de-16-mil-al-mes\/#respond\"]}]},{\"@type\":\"WebPage\",\"@id\":\"https:\/\/www.sonoraenequipo.com.mx\/amlo-anuncia-aumento-salarial-retroactivo-a-maestros-ningun-maestro-ganara-menos-de-16-mil-al-mes\/\",\"url\":\"https:\/\/www.sonoraenequipo.com.mx\/amlo-anuncia-aumento-salarial-retroactivo-a-maestros-ningun-maestro-ganara-menos-de-16-mil-al-mes\/\",\"name\":\"Sonora en Equipo. AMLO anuncia aumento salarial retroactivo a maestros. \\\"Ning\u00fan maestro ganar\u00e1 menos de $16 mil al mes\\\" Rep\u00fablica\",\"isPartOf\":{\"@id\":\"https:\/\/www.sonoraenequipo.com.mx\/#website\"},\"primaryImageOfPage\":{\"@id\":\"https:\/\/www.sonoraenequipo.com.mx\/amlo-anuncia-aumento-salarial-retroactivo-a-maestros-ningun-maestro-ganara-menos-de-16-mil-al-mes\/#primaryimage\"},\"image\":{\"@id\":\"https:\/\/www.sonoraenequipo.com.mx\/amlo-anuncia-aumento-salarial-retroactivo-a-maestros-ningun-maestro-ganara-menos-de-16-mil-al-mes\/#primaryimage\"},\"thumbnailUrl\":\"https:\/\/www.sonoraenequipo.com.mx\/storage\/2023\/05\/lopez-obrador-en-conferencia-matutina1505-min.jpg\",\"datePublished\":\"2023-05-15T15:39:28+00:00\",\"dateModified\":\"2023-05-15T16:40:55+00:00\",\"description\":\"CIUDAD DE M\u00c9XICO. MX. \u2014 En el marco del D\u00eda del Maestro, el presidente Andr\u00e9s Manuel L\u00f3pez Obrador anuncia un aumento salarial, en retroactivo, a los En Sonora en Equipo publicamos toda la informaci\u00f3n de Sonora, M\u00e9xico y el Mundo de manera oportuna y busca que la libertad de expresi\u00f3n sea real. Visita nuestro medio informativo publicado desde Hermosillo, Sonora. %\",\"breadcrumb\":{\"@id\":\"https:\/\/www.sonoraenequipo.com.mx\/amlo-anuncia-aumento-salarial-retroactivo-a-maestros-ningun-maestro-ganara-menos-de-16-mil-al-mes\/#breadcrumb\"},\"inLanguage\":\"es\",\"potentialAction\":[{\"@type\":\"ReadAction\",\"target\":[\"https:\/\/www.sonoraenequipo.com.mx\/amlo-anuncia-aumento-salarial-retroactivo-a-maestros-ningun-maestro-ganara-menos-de-16-mil-al-mes\/\"]}]},{\"@type\":\"ImageObject\",\"inLanguage\":\"es\",\"@id\":\"https:\/\/www.sonoraenequipo.com.mx\/amlo-anuncia-aumento-salarial-retroactivo-a-maestros-ningun-maestro-ganara-menos-de-16-mil-al-mes\/#primaryimage\",\"url\":\"https:\/\/www.sonoraenequipo.com.mx\/storage\/2023\/05\/lopez-obrador-en-conferencia-matutina1505-min.jpg\",\"contentUrl\":\"https:\/\/www.sonoraenequipo.com.mx\/storage\/2023\/05\/lopez-obrador-en-conferencia-matutina1505-min.jpg\",\"width\":900,\"height\":505},{\"@type\":\"BreadcrumbList\",\"@id\":\"https:\/\/www.sonoraenequipo.com.mx\/amlo-anuncia-aumento-salarial-retroactivo-a-maestros-ningun-maestro-ganara-menos-de-16-mil-al-mes\/#breadcrumb\",\"itemListElement\":[{\"@type\":\"ListItem\",\"position\":1,\"name\":\"Portada\",\"item\":\"https:\/\/www.sonoraenequipo.com.mx\/\"},{\"@type\":\"ListItem\",\"position\":2,\"name\":\"AMLO anuncia aumento salarial retroactivo a maestros. \u00abNing\u00fan maestro ganar\u00e1 menos de $16 mil al mes\u00bb\"}]},{\"@type\":\"WebSite\",\"@id\":\"https:\/\/www.sonoraenequipo.com.mx\/#website\",\"url\":\"https:\/\/www.sonoraenequipo.com.mx\/\",\"name\":\"Sonora en Equipo.\",\"description\":\"Diario en l\u00ednea con Noticias desde Hermosillo, Sonora\",\"publisher\":{\"@id\":\"https:\/\/www.sonoraenequipo.com.mx\/#organization\"},\"potentialAction\":[{\"@type\":\"SearchAction\",\"target\":{\"@type\":\"EntryPoint\",\"urlTemplate\":\"https:\/\/www.sonoraenequipo.com.mx\/?s={search_term_string}\"},\"query-input\":{\"@type\":\"PropertyValueSpecification\",\"valueRequired\":true,\"valueName\":\"search_term_string\"}}],\"inLanguage\":\"es\"},{\"@type\":\"Organization\",\"@id\":\"https:\/\/www.sonoraenequipo.com.mx\/#organization\",\"name\":\"Sonoraenequipo.com.mx\",\"url\":\"https:\/\/www.sonoraenequipo.com.mx\/\",\"logo\":{\"@type\":\"ImageObject\",\"inLanguage\":\"es\",\"@id\":\"https:\/\/www.sonoraenequipo.com.mx\/#\/schema\/logo\/image\/\",\"url\":\"https:\/\/www.sonoraenequipo.com.mx\/storage\/2019\/01\/sonoraenequipo_opt.png\",\"contentUrl\":\"https:\/\/www.sonoraenequipo.com.mx\/storage\/2019\/01\/sonoraenequipo_opt.png\",\"width\":375,\"height\":125,\"caption\":\"Sonoraenequipo.com.mx\"},\"image\":{\"@id\":\"https:\/\/www.sonoraenequipo.com.mx\/#\/schema\/logo\/image\/\"},\"sameAs\":[\"https:\/\/www.facebook.com\/SonoraEE\/\",\"https:\/\/x.com\/sonoraenequipo\",\"https:\/\/www.youtube.com\/channel\/UC338nW-lPEYmJQs4ZABQ1SQ\"]},{\"@type\":\"Person\",\"@id\":\"https:\/\/www.sonoraenequipo.com.mx\/#\/schema\/person\/50102df0fb23a8fa9e8effad8fa81386\",\"name\":\"enequipo\",\"image\":{\"@type\":\"ImageObject\",\"inLanguage\":\"es\",\"@id\":\"https:\/\/www.sonoraenequipo.com.mx\/#\/schema\/person\/image\/\",\"url\":\"https:\/\/secure.gravatar.com\/avatar\/049821681b589dabc0bc20695993ccebb09f5b5d4d790cd9251b97faac7c652b?s=96&d=blank&r=g\",\"contentUrl\":\"https:\/\/secure.gravatar.com\/avatar\/049821681b589dabc0bc20695993ccebb09f5b5d4d790cd9251b97faac7c652b?s=96&d=blank&r=g\",\"caption\":\"enequipo\"},\"sameAs\":[\"https:\/\/www.facebook.com\/SonoraEE\"]}]}<\/script>\n ","yoast_head_json":{"title":"Sonora en Equipo. AMLO anuncia aumento salarial retroactivo a maestros. \"Ning\u00fan maestro ganar\u00e1 menos de $16 mil al mes\" Rep\u00fablica","description":"CIUDAD DE M\u00c9XICO. MX. \u2014 En el marco del D\u00eda del Maestro, el presidente Andr\u00e9s Manuel L\u00f3pez Obrador anuncia un aumento salarial, en retroactivo, a los En Sonora en Equipo publicamos toda la informaci\u00f3n de Sonora, M\u00e9xico y el Mundo de manera oportuna y busca que la libertad de expresi\u00f3n sea real. Visita nuestro medio informativo publicado desde Hermosillo, Sonora. %","robots":{"index":"index","follow":"follow","max-snippet":"max-snippet:-1","max-image-preview":"max-image-preview:large","max-video-preview":"max-video-preview:-1"},"canonical":"https:\/\/www.sonoraenequipo.com.mx\/amlo-anuncia-aumento-salarial-retroactivo-a-maestros-ningun-maestro-ganara-menos-de-16-mil-al-mes\/","og_locale":"es_ES","og_type":"article","og_title":"Sonora en Equipo. AMLO anuncia aumento salarial retroactivo a maestros. \"Ning\u00fan maestro ganar\u00e1 menos de $16 mil al mes\" Rep\u00fablica","og_description":"CIUDAD DE M\u00c9XICO. MX. \u2014 En el marco del D\u00eda del Maestro, el presidente Andr\u00e9s Manuel L\u00f3pez Obrador anuncia un aumento salarial, en retroactivo, a los En Sonora en Equipo publicamos toda la informaci\u00f3n de Sonora, M\u00e9xico y el Mundo de manera oportuna y busca que la libertad de expresi\u00f3n sea real. Visita nuestro medio informativo publicado desde Hermosillo, Sonora. %","og_url":"https:\/\/www.sonoraenequipo.com.mx\/amlo-anuncia-aumento-salarial-retroactivo-a-maestros-ningun-maestro-ganara-menos-de-16-mil-al-mes\/","og_site_name":"Sonora en Equipo.","article_publisher":"https:\/\/www.facebook.com\/SonoraEE\/","article_author":"https:\/\/www.facebook.com\/SonoraEE","article_published_time":"2023-05-15T15:39:28+00:00","article_modified_time":"2023-05-15T16:40:55+00:00","og_image":[{"width":900,"height":505,"url":"https:\/\/www.sonoraenequipo.com.mx\/storage\/2023\/05\/lopez-obrador-en-conferencia-matutina1505-min.jpg","type":"image\/jpeg"}],"author":"enequipo","twitter_card":"summary_large_image","twitter_creator":"@sonoraenequipo","twitter_site":"@sonoraenequipo","twitter_misc":{"Escrito por":"enequipo","Tiempo de lectura":"1 minuto"},"schema":{"@context":"https:\/\/schema.org","@graph":[{"@type":"Article","@id":"https:\/\/www.sonoraenequipo.com.mx\/amlo-anuncia-aumento-salarial-retroactivo-a-maestros-ningun-maestro-ganara-menos-de-16-mil-al-mes\/#article","isPartOf":{"@id":"https:\/\/www.sonoraenequipo.com.mx\/amlo-anuncia-aumento-salarial-retroactivo-a-maestros-ningun-maestro-ganara-menos-de-16-mil-al-mes\/"},"author":{"name":"enequipo","@id":"https:\/\/www.sonoraenequipo.com.mx\/#\/schema\/person\/50102df0fb23a8fa9e8effad8fa81386"},"headline":"AMLO anuncia aumento salarial retroactivo a maestros. \u00abNing\u00fan maestro ganar\u00e1 menos de $16 mil al mes\u00bb","datePublished":"2023-05-15T15:39:28+00:00","dateModified":"2023-05-15T16:40:55+00:00","mainEntityOfPage":{"@id":"https:\/\/www.sonoraenequipo.com.mx\/amlo-anuncia-aumento-salarial-retroactivo-a-maestros-ningun-maestro-ganara-menos-de-16-mil-al-mes\/"},"wordCount":193,"commentCount":0,"publisher":{"@id":"https:\/\/www.sonoraenequipo.com.mx\/#organization"},"image":{"@id":"https:\/\/www.sonoraenequipo.com.mx\/amlo-anuncia-aumento-salarial-retroactivo-a-maestros-ningun-maestro-ganara-menos-de-16-mil-al-mes\/#primaryimage"},"thumbnailUrl":"https:\/\/www.sonoraenequipo.com.mx\/storage\/2023\/05\/lopez-obrador-en-conferencia-matutina1505-min.jpg","articleSection":["Rep\u00fablica"],"inLanguage":"es","potentialAction":[{"@type":"CommentAction","name":"Comment","target":["https:\/\/www.sonoraenequipo.com.mx\/amlo-anuncia-aumento-salarial-retroactivo-a-maestros-ningun-maestro-ganara-menos-de-16-mil-al-mes\/#respond"]}]},{"@type":"WebPage","@id":"https:\/\/www.sonoraenequipo.com.mx\/amlo-anuncia-aumento-salarial-retroactivo-a-maestros-ningun-maestro-ganara-menos-de-16-mil-al-mes\/","url":"https:\/\/www.sonoraenequipo.com.mx\/amlo-anuncia-aumento-salarial-retroactivo-a-maestros-ningun-maestro-ganara-menos-de-16-mil-al-mes\/","name":"Sonora en Equipo. AMLO anuncia aumento salarial retroactivo a maestros. \"Ning\u00fan maestro ganar\u00e1 menos de $16 mil al mes\" Rep\u00fablica","isPartOf":{"@id":"https:\/\/www.sonoraenequipo.com.mx\/#website"},"primaryImageOfPage":{"@id":"https:\/\/www.sonoraenequipo.com.mx\/amlo-anuncia-aumento-salarial-retroactivo-a-maestros-ningun-maestro-ganara-menos-de-16-mil-al-mes\/#primaryimage"},"image":{"@id":"https:\/\/www.sonoraenequipo.com.mx\/amlo-anuncia-aumento-salarial-retroactivo-a-maestros-ningun-maestro-ganara-menos-de-16-mil-al-mes\/#primaryimage"},"thumbnailUrl":"https:\/\/www.sonoraenequipo.com.mx\/storage\/2023\/05\/lopez-obrador-en-conferencia-matutina1505-min.jpg","datePublished":"2023-05-15T15:39:28+00:00","dateModified":"2023-05-15T16:40:55+00:00","description":"CIUDAD DE M\u00c9XICO. MX. \u2014 En el marco del D\u00eda del Maestro, el presidente Andr\u00e9s Manuel L\u00f3pez Obrador anuncia un aumento salarial, en retroactivo, a los En Sonora en Equipo publicamos toda la informaci\u00f3n de Sonora, M\u00e9xico y el Mundo de manera oportuna y busca que la libertad de expresi\u00f3n sea real. Visita nuestro medio informativo publicado desde Hermosillo, Sonora. %","breadcrumb":{"@id":"https:\/\/www.sonoraenequipo.com.mx\/amlo-anuncia-aumento-salarial-retroactivo-a-maestros-ningun-maestro-ganara-menos-de-16-mil-al-mes\/#breadcrumb"},"inLanguage":"es","potentialAction":[{"@type":"ReadAction","target":["https:\/\/www.sonoraenequipo.com.mx\/amlo-anuncia-aumento-salarial-retroactivo-a-maestros-ningun-maestro-ganara-menos-de-16-mil-al-mes\/"]}]},{"@type":"ImageObject","inLanguage":"es","@id":"https:\/\/www.sonoraenequipo.com.mx\/amlo-anuncia-aumento-salarial-retroactivo-a-maestros-ningun-maestro-ganara-menos-de-16-mil-al-mes\/#primaryimage","url":"https:\/\/www.sonoraenequipo.com.mx\/storage\/2023\/05\/lopez-obrador-en-conferencia-matutina1505-min.jpg","contentUrl":"https:\/\/www.sonoraenequipo.com.mx\/storage\/2023\/05\/lopez-obrador-en-conferencia-matutina1505-min.jpg","width":900,"height":505},{"@type":"BreadcrumbList","@id":"https:\/\/www.sonoraenequipo.com.mx\/amlo-anuncia-aumento-salarial-retroactivo-a-maestros-ningun-maestro-ganara-menos-de-16-mil-al-mes\/#breadcrumb","itemListElement":[{"@type":"ListItem","position":1,"name":"Portada","item":"https:\/\/www.sonoraenequipo.com.mx\/"},{"@type":"ListItem","position":2,"name":"AMLO anuncia aumento salarial retroactivo a maestros. \u00abNing\u00fan maestro ganar\u00e1 menos de $16 mil al mes\u00bb"}]},{"@type":"WebSite","@id":"https:\/\/www.sonoraenequipo.com.mx\/#website","url":"https:\/\/www.sonoraenequipo.com.mx\/","name":"Sonora en Equipo.","description":"Diario en l\u00ednea con Noticias desde Hermosillo, Sonora","publisher":{"@id":"https:\/\/www.sonoraenequipo.com.mx\/#organization"},"potentialAction":[{"@type":"SearchAction","target":{"@type":"EntryPoint","urlTemplate":"https:\/\/www.sonoraenequipo.com.mx\/?s={search_term_string}"},"query-input":{"@type":"PropertyValueSpecification","valueRequired":true,"valueName":"search_term_string"}}],"inLanguage":"es"},{"@type":"Organization","@id":"https:\/\/www.sonoraenequipo.com.mx\/#organization","name":"Sonoraenequipo.com.mx","url":"https:\/\/www.sonoraenequipo.com.mx\/","logo":{"@type":"ImageObject","inLanguage":"es","@id":"https:\/\/www.sonoraenequipo.com.mx\/#\/schema\/logo\/image\/","url":"https:\/\/www.sonoraenequipo.com.mx\/storage\/2019\/01\/sonoraenequipo_opt.png","contentUrl":"https:\/\/www.sonoraenequipo.com.mx\/storage\/2019\/01\/sonoraenequipo_opt.png","width":375,"height":125,"caption":"Sonoraenequipo.com.mx"},"image":{"@id":"https:\/\/www.sonoraenequipo.com.mx\/#\/schema\/logo\/image\/"},"sameAs":["https:\/\/www.facebook.com\/SonoraEE\/","https:\/\/x.com\/sonoraenequipo","https:\/\/www.youtube.com\/channel\/UC338nW-lPEYmJQs4ZABQ1SQ"]},{"@type":"Person","@id":"https:\/\/www.sonoraenequipo.com.mx\/#\/schema\/person\/50102df0fb23a8fa9e8effad8fa81386","name":"enequipo","image":{"@type":"ImageObject","inLanguage":"es","@id":"https:\/\/www.sonoraenequipo.com.mx\/#\/schema\/person\/image\/","url":"https:\/\/secure.gravatar.com\/avatar\/049821681b589dabc0bc20695993ccebb09f5b5d4d790cd9251b97faac7c652b?s=96&d=blank&r=g","contentUrl":"https:\/\/secure.gravatar.com\/avatar\/049821681b589dabc0bc20695993ccebb09f5b5d4d790cd9251b97faac7c652b?s=96&d=blank&r=g","caption":"enequipo"},"sameAs":["https:\/\/www.facebook.com\/SonoraEE"]}]}},"jetpack_featured_media_url":"https:\/\/www.sonoraenequipo.com.mx\/storage\/2023\/05\/lopez-obrador-en-conferencia-matutina1505-min.jpg","_links":{"self":[{"href":"https:\/\/www.sonoraenequipo.com.mx\/api\/wp\/v2\/posts\/165595","targetHints":{"allow":["GET"]}}],"collection":[{"href":"https:\/\/www.sonoraenequipo.com.mx\/api\/wp\/v2\/posts"}],"about":[{"href":"https:\/\/www.sonoraenequipo.com.mx\/api\/wp\/v2\/types\/post"}],"author":[{"embeddable":true,"href":"https:\/\/www.sonoraenequipo.com.mx\/api\/wp\/v2\/users\/1"}],"replies":[{"embeddable":true,"href":"https:\/\/www.sonoraenequipo.com.mx\/api\/wp\/v2\/comments?post=165595"}],"version-history":[{"count":1,"href":"https:\/\/www.sonoraenequipo.com.mx\/api\/wp\/v2\/posts\/165595\/revisions"}],"predecessor-version":[{"id":165596,"href":"https:\/\/www.sonoraenequipo.com.mx\/api\/wp\/v2\/posts\/165595\/revisions\/165596"}],"wp:featuredmedia":[{"embeddable":true,"href":"https:\/\/www.sonoraenequipo.com.mx\/api\/wp\/v2\/media\/165590"}],"wp:attachment":[{"href":"https:\/\/www.sonoraenequipo.com.mx\/api\/wp\/v2\/media?parent=165595"}],"wp:term":[{"taxonomy":"category","embeddable":true,"href":"https:\/\/www.sonoraenequipo.com.mx\/api\/wp\/v2\/categories?post=165595"},{"taxonomy":"post_tag","embeddable":true,"href":"https:\/\/www.sonoraenequipo.com.mx\/api\/wp\/v2\/tags?post=165595"}],"curies":[{"name":"wp","href":"https:\/\/api.w.org\/{rel}","templated":true}]}}