{"id":165624,"date":"2023-05-15T13:38:07","date_gmt":"2023-05-15T20:38:07","guid":{"rendered":"https:\/\/www.sonoraenequipo.com.mx\/?p=165624"},"modified":"2023-05-15T14:04:01","modified_gmt":"2023-05-15T21:04:01","slug":"morena-va-por-consulta-popular-para-elegir-ministros-de-scjn","status":"publish","type":"post","link":"https:\/\/www.sonoraenequipo.com.mx\/morena-va-por-consulta-popular-para-elegir-ministros-de-scjn\/","title":{"rendered":"Morena Va por Consulta Popular para Elegir Ministros de SCJN"},"content":{"rendered":"<p><strong>CIUDAD DE M\u00c9XICO. MX.\u2014<\/strong> El diputado de Morena, Ignacio Mier Velazco, propone que despu\u00e9s del proceso electoral de 2024, el pueblo de M\u00e9xico decida conforme a la ley<\/p>\n<p>&nbsp;<\/p>\n<p> <\/p>\n<p>&nbsp;<\/p>\n<p>El coordinador de Morena en la C\u00e1mara de Diputados, Ignacio Mier Velazco, anunci\u00f3 este domingo 14 de mayo de 2023 que propondr\u00e1 una consulta popular para que el pueblo de M\u00e9xico decida si los 11 ministros de la Suprema Corte de Justicia de la Naci\u00f3n (SCJN) deben ser electos por el voto directo.<\/p>\n<p>&nbsp;<\/p>\n<p>&nbsp;<\/p>\n<p>Mier Velazco anunci\u00f3 que esta propuesta se har\u00e1 conforme a la ley y consider\u00f3 que Morena y seguramente sus aliados ayudar\u00e1n, \u201cseremos casi el 60 por ciento\u201d.<\/p>\n<p>&nbsp;<\/p>\n<p>&nbsp;<\/p>\n<p>El legislador de Morena expres\u00f3 que la ruta ser\u00eda para que la consulta se lleve a cabo en agosto de 2024, pasado el proceso electoral y con apego a la ley.<\/p>\n<p>&nbsp;<\/p>\n<p>La gente podr\u00eda decidir si los ministros deben ser electos por voto directo, con un proceso previo al reconocimiento, a la meritocracia y a su curr\u00edculo, formaci\u00f3n, eficacia y experiencia dentro del Poder Judicial.<\/p>\n<p>&nbsp;<\/p>\n<p>El coordinador advirti\u00f3 que hay un gran problema en el Poder Judicial, porque dictan sentencias injustas o no dictan sentencias, tienen a gente en prisi\u00f3n esperando un juicio por m\u00e1s de 10 a\u00f1os, tanto en el fuero com\u00fan como en el fuero federal, \u201cy no pasa nada, no hay ninguna responsabilidad solidaria y deber\u00eda de haber una sanci\u00f3n\u201d.<\/p>\n<p>&nbsp;<\/p>\n<p><em><strong>\u201cEstoy consciente que son temas espinosos, son temas que pisan callos y pisan llagas, pero lo peor que puede pasar es que nos quedemos callados\u201d.<\/strong><\/em><\/p>\n<p>&nbsp;<\/p>\n<p>El diputado federal cit\u00f3 que el Poder Judicial y los organismos constitucionalmente aut\u00f3nomos, excepto la Comisi\u00f3n Nacional de Derechos Humanos, ganan m\u00e1s que el presidente de la Rep\u00fablica porque se ampararon.<\/p>\n<p>&nbsp;<\/p>\n<p>&nbsp;<\/p>\n<p>\u201cGanando m\u00e1s que el presidente de la Rep\u00fablica, el que se lleva la medalla de oro, por excesos, despilfarro, dispendio y abuso, son en el Poder Judicial, pero dentro de las medallas de oro, la de platino se la lleva la Suprema Corte de Justicia de la Naci\u00f3n, los 11 ministros de la Corte\u00bb, dijo.<\/p>\n<p>&nbsp;<\/p>\n<h3>Denuncian privilegios y nepotismo<\/h3>\n<p>El legislador de Morena indic\u00f3 que existen privilegios; el nepotismo, el amiguismo, el compadrazgo, la promoci\u00f3n, no en funci\u00f3n del Servicio Profesional de Carrera sino de los cuates, la imposici\u00f3n de intereses econ\u00f3micos en los juzgados especializados y m\u00e1s en los que tiene que ver con competencia econ\u00f3mica o con cuestiones de car\u00e1cter administrativo.<\/p>\n<p>&nbsp;<\/p>\n<p>\u201cPues ah\u00ed s\u00ed se la rayan, pero salen rayad\u00edsimos\u201d. A\u00f1adi\u00f3 que los ministros reciben sueldos, que acumulados anualmente representan 7 millones de pesos.<\/p>\n<p>&nbsp;<\/p>\n<p>Ignacio Mier cit\u00f3 que los ministros violentaron la autonom\u00eda del Poder Legislativo, siendo jueces y parte en muchos asuntos promovidos desde la oposici\u00f3n.<\/p>\n<p>&nbsp;<\/p>\n<p>Coment\u00f3 que todos los privilegios que tienen los ministros responden a otros intereses, y no al anhelo de contar con un Poder Judicial que permita leyes eficaces y justas.<\/p>\n<p>&nbsp;<\/p>\n<p>\u201cS\u00ed de algo tiene hambre y sed este pa\u00eds es de justicia; mujeres violentadas que no la encuentran, ni en la procuraci\u00f3n ni en la administraci\u00f3n\u201d. Adem\u00e1s de la injusticia que viven diario los ind\u00edgenas, los m\u00e1s pobres, los que son violentados en la calle o que atentan contra su patrimonio o los que son v\u00edctimas de secuestros, \u201cpara esos no hay justicia\u201d.<\/p>\n<p>&nbsp;<\/p>\n<p>&nbsp;<\/p>\n<p>\u201cAh, pero no fuera un amparo, una controversia, una declaraci\u00f3n de inconstitucionalidad porque de manera m\u00e1gica el ministro ponente tiene el proyecto en cuatro d\u00edas y ocho d\u00edas despu\u00e9s ya est\u00e1 en el Pleno, en 15. Y dicen que nosotros no respetamos el procedimiento, es un cinismo de verdad\u201d. Se\u00f1al\u00f3 que en el panorama esta situaci\u00f3n se puede remediar, por ello su propuesta de la consulta popular.<\/p>\n<p>&nbsp;<\/p>\n<p>&nbsp;<\/p>\n<p>PUBLICADO EL 15 DE MAYO DE 2023\/ Con informaci\u00f3n de Morena)<\/p>\n","protected":false},"excerpt":{"rendered":"<p>CIUDAD DE M\u00c9XICO. MX.\u2014 El diputado de Morena, Ignacio Mier Velazco, propone que despu\u00e9s del&#8230;<\/p>\n","protected":false},"author":1,"featured_media":165630,"comment_status":"open","ping_status":"open","sticky":false,"template":"","format":"standard","meta":{"_monsterinsights_skip_tracking":false,"_monsterinsights_sitenote_active":false,"_monsterinsights_sitenote_note":"","_monsterinsights_sitenote_category":0,"footnotes":""},"categories":[5],"tags":[],"class_list":["post"],"yoast_head":" \n<title>Sonora en Equipo. Morena Va por Consulta Popular para Elegir Ministros de SCJN Rep\u00fablica<\/title>\n<meta name=\"description\" content=\"CIUDAD DE M\u00c9XICO. MX.\u2014 El diputado de Morena, Ignacio Mier Velazco, propone que despu\u00e9s del proceso electoral de 2024, el pueblo de M\u00e9xico decida conforme En Sonora en Equipo publicamos toda la informaci\u00f3n de Sonora, M\u00e9xico y el Mundo de manera oportuna y busca que la libertad de expresi\u00f3n sea real. Visita nuestro medio informativo publicado desde Hermosillo, Sonora. %\" \/>\n<meta name=\"robots\" content=\"index, follow, max-snippet:-1, max-image-preview:large, max-video-preview:-1\" \/>\n<link rel=\"canonical\" href=\"https:\/\/www.sonoraenequipo.com.mx\/morena-va-por-consulta-popular-para-elegir-ministros-de-scjn\/\" \/>\n<meta property=\"og:locale\" content=\"es_ES\" \/>\n<meta property=\"og:type\" content=\"article\" \/>\n<meta property=\"og:title\" content=\"Sonora en Equipo. Morena Va por Consulta Popular para Elegir Ministros de SCJN Rep\u00fablica\" \/>\n<meta property=\"og:description\" content=\"CIUDAD DE M\u00c9XICO. MX.\u2014 El diputado de Morena, Ignacio Mier Velazco, propone que despu\u00e9s del proceso electoral de 2024, el pueblo de M\u00e9xico decida conforme En Sonora en Equipo publicamos toda la informaci\u00f3n de Sonora, M\u00e9xico y el Mundo de manera oportuna y busca que la libertad de expresi\u00f3n sea real. Visita nuestro medio informativo publicado desde Hermosillo, Sonora. %\" \/>\n<meta property=\"og:url\" content=\"https:\/\/www.sonoraenequipo.com.mx\/morena-va-por-consulta-popular-para-elegir-ministros-de-scjn\/\" \/>\n<meta property=\"og:site_name\" content=\"Sonora en Equipo.\" \/>\n<meta property=\"article:publisher\" content=\"https:\/\/www.facebook.com\/SonoraEE\/\" \/>\n<meta property=\"article:author\" content=\"https:\/\/www.facebook.com\/SonoraEE\" \/>\n<meta property=\"article:published_time\" content=\"2023-05-15T20:38:07+00:00\" \/>\n<meta property=\"article:modified_time\" content=\"2023-05-15T21:04:01+00:00\" \/>\n<meta property=\"og:image\" content=\"https:\/\/www.sonoraenequipo.com.mx\/storage\/2023\/05\/morena-camara-diputados-nacho-mier..-min-2.jpg\" \/>\n\t<meta property=\"og:image:width\" content=\"734\" \/>\n\t<meta property=\"og:image:height\" content=\"413\" \/>\n\t<meta property=\"og:image:type\" content=\"image\/jpeg\" \/>\n<meta name=\"author\" content=\"enequipo\" \/>\n<meta name=\"twitter:card\" content=\"summary_large_image\" \/>\n<meta name=\"twitter:creator\" content=\"@sonoraenequipo\" \/>\n<meta name=\"twitter:site\" content=\"@sonoraenequipo\" \/>\n<meta name=\"twitter:label1\" content=\"Escrito por\" \/>\n\t<meta name=\"twitter:data1\" content=\"enequipo\" \/>\n\t<meta name=\"twitter:label2\" content=\"Tiempo de lectura\" \/>\n\t<meta name=\"twitter:data2\" content=\"3 minutos\" \/>\n<script type=\"application\/ld+json\" class=\"yoast-schema-graph\">{\"@context\":\"https:\/\/schema.org\",\"@graph\":[{\"@type\":\"Article\",\"@id\":\"https:\/\/www.sonoraenequipo.com.mx\/morena-va-por-consulta-popular-para-elegir-ministros-de-scjn\/#article\",\"isPartOf\":{\"@id\":\"https:\/\/www.sonoraenequipo.com.mx\/morena-va-por-consulta-popular-para-elegir-ministros-de-scjn\/\"},\"author\":{\"name\":\"enequipo\",\"@id\":\"https:\/\/www.sonoraenequipo.com.mx\/#\/schema\/person\/50102df0fb23a8fa9e8effad8fa81386\"},\"headline\":\"Morena Va por Consulta Popular para Elegir Ministros de SCJN\",\"datePublished\":\"2023-05-15T20:38:07+00:00\",\"dateModified\":\"2023-05-15T21:04:01+00:00\",\"mainEntityOfPage\":{\"@id\":\"https:\/\/www.sonoraenequipo.com.mx\/morena-va-por-consulta-popular-para-elegir-ministros-de-scjn\/\"},\"wordCount\":685,\"commentCount\":0,\"publisher\":{\"@id\":\"https:\/\/www.sonoraenequipo.com.mx\/#organization\"},\"image\":{\"@id\":\"https:\/\/www.sonoraenequipo.com.mx\/morena-va-por-consulta-popular-para-elegir-ministros-de-scjn\/#primaryimage\"},\"thumbnailUrl\":\"https:\/\/www.sonoraenequipo.com.mx\/storage\/2023\/05\/morena-camara-diputados-nacho-mier..-min-2.jpg\",\"articleSection\":[\"Rep\u00fablica\"],\"inLanguage\":\"es\",\"potentialAction\":[{\"@type\":\"CommentAction\",\"name\":\"Comment\",\"target\":[\"https:\/\/www.sonoraenequipo.com.mx\/morena-va-por-consulta-popular-para-elegir-ministros-de-scjn\/#respond\"]}]},{\"@type\":\"WebPage\",\"@id\":\"https:\/\/www.sonoraenequipo.com.mx\/morena-va-por-consulta-popular-para-elegir-ministros-de-scjn\/\",\"url\":\"https:\/\/www.sonoraenequipo.com.mx\/morena-va-por-consulta-popular-para-elegir-ministros-de-scjn\/\",\"name\":\"Sonora en Equipo. Morena Va por Consulta Popular para Elegir Ministros de SCJN Rep\u00fablica\",\"isPartOf\":{\"@id\":\"https:\/\/www.sonoraenequipo.com.mx\/#website\"},\"primaryImageOfPage\":{\"@id\":\"https:\/\/www.sonoraenequipo.com.mx\/morena-va-por-consulta-popular-para-elegir-ministros-de-scjn\/#primaryimage\"},\"image\":{\"@id\":\"https:\/\/www.sonoraenequipo.com.mx\/morena-va-por-consulta-popular-para-elegir-ministros-de-scjn\/#primaryimage\"},\"thumbnailUrl\":\"https:\/\/www.sonoraenequipo.com.mx\/storage\/2023\/05\/morena-camara-diputados-nacho-mier..-min-2.jpg\",\"datePublished\":\"2023-05-15T20:38:07+00:00\",\"dateModified\":\"2023-05-15T21:04:01+00:00\",\"description\":\"CIUDAD DE M\u00c9XICO. MX.\u2014 El diputado de Morena, Ignacio Mier Velazco, propone que despu\u00e9s del proceso electoral de 2024, el pueblo de M\u00e9xico decida conforme En Sonora en Equipo publicamos toda la informaci\u00f3n de Sonora, M\u00e9xico y el Mundo de manera oportuna y busca que la libertad de expresi\u00f3n sea real. Visita nuestro medio informativo publicado desde Hermosillo, Sonora. %\",\"breadcrumb\":{\"@id\":\"https:\/\/www.sonoraenequipo.com.mx\/morena-va-por-consulta-popular-para-elegir-ministros-de-scjn\/#breadcrumb\"},\"inLanguage\":\"es\",\"potentialAction\":[{\"@type\":\"ReadAction\",\"target\":[\"https:\/\/www.sonoraenequipo.com.mx\/morena-va-por-consulta-popular-para-elegir-ministros-de-scjn\/\"]}]},{\"@type\":\"ImageObject\",\"inLanguage\":\"es\",\"@id\":\"https:\/\/www.sonoraenequipo.com.mx\/morena-va-por-consulta-popular-para-elegir-ministros-de-scjn\/#primaryimage\",\"url\":\"https:\/\/www.sonoraenequipo.com.mx\/storage\/2023\/05\/morena-camara-diputados-nacho-mier..-min-2.jpg\",\"contentUrl\":\"https:\/\/www.sonoraenequipo.com.mx\/storage\/2023\/05\/morena-camara-diputados-nacho-mier..-min-2.jpg\",\"width\":734,\"height\":413},{\"@type\":\"BreadcrumbList\",\"@id\":\"https:\/\/www.sonoraenequipo.com.mx\/morena-va-por-consulta-popular-para-elegir-ministros-de-scjn\/#breadcrumb\",\"itemListElement\":[{\"@type\":\"ListItem\",\"position\":1,\"name\":\"Portada\",\"item\":\"https:\/\/www.sonoraenequipo.com.mx\/\"},{\"@type\":\"ListItem\",\"position\":2,\"name\":\"Morena Va por Consulta Popular para Elegir Ministros de SCJN\"}]},{\"@type\":\"WebSite\",\"@id\":\"https:\/\/www.sonoraenequipo.com.mx\/#website\",\"url\":\"https:\/\/www.sonoraenequipo.com.mx\/\",\"name\":\"Sonora en Equipo.\",\"description\":\"Diario en l\u00ednea con Noticias desde Hermosillo, Sonora\",\"publisher\":{\"@id\":\"https:\/\/www.sonoraenequipo.com.mx\/#organization\"},\"potentialAction\":[{\"@type\":\"SearchAction\",\"target\":{\"@type\":\"EntryPoint\",\"urlTemplate\":\"https:\/\/www.sonoraenequipo.com.mx\/?s={search_term_string}\"},\"query-input\":{\"@type\":\"PropertyValueSpecification\",\"valueRequired\":true,\"valueName\":\"search_term_string\"}}],\"inLanguage\":\"es\"},{\"@type\":\"Organization\",\"@id\":\"https:\/\/www.sonoraenequipo.com.mx\/#organization\",\"name\":\"Sonoraenequipo.com.mx\",\"url\":\"https:\/\/www.sonoraenequipo.com.mx\/\",\"logo\":{\"@type\":\"ImageObject\",\"inLanguage\":\"es\",\"@id\":\"https:\/\/www.sonoraenequipo.com.mx\/#\/schema\/logo\/image\/\",\"url\":\"https:\/\/www.sonoraenequipo.com.mx\/storage\/2019\/01\/sonoraenequipo_opt.png\",\"contentUrl\":\"https:\/\/www.sonoraenequipo.com.mx\/storage\/2019\/01\/sonoraenequipo_opt.png\",\"width\":375,\"height\":125,\"caption\":\"Sonoraenequipo.com.mx\"},\"image\":{\"@id\":\"https:\/\/www.sonoraenequipo.com.mx\/#\/schema\/logo\/image\/\"},\"sameAs\":[\"https:\/\/www.facebook.com\/SonoraEE\/\",\"https:\/\/x.com\/sonoraenequipo\",\"https:\/\/www.youtube.com\/channel\/UC338nW-lPEYmJQs4ZABQ1SQ\"]},{\"@type\":\"Person\",\"@id\":\"https:\/\/www.sonoraenequipo.com.mx\/#\/schema\/person\/50102df0fb23a8fa9e8effad8fa81386\",\"name\":\"enequipo\",\"image\":{\"@type\":\"ImageObject\",\"inLanguage\":\"es\",\"@id\":\"https:\/\/www.sonoraenequipo.com.mx\/#\/schema\/person\/image\/\",\"url\":\"https:\/\/secure.gravatar.com\/avatar\/049821681b589dabc0bc20695993ccebb09f5b5d4d790cd9251b97faac7c652b?s=96&d=blank&r=g\",\"contentUrl\":\"https:\/\/secure.gravatar.com\/avatar\/049821681b589dabc0bc20695993ccebb09f5b5d4d790cd9251b97faac7c652b?s=96&d=blank&r=g\",\"caption\":\"enequipo\"},\"sameAs\":[\"https:\/\/www.facebook.com\/SonoraEE\"]}]}<\/script>\n ","yoast_head_json":{"title":"Sonora en Equipo. Morena Va por Consulta Popular para Elegir Ministros de SCJN Rep\u00fablica","description":"CIUDAD DE M\u00c9XICO. MX.\u2014 El diputado de Morena, Ignacio Mier Velazco, propone que despu\u00e9s del proceso electoral de 2024, el pueblo de M\u00e9xico decida conforme En Sonora en Equipo publicamos toda la informaci\u00f3n de Sonora, M\u00e9xico y el Mundo de manera oportuna y busca que la libertad de expresi\u00f3n sea real. Visita nuestro medio informativo publicado desde Hermosillo, Sonora. %","robots":{"index":"index","follow":"follow","max-snippet":"max-snippet:-1","max-image-preview":"max-image-preview:large","max-video-preview":"max-video-preview:-1"},"canonical":"https:\/\/www.sonoraenequipo.com.mx\/morena-va-por-consulta-popular-para-elegir-ministros-de-scjn\/","og_locale":"es_ES","og_type":"article","og_title":"Sonora en Equipo. Morena Va por Consulta Popular para Elegir Ministros de SCJN Rep\u00fablica","og_description":"CIUDAD DE M\u00c9XICO. MX.\u2014 El diputado de Morena, Ignacio Mier Velazco, propone que despu\u00e9s del proceso electoral de 2024, el pueblo de M\u00e9xico decida conforme En Sonora en Equipo publicamos toda la informaci\u00f3n de Sonora, M\u00e9xico y el Mundo de manera oportuna y busca que la libertad de expresi\u00f3n sea real. Visita nuestro medio informativo publicado desde Hermosillo, Sonora. %","og_url":"https:\/\/www.sonoraenequipo.com.mx\/morena-va-por-consulta-popular-para-elegir-ministros-de-scjn\/","og_site_name":"Sonora en Equipo.","article_publisher":"https:\/\/www.facebook.com\/SonoraEE\/","article_author":"https:\/\/www.facebook.com\/SonoraEE","article_published_time":"2023-05-15T20:38:07+00:00","article_modified_time":"2023-05-15T21:04:01+00:00","og_image":[{"width":734,"height":413,"url":"https:\/\/www.sonoraenequipo.com.mx\/storage\/2023\/05\/morena-camara-diputados-nacho-mier..-min-2.jpg","type":"image\/jpeg"}],"author":"enequipo","twitter_card":"summary_large_image","twitter_creator":"@sonoraenequipo","twitter_site":"@sonoraenequipo","twitter_misc":{"Escrito por":"enequipo","Tiempo de lectura":"3 minutos"},"schema":{"@context":"https:\/\/schema.org","@graph":[{"@type":"Article","@id":"https:\/\/www.sonoraenequipo.com.mx\/morena-va-por-consulta-popular-para-elegir-ministros-de-scjn\/#article","isPartOf":{"@id":"https:\/\/www.sonoraenequipo.com.mx\/morena-va-por-consulta-popular-para-elegir-ministros-de-scjn\/"},"author":{"name":"enequipo","@id":"https:\/\/www.sonoraenequipo.com.mx\/#\/schema\/person\/50102df0fb23a8fa9e8effad8fa81386"},"headline":"Morena Va por Consulta Popular para Elegir Ministros de SCJN","datePublished":"2023-05-15T20:38:07+00:00","dateModified":"2023-05-15T21:04:01+00:00","mainEntityOfPage":{"@id":"https:\/\/www.sonoraenequipo.com.mx\/morena-va-por-consulta-popular-para-elegir-ministros-de-scjn\/"},"wordCount":685,"commentCount":0,"publisher":{"@id":"https:\/\/www.sonoraenequipo.com.mx\/#organization"},"image":{"@id":"https:\/\/www.sonoraenequipo.com.mx\/morena-va-por-consulta-popular-para-elegir-ministros-de-scjn\/#primaryimage"},"thumbnailUrl":"https:\/\/www.sonoraenequipo.com.mx\/storage\/2023\/05\/morena-camara-diputados-nacho-mier..-min-2.jpg","articleSection":["Rep\u00fablica"],"inLanguage":"es","potentialAction":[{"@type":"CommentAction","name":"Comment","target":["https:\/\/www.sonoraenequipo.com.mx\/morena-va-por-consulta-popular-para-elegir-ministros-de-scjn\/#respond"]}]},{"@type":"WebPage","@id":"https:\/\/www.sonoraenequipo.com.mx\/morena-va-por-consulta-popular-para-elegir-ministros-de-scjn\/","url":"https:\/\/www.sonoraenequipo.com.mx\/morena-va-por-consulta-popular-para-elegir-ministros-de-scjn\/","name":"Sonora en Equipo. Morena Va por Consulta Popular para Elegir Ministros de SCJN Rep\u00fablica","isPartOf":{"@id":"https:\/\/www.sonoraenequipo.com.mx\/#website"},"primaryImageOfPage":{"@id":"https:\/\/www.sonoraenequipo.com.mx\/morena-va-por-consulta-popular-para-elegir-ministros-de-scjn\/#primaryimage"},"image":{"@id":"https:\/\/www.sonoraenequipo.com.mx\/morena-va-por-consulta-popular-para-elegir-ministros-de-scjn\/#primaryimage"},"thumbnailUrl":"https:\/\/www.sonoraenequipo.com.mx\/storage\/2023\/05\/morena-camara-diputados-nacho-mier..-min-2.jpg","datePublished":"2023-05-15T20:38:07+00:00","dateModified":"2023-05-15T21:04:01+00:00","description":"CIUDAD DE M\u00c9XICO. MX.\u2014 El diputado de Morena, Ignacio Mier Velazco, propone que despu\u00e9s del proceso electoral de 2024, el pueblo de M\u00e9xico decida conforme En Sonora en Equipo publicamos toda la informaci\u00f3n de Sonora, M\u00e9xico y el Mundo de manera oportuna y busca que la libertad de expresi\u00f3n sea real. Visita nuestro medio informativo publicado desde Hermosillo, Sonora. %","breadcrumb":{"@id":"https:\/\/www.sonoraenequipo.com.mx\/morena-va-por-consulta-popular-para-elegir-ministros-de-scjn\/#breadcrumb"},"inLanguage":"es","potentialAction":[{"@type":"ReadAction","target":["https:\/\/www.sonoraenequipo.com.mx\/morena-va-por-consulta-popular-para-elegir-ministros-de-scjn\/"]}]},{"@type":"ImageObject","inLanguage":"es","@id":"https:\/\/www.sonoraenequipo.com.mx\/morena-va-por-consulta-popular-para-elegir-ministros-de-scjn\/#primaryimage","url":"https:\/\/www.sonoraenequipo.com.mx\/storage\/2023\/05\/morena-camara-diputados-nacho-mier..-min-2.jpg","contentUrl":"https:\/\/www.sonoraenequipo.com.mx\/storage\/2023\/05\/morena-camara-diputados-nacho-mier..-min-2.jpg","width":734,"height":413},{"@type":"BreadcrumbList","@id":"https:\/\/www.sonoraenequipo.com.mx\/morena-va-por-consulta-popular-para-elegir-ministros-de-scjn\/#breadcrumb","itemListElement":[{"@type":"ListItem","position":1,"name":"Portada","item":"https:\/\/www.sonoraenequipo.com.mx\/"},{"@type":"ListItem","position":2,"name":"Morena Va por Consulta Popular para Elegir Ministros de SCJN"}]},{"@type":"WebSite","@id":"https:\/\/www.sonoraenequipo.com.mx\/#website","url":"https:\/\/www.sonoraenequipo.com.mx\/","name":"Sonora en Equipo.","description":"Diario en l\u00ednea con Noticias desde Hermosillo, Sonora","publisher":{"@id":"https:\/\/www.sonoraenequipo.com.mx\/#organization"},"potentialAction":[{"@type":"SearchAction","target":{"@type":"EntryPoint","urlTemplate":"https:\/\/www.sonoraenequipo.com.mx\/?s={search_term_string}"},"query-input":{"@type":"PropertyValueSpecification","valueRequired":true,"valueName":"search_term_string"}}],"inLanguage":"es"},{"@type":"Organization","@id":"https:\/\/www.sonoraenequipo.com.mx\/#organization","name":"Sonoraenequipo.com.mx","url":"https:\/\/www.sonoraenequipo.com.mx\/","logo":{"@type":"ImageObject","inLanguage":"es","@id":"https:\/\/www.sonoraenequipo.com.mx\/#\/schema\/logo\/image\/","url":"https:\/\/www.sonoraenequipo.com.mx\/storage\/2019\/01\/sonoraenequipo_opt.png","contentUrl":"https:\/\/www.sonoraenequipo.com.mx\/storage\/2019\/01\/sonoraenequipo_opt.png","width":375,"height":125,"caption":"Sonoraenequipo.com.mx"},"image":{"@id":"https:\/\/www.sonoraenequipo.com.mx\/#\/schema\/logo\/image\/"},"sameAs":["https:\/\/www.facebook.com\/SonoraEE\/","https:\/\/x.com\/sonoraenequipo","https:\/\/www.youtube.com\/channel\/UC338nW-lPEYmJQs4ZABQ1SQ"]},{"@type":"Person","@id":"https:\/\/www.sonoraenequipo.com.mx\/#\/schema\/person\/50102df0fb23a8fa9e8effad8fa81386","name":"enequipo","image":{"@type":"ImageObject","inLanguage":"es","@id":"https:\/\/www.sonoraenequipo.com.mx\/#\/schema\/person\/image\/","url":"https:\/\/secure.gravatar.com\/avatar\/049821681b589dabc0bc20695993ccebb09f5b5d4d790cd9251b97faac7c652b?s=96&d=blank&r=g","contentUrl":"https:\/\/secure.gravatar.com\/avatar\/049821681b589dabc0bc20695993ccebb09f5b5d4d790cd9251b97faac7c652b?s=96&d=blank&r=g","caption":"enequipo"},"sameAs":["https:\/\/www.facebook.com\/SonoraEE"]}]}},"jetpack_featured_media_url":"https:\/\/www.sonoraenequipo.com.mx\/storage\/2023\/05\/morena-camara-diputados-nacho-mier..-min-2.jpg","_links":{"self":[{"href":"https:\/\/www.sonoraenequipo.com.mx\/api\/wp\/v2\/posts\/165624","targetHints":{"allow":["GET"]}}],"collection":[{"href":"https:\/\/www.sonoraenequipo.com.mx\/api\/wp\/v2\/posts"}],"about":[{"href":"https:\/\/www.sonoraenequipo.com.mx\/api\/wp\/v2\/types\/post"}],"author":[{"embeddable":true,"href":"https:\/\/www.sonoraenequipo.com.mx\/api\/wp\/v2\/users\/1"}],"replies":[{"embeddable":true,"href":"https:\/\/www.sonoraenequipo.com.mx\/api\/wp\/v2\/comments?post=165624"}],"version-history":[{"count":1,"href":"https:\/\/www.sonoraenequipo.com.mx\/api\/wp\/v2\/posts\/165624\/revisions"}],"predecessor-version":[{"id":165631,"href":"https:\/\/www.sonoraenequipo.com.mx\/api\/wp\/v2\/posts\/165624\/revisions\/165631"}],"wp:featuredmedia":[{"embeddable":true,"href":"https:\/\/www.sonoraenequipo.com.mx\/api\/wp\/v2\/media\/165630"}],"wp:attachment":[{"href":"https:\/\/www.sonoraenequipo.com.mx\/api\/wp\/v2\/media?parent=165624"}],"wp:term":[{"taxonomy":"category","embeddable":true,"href":"https:\/\/www.sonoraenequipo.com.mx\/api\/wp\/v2\/categories?post=165624"},{"taxonomy":"post_tag","embeddable":true,"href":"https:\/\/www.sonoraenequipo.com.mx\/api\/wp\/v2\/tags?post=165624"}],"curies":[{"name":"wp","href":"https:\/\/api.w.org\/{rel}","templated":true}]}}