{"id":165625,"date":"2023-05-15T13:41:15","date_gmt":"2023-05-15T20:41:15","guid":{"rendered":"https:\/\/www.sonoraenequipo.com.mx\/?p=165625"},"modified":"2023-05-15T13:41:15","modified_gmt":"2023-05-15T20:41:15","slug":"17-de-mayo-dia-mundial-de-la-internet","status":"publish","type":"post","link":"https:\/\/www.sonoraenequipo.com.mx\/17-de-mayo-dia-mundial-de-la-internet\/","title":{"rendered":"17 de mayo D\u00eda mundial de la internet"},"content":{"rendered":"<p><strong>CIUDAD DE M\u00c9XICO,MX.<\/strong><strong>\u2500\u2500<\/strong> En 2021, 75.6 % de la poblaci\u00f3n mexicana (88.6 millones de personas) us\u00f3 internet, seg\u00fan la Encuesta Nacional sobre Disponibilidad y Uso de Tecnolog\u00edas de la Informaci\u00f3n en los Hogares (ENDUTIH)<\/p>\n<p>De los hogares en M\u00e9xico, 66.4 % cont\u00f3 con acceso a internet (24.3 millones de hogares).<\/p>\n<p>De las y los usuarios, 96.8 % utiliz\u00f3 un smartphone como medio m\u00e1s frecuente para conectarse a internet.<\/p>\n<p>En 2022, en M\u00e9xico hab\u00eda 342 mil personas formadas y trabajando en el \u00e1mbito de las tecnolog\u00edas de la informaci\u00f3n y comunicaci\u00f3n (TIC) .<\/p>\n<p>En promedio, este grupo de personas trabaj\u00f3 43 horas a la semana y percibi\u00f3 un ingreso de 88 pesos por hora trabajada.<\/p>\n<p>&nbsp;<\/p>\n<p>En marzo de 2006, la Asamblea General de las Naciones Unidas instituy\u00f3 el 17 de mayo como el D\u00eda Mundial de las Telecomunicaciones y la Sociedad de la Informaci\u00f3n. El objetivo es sensibilizar sobre la necesidad de reducir la brecha digital a largo plazo y emplear las tecnolog\u00edas de informaci\u00f3n y comunicaci\u00f3n (TIC) como medios de desarrollo integral, material y humano. Por este motivo, el Instituto Nacional de Estad\u00edstica y Geograf\u00eda (INEGI) presenta estad\u00edsticas de la Encuesta Nacional sobre Disponibilidad y Uso de Tecnolog\u00edas de la Informaci\u00f3n en los Hogares (ENDUTIH) 2021 y de la Encuesta Nacional de Ocupaci\u00f3n y Empleo (ENOE) con informaci\u00f3n del cuarto trimestre de 2022.<\/p>\n<p>&nbsp;<\/p>\n<p><strong>USUARIOS DE TECNOLOG\u00cdAS DE INFORMACI\u00d3N<\/strong><\/p>\n<p>&nbsp;<\/p>\n<p>Seg\u00fan la ENDUTIH 2021, 75.6 % de la poblaci\u00f3n mexicana de 6 a\u00f1os en adelante utiliz\u00f3 internet (88.6 millones de personas). La cifra indica un avance de 4.1 % puntos porcentuales con respecto a los datos de 2020 (71.5 %).<\/p>\n<p><strong><em><u>Fecha de publicaci\u00f3n lunes 15 de mayo de 2023<\/u><\/em><\/strong><\/p>\n","protected":false},"excerpt":{"rendered":"<p>CIUDAD DE M\u00c9XICO,MX.\u2500\u2500 En 2021, 75.6 % de la poblaci\u00f3n mexicana (88.6 millones de personas)&#8230;<\/p>\n","protected":false},"author":1,"featured_media":78606,"comment_status":"open","ping_status":"open","sticky":false,"template":"","format":"standard","meta":{"_monsterinsights_skip_tracking":false,"_monsterinsights_sitenote_active":false,"_monsterinsights_sitenote_note":"","_monsterinsights_sitenote_category":0,"footnotes":""},"categories":[6493],"tags":[2014],"class_list":["post"],"yoast_head":" \n<title>Sonora en Equipo. 17 de mayo D\u00eda mundial de la internet PALABRAS Y N\u00daMEROS<\/title>\n<meta name=\"description\" content=\"CIUDAD DE M\u00c9XICO,MX.\u2500\u2500 En 2021, 75.6 % de la poblaci\u00f3n mexicana (88.6 millones de personas) us\u00f3 internet, seg\u00fan la Encuesta Nacional sobre Disponibilidad En Sonora en Equipo publicamos toda la informaci\u00f3n de Sonora, M\u00e9xico y el Mundo de manera oportuna y busca que la libertad de expresi\u00f3n sea real. Visita nuestro medio informativo publicado desde Hermosillo, Sonora. %\" \/>\n<meta name=\"robots\" content=\"index, follow, max-snippet:-1, max-image-preview:large, max-video-preview:-1\" \/>\n<link rel=\"canonical\" href=\"https:\/\/www.sonoraenequipo.com.mx\/17-de-mayo-dia-mundial-de-la-internet\/\" \/>\n<meta property=\"og:locale\" content=\"es_ES\" \/>\n<meta property=\"og:type\" content=\"article\" \/>\n<meta property=\"og:title\" content=\"Sonora en Equipo. 17 de mayo D\u00eda mundial de la internet PALABRAS Y N\u00daMEROS\" \/>\n<meta property=\"og:description\" content=\"CIUDAD DE M\u00c9XICO,MX.\u2500\u2500 En 2021, 75.6 % de la poblaci\u00f3n mexicana (88.6 millones de personas) us\u00f3 internet, seg\u00fan la Encuesta Nacional sobre Disponibilidad En Sonora en Equipo publicamos toda la informaci\u00f3n de Sonora, M\u00e9xico y el Mundo de manera oportuna y busca que la libertad de expresi\u00f3n sea real. Visita nuestro medio informativo publicado desde Hermosillo, Sonora. %\" \/>\n<meta property=\"og:url\" content=\"https:\/\/www.sonoraenequipo.com.mx\/17-de-mayo-dia-mundial-de-la-internet\/\" \/>\n<meta property=\"og:site_name\" content=\"Sonora en Equipo.\" \/>\n<meta property=\"article:publisher\" content=\"https:\/\/www.facebook.com\/SonoraEE\/\" \/>\n<meta property=\"article:author\" content=\"https:\/\/www.facebook.com\/SonoraEE\" \/>\n<meta property=\"article:published_time\" content=\"2023-05-15T20:41:15+00:00\" \/>\n<meta property=\"og:image\" content=\"https:\/\/www.sonoraenequipo.com.mx\/storage\/2020\/02\/crece-uso-internet_opt1.jpg\" \/>\n\t<meta property=\"og:image:width\" content=\"604\" \/>\n\t<meta property=\"og:image:height\" content=\"400\" \/>\n\t<meta property=\"og:image:type\" content=\"image\/jpeg\" \/>\n<meta name=\"author\" content=\"enequipo\" \/>\n<meta name=\"twitter:card\" content=\"summary_large_image\" \/>\n<meta name=\"twitter:creator\" content=\"@sonoraenequipo\" \/>\n<meta name=\"twitter:site\" content=\"@sonoraenequipo\" \/>\n<meta name=\"twitter:label1\" content=\"Escrito por\" \/>\n\t<meta name=\"twitter:data1\" content=\"enequipo\" \/>\n\t<meta name=\"twitter:label2\" content=\"Tiempo de lectura\" \/>\n\t<meta name=\"twitter:data2\" content=\"1 minuto\" \/>\n<script type=\"application\/ld+json\" class=\"yoast-schema-graph\">{\"@context\":\"https:\/\/schema.org\",\"@graph\":[{\"@type\":\"Article\",\"@id\":\"https:\/\/www.sonoraenequipo.com.mx\/17-de-mayo-dia-mundial-de-la-internet\/#article\",\"isPartOf\":{\"@id\":\"https:\/\/www.sonoraenequipo.com.mx\/17-de-mayo-dia-mundial-de-la-internet\/\"},\"author\":{\"name\":\"enequipo\",\"@id\":\"https:\/\/www.sonoraenequipo.com.mx\/#\/schema\/person\/50102df0fb23a8fa9e8effad8fa81386\"},\"headline\":\"17 de mayo D\u00eda mundial de la internet\",\"datePublished\":\"2023-05-15T20:41:15+00:00\",\"mainEntityOfPage\":{\"@id\":\"https:\/\/www.sonoraenequipo.com.mx\/17-de-mayo-dia-mundial-de-la-internet\/\"},\"wordCount\":289,\"commentCount\":0,\"publisher\":{\"@id\":\"https:\/\/www.sonoraenequipo.com.mx\/#organization\"},\"image\":{\"@id\":\"https:\/\/www.sonoraenequipo.com.mx\/17-de-mayo-dia-mundial-de-la-internet\/#primaryimage\"},\"thumbnailUrl\":\"https:\/\/www.sonoraenequipo.com.mx\/storage\/2020\/02\/crece-uso-internet_opt1.jpg\",\"keywords\":[\"Internet\"],\"articleSection\":[\"PALABRAS Y N\u00daMEROS\"],\"inLanguage\":\"es\",\"potentialAction\":[{\"@type\":\"CommentAction\",\"name\":\"Comment\",\"target\":[\"https:\/\/www.sonoraenequipo.com.mx\/17-de-mayo-dia-mundial-de-la-internet\/#respond\"]}]},{\"@type\":\"WebPage\",\"@id\":\"https:\/\/www.sonoraenequipo.com.mx\/17-de-mayo-dia-mundial-de-la-internet\/\",\"url\":\"https:\/\/www.sonoraenequipo.com.mx\/17-de-mayo-dia-mundial-de-la-internet\/\",\"name\":\"Sonora en Equipo. 17 de mayo D\u00eda mundial de la internet PALABRAS Y N\u00daMEROS\",\"isPartOf\":{\"@id\":\"https:\/\/www.sonoraenequipo.com.mx\/#website\"},\"primaryImageOfPage\":{\"@id\":\"https:\/\/www.sonoraenequipo.com.mx\/17-de-mayo-dia-mundial-de-la-internet\/#primaryimage\"},\"image\":{\"@id\":\"https:\/\/www.sonoraenequipo.com.mx\/17-de-mayo-dia-mundial-de-la-internet\/#primaryimage\"},\"thumbnailUrl\":\"https:\/\/www.sonoraenequipo.com.mx\/storage\/2020\/02\/crece-uso-internet_opt1.jpg\",\"datePublished\":\"2023-05-15T20:41:15+00:00\",\"description\":\"CIUDAD DE M\u00c9XICO,MX.\u2500\u2500 En 2021, 75.6 % de la poblaci\u00f3n mexicana (88.6 millones de personas) us\u00f3 internet, seg\u00fan la Encuesta Nacional sobre Disponibilidad En Sonora en Equipo publicamos toda la informaci\u00f3n de Sonora, M\u00e9xico y el Mundo de manera oportuna y busca que la libertad de expresi\u00f3n sea real. Visita nuestro medio informativo publicado desde Hermosillo, Sonora. %\",\"breadcrumb\":{\"@id\":\"https:\/\/www.sonoraenequipo.com.mx\/17-de-mayo-dia-mundial-de-la-internet\/#breadcrumb\"},\"inLanguage\":\"es\",\"potentialAction\":[{\"@type\":\"ReadAction\",\"target\":[\"https:\/\/www.sonoraenequipo.com.mx\/17-de-mayo-dia-mundial-de-la-internet\/\"]}]},{\"@type\":\"ImageObject\",\"inLanguage\":\"es\",\"@id\":\"https:\/\/www.sonoraenequipo.com.mx\/17-de-mayo-dia-mundial-de-la-internet\/#primaryimage\",\"url\":\"https:\/\/www.sonoraenequipo.com.mx\/storage\/2020\/02\/crece-uso-internet_opt1.jpg\",\"contentUrl\":\"https:\/\/www.sonoraenequipo.com.mx\/storage\/2020\/02\/crece-uso-internet_opt1.jpg\",\"width\":604,\"height\":400},{\"@type\":\"BreadcrumbList\",\"@id\":\"https:\/\/www.sonoraenequipo.com.mx\/17-de-mayo-dia-mundial-de-la-internet\/#breadcrumb\",\"itemListElement\":[{\"@type\":\"ListItem\",\"position\":1,\"name\":\"Portada\",\"item\":\"https:\/\/www.sonoraenequipo.com.mx\/\"},{\"@type\":\"ListItem\",\"position\":2,\"name\":\"17 de mayo D\u00eda mundial de la internet\"}]},{\"@type\":\"WebSite\",\"@id\":\"https:\/\/www.sonoraenequipo.com.mx\/#website\",\"url\":\"https:\/\/www.sonoraenequipo.com.mx\/\",\"name\":\"Sonora en Equipo.\",\"description\":\"Diario en l\u00ednea con Noticias desde Hermosillo, Sonora\",\"publisher\":{\"@id\":\"https:\/\/www.sonoraenequipo.com.mx\/#organization\"},\"potentialAction\":[{\"@type\":\"SearchAction\",\"target\":{\"@type\":\"EntryPoint\",\"urlTemplate\":\"https:\/\/www.sonoraenequipo.com.mx\/?s={search_term_string}\"},\"query-input\":{\"@type\":\"PropertyValueSpecification\",\"valueRequired\":true,\"valueName\":\"search_term_string\"}}],\"inLanguage\":\"es\"},{\"@type\":\"Organization\",\"@id\":\"https:\/\/www.sonoraenequipo.com.mx\/#organization\",\"name\":\"Sonoraenequipo.com.mx\",\"url\":\"https:\/\/www.sonoraenequipo.com.mx\/\",\"logo\":{\"@type\":\"ImageObject\",\"inLanguage\":\"es\",\"@id\":\"https:\/\/www.sonoraenequipo.com.mx\/#\/schema\/logo\/image\/\",\"url\":\"https:\/\/www.sonoraenequipo.com.mx\/storage\/2019\/01\/sonoraenequipo_opt.png\",\"contentUrl\":\"https:\/\/www.sonoraenequipo.com.mx\/storage\/2019\/01\/sonoraenequipo_opt.png\",\"width\":375,\"height\":125,\"caption\":\"Sonoraenequipo.com.mx\"},\"image\":{\"@id\":\"https:\/\/www.sonoraenequipo.com.mx\/#\/schema\/logo\/image\/\"},\"sameAs\":[\"https:\/\/www.facebook.com\/SonoraEE\/\",\"https:\/\/x.com\/sonoraenequipo\",\"https:\/\/www.youtube.com\/channel\/UC338nW-lPEYmJQs4ZABQ1SQ\"]},{\"@type\":\"Person\",\"@id\":\"https:\/\/www.sonoraenequipo.com.mx\/#\/schema\/person\/50102df0fb23a8fa9e8effad8fa81386\",\"name\":\"enequipo\",\"image\":{\"@type\":\"ImageObject\",\"inLanguage\":\"es\",\"@id\":\"https:\/\/www.sonoraenequipo.com.mx\/#\/schema\/person\/image\/\",\"url\":\"https:\/\/secure.gravatar.com\/avatar\/049821681b589dabc0bc20695993ccebb09f5b5d4d790cd9251b97faac7c652b?s=96&d=blank&r=g\",\"contentUrl\":\"https:\/\/secure.gravatar.com\/avatar\/049821681b589dabc0bc20695993ccebb09f5b5d4d790cd9251b97faac7c652b?s=96&d=blank&r=g\",\"caption\":\"enequipo\"},\"sameAs\":[\"https:\/\/www.facebook.com\/SonoraEE\"]}]}<\/script>\n ","yoast_head_json":{"title":"Sonora en Equipo. 17 de mayo D\u00eda mundial de la internet PALABRAS Y N\u00daMEROS","description":"CIUDAD DE M\u00c9XICO,MX.\u2500\u2500 En 2021, 75.6 % de la poblaci\u00f3n mexicana (88.6 millones de personas) us\u00f3 internet, seg\u00fan la Encuesta Nacional sobre Disponibilidad En Sonora en Equipo publicamos toda la informaci\u00f3n de Sonora, M\u00e9xico y el Mundo de manera oportuna y busca que la libertad de expresi\u00f3n sea real. Visita nuestro medio informativo publicado desde Hermosillo, Sonora. %","robots":{"index":"index","follow":"follow","max-snippet":"max-snippet:-1","max-image-preview":"max-image-preview:large","max-video-preview":"max-video-preview:-1"},"canonical":"https:\/\/www.sonoraenequipo.com.mx\/17-de-mayo-dia-mundial-de-la-internet\/","og_locale":"es_ES","og_type":"article","og_title":"Sonora en Equipo. 17 de mayo D\u00eda mundial de la internet PALABRAS Y N\u00daMEROS","og_description":"CIUDAD DE M\u00c9XICO,MX.\u2500\u2500 En 2021, 75.6 % de la poblaci\u00f3n mexicana (88.6 millones de personas) us\u00f3 internet, seg\u00fan la Encuesta Nacional sobre Disponibilidad En Sonora en Equipo publicamos toda la informaci\u00f3n de Sonora, M\u00e9xico y el Mundo de manera oportuna y busca que la libertad de expresi\u00f3n sea real. Visita nuestro medio informativo publicado desde Hermosillo, Sonora. %","og_url":"https:\/\/www.sonoraenequipo.com.mx\/17-de-mayo-dia-mundial-de-la-internet\/","og_site_name":"Sonora en Equipo.","article_publisher":"https:\/\/www.facebook.com\/SonoraEE\/","article_author":"https:\/\/www.facebook.com\/SonoraEE","article_published_time":"2023-05-15T20:41:15+00:00","og_image":[{"width":604,"height":400,"url":"https:\/\/www.sonoraenequipo.com.mx\/storage\/2020\/02\/crece-uso-internet_opt1.jpg","type":"image\/jpeg"}],"author":"enequipo","twitter_card":"summary_large_image","twitter_creator":"@sonoraenequipo","twitter_site":"@sonoraenequipo","twitter_misc":{"Escrito por":"enequipo","Tiempo de lectura":"1 minuto"},"schema":{"@context":"https:\/\/schema.org","@graph":[{"@type":"Article","@id":"https:\/\/www.sonoraenequipo.com.mx\/17-de-mayo-dia-mundial-de-la-internet\/#article","isPartOf":{"@id":"https:\/\/www.sonoraenequipo.com.mx\/17-de-mayo-dia-mundial-de-la-internet\/"},"author":{"name":"enequipo","@id":"https:\/\/www.sonoraenequipo.com.mx\/#\/schema\/person\/50102df0fb23a8fa9e8effad8fa81386"},"headline":"17 de mayo D\u00eda mundial de la internet","datePublished":"2023-05-15T20:41:15+00:00","mainEntityOfPage":{"@id":"https:\/\/www.sonoraenequipo.com.mx\/17-de-mayo-dia-mundial-de-la-internet\/"},"wordCount":289,"commentCount":0,"publisher":{"@id":"https:\/\/www.sonoraenequipo.com.mx\/#organization"},"image":{"@id":"https:\/\/www.sonoraenequipo.com.mx\/17-de-mayo-dia-mundial-de-la-internet\/#primaryimage"},"thumbnailUrl":"https:\/\/www.sonoraenequipo.com.mx\/storage\/2020\/02\/crece-uso-internet_opt1.jpg","keywords":["Internet"],"articleSection":["PALABRAS Y N\u00daMEROS"],"inLanguage":"es","potentialAction":[{"@type":"CommentAction","name":"Comment","target":["https:\/\/www.sonoraenequipo.com.mx\/17-de-mayo-dia-mundial-de-la-internet\/#respond"]}]},{"@type":"WebPage","@id":"https:\/\/www.sonoraenequipo.com.mx\/17-de-mayo-dia-mundial-de-la-internet\/","url":"https:\/\/www.sonoraenequipo.com.mx\/17-de-mayo-dia-mundial-de-la-internet\/","name":"Sonora en Equipo. 17 de mayo D\u00eda mundial de la internet PALABRAS Y N\u00daMEROS","isPartOf":{"@id":"https:\/\/www.sonoraenequipo.com.mx\/#website"},"primaryImageOfPage":{"@id":"https:\/\/www.sonoraenequipo.com.mx\/17-de-mayo-dia-mundial-de-la-internet\/#primaryimage"},"image":{"@id":"https:\/\/www.sonoraenequipo.com.mx\/17-de-mayo-dia-mundial-de-la-internet\/#primaryimage"},"thumbnailUrl":"https:\/\/www.sonoraenequipo.com.mx\/storage\/2020\/02\/crece-uso-internet_opt1.jpg","datePublished":"2023-05-15T20:41:15+00:00","description":"CIUDAD DE M\u00c9XICO,MX.\u2500\u2500 En 2021, 75.6 % de la poblaci\u00f3n mexicana (88.6 millones de personas) us\u00f3 internet, seg\u00fan la Encuesta Nacional sobre Disponibilidad En Sonora en Equipo publicamos toda la informaci\u00f3n de Sonora, M\u00e9xico y el Mundo de manera oportuna y busca que la libertad de expresi\u00f3n sea real. Visita nuestro medio informativo publicado desde Hermosillo, Sonora. %","breadcrumb":{"@id":"https:\/\/www.sonoraenequipo.com.mx\/17-de-mayo-dia-mundial-de-la-internet\/#breadcrumb"},"inLanguage":"es","potentialAction":[{"@type":"ReadAction","target":["https:\/\/www.sonoraenequipo.com.mx\/17-de-mayo-dia-mundial-de-la-internet\/"]}]},{"@type":"ImageObject","inLanguage":"es","@id":"https:\/\/www.sonoraenequipo.com.mx\/17-de-mayo-dia-mundial-de-la-internet\/#primaryimage","url":"https:\/\/www.sonoraenequipo.com.mx\/storage\/2020\/02\/crece-uso-internet_opt1.jpg","contentUrl":"https:\/\/www.sonoraenequipo.com.mx\/storage\/2020\/02\/crece-uso-internet_opt1.jpg","width":604,"height":400},{"@type":"BreadcrumbList","@id":"https:\/\/www.sonoraenequipo.com.mx\/17-de-mayo-dia-mundial-de-la-internet\/#breadcrumb","itemListElement":[{"@type":"ListItem","position":1,"name":"Portada","item":"https:\/\/www.sonoraenequipo.com.mx\/"},{"@type":"ListItem","position":2,"name":"17 de mayo D\u00eda mundial de la internet"}]},{"@type":"WebSite","@id":"https:\/\/www.sonoraenequipo.com.mx\/#website","url":"https:\/\/www.sonoraenequipo.com.mx\/","name":"Sonora en Equipo.","description":"Diario en l\u00ednea con Noticias desde Hermosillo, Sonora","publisher":{"@id":"https:\/\/www.sonoraenequipo.com.mx\/#organization"},"potentialAction":[{"@type":"SearchAction","target":{"@type":"EntryPoint","urlTemplate":"https:\/\/www.sonoraenequipo.com.mx\/?s={search_term_string}"},"query-input":{"@type":"PropertyValueSpecification","valueRequired":true,"valueName":"search_term_string"}}],"inLanguage":"es"},{"@type":"Organization","@id":"https:\/\/www.sonoraenequipo.com.mx\/#organization","name":"Sonoraenequipo.com.mx","url":"https:\/\/www.sonoraenequipo.com.mx\/","logo":{"@type":"ImageObject","inLanguage":"es","@id":"https:\/\/www.sonoraenequipo.com.mx\/#\/schema\/logo\/image\/","url":"https:\/\/www.sonoraenequipo.com.mx\/storage\/2019\/01\/sonoraenequipo_opt.png","contentUrl":"https:\/\/www.sonoraenequipo.com.mx\/storage\/2019\/01\/sonoraenequipo_opt.png","width":375,"height":125,"caption":"Sonoraenequipo.com.mx"},"image":{"@id":"https:\/\/www.sonoraenequipo.com.mx\/#\/schema\/logo\/image\/"},"sameAs":["https:\/\/www.facebook.com\/SonoraEE\/","https:\/\/x.com\/sonoraenequipo","https:\/\/www.youtube.com\/channel\/UC338nW-lPEYmJQs4ZABQ1SQ"]},{"@type":"Person","@id":"https:\/\/www.sonoraenequipo.com.mx\/#\/schema\/person\/50102df0fb23a8fa9e8effad8fa81386","name":"enequipo","image":{"@type":"ImageObject","inLanguage":"es","@id":"https:\/\/www.sonoraenequipo.com.mx\/#\/schema\/person\/image\/","url":"https:\/\/secure.gravatar.com\/avatar\/049821681b589dabc0bc20695993ccebb09f5b5d4d790cd9251b97faac7c652b?s=96&d=blank&r=g","contentUrl":"https:\/\/secure.gravatar.com\/avatar\/049821681b589dabc0bc20695993ccebb09f5b5d4d790cd9251b97faac7c652b?s=96&d=blank&r=g","caption":"enequipo"},"sameAs":["https:\/\/www.facebook.com\/SonoraEE"]}]}},"jetpack_featured_media_url":"https:\/\/www.sonoraenequipo.com.mx\/storage\/2020\/02\/crece-uso-internet_opt1.jpg","_links":{"self":[{"href":"https:\/\/www.sonoraenequipo.com.mx\/api\/wp\/v2\/posts\/165625","targetHints":{"allow":["GET"]}}],"collection":[{"href":"https:\/\/www.sonoraenequipo.com.mx\/api\/wp\/v2\/posts"}],"about":[{"href":"https:\/\/www.sonoraenequipo.com.mx\/api\/wp\/v2\/types\/post"}],"author":[{"embeddable":true,"href":"https:\/\/www.sonoraenequipo.com.mx\/api\/wp\/v2\/users\/1"}],"replies":[{"embeddable":true,"href":"https:\/\/www.sonoraenequipo.com.mx\/api\/wp\/v2\/comments?post=165625"}],"version-history":[{"count":1,"href":"https:\/\/www.sonoraenequipo.com.mx\/api\/wp\/v2\/posts\/165625\/revisions"}],"predecessor-version":[{"id":165626,"href":"https:\/\/www.sonoraenequipo.com.mx\/api\/wp\/v2\/posts\/165625\/revisions\/165626"}],"wp:featuredmedia":[{"embeddable":true,"href":"https:\/\/www.sonoraenequipo.com.mx\/api\/wp\/v2\/media\/78606"}],"wp:attachment":[{"href":"https:\/\/www.sonoraenequipo.com.mx\/api\/wp\/v2\/media?parent=165625"}],"wp:term":[{"taxonomy":"category","embeddable":true,"href":"https:\/\/www.sonoraenequipo.com.mx\/api\/wp\/v2\/categories?post=165625"},{"taxonomy":"post_tag","embeddable":true,"href":"https:\/\/www.sonoraenequipo.com.mx\/api\/wp\/v2\/tags?post=165625"}],"curies":[{"name":"wp","href":"https:\/\/api.w.org\/{rel}","templated":true}]}}