{"id":165791,"date":"2023-05-17T11:57:13","date_gmt":"2023-05-17T18:57:13","guid":{"rendered":"https:\/\/www.sonoraenequipo.com.mx\/?p=165791"},"modified":"2023-05-17T11:57:13","modified_gmt":"2023-05-17T18:57:13","slug":"asociacion-mexicana-de-psicologia-cumple-10-anos-de-trabajo-ininterrumpido-por-la-salud-mental-de-los-mexicanos","status":"publish","type":"post","link":"https:\/\/www.sonoraenequipo.com.mx\/asociacion-mexicana-de-psicologia-cumple-10-anos-de-trabajo-ininterrumpido-por-la-salud-mental-de-los-mexicanos\/","title":{"rendered":"Asociaci\u00f3n Mexicana de Psicolog\u00eda cumple 10 A\u00f1os de Trabajo Ininterrumpido por la Salud Mental de los Mexicanos"},"content":{"rendered":"<p>&nbsp;<\/p>\n<p>\u25baLlevar\u00e1n a cabo diversas actividades dirigidas a los profesionales de la salud, psic\u00f3logos y p\u00fablico en general.<\/p>\n<p>&nbsp;<\/p>\n<p><strong>CIUDAD DE M\u00c9XICO.<\/strong><strong>\u2500\u2500<\/strong> Luego de 10 a\u00f1os de incansable trabajo en favor de la poblaci\u00f3n vulnerable, la Asociaci\u00f3n Mexicana de Psicolog\u00eda y Desarrollo ComunitarioAMPDC llevar\u00e1 a cabo una Jornada de Aniversario, en la que de manera virtual, se tocar\u00e1n temas relacionados al ejercicio pr\u00e1ctico de la psicolog\u00eda, sus desaf\u00edos y \u00e1reas de oportunidad, as\u00ed como la inclusi\u00f3n de la cultura de la salud mental en el contexto de las tecnolog\u00edas de la informaci\u00f3n y la comunicaci\u00f3n.<\/p>\n<p>El viernes 26 de mayo, se impartir\u00e1n las siguientes conferencias:<\/p>\n<ul>\n<li>El impacto de la psicolog\u00eda en el acceso a la justicia.<\/li>\n<li>Prevenci\u00f3n del Riesgo Suicida<\/li>\n<li>Psicoterapia Virtual<\/li>\n<li>Autocuidado para Psic\u00f3logos<\/li>\n<li>El papel Social de la Psicolog\u00eda<\/li>\n<\/ul>\n<p>A partir de las 10 horas del 26 de mayo iniciar\u00e1n las actividades, en las que podr\u00e1 ser part\u00edcipe la poblaci\u00f3n en general con inter\u00e9s en el tema, as\u00ed como estudiantes, maestros, docentes, y profesionales de la salud mental.<\/p>\n<p>Entre los ponentes se encuentran los y las psic\u00f3logas Guadalupe Ceja Mart\u00ednez, Cinthya P\u00e9rez Gonz\u00e1lez, V\u00edctor Barrera Tecolapa; Ver\u00f3nica Espinoza Cisneros; as\u00ed como el maestro Boris Gonz\u00e1lez Ceja.<\/p>\n<p>La intenci\u00f3n es compartir buenas pr\u00e1cticas, experiencias exitosas, investigaciones cient\u00edficas novedosas e in\u00e9ditas sobre psicoterapia, que ofrezcan respuesta a los problemas actuales que impactan a la sociedad.<\/p>\n<p>Las inscripciones para este evento se encuentran abiertas a trav\u00e9s de la p\u00e1gina web www.psicologiaydesarrollocomunitario.com y en el formulario https:\/\/forms.gle\/BD2rrRnrPBGbN8Qq6<\/p>\n<p><strong><em><u>Fecha de publicaci\u00f3n mi\u00e9rcoles17 de mayo de 2023<\/u><\/em><\/strong><\/p>\n<p>&nbsp;<\/p>\n","protected":false},"excerpt":{"rendered":"<p>&nbsp; \u25baLlevar\u00e1n a cabo diversas actividades dirigidas a los profesionales de la salud, psic\u00f3logos y&#8230;<\/p>\n","protected":false},"author":1,"featured_media":107982,"comment_status":"open","ping_status":"open","sticky":false,"template":"","format":"standard","meta":{"_monsterinsights_skip_tracking":false,"_monsterinsights_sitenote_active":false,"_monsterinsights_sitenote_note":"","_monsterinsights_sitenote_category":0,"footnotes":""},"categories":[2216],"tags":[7610,74],"class_list":["post"],"yoast_head":" \n<title>Sonora en Equipo. Asociaci\u00f3n Mexicana de Psicolog\u00eda cumple 10 A\u00f1os de Trabajo Ininterrumpido por la Salud Mental de los Mexicanos Ciencia y Tecnolog\u00eda<\/title>\n<meta name=\"description\" content=\"&nbsp; \u25baLlevar\u00e1n a cabo diversas actividades dirigidas a los profesionales de la salud, psic\u00f3logos y p\u00fablico en general. &nbsp; CIUDAD DE M\u00c9XICO.\u2500\u2500 Luego En Sonora en Equipo publicamos toda la informaci\u00f3n de Sonora, M\u00e9xico y el Mundo de manera oportuna y busca que la libertad de expresi\u00f3n sea real. Visita nuestro medio informativo publicado desde Hermosillo, Sonora. %\" \/>\n<meta name=\"robots\" content=\"index, follow, max-snippet:-1, max-image-preview:large, max-video-preview:-1\" \/>\n<link rel=\"canonical\" href=\"https:\/\/www.sonoraenequipo.com.mx\/asociacion-mexicana-de-psicologia-cumple-10-anos-de-trabajo-ininterrumpido-por-la-salud-mental-de-los-mexicanos\/\" \/>\n<meta property=\"og:locale\" content=\"es_ES\" \/>\n<meta property=\"og:type\" content=\"article\" \/>\n<meta property=\"og:title\" content=\"Sonora en Equipo. Asociaci\u00f3n Mexicana de Psicolog\u00eda cumple 10 A\u00f1os de Trabajo Ininterrumpido por la Salud Mental de los Mexicanos Ciencia y Tecnolog\u00eda\" \/>\n<meta property=\"og:description\" content=\"&nbsp; \u25baLlevar\u00e1n a cabo diversas actividades dirigidas a los profesionales de la salud, psic\u00f3logos y p\u00fablico en general. &nbsp; CIUDAD DE M\u00c9XICO.\u2500\u2500 Luego En Sonora en Equipo publicamos toda la informaci\u00f3n de Sonora, M\u00e9xico y el Mundo de manera oportuna y busca que la libertad de expresi\u00f3n sea real. Visita nuestro medio informativo publicado desde Hermosillo, Sonora. %\" \/>\n<meta property=\"og:url\" content=\"https:\/\/www.sonoraenequipo.com.mx\/asociacion-mexicana-de-psicologia-cumple-10-anos-de-trabajo-ininterrumpido-por-la-salud-mental-de-los-mexicanos\/\" \/>\n<meta property=\"og:site_name\" content=\"Sonora en Equipo.\" \/>\n<meta property=\"article:publisher\" content=\"https:\/\/www.facebook.com\/SonoraEE\/\" \/>\n<meta property=\"article:author\" content=\"https:\/\/www.facebook.com\/SonoraEE\" \/>\n<meta property=\"article:published_time\" content=\"2023-05-17T18:57:13+00:00\" \/>\n<meta property=\"og:image\" content=\"https:\/\/www.sonoraenequipo.com.mx\/storage\/2021\/03\/Ansiedad-salud-mental.jpg\" \/>\n\t<meta property=\"og:image:width\" content=\"1140\" \/>\n\t<meta property=\"og:image:height\" content=\"712\" \/>\n\t<meta property=\"og:image:type\" content=\"image\/jpeg\" \/>\n<meta name=\"author\" content=\"enequipo\" \/>\n<meta name=\"twitter:card\" content=\"summary_large_image\" \/>\n<meta name=\"twitter:creator\" content=\"@sonoraenequipo\" \/>\n<meta name=\"twitter:site\" content=\"@sonoraenequipo\" \/>\n<meta name=\"twitter:label1\" content=\"Escrito por\" \/>\n\t<meta name=\"twitter:data1\" content=\"enequipo\" \/>\n\t<meta name=\"twitter:label2\" content=\"Tiempo de lectura\" \/>\n\t<meta name=\"twitter:data2\" content=\"1 minuto\" \/>\n<script type=\"application\/ld+json\" class=\"yoast-schema-graph\">{\"@context\":\"https:\/\/schema.org\",\"@graph\":[{\"@type\":\"Article\",\"@id\":\"https:\/\/www.sonoraenequipo.com.mx\/asociacion-mexicana-de-psicologia-cumple-10-anos-de-trabajo-ininterrumpido-por-la-salud-mental-de-los-mexicanos\/#article\",\"isPartOf\":{\"@id\":\"https:\/\/www.sonoraenequipo.com.mx\/asociacion-mexicana-de-psicologia-cumple-10-anos-de-trabajo-ininterrumpido-por-la-salud-mental-de-los-mexicanos\/\"},\"author\":{\"name\":\"enequipo\",\"@id\":\"https:\/\/www.sonoraenequipo.com.mx\/#\/schema\/person\/50102df0fb23a8fa9e8effad8fa81386\"},\"headline\":\"Asociaci\u00f3n Mexicana de Psicolog\u00eda cumple 10 A\u00f1os de Trabajo Ininterrumpido por la Salud Mental de los Mexicanos\",\"datePublished\":\"2023-05-17T18:57:13+00:00\",\"mainEntityOfPage\":{\"@id\":\"https:\/\/www.sonoraenequipo.com.mx\/asociacion-mexicana-de-psicologia-cumple-10-anos-de-trabajo-ininterrumpido-por-la-salud-mental-de-los-mexicanos\/\"},\"wordCount\":315,\"commentCount\":0,\"publisher\":{\"@id\":\"https:\/\/www.sonoraenequipo.com.mx\/#organization\"},\"image\":{\"@id\":\"https:\/\/www.sonoraenequipo.com.mx\/asociacion-mexicana-de-psicologia-cumple-10-anos-de-trabajo-ininterrumpido-por-la-salud-mental-de-los-mexicanos\/#primaryimage\"},\"thumbnailUrl\":\"https:\/\/www.sonoraenequipo.com.mx\/storage\/2021\/03\/Ansiedad-salud-mental.jpg\",\"keywords\":[\"mental\",\"salud\"],\"articleSection\":[\"Ciencia y Tecnolog\u00eda\"],\"inLanguage\":\"es\",\"potentialAction\":[{\"@type\":\"CommentAction\",\"name\":\"Comment\",\"target\":[\"https:\/\/www.sonoraenequipo.com.mx\/asociacion-mexicana-de-psicologia-cumple-10-anos-de-trabajo-ininterrumpido-por-la-salud-mental-de-los-mexicanos\/#respond\"]}]},{\"@type\":\"WebPage\",\"@id\":\"https:\/\/www.sonoraenequipo.com.mx\/asociacion-mexicana-de-psicologia-cumple-10-anos-de-trabajo-ininterrumpido-por-la-salud-mental-de-los-mexicanos\/\",\"url\":\"https:\/\/www.sonoraenequipo.com.mx\/asociacion-mexicana-de-psicologia-cumple-10-anos-de-trabajo-ininterrumpido-por-la-salud-mental-de-los-mexicanos\/\",\"name\":\"Sonora en Equipo. Asociaci\u00f3n Mexicana de Psicolog\u00eda cumple 10 A\u00f1os de Trabajo Ininterrumpido por la Salud Mental de los Mexicanos Ciencia y Tecnolog\u00eda\",\"isPartOf\":{\"@id\":\"https:\/\/www.sonoraenequipo.com.mx\/#website\"},\"primaryImageOfPage\":{\"@id\":\"https:\/\/www.sonoraenequipo.com.mx\/asociacion-mexicana-de-psicologia-cumple-10-anos-de-trabajo-ininterrumpido-por-la-salud-mental-de-los-mexicanos\/#primaryimage\"},\"image\":{\"@id\":\"https:\/\/www.sonoraenequipo.com.mx\/asociacion-mexicana-de-psicologia-cumple-10-anos-de-trabajo-ininterrumpido-por-la-salud-mental-de-los-mexicanos\/#primaryimage\"},\"thumbnailUrl\":\"https:\/\/www.sonoraenequipo.com.mx\/storage\/2021\/03\/Ansiedad-salud-mental.jpg\",\"datePublished\":\"2023-05-17T18:57:13+00:00\",\"description\":\"&nbsp; \u25baLlevar\u00e1n a cabo diversas actividades dirigidas a los profesionales de la salud, psic\u00f3logos y p\u00fablico en general. &nbsp; CIUDAD DE M\u00c9XICO.\u2500\u2500 Luego En Sonora en Equipo publicamos toda la informaci\u00f3n de Sonora, M\u00e9xico y el Mundo de manera oportuna y busca que la libertad de expresi\u00f3n sea real. Visita nuestro medio informativo publicado desde Hermosillo, Sonora. %\",\"breadcrumb\":{\"@id\":\"https:\/\/www.sonoraenequipo.com.mx\/asociacion-mexicana-de-psicologia-cumple-10-anos-de-trabajo-ininterrumpido-por-la-salud-mental-de-los-mexicanos\/#breadcrumb\"},\"inLanguage\":\"es\",\"potentialAction\":[{\"@type\":\"ReadAction\",\"target\":[\"https:\/\/www.sonoraenequipo.com.mx\/asociacion-mexicana-de-psicologia-cumple-10-anos-de-trabajo-ininterrumpido-por-la-salud-mental-de-los-mexicanos\/\"]}]},{\"@type\":\"ImageObject\",\"inLanguage\":\"es\",\"@id\":\"https:\/\/www.sonoraenequipo.com.mx\/asociacion-mexicana-de-psicologia-cumple-10-anos-de-trabajo-ininterrumpido-por-la-salud-mental-de-los-mexicanos\/#primaryimage\",\"url\":\"https:\/\/www.sonoraenequipo.com.mx\/storage\/2021\/03\/Ansiedad-salud-mental.jpg\",\"contentUrl\":\"https:\/\/www.sonoraenequipo.com.mx\/storage\/2021\/03\/Ansiedad-salud-mental.jpg\",\"width\":1140,\"height\":712},{\"@type\":\"BreadcrumbList\",\"@id\":\"https:\/\/www.sonoraenequipo.com.mx\/asociacion-mexicana-de-psicologia-cumple-10-anos-de-trabajo-ininterrumpido-por-la-salud-mental-de-los-mexicanos\/#breadcrumb\",\"itemListElement\":[{\"@type\":\"ListItem\",\"position\":1,\"name\":\"Portada\",\"item\":\"https:\/\/www.sonoraenequipo.com.mx\/\"},{\"@type\":\"ListItem\",\"position\":2,\"name\":\"Asociaci\u00f3n Mexicana de Psicolog\u00eda cumple 10 A\u00f1os de Trabajo Ininterrumpido por la Salud Mental de los Mexicanos\"}]},{\"@type\":\"WebSite\",\"@id\":\"https:\/\/www.sonoraenequipo.com.mx\/#website\",\"url\":\"https:\/\/www.sonoraenequipo.com.mx\/\",\"name\":\"Sonora en Equipo.\",\"description\":\"Diario en l\u00ednea con Noticias desde Hermosillo, Sonora\",\"publisher\":{\"@id\":\"https:\/\/www.sonoraenequipo.com.mx\/#organization\"},\"potentialAction\":[{\"@type\":\"SearchAction\",\"target\":{\"@type\":\"EntryPoint\",\"urlTemplate\":\"https:\/\/www.sonoraenequipo.com.mx\/?s={search_term_string}\"},\"query-input\":{\"@type\":\"PropertyValueSpecification\",\"valueRequired\":true,\"valueName\":\"search_term_string\"}}],\"inLanguage\":\"es\"},{\"@type\":\"Organization\",\"@id\":\"https:\/\/www.sonoraenequipo.com.mx\/#organization\",\"name\":\"Sonoraenequipo.com.mx\",\"url\":\"https:\/\/www.sonoraenequipo.com.mx\/\",\"logo\":{\"@type\":\"ImageObject\",\"inLanguage\":\"es\",\"@id\":\"https:\/\/www.sonoraenequipo.com.mx\/#\/schema\/logo\/image\/\",\"url\":\"https:\/\/www.sonoraenequipo.com.mx\/storage\/2019\/01\/sonoraenequipo_opt.png\",\"contentUrl\":\"https:\/\/www.sonoraenequipo.com.mx\/storage\/2019\/01\/sonoraenequipo_opt.png\",\"width\":375,\"height\":125,\"caption\":\"Sonoraenequipo.com.mx\"},\"image\":{\"@id\":\"https:\/\/www.sonoraenequipo.com.mx\/#\/schema\/logo\/image\/\"},\"sameAs\":[\"https:\/\/www.facebook.com\/SonoraEE\/\",\"https:\/\/x.com\/sonoraenequipo\",\"https:\/\/www.youtube.com\/channel\/UC338nW-lPEYmJQs4ZABQ1SQ\"]},{\"@type\":\"Person\",\"@id\":\"https:\/\/www.sonoraenequipo.com.mx\/#\/schema\/person\/50102df0fb23a8fa9e8effad8fa81386\",\"name\":\"enequipo\",\"image\":{\"@type\":\"ImageObject\",\"inLanguage\":\"es\",\"@id\":\"https:\/\/www.sonoraenequipo.com.mx\/#\/schema\/person\/image\/\",\"url\":\"https:\/\/secure.gravatar.com\/avatar\/049821681b589dabc0bc20695993ccebb09f5b5d4d790cd9251b97faac7c652b?s=96&d=blank&r=g\",\"contentUrl\":\"https:\/\/secure.gravatar.com\/avatar\/049821681b589dabc0bc20695993ccebb09f5b5d4d790cd9251b97faac7c652b?s=96&d=blank&r=g\",\"caption\":\"enequipo\"},\"sameAs\":[\"https:\/\/www.facebook.com\/SonoraEE\"]}]}<\/script>\n ","yoast_head_json":{"title":"Sonora en Equipo. Asociaci\u00f3n Mexicana de Psicolog\u00eda cumple 10 A\u00f1os de Trabajo Ininterrumpido por la Salud Mental de los Mexicanos Ciencia y Tecnolog\u00eda","description":"&nbsp; \u25baLlevar\u00e1n a cabo diversas actividades dirigidas a los profesionales de la salud, psic\u00f3logos y p\u00fablico en general. &nbsp; CIUDAD DE M\u00c9XICO.\u2500\u2500 Luego En Sonora en Equipo publicamos toda la informaci\u00f3n de Sonora, M\u00e9xico y el Mundo de manera oportuna y busca que la libertad de expresi\u00f3n sea real. Visita nuestro medio informativo publicado desde Hermosillo, Sonora. %","robots":{"index":"index","follow":"follow","max-snippet":"max-snippet:-1","max-image-preview":"max-image-preview:large","max-video-preview":"max-video-preview:-1"},"canonical":"https:\/\/www.sonoraenequipo.com.mx\/asociacion-mexicana-de-psicologia-cumple-10-anos-de-trabajo-ininterrumpido-por-la-salud-mental-de-los-mexicanos\/","og_locale":"es_ES","og_type":"article","og_title":"Sonora en Equipo. Asociaci\u00f3n Mexicana de Psicolog\u00eda cumple 10 A\u00f1os de Trabajo Ininterrumpido por la Salud Mental de los Mexicanos Ciencia y Tecnolog\u00eda","og_description":"&nbsp; \u25baLlevar\u00e1n a cabo diversas actividades dirigidas a los profesionales de la salud, psic\u00f3logos y p\u00fablico en general. &nbsp; CIUDAD DE M\u00c9XICO.\u2500\u2500 Luego En Sonora en Equipo publicamos toda la informaci\u00f3n de Sonora, M\u00e9xico y el Mundo de manera oportuna y busca que la libertad de expresi\u00f3n sea real. Visita nuestro medio informativo publicado desde Hermosillo, Sonora. %","og_url":"https:\/\/www.sonoraenequipo.com.mx\/asociacion-mexicana-de-psicologia-cumple-10-anos-de-trabajo-ininterrumpido-por-la-salud-mental-de-los-mexicanos\/","og_site_name":"Sonora en Equipo.","article_publisher":"https:\/\/www.facebook.com\/SonoraEE\/","article_author":"https:\/\/www.facebook.com\/SonoraEE","article_published_time":"2023-05-17T18:57:13+00:00","og_image":[{"width":1140,"height":712,"url":"https:\/\/www.sonoraenequipo.com.mx\/storage\/2021\/03\/Ansiedad-salud-mental.jpg","type":"image\/jpeg"}],"author":"enequipo","twitter_card":"summary_large_image","twitter_creator":"@sonoraenequipo","twitter_site":"@sonoraenequipo","twitter_misc":{"Escrito por":"enequipo","Tiempo de lectura":"1 minuto"},"schema":{"@context":"https:\/\/schema.org","@graph":[{"@type":"Article","@id":"https:\/\/www.sonoraenequipo.com.mx\/asociacion-mexicana-de-psicologia-cumple-10-anos-de-trabajo-ininterrumpido-por-la-salud-mental-de-los-mexicanos\/#article","isPartOf":{"@id":"https:\/\/www.sonoraenequipo.com.mx\/asociacion-mexicana-de-psicologia-cumple-10-anos-de-trabajo-ininterrumpido-por-la-salud-mental-de-los-mexicanos\/"},"author":{"name":"enequipo","@id":"https:\/\/www.sonoraenequipo.com.mx\/#\/schema\/person\/50102df0fb23a8fa9e8effad8fa81386"},"headline":"Asociaci\u00f3n Mexicana de Psicolog\u00eda cumple 10 A\u00f1os de Trabajo Ininterrumpido por la Salud Mental de los Mexicanos","datePublished":"2023-05-17T18:57:13+00:00","mainEntityOfPage":{"@id":"https:\/\/www.sonoraenequipo.com.mx\/asociacion-mexicana-de-psicologia-cumple-10-anos-de-trabajo-ininterrumpido-por-la-salud-mental-de-los-mexicanos\/"},"wordCount":315,"commentCount":0,"publisher":{"@id":"https:\/\/www.sonoraenequipo.com.mx\/#organization"},"image":{"@id":"https:\/\/www.sonoraenequipo.com.mx\/asociacion-mexicana-de-psicologia-cumple-10-anos-de-trabajo-ininterrumpido-por-la-salud-mental-de-los-mexicanos\/#primaryimage"},"thumbnailUrl":"https:\/\/www.sonoraenequipo.com.mx\/storage\/2021\/03\/Ansiedad-salud-mental.jpg","keywords":["mental","salud"],"articleSection":["Ciencia y Tecnolog\u00eda"],"inLanguage":"es","potentialAction":[{"@type":"CommentAction","name":"Comment","target":["https:\/\/www.sonoraenequipo.com.mx\/asociacion-mexicana-de-psicologia-cumple-10-anos-de-trabajo-ininterrumpido-por-la-salud-mental-de-los-mexicanos\/#respond"]}]},{"@type":"WebPage","@id":"https:\/\/www.sonoraenequipo.com.mx\/asociacion-mexicana-de-psicologia-cumple-10-anos-de-trabajo-ininterrumpido-por-la-salud-mental-de-los-mexicanos\/","url":"https:\/\/www.sonoraenequipo.com.mx\/asociacion-mexicana-de-psicologia-cumple-10-anos-de-trabajo-ininterrumpido-por-la-salud-mental-de-los-mexicanos\/","name":"Sonora en Equipo. Asociaci\u00f3n Mexicana de Psicolog\u00eda cumple 10 A\u00f1os de Trabajo Ininterrumpido por la Salud Mental de los Mexicanos Ciencia y Tecnolog\u00eda","isPartOf":{"@id":"https:\/\/www.sonoraenequipo.com.mx\/#website"},"primaryImageOfPage":{"@id":"https:\/\/www.sonoraenequipo.com.mx\/asociacion-mexicana-de-psicologia-cumple-10-anos-de-trabajo-ininterrumpido-por-la-salud-mental-de-los-mexicanos\/#primaryimage"},"image":{"@id":"https:\/\/www.sonoraenequipo.com.mx\/asociacion-mexicana-de-psicologia-cumple-10-anos-de-trabajo-ininterrumpido-por-la-salud-mental-de-los-mexicanos\/#primaryimage"},"thumbnailUrl":"https:\/\/www.sonoraenequipo.com.mx\/storage\/2021\/03\/Ansiedad-salud-mental.jpg","datePublished":"2023-05-17T18:57:13+00:00","description":"&nbsp; \u25baLlevar\u00e1n a cabo diversas actividades dirigidas a los profesionales de la salud, psic\u00f3logos y p\u00fablico en general. &nbsp; CIUDAD DE M\u00c9XICO.\u2500\u2500 Luego En Sonora en Equipo publicamos toda la informaci\u00f3n de Sonora, M\u00e9xico y el Mundo de manera oportuna y busca que la libertad de expresi\u00f3n sea real. Visita nuestro medio informativo publicado desde Hermosillo, Sonora. %","breadcrumb":{"@id":"https:\/\/www.sonoraenequipo.com.mx\/asociacion-mexicana-de-psicologia-cumple-10-anos-de-trabajo-ininterrumpido-por-la-salud-mental-de-los-mexicanos\/#breadcrumb"},"inLanguage":"es","potentialAction":[{"@type":"ReadAction","target":["https:\/\/www.sonoraenequipo.com.mx\/asociacion-mexicana-de-psicologia-cumple-10-anos-de-trabajo-ininterrumpido-por-la-salud-mental-de-los-mexicanos\/"]}]},{"@type":"ImageObject","inLanguage":"es","@id":"https:\/\/www.sonoraenequipo.com.mx\/asociacion-mexicana-de-psicologia-cumple-10-anos-de-trabajo-ininterrumpido-por-la-salud-mental-de-los-mexicanos\/#primaryimage","url":"https:\/\/www.sonoraenequipo.com.mx\/storage\/2021\/03\/Ansiedad-salud-mental.jpg","contentUrl":"https:\/\/www.sonoraenequipo.com.mx\/storage\/2021\/03\/Ansiedad-salud-mental.jpg","width":1140,"height":712},{"@type":"BreadcrumbList","@id":"https:\/\/www.sonoraenequipo.com.mx\/asociacion-mexicana-de-psicologia-cumple-10-anos-de-trabajo-ininterrumpido-por-la-salud-mental-de-los-mexicanos\/#breadcrumb","itemListElement":[{"@type":"ListItem","position":1,"name":"Portada","item":"https:\/\/www.sonoraenequipo.com.mx\/"},{"@type":"ListItem","position":2,"name":"Asociaci\u00f3n Mexicana de Psicolog\u00eda cumple 10 A\u00f1os de Trabajo Ininterrumpido por la Salud Mental de los Mexicanos"}]},{"@type":"WebSite","@id":"https:\/\/www.sonoraenequipo.com.mx\/#website","url":"https:\/\/www.sonoraenequipo.com.mx\/","name":"Sonora en Equipo.","description":"Diario en l\u00ednea con Noticias desde Hermosillo, Sonora","publisher":{"@id":"https:\/\/www.sonoraenequipo.com.mx\/#organization"},"potentialAction":[{"@type":"SearchAction","target":{"@type":"EntryPoint","urlTemplate":"https:\/\/www.sonoraenequipo.com.mx\/?s={search_term_string}"},"query-input":{"@type":"PropertyValueSpecification","valueRequired":true,"valueName":"search_term_string"}}],"inLanguage":"es"},{"@type":"Organization","@id":"https:\/\/www.sonoraenequipo.com.mx\/#organization","name":"Sonoraenequipo.com.mx","url":"https:\/\/www.sonoraenequipo.com.mx\/","logo":{"@type":"ImageObject","inLanguage":"es","@id":"https:\/\/www.sonoraenequipo.com.mx\/#\/schema\/logo\/image\/","url":"https:\/\/www.sonoraenequipo.com.mx\/storage\/2019\/01\/sonoraenequipo_opt.png","contentUrl":"https:\/\/www.sonoraenequipo.com.mx\/storage\/2019\/01\/sonoraenequipo_opt.png","width":375,"height":125,"caption":"Sonoraenequipo.com.mx"},"image":{"@id":"https:\/\/www.sonoraenequipo.com.mx\/#\/schema\/logo\/image\/"},"sameAs":["https:\/\/www.facebook.com\/SonoraEE\/","https:\/\/x.com\/sonoraenequipo","https:\/\/www.youtube.com\/channel\/UC338nW-lPEYmJQs4ZABQ1SQ"]},{"@type":"Person","@id":"https:\/\/www.sonoraenequipo.com.mx\/#\/schema\/person\/50102df0fb23a8fa9e8effad8fa81386","name":"enequipo","image":{"@type":"ImageObject","inLanguage":"es","@id":"https:\/\/www.sonoraenequipo.com.mx\/#\/schema\/person\/image\/","url":"https:\/\/secure.gravatar.com\/avatar\/049821681b589dabc0bc20695993ccebb09f5b5d4d790cd9251b97faac7c652b?s=96&d=blank&r=g","contentUrl":"https:\/\/secure.gravatar.com\/avatar\/049821681b589dabc0bc20695993ccebb09f5b5d4d790cd9251b97faac7c652b?s=96&d=blank&r=g","caption":"enequipo"},"sameAs":["https:\/\/www.facebook.com\/SonoraEE"]}]}},"jetpack_featured_media_url":"https:\/\/www.sonoraenequipo.com.mx\/storage\/2021\/03\/Ansiedad-salud-mental.jpg","_links":{"self":[{"href":"https:\/\/www.sonoraenequipo.com.mx\/api\/wp\/v2\/posts\/165791","targetHints":{"allow":["GET"]}}],"collection":[{"href":"https:\/\/www.sonoraenequipo.com.mx\/api\/wp\/v2\/posts"}],"about":[{"href":"https:\/\/www.sonoraenequipo.com.mx\/api\/wp\/v2\/types\/post"}],"author":[{"embeddable":true,"href":"https:\/\/www.sonoraenequipo.com.mx\/api\/wp\/v2\/users\/1"}],"replies":[{"embeddable":true,"href":"https:\/\/www.sonoraenequipo.com.mx\/api\/wp\/v2\/comments?post=165791"}],"version-history":[{"count":1,"href":"https:\/\/www.sonoraenequipo.com.mx\/api\/wp\/v2\/posts\/165791\/revisions"}],"predecessor-version":[{"id":165792,"href":"https:\/\/www.sonoraenequipo.com.mx\/api\/wp\/v2\/posts\/165791\/revisions\/165792"}],"wp:featuredmedia":[{"embeddable":true,"href":"https:\/\/www.sonoraenequipo.com.mx\/api\/wp\/v2\/media\/107982"}],"wp:attachment":[{"href":"https:\/\/www.sonoraenequipo.com.mx\/api\/wp\/v2\/media?parent=165791"}],"wp:term":[{"taxonomy":"category","embeddable":true,"href":"https:\/\/www.sonoraenequipo.com.mx\/api\/wp\/v2\/categories?post=165791"},{"taxonomy":"post_tag","embeddable":true,"href":"https:\/\/www.sonoraenequipo.com.mx\/api\/wp\/v2\/tags?post=165791"}],"curies":[{"name":"wp","href":"https:\/\/api.w.org\/{rel}","templated":true}]}}