{"id":165802,"date":"2023-05-17T13:43:41","date_gmt":"2023-05-17T20:43:41","guid":{"rendered":"https:\/\/www.sonoraenequipo.com.mx\/?p=165802"},"modified":"2023-05-17T20:50:15","modified_gmt":"2023-05-18T03:50:15","slug":"dan-92-anos-de-prision-a-jose-luis-abarca-ex-alcalde-de-iguala-por-secuestro-de-6-campesinos","status":"publish","type":"post","link":"https:\/\/www.sonoraenequipo.com.mx\/dan-92-anos-de-prision-a-jose-luis-abarca-ex-alcalde-de-iguala-por-secuestro-de-6-campesinos\/","title":{"rendered":"Dan 92 a\u00f1os de prisi\u00f3n a Jos\u00e9 Luis Abarca, ex alcalde de Iguala por secuestro de 6 campesinos"},"content":{"rendered":"<p><strong>IGUALA,GUERRERO,MX.<\/strong><strong>\u2500\u2500<\/strong> \u00a0Un juez federal conden\u00f3 a 92 a\u00f1os de prisi\u00f3n a Jos\u00e9 Luis Abarca Vel\u00e1zquez, ex alcalde de Iguala, Guerrero, por ser penalmente responsable del delito de secuestro de seis integrantes del Movimiento Campesino Unidad Popular, entre ellos, el perredista Arturo Hern\u00e1ndez CardonaAdem\u00e1s el \u00a0ex alcalde de Iguala deber\u00e1 pagar una multa de 920 mil 700 pesos por reparaci\u00f3n del da\u00f1o, la cual puede ser sustituida por 15 mil jornadas de trabajo en favor de la comunidad.<\/p>\n<p>&nbsp;<\/p>\n<p>La sentencia fue dictada por Samuel Ventura Ramos, juez Primero de Distrito de Procesos Penales Federales con residencia en Matamoros, Tamaulipas, quien absolvi\u00f3 a Abarca Vel\u00e1zquez del delito de delincuencia organizada porque la Fiscal\u00eda General de la Rep\u00fablica (FGR) no pudo acreditar su relaci\u00f3n con el grupo criminal de Guerreros Unidos, responsable de la desaparici\u00f3n de los 43 normalistas de Ayotzinapa.<\/p>\n<p><strong><em><u>Fecha de publicaci\u00f3n mi\u00e9rcoles17 de mayo de 2023 Tomado de Milenio<\/u><\/em><\/strong><\/p>\n<p>&nbsp;<\/p>\n","protected":false},"excerpt":{"rendered":"<p>IGUALA,GUERRERO,MX.\u2500\u2500 \u00a0Un juez federal conden\u00f3 a 92 a\u00f1os de prisi\u00f3n a Jos\u00e9 Luis Abarca Vel\u00e1zquez,&#8230;<\/p>\n","protected":false},"author":1,"featured_media":93530,"comment_status":"open","ping_status":"open","sticky":false,"template":"","format":"standard","meta":{"_monsterinsights_skip_tracking":false,"_monsterinsights_sitenote_active":false,"_monsterinsights_sitenote_note":"","_monsterinsights_sitenote_category":0,"footnotes":""},"categories":[5],"tags":[8530,3434],"class_list":["post"],"yoast_head":" \n<title>Sonora en Equipo. Dan 92 a\u00f1os de prisi\u00f3n a Jos\u00e9 Luis Abarca, ex alcalde de Iguala por secuestro de 6 campesinos Rep\u00fablica<\/title>\n<meta name=\"description\" content=\"IGUALA,GUERRERO,MX.\u2500\u2500 \u00a0Un juez federal conden\u00f3 a 92 a\u00f1os de prisi\u00f3n a Jos\u00e9 Luis Abarca Vel\u00e1zquez, ex alcalde de Iguala, Guerrero, por ser penalmente En Sonora en Equipo publicamos toda la informaci\u00f3n de Sonora, M\u00e9xico y el Mundo de manera oportuna y busca que la libertad de expresi\u00f3n sea real. Visita nuestro medio informativo publicado desde Hermosillo, Sonora. %\" \/>\n<meta name=\"robots\" content=\"index, follow, max-snippet:-1, max-image-preview:large, max-video-preview:-1\" \/>\n<link rel=\"canonical\" href=\"https:\/\/www.sonoraenequipo.com.mx\/dan-92-anos-de-prision-a-jose-luis-abarca-ex-alcalde-de-iguala-por-secuestro-de-6-campesinos\/\" \/>\n<meta property=\"og:locale\" content=\"es_ES\" \/>\n<meta property=\"og:type\" content=\"article\" \/>\n<meta property=\"og:title\" content=\"Sonora en Equipo. Dan 92 a\u00f1os de prisi\u00f3n a Jos\u00e9 Luis Abarca, ex alcalde de Iguala por secuestro de 6 campesinos Rep\u00fablica\" \/>\n<meta property=\"og:description\" content=\"IGUALA,GUERRERO,MX.\u2500\u2500 \u00a0Un juez federal conden\u00f3 a 92 a\u00f1os de prisi\u00f3n a Jos\u00e9 Luis Abarca Vel\u00e1zquez, ex alcalde de Iguala, Guerrero, por ser penalmente En Sonora en Equipo publicamos toda la informaci\u00f3n de Sonora, M\u00e9xico y el Mundo de manera oportuna y busca que la libertad de expresi\u00f3n sea real. Visita nuestro medio informativo publicado desde Hermosillo, Sonora. %\" \/>\n<meta property=\"og:url\" content=\"https:\/\/www.sonoraenequipo.com.mx\/dan-92-anos-de-prision-a-jose-luis-abarca-ex-alcalde-de-iguala-por-secuestro-de-6-campesinos\/\" \/>\n<meta property=\"og:site_name\" content=\"Sonora en Equipo.\" \/>\n<meta property=\"article:publisher\" content=\"https:\/\/www.facebook.com\/SonoraEE\/\" \/>\n<meta property=\"article:author\" content=\"https:\/\/www.facebook.com\/SonoraEE\" \/>\n<meta property=\"article:published_time\" content=\"2023-05-17T20:43:41+00:00\" \/>\n<meta property=\"article:modified_time\" content=\"2023-05-18T03:50:15+00:00\" \/>\n<meta property=\"og:image\" content=\"https:\/\/www.sonoraenequipo.com.mx\/storage\/2020\/08\/jose-luis-abarca.jpg\" \/>\n\t<meta property=\"og:image:width\" content=\"600\" \/>\n\t<meta property=\"og:image:height\" content=\"400\" \/>\n\t<meta property=\"og:image:type\" content=\"image\/jpeg\" \/>\n<meta name=\"author\" content=\"enequipo\" \/>\n<meta name=\"twitter:card\" content=\"summary_large_image\" \/>\n<meta name=\"twitter:creator\" content=\"@sonoraenequipo\" \/>\n<meta name=\"twitter:site\" content=\"@sonoraenequipo\" \/>\n<meta name=\"twitter:label1\" content=\"Escrito por\" \/>\n\t<meta name=\"twitter:data1\" content=\"enequipo\" \/>\n\t<meta name=\"twitter:label2\" content=\"Tiempo de lectura\" \/>\n\t<meta name=\"twitter:data2\" content=\"1 minuto\" \/>\n<script type=\"application\/ld+json\" class=\"yoast-schema-graph\">{\"@context\":\"https:\/\/schema.org\",\"@graph\":[{\"@type\":\"Article\",\"@id\":\"https:\/\/www.sonoraenequipo.com.mx\/dan-92-anos-de-prision-a-jose-luis-abarca-ex-alcalde-de-iguala-por-secuestro-de-6-campesinos\/#article\",\"isPartOf\":{\"@id\":\"https:\/\/www.sonoraenequipo.com.mx\/dan-92-anos-de-prision-a-jose-luis-abarca-ex-alcalde-de-iguala-por-secuestro-de-6-campesinos\/\"},\"author\":{\"name\":\"enequipo\",\"@id\":\"https:\/\/www.sonoraenequipo.com.mx\/#\/schema\/person\/50102df0fb23a8fa9e8effad8fa81386\"},\"headline\":\"Dan 92 a\u00f1os de prisi\u00f3n a Jos\u00e9 Luis Abarca, ex alcalde de Iguala por secuestro de 6 campesinos\",\"datePublished\":\"2023-05-17T20:43:41+00:00\",\"dateModified\":\"2023-05-18T03:50:15+00:00\",\"mainEntityOfPage\":{\"@id\":\"https:\/\/www.sonoraenequipo.com.mx\/dan-92-anos-de-prision-a-jose-luis-abarca-ex-alcalde-de-iguala-por-secuestro-de-6-campesinos\/\"},\"wordCount\":179,\"commentCount\":0,\"publisher\":{\"@id\":\"https:\/\/www.sonoraenequipo.com.mx\/#organization\"},\"image\":{\"@id\":\"https:\/\/www.sonoraenequipo.com.mx\/dan-92-anos-de-prision-a-jose-luis-abarca-ex-alcalde-de-iguala-por-secuestro-de-6-campesinos\/#primaryimage\"},\"thumbnailUrl\":\"https:\/\/www.sonoraenequipo.com.mx\/storage\/2020\/08\/jose-luis-abarca.jpg\",\"keywords\":[\"joseluisabarca.iguala\",\"secuestro\"],\"articleSection\":[\"Rep\u00fablica\"],\"inLanguage\":\"es\",\"potentialAction\":[{\"@type\":\"CommentAction\",\"name\":\"Comment\",\"target\":[\"https:\/\/www.sonoraenequipo.com.mx\/dan-92-anos-de-prision-a-jose-luis-abarca-ex-alcalde-de-iguala-por-secuestro-de-6-campesinos\/#respond\"]}]},{\"@type\":\"WebPage\",\"@id\":\"https:\/\/www.sonoraenequipo.com.mx\/dan-92-anos-de-prision-a-jose-luis-abarca-ex-alcalde-de-iguala-por-secuestro-de-6-campesinos\/\",\"url\":\"https:\/\/www.sonoraenequipo.com.mx\/dan-92-anos-de-prision-a-jose-luis-abarca-ex-alcalde-de-iguala-por-secuestro-de-6-campesinos\/\",\"name\":\"Sonora en Equipo. Dan 92 a\u00f1os de prisi\u00f3n a Jos\u00e9 Luis Abarca, ex alcalde de Iguala por secuestro de 6 campesinos Rep\u00fablica\",\"isPartOf\":{\"@id\":\"https:\/\/www.sonoraenequipo.com.mx\/#website\"},\"primaryImageOfPage\":{\"@id\":\"https:\/\/www.sonoraenequipo.com.mx\/dan-92-anos-de-prision-a-jose-luis-abarca-ex-alcalde-de-iguala-por-secuestro-de-6-campesinos\/#primaryimage\"},\"image\":{\"@id\":\"https:\/\/www.sonoraenequipo.com.mx\/dan-92-anos-de-prision-a-jose-luis-abarca-ex-alcalde-de-iguala-por-secuestro-de-6-campesinos\/#primaryimage\"},\"thumbnailUrl\":\"https:\/\/www.sonoraenequipo.com.mx\/storage\/2020\/08\/jose-luis-abarca.jpg\",\"datePublished\":\"2023-05-17T20:43:41+00:00\",\"dateModified\":\"2023-05-18T03:50:15+00:00\",\"description\":\"IGUALA,GUERRERO,MX.\u2500\u2500 \u00a0Un juez federal conden\u00f3 a 92 a\u00f1os de prisi\u00f3n a Jos\u00e9 Luis Abarca Vel\u00e1zquez, ex alcalde de Iguala, Guerrero, por ser penalmente En Sonora en Equipo publicamos toda la informaci\u00f3n de Sonora, M\u00e9xico y el Mundo de manera oportuna y busca que la libertad de expresi\u00f3n sea real. Visita nuestro medio informativo publicado desde Hermosillo, Sonora. %\",\"breadcrumb\":{\"@id\":\"https:\/\/www.sonoraenequipo.com.mx\/dan-92-anos-de-prision-a-jose-luis-abarca-ex-alcalde-de-iguala-por-secuestro-de-6-campesinos\/#breadcrumb\"},\"inLanguage\":\"es\",\"potentialAction\":[{\"@type\":\"ReadAction\",\"target\":[\"https:\/\/www.sonoraenequipo.com.mx\/dan-92-anos-de-prision-a-jose-luis-abarca-ex-alcalde-de-iguala-por-secuestro-de-6-campesinos\/\"]}]},{\"@type\":\"ImageObject\",\"inLanguage\":\"es\",\"@id\":\"https:\/\/www.sonoraenequipo.com.mx\/dan-92-anos-de-prision-a-jose-luis-abarca-ex-alcalde-de-iguala-por-secuestro-de-6-campesinos\/#primaryimage\",\"url\":\"https:\/\/www.sonoraenequipo.com.mx\/storage\/2020\/08\/jose-luis-abarca.jpg\",\"contentUrl\":\"https:\/\/www.sonoraenequipo.com.mx\/storage\/2020\/08\/jose-luis-abarca.jpg\",\"width\":600,\"height\":400},{\"@type\":\"BreadcrumbList\",\"@id\":\"https:\/\/www.sonoraenequipo.com.mx\/dan-92-anos-de-prision-a-jose-luis-abarca-ex-alcalde-de-iguala-por-secuestro-de-6-campesinos\/#breadcrumb\",\"itemListElement\":[{\"@type\":\"ListItem\",\"position\":1,\"name\":\"Portada\",\"item\":\"https:\/\/www.sonoraenequipo.com.mx\/\"},{\"@type\":\"ListItem\",\"position\":2,\"name\":\"Dan 92 a\u00f1os de prisi\u00f3n a Jos\u00e9 Luis Abarca, ex alcalde de Iguala por secuestro de 6 campesinos\"}]},{\"@type\":\"WebSite\",\"@id\":\"https:\/\/www.sonoraenequipo.com.mx\/#website\",\"url\":\"https:\/\/www.sonoraenequipo.com.mx\/\",\"name\":\"Sonora en Equipo.\",\"description\":\"Diario en l\u00ednea con Noticias desde Hermosillo, Sonora\",\"publisher\":{\"@id\":\"https:\/\/www.sonoraenequipo.com.mx\/#organization\"},\"potentialAction\":[{\"@type\":\"SearchAction\",\"target\":{\"@type\":\"EntryPoint\",\"urlTemplate\":\"https:\/\/www.sonoraenequipo.com.mx\/?s={search_term_string}\"},\"query-input\":{\"@type\":\"PropertyValueSpecification\",\"valueRequired\":true,\"valueName\":\"search_term_string\"}}],\"inLanguage\":\"es\"},{\"@type\":\"Organization\",\"@id\":\"https:\/\/www.sonoraenequipo.com.mx\/#organization\",\"name\":\"Sonoraenequipo.com.mx\",\"url\":\"https:\/\/www.sonoraenequipo.com.mx\/\",\"logo\":{\"@type\":\"ImageObject\",\"inLanguage\":\"es\",\"@id\":\"https:\/\/www.sonoraenequipo.com.mx\/#\/schema\/logo\/image\/\",\"url\":\"https:\/\/www.sonoraenequipo.com.mx\/storage\/2019\/01\/sonoraenequipo_opt.png\",\"contentUrl\":\"https:\/\/www.sonoraenequipo.com.mx\/storage\/2019\/01\/sonoraenequipo_opt.png\",\"width\":375,\"height\":125,\"caption\":\"Sonoraenequipo.com.mx\"},\"image\":{\"@id\":\"https:\/\/www.sonoraenequipo.com.mx\/#\/schema\/logo\/image\/\"},\"sameAs\":[\"https:\/\/www.facebook.com\/SonoraEE\/\",\"https:\/\/x.com\/sonoraenequipo\",\"https:\/\/www.youtube.com\/channel\/UC338nW-lPEYmJQs4ZABQ1SQ\"]},{\"@type\":\"Person\",\"@id\":\"https:\/\/www.sonoraenequipo.com.mx\/#\/schema\/person\/50102df0fb23a8fa9e8effad8fa81386\",\"name\":\"enequipo\",\"image\":{\"@type\":\"ImageObject\",\"inLanguage\":\"es\",\"@id\":\"https:\/\/www.sonoraenequipo.com.mx\/#\/schema\/person\/image\/\",\"url\":\"https:\/\/secure.gravatar.com\/avatar\/049821681b589dabc0bc20695993ccebb09f5b5d4d790cd9251b97faac7c652b?s=96&d=blank&r=g\",\"contentUrl\":\"https:\/\/secure.gravatar.com\/avatar\/049821681b589dabc0bc20695993ccebb09f5b5d4d790cd9251b97faac7c652b?s=96&d=blank&r=g\",\"caption\":\"enequipo\"},\"sameAs\":[\"https:\/\/www.facebook.com\/SonoraEE\"]}]}<\/script>\n ","yoast_head_json":{"title":"Sonora en Equipo. Dan 92 a\u00f1os de prisi\u00f3n a Jos\u00e9 Luis Abarca, ex alcalde de Iguala por secuestro de 6 campesinos Rep\u00fablica","description":"IGUALA,GUERRERO,MX.\u2500\u2500 \u00a0Un juez federal conden\u00f3 a 92 a\u00f1os de prisi\u00f3n a Jos\u00e9 Luis Abarca Vel\u00e1zquez, ex alcalde de Iguala, Guerrero, por ser penalmente En Sonora en Equipo publicamos toda la informaci\u00f3n de Sonora, M\u00e9xico y el Mundo de manera oportuna y busca que la libertad de expresi\u00f3n sea real. Visita nuestro medio informativo publicado desde Hermosillo, Sonora. %","robots":{"index":"index","follow":"follow","max-snippet":"max-snippet:-1","max-image-preview":"max-image-preview:large","max-video-preview":"max-video-preview:-1"},"canonical":"https:\/\/www.sonoraenequipo.com.mx\/dan-92-anos-de-prision-a-jose-luis-abarca-ex-alcalde-de-iguala-por-secuestro-de-6-campesinos\/","og_locale":"es_ES","og_type":"article","og_title":"Sonora en Equipo. Dan 92 a\u00f1os de prisi\u00f3n a Jos\u00e9 Luis Abarca, ex alcalde de Iguala por secuestro de 6 campesinos Rep\u00fablica","og_description":"IGUALA,GUERRERO,MX.\u2500\u2500 \u00a0Un juez federal conden\u00f3 a 92 a\u00f1os de prisi\u00f3n a Jos\u00e9 Luis Abarca Vel\u00e1zquez, ex alcalde de Iguala, Guerrero, por ser penalmente En Sonora en Equipo publicamos toda la informaci\u00f3n de Sonora, M\u00e9xico y el Mundo de manera oportuna y busca que la libertad de expresi\u00f3n sea real. Visita nuestro medio informativo publicado desde Hermosillo, Sonora. %","og_url":"https:\/\/www.sonoraenequipo.com.mx\/dan-92-anos-de-prision-a-jose-luis-abarca-ex-alcalde-de-iguala-por-secuestro-de-6-campesinos\/","og_site_name":"Sonora en Equipo.","article_publisher":"https:\/\/www.facebook.com\/SonoraEE\/","article_author":"https:\/\/www.facebook.com\/SonoraEE","article_published_time":"2023-05-17T20:43:41+00:00","article_modified_time":"2023-05-18T03:50:15+00:00","og_image":[{"width":600,"height":400,"url":"https:\/\/www.sonoraenequipo.com.mx\/storage\/2020\/08\/jose-luis-abarca.jpg","type":"image\/jpeg"}],"author":"enequipo","twitter_card":"summary_large_image","twitter_creator":"@sonoraenequipo","twitter_site":"@sonoraenequipo","twitter_misc":{"Escrito por":"enequipo","Tiempo de lectura":"1 minuto"},"schema":{"@context":"https:\/\/schema.org","@graph":[{"@type":"Article","@id":"https:\/\/www.sonoraenequipo.com.mx\/dan-92-anos-de-prision-a-jose-luis-abarca-ex-alcalde-de-iguala-por-secuestro-de-6-campesinos\/#article","isPartOf":{"@id":"https:\/\/www.sonoraenequipo.com.mx\/dan-92-anos-de-prision-a-jose-luis-abarca-ex-alcalde-de-iguala-por-secuestro-de-6-campesinos\/"},"author":{"name":"enequipo","@id":"https:\/\/www.sonoraenequipo.com.mx\/#\/schema\/person\/50102df0fb23a8fa9e8effad8fa81386"},"headline":"Dan 92 a\u00f1os de prisi\u00f3n a Jos\u00e9 Luis Abarca, ex alcalde de Iguala por secuestro de 6 campesinos","datePublished":"2023-05-17T20:43:41+00:00","dateModified":"2023-05-18T03:50:15+00:00","mainEntityOfPage":{"@id":"https:\/\/www.sonoraenequipo.com.mx\/dan-92-anos-de-prision-a-jose-luis-abarca-ex-alcalde-de-iguala-por-secuestro-de-6-campesinos\/"},"wordCount":179,"commentCount":0,"publisher":{"@id":"https:\/\/www.sonoraenequipo.com.mx\/#organization"},"image":{"@id":"https:\/\/www.sonoraenequipo.com.mx\/dan-92-anos-de-prision-a-jose-luis-abarca-ex-alcalde-de-iguala-por-secuestro-de-6-campesinos\/#primaryimage"},"thumbnailUrl":"https:\/\/www.sonoraenequipo.com.mx\/storage\/2020\/08\/jose-luis-abarca.jpg","keywords":["joseluisabarca.iguala","secuestro"],"articleSection":["Rep\u00fablica"],"inLanguage":"es","potentialAction":[{"@type":"CommentAction","name":"Comment","target":["https:\/\/www.sonoraenequipo.com.mx\/dan-92-anos-de-prision-a-jose-luis-abarca-ex-alcalde-de-iguala-por-secuestro-de-6-campesinos\/#respond"]}]},{"@type":"WebPage","@id":"https:\/\/www.sonoraenequipo.com.mx\/dan-92-anos-de-prision-a-jose-luis-abarca-ex-alcalde-de-iguala-por-secuestro-de-6-campesinos\/","url":"https:\/\/www.sonoraenequipo.com.mx\/dan-92-anos-de-prision-a-jose-luis-abarca-ex-alcalde-de-iguala-por-secuestro-de-6-campesinos\/","name":"Sonora en Equipo. Dan 92 a\u00f1os de prisi\u00f3n a Jos\u00e9 Luis Abarca, ex alcalde de Iguala por secuestro de 6 campesinos Rep\u00fablica","isPartOf":{"@id":"https:\/\/www.sonoraenequipo.com.mx\/#website"},"primaryImageOfPage":{"@id":"https:\/\/www.sonoraenequipo.com.mx\/dan-92-anos-de-prision-a-jose-luis-abarca-ex-alcalde-de-iguala-por-secuestro-de-6-campesinos\/#primaryimage"},"image":{"@id":"https:\/\/www.sonoraenequipo.com.mx\/dan-92-anos-de-prision-a-jose-luis-abarca-ex-alcalde-de-iguala-por-secuestro-de-6-campesinos\/#primaryimage"},"thumbnailUrl":"https:\/\/www.sonoraenequipo.com.mx\/storage\/2020\/08\/jose-luis-abarca.jpg","datePublished":"2023-05-17T20:43:41+00:00","dateModified":"2023-05-18T03:50:15+00:00","description":"IGUALA,GUERRERO,MX.\u2500\u2500 \u00a0Un juez federal conden\u00f3 a 92 a\u00f1os de prisi\u00f3n a Jos\u00e9 Luis Abarca Vel\u00e1zquez, ex alcalde de Iguala, Guerrero, por ser penalmente En Sonora en Equipo publicamos toda la informaci\u00f3n de Sonora, M\u00e9xico y el Mundo de manera oportuna y busca que la libertad de expresi\u00f3n sea real. Visita nuestro medio informativo publicado desde Hermosillo, Sonora. %","breadcrumb":{"@id":"https:\/\/www.sonoraenequipo.com.mx\/dan-92-anos-de-prision-a-jose-luis-abarca-ex-alcalde-de-iguala-por-secuestro-de-6-campesinos\/#breadcrumb"},"inLanguage":"es","potentialAction":[{"@type":"ReadAction","target":["https:\/\/www.sonoraenequipo.com.mx\/dan-92-anos-de-prision-a-jose-luis-abarca-ex-alcalde-de-iguala-por-secuestro-de-6-campesinos\/"]}]},{"@type":"ImageObject","inLanguage":"es","@id":"https:\/\/www.sonoraenequipo.com.mx\/dan-92-anos-de-prision-a-jose-luis-abarca-ex-alcalde-de-iguala-por-secuestro-de-6-campesinos\/#primaryimage","url":"https:\/\/www.sonoraenequipo.com.mx\/storage\/2020\/08\/jose-luis-abarca.jpg","contentUrl":"https:\/\/www.sonoraenequipo.com.mx\/storage\/2020\/08\/jose-luis-abarca.jpg","width":600,"height":400},{"@type":"BreadcrumbList","@id":"https:\/\/www.sonoraenequipo.com.mx\/dan-92-anos-de-prision-a-jose-luis-abarca-ex-alcalde-de-iguala-por-secuestro-de-6-campesinos\/#breadcrumb","itemListElement":[{"@type":"ListItem","position":1,"name":"Portada","item":"https:\/\/www.sonoraenequipo.com.mx\/"},{"@type":"ListItem","position":2,"name":"Dan 92 a\u00f1os de prisi\u00f3n a Jos\u00e9 Luis Abarca, ex alcalde de Iguala por secuestro de 6 campesinos"}]},{"@type":"WebSite","@id":"https:\/\/www.sonoraenequipo.com.mx\/#website","url":"https:\/\/www.sonoraenequipo.com.mx\/","name":"Sonora en Equipo.","description":"Diario en l\u00ednea con Noticias desde Hermosillo, Sonora","publisher":{"@id":"https:\/\/www.sonoraenequipo.com.mx\/#organization"},"potentialAction":[{"@type":"SearchAction","target":{"@type":"EntryPoint","urlTemplate":"https:\/\/www.sonoraenequipo.com.mx\/?s={search_term_string}"},"query-input":{"@type":"PropertyValueSpecification","valueRequired":true,"valueName":"search_term_string"}}],"inLanguage":"es"},{"@type":"Organization","@id":"https:\/\/www.sonoraenequipo.com.mx\/#organization","name":"Sonoraenequipo.com.mx","url":"https:\/\/www.sonoraenequipo.com.mx\/","logo":{"@type":"ImageObject","inLanguage":"es","@id":"https:\/\/www.sonoraenequipo.com.mx\/#\/schema\/logo\/image\/","url":"https:\/\/www.sonoraenequipo.com.mx\/storage\/2019\/01\/sonoraenequipo_opt.png","contentUrl":"https:\/\/www.sonoraenequipo.com.mx\/storage\/2019\/01\/sonoraenequipo_opt.png","width":375,"height":125,"caption":"Sonoraenequipo.com.mx"},"image":{"@id":"https:\/\/www.sonoraenequipo.com.mx\/#\/schema\/logo\/image\/"},"sameAs":["https:\/\/www.facebook.com\/SonoraEE\/","https:\/\/x.com\/sonoraenequipo","https:\/\/www.youtube.com\/channel\/UC338nW-lPEYmJQs4ZABQ1SQ"]},{"@type":"Person","@id":"https:\/\/www.sonoraenequipo.com.mx\/#\/schema\/person\/50102df0fb23a8fa9e8effad8fa81386","name":"enequipo","image":{"@type":"ImageObject","inLanguage":"es","@id":"https:\/\/www.sonoraenequipo.com.mx\/#\/schema\/person\/image\/","url":"https:\/\/secure.gravatar.com\/avatar\/049821681b589dabc0bc20695993ccebb09f5b5d4d790cd9251b97faac7c652b?s=96&d=blank&r=g","contentUrl":"https:\/\/secure.gravatar.com\/avatar\/049821681b589dabc0bc20695993ccebb09f5b5d4d790cd9251b97faac7c652b?s=96&d=blank&r=g","caption":"enequipo"},"sameAs":["https:\/\/www.facebook.com\/SonoraEE"]}]}},"jetpack_featured_media_url":"https:\/\/www.sonoraenequipo.com.mx\/storage\/2020\/08\/jose-luis-abarca.jpg","_links":{"self":[{"href":"https:\/\/www.sonoraenequipo.com.mx\/api\/wp\/v2\/posts\/165802","targetHints":{"allow":["GET"]}}],"collection":[{"href":"https:\/\/www.sonoraenequipo.com.mx\/api\/wp\/v2\/posts"}],"about":[{"href":"https:\/\/www.sonoraenequipo.com.mx\/api\/wp\/v2\/types\/post"}],"author":[{"embeddable":true,"href":"https:\/\/www.sonoraenequipo.com.mx\/api\/wp\/v2\/users\/1"}],"replies":[{"embeddable":true,"href":"https:\/\/www.sonoraenequipo.com.mx\/api\/wp\/v2\/comments?post=165802"}],"version-history":[{"count":1,"href":"https:\/\/www.sonoraenequipo.com.mx\/api\/wp\/v2\/posts\/165802\/revisions"}],"predecessor-version":[{"id":165803,"href":"https:\/\/www.sonoraenequipo.com.mx\/api\/wp\/v2\/posts\/165802\/revisions\/165803"}],"wp:featuredmedia":[{"embeddable":true,"href":"https:\/\/www.sonoraenequipo.com.mx\/api\/wp\/v2\/media\/93530"}],"wp:attachment":[{"href":"https:\/\/www.sonoraenequipo.com.mx\/api\/wp\/v2\/media?parent=165802"}],"wp:term":[{"taxonomy":"category","embeddable":true,"href":"https:\/\/www.sonoraenequipo.com.mx\/api\/wp\/v2\/categories?post=165802"},{"taxonomy":"post_tag","embeddable":true,"href":"https:\/\/www.sonoraenequipo.com.mx\/api\/wp\/v2\/tags?post=165802"}],"curies":[{"name":"wp","href":"https:\/\/api.w.org\/{rel}","templated":true}]}}