{"id":165808,"date":"2023-05-17T14:52:05","date_gmt":"2023-05-17T21:52:05","guid":{"rendered":"https:\/\/www.sonoraenequipo.com.mx\/?p=165808"},"modified":"2023-05-17T14:52:05","modified_gmt":"2023-05-17T21:52:05","slug":"inician-jornadas-de-voto-anticipado-y-de-personas-en-prision-preventiva-para-elecciones-en-coahuila-y-edomex","status":"publish","type":"post","link":"https:\/\/www.sonoraenequipo.com.mx\/inician-jornadas-de-voto-anticipado-y-de-personas-en-prision-preventiva-para-elecciones-en-coahuila-y-edomex\/","title":{"rendered":"Inician jornadas de voto anticipado y de personas en prisi\u00f3n preventiva para elecciones en Coahuila y Edomex"},"content":{"rendered":"<p>\u25baSe realizar\u00e1n hasta el pr\u00f3ximo viernes 19 de mayo<\/p>\n<p>\u25baCerca de cinco mil personas recluidas y sin una sentencia podr\u00e1n sufragar en 21 centros penitenciarios<\/p>\n<p><strong>CIUDAD DE M\u00c9XICO.<\/strong><strong>\u2500\u2500<\/strong><\/p>\n<p>La Lista Nominal de Electores con Voto Anticipado para personas que por alguna limitaci\u00f3n f\u00edsica no pueden acudir a una casilla, se integra por 189 ciudadanas y ciudadanos<\/p>\n<p>En el marco de los Procesos Electorales Locales (PEL) 2023, dieron inicio las jornadas de votaci\u00f3n anticipada -de ciudadan\u00eda que por alguna limitaci\u00f3n f\u00edsica no puede acudir a una casilla- y de personas en prisi\u00f3n preventiva, quienes participar\u00e1n en la elecci\u00f3n de gubernatura y diputaciones locales de Coahuila, as\u00ed como de gubernatura en el Estado de M\u00e9xico (Edomex).<\/p>\n<p>&nbsp;<\/p>\n<p>El voto anticipado en estas dos modalidades se realiza a partir de hoy y hasta el pr\u00f3ximo 19 de mayo, gracias a la coordinaci\u00f3n entre el Instituto Nacional Electoral (INE), las juntas locales y distritales ejecutivas y los Organismos P\u00fablicos Locales (OPL) de las dos entidades.<\/p>\n<p>&nbsp;<\/p>\n<p>La Lista Nominal de Electores de Personas que se encuentran en Prisi\u00f3n Preventiva (LNEPP), es decir, que no han sido sentenciadas y que podr\u00e1n votar en estas jornadas, se compone por cuatro mil 987 ciudadanas y ciudadanos, adem\u00e1s de tres ciudadanos que por resoluci\u00f3n del Tribunal Electoral del Poder Judicial de la Federaci\u00f3n podr\u00e1n hacerlo en el Estado de M\u00e9xico.<\/p>\n<p>&nbsp;<\/p>\n<p>En el Estado de M\u00e9xico podr\u00e1n participar en la elecci\u00f3n de gubernatura cuatro mil 978 personas en prisi\u00f3n preventiva, recluidas en 20 centros penitenciarios: cuatro mil 556 hombres y 422 mujeres. En el caso de Coahuila, s\u00f3lo podr\u00e1n sufragar 12 mujeres del Centro Penitenciario Femenil de Saltillo.<\/p>\n<p>&nbsp;<\/p>\n<p>Las autoridades penitenciarias definir\u00e1n el horario de la votaci\u00f3n dentro de cada centro y, en el Estado de M\u00e9xico, se celebrar\u00e1 de acuerdo con las siguientes fechas:<\/p>\n<p>&nbsp;<\/p>\n<p>Lunes 15 de mayo (Ecatepec, Texcoco, Tenancingo Sur e Ixtlahuaca); martes 16 de mayo (Santiaguito, Lerma, Neza Norte y Neza Sur); mi\u00e9rcoles 17 de mayo (Tlalnepantla, Quinta del Bosque, Tenango del Valle y Jilotepec); jueves 18 de mayo (Neza Bordo, Valle de Bravo, Otumba Tepachico y Zumpango) y viernes 19 de mayo (Chalco, Cuautitl\u00e1n, Sultepec y El Oro).<\/p>\n<p>&nbsp;<\/p>\n<p>Por otra parte, la Lista Nominal de Electores con Voto Anticipado en Territorio Nacional (LNEVA), es decir, de las personas que por alguna limitaci\u00f3n f\u00edsica no pueden acudir a una casilla el d\u00eda de la Jornada Electoral y solicitaron la realizaci\u00f3n del tr\u00e1mite de su Credencial para Votar en su domicilio, est\u00e1 compuesta por 189 ciudadanas y ciudadanos.<\/p>\n<p>&nbsp;<\/p>\n<p>En Coahuila, 79 personas cuya solicitud de inscripci\u00f3n a la LNEVA result\u00f3 procedente podr\u00e1n votar de manera anticipada: 21 hombres y 58 mujeres. En el Estado de M\u00e9xico, 110 ciudadanas y ciudadanos podr\u00e1n emitir su voto bajo esta modalidad: 41 hombres y 69 mujeres.<\/p>\n<p>&nbsp;<\/p>\n<p>Las jornadas de votaci\u00f3n anticipada en el Estado de M\u00e9xico se realizar\u00e1n en su mayor\u00eda entre el lunes 15 y el martes 16 de mayo, en 36 distritos electorales con cabeceras en los municipios de Atizap\u00e1n, Atlacomulco, Chalco, Coacalco, Cuautitl\u00e1n, Cuautitl\u00e1n Izcalli, Ecatepec, Huixquilucan, Jilotepec, Lerma, Los Reyes, Metepec, Naucalpan, Nezahualc\u00f3yotl, Nicol\u00e1s Romero, Tec\u00e1mac, Tejupilco, Tenancingo, Teotihuac\u00e1n, Texcoco, Tlalnepantla, Toluca, Tultepec, Tultitl\u00e1n, Zinacantepec y Zumpango.<\/p>\n<p>&nbsp;<\/p>\n<p>En el caso de Coahuila, el funcionariado del Instituto acudir\u00e1 a los domicilios de las personas registradas para votar previo a la Jornada Electoral: 29 pertenecen a un asilo en Saltillo y el resto a los municipios de Torre\u00f3n, Ramos Arizpe, Acu\u00f1a, Piedras Negras, Sabinas, San Pedro, Monclova y Frontera.<\/p>\n<p>&nbsp;<\/p>\n<p>Cabe recordar que previo a estas jornadas de votaci\u00f3n, las juntas locales de Coahuila y el Estado de M\u00e9xico realizaron el proceso de integraci\u00f3n de los Sobres Paquete Electoral de Seguridad (SPES) con las boletas y la documentaci\u00f3n electoral necesaria para la emisi\u00f3n del sufragio.<\/p>\n<p>&nbsp;<\/p>\n<p>Para el voto de personas en prisi\u00f3n preventiva y de la ciudadan\u00eda inscrita a la Lista Nominal de Electores con Voto Anticipado, entre el 11 y el 13 de mayo, se entregaron los SPES a las y los vocales distritales ejecutivos para que, a su vez, el personal del INE acuda a los centros penitenciarios y al domicilio de las personas que emitir\u00e1n su voto anticipado entre el 15 y el 19 de mayo.<\/p>\n<p>&nbsp;<\/p>\n<p>Las vocal\u00edas distritales devolver\u00e1n a las juntas locales ejecutivas los SPES penal y de voto anticipado sellados, con las boletas de la ciudadana o el ciudadano que, en su caso, haya emitido su voto y quedar\u00e1n resguardados hasta el 4 de junio.<\/p>\n<p>&nbsp;<\/p>\n<p>El escrutinio y c\u00f3mputo del voto de las personas en prisi\u00f3n preventiva y del voto anticipado se realizar\u00e1 el d\u00eda de la Jornada Electoral, en punto de las 17:00 horas, en el lugar designado por el Consejo Local de cada entidad, donde se instalar\u00e1n las Mesas de Escrutinio y C\u00f3mputo conformadas por ciudadanas y ciudadanos insaculados.<\/p>\n<p>&nbsp;<\/p>\n<p><strong><em><u>Fecha de publicaci\u00f3n mi\u00e9rcoles17 de mayo de 2023<\/u><\/em><\/strong><\/p>\n","protected":false},"excerpt":{"rendered":"<p>\u25baSe realizar\u00e1n hasta el pr\u00f3ximo viernes 19 de mayo \u25baCerca de cinco mil personas recluidas&#8230;<\/p>\n","protected":false},"author":1,"featured_media":91921,"comment_status":"open","ping_status":"open","sticky":false,"template":"","format":"standard","meta":{"_monsterinsights_skip_tracking":false,"_monsterinsights_sitenote_active":false,"_monsterinsights_sitenote_note":"","_monsterinsights_sitenote_category":0,"footnotes":""},"categories":[5],"tags":[7825,8532,3159,8531],"class_list":["post"],"yoast_head":" \n<title>Sonora en Equipo. Inician jornadas de voto anticipado y de personas en prisi\u00f3n preventiva para elecciones en Coahuila y Edomex Rep\u00fablica<\/title>\n<meta name=\"description\" content=\"\u25baSe realizar\u00e1n hasta el pr\u00f3ximo viernes 19 de mayo \u25baCerca de cinco mil personas recluidas y sin una sentencia podr\u00e1n sufragar en 21 centros penitenciarios En Sonora en Equipo publicamos toda la informaci\u00f3n de Sonora, M\u00e9xico y el Mundo de manera oportuna y busca que la libertad de expresi\u00f3n sea real. Visita nuestro medio informativo publicado desde Hermosillo, Sonora. %\" \/>\n<meta name=\"robots\" content=\"index, follow, max-snippet:-1, max-image-preview:large, max-video-preview:-1\" \/>\n<link rel=\"canonical\" href=\"https:\/\/www.sonoraenequipo.com.mx\/inician-jornadas-de-voto-anticipado-y-de-personas-en-prision-preventiva-para-elecciones-en-coahuila-y-edomex\/\" \/>\n<meta property=\"og:locale\" content=\"es_ES\" \/>\n<meta property=\"og:type\" content=\"article\" \/>\n<meta property=\"og:title\" content=\"Sonora en Equipo. Inician jornadas de voto anticipado y de personas en prisi\u00f3n preventiva para elecciones en Coahuila y Edomex Rep\u00fablica\" \/>\n<meta property=\"og:description\" content=\"\u25baSe realizar\u00e1n hasta el pr\u00f3ximo viernes 19 de mayo \u25baCerca de cinco mil personas recluidas y sin una sentencia podr\u00e1n sufragar en 21 centros penitenciarios En Sonora en Equipo publicamos toda la informaci\u00f3n de Sonora, M\u00e9xico y el Mundo de manera oportuna y busca que la libertad de expresi\u00f3n sea real. Visita nuestro medio informativo publicado desde Hermosillo, Sonora. %\" \/>\n<meta property=\"og:url\" content=\"https:\/\/www.sonoraenequipo.com.mx\/inician-jornadas-de-voto-anticipado-y-de-personas-en-prision-preventiva-para-elecciones-en-coahuila-y-edomex\/\" \/>\n<meta property=\"og:site_name\" content=\"Sonora en Equipo.\" \/>\n<meta property=\"article:publisher\" content=\"https:\/\/www.facebook.com\/SonoraEE\/\" \/>\n<meta property=\"article:author\" content=\"https:\/\/www.facebook.com\/SonoraEE\" \/>\n<meta property=\"article:published_time\" content=\"2023-05-17T21:52:05+00:00\" \/>\n<meta property=\"og:image\" content=\"https:\/\/www.sonoraenequipo.com.mx\/storage\/2020\/08\/votacion-20221_opt.jpg\" \/>\n\t<meta property=\"og:image:width\" content=\"712\" \/>\n\t<meta property=\"og:image:height\" content=\"400\" \/>\n\t<meta property=\"og:image:type\" content=\"image\/jpeg\" \/>\n<meta name=\"author\" content=\"enequipo\" \/>\n<meta name=\"twitter:card\" content=\"summary_large_image\" \/>\n<meta name=\"twitter:creator\" content=\"@sonoraenequipo\" \/>\n<meta name=\"twitter:site\" content=\"@sonoraenequipo\" \/>\n<meta name=\"twitter:label1\" content=\"Escrito por\" \/>\n\t<meta name=\"twitter:data1\" content=\"enequipo\" \/>\n\t<meta name=\"twitter:label2\" content=\"Tiempo de lectura\" \/>\n\t<meta name=\"twitter:data2\" content=\"4 minutos\" \/>\n<script type=\"application\/ld+json\" class=\"yoast-schema-graph\">{\"@context\":\"https:\/\/schema.org\",\"@graph\":[{\"@type\":\"Article\",\"@id\":\"https:\/\/www.sonoraenequipo.com.mx\/inician-jornadas-de-voto-anticipado-y-de-personas-en-prision-preventiva-para-elecciones-en-coahuila-y-edomex\/#article\",\"isPartOf\":{\"@id\":\"https:\/\/www.sonoraenequipo.com.mx\/inician-jornadas-de-voto-anticipado-y-de-personas-en-prision-preventiva-para-elecciones-en-coahuila-y-edomex\/\"},\"author\":{\"name\":\"enequipo\",\"@id\":\"https:\/\/www.sonoraenequipo.com.mx\/#\/schema\/person\/50102df0fb23a8fa9e8effad8fa81386\"},\"headline\":\"Inician jornadas de voto anticipado y de personas en prisi\u00f3n preventiva para elecciones en Coahuila y Edomex\",\"datePublished\":\"2023-05-17T21:52:05+00:00\",\"mainEntityOfPage\":{\"@id\":\"https:\/\/www.sonoraenequipo.com.mx\/inician-jornadas-de-voto-anticipado-y-de-personas-en-prision-preventiva-para-elecciones-en-coahuila-y-edomex\/\"},\"wordCount\":868,\"commentCount\":0,\"publisher\":{\"@id\":\"https:\/\/www.sonoraenequipo.com.mx\/#organization\"},\"image\":{\"@id\":\"https:\/\/www.sonoraenequipo.com.mx\/inician-jornadas-de-voto-anticipado-y-de-personas-en-prision-preventiva-para-elecciones-en-coahuila-y-edomex\/#primaryimage\"},\"thumbnailUrl\":\"https:\/\/www.sonoraenequipo.com.mx\/storage\/2020\/08\/votacion-20221_opt.jpg\",\"keywords\":[\"2023\",\"eleccioneslocales\",\"prision\",\"voto\"],\"articleSection\":[\"Rep\u00fablica\"],\"inLanguage\":\"es\",\"potentialAction\":[{\"@type\":\"CommentAction\",\"name\":\"Comment\",\"target\":[\"https:\/\/www.sonoraenequipo.com.mx\/inician-jornadas-de-voto-anticipado-y-de-personas-en-prision-preventiva-para-elecciones-en-coahuila-y-edomex\/#respond\"]}]},{\"@type\":\"WebPage\",\"@id\":\"https:\/\/www.sonoraenequipo.com.mx\/inician-jornadas-de-voto-anticipado-y-de-personas-en-prision-preventiva-para-elecciones-en-coahuila-y-edomex\/\",\"url\":\"https:\/\/www.sonoraenequipo.com.mx\/inician-jornadas-de-voto-anticipado-y-de-personas-en-prision-preventiva-para-elecciones-en-coahuila-y-edomex\/\",\"name\":\"Sonora en Equipo. Inician jornadas de voto anticipado y de personas en prisi\u00f3n preventiva para elecciones en Coahuila y Edomex Rep\u00fablica\",\"isPartOf\":{\"@id\":\"https:\/\/www.sonoraenequipo.com.mx\/#website\"},\"primaryImageOfPage\":{\"@id\":\"https:\/\/www.sonoraenequipo.com.mx\/inician-jornadas-de-voto-anticipado-y-de-personas-en-prision-preventiva-para-elecciones-en-coahuila-y-edomex\/#primaryimage\"},\"image\":{\"@id\":\"https:\/\/www.sonoraenequipo.com.mx\/inician-jornadas-de-voto-anticipado-y-de-personas-en-prision-preventiva-para-elecciones-en-coahuila-y-edomex\/#primaryimage\"},\"thumbnailUrl\":\"https:\/\/www.sonoraenequipo.com.mx\/storage\/2020\/08\/votacion-20221_opt.jpg\",\"datePublished\":\"2023-05-17T21:52:05+00:00\",\"description\":\"\u25baSe realizar\u00e1n hasta el pr\u00f3ximo viernes 19 de mayo \u25baCerca de cinco mil personas recluidas y sin una sentencia podr\u00e1n sufragar en 21 centros penitenciarios En Sonora en Equipo publicamos toda la informaci\u00f3n de Sonora, M\u00e9xico y el Mundo de manera oportuna y busca que la libertad de expresi\u00f3n sea real. Visita nuestro medio informativo publicado desde Hermosillo, Sonora. %\",\"breadcrumb\":{\"@id\":\"https:\/\/www.sonoraenequipo.com.mx\/inician-jornadas-de-voto-anticipado-y-de-personas-en-prision-preventiva-para-elecciones-en-coahuila-y-edomex\/#breadcrumb\"},\"inLanguage\":\"es\",\"potentialAction\":[{\"@type\":\"ReadAction\",\"target\":[\"https:\/\/www.sonoraenequipo.com.mx\/inician-jornadas-de-voto-anticipado-y-de-personas-en-prision-preventiva-para-elecciones-en-coahuila-y-edomex\/\"]}]},{\"@type\":\"ImageObject\",\"inLanguage\":\"es\",\"@id\":\"https:\/\/www.sonoraenequipo.com.mx\/inician-jornadas-de-voto-anticipado-y-de-personas-en-prision-preventiva-para-elecciones-en-coahuila-y-edomex\/#primaryimage\",\"url\":\"https:\/\/www.sonoraenequipo.com.mx\/storage\/2020\/08\/votacion-20221_opt.jpg\",\"contentUrl\":\"https:\/\/www.sonoraenequipo.com.mx\/storage\/2020\/08\/votacion-20221_opt.jpg\",\"width\":712,\"height\":400},{\"@type\":\"BreadcrumbList\",\"@id\":\"https:\/\/www.sonoraenequipo.com.mx\/inician-jornadas-de-voto-anticipado-y-de-personas-en-prision-preventiva-para-elecciones-en-coahuila-y-edomex\/#breadcrumb\",\"itemListElement\":[{\"@type\":\"ListItem\",\"position\":1,\"name\":\"Portada\",\"item\":\"https:\/\/www.sonoraenequipo.com.mx\/\"},{\"@type\":\"ListItem\",\"position\":2,\"name\":\"Inician jornadas de voto anticipado y de personas en prisi\u00f3n preventiva para elecciones en Coahuila y Edomex\"}]},{\"@type\":\"WebSite\",\"@id\":\"https:\/\/www.sonoraenequipo.com.mx\/#website\",\"url\":\"https:\/\/www.sonoraenequipo.com.mx\/\",\"name\":\"Sonora en Equipo.\",\"description\":\"Diario en l\u00ednea con Noticias desde Hermosillo, Sonora\",\"publisher\":{\"@id\":\"https:\/\/www.sonoraenequipo.com.mx\/#organization\"},\"potentialAction\":[{\"@type\":\"SearchAction\",\"target\":{\"@type\":\"EntryPoint\",\"urlTemplate\":\"https:\/\/www.sonoraenequipo.com.mx\/?s={search_term_string}\"},\"query-input\":{\"@type\":\"PropertyValueSpecification\",\"valueRequired\":true,\"valueName\":\"search_term_string\"}}],\"inLanguage\":\"es\"},{\"@type\":\"Organization\",\"@id\":\"https:\/\/www.sonoraenequipo.com.mx\/#organization\",\"name\":\"Sonoraenequipo.com.mx\",\"url\":\"https:\/\/www.sonoraenequipo.com.mx\/\",\"logo\":{\"@type\":\"ImageObject\",\"inLanguage\":\"es\",\"@id\":\"https:\/\/www.sonoraenequipo.com.mx\/#\/schema\/logo\/image\/\",\"url\":\"https:\/\/www.sonoraenequipo.com.mx\/storage\/2019\/01\/sonoraenequipo_opt.png\",\"contentUrl\":\"https:\/\/www.sonoraenequipo.com.mx\/storage\/2019\/01\/sonoraenequipo_opt.png\",\"width\":375,\"height\":125,\"caption\":\"Sonoraenequipo.com.mx\"},\"image\":{\"@id\":\"https:\/\/www.sonoraenequipo.com.mx\/#\/schema\/logo\/image\/\"},\"sameAs\":[\"https:\/\/www.facebook.com\/SonoraEE\/\",\"https:\/\/x.com\/sonoraenequipo\",\"https:\/\/www.youtube.com\/channel\/UC338nW-lPEYmJQs4ZABQ1SQ\"]},{\"@type\":\"Person\",\"@id\":\"https:\/\/www.sonoraenequipo.com.mx\/#\/schema\/person\/50102df0fb23a8fa9e8effad8fa81386\",\"name\":\"enequipo\",\"image\":{\"@type\":\"ImageObject\",\"inLanguage\":\"es\",\"@id\":\"https:\/\/www.sonoraenequipo.com.mx\/#\/schema\/person\/image\/\",\"url\":\"https:\/\/secure.gravatar.com\/avatar\/049821681b589dabc0bc20695993ccebb09f5b5d4d790cd9251b97faac7c652b?s=96&d=blank&r=g\",\"contentUrl\":\"https:\/\/secure.gravatar.com\/avatar\/049821681b589dabc0bc20695993ccebb09f5b5d4d790cd9251b97faac7c652b?s=96&d=blank&r=g\",\"caption\":\"enequipo\"},\"sameAs\":[\"https:\/\/www.facebook.com\/SonoraEE\"]}]}<\/script>\n ","yoast_head_json":{"title":"Sonora en Equipo. Inician jornadas de voto anticipado y de personas en prisi\u00f3n preventiva para elecciones en Coahuila y Edomex Rep\u00fablica","description":"\u25baSe realizar\u00e1n hasta el pr\u00f3ximo viernes 19 de mayo \u25baCerca de cinco mil personas recluidas y sin una sentencia podr\u00e1n sufragar en 21 centros penitenciarios En Sonora en Equipo publicamos toda la informaci\u00f3n de Sonora, M\u00e9xico y el Mundo de manera oportuna y busca que la libertad de expresi\u00f3n sea real. Visita nuestro medio informativo publicado desde Hermosillo, Sonora. %","robots":{"index":"index","follow":"follow","max-snippet":"max-snippet:-1","max-image-preview":"max-image-preview:large","max-video-preview":"max-video-preview:-1"},"canonical":"https:\/\/www.sonoraenequipo.com.mx\/inician-jornadas-de-voto-anticipado-y-de-personas-en-prision-preventiva-para-elecciones-en-coahuila-y-edomex\/","og_locale":"es_ES","og_type":"article","og_title":"Sonora en Equipo. Inician jornadas de voto anticipado y de personas en prisi\u00f3n preventiva para elecciones en Coahuila y Edomex Rep\u00fablica","og_description":"\u25baSe realizar\u00e1n hasta el pr\u00f3ximo viernes 19 de mayo \u25baCerca de cinco mil personas recluidas y sin una sentencia podr\u00e1n sufragar en 21 centros penitenciarios En Sonora en Equipo publicamos toda la informaci\u00f3n de Sonora, M\u00e9xico y el Mundo de manera oportuna y busca que la libertad de expresi\u00f3n sea real. Visita nuestro medio informativo publicado desde Hermosillo, Sonora. %","og_url":"https:\/\/www.sonoraenequipo.com.mx\/inician-jornadas-de-voto-anticipado-y-de-personas-en-prision-preventiva-para-elecciones-en-coahuila-y-edomex\/","og_site_name":"Sonora en Equipo.","article_publisher":"https:\/\/www.facebook.com\/SonoraEE\/","article_author":"https:\/\/www.facebook.com\/SonoraEE","article_published_time":"2023-05-17T21:52:05+00:00","og_image":[{"width":712,"height":400,"url":"https:\/\/www.sonoraenequipo.com.mx\/storage\/2020\/08\/votacion-20221_opt.jpg","type":"image\/jpeg"}],"author":"enequipo","twitter_card":"summary_large_image","twitter_creator":"@sonoraenequipo","twitter_site":"@sonoraenequipo","twitter_misc":{"Escrito por":"enequipo","Tiempo de lectura":"4 minutos"},"schema":{"@context":"https:\/\/schema.org","@graph":[{"@type":"Article","@id":"https:\/\/www.sonoraenequipo.com.mx\/inician-jornadas-de-voto-anticipado-y-de-personas-en-prision-preventiva-para-elecciones-en-coahuila-y-edomex\/#article","isPartOf":{"@id":"https:\/\/www.sonoraenequipo.com.mx\/inician-jornadas-de-voto-anticipado-y-de-personas-en-prision-preventiva-para-elecciones-en-coahuila-y-edomex\/"},"author":{"name":"enequipo","@id":"https:\/\/www.sonoraenequipo.com.mx\/#\/schema\/person\/50102df0fb23a8fa9e8effad8fa81386"},"headline":"Inician jornadas de voto anticipado y de personas en prisi\u00f3n preventiva para elecciones en Coahuila y Edomex","datePublished":"2023-05-17T21:52:05+00:00","mainEntityOfPage":{"@id":"https:\/\/www.sonoraenequipo.com.mx\/inician-jornadas-de-voto-anticipado-y-de-personas-en-prision-preventiva-para-elecciones-en-coahuila-y-edomex\/"},"wordCount":868,"commentCount":0,"publisher":{"@id":"https:\/\/www.sonoraenequipo.com.mx\/#organization"},"image":{"@id":"https:\/\/www.sonoraenequipo.com.mx\/inician-jornadas-de-voto-anticipado-y-de-personas-en-prision-preventiva-para-elecciones-en-coahuila-y-edomex\/#primaryimage"},"thumbnailUrl":"https:\/\/www.sonoraenequipo.com.mx\/storage\/2020\/08\/votacion-20221_opt.jpg","keywords":["2023","eleccioneslocales","prision","voto"],"articleSection":["Rep\u00fablica"],"inLanguage":"es","potentialAction":[{"@type":"CommentAction","name":"Comment","target":["https:\/\/www.sonoraenequipo.com.mx\/inician-jornadas-de-voto-anticipado-y-de-personas-en-prision-preventiva-para-elecciones-en-coahuila-y-edomex\/#respond"]}]},{"@type":"WebPage","@id":"https:\/\/www.sonoraenequipo.com.mx\/inician-jornadas-de-voto-anticipado-y-de-personas-en-prision-preventiva-para-elecciones-en-coahuila-y-edomex\/","url":"https:\/\/www.sonoraenequipo.com.mx\/inician-jornadas-de-voto-anticipado-y-de-personas-en-prision-preventiva-para-elecciones-en-coahuila-y-edomex\/","name":"Sonora en Equipo. Inician jornadas de voto anticipado y de personas en prisi\u00f3n preventiva para elecciones en Coahuila y Edomex Rep\u00fablica","isPartOf":{"@id":"https:\/\/www.sonoraenequipo.com.mx\/#website"},"primaryImageOfPage":{"@id":"https:\/\/www.sonoraenequipo.com.mx\/inician-jornadas-de-voto-anticipado-y-de-personas-en-prision-preventiva-para-elecciones-en-coahuila-y-edomex\/#primaryimage"},"image":{"@id":"https:\/\/www.sonoraenequipo.com.mx\/inician-jornadas-de-voto-anticipado-y-de-personas-en-prision-preventiva-para-elecciones-en-coahuila-y-edomex\/#primaryimage"},"thumbnailUrl":"https:\/\/www.sonoraenequipo.com.mx\/storage\/2020\/08\/votacion-20221_opt.jpg","datePublished":"2023-05-17T21:52:05+00:00","description":"\u25baSe realizar\u00e1n hasta el pr\u00f3ximo viernes 19 de mayo \u25baCerca de cinco mil personas recluidas y sin una sentencia podr\u00e1n sufragar en 21 centros penitenciarios En Sonora en Equipo publicamos toda la informaci\u00f3n de Sonora, M\u00e9xico y el Mundo de manera oportuna y busca que la libertad de expresi\u00f3n sea real. Visita nuestro medio informativo publicado desde Hermosillo, Sonora. %","breadcrumb":{"@id":"https:\/\/www.sonoraenequipo.com.mx\/inician-jornadas-de-voto-anticipado-y-de-personas-en-prision-preventiva-para-elecciones-en-coahuila-y-edomex\/#breadcrumb"},"inLanguage":"es","potentialAction":[{"@type":"ReadAction","target":["https:\/\/www.sonoraenequipo.com.mx\/inician-jornadas-de-voto-anticipado-y-de-personas-en-prision-preventiva-para-elecciones-en-coahuila-y-edomex\/"]}]},{"@type":"ImageObject","inLanguage":"es","@id":"https:\/\/www.sonoraenequipo.com.mx\/inician-jornadas-de-voto-anticipado-y-de-personas-en-prision-preventiva-para-elecciones-en-coahuila-y-edomex\/#primaryimage","url":"https:\/\/www.sonoraenequipo.com.mx\/storage\/2020\/08\/votacion-20221_opt.jpg","contentUrl":"https:\/\/www.sonoraenequipo.com.mx\/storage\/2020\/08\/votacion-20221_opt.jpg","width":712,"height":400},{"@type":"BreadcrumbList","@id":"https:\/\/www.sonoraenequipo.com.mx\/inician-jornadas-de-voto-anticipado-y-de-personas-en-prision-preventiva-para-elecciones-en-coahuila-y-edomex\/#breadcrumb","itemListElement":[{"@type":"ListItem","position":1,"name":"Portada","item":"https:\/\/www.sonoraenequipo.com.mx\/"},{"@type":"ListItem","position":2,"name":"Inician jornadas de voto anticipado y de personas en prisi\u00f3n preventiva para elecciones en Coahuila y Edomex"}]},{"@type":"WebSite","@id":"https:\/\/www.sonoraenequipo.com.mx\/#website","url":"https:\/\/www.sonoraenequipo.com.mx\/","name":"Sonora en Equipo.","description":"Diario en l\u00ednea con Noticias desde Hermosillo, Sonora","publisher":{"@id":"https:\/\/www.sonoraenequipo.com.mx\/#organization"},"potentialAction":[{"@type":"SearchAction","target":{"@type":"EntryPoint","urlTemplate":"https:\/\/www.sonoraenequipo.com.mx\/?s={search_term_string}"},"query-input":{"@type":"PropertyValueSpecification","valueRequired":true,"valueName":"search_term_string"}}],"inLanguage":"es"},{"@type":"Organization","@id":"https:\/\/www.sonoraenequipo.com.mx\/#organization","name":"Sonoraenequipo.com.mx","url":"https:\/\/www.sonoraenequipo.com.mx\/","logo":{"@type":"ImageObject","inLanguage":"es","@id":"https:\/\/www.sonoraenequipo.com.mx\/#\/schema\/logo\/image\/","url":"https:\/\/www.sonoraenequipo.com.mx\/storage\/2019\/01\/sonoraenequipo_opt.png","contentUrl":"https:\/\/www.sonoraenequipo.com.mx\/storage\/2019\/01\/sonoraenequipo_opt.png","width":375,"height":125,"caption":"Sonoraenequipo.com.mx"},"image":{"@id":"https:\/\/www.sonoraenequipo.com.mx\/#\/schema\/logo\/image\/"},"sameAs":["https:\/\/www.facebook.com\/SonoraEE\/","https:\/\/x.com\/sonoraenequipo","https:\/\/www.youtube.com\/channel\/UC338nW-lPEYmJQs4ZABQ1SQ"]},{"@type":"Person","@id":"https:\/\/www.sonoraenequipo.com.mx\/#\/schema\/person\/50102df0fb23a8fa9e8effad8fa81386","name":"enequipo","image":{"@type":"ImageObject","inLanguage":"es","@id":"https:\/\/www.sonoraenequipo.com.mx\/#\/schema\/person\/image\/","url":"https:\/\/secure.gravatar.com\/avatar\/049821681b589dabc0bc20695993ccebb09f5b5d4d790cd9251b97faac7c652b?s=96&d=blank&r=g","contentUrl":"https:\/\/secure.gravatar.com\/avatar\/049821681b589dabc0bc20695993ccebb09f5b5d4d790cd9251b97faac7c652b?s=96&d=blank&r=g","caption":"enequipo"},"sameAs":["https:\/\/www.facebook.com\/SonoraEE"]}]}},"jetpack_featured_media_url":"https:\/\/www.sonoraenequipo.com.mx\/storage\/2020\/08\/votacion-20221_opt.jpg","_links":{"self":[{"href":"https:\/\/www.sonoraenequipo.com.mx\/api\/wp\/v2\/posts\/165808","targetHints":{"allow":["GET"]}}],"collection":[{"href":"https:\/\/www.sonoraenequipo.com.mx\/api\/wp\/v2\/posts"}],"about":[{"href":"https:\/\/www.sonoraenequipo.com.mx\/api\/wp\/v2\/types\/post"}],"author":[{"embeddable":true,"href":"https:\/\/www.sonoraenequipo.com.mx\/api\/wp\/v2\/users\/1"}],"replies":[{"embeddable":true,"href":"https:\/\/www.sonoraenequipo.com.mx\/api\/wp\/v2\/comments?post=165808"}],"version-history":[{"count":1,"href":"https:\/\/www.sonoraenequipo.com.mx\/api\/wp\/v2\/posts\/165808\/revisions"}],"predecessor-version":[{"id":165809,"href":"https:\/\/www.sonoraenequipo.com.mx\/api\/wp\/v2\/posts\/165808\/revisions\/165809"}],"wp:featuredmedia":[{"embeddable":true,"href":"https:\/\/www.sonoraenequipo.com.mx\/api\/wp\/v2\/media\/91921"}],"wp:attachment":[{"href":"https:\/\/www.sonoraenequipo.com.mx\/api\/wp\/v2\/media?parent=165808"}],"wp:term":[{"taxonomy":"category","embeddable":true,"href":"https:\/\/www.sonoraenequipo.com.mx\/api\/wp\/v2\/categories?post=165808"},{"taxonomy":"post_tag","embeddable":true,"href":"https:\/\/www.sonoraenequipo.com.mx\/api\/wp\/v2\/tags?post=165808"}],"curies":[{"name":"wp","href":"https:\/\/api.w.org\/{rel}","templated":true}]}}