{"id":166268,"date":"2023-05-23T11:28:03","date_gmt":"2023-05-23T18:28:03","guid":{"rendered":"https:\/\/www.sonoraenequipo.com.mx\/?p=166268"},"modified":"2023-05-23T13:28:06","modified_gmt":"2023-05-23T20:28:06","slug":"microsoft-anuncia-un-asistente-personal-de-inteligencia-artificial-para-windows-11","status":"publish","type":"post","link":"https:\/\/www.sonoraenequipo.com.mx\/microsoft-anuncia-un-asistente-personal-de-inteligencia-artificial-para-windows-11\/","title":{"rendered":"Microsoft anuncia un \u201casistente personal\u201d de inteligencia artificial para Windows 11"},"content":{"rendered":"<p><strong>ESTADOS UNIDOS. \u2014<\/strong> El director ejecutivo de Microsoft, Satya Nadella, anunci\u00f3 este martes Windows Copilot, un \u201casistente personal\u201d de inteligencia artificial (IA) para Windows 11.<\/p>\n<p>&nbsp;<\/p>\n<p>&nbsp;<\/p>\n<p> <\/p>\n<p>&nbsp;<\/p>\n<p>Nadella destac\u00f3 en su discurso de apertura de la conferencia de desarrolladores Microsoft Build que se celebra en Seattle (Washington) que esta herramienta podr\u00e1 aumentar la productividad de los usuarios y que se podr\u00e1 acceder a Windows Copilot desde una barra lateral.<\/p>\n<p>&nbsp;<\/p>\n<p>&nbsp;<\/p>\n<p>Esta herramienta puede resumir, reescribir o explicar el contenido que el usuario est\u00e1 viendo en una aplicaci\u00f3n o web, as\u00ed como contestar a preguntas.<\/p>\n<p>&nbsp;<\/p>\n<p><em><strong>\u201cUna vez abierta, la barra lateral de Windows Copilot se mantiene anclada en todas sus aplicaciones, programas y ventanas, siempre disponible para actuar como un asistente personal\u201d,<\/strong><\/em> explic\u00f3 Panos Panay, director de Windows y dispositivos de Microsoft, en un comunicado publicado hoy.<\/p>\n<p>&nbsp;<\/p>\n<p>&nbsp;<\/p>\n<p>Por su parte, Kevin Scott, el director de Tecnolog\u00eda y vicepresidente ejecutivo de Tecnolog\u00eda, Investigaci\u00f3n e IA, explic\u00f3 en el evento que un <em><strong>\u201ccopiloto es una aplicaci\u00f3n que usa IA moderna que tiene una interfaz conversacional que ayuda al usuario con tareas cognitivas\u201d.<\/strong><\/em><\/p>\n<p>&nbsp;<\/p>\n<p>&nbsp;<\/p>\n<p>Esta nueva herramienta no reemplazar\u00e1 directamente la barra de b\u00fasqueda en la barra de tareas de Windows 11, pero se puede pedir al copiloto que haga cambios en la configuraci\u00f3n del PC, como bajar el brillo de la pantalla, por ejemplo.<\/p>\n<p>&nbsp;<\/p>\n<p>&nbsp;<\/p>\n<p>Adem\u00e1s, como Windows Copilot usa la misma tecnolog\u00eda que el chatbot de IA de Microsoft, Bing, o que GPT-4 o Dall-e 2 de OpenIA, se le pueden hacer preguntas de todo tipo y pedir que cree im\u00e1genes mediante texto.<\/p>\n<blockquote class=\"twitter-tweet\" data-width=\"550\" data-dnt=\"true\">\n<p lang=\"en\" dir=\"ltr\">Introducing Windows Copilot: the first PC platform to centralize AI assistance. <a href=\"https:\/\/twitter.com\/hashtag\/MSBuild?src=hash&amp;ref_src=twsrc%5Etfw\">#MSBuild<\/a> <a href=\"https:\/\/t.co\/kujctI9Tm3\">pic.twitter.com\/kujctI9Tm3<\/a><\/p>\n<p>&mdash; Microsoft (@Microsoft) <a href=\"https:\/\/twitter.com\/Microsoft\/status\/1661045178180812805?ref_src=twsrc%5Etfw\">May 23, 2023<\/a><\/p><\/blockquote>\n<p><script async src=\"https:\/\/platform.twitter.com\/widgets.js\" charset=\"utf-8\"><\/script><\/p>\n<p>&nbsp;<\/p>\n<p>&nbsp;<\/p>\n<p>&nbsp;<\/p>\n<p>&nbsp;<\/p>\n<p>PUBLICADO EL 23 DE MAYO DE 2023\/ Con informaci\u00f3n de PrensaLibre)<\/p>\n","protected":false},"excerpt":{"rendered":"<p>ESTADOS UNIDOS. \u2014 El director ejecutivo de Microsoft, Satya Nadella, anunci\u00f3 este martes Windows Copilot,&#8230;<\/p>\n","protected":false},"author":1,"featured_media":166270,"comment_status":"open","ping_status":"open","sticky":false,"template":"","format":"standard","meta":{"_monsterinsights_skip_tracking":false,"_monsterinsights_sitenote_active":false,"_monsterinsights_sitenote_note":"","_monsterinsights_sitenote_category":0,"footnotes":""},"categories":[2216],"tags":[],"class_list":["post"],"yoast_head":" \n<title>Sonora en Equipo. Microsoft anuncia un \u201casistente personal\u201d de inteligencia artificial para Windows 11 Ciencia y Tecnolog\u00eda<\/title>\n<meta name=\"description\" content=\"ESTADOS UNIDOS. \u2014 El director ejecutivo de Microsoft, Satya Nadella, anunci\u00f3 este martes Windows Copilot, un \u201casistente personal\u201d de inteligencia En Sonora en Equipo publicamos toda la informaci\u00f3n de Sonora, M\u00e9xico y el Mundo de manera oportuna y busca que la libertad de expresi\u00f3n sea real. Visita nuestro medio informativo publicado desde Hermosillo, Sonora. %\" \/>\n<meta name=\"robots\" content=\"index, follow, max-snippet:-1, max-image-preview:large, max-video-preview:-1\" \/>\n<link rel=\"canonical\" href=\"https:\/\/www.sonoraenequipo.com.mx\/microsoft-anuncia-un-asistente-personal-de-inteligencia-artificial-para-windows-11\/\" \/>\n<meta property=\"og:locale\" content=\"es_ES\" \/>\n<meta property=\"og:type\" content=\"article\" \/>\n<meta property=\"og:title\" content=\"Sonora en Equipo. Microsoft anuncia un \u201casistente personal\u201d de inteligencia artificial para Windows 11 Ciencia y Tecnolog\u00eda\" \/>\n<meta property=\"og:description\" content=\"ESTADOS UNIDOS. \u2014 El director ejecutivo de Microsoft, Satya Nadella, anunci\u00f3 este martes Windows Copilot, un \u201casistente personal\u201d de inteligencia En Sonora en Equipo publicamos toda la informaci\u00f3n de Sonora, M\u00e9xico y el Mundo de manera oportuna y busca que la libertad de expresi\u00f3n sea real. Visita nuestro medio informativo publicado desde Hermosillo, Sonora. %\" \/>\n<meta property=\"og:url\" content=\"https:\/\/www.sonoraenequipo.com.mx\/microsoft-anuncia-un-asistente-personal-de-inteligencia-artificial-para-windows-11\/\" \/>\n<meta property=\"og:site_name\" content=\"Sonora en Equipo.\" \/>\n<meta property=\"article:publisher\" content=\"https:\/\/www.facebook.com\/SonoraEE\/\" \/>\n<meta property=\"article:author\" content=\"https:\/\/www.facebook.com\/SonoraEE\" \/>\n<meta property=\"article:published_time\" content=\"2023-05-23T18:28:03+00:00\" \/>\n<meta property=\"article:modified_time\" content=\"2023-05-23T20:28:06+00:00\" \/>\n<meta property=\"og:image\" content=\"https:\/\/www.sonoraenequipo.com.mx\/storage\/2023\/05\/Microsoft-anuncia-un-asistente-personal...-min.jpg\" \/>\n\t<meta property=\"og:image:width\" content=\"900\" \/>\n\t<meta property=\"og:image:height\" content=\"581\" \/>\n\t<meta property=\"og:image:type\" content=\"image\/jpeg\" \/>\n<meta name=\"author\" content=\"enequipo\" \/>\n<meta name=\"twitter:card\" content=\"summary_large_image\" \/>\n<meta name=\"twitter:creator\" content=\"@sonoraenequipo\" \/>\n<meta name=\"twitter:site\" content=\"@sonoraenequipo\" \/>\n<meta name=\"twitter:label1\" content=\"Escrito por\" \/>\n\t<meta name=\"twitter:data1\" content=\"enequipo\" \/>\n\t<meta name=\"twitter:label2\" content=\"Tiempo de lectura\" \/>\n\t<meta name=\"twitter:data2\" content=\"1 minuto\" \/>\n<script type=\"application\/ld+json\" class=\"yoast-schema-graph\">{\"@context\":\"https:\/\/schema.org\",\"@graph\":[{\"@type\":\"Article\",\"@id\":\"https:\/\/www.sonoraenequipo.com.mx\/microsoft-anuncia-un-asistente-personal-de-inteligencia-artificial-para-windows-11\/#article\",\"isPartOf\":{\"@id\":\"https:\/\/www.sonoraenequipo.com.mx\/microsoft-anuncia-un-asistente-personal-de-inteligencia-artificial-para-windows-11\/\"},\"author\":{\"name\":\"enequipo\",\"@id\":\"https:\/\/www.sonoraenequipo.com.mx\/#\/schema\/person\/50102df0fb23a8fa9e8effad8fa81386\"},\"headline\":\"Microsoft anuncia un \u201casistente personal\u201d de inteligencia artificial para Windows 11\",\"datePublished\":\"2023-05-23T18:28:03+00:00\",\"dateModified\":\"2023-05-23T20:28:06+00:00\",\"mainEntityOfPage\":{\"@id\":\"https:\/\/www.sonoraenequipo.com.mx\/microsoft-anuncia-un-asistente-personal-de-inteligencia-artificial-para-windows-11\/\"},\"wordCount\":303,\"commentCount\":0,\"publisher\":{\"@id\":\"https:\/\/www.sonoraenequipo.com.mx\/#organization\"},\"image\":{\"@id\":\"https:\/\/www.sonoraenequipo.com.mx\/microsoft-anuncia-un-asistente-personal-de-inteligencia-artificial-para-windows-11\/#primaryimage\"},\"thumbnailUrl\":\"https:\/\/www.sonoraenequipo.com.mx\/storage\/2023\/05\/Microsoft-anuncia-un-asistente-personal...-min.jpg\",\"articleSection\":[\"Ciencia y Tecnolog\u00eda\"],\"inLanguage\":\"es\",\"potentialAction\":[{\"@type\":\"CommentAction\",\"name\":\"Comment\",\"target\":[\"https:\/\/www.sonoraenequipo.com.mx\/microsoft-anuncia-un-asistente-personal-de-inteligencia-artificial-para-windows-11\/#respond\"]}]},{\"@type\":\"WebPage\",\"@id\":\"https:\/\/www.sonoraenequipo.com.mx\/microsoft-anuncia-un-asistente-personal-de-inteligencia-artificial-para-windows-11\/\",\"url\":\"https:\/\/www.sonoraenequipo.com.mx\/microsoft-anuncia-un-asistente-personal-de-inteligencia-artificial-para-windows-11\/\",\"name\":\"Sonora en Equipo. Microsoft anuncia un \u201casistente personal\u201d de inteligencia artificial para Windows 11 Ciencia y Tecnolog\u00eda\",\"isPartOf\":{\"@id\":\"https:\/\/www.sonoraenequipo.com.mx\/#website\"},\"primaryImageOfPage\":{\"@id\":\"https:\/\/www.sonoraenequipo.com.mx\/microsoft-anuncia-un-asistente-personal-de-inteligencia-artificial-para-windows-11\/#primaryimage\"},\"image\":{\"@id\":\"https:\/\/www.sonoraenequipo.com.mx\/microsoft-anuncia-un-asistente-personal-de-inteligencia-artificial-para-windows-11\/#primaryimage\"},\"thumbnailUrl\":\"https:\/\/www.sonoraenequipo.com.mx\/storage\/2023\/05\/Microsoft-anuncia-un-asistente-personal...-min.jpg\",\"datePublished\":\"2023-05-23T18:28:03+00:00\",\"dateModified\":\"2023-05-23T20:28:06+00:00\",\"description\":\"ESTADOS UNIDOS. \u2014 El director ejecutivo de Microsoft, Satya Nadella, anunci\u00f3 este martes Windows Copilot, un \u201casistente personal\u201d de inteligencia En Sonora en Equipo publicamos toda la informaci\u00f3n de Sonora, M\u00e9xico y el Mundo de manera oportuna y busca que la libertad de expresi\u00f3n sea real. Visita nuestro medio informativo publicado desde Hermosillo, Sonora. %\",\"breadcrumb\":{\"@id\":\"https:\/\/www.sonoraenequipo.com.mx\/microsoft-anuncia-un-asistente-personal-de-inteligencia-artificial-para-windows-11\/#breadcrumb\"},\"inLanguage\":\"es\",\"potentialAction\":[{\"@type\":\"ReadAction\",\"target\":[\"https:\/\/www.sonoraenequipo.com.mx\/microsoft-anuncia-un-asistente-personal-de-inteligencia-artificial-para-windows-11\/\"]}]},{\"@type\":\"ImageObject\",\"inLanguage\":\"es\",\"@id\":\"https:\/\/www.sonoraenequipo.com.mx\/microsoft-anuncia-un-asistente-personal-de-inteligencia-artificial-para-windows-11\/#primaryimage\",\"url\":\"https:\/\/www.sonoraenequipo.com.mx\/storage\/2023\/05\/Microsoft-anuncia-un-asistente-personal...-min.jpg\",\"contentUrl\":\"https:\/\/www.sonoraenequipo.com.mx\/storage\/2023\/05\/Microsoft-anuncia-un-asistente-personal...-min.jpg\",\"width\":900,\"height\":581},{\"@type\":\"BreadcrumbList\",\"@id\":\"https:\/\/www.sonoraenequipo.com.mx\/microsoft-anuncia-un-asistente-personal-de-inteligencia-artificial-para-windows-11\/#breadcrumb\",\"itemListElement\":[{\"@type\":\"ListItem\",\"position\":1,\"name\":\"Portada\",\"item\":\"https:\/\/www.sonoraenequipo.com.mx\/\"},{\"@type\":\"ListItem\",\"position\":2,\"name\":\"Microsoft anuncia un \u201casistente personal\u201d de inteligencia artificial para Windows 11\"}]},{\"@type\":\"WebSite\",\"@id\":\"https:\/\/www.sonoraenequipo.com.mx\/#website\",\"url\":\"https:\/\/www.sonoraenequipo.com.mx\/\",\"name\":\"Sonora en Equipo.\",\"description\":\"Diario en l\u00ednea con Noticias desde Hermosillo, Sonora\",\"publisher\":{\"@id\":\"https:\/\/www.sonoraenequipo.com.mx\/#organization\"},\"potentialAction\":[{\"@type\":\"SearchAction\",\"target\":{\"@type\":\"EntryPoint\",\"urlTemplate\":\"https:\/\/www.sonoraenequipo.com.mx\/?s={search_term_string}\"},\"query-input\":{\"@type\":\"PropertyValueSpecification\",\"valueRequired\":true,\"valueName\":\"search_term_string\"}}],\"inLanguage\":\"es\"},{\"@type\":\"Organization\",\"@id\":\"https:\/\/www.sonoraenequipo.com.mx\/#organization\",\"name\":\"Sonoraenequipo.com.mx\",\"url\":\"https:\/\/www.sonoraenequipo.com.mx\/\",\"logo\":{\"@type\":\"ImageObject\",\"inLanguage\":\"es\",\"@id\":\"https:\/\/www.sonoraenequipo.com.mx\/#\/schema\/logo\/image\/\",\"url\":\"https:\/\/www.sonoraenequipo.com.mx\/storage\/2019\/01\/sonoraenequipo_opt.png\",\"contentUrl\":\"https:\/\/www.sonoraenequipo.com.mx\/storage\/2019\/01\/sonoraenequipo_opt.png\",\"width\":375,\"height\":125,\"caption\":\"Sonoraenequipo.com.mx\"},\"image\":{\"@id\":\"https:\/\/www.sonoraenequipo.com.mx\/#\/schema\/logo\/image\/\"},\"sameAs\":[\"https:\/\/www.facebook.com\/SonoraEE\/\",\"https:\/\/x.com\/sonoraenequipo\",\"https:\/\/www.youtube.com\/channel\/UC338nW-lPEYmJQs4ZABQ1SQ\"]},{\"@type\":\"Person\",\"@id\":\"https:\/\/www.sonoraenequipo.com.mx\/#\/schema\/person\/50102df0fb23a8fa9e8effad8fa81386\",\"name\":\"enequipo\",\"image\":{\"@type\":\"ImageObject\",\"inLanguage\":\"es\",\"@id\":\"https:\/\/www.sonoraenequipo.com.mx\/#\/schema\/person\/image\/\",\"url\":\"https:\/\/secure.gravatar.com\/avatar\/049821681b589dabc0bc20695993ccebb09f5b5d4d790cd9251b97faac7c652b?s=96&d=blank&r=g\",\"contentUrl\":\"https:\/\/secure.gravatar.com\/avatar\/049821681b589dabc0bc20695993ccebb09f5b5d4d790cd9251b97faac7c652b?s=96&d=blank&r=g\",\"caption\":\"enequipo\"},\"sameAs\":[\"https:\/\/www.facebook.com\/SonoraEE\"]}]}<\/script>\n ","yoast_head_json":{"title":"Sonora en Equipo. Microsoft anuncia un \u201casistente personal\u201d de inteligencia artificial para Windows 11 Ciencia y Tecnolog\u00eda","description":"ESTADOS UNIDOS. \u2014 El director ejecutivo de Microsoft, Satya Nadella, anunci\u00f3 este martes Windows Copilot, un \u201casistente personal\u201d de inteligencia En Sonora en Equipo publicamos toda la informaci\u00f3n de Sonora, M\u00e9xico y el Mundo de manera oportuna y busca que la libertad de expresi\u00f3n sea real. Visita nuestro medio informativo publicado desde Hermosillo, Sonora. %","robots":{"index":"index","follow":"follow","max-snippet":"max-snippet:-1","max-image-preview":"max-image-preview:large","max-video-preview":"max-video-preview:-1"},"canonical":"https:\/\/www.sonoraenequipo.com.mx\/microsoft-anuncia-un-asistente-personal-de-inteligencia-artificial-para-windows-11\/","og_locale":"es_ES","og_type":"article","og_title":"Sonora en Equipo. Microsoft anuncia un \u201casistente personal\u201d de inteligencia artificial para Windows 11 Ciencia y Tecnolog\u00eda","og_description":"ESTADOS UNIDOS. \u2014 El director ejecutivo de Microsoft, Satya Nadella, anunci\u00f3 este martes Windows Copilot, un \u201casistente personal\u201d de inteligencia En Sonora en Equipo publicamos toda la informaci\u00f3n de Sonora, M\u00e9xico y el Mundo de manera oportuna y busca que la libertad de expresi\u00f3n sea real. Visita nuestro medio informativo publicado desde Hermosillo, Sonora. %","og_url":"https:\/\/www.sonoraenequipo.com.mx\/microsoft-anuncia-un-asistente-personal-de-inteligencia-artificial-para-windows-11\/","og_site_name":"Sonora en Equipo.","article_publisher":"https:\/\/www.facebook.com\/SonoraEE\/","article_author":"https:\/\/www.facebook.com\/SonoraEE","article_published_time":"2023-05-23T18:28:03+00:00","article_modified_time":"2023-05-23T20:28:06+00:00","og_image":[{"width":900,"height":581,"url":"https:\/\/www.sonoraenequipo.com.mx\/storage\/2023\/05\/Microsoft-anuncia-un-asistente-personal...-min.jpg","type":"image\/jpeg"}],"author":"enequipo","twitter_card":"summary_large_image","twitter_creator":"@sonoraenequipo","twitter_site":"@sonoraenequipo","twitter_misc":{"Escrito por":"enequipo","Tiempo de lectura":"1 minuto"},"schema":{"@context":"https:\/\/schema.org","@graph":[{"@type":"Article","@id":"https:\/\/www.sonoraenequipo.com.mx\/microsoft-anuncia-un-asistente-personal-de-inteligencia-artificial-para-windows-11\/#article","isPartOf":{"@id":"https:\/\/www.sonoraenequipo.com.mx\/microsoft-anuncia-un-asistente-personal-de-inteligencia-artificial-para-windows-11\/"},"author":{"name":"enequipo","@id":"https:\/\/www.sonoraenequipo.com.mx\/#\/schema\/person\/50102df0fb23a8fa9e8effad8fa81386"},"headline":"Microsoft anuncia un \u201casistente personal\u201d de inteligencia artificial para Windows 11","datePublished":"2023-05-23T18:28:03+00:00","dateModified":"2023-05-23T20:28:06+00:00","mainEntityOfPage":{"@id":"https:\/\/www.sonoraenequipo.com.mx\/microsoft-anuncia-un-asistente-personal-de-inteligencia-artificial-para-windows-11\/"},"wordCount":303,"commentCount":0,"publisher":{"@id":"https:\/\/www.sonoraenequipo.com.mx\/#organization"},"image":{"@id":"https:\/\/www.sonoraenequipo.com.mx\/microsoft-anuncia-un-asistente-personal-de-inteligencia-artificial-para-windows-11\/#primaryimage"},"thumbnailUrl":"https:\/\/www.sonoraenequipo.com.mx\/storage\/2023\/05\/Microsoft-anuncia-un-asistente-personal...-min.jpg","articleSection":["Ciencia y Tecnolog\u00eda"],"inLanguage":"es","potentialAction":[{"@type":"CommentAction","name":"Comment","target":["https:\/\/www.sonoraenequipo.com.mx\/microsoft-anuncia-un-asistente-personal-de-inteligencia-artificial-para-windows-11\/#respond"]}]},{"@type":"WebPage","@id":"https:\/\/www.sonoraenequipo.com.mx\/microsoft-anuncia-un-asistente-personal-de-inteligencia-artificial-para-windows-11\/","url":"https:\/\/www.sonoraenequipo.com.mx\/microsoft-anuncia-un-asistente-personal-de-inteligencia-artificial-para-windows-11\/","name":"Sonora en Equipo. Microsoft anuncia un \u201casistente personal\u201d de inteligencia artificial para Windows 11 Ciencia y Tecnolog\u00eda","isPartOf":{"@id":"https:\/\/www.sonoraenequipo.com.mx\/#website"},"primaryImageOfPage":{"@id":"https:\/\/www.sonoraenequipo.com.mx\/microsoft-anuncia-un-asistente-personal-de-inteligencia-artificial-para-windows-11\/#primaryimage"},"image":{"@id":"https:\/\/www.sonoraenequipo.com.mx\/microsoft-anuncia-un-asistente-personal-de-inteligencia-artificial-para-windows-11\/#primaryimage"},"thumbnailUrl":"https:\/\/www.sonoraenequipo.com.mx\/storage\/2023\/05\/Microsoft-anuncia-un-asistente-personal...-min.jpg","datePublished":"2023-05-23T18:28:03+00:00","dateModified":"2023-05-23T20:28:06+00:00","description":"ESTADOS UNIDOS. \u2014 El director ejecutivo de Microsoft, Satya Nadella, anunci\u00f3 este martes Windows Copilot, un \u201casistente personal\u201d de inteligencia En Sonora en Equipo publicamos toda la informaci\u00f3n de Sonora, M\u00e9xico y el Mundo de manera oportuna y busca que la libertad de expresi\u00f3n sea real. Visita nuestro medio informativo publicado desde Hermosillo, Sonora. %","breadcrumb":{"@id":"https:\/\/www.sonoraenequipo.com.mx\/microsoft-anuncia-un-asistente-personal-de-inteligencia-artificial-para-windows-11\/#breadcrumb"},"inLanguage":"es","potentialAction":[{"@type":"ReadAction","target":["https:\/\/www.sonoraenequipo.com.mx\/microsoft-anuncia-un-asistente-personal-de-inteligencia-artificial-para-windows-11\/"]}]},{"@type":"ImageObject","inLanguage":"es","@id":"https:\/\/www.sonoraenequipo.com.mx\/microsoft-anuncia-un-asistente-personal-de-inteligencia-artificial-para-windows-11\/#primaryimage","url":"https:\/\/www.sonoraenequipo.com.mx\/storage\/2023\/05\/Microsoft-anuncia-un-asistente-personal...-min.jpg","contentUrl":"https:\/\/www.sonoraenequipo.com.mx\/storage\/2023\/05\/Microsoft-anuncia-un-asistente-personal...-min.jpg","width":900,"height":581},{"@type":"BreadcrumbList","@id":"https:\/\/www.sonoraenequipo.com.mx\/microsoft-anuncia-un-asistente-personal-de-inteligencia-artificial-para-windows-11\/#breadcrumb","itemListElement":[{"@type":"ListItem","position":1,"name":"Portada","item":"https:\/\/www.sonoraenequipo.com.mx\/"},{"@type":"ListItem","position":2,"name":"Microsoft anuncia un \u201casistente personal\u201d de inteligencia artificial para Windows 11"}]},{"@type":"WebSite","@id":"https:\/\/www.sonoraenequipo.com.mx\/#website","url":"https:\/\/www.sonoraenequipo.com.mx\/","name":"Sonora en Equipo.","description":"Diario en l\u00ednea con Noticias desde Hermosillo, Sonora","publisher":{"@id":"https:\/\/www.sonoraenequipo.com.mx\/#organization"},"potentialAction":[{"@type":"SearchAction","target":{"@type":"EntryPoint","urlTemplate":"https:\/\/www.sonoraenequipo.com.mx\/?s={search_term_string}"},"query-input":{"@type":"PropertyValueSpecification","valueRequired":true,"valueName":"search_term_string"}}],"inLanguage":"es"},{"@type":"Organization","@id":"https:\/\/www.sonoraenequipo.com.mx\/#organization","name":"Sonoraenequipo.com.mx","url":"https:\/\/www.sonoraenequipo.com.mx\/","logo":{"@type":"ImageObject","inLanguage":"es","@id":"https:\/\/www.sonoraenequipo.com.mx\/#\/schema\/logo\/image\/","url":"https:\/\/www.sonoraenequipo.com.mx\/storage\/2019\/01\/sonoraenequipo_opt.png","contentUrl":"https:\/\/www.sonoraenequipo.com.mx\/storage\/2019\/01\/sonoraenequipo_opt.png","width":375,"height":125,"caption":"Sonoraenequipo.com.mx"},"image":{"@id":"https:\/\/www.sonoraenequipo.com.mx\/#\/schema\/logo\/image\/"},"sameAs":["https:\/\/www.facebook.com\/SonoraEE\/","https:\/\/x.com\/sonoraenequipo","https:\/\/www.youtube.com\/channel\/UC338nW-lPEYmJQs4ZABQ1SQ"]},{"@type":"Person","@id":"https:\/\/www.sonoraenequipo.com.mx\/#\/schema\/person\/50102df0fb23a8fa9e8effad8fa81386","name":"enequipo","image":{"@type":"ImageObject","inLanguage":"es","@id":"https:\/\/www.sonoraenequipo.com.mx\/#\/schema\/person\/image\/","url":"https:\/\/secure.gravatar.com\/avatar\/049821681b589dabc0bc20695993ccebb09f5b5d4d790cd9251b97faac7c652b?s=96&d=blank&r=g","contentUrl":"https:\/\/secure.gravatar.com\/avatar\/049821681b589dabc0bc20695993ccebb09f5b5d4d790cd9251b97faac7c652b?s=96&d=blank&r=g","caption":"enequipo"},"sameAs":["https:\/\/www.facebook.com\/SonoraEE"]}]}},"jetpack_featured_media_url":"https:\/\/www.sonoraenequipo.com.mx\/storage\/2023\/05\/Microsoft-anuncia-un-asistente-personal...-min.jpg","_links":{"self":[{"href":"https:\/\/www.sonoraenequipo.com.mx\/api\/wp\/v2\/posts\/166268","targetHints":{"allow":["GET"]}}],"collection":[{"href":"https:\/\/www.sonoraenequipo.com.mx\/api\/wp\/v2\/posts"}],"about":[{"href":"https:\/\/www.sonoraenequipo.com.mx\/api\/wp\/v2\/types\/post"}],"author":[{"embeddable":true,"href":"https:\/\/www.sonoraenequipo.com.mx\/api\/wp\/v2\/users\/1"}],"replies":[{"embeddable":true,"href":"https:\/\/www.sonoraenequipo.com.mx\/api\/wp\/v2\/comments?post=166268"}],"version-history":[{"count":1,"href":"https:\/\/www.sonoraenequipo.com.mx\/api\/wp\/v2\/posts\/166268\/revisions"}],"predecessor-version":[{"id":166271,"href":"https:\/\/www.sonoraenequipo.com.mx\/api\/wp\/v2\/posts\/166268\/revisions\/166271"}],"wp:featuredmedia":[{"embeddable":true,"href":"https:\/\/www.sonoraenequipo.com.mx\/api\/wp\/v2\/media\/166270"}],"wp:attachment":[{"href":"https:\/\/www.sonoraenequipo.com.mx\/api\/wp\/v2\/media?parent=166268"}],"wp:term":[{"taxonomy":"category","embeddable":true,"href":"https:\/\/www.sonoraenequipo.com.mx\/api\/wp\/v2\/categories?post=166268"},{"taxonomy":"post_tag","embeddable":true,"href":"https:\/\/www.sonoraenequipo.com.mx\/api\/wp\/v2\/tags?post=166268"}],"curies":[{"name":"wp","href":"https:\/\/api.w.org\/{rel}","templated":true}]}}