{"id":166742,"date":"2023-05-29T08:50:13","date_gmt":"2023-05-29T15:50:13","guid":{"rendered":"https:\/\/www.sonoraenequipo.com.mx\/?p=166742"},"modified":"2023-05-29T10:21:48","modified_gmt":"2023-05-29T17:21:48","slug":"amlo-critica-a-manifestantes-a-favor-de-la-scjn-por-actuar-con-prepotencia","status":"publish","type":"post","link":"https:\/\/www.sonoraenequipo.com.mx\/amlo-critica-a-manifestantes-a-favor-de-la-scjn-por-actuar-con-prepotencia\/","title":{"rendered":"AMLO critica a manifestantes a favor de la SCJN por actuar \u201ccon prepotencia\u201d"},"content":{"rendered":"<p><strong>CIUDAD DE M\u00c9XICO. MX. \u2014<\/strong> El presidente Andr\u00e9s Manuel L\u00f3pez Obrador acus\u00f3 que los simpatizantes de la Suprema Corte de Justicia de la Naci\u00f3n (SCJN) actuaron <em><strong>\u201ccon prepotencia\u201d<\/strong> <\/em>al quitar un plant\u00f3n frente a las instalaciones del m\u00e1ximo tribunal.<\/p>\n<p>&nbsp;<\/p>\n<p> <\/p>\n<p><em><strong>\u201cSe actu\u00f3 por parte de los que marcharon con prepotencia, porque pueden no estar de acuerdo con los que est\u00e1n manifest\u00e1ndose enfrente de la Corte, pero no debieron ir a provocar y a quitarles las mantas. Hay que respetar eso y no creo yo que eso sea correcto, hay que evitar la confrontaci\u00f3n, la violencia\u201d,<\/strong><\/em> apunt\u00f3.<\/p>\n<p>&nbsp;<\/p>\n<p>&nbsp;<\/p>\n<p><em><strong>\u201cNo creo yo que eso sea correcto, hay que evitar la confrontaci\u00f3n, la violencia. El que usa la fuerza es que no tiene capacidad para convencer y hay que ver qui\u00e9nes son, no para perseguirlos o reprimirlos, tan es as\u00ed que no hab\u00eda polic\u00eda. Hay libertades como nunca, no se desaloja a nadie, no se reprime a nadie\u201d,<\/strong> <\/em>coment\u00f3.<\/p>\n<p>&nbsp;<\/p>\n<p>Este domingo, ciudadanos marcharon en las principales ciudades del Pa\u00eds como CDMX, Monterrey y Guadalajara, en defensa de la Corte.<\/p>\n<p>&nbsp;<\/p>\n<p>En la Ciudad de M\u00e9xico, un grupo lleg\u00f3 a la sede de la SCJN para retirar a los morenistas y simpatizantes de L\u00f3pez Obrador, que hab\u00edan instalado un plant\u00f3n desde el 24 de abril.<\/p>\n<p>&nbsp;<\/p>\n<p>L\u00f3pez Obrador ironiz\u00f3 que la marcha estuvo <em><strong>\u201ceriza\u201d<\/strong><\/em> por los pocos asistentes que se congregaron.<\/p>\n<p>&nbsp;<\/p>\n<p>L\u00f3pez Obrador dijo que solamente acudieron a la marcha alrededor de 3 mil personas, cifra 50% mayor a los reportados por el gobierno de la CDMX.<\/p>\n<p>&nbsp;<\/p>\n<p><em><strong>\u201cA pesar de que Ciro G\u00f3mez Leyva y todos los medios convocan a las manifestaciones, pues de acuerdo al informe que tengo\u2026 3 mil personas\u2026 muy erizo. Tienen que echarle m\u00e1s ganas\u201d<\/strong><\/em>, sostuvo.<\/p>\n<p>&nbsp;<\/p>\n<p>&nbsp;<\/p>\n<p>PUBLICADO EL 29 DE MAYO DE 2023<\/p>\n","protected":false},"excerpt":{"rendered":"<p>CIUDAD DE M\u00c9XICO. MX. \u2014 El presidente Andr\u00e9s Manuel L\u00f3pez Obrador acus\u00f3 que los simpatizantes&#8230;<\/p>\n","protected":false},"author":1,"featured_media":166744,"comment_status":"open","ping_status":"open","sticky":false,"template":"","format":"standard","meta":{"_monsterinsights_skip_tracking":false,"_monsterinsights_sitenote_active":false,"_monsterinsights_sitenote_note":"","_monsterinsights_sitenote_category":0,"footnotes":""},"categories":[5],"tags":[],"class_list":["post"],"yoast_head":" \n<title>Sonora en Equipo. AMLO critica a manifestantes a favor de la SCJN por actuar \u201ccon prepotencia\u201d Rep\u00fablica<\/title>\n<meta name=\"description\" content=\"CIUDAD DE M\u00c9XICO. MX. \u2014 El presidente Andr\u00e9s Manuel L\u00f3pez Obrador acus\u00f3 que los simpatizantes de la Suprema Corte de Justicia de la Naci\u00f3n (SCJN) actuaron En Sonora en Equipo publicamos toda la informaci\u00f3n de Sonora, M\u00e9xico y el Mundo de manera oportuna y busca que la libertad de expresi\u00f3n sea real. Visita nuestro medio informativo publicado desde Hermosillo, Sonora. %\" \/>\n<meta name=\"robots\" content=\"index, follow, max-snippet:-1, max-image-preview:large, max-video-preview:-1\" \/>\n<link rel=\"canonical\" href=\"https:\/\/www.sonoraenequipo.com.mx\/amlo-critica-a-manifestantes-a-favor-de-la-scjn-por-actuar-con-prepotencia\/\" \/>\n<meta property=\"og:locale\" content=\"es_ES\" \/>\n<meta property=\"og:type\" content=\"article\" \/>\n<meta property=\"og:title\" content=\"Sonora en Equipo. AMLO critica a manifestantes a favor de la SCJN por actuar \u201ccon prepotencia\u201d Rep\u00fablica\" \/>\n<meta property=\"og:description\" content=\"CIUDAD DE M\u00c9XICO. MX. \u2014 El presidente Andr\u00e9s Manuel L\u00f3pez Obrador acus\u00f3 que los simpatizantes de la Suprema Corte de Justicia de la Naci\u00f3n (SCJN) actuaron En Sonora en Equipo publicamos toda la informaci\u00f3n de Sonora, M\u00e9xico y el Mundo de manera oportuna y busca que la libertad de expresi\u00f3n sea real. Visita nuestro medio informativo publicado desde Hermosillo, Sonora. %\" \/>\n<meta property=\"og:url\" content=\"https:\/\/www.sonoraenequipo.com.mx\/amlo-critica-a-manifestantes-a-favor-de-la-scjn-por-actuar-con-prepotencia\/\" \/>\n<meta property=\"og:site_name\" content=\"Sonora en Equipo.\" \/>\n<meta property=\"article:publisher\" content=\"https:\/\/www.facebook.com\/SonoraEE\/\" \/>\n<meta property=\"article:author\" content=\"https:\/\/www.facebook.com\/SonoraEE\" \/>\n<meta property=\"article:published_time\" content=\"2023-05-29T15:50:13+00:00\" \/>\n<meta property=\"article:modified_time\" content=\"2023-05-29T17:21:48+00:00\" \/>\n<meta property=\"og:image\" content=\"https:\/\/www.sonoraenequipo.com.mx\/storage\/2023\/05\/presidente-Obrador-min.jpeg\" \/>\n\t<meta property=\"og:image:width\" content=\"802\" \/>\n\t<meta property=\"og:image:height\" content=\"547\" \/>\n\t<meta property=\"og:image:type\" content=\"image\/jpeg\" \/>\n<meta name=\"author\" content=\"enequipo\" \/>\n<meta name=\"twitter:card\" content=\"summary_large_image\" \/>\n<meta name=\"twitter:creator\" content=\"@sonoraenequipo\" \/>\n<meta name=\"twitter:site\" content=\"@sonoraenequipo\" \/>\n<meta name=\"twitter:label1\" content=\"Escrito por\" \/>\n\t<meta name=\"twitter:data1\" content=\"enequipo\" \/>\n\t<meta name=\"twitter:label2\" content=\"Tiempo de lectura\" \/>\n\t<meta name=\"twitter:data2\" content=\"2 minutos\" \/>\n<script type=\"application\/ld+json\" class=\"yoast-schema-graph\">{\"@context\":\"https:\/\/schema.org\",\"@graph\":[{\"@type\":\"Article\",\"@id\":\"https:\/\/www.sonoraenequipo.com.mx\/amlo-critica-a-manifestantes-a-favor-de-la-scjn-por-actuar-con-prepotencia\/#article\",\"isPartOf\":{\"@id\":\"https:\/\/www.sonoraenequipo.com.mx\/amlo-critica-a-manifestantes-a-favor-de-la-scjn-por-actuar-con-prepotencia\/\"},\"author\":{\"name\":\"enequipo\",\"@id\":\"https:\/\/www.sonoraenequipo.com.mx\/#\/schema\/person\/50102df0fb23a8fa9e8effad8fa81386\"},\"headline\":\"AMLO critica a manifestantes a favor de la SCJN por actuar \u201ccon prepotencia\u201d\",\"datePublished\":\"2023-05-29T15:50:13+00:00\",\"dateModified\":\"2023-05-29T17:21:48+00:00\",\"mainEntityOfPage\":{\"@id\":\"https:\/\/www.sonoraenequipo.com.mx\/amlo-critica-a-manifestantes-a-favor-de-la-scjn-por-actuar-con-prepotencia\/\"},\"wordCount\":327,\"commentCount\":0,\"publisher\":{\"@id\":\"https:\/\/www.sonoraenequipo.com.mx\/#organization\"},\"image\":{\"@id\":\"https:\/\/www.sonoraenequipo.com.mx\/amlo-critica-a-manifestantes-a-favor-de-la-scjn-por-actuar-con-prepotencia\/#primaryimage\"},\"thumbnailUrl\":\"https:\/\/www.sonoraenequipo.com.mx\/storage\/2023\/05\/presidente-Obrador-min.jpeg\",\"articleSection\":[\"Rep\u00fablica\"],\"inLanguage\":\"es\",\"potentialAction\":[{\"@type\":\"CommentAction\",\"name\":\"Comment\",\"target\":[\"https:\/\/www.sonoraenequipo.com.mx\/amlo-critica-a-manifestantes-a-favor-de-la-scjn-por-actuar-con-prepotencia\/#respond\"]}]},{\"@type\":\"WebPage\",\"@id\":\"https:\/\/www.sonoraenequipo.com.mx\/amlo-critica-a-manifestantes-a-favor-de-la-scjn-por-actuar-con-prepotencia\/\",\"url\":\"https:\/\/www.sonoraenequipo.com.mx\/amlo-critica-a-manifestantes-a-favor-de-la-scjn-por-actuar-con-prepotencia\/\",\"name\":\"Sonora en Equipo. AMLO critica a manifestantes a favor de la SCJN por actuar \u201ccon prepotencia\u201d Rep\u00fablica\",\"isPartOf\":{\"@id\":\"https:\/\/www.sonoraenequipo.com.mx\/#website\"},\"primaryImageOfPage\":{\"@id\":\"https:\/\/www.sonoraenequipo.com.mx\/amlo-critica-a-manifestantes-a-favor-de-la-scjn-por-actuar-con-prepotencia\/#primaryimage\"},\"image\":{\"@id\":\"https:\/\/www.sonoraenequipo.com.mx\/amlo-critica-a-manifestantes-a-favor-de-la-scjn-por-actuar-con-prepotencia\/#primaryimage\"},\"thumbnailUrl\":\"https:\/\/www.sonoraenequipo.com.mx\/storage\/2023\/05\/presidente-Obrador-min.jpeg\",\"datePublished\":\"2023-05-29T15:50:13+00:00\",\"dateModified\":\"2023-05-29T17:21:48+00:00\",\"description\":\"CIUDAD DE M\u00c9XICO. MX. \u2014 El presidente Andr\u00e9s Manuel L\u00f3pez Obrador acus\u00f3 que los simpatizantes de la Suprema Corte de Justicia de la Naci\u00f3n (SCJN) actuaron En Sonora en Equipo publicamos toda la informaci\u00f3n de Sonora, M\u00e9xico y el Mundo de manera oportuna y busca que la libertad de expresi\u00f3n sea real. Visita nuestro medio informativo publicado desde Hermosillo, Sonora. %\",\"breadcrumb\":{\"@id\":\"https:\/\/www.sonoraenequipo.com.mx\/amlo-critica-a-manifestantes-a-favor-de-la-scjn-por-actuar-con-prepotencia\/#breadcrumb\"},\"inLanguage\":\"es\",\"potentialAction\":[{\"@type\":\"ReadAction\",\"target\":[\"https:\/\/www.sonoraenequipo.com.mx\/amlo-critica-a-manifestantes-a-favor-de-la-scjn-por-actuar-con-prepotencia\/\"]}]},{\"@type\":\"ImageObject\",\"inLanguage\":\"es\",\"@id\":\"https:\/\/www.sonoraenequipo.com.mx\/amlo-critica-a-manifestantes-a-favor-de-la-scjn-por-actuar-con-prepotencia\/#primaryimage\",\"url\":\"https:\/\/www.sonoraenequipo.com.mx\/storage\/2023\/05\/presidente-Obrador-min.jpeg\",\"contentUrl\":\"https:\/\/www.sonoraenequipo.com.mx\/storage\/2023\/05\/presidente-Obrador-min.jpeg\",\"width\":802,\"height\":547},{\"@type\":\"BreadcrumbList\",\"@id\":\"https:\/\/www.sonoraenequipo.com.mx\/amlo-critica-a-manifestantes-a-favor-de-la-scjn-por-actuar-con-prepotencia\/#breadcrumb\",\"itemListElement\":[{\"@type\":\"ListItem\",\"position\":1,\"name\":\"Portada\",\"item\":\"https:\/\/www.sonoraenequipo.com.mx\/\"},{\"@type\":\"ListItem\",\"position\":2,\"name\":\"AMLO critica a manifestantes a favor de la SCJN por actuar \u201ccon prepotencia\u201d\"}]},{\"@type\":\"WebSite\",\"@id\":\"https:\/\/www.sonoraenequipo.com.mx\/#website\",\"url\":\"https:\/\/www.sonoraenequipo.com.mx\/\",\"name\":\"Sonora en Equipo.\",\"description\":\"Diario en l\u00ednea con Noticias desde Hermosillo, Sonora\",\"publisher\":{\"@id\":\"https:\/\/www.sonoraenequipo.com.mx\/#organization\"},\"potentialAction\":[{\"@type\":\"SearchAction\",\"target\":{\"@type\":\"EntryPoint\",\"urlTemplate\":\"https:\/\/www.sonoraenequipo.com.mx\/?s={search_term_string}\"},\"query-input\":{\"@type\":\"PropertyValueSpecification\",\"valueRequired\":true,\"valueName\":\"search_term_string\"}}],\"inLanguage\":\"es\"},{\"@type\":\"Organization\",\"@id\":\"https:\/\/www.sonoraenequipo.com.mx\/#organization\",\"name\":\"Sonoraenequipo.com.mx\",\"url\":\"https:\/\/www.sonoraenequipo.com.mx\/\",\"logo\":{\"@type\":\"ImageObject\",\"inLanguage\":\"es\",\"@id\":\"https:\/\/www.sonoraenequipo.com.mx\/#\/schema\/logo\/image\/\",\"url\":\"https:\/\/www.sonoraenequipo.com.mx\/storage\/2019\/01\/sonoraenequipo_opt.png\",\"contentUrl\":\"https:\/\/www.sonoraenequipo.com.mx\/storage\/2019\/01\/sonoraenequipo_opt.png\",\"width\":375,\"height\":125,\"caption\":\"Sonoraenequipo.com.mx\"},\"image\":{\"@id\":\"https:\/\/www.sonoraenequipo.com.mx\/#\/schema\/logo\/image\/\"},\"sameAs\":[\"https:\/\/www.facebook.com\/SonoraEE\/\",\"https:\/\/x.com\/sonoraenequipo\",\"https:\/\/www.youtube.com\/channel\/UC338nW-lPEYmJQs4ZABQ1SQ\"]},{\"@type\":\"Person\",\"@id\":\"https:\/\/www.sonoraenequipo.com.mx\/#\/schema\/person\/50102df0fb23a8fa9e8effad8fa81386\",\"name\":\"enequipo\",\"image\":{\"@type\":\"ImageObject\",\"inLanguage\":\"es\",\"@id\":\"https:\/\/www.sonoraenequipo.com.mx\/#\/schema\/person\/image\/\",\"url\":\"https:\/\/secure.gravatar.com\/avatar\/049821681b589dabc0bc20695993ccebb09f5b5d4d790cd9251b97faac7c652b?s=96&d=blank&r=g\",\"contentUrl\":\"https:\/\/secure.gravatar.com\/avatar\/049821681b589dabc0bc20695993ccebb09f5b5d4d790cd9251b97faac7c652b?s=96&d=blank&r=g\",\"caption\":\"enequipo\"},\"sameAs\":[\"https:\/\/www.facebook.com\/SonoraEE\"]}]}<\/script>\n ","yoast_head_json":{"title":"Sonora en Equipo. AMLO critica a manifestantes a favor de la SCJN por actuar \u201ccon prepotencia\u201d Rep\u00fablica","description":"CIUDAD DE M\u00c9XICO. MX. \u2014 El presidente Andr\u00e9s Manuel L\u00f3pez Obrador acus\u00f3 que los simpatizantes de la Suprema Corte de Justicia de la Naci\u00f3n (SCJN) actuaron En Sonora en Equipo publicamos toda la informaci\u00f3n de Sonora, M\u00e9xico y el Mundo de manera oportuna y busca que la libertad de expresi\u00f3n sea real. Visita nuestro medio informativo publicado desde Hermosillo, Sonora. %","robots":{"index":"index","follow":"follow","max-snippet":"max-snippet:-1","max-image-preview":"max-image-preview:large","max-video-preview":"max-video-preview:-1"},"canonical":"https:\/\/www.sonoraenequipo.com.mx\/amlo-critica-a-manifestantes-a-favor-de-la-scjn-por-actuar-con-prepotencia\/","og_locale":"es_ES","og_type":"article","og_title":"Sonora en Equipo. AMLO critica a manifestantes a favor de la SCJN por actuar \u201ccon prepotencia\u201d Rep\u00fablica","og_description":"CIUDAD DE M\u00c9XICO. MX. \u2014 El presidente Andr\u00e9s Manuel L\u00f3pez Obrador acus\u00f3 que los simpatizantes de la Suprema Corte de Justicia de la Naci\u00f3n (SCJN) actuaron En Sonora en Equipo publicamos toda la informaci\u00f3n de Sonora, M\u00e9xico y el Mundo de manera oportuna y busca que la libertad de expresi\u00f3n sea real. Visita nuestro medio informativo publicado desde Hermosillo, Sonora. %","og_url":"https:\/\/www.sonoraenequipo.com.mx\/amlo-critica-a-manifestantes-a-favor-de-la-scjn-por-actuar-con-prepotencia\/","og_site_name":"Sonora en Equipo.","article_publisher":"https:\/\/www.facebook.com\/SonoraEE\/","article_author":"https:\/\/www.facebook.com\/SonoraEE","article_published_time":"2023-05-29T15:50:13+00:00","article_modified_time":"2023-05-29T17:21:48+00:00","og_image":[{"width":802,"height":547,"url":"https:\/\/www.sonoraenequipo.com.mx\/storage\/2023\/05\/presidente-Obrador-min.jpeg","type":"image\/jpeg"}],"author":"enequipo","twitter_card":"summary_large_image","twitter_creator":"@sonoraenequipo","twitter_site":"@sonoraenequipo","twitter_misc":{"Escrito por":"enequipo","Tiempo de lectura":"2 minutos"},"schema":{"@context":"https:\/\/schema.org","@graph":[{"@type":"Article","@id":"https:\/\/www.sonoraenequipo.com.mx\/amlo-critica-a-manifestantes-a-favor-de-la-scjn-por-actuar-con-prepotencia\/#article","isPartOf":{"@id":"https:\/\/www.sonoraenequipo.com.mx\/amlo-critica-a-manifestantes-a-favor-de-la-scjn-por-actuar-con-prepotencia\/"},"author":{"name":"enequipo","@id":"https:\/\/www.sonoraenequipo.com.mx\/#\/schema\/person\/50102df0fb23a8fa9e8effad8fa81386"},"headline":"AMLO critica a manifestantes a favor de la SCJN por actuar \u201ccon prepotencia\u201d","datePublished":"2023-05-29T15:50:13+00:00","dateModified":"2023-05-29T17:21:48+00:00","mainEntityOfPage":{"@id":"https:\/\/www.sonoraenequipo.com.mx\/amlo-critica-a-manifestantes-a-favor-de-la-scjn-por-actuar-con-prepotencia\/"},"wordCount":327,"commentCount":0,"publisher":{"@id":"https:\/\/www.sonoraenequipo.com.mx\/#organization"},"image":{"@id":"https:\/\/www.sonoraenequipo.com.mx\/amlo-critica-a-manifestantes-a-favor-de-la-scjn-por-actuar-con-prepotencia\/#primaryimage"},"thumbnailUrl":"https:\/\/www.sonoraenequipo.com.mx\/storage\/2023\/05\/presidente-Obrador-min.jpeg","articleSection":["Rep\u00fablica"],"inLanguage":"es","potentialAction":[{"@type":"CommentAction","name":"Comment","target":["https:\/\/www.sonoraenequipo.com.mx\/amlo-critica-a-manifestantes-a-favor-de-la-scjn-por-actuar-con-prepotencia\/#respond"]}]},{"@type":"WebPage","@id":"https:\/\/www.sonoraenequipo.com.mx\/amlo-critica-a-manifestantes-a-favor-de-la-scjn-por-actuar-con-prepotencia\/","url":"https:\/\/www.sonoraenequipo.com.mx\/amlo-critica-a-manifestantes-a-favor-de-la-scjn-por-actuar-con-prepotencia\/","name":"Sonora en Equipo. AMLO critica a manifestantes a favor de la SCJN por actuar \u201ccon prepotencia\u201d Rep\u00fablica","isPartOf":{"@id":"https:\/\/www.sonoraenequipo.com.mx\/#website"},"primaryImageOfPage":{"@id":"https:\/\/www.sonoraenequipo.com.mx\/amlo-critica-a-manifestantes-a-favor-de-la-scjn-por-actuar-con-prepotencia\/#primaryimage"},"image":{"@id":"https:\/\/www.sonoraenequipo.com.mx\/amlo-critica-a-manifestantes-a-favor-de-la-scjn-por-actuar-con-prepotencia\/#primaryimage"},"thumbnailUrl":"https:\/\/www.sonoraenequipo.com.mx\/storage\/2023\/05\/presidente-Obrador-min.jpeg","datePublished":"2023-05-29T15:50:13+00:00","dateModified":"2023-05-29T17:21:48+00:00","description":"CIUDAD DE M\u00c9XICO. MX. \u2014 El presidente Andr\u00e9s Manuel L\u00f3pez Obrador acus\u00f3 que los simpatizantes de la Suprema Corte de Justicia de la Naci\u00f3n (SCJN) actuaron En Sonora en Equipo publicamos toda la informaci\u00f3n de Sonora, M\u00e9xico y el Mundo de manera oportuna y busca que la libertad de expresi\u00f3n sea real. Visita nuestro medio informativo publicado desde Hermosillo, Sonora. %","breadcrumb":{"@id":"https:\/\/www.sonoraenequipo.com.mx\/amlo-critica-a-manifestantes-a-favor-de-la-scjn-por-actuar-con-prepotencia\/#breadcrumb"},"inLanguage":"es","potentialAction":[{"@type":"ReadAction","target":["https:\/\/www.sonoraenequipo.com.mx\/amlo-critica-a-manifestantes-a-favor-de-la-scjn-por-actuar-con-prepotencia\/"]}]},{"@type":"ImageObject","inLanguage":"es","@id":"https:\/\/www.sonoraenequipo.com.mx\/amlo-critica-a-manifestantes-a-favor-de-la-scjn-por-actuar-con-prepotencia\/#primaryimage","url":"https:\/\/www.sonoraenequipo.com.mx\/storage\/2023\/05\/presidente-Obrador-min.jpeg","contentUrl":"https:\/\/www.sonoraenequipo.com.mx\/storage\/2023\/05\/presidente-Obrador-min.jpeg","width":802,"height":547},{"@type":"BreadcrumbList","@id":"https:\/\/www.sonoraenequipo.com.mx\/amlo-critica-a-manifestantes-a-favor-de-la-scjn-por-actuar-con-prepotencia\/#breadcrumb","itemListElement":[{"@type":"ListItem","position":1,"name":"Portada","item":"https:\/\/www.sonoraenequipo.com.mx\/"},{"@type":"ListItem","position":2,"name":"AMLO critica a manifestantes a favor de la SCJN por actuar \u201ccon prepotencia\u201d"}]},{"@type":"WebSite","@id":"https:\/\/www.sonoraenequipo.com.mx\/#website","url":"https:\/\/www.sonoraenequipo.com.mx\/","name":"Sonora en Equipo.","description":"Diario en l\u00ednea con Noticias desde Hermosillo, Sonora","publisher":{"@id":"https:\/\/www.sonoraenequipo.com.mx\/#organization"},"potentialAction":[{"@type":"SearchAction","target":{"@type":"EntryPoint","urlTemplate":"https:\/\/www.sonoraenequipo.com.mx\/?s={search_term_string}"},"query-input":{"@type":"PropertyValueSpecification","valueRequired":true,"valueName":"search_term_string"}}],"inLanguage":"es"},{"@type":"Organization","@id":"https:\/\/www.sonoraenequipo.com.mx\/#organization","name":"Sonoraenequipo.com.mx","url":"https:\/\/www.sonoraenequipo.com.mx\/","logo":{"@type":"ImageObject","inLanguage":"es","@id":"https:\/\/www.sonoraenequipo.com.mx\/#\/schema\/logo\/image\/","url":"https:\/\/www.sonoraenequipo.com.mx\/storage\/2019\/01\/sonoraenequipo_opt.png","contentUrl":"https:\/\/www.sonoraenequipo.com.mx\/storage\/2019\/01\/sonoraenequipo_opt.png","width":375,"height":125,"caption":"Sonoraenequipo.com.mx"},"image":{"@id":"https:\/\/www.sonoraenequipo.com.mx\/#\/schema\/logo\/image\/"},"sameAs":["https:\/\/www.facebook.com\/SonoraEE\/","https:\/\/x.com\/sonoraenequipo","https:\/\/www.youtube.com\/channel\/UC338nW-lPEYmJQs4ZABQ1SQ"]},{"@type":"Person","@id":"https:\/\/www.sonoraenequipo.com.mx\/#\/schema\/person\/50102df0fb23a8fa9e8effad8fa81386","name":"enequipo","image":{"@type":"ImageObject","inLanguage":"es","@id":"https:\/\/www.sonoraenequipo.com.mx\/#\/schema\/person\/image\/","url":"https:\/\/secure.gravatar.com\/avatar\/049821681b589dabc0bc20695993ccebb09f5b5d4d790cd9251b97faac7c652b?s=96&d=blank&r=g","contentUrl":"https:\/\/secure.gravatar.com\/avatar\/049821681b589dabc0bc20695993ccebb09f5b5d4d790cd9251b97faac7c652b?s=96&d=blank&r=g","caption":"enequipo"},"sameAs":["https:\/\/www.facebook.com\/SonoraEE"]}]}},"jetpack_featured_media_url":"https:\/\/www.sonoraenequipo.com.mx\/storage\/2023\/05\/presidente-Obrador-min.jpeg","_links":{"self":[{"href":"https:\/\/www.sonoraenequipo.com.mx\/api\/wp\/v2\/posts\/166742","targetHints":{"allow":["GET"]}}],"collection":[{"href":"https:\/\/www.sonoraenequipo.com.mx\/api\/wp\/v2\/posts"}],"about":[{"href":"https:\/\/www.sonoraenequipo.com.mx\/api\/wp\/v2\/types\/post"}],"author":[{"embeddable":true,"href":"https:\/\/www.sonoraenequipo.com.mx\/api\/wp\/v2\/users\/1"}],"replies":[{"embeddable":true,"href":"https:\/\/www.sonoraenequipo.com.mx\/api\/wp\/v2\/comments?post=166742"}],"version-history":[{"count":1,"href":"https:\/\/www.sonoraenequipo.com.mx\/api\/wp\/v2\/posts\/166742\/revisions"}],"predecessor-version":[{"id":166745,"href":"https:\/\/www.sonoraenequipo.com.mx\/api\/wp\/v2\/posts\/166742\/revisions\/166745"}],"wp:featuredmedia":[{"embeddable":true,"href":"https:\/\/www.sonoraenequipo.com.mx\/api\/wp\/v2\/media\/166744"}],"wp:attachment":[{"href":"https:\/\/www.sonoraenequipo.com.mx\/api\/wp\/v2\/media?parent=166742"}],"wp:term":[{"taxonomy":"category","embeddable":true,"href":"https:\/\/www.sonoraenequipo.com.mx\/api\/wp\/v2\/categories?post=166742"},{"taxonomy":"post_tag","embeddable":true,"href":"https:\/\/www.sonoraenequipo.com.mx\/api\/wp\/v2\/tags?post=166742"}],"curies":[{"name":"wp","href":"https:\/\/api.w.org\/{rel}","templated":true}]}}