{"id":166747,"date":"2023-05-29T09:00:43","date_gmt":"2023-05-29T16:00:43","guid":{"rendered":"https:\/\/www.sonoraenequipo.com.mx\/?p=166747"},"modified":"2023-05-29T12:04:34","modified_gmt":"2023-05-29T19:04:34","slug":"acuden-cerca-de-3-mil-personas-a-la-marcha-de-lascjnnosetoca","status":"publish","type":"post","link":"https:\/\/www.sonoraenequipo.com.mx\/acuden-cerca-de-3-mil-personas-a-la-marcha-de-lascjnnosetoca\/","title":{"rendered":"\u201c\u00c9chenle m\u00e1s ganas\u201d, responde L\u00f3pez Obrador a participantes en marcha #LaSCJNNoSeToca"},"content":{"rendered":"<h3>\u201c\u00c9chenle m\u00e1s ganas\u201d, responde L\u00f3pez Obrador a participantes en marcha #LaSCJNNoSeToca<\/h3>\n<p>&nbsp;<\/p>\n<p> <\/p>\n<p>&nbsp;<\/p>\n<p><strong>CIUDAD DE M\u00c9XICO. MX. \u2014<\/strong> Al tiempo de volver a leerles el art\u00edculo 127 constitucional donde se especifica que <strong><em>\u201cnadie debe de ganar m\u00e1s que el presidente de la Rep\u00fablica\u201d<\/em> <\/strong>este lunes Andr\u00e9s Manuel L\u00f3pez Obrador record\u00f3 que los ciudadanos son libres y el que quiera defender a la corte que lo haga, sin embargo, el poco apoyo que tuvo de la poblaci\u00f3n demuestra \u00ab<strong><em>que no hay causa, no hay bandera\u00bb.<\/em><\/strong><\/p>\n<p>&nbsp;<\/p>\n<p>Tambi\u00e9n adelant\u00f3 que en estos d\u00edas revelar\u00e1 el nombre de otra ex empleada de Genaro Garc\u00eda Luna que contrat\u00f3 la Suprema Corte de Justicia de la Naci\u00f3n (SCJN).<\/p>\n<p>&nbsp;<\/p>\n<p>El presidente conden\u00f3 el actuar de los manifestantes, quienes retiraron las mantas de quienes buscan la destituci\u00f3n de la ministra presidenta de la SCJN.<\/p>\n<p>&nbsp;<\/p>\n<p><em><strong>\u201cSe actu\u00f3, de parte de los que marcharon, con prepotencia\u2026No debieron ir a provocar, quitarles las mantas, hay que respetar eso. Hay que evitar la confrontaci\u00f3n, la violencia\u201d.<\/strong><\/em> Indic\u00f3.<\/p>\n<p>&nbsp;<\/p>\n<p>&nbsp;<\/p>\n<p><em><strong>\u201cAyer a pesar de que Ciro G\u00f3mez Leyva, todos, convocan a las manifestaciones, de acuerdo al informe que tengo, 3 mil personas, \u00a1muy erizo! Tienen que echarle m\u00e1s ganas\u201d.<\/strong><\/em><\/p>\n<p>&nbsp;<\/p>\n<p>Al mismo tiempo calific\u00f3 al fondo de la protesta de \u201c<em><strong>no tener bandera\u201d.<\/strong><\/em><\/p>\n<p>&nbsp;<\/p>\n<p><strong><em>\u201cNo tienen causa, no hay bandera. Est\u00e1 complicado defender a la Corte. Defender a magistrados, ministros que violan la Constituci\u00f3n (\u2026) estos ministros ganan 4-5 veces m\u00e1s, en total, como 600-700 mil pesos mensuales. Yo gano alrededor de 140-150 mil pesos. Entonces, \u00bfqui\u00e9n defiende eso?\u201d.<\/em><\/strong> Subray\u00f3.<\/p>\n<p>&nbsp;<\/p>\n<p>Para finalizar el tema de los ingresos de los ministros de la SCJN, aclar\u00f3 que por cada libro que vende de su autor\u00eda, la editorial le da el 12% , al tiempo que tambi\u00e9n confirm\u00f3 que ya recibi\u00f3 su tarjeta de pensi\u00f3n de adulto mayor de la cual dijo, junto con su pensi\u00f3n del ISSSTE vivir\u00e1 el resto de su vida tras dejar el cargo.<\/p>\n<p>&nbsp;<\/p>\n<p>PUBLICADO EL 29 DE MAYO DE 2023<\/p>\n","protected":false},"excerpt":{"rendered":"<p>\u201c\u00c9chenle m\u00e1s ganas\u201d, responde L\u00f3pez Obrador a participantes en marcha #LaSCJNNoSeToca &nbsp;<\/p>\n","protected":false},"author":1,"featured_media":166755,"comment_status":"open","ping_status":"open","sticky":false,"template":"","format":"standard","meta":{"_monsterinsights_skip_tracking":false,"_monsterinsights_sitenote_active":false,"_monsterinsights_sitenote_note":"","_monsterinsights_sitenote_category":0,"footnotes":""},"categories":[5],"tags":[],"class_list":["post"],"yoast_head":" \n<title>Sonora en Equipo. \u201c\u00c9chenle m\u00e1s ganas\u201d, responde L\u00f3pez Obrador a participantes en marcha #LaSCJNNoSeToca Rep\u00fablica<\/title>\n<meta name=\"description\" content=\"\u201c\u00c9chenle m\u00e1s ganas\u201d, responde L\u00f3pez Obrador a participantes en marcha #LaSCJNNoSeToca &nbsp; &nbsp; CIUDAD DE M\u00c9XICO. MX. \u2014 Al tiempo de volver a leerles En Sonora en Equipo publicamos toda la informaci\u00f3n de Sonora, M\u00e9xico y el Mundo de manera oportuna y busca que la libertad de expresi\u00f3n sea real. Visita nuestro medio informativo publicado desde Hermosillo, Sonora. %\" \/>\n<meta name=\"robots\" content=\"index, follow, max-snippet:-1, max-image-preview:large, max-video-preview:-1\" \/>\n<link rel=\"canonical\" href=\"https:\/\/www.sonoraenequipo.com.mx\/acuden-cerca-de-3-mil-personas-a-la-marcha-de-lascjnnosetoca\/\" \/>\n<meta property=\"og:locale\" content=\"es_ES\" \/>\n<meta property=\"og:type\" content=\"article\" \/>\n<meta property=\"og:title\" content=\"Sonora en Equipo. \u201c\u00c9chenle m\u00e1s ganas\u201d, responde L\u00f3pez Obrador a participantes en marcha #LaSCJNNoSeToca Rep\u00fablica\" \/>\n<meta property=\"og:description\" content=\"\u201c\u00c9chenle m\u00e1s ganas\u201d, responde L\u00f3pez Obrador a participantes en marcha #LaSCJNNoSeToca &nbsp; &nbsp; CIUDAD DE M\u00c9XICO. MX. \u2014 Al tiempo de volver a leerles En Sonora en Equipo publicamos toda la informaci\u00f3n de Sonora, M\u00e9xico y el Mundo de manera oportuna y busca que la libertad de expresi\u00f3n sea real. Visita nuestro medio informativo publicado desde Hermosillo, Sonora. %\" \/>\n<meta property=\"og:url\" content=\"https:\/\/www.sonoraenequipo.com.mx\/acuden-cerca-de-3-mil-personas-a-la-marcha-de-lascjnnosetoca\/\" \/>\n<meta property=\"og:site_name\" content=\"Sonora en Equipo.\" \/>\n<meta property=\"article:publisher\" content=\"https:\/\/www.facebook.com\/SonoraEE\/\" \/>\n<meta property=\"article:author\" content=\"https:\/\/www.facebook.com\/SonoraEE\" \/>\n<meta property=\"article:published_time\" content=\"2023-05-29T16:00:43+00:00\" \/>\n<meta property=\"article:modified_time\" content=\"2023-05-29T19:04:34+00:00\" \/>\n<meta property=\"og:image\" content=\"https:\/\/www.sonoraenequipo.com.mx\/storage\/2023\/05\/amlo.2905..-min.jpg\" \/>\n\t<meta property=\"og:image:width\" content=\"870\" \/>\n\t<meta property=\"og:image:height\" content=\"482\" \/>\n\t<meta property=\"og:image:type\" content=\"image\/jpeg\" \/>\n<meta name=\"author\" content=\"enequipo\" \/>\n<meta name=\"twitter:card\" content=\"summary_large_image\" \/>\n<meta name=\"twitter:creator\" content=\"@sonoraenequipo\" \/>\n<meta name=\"twitter:site\" content=\"@sonoraenequipo\" \/>\n<meta name=\"twitter:label1\" content=\"Escrito por\" \/>\n\t<meta name=\"twitter:data1\" content=\"enequipo\" \/>\n\t<meta name=\"twitter:label2\" content=\"Tiempo de lectura\" \/>\n\t<meta name=\"twitter:data2\" content=\"2 minutos\" \/>\n<script type=\"application\/ld+json\" class=\"yoast-schema-graph\">{\"@context\":\"https:\/\/schema.org\",\"@graph\":[{\"@type\":\"Article\",\"@id\":\"https:\/\/www.sonoraenequipo.com.mx\/acuden-cerca-de-3-mil-personas-a-la-marcha-de-lascjnnosetoca\/#article\",\"isPartOf\":{\"@id\":\"https:\/\/www.sonoraenequipo.com.mx\/acuden-cerca-de-3-mil-personas-a-la-marcha-de-lascjnnosetoca\/\"},\"author\":{\"name\":\"enequipo\",\"@id\":\"https:\/\/www.sonoraenequipo.com.mx\/#\/schema\/person\/50102df0fb23a8fa9e8effad8fa81386\"},\"headline\":\"\u201c\u00c9chenle m\u00e1s ganas\u201d, responde L\u00f3pez Obrador a participantes en marcha #LaSCJNNoSeToca\",\"datePublished\":\"2023-05-29T16:00:43+00:00\",\"dateModified\":\"2023-05-29T19:04:34+00:00\",\"mainEntityOfPage\":{\"@id\":\"https:\/\/www.sonoraenequipo.com.mx\/acuden-cerca-de-3-mil-personas-a-la-marcha-de-lascjnnosetoca\/\"},\"wordCount\":364,\"commentCount\":0,\"publisher\":{\"@id\":\"https:\/\/www.sonoraenequipo.com.mx\/#organization\"},\"image\":{\"@id\":\"https:\/\/www.sonoraenequipo.com.mx\/acuden-cerca-de-3-mil-personas-a-la-marcha-de-lascjnnosetoca\/#primaryimage\"},\"thumbnailUrl\":\"https:\/\/www.sonoraenequipo.com.mx\/storage\/2023\/05\/amlo.2905..-min.jpg\",\"articleSection\":[\"Rep\u00fablica\"],\"inLanguage\":\"es\",\"potentialAction\":[{\"@type\":\"CommentAction\",\"name\":\"Comment\",\"target\":[\"https:\/\/www.sonoraenequipo.com.mx\/acuden-cerca-de-3-mil-personas-a-la-marcha-de-lascjnnosetoca\/#respond\"]}]},{\"@type\":\"WebPage\",\"@id\":\"https:\/\/www.sonoraenequipo.com.mx\/acuden-cerca-de-3-mil-personas-a-la-marcha-de-lascjnnosetoca\/\",\"url\":\"https:\/\/www.sonoraenequipo.com.mx\/acuden-cerca-de-3-mil-personas-a-la-marcha-de-lascjnnosetoca\/\",\"name\":\"Sonora en Equipo. \u201c\u00c9chenle m\u00e1s ganas\u201d, responde L\u00f3pez Obrador a participantes en marcha #LaSCJNNoSeToca Rep\u00fablica\",\"isPartOf\":{\"@id\":\"https:\/\/www.sonoraenequipo.com.mx\/#website\"},\"primaryImageOfPage\":{\"@id\":\"https:\/\/www.sonoraenequipo.com.mx\/acuden-cerca-de-3-mil-personas-a-la-marcha-de-lascjnnosetoca\/#primaryimage\"},\"image\":{\"@id\":\"https:\/\/www.sonoraenequipo.com.mx\/acuden-cerca-de-3-mil-personas-a-la-marcha-de-lascjnnosetoca\/#primaryimage\"},\"thumbnailUrl\":\"https:\/\/www.sonoraenequipo.com.mx\/storage\/2023\/05\/amlo.2905..-min.jpg\",\"datePublished\":\"2023-05-29T16:00:43+00:00\",\"dateModified\":\"2023-05-29T19:04:34+00:00\",\"description\":\"\u201c\u00c9chenle m\u00e1s ganas\u201d, responde L\u00f3pez Obrador a participantes en marcha #LaSCJNNoSeToca &nbsp; &nbsp; CIUDAD DE M\u00c9XICO. MX. \u2014 Al tiempo de volver a leerles En Sonora en Equipo publicamos toda la informaci\u00f3n de Sonora, M\u00e9xico y el Mundo de manera oportuna y busca que la libertad de expresi\u00f3n sea real. Visita nuestro medio informativo publicado desde Hermosillo, Sonora. %\",\"breadcrumb\":{\"@id\":\"https:\/\/www.sonoraenequipo.com.mx\/acuden-cerca-de-3-mil-personas-a-la-marcha-de-lascjnnosetoca\/#breadcrumb\"},\"inLanguage\":\"es\",\"potentialAction\":[{\"@type\":\"ReadAction\",\"target\":[\"https:\/\/www.sonoraenequipo.com.mx\/acuden-cerca-de-3-mil-personas-a-la-marcha-de-lascjnnosetoca\/\"]}]},{\"@type\":\"ImageObject\",\"inLanguage\":\"es\",\"@id\":\"https:\/\/www.sonoraenequipo.com.mx\/acuden-cerca-de-3-mil-personas-a-la-marcha-de-lascjnnosetoca\/#primaryimage\",\"url\":\"https:\/\/www.sonoraenequipo.com.mx\/storage\/2023\/05\/amlo.2905..-min.jpg\",\"contentUrl\":\"https:\/\/www.sonoraenequipo.com.mx\/storage\/2023\/05\/amlo.2905..-min.jpg\",\"width\":870,\"height\":482},{\"@type\":\"BreadcrumbList\",\"@id\":\"https:\/\/www.sonoraenequipo.com.mx\/acuden-cerca-de-3-mil-personas-a-la-marcha-de-lascjnnosetoca\/#breadcrumb\",\"itemListElement\":[{\"@type\":\"ListItem\",\"position\":1,\"name\":\"Portada\",\"item\":\"https:\/\/www.sonoraenequipo.com.mx\/\"},{\"@type\":\"ListItem\",\"position\":2,\"name\":\"\u201c\u00c9chenle m\u00e1s ganas\u201d, responde L\u00f3pez Obrador a participantes en marcha #LaSCJNNoSeToca\"}]},{\"@type\":\"WebSite\",\"@id\":\"https:\/\/www.sonoraenequipo.com.mx\/#website\",\"url\":\"https:\/\/www.sonoraenequipo.com.mx\/\",\"name\":\"Sonora en Equipo.\",\"description\":\"Diario en l\u00ednea con Noticias desde Hermosillo, Sonora\",\"publisher\":{\"@id\":\"https:\/\/www.sonoraenequipo.com.mx\/#organization\"},\"potentialAction\":[{\"@type\":\"SearchAction\",\"target\":{\"@type\":\"EntryPoint\",\"urlTemplate\":\"https:\/\/www.sonoraenequipo.com.mx\/?s={search_term_string}\"},\"query-input\":{\"@type\":\"PropertyValueSpecification\",\"valueRequired\":true,\"valueName\":\"search_term_string\"}}],\"inLanguage\":\"es\"},{\"@type\":\"Organization\",\"@id\":\"https:\/\/www.sonoraenequipo.com.mx\/#organization\",\"name\":\"Sonoraenequipo.com.mx\",\"url\":\"https:\/\/www.sonoraenequipo.com.mx\/\",\"logo\":{\"@type\":\"ImageObject\",\"inLanguage\":\"es\",\"@id\":\"https:\/\/www.sonoraenequipo.com.mx\/#\/schema\/logo\/image\/\",\"url\":\"https:\/\/www.sonoraenequipo.com.mx\/storage\/2019\/01\/sonoraenequipo_opt.png\",\"contentUrl\":\"https:\/\/www.sonoraenequipo.com.mx\/storage\/2019\/01\/sonoraenequipo_opt.png\",\"width\":375,\"height\":125,\"caption\":\"Sonoraenequipo.com.mx\"},\"image\":{\"@id\":\"https:\/\/www.sonoraenequipo.com.mx\/#\/schema\/logo\/image\/\"},\"sameAs\":[\"https:\/\/www.facebook.com\/SonoraEE\/\",\"https:\/\/x.com\/sonoraenequipo\",\"https:\/\/www.youtube.com\/channel\/UC338nW-lPEYmJQs4ZABQ1SQ\"]},{\"@type\":\"Person\",\"@id\":\"https:\/\/www.sonoraenequipo.com.mx\/#\/schema\/person\/50102df0fb23a8fa9e8effad8fa81386\",\"name\":\"enequipo\",\"image\":{\"@type\":\"ImageObject\",\"inLanguage\":\"es\",\"@id\":\"https:\/\/www.sonoraenequipo.com.mx\/#\/schema\/person\/image\/\",\"url\":\"https:\/\/secure.gravatar.com\/avatar\/049821681b589dabc0bc20695993ccebb09f5b5d4d790cd9251b97faac7c652b?s=96&d=blank&r=g\",\"contentUrl\":\"https:\/\/secure.gravatar.com\/avatar\/049821681b589dabc0bc20695993ccebb09f5b5d4d790cd9251b97faac7c652b?s=96&d=blank&r=g\",\"caption\":\"enequipo\"},\"sameAs\":[\"https:\/\/www.facebook.com\/SonoraEE\"]}]}<\/script>\n ","yoast_head_json":{"title":"Sonora en Equipo. \u201c\u00c9chenle m\u00e1s ganas\u201d, responde L\u00f3pez Obrador a participantes en marcha #LaSCJNNoSeToca Rep\u00fablica","description":"\u201c\u00c9chenle m\u00e1s ganas\u201d, responde L\u00f3pez Obrador a participantes en marcha #LaSCJNNoSeToca &nbsp; &nbsp; CIUDAD DE M\u00c9XICO. MX. \u2014 Al tiempo de volver a leerles En Sonora en Equipo publicamos toda la informaci\u00f3n de Sonora, M\u00e9xico y el Mundo de manera oportuna y busca que la libertad de expresi\u00f3n sea real. Visita nuestro medio informativo publicado desde Hermosillo, Sonora. %","robots":{"index":"index","follow":"follow","max-snippet":"max-snippet:-1","max-image-preview":"max-image-preview:large","max-video-preview":"max-video-preview:-1"},"canonical":"https:\/\/www.sonoraenequipo.com.mx\/acuden-cerca-de-3-mil-personas-a-la-marcha-de-lascjnnosetoca\/","og_locale":"es_ES","og_type":"article","og_title":"Sonora en Equipo. \u201c\u00c9chenle m\u00e1s ganas\u201d, responde L\u00f3pez Obrador a participantes en marcha #LaSCJNNoSeToca Rep\u00fablica","og_description":"\u201c\u00c9chenle m\u00e1s ganas\u201d, responde L\u00f3pez Obrador a participantes en marcha #LaSCJNNoSeToca &nbsp; &nbsp; CIUDAD DE M\u00c9XICO. MX. \u2014 Al tiempo de volver a leerles En Sonora en Equipo publicamos toda la informaci\u00f3n de Sonora, M\u00e9xico y el Mundo de manera oportuna y busca que la libertad de expresi\u00f3n sea real. Visita nuestro medio informativo publicado desde Hermosillo, Sonora. %","og_url":"https:\/\/www.sonoraenequipo.com.mx\/acuden-cerca-de-3-mil-personas-a-la-marcha-de-lascjnnosetoca\/","og_site_name":"Sonora en Equipo.","article_publisher":"https:\/\/www.facebook.com\/SonoraEE\/","article_author":"https:\/\/www.facebook.com\/SonoraEE","article_published_time":"2023-05-29T16:00:43+00:00","article_modified_time":"2023-05-29T19:04:34+00:00","og_image":[{"width":870,"height":482,"url":"https:\/\/www.sonoraenequipo.com.mx\/storage\/2023\/05\/amlo.2905..-min.jpg","type":"image\/jpeg"}],"author":"enequipo","twitter_card":"summary_large_image","twitter_creator":"@sonoraenequipo","twitter_site":"@sonoraenequipo","twitter_misc":{"Escrito por":"enequipo","Tiempo de lectura":"2 minutos"},"schema":{"@context":"https:\/\/schema.org","@graph":[{"@type":"Article","@id":"https:\/\/www.sonoraenequipo.com.mx\/acuden-cerca-de-3-mil-personas-a-la-marcha-de-lascjnnosetoca\/#article","isPartOf":{"@id":"https:\/\/www.sonoraenequipo.com.mx\/acuden-cerca-de-3-mil-personas-a-la-marcha-de-lascjnnosetoca\/"},"author":{"name":"enequipo","@id":"https:\/\/www.sonoraenequipo.com.mx\/#\/schema\/person\/50102df0fb23a8fa9e8effad8fa81386"},"headline":"\u201c\u00c9chenle m\u00e1s ganas\u201d, responde L\u00f3pez Obrador a participantes en marcha #LaSCJNNoSeToca","datePublished":"2023-05-29T16:00:43+00:00","dateModified":"2023-05-29T19:04:34+00:00","mainEntityOfPage":{"@id":"https:\/\/www.sonoraenequipo.com.mx\/acuden-cerca-de-3-mil-personas-a-la-marcha-de-lascjnnosetoca\/"},"wordCount":364,"commentCount":0,"publisher":{"@id":"https:\/\/www.sonoraenequipo.com.mx\/#organization"},"image":{"@id":"https:\/\/www.sonoraenequipo.com.mx\/acuden-cerca-de-3-mil-personas-a-la-marcha-de-lascjnnosetoca\/#primaryimage"},"thumbnailUrl":"https:\/\/www.sonoraenequipo.com.mx\/storage\/2023\/05\/amlo.2905..-min.jpg","articleSection":["Rep\u00fablica"],"inLanguage":"es","potentialAction":[{"@type":"CommentAction","name":"Comment","target":["https:\/\/www.sonoraenequipo.com.mx\/acuden-cerca-de-3-mil-personas-a-la-marcha-de-lascjnnosetoca\/#respond"]}]},{"@type":"WebPage","@id":"https:\/\/www.sonoraenequipo.com.mx\/acuden-cerca-de-3-mil-personas-a-la-marcha-de-lascjnnosetoca\/","url":"https:\/\/www.sonoraenequipo.com.mx\/acuden-cerca-de-3-mil-personas-a-la-marcha-de-lascjnnosetoca\/","name":"Sonora en Equipo. \u201c\u00c9chenle m\u00e1s ganas\u201d, responde L\u00f3pez Obrador a participantes en marcha #LaSCJNNoSeToca Rep\u00fablica","isPartOf":{"@id":"https:\/\/www.sonoraenequipo.com.mx\/#website"},"primaryImageOfPage":{"@id":"https:\/\/www.sonoraenequipo.com.mx\/acuden-cerca-de-3-mil-personas-a-la-marcha-de-lascjnnosetoca\/#primaryimage"},"image":{"@id":"https:\/\/www.sonoraenequipo.com.mx\/acuden-cerca-de-3-mil-personas-a-la-marcha-de-lascjnnosetoca\/#primaryimage"},"thumbnailUrl":"https:\/\/www.sonoraenequipo.com.mx\/storage\/2023\/05\/amlo.2905..-min.jpg","datePublished":"2023-05-29T16:00:43+00:00","dateModified":"2023-05-29T19:04:34+00:00","description":"\u201c\u00c9chenle m\u00e1s ganas\u201d, responde L\u00f3pez Obrador a participantes en marcha #LaSCJNNoSeToca &nbsp; &nbsp; CIUDAD DE M\u00c9XICO. MX. \u2014 Al tiempo de volver a leerles En Sonora en Equipo publicamos toda la informaci\u00f3n de Sonora, M\u00e9xico y el Mundo de manera oportuna y busca que la libertad de expresi\u00f3n sea real. Visita nuestro medio informativo publicado desde Hermosillo, Sonora. %","breadcrumb":{"@id":"https:\/\/www.sonoraenequipo.com.mx\/acuden-cerca-de-3-mil-personas-a-la-marcha-de-lascjnnosetoca\/#breadcrumb"},"inLanguage":"es","potentialAction":[{"@type":"ReadAction","target":["https:\/\/www.sonoraenequipo.com.mx\/acuden-cerca-de-3-mil-personas-a-la-marcha-de-lascjnnosetoca\/"]}]},{"@type":"ImageObject","inLanguage":"es","@id":"https:\/\/www.sonoraenequipo.com.mx\/acuden-cerca-de-3-mil-personas-a-la-marcha-de-lascjnnosetoca\/#primaryimage","url":"https:\/\/www.sonoraenequipo.com.mx\/storage\/2023\/05\/amlo.2905..-min.jpg","contentUrl":"https:\/\/www.sonoraenequipo.com.mx\/storage\/2023\/05\/amlo.2905..-min.jpg","width":870,"height":482},{"@type":"BreadcrumbList","@id":"https:\/\/www.sonoraenequipo.com.mx\/acuden-cerca-de-3-mil-personas-a-la-marcha-de-lascjnnosetoca\/#breadcrumb","itemListElement":[{"@type":"ListItem","position":1,"name":"Portada","item":"https:\/\/www.sonoraenequipo.com.mx\/"},{"@type":"ListItem","position":2,"name":"\u201c\u00c9chenle m\u00e1s ganas\u201d, responde L\u00f3pez Obrador a participantes en marcha #LaSCJNNoSeToca"}]},{"@type":"WebSite","@id":"https:\/\/www.sonoraenequipo.com.mx\/#website","url":"https:\/\/www.sonoraenequipo.com.mx\/","name":"Sonora en Equipo.","description":"Diario en l\u00ednea con Noticias desde Hermosillo, Sonora","publisher":{"@id":"https:\/\/www.sonoraenequipo.com.mx\/#organization"},"potentialAction":[{"@type":"SearchAction","target":{"@type":"EntryPoint","urlTemplate":"https:\/\/www.sonoraenequipo.com.mx\/?s={search_term_string}"},"query-input":{"@type":"PropertyValueSpecification","valueRequired":true,"valueName":"search_term_string"}}],"inLanguage":"es"},{"@type":"Organization","@id":"https:\/\/www.sonoraenequipo.com.mx\/#organization","name":"Sonoraenequipo.com.mx","url":"https:\/\/www.sonoraenequipo.com.mx\/","logo":{"@type":"ImageObject","inLanguage":"es","@id":"https:\/\/www.sonoraenequipo.com.mx\/#\/schema\/logo\/image\/","url":"https:\/\/www.sonoraenequipo.com.mx\/storage\/2019\/01\/sonoraenequipo_opt.png","contentUrl":"https:\/\/www.sonoraenequipo.com.mx\/storage\/2019\/01\/sonoraenequipo_opt.png","width":375,"height":125,"caption":"Sonoraenequipo.com.mx"},"image":{"@id":"https:\/\/www.sonoraenequipo.com.mx\/#\/schema\/logo\/image\/"},"sameAs":["https:\/\/www.facebook.com\/SonoraEE\/","https:\/\/x.com\/sonoraenequipo","https:\/\/www.youtube.com\/channel\/UC338nW-lPEYmJQs4ZABQ1SQ"]},{"@type":"Person","@id":"https:\/\/www.sonoraenequipo.com.mx\/#\/schema\/person\/50102df0fb23a8fa9e8effad8fa81386","name":"enequipo","image":{"@type":"ImageObject","inLanguage":"es","@id":"https:\/\/www.sonoraenequipo.com.mx\/#\/schema\/person\/image\/","url":"https:\/\/secure.gravatar.com\/avatar\/049821681b589dabc0bc20695993ccebb09f5b5d4d790cd9251b97faac7c652b?s=96&d=blank&r=g","contentUrl":"https:\/\/secure.gravatar.com\/avatar\/049821681b589dabc0bc20695993ccebb09f5b5d4d790cd9251b97faac7c652b?s=96&d=blank&r=g","caption":"enequipo"},"sameAs":["https:\/\/www.facebook.com\/SonoraEE"]}]}},"jetpack_featured_media_url":"https:\/\/www.sonoraenequipo.com.mx\/storage\/2023\/05\/amlo.2905..-min.jpg","_links":{"self":[{"href":"https:\/\/www.sonoraenequipo.com.mx\/api\/wp\/v2\/posts\/166747","targetHints":{"allow":["GET"]}}],"collection":[{"href":"https:\/\/www.sonoraenequipo.com.mx\/api\/wp\/v2\/posts"}],"about":[{"href":"https:\/\/www.sonoraenequipo.com.mx\/api\/wp\/v2\/types\/post"}],"author":[{"embeddable":true,"href":"https:\/\/www.sonoraenequipo.com.mx\/api\/wp\/v2\/users\/1"}],"replies":[{"embeddable":true,"href":"https:\/\/www.sonoraenequipo.com.mx\/api\/wp\/v2\/comments?post=166747"}],"version-history":[{"count":4,"href":"https:\/\/www.sonoraenequipo.com.mx\/api\/wp\/v2\/posts\/166747\/revisions"}],"predecessor-version":[{"id":166763,"href":"https:\/\/www.sonoraenequipo.com.mx\/api\/wp\/v2\/posts\/166747\/revisions\/166763"}],"wp:featuredmedia":[{"embeddable":true,"href":"https:\/\/www.sonoraenequipo.com.mx\/api\/wp\/v2\/media\/166755"}],"wp:attachment":[{"href":"https:\/\/www.sonoraenequipo.com.mx\/api\/wp\/v2\/media?parent=166747"}],"wp:term":[{"taxonomy":"category","embeddable":true,"href":"https:\/\/www.sonoraenequipo.com.mx\/api\/wp\/v2\/categories?post=166747"},{"taxonomy":"post_tag","embeddable":true,"href":"https:\/\/www.sonoraenequipo.com.mx\/api\/wp\/v2\/tags?post=166747"}],"curies":[{"name":"wp","href":"https:\/\/api.w.org\/{rel}","templated":true}]}}