{"id":167737,"date":"2023-06-10T12:37:24","date_gmt":"2023-06-10T19:37:24","guid":{"rendered":"https:\/\/www.sonoraenequipo.com.mx\/?p=167737"},"modified":"2023-06-10T12:37:24","modified_gmt":"2023-06-10T19:37:24","slug":"es-sonora-sede-de-la-primera-sesion-ordinaria-del-espacio-comun-de-la-educacion-media-superior-2023-region-noroeste","status":"publish","type":"post","link":"https:\/\/www.sonoraenequipo.com.mx\/es-sonora-sede-de-la-primera-sesion-ordinaria-del-espacio-comun-de-la-educacion-media-superior-2023-region-noroeste\/","title":{"rendered":"Es Sonora sede de la Primera Sesi\u00f3n Ordinaria del Espacio Com\u00fan de la Educaci\u00f3n Media Superior 2023, Regi\u00f3n Noroeste"},"content":{"rendered":"<p>\u25baParticiparon autoridades de Baja California, Baja California Sur, Chihuahua y Sinaloa.<\/p>\n<p>&nbsp;<\/p>\n<p>&nbsp;<\/p>\n<p><strong>HERMOSILLO, SONORA,MX.<\/strong><strong>\u2500\u2500<\/strong> Para fortalecer las acciones y estrategias de colaboraci\u00f3n entre autoridades educativas estatales del noroeste del pa\u00eds y la Secretar\u00eda de Educaci\u00f3n P\u00fablica (SEP), se llev\u00f3 a cabo en Sonora la Primera Sesi\u00f3n Ordinaria del Espacio Com\u00fan de la Educaci\u00f3n Media Superior 2023, Regi\u00f3n Noroeste.<\/p>\n<p>&nbsp;<\/p>\n<p>&nbsp;<\/p>\n<p>&nbsp;<\/p>\n<p>Aar\u00f3n Grageda Bustamante, secretario de Educaci\u00f3n y Cultura, presidi\u00f3 el encuentro al que asisti\u00f3 Nora Ruvalcaba G\u00e1mez, subsecretaria de Educaci\u00f3n Media Superior de la SEP, quien supervis\u00f3 el encuentro en el que participaron representantes de Baja California, Baja California Sur, Chihuahua y Sinaloa.<\/p>\n<p>&nbsp;<\/p>\n<p>&nbsp;<\/p>\n<p>&nbsp;<\/p>\n<p>El titular de la SEC mencion\u00f3 el inter\u00e9s de generar espacios de di\u00e1logo y an\u00e1lisis, con la finalidad de dar seguimiento a temas de gran relevancia como la educaci\u00f3n dual y la promoci\u00f3n de estilos de vida saludables y habilidades socioemocionales, entre otros.<\/p>\n<p>&nbsp;<\/p>\n<p>&nbsp;<\/p>\n<p>&nbsp;<\/p>\n<p>Por su parte, Nora Ruvalcaba G\u00e1mez, hizo un llamado al consenso para definir el rumbo que permita una implementaci\u00f3n exitosa del Marco Curricular Com\u00fan de la Educaci\u00f3n Media Superior (Mccems) de la Nueva Escuela Mexicana (NEM), a partir de agosto, en beneficio del sistema educativo nacional.<\/p>\n<p>&nbsp;<\/p>\n<p>&nbsp;<\/p>\n<p>&nbsp;<\/p>\n<p>En el encuentro tambi\u00e9n se abord\u00f3 el establecimiento de normas y pol\u00edticas para la planeaci\u00f3n, organizaci\u00f3n y evaluaci\u00f3n acad\u00e9mica y administrativa de dicho nivel educativo, en sus diferentes tipos y modalidades.<\/p>\n<p><strong><em><u>Fecha de publicaci\u00f3n s\u00e1bado 10 de junio de 2023<\/u><\/em><\/strong><\/p>\n","protected":false},"excerpt":{"rendered":"<p>\u25baParticiparon autoridades de Baja California, Baja California Sur, Chihuahua y Sinaloa. &nbsp; &nbsp; HERMOSILLO, SONORA,MX.\u2500\u2500&#8230;<\/p>\n","protected":false},"author":1,"featured_media":167738,"comment_status":"open","ping_status":"open","sticky":false,"template":"","format":"standard","meta":{"_monsterinsights_skip_tracking":false,"_monsterinsights_sitenote_active":false,"_monsterinsights_sitenote_note":"","_monsterinsights_sitenote_category":0,"footnotes":""},"categories":[22],"tags":[47,8610,6685],"class_list":["post"],"yoast_head":" \n<title>Sonora en Equipo. Es Sonora sede de la Primera Sesi\u00f3n Ordinaria del Espacio Com\u00fan de la Educaci\u00f3n Media Superior 2023, Regi\u00f3n Noroeste Sonora<\/title>\n<meta name=\"description\" content=\"\u25baParticiparon autoridades de Baja California, Baja California Sur, Chihuahua y Sinaloa. &nbsp; &nbsp; HERMOSILLO, SONORA,MX.\u2500\u2500 Para fortalecer las En Sonora en Equipo publicamos toda la informaci\u00f3n de Sonora, M\u00e9xico y el Mundo de manera oportuna y busca que la libertad de expresi\u00f3n sea real. Visita nuestro medio informativo publicado desde Hermosillo, Sonora. %\" \/>\n<meta name=\"robots\" content=\"index, follow, max-snippet:-1, max-image-preview:large, max-video-preview:-1\" \/>\n<link rel=\"canonical\" href=\"https:\/\/www.sonoraenequipo.com.mx\/es-sonora-sede-de-la-primera-sesion-ordinaria-del-espacio-comun-de-la-educacion-media-superior-2023-region-noroeste\/\" \/>\n<meta property=\"og:locale\" content=\"es_ES\" \/>\n<meta property=\"og:type\" content=\"article\" \/>\n<meta property=\"og:title\" content=\"Sonora en Equipo. Es Sonora sede de la Primera Sesi\u00f3n Ordinaria del Espacio Com\u00fan de la Educaci\u00f3n Media Superior 2023, Regi\u00f3n Noroeste Sonora\" \/>\n<meta property=\"og:description\" content=\"\u25baParticiparon autoridades de Baja California, Baja California Sur, Chihuahua y Sinaloa. &nbsp; &nbsp; HERMOSILLO, SONORA,MX.\u2500\u2500 Para fortalecer las En Sonora en Equipo publicamos toda la informaci\u00f3n de Sonora, M\u00e9xico y el Mundo de manera oportuna y busca que la libertad de expresi\u00f3n sea real. Visita nuestro medio informativo publicado desde Hermosillo, Sonora. %\" \/>\n<meta property=\"og:url\" content=\"https:\/\/www.sonoraenequipo.com.mx\/es-sonora-sede-de-la-primera-sesion-ordinaria-del-espacio-comun-de-la-educacion-media-superior-2023-region-noroeste\/\" \/>\n<meta property=\"og:site_name\" content=\"Sonora en Equipo.\" \/>\n<meta property=\"article:publisher\" content=\"https:\/\/www.facebook.com\/SonoraEE\/\" \/>\n<meta property=\"article:author\" content=\"https:\/\/www.facebook.com\/SonoraEE\" \/>\n<meta property=\"article:published_time\" content=\"2023-06-10T19:37:24+00:00\" \/>\n<meta property=\"og:image\" content=\"https:\/\/www.sonoraenequipo.com.mx\/storage\/2023\/06\/educacion-reunion.jpg\" \/>\n\t<meta property=\"og:image:width\" content=\"600\" \/>\n\t<meta property=\"og:image:height\" content=\"400\" \/>\n\t<meta property=\"og:image:type\" content=\"image\/jpeg\" \/>\n<meta name=\"author\" content=\"enequipo\" \/>\n<meta name=\"twitter:card\" content=\"summary_large_image\" \/>\n<meta name=\"twitter:creator\" content=\"@sonoraenequipo\" \/>\n<meta name=\"twitter:site\" content=\"@sonoraenequipo\" \/>\n<meta name=\"twitter:label1\" content=\"Escrito por\" \/>\n\t<meta name=\"twitter:data1\" content=\"enequipo\" \/>\n\t<meta name=\"twitter:label2\" content=\"Tiempo de lectura\" \/>\n\t<meta name=\"twitter:data2\" content=\"1 minuto\" \/>\n<script type=\"application\/ld+json\" class=\"yoast-schema-graph\">{\"@context\":\"https:\/\/schema.org\",\"@graph\":[{\"@type\":\"Article\",\"@id\":\"https:\/\/www.sonoraenequipo.com.mx\/es-sonora-sede-de-la-primera-sesion-ordinaria-del-espacio-comun-de-la-educacion-media-superior-2023-region-noroeste\/#article\",\"isPartOf\":{\"@id\":\"https:\/\/www.sonoraenequipo.com.mx\/es-sonora-sede-de-la-primera-sesion-ordinaria-del-espacio-comun-de-la-educacion-media-superior-2023-region-noroeste\/\"},\"author\":{\"name\":\"enequipo\",\"@id\":\"https:\/\/www.sonoraenequipo.com.mx\/#\/schema\/person\/50102df0fb23a8fa9e8effad8fa81386\"},\"headline\":\"Es Sonora sede de la Primera Sesi\u00f3n Ordinaria del Espacio Com\u00fan de la Educaci\u00f3n Media Superior 2023, Regi\u00f3n Noroeste\",\"datePublished\":\"2023-06-10T19:37:24+00:00\",\"mainEntityOfPage\":{\"@id\":\"https:\/\/www.sonoraenequipo.com.mx\/es-sonora-sede-de-la-primera-sesion-ordinaria-del-espacio-comun-de-la-educacion-media-superior-2023-region-noroeste\/\"},\"wordCount\":293,\"commentCount\":0,\"publisher\":{\"@id\":\"https:\/\/www.sonoraenequipo.com.mx\/#organization\"},\"image\":{\"@id\":\"https:\/\/www.sonoraenequipo.com.mx\/es-sonora-sede-de-la-primera-sesion-ordinaria-del-espacio-comun-de-la-educacion-media-superior-2023-region-noroeste\/#primaryimage\"},\"thumbnailUrl\":\"https:\/\/www.sonoraenequipo.com.mx\/storage\/2023\/06\/educacion-reunion.jpg\",\"keywords\":[\"educaci\u00f3n\",\"mediasuperior\",\"superior\"],\"articleSection\":[\"Sonora\"],\"inLanguage\":\"es\",\"potentialAction\":[{\"@type\":\"CommentAction\",\"name\":\"Comment\",\"target\":[\"https:\/\/www.sonoraenequipo.com.mx\/es-sonora-sede-de-la-primera-sesion-ordinaria-del-espacio-comun-de-la-educacion-media-superior-2023-region-noroeste\/#respond\"]}]},{\"@type\":\"WebPage\",\"@id\":\"https:\/\/www.sonoraenequipo.com.mx\/es-sonora-sede-de-la-primera-sesion-ordinaria-del-espacio-comun-de-la-educacion-media-superior-2023-region-noroeste\/\",\"url\":\"https:\/\/www.sonoraenequipo.com.mx\/es-sonora-sede-de-la-primera-sesion-ordinaria-del-espacio-comun-de-la-educacion-media-superior-2023-region-noroeste\/\",\"name\":\"Sonora en Equipo. Es Sonora sede de la Primera Sesi\u00f3n Ordinaria del Espacio Com\u00fan de la Educaci\u00f3n Media Superior 2023, Regi\u00f3n Noroeste Sonora\",\"isPartOf\":{\"@id\":\"https:\/\/www.sonoraenequipo.com.mx\/#website\"},\"primaryImageOfPage\":{\"@id\":\"https:\/\/www.sonoraenequipo.com.mx\/es-sonora-sede-de-la-primera-sesion-ordinaria-del-espacio-comun-de-la-educacion-media-superior-2023-region-noroeste\/#primaryimage\"},\"image\":{\"@id\":\"https:\/\/www.sonoraenequipo.com.mx\/es-sonora-sede-de-la-primera-sesion-ordinaria-del-espacio-comun-de-la-educacion-media-superior-2023-region-noroeste\/#primaryimage\"},\"thumbnailUrl\":\"https:\/\/www.sonoraenequipo.com.mx\/storage\/2023\/06\/educacion-reunion.jpg\",\"datePublished\":\"2023-06-10T19:37:24+00:00\",\"description\":\"\u25baParticiparon autoridades de Baja California, Baja California Sur, Chihuahua y Sinaloa. &nbsp; &nbsp; HERMOSILLO, SONORA,MX.\u2500\u2500 Para fortalecer las En Sonora en Equipo publicamos toda la informaci\u00f3n de Sonora, M\u00e9xico y el Mundo de manera oportuna y busca que la libertad de expresi\u00f3n sea real. Visita nuestro medio informativo publicado desde Hermosillo, Sonora. %\",\"breadcrumb\":{\"@id\":\"https:\/\/www.sonoraenequipo.com.mx\/es-sonora-sede-de-la-primera-sesion-ordinaria-del-espacio-comun-de-la-educacion-media-superior-2023-region-noroeste\/#breadcrumb\"},\"inLanguage\":\"es\",\"potentialAction\":[{\"@type\":\"ReadAction\",\"target\":[\"https:\/\/www.sonoraenequipo.com.mx\/es-sonora-sede-de-la-primera-sesion-ordinaria-del-espacio-comun-de-la-educacion-media-superior-2023-region-noroeste\/\"]}]},{\"@type\":\"ImageObject\",\"inLanguage\":\"es\",\"@id\":\"https:\/\/www.sonoraenequipo.com.mx\/es-sonora-sede-de-la-primera-sesion-ordinaria-del-espacio-comun-de-la-educacion-media-superior-2023-region-noroeste\/#primaryimage\",\"url\":\"https:\/\/www.sonoraenequipo.com.mx\/storage\/2023\/06\/educacion-reunion.jpg\",\"contentUrl\":\"https:\/\/www.sonoraenequipo.com.mx\/storage\/2023\/06\/educacion-reunion.jpg\",\"width\":600,\"height\":400},{\"@type\":\"BreadcrumbList\",\"@id\":\"https:\/\/www.sonoraenequipo.com.mx\/es-sonora-sede-de-la-primera-sesion-ordinaria-del-espacio-comun-de-la-educacion-media-superior-2023-region-noroeste\/#breadcrumb\",\"itemListElement\":[{\"@type\":\"ListItem\",\"position\":1,\"name\":\"Portada\",\"item\":\"https:\/\/www.sonoraenequipo.com.mx\/\"},{\"@type\":\"ListItem\",\"position\":2,\"name\":\"Es Sonora sede de la Primera Sesi\u00f3n Ordinaria del Espacio Com\u00fan de la Educaci\u00f3n Media Superior 2023, Regi\u00f3n Noroeste\"}]},{\"@type\":\"WebSite\",\"@id\":\"https:\/\/www.sonoraenequipo.com.mx\/#website\",\"url\":\"https:\/\/www.sonoraenequipo.com.mx\/\",\"name\":\"Sonora en Equipo.\",\"description\":\"Diario en l\u00ednea con Noticias desde Hermosillo, Sonora\",\"publisher\":{\"@id\":\"https:\/\/www.sonoraenequipo.com.mx\/#organization\"},\"potentialAction\":[{\"@type\":\"SearchAction\",\"target\":{\"@type\":\"EntryPoint\",\"urlTemplate\":\"https:\/\/www.sonoraenequipo.com.mx\/?s={search_term_string}\"},\"query-input\":{\"@type\":\"PropertyValueSpecification\",\"valueRequired\":true,\"valueName\":\"search_term_string\"}}],\"inLanguage\":\"es\"},{\"@type\":\"Organization\",\"@id\":\"https:\/\/www.sonoraenequipo.com.mx\/#organization\",\"name\":\"Sonoraenequipo.com.mx\",\"url\":\"https:\/\/www.sonoraenequipo.com.mx\/\",\"logo\":{\"@type\":\"ImageObject\",\"inLanguage\":\"es\",\"@id\":\"https:\/\/www.sonoraenequipo.com.mx\/#\/schema\/logo\/image\/\",\"url\":\"https:\/\/www.sonoraenequipo.com.mx\/storage\/2019\/01\/sonoraenequipo_opt.png\",\"contentUrl\":\"https:\/\/www.sonoraenequipo.com.mx\/storage\/2019\/01\/sonoraenequipo_opt.png\",\"width\":375,\"height\":125,\"caption\":\"Sonoraenequipo.com.mx\"},\"image\":{\"@id\":\"https:\/\/www.sonoraenequipo.com.mx\/#\/schema\/logo\/image\/\"},\"sameAs\":[\"https:\/\/www.facebook.com\/SonoraEE\/\",\"https:\/\/x.com\/sonoraenequipo\",\"https:\/\/www.youtube.com\/channel\/UC338nW-lPEYmJQs4ZABQ1SQ\"]},{\"@type\":\"Person\",\"@id\":\"https:\/\/www.sonoraenequipo.com.mx\/#\/schema\/person\/50102df0fb23a8fa9e8effad8fa81386\",\"name\":\"enequipo\",\"image\":{\"@type\":\"ImageObject\",\"inLanguage\":\"es\",\"@id\":\"https:\/\/www.sonoraenequipo.com.mx\/#\/schema\/person\/image\/\",\"url\":\"https:\/\/secure.gravatar.com\/avatar\/049821681b589dabc0bc20695993ccebb09f5b5d4d790cd9251b97faac7c652b?s=96&d=blank&r=g\",\"contentUrl\":\"https:\/\/secure.gravatar.com\/avatar\/049821681b589dabc0bc20695993ccebb09f5b5d4d790cd9251b97faac7c652b?s=96&d=blank&r=g\",\"caption\":\"enequipo\"},\"sameAs\":[\"https:\/\/www.facebook.com\/SonoraEE\"]}]}<\/script>\n ","yoast_head_json":{"title":"Sonora en Equipo. Es Sonora sede de la Primera Sesi\u00f3n Ordinaria del Espacio Com\u00fan de la Educaci\u00f3n Media Superior 2023, Regi\u00f3n Noroeste Sonora","description":"\u25baParticiparon autoridades de Baja California, Baja California Sur, Chihuahua y Sinaloa. &nbsp; &nbsp; HERMOSILLO, SONORA,MX.\u2500\u2500 Para fortalecer las En Sonora en Equipo publicamos toda la informaci\u00f3n de Sonora, M\u00e9xico y el Mundo de manera oportuna y busca que la libertad de expresi\u00f3n sea real. Visita nuestro medio informativo publicado desde Hermosillo, Sonora. %","robots":{"index":"index","follow":"follow","max-snippet":"max-snippet:-1","max-image-preview":"max-image-preview:large","max-video-preview":"max-video-preview:-1"},"canonical":"https:\/\/www.sonoraenequipo.com.mx\/es-sonora-sede-de-la-primera-sesion-ordinaria-del-espacio-comun-de-la-educacion-media-superior-2023-region-noroeste\/","og_locale":"es_ES","og_type":"article","og_title":"Sonora en Equipo. Es Sonora sede de la Primera Sesi\u00f3n Ordinaria del Espacio Com\u00fan de la Educaci\u00f3n Media Superior 2023, Regi\u00f3n Noroeste Sonora","og_description":"\u25baParticiparon autoridades de Baja California, Baja California Sur, Chihuahua y Sinaloa. &nbsp; &nbsp; HERMOSILLO, SONORA,MX.\u2500\u2500 Para fortalecer las En Sonora en Equipo publicamos toda la informaci\u00f3n de Sonora, M\u00e9xico y el Mundo de manera oportuna y busca que la libertad de expresi\u00f3n sea real. Visita nuestro medio informativo publicado desde Hermosillo, Sonora. %","og_url":"https:\/\/www.sonoraenequipo.com.mx\/es-sonora-sede-de-la-primera-sesion-ordinaria-del-espacio-comun-de-la-educacion-media-superior-2023-region-noroeste\/","og_site_name":"Sonora en Equipo.","article_publisher":"https:\/\/www.facebook.com\/SonoraEE\/","article_author":"https:\/\/www.facebook.com\/SonoraEE","article_published_time":"2023-06-10T19:37:24+00:00","og_image":[{"width":600,"height":400,"url":"https:\/\/www.sonoraenequipo.com.mx\/storage\/2023\/06\/educacion-reunion.jpg","type":"image\/jpeg"}],"author":"enequipo","twitter_card":"summary_large_image","twitter_creator":"@sonoraenequipo","twitter_site":"@sonoraenequipo","twitter_misc":{"Escrito por":"enequipo","Tiempo de lectura":"1 minuto"},"schema":{"@context":"https:\/\/schema.org","@graph":[{"@type":"Article","@id":"https:\/\/www.sonoraenequipo.com.mx\/es-sonora-sede-de-la-primera-sesion-ordinaria-del-espacio-comun-de-la-educacion-media-superior-2023-region-noroeste\/#article","isPartOf":{"@id":"https:\/\/www.sonoraenequipo.com.mx\/es-sonora-sede-de-la-primera-sesion-ordinaria-del-espacio-comun-de-la-educacion-media-superior-2023-region-noroeste\/"},"author":{"name":"enequipo","@id":"https:\/\/www.sonoraenequipo.com.mx\/#\/schema\/person\/50102df0fb23a8fa9e8effad8fa81386"},"headline":"Es Sonora sede de la Primera Sesi\u00f3n Ordinaria del Espacio Com\u00fan de la Educaci\u00f3n Media Superior 2023, Regi\u00f3n Noroeste","datePublished":"2023-06-10T19:37:24+00:00","mainEntityOfPage":{"@id":"https:\/\/www.sonoraenequipo.com.mx\/es-sonora-sede-de-la-primera-sesion-ordinaria-del-espacio-comun-de-la-educacion-media-superior-2023-region-noroeste\/"},"wordCount":293,"commentCount":0,"publisher":{"@id":"https:\/\/www.sonoraenequipo.com.mx\/#organization"},"image":{"@id":"https:\/\/www.sonoraenequipo.com.mx\/es-sonora-sede-de-la-primera-sesion-ordinaria-del-espacio-comun-de-la-educacion-media-superior-2023-region-noroeste\/#primaryimage"},"thumbnailUrl":"https:\/\/www.sonoraenequipo.com.mx\/storage\/2023\/06\/educacion-reunion.jpg","keywords":["educaci\u00f3n","mediasuperior","superior"],"articleSection":["Sonora"],"inLanguage":"es","potentialAction":[{"@type":"CommentAction","name":"Comment","target":["https:\/\/www.sonoraenequipo.com.mx\/es-sonora-sede-de-la-primera-sesion-ordinaria-del-espacio-comun-de-la-educacion-media-superior-2023-region-noroeste\/#respond"]}]},{"@type":"WebPage","@id":"https:\/\/www.sonoraenequipo.com.mx\/es-sonora-sede-de-la-primera-sesion-ordinaria-del-espacio-comun-de-la-educacion-media-superior-2023-region-noroeste\/","url":"https:\/\/www.sonoraenequipo.com.mx\/es-sonora-sede-de-la-primera-sesion-ordinaria-del-espacio-comun-de-la-educacion-media-superior-2023-region-noroeste\/","name":"Sonora en Equipo. Es Sonora sede de la Primera Sesi\u00f3n Ordinaria del Espacio Com\u00fan de la Educaci\u00f3n Media Superior 2023, Regi\u00f3n Noroeste Sonora","isPartOf":{"@id":"https:\/\/www.sonoraenequipo.com.mx\/#website"},"primaryImageOfPage":{"@id":"https:\/\/www.sonoraenequipo.com.mx\/es-sonora-sede-de-la-primera-sesion-ordinaria-del-espacio-comun-de-la-educacion-media-superior-2023-region-noroeste\/#primaryimage"},"image":{"@id":"https:\/\/www.sonoraenequipo.com.mx\/es-sonora-sede-de-la-primera-sesion-ordinaria-del-espacio-comun-de-la-educacion-media-superior-2023-region-noroeste\/#primaryimage"},"thumbnailUrl":"https:\/\/www.sonoraenequipo.com.mx\/storage\/2023\/06\/educacion-reunion.jpg","datePublished":"2023-06-10T19:37:24+00:00","description":"\u25baParticiparon autoridades de Baja California, Baja California Sur, Chihuahua y Sinaloa. &nbsp; &nbsp; HERMOSILLO, SONORA,MX.\u2500\u2500 Para fortalecer las En Sonora en Equipo publicamos toda la informaci\u00f3n de Sonora, M\u00e9xico y el Mundo de manera oportuna y busca que la libertad de expresi\u00f3n sea real. Visita nuestro medio informativo publicado desde Hermosillo, Sonora. %","breadcrumb":{"@id":"https:\/\/www.sonoraenequipo.com.mx\/es-sonora-sede-de-la-primera-sesion-ordinaria-del-espacio-comun-de-la-educacion-media-superior-2023-region-noroeste\/#breadcrumb"},"inLanguage":"es","potentialAction":[{"@type":"ReadAction","target":["https:\/\/www.sonoraenequipo.com.mx\/es-sonora-sede-de-la-primera-sesion-ordinaria-del-espacio-comun-de-la-educacion-media-superior-2023-region-noroeste\/"]}]},{"@type":"ImageObject","inLanguage":"es","@id":"https:\/\/www.sonoraenequipo.com.mx\/es-sonora-sede-de-la-primera-sesion-ordinaria-del-espacio-comun-de-la-educacion-media-superior-2023-region-noroeste\/#primaryimage","url":"https:\/\/www.sonoraenequipo.com.mx\/storage\/2023\/06\/educacion-reunion.jpg","contentUrl":"https:\/\/www.sonoraenequipo.com.mx\/storage\/2023\/06\/educacion-reunion.jpg","width":600,"height":400},{"@type":"BreadcrumbList","@id":"https:\/\/www.sonoraenequipo.com.mx\/es-sonora-sede-de-la-primera-sesion-ordinaria-del-espacio-comun-de-la-educacion-media-superior-2023-region-noroeste\/#breadcrumb","itemListElement":[{"@type":"ListItem","position":1,"name":"Portada","item":"https:\/\/www.sonoraenequipo.com.mx\/"},{"@type":"ListItem","position":2,"name":"Es Sonora sede de la Primera Sesi\u00f3n Ordinaria del Espacio Com\u00fan de la Educaci\u00f3n Media Superior 2023, Regi\u00f3n Noroeste"}]},{"@type":"WebSite","@id":"https:\/\/www.sonoraenequipo.com.mx\/#website","url":"https:\/\/www.sonoraenequipo.com.mx\/","name":"Sonora en Equipo.","description":"Diario en l\u00ednea con Noticias desde Hermosillo, Sonora","publisher":{"@id":"https:\/\/www.sonoraenequipo.com.mx\/#organization"},"potentialAction":[{"@type":"SearchAction","target":{"@type":"EntryPoint","urlTemplate":"https:\/\/www.sonoraenequipo.com.mx\/?s={search_term_string}"},"query-input":{"@type":"PropertyValueSpecification","valueRequired":true,"valueName":"search_term_string"}}],"inLanguage":"es"},{"@type":"Organization","@id":"https:\/\/www.sonoraenequipo.com.mx\/#organization","name":"Sonoraenequipo.com.mx","url":"https:\/\/www.sonoraenequipo.com.mx\/","logo":{"@type":"ImageObject","inLanguage":"es","@id":"https:\/\/www.sonoraenequipo.com.mx\/#\/schema\/logo\/image\/","url":"https:\/\/www.sonoraenequipo.com.mx\/storage\/2019\/01\/sonoraenequipo_opt.png","contentUrl":"https:\/\/www.sonoraenequipo.com.mx\/storage\/2019\/01\/sonoraenequipo_opt.png","width":375,"height":125,"caption":"Sonoraenequipo.com.mx"},"image":{"@id":"https:\/\/www.sonoraenequipo.com.mx\/#\/schema\/logo\/image\/"},"sameAs":["https:\/\/www.facebook.com\/SonoraEE\/","https:\/\/x.com\/sonoraenequipo","https:\/\/www.youtube.com\/channel\/UC338nW-lPEYmJQs4ZABQ1SQ"]},{"@type":"Person","@id":"https:\/\/www.sonoraenequipo.com.mx\/#\/schema\/person\/50102df0fb23a8fa9e8effad8fa81386","name":"enequipo","image":{"@type":"ImageObject","inLanguage":"es","@id":"https:\/\/www.sonoraenequipo.com.mx\/#\/schema\/person\/image\/","url":"https:\/\/secure.gravatar.com\/avatar\/049821681b589dabc0bc20695993ccebb09f5b5d4d790cd9251b97faac7c652b?s=96&d=blank&r=g","contentUrl":"https:\/\/secure.gravatar.com\/avatar\/049821681b589dabc0bc20695993ccebb09f5b5d4d790cd9251b97faac7c652b?s=96&d=blank&r=g","caption":"enequipo"},"sameAs":["https:\/\/www.facebook.com\/SonoraEE"]}]}},"jetpack_featured_media_url":"https:\/\/www.sonoraenequipo.com.mx\/storage\/2023\/06\/educacion-reunion.jpg","_links":{"self":[{"href":"https:\/\/www.sonoraenequipo.com.mx\/api\/wp\/v2\/posts\/167737","targetHints":{"allow":["GET"]}}],"collection":[{"href":"https:\/\/www.sonoraenequipo.com.mx\/api\/wp\/v2\/posts"}],"about":[{"href":"https:\/\/www.sonoraenequipo.com.mx\/api\/wp\/v2\/types\/post"}],"author":[{"embeddable":true,"href":"https:\/\/www.sonoraenequipo.com.mx\/api\/wp\/v2\/users\/1"}],"replies":[{"embeddable":true,"href":"https:\/\/www.sonoraenequipo.com.mx\/api\/wp\/v2\/comments?post=167737"}],"version-history":[{"count":1,"href":"https:\/\/www.sonoraenequipo.com.mx\/api\/wp\/v2\/posts\/167737\/revisions"}],"predecessor-version":[{"id":167739,"href":"https:\/\/www.sonoraenequipo.com.mx\/api\/wp\/v2\/posts\/167737\/revisions\/167739"}],"wp:featuredmedia":[{"embeddable":true,"href":"https:\/\/www.sonoraenequipo.com.mx\/api\/wp\/v2\/media\/167738"}],"wp:attachment":[{"href":"https:\/\/www.sonoraenequipo.com.mx\/api\/wp\/v2\/media?parent=167737"}],"wp:term":[{"taxonomy":"category","embeddable":true,"href":"https:\/\/www.sonoraenequipo.com.mx\/api\/wp\/v2\/categories?post=167737"},{"taxonomy":"post_tag","embeddable":true,"href":"https:\/\/www.sonoraenequipo.com.mx\/api\/wp\/v2\/tags?post=167737"}],"curies":[{"name":"wp","href":"https:\/\/api.w.org\/{rel}","templated":true}]}}