{"id":167741,"date":"2023-06-10T12:56:06","date_gmt":"2023-06-10T19:56:06","guid":{"rendered":"https:\/\/www.sonoraenequipo.com.mx\/?p=167741"},"modified":"2023-06-10T12:56:06","modified_gmt":"2023-06-10T19:56:06","slug":"iniciativa-tijuana-rio-conecta-concluye-jornada-ambiental-y-siembra-de-arboles-nativos-en-el-rio-tijuana","status":"publish","type":"post","link":"https:\/\/www.sonoraenequipo.com.mx\/iniciativa-tijuana-rio-conecta-concluye-jornada-ambiental-y-siembra-de-arboles-nativos-en-el-rio-tijuana\/","title":{"rendered":"Iniciativa Tijuana R\u00edo Conecta concluye jornada ambiental y siembra de \u00e1rboles nativos en el R\u00edo Tijuana"},"content":{"rendered":"<p>&nbsp;<\/p>\n<p>El ecosistema ripario del R\u00edo Tijuana vive una franca recuperaci\u00f3n gracias a la participaci\u00f3n activa de la comunidad en jornadas ambientales como la que se vivi\u00f3 este jueves. El evento fue organizado por Tijuana R\u00edo Conecta, iniciativa integrada por Fundaci\u00f3n Coca Cola M\u00e9xico, embotelladora Del Fuerte, el gobierno del Estado de Baja California, a trav\u00e9s de la Secretar\u00eda de Medio Ambiente y Desarrollo Sustentable,\u00a0 y Pronatura Noroeste, que tiene como objetivo la restauraci\u00f3n de este importante ecosistema ripario binacional.<\/p>\n<p>&nbsp;<\/p>\n<p>A partir de que se estableci\u00f3 la iniciativa Tijuana R\u00edo Conecta, los habitantes de la zona metropolitana Tijuana-San Diego voltean con esperanza a este sitio que por d\u00e9cadas sufri\u00f3 el deterioro ambiental, el descuido de las instituciones y la acumulaci\u00f3n de desechos de todo tipo. Hoy, el cauce del R\u00edo Tijuana recupera la presencia de vida silvestre, gracias a la protecci\u00f3n legal y a la siembra de miles de \u00e1lamos, sauces y otras plantas nativas.<\/p>\n<p>&nbsp;<\/p>\n<p>Como parte de la estrategia de intervenci\u00f3n en el sitio, el jueves 8 de junio se realiz\u00f3 en el R\u00edo Tijuana una jornada educativa y de restauraci\u00f3n ambiental para estudiantes y ciudadanos de Tijuana. Participaron 200 estudiantes del Colegio de Bachilleres COBACH La Presa y 20 empleados de la Embotelladora Del Fuerte.<\/p>\n<p>&nbsp;<\/p>\n<p>Durante la jornada, los j\u00f3venes tuvieron la oportunidad de realizar una serie de actividades dise\u00f1adas para impulsar la concientizaci\u00f3n y recuperaci\u00f3n del ecosistema ripario. Entre ellas destac\u00f3 la siembra de plantas nativas, remoci\u00f3n de residuos como pl\u00e1sticos, cart\u00f3n y otros materiales que obstaculizan el cauce del r\u00edo \u2014todo contabilizado como parte del diagn\u00f3stico del sitio\u2014, as\u00ed como una caminata para identificar las plantas y aves que habitan el sitio.<\/p>\n<p>&nbsp;<\/p>\n<p>Asimismo, se tuvo la presencia de M\u00f3nica Vega, titular de la Secretar\u00eda de Medio Ambiente y Desarrollo Sustentable (SMADS) de Baja California, quien se ha vuelto una aliada importante del proyecto de restauraci\u00f3n en R\u00edo Tijuana. Fue personal de SMADS quien se encarg\u00f3 de ofrecer a los asistentes una charla sobre cambio clim\u00e1tico. Durante la jornada tambi\u00e9n se dio inicio a la creaci\u00f3n de dos murales, a cargo de las artistas locales Mischka Ipp\u00f3lita, Amanda Bueno y Hokzyn.<\/p>\n<p>&nbsp;<\/p>\n<p>El compromiso ambiental de Fundaci\u00f3n Coca Cola M\u00e9xico, embotelladora Coca Cola y embotelladora Del Fuerte en Tijuana R\u00edo Conecta sienta un precedente dentro del sector empresarial fronterizo para que enfoquen su atenci\u00f3n hacia la restauraci\u00f3n de ecosistemas aleda\u00f1os a zonas urbanas. Quiz\u00e1s en otras regiones del pa\u00eds pueda replicarse este modelo de restauraci\u00f3n de ecosistemas prioritarios a partir del \u00e9xito mostrado en la frontera Tijuana-San Diego, una de las m\u00e1s transitadas del mundo.<\/p>\n<p>Ripario:\u00a0 d\u00edcese de la vegetaci\u00f3n que crece a la orilla de r\u00edos y lagunas.<\/p>\n<p>&nbsp;<\/p>\n<p><strong><em><u>Fecha de publicaci\u00f3n s\u00e1bado 10 de junio de 2023<\/u><\/em><\/strong><\/p>\n","protected":false},"excerpt":{"rendered":"<p>&nbsp; El ecosistema ripario del R\u00edo Tijuana vive una franca recuperaci\u00f3n gracias a la participaci\u00f3n&#8230;<\/p>\n","protected":false},"author":1,"featured_media":167742,"comment_status":"open","ping_status":"open","sticky":false,"template":"","format":"standard","meta":{"_monsterinsights_skip_tracking":false,"_monsterinsights_sitenote_active":false,"_monsterinsights_sitenote_note":"","_monsterinsights_sitenote_category":0,"footnotes":""},"categories":[5],"tags":[8611,8612],"class_list":["post"],"yoast_head":" \n<title>Sonora en Equipo. Iniciativa Tijuana R\u00edo Conecta concluye jornada ambiental y siembra de \u00e1rboles nativos en el R\u00edo Tijuana Rep\u00fablica<\/title>\n<meta name=\"description\" content=\"&nbsp; El ecosistema ripario del R\u00edo Tijuana vive una franca recuperaci\u00f3n gracias a la participaci\u00f3n activa de la comunidad en jornadas ambientales como En Sonora en Equipo publicamos toda la informaci\u00f3n de Sonora, M\u00e9xico y el Mundo de manera oportuna y busca que la libertad de expresi\u00f3n sea real. Visita nuestro medio informativo publicado desde Hermosillo, Sonora. %\" \/>\n<meta name=\"robots\" content=\"index, follow, max-snippet:-1, max-image-preview:large, max-video-preview:-1\" \/>\n<link rel=\"canonical\" href=\"https:\/\/www.sonoraenequipo.com.mx\/iniciativa-tijuana-rio-conecta-concluye-jornada-ambiental-y-siembra-de-arboles-nativos-en-el-rio-tijuana\/\" \/>\n<meta property=\"og:locale\" content=\"es_ES\" \/>\n<meta property=\"og:type\" content=\"article\" \/>\n<meta property=\"og:title\" content=\"Sonora en Equipo. Iniciativa Tijuana R\u00edo Conecta concluye jornada ambiental y siembra de \u00e1rboles nativos en el R\u00edo Tijuana Rep\u00fablica\" \/>\n<meta property=\"og:description\" content=\"&nbsp; El ecosistema ripario del R\u00edo Tijuana vive una franca recuperaci\u00f3n gracias a la participaci\u00f3n activa de la comunidad en jornadas ambientales como En Sonora en Equipo publicamos toda la informaci\u00f3n de Sonora, M\u00e9xico y el Mundo de manera oportuna y busca que la libertad de expresi\u00f3n sea real. Visita nuestro medio informativo publicado desde Hermosillo, Sonora. %\" \/>\n<meta property=\"og:url\" content=\"https:\/\/www.sonoraenequipo.com.mx\/iniciativa-tijuana-rio-conecta-concluye-jornada-ambiental-y-siembra-de-arboles-nativos-en-el-rio-tijuana\/\" \/>\n<meta property=\"og:site_name\" content=\"Sonora en Equipo.\" \/>\n<meta property=\"article:publisher\" content=\"https:\/\/www.facebook.com\/SonoraEE\/\" \/>\n<meta property=\"article:author\" content=\"https:\/\/www.facebook.com\/SonoraEE\" \/>\n<meta property=\"article:published_time\" content=\"2023-06-10T19:56:06+00:00\" \/>\n<meta property=\"og:image\" content=\"https:\/\/www.sonoraenequipo.com.mx\/storage\/2023\/06\/reforestaciontijuana.jpg\" \/>\n\t<meta property=\"og:image:width\" content=\"600\" \/>\n\t<meta property=\"og:image:height\" content=\"400\" \/>\n\t<meta property=\"og:image:type\" content=\"image\/jpeg\" \/>\n<meta name=\"author\" content=\"enequipo\" \/>\n<meta name=\"twitter:card\" content=\"summary_large_image\" \/>\n<meta name=\"twitter:creator\" content=\"@sonoraenequipo\" \/>\n<meta name=\"twitter:site\" content=\"@sonoraenequipo\" \/>\n<meta name=\"twitter:label1\" content=\"Escrito por\" \/>\n\t<meta name=\"twitter:data1\" content=\"enequipo\" \/>\n\t<meta name=\"twitter:label2\" content=\"Tiempo de lectura\" \/>\n\t<meta name=\"twitter:data2\" content=\"3 minutos\" \/>\n<script type=\"application\/ld+json\" class=\"yoast-schema-graph\">{\"@context\":\"https:\/\/schema.org\",\"@graph\":[{\"@type\":\"Article\",\"@id\":\"https:\/\/www.sonoraenequipo.com.mx\/iniciativa-tijuana-rio-conecta-concluye-jornada-ambiental-y-siembra-de-arboles-nativos-en-el-rio-tijuana\/#article\",\"isPartOf\":{\"@id\":\"https:\/\/www.sonoraenequipo.com.mx\/iniciativa-tijuana-rio-conecta-concluye-jornada-ambiental-y-siembra-de-arboles-nativos-en-el-rio-tijuana\/\"},\"author\":{\"name\":\"enequipo\",\"@id\":\"https:\/\/www.sonoraenequipo.com.mx\/#\/schema\/person\/50102df0fb23a8fa9e8effad8fa81386\"},\"headline\":\"Iniciativa Tijuana R\u00edo Conecta concluye jornada ambiental y siembra de \u00e1rboles nativos en el R\u00edo Tijuana\",\"datePublished\":\"2023-06-10T19:56:06+00:00\",\"mainEntityOfPage\":{\"@id\":\"https:\/\/www.sonoraenequipo.com.mx\/iniciativa-tijuana-rio-conecta-concluye-jornada-ambiental-y-siembra-de-arboles-nativos-en-el-rio-tijuana\/\"},\"wordCount\":518,\"commentCount\":0,\"publisher\":{\"@id\":\"https:\/\/www.sonoraenequipo.com.mx\/#organization\"},\"image\":{\"@id\":\"https:\/\/www.sonoraenequipo.com.mx\/iniciativa-tijuana-rio-conecta-concluye-jornada-ambiental-y-siembra-de-arboles-nativos-en-el-rio-tijuana\/#primaryimage\"},\"thumbnailUrl\":\"https:\/\/www.sonoraenequipo.com.mx\/storage\/2023\/06\/reforestaciontijuana.jpg\",\"keywords\":[\"PRONATURA\",\"TIJUANA rio\"],\"articleSection\":[\"Rep\u00fablica\"],\"inLanguage\":\"es\",\"potentialAction\":[{\"@type\":\"CommentAction\",\"name\":\"Comment\",\"target\":[\"https:\/\/www.sonoraenequipo.com.mx\/iniciativa-tijuana-rio-conecta-concluye-jornada-ambiental-y-siembra-de-arboles-nativos-en-el-rio-tijuana\/#respond\"]}]},{\"@type\":\"WebPage\",\"@id\":\"https:\/\/www.sonoraenequipo.com.mx\/iniciativa-tijuana-rio-conecta-concluye-jornada-ambiental-y-siembra-de-arboles-nativos-en-el-rio-tijuana\/\",\"url\":\"https:\/\/www.sonoraenequipo.com.mx\/iniciativa-tijuana-rio-conecta-concluye-jornada-ambiental-y-siembra-de-arboles-nativos-en-el-rio-tijuana\/\",\"name\":\"Sonora en Equipo. Iniciativa Tijuana R\u00edo Conecta concluye jornada ambiental y siembra de \u00e1rboles nativos en el R\u00edo Tijuana Rep\u00fablica\",\"isPartOf\":{\"@id\":\"https:\/\/www.sonoraenequipo.com.mx\/#website\"},\"primaryImageOfPage\":{\"@id\":\"https:\/\/www.sonoraenequipo.com.mx\/iniciativa-tijuana-rio-conecta-concluye-jornada-ambiental-y-siembra-de-arboles-nativos-en-el-rio-tijuana\/#primaryimage\"},\"image\":{\"@id\":\"https:\/\/www.sonoraenequipo.com.mx\/iniciativa-tijuana-rio-conecta-concluye-jornada-ambiental-y-siembra-de-arboles-nativos-en-el-rio-tijuana\/#primaryimage\"},\"thumbnailUrl\":\"https:\/\/www.sonoraenequipo.com.mx\/storage\/2023\/06\/reforestaciontijuana.jpg\",\"datePublished\":\"2023-06-10T19:56:06+00:00\",\"description\":\"&nbsp; El ecosistema ripario del R\u00edo Tijuana vive una franca recuperaci\u00f3n gracias a la participaci\u00f3n activa de la comunidad en jornadas ambientales como En Sonora en Equipo publicamos toda la informaci\u00f3n de Sonora, M\u00e9xico y el Mundo de manera oportuna y busca que la libertad de expresi\u00f3n sea real. Visita nuestro medio informativo publicado desde Hermosillo, Sonora. %\",\"breadcrumb\":{\"@id\":\"https:\/\/www.sonoraenequipo.com.mx\/iniciativa-tijuana-rio-conecta-concluye-jornada-ambiental-y-siembra-de-arboles-nativos-en-el-rio-tijuana\/#breadcrumb\"},\"inLanguage\":\"es\",\"potentialAction\":[{\"@type\":\"ReadAction\",\"target\":[\"https:\/\/www.sonoraenequipo.com.mx\/iniciativa-tijuana-rio-conecta-concluye-jornada-ambiental-y-siembra-de-arboles-nativos-en-el-rio-tijuana\/\"]}]},{\"@type\":\"ImageObject\",\"inLanguage\":\"es\",\"@id\":\"https:\/\/www.sonoraenequipo.com.mx\/iniciativa-tijuana-rio-conecta-concluye-jornada-ambiental-y-siembra-de-arboles-nativos-en-el-rio-tijuana\/#primaryimage\",\"url\":\"https:\/\/www.sonoraenequipo.com.mx\/storage\/2023\/06\/reforestaciontijuana.jpg\",\"contentUrl\":\"https:\/\/www.sonoraenequipo.com.mx\/storage\/2023\/06\/reforestaciontijuana.jpg\",\"width\":600,\"height\":400},{\"@type\":\"BreadcrumbList\",\"@id\":\"https:\/\/www.sonoraenequipo.com.mx\/iniciativa-tijuana-rio-conecta-concluye-jornada-ambiental-y-siembra-de-arboles-nativos-en-el-rio-tijuana\/#breadcrumb\",\"itemListElement\":[{\"@type\":\"ListItem\",\"position\":1,\"name\":\"Portada\",\"item\":\"https:\/\/www.sonoraenequipo.com.mx\/\"},{\"@type\":\"ListItem\",\"position\":2,\"name\":\"Iniciativa Tijuana R\u00edo Conecta concluye jornada ambiental y siembra de \u00e1rboles nativos en el R\u00edo Tijuana\"}]},{\"@type\":\"WebSite\",\"@id\":\"https:\/\/www.sonoraenequipo.com.mx\/#website\",\"url\":\"https:\/\/www.sonoraenequipo.com.mx\/\",\"name\":\"Sonora en Equipo.\",\"description\":\"Diario en l\u00ednea con Noticias desde Hermosillo, Sonora\",\"publisher\":{\"@id\":\"https:\/\/www.sonoraenequipo.com.mx\/#organization\"},\"potentialAction\":[{\"@type\":\"SearchAction\",\"target\":{\"@type\":\"EntryPoint\",\"urlTemplate\":\"https:\/\/www.sonoraenequipo.com.mx\/?s={search_term_string}\"},\"query-input\":{\"@type\":\"PropertyValueSpecification\",\"valueRequired\":true,\"valueName\":\"search_term_string\"}}],\"inLanguage\":\"es\"},{\"@type\":\"Organization\",\"@id\":\"https:\/\/www.sonoraenequipo.com.mx\/#organization\",\"name\":\"Sonoraenequipo.com.mx\",\"url\":\"https:\/\/www.sonoraenequipo.com.mx\/\",\"logo\":{\"@type\":\"ImageObject\",\"inLanguage\":\"es\",\"@id\":\"https:\/\/www.sonoraenequipo.com.mx\/#\/schema\/logo\/image\/\",\"url\":\"https:\/\/www.sonoraenequipo.com.mx\/storage\/2019\/01\/sonoraenequipo_opt.png\",\"contentUrl\":\"https:\/\/www.sonoraenequipo.com.mx\/storage\/2019\/01\/sonoraenequipo_opt.png\",\"width\":375,\"height\":125,\"caption\":\"Sonoraenequipo.com.mx\"},\"image\":{\"@id\":\"https:\/\/www.sonoraenequipo.com.mx\/#\/schema\/logo\/image\/\"},\"sameAs\":[\"https:\/\/www.facebook.com\/SonoraEE\/\",\"https:\/\/x.com\/sonoraenequipo\",\"https:\/\/www.youtube.com\/channel\/UC338nW-lPEYmJQs4ZABQ1SQ\"]},{\"@type\":\"Person\",\"@id\":\"https:\/\/www.sonoraenequipo.com.mx\/#\/schema\/person\/50102df0fb23a8fa9e8effad8fa81386\",\"name\":\"enequipo\",\"image\":{\"@type\":\"ImageObject\",\"inLanguage\":\"es\",\"@id\":\"https:\/\/www.sonoraenequipo.com.mx\/#\/schema\/person\/image\/\",\"url\":\"https:\/\/secure.gravatar.com\/avatar\/049821681b589dabc0bc20695993ccebb09f5b5d4d790cd9251b97faac7c652b?s=96&d=blank&r=g\",\"contentUrl\":\"https:\/\/secure.gravatar.com\/avatar\/049821681b589dabc0bc20695993ccebb09f5b5d4d790cd9251b97faac7c652b?s=96&d=blank&r=g\",\"caption\":\"enequipo\"},\"sameAs\":[\"https:\/\/www.facebook.com\/SonoraEE\"]}]}<\/script>\n ","yoast_head_json":{"title":"Sonora en Equipo. Iniciativa Tijuana R\u00edo Conecta concluye jornada ambiental y siembra de \u00e1rboles nativos en el R\u00edo Tijuana Rep\u00fablica","description":"&nbsp; El ecosistema ripario del R\u00edo Tijuana vive una franca recuperaci\u00f3n gracias a la participaci\u00f3n activa de la comunidad en jornadas ambientales como En Sonora en Equipo publicamos toda la informaci\u00f3n de Sonora, M\u00e9xico y el Mundo de manera oportuna y busca que la libertad de expresi\u00f3n sea real. Visita nuestro medio informativo publicado desde Hermosillo, Sonora. %","robots":{"index":"index","follow":"follow","max-snippet":"max-snippet:-1","max-image-preview":"max-image-preview:large","max-video-preview":"max-video-preview:-1"},"canonical":"https:\/\/www.sonoraenequipo.com.mx\/iniciativa-tijuana-rio-conecta-concluye-jornada-ambiental-y-siembra-de-arboles-nativos-en-el-rio-tijuana\/","og_locale":"es_ES","og_type":"article","og_title":"Sonora en Equipo. Iniciativa Tijuana R\u00edo Conecta concluye jornada ambiental y siembra de \u00e1rboles nativos en el R\u00edo Tijuana Rep\u00fablica","og_description":"&nbsp; El ecosistema ripario del R\u00edo Tijuana vive una franca recuperaci\u00f3n gracias a la participaci\u00f3n activa de la comunidad en jornadas ambientales como En Sonora en Equipo publicamos toda la informaci\u00f3n de Sonora, M\u00e9xico y el Mundo de manera oportuna y busca que la libertad de expresi\u00f3n sea real. Visita nuestro medio informativo publicado desde Hermosillo, Sonora. %","og_url":"https:\/\/www.sonoraenequipo.com.mx\/iniciativa-tijuana-rio-conecta-concluye-jornada-ambiental-y-siembra-de-arboles-nativos-en-el-rio-tijuana\/","og_site_name":"Sonora en Equipo.","article_publisher":"https:\/\/www.facebook.com\/SonoraEE\/","article_author":"https:\/\/www.facebook.com\/SonoraEE","article_published_time":"2023-06-10T19:56:06+00:00","og_image":[{"width":600,"height":400,"url":"https:\/\/www.sonoraenequipo.com.mx\/storage\/2023\/06\/reforestaciontijuana.jpg","type":"image\/jpeg"}],"author":"enequipo","twitter_card":"summary_large_image","twitter_creator":"@sonoraenequipo","twitter_site":"@sonoraenequipo","twitter_misc":{"Escrito por":"enequipo","Tiempo de lectura":"3 minutos"},"schema":{"@context":"https:\/\/schema.org","@graph":[{"@type":"Article","@id":"https:\/\/www.sonoraenequipo.com.mx\/iniciativa-tijuana-rio-conecta-concluye-jornada-ambiental-y-siembra-de-arboles-nativos-en-el-rio-tijuana\/#article","isPartOf":{"@id":"https:\/\/www.sonoraenequipo.com.mx\/iniciativa-tijuana-rio-conecta-concluye-jornada-ambiental-y-siembra-de-arboles-nativos-en-el-rio-tijuana\/"},"author":{"name":"enequipo","@id":"https:\/\/www.sonoraenequipo.com.mx\/#\/schema\/person\/50102df0fb23a8fa9e8effad8fa81386"},"headline":"Iniciativa Tijuana R\u00edo Conecta concluye jornada ambiental y siembra de \u00e1rboles nativos en el R\u00edo Tijuana","datePublished":"2023-06-10T19:56:06+00:00","mainEntityOfPage":{"@id":"https:\/\/www.sonoraenequipo.com.mx\/iniciativa-tijuana-rio-conecta-concluye-jornada-ambiental-y-siembra-de-arboles-nativos-en-el-rio-tijuana\/"},"wordCount":518,"commentCount":0,"publisher":{"@id":"https:\/\/www.sonoraenequipo.com.mx\/#organization"},"image":{"@id":"https:\/\/www.sonoraenequipo.com.mx\/iniciativa-tijuana-rio-conecta-concluye-jornada-ambiental-y-siembra-de-arboles-nativos-en-el-rio-tijuana\/#primaryimage"},"thumbnailUrl":"https:\/\/www.sonoraenequipo.com.mx\/storage\/2023\/06\/reforestaciontijuana.jpg","keywords":["PRONATURA","TIJUANA rio"],"articleSection":["Rep\u00fablica"],"inLanguage":"es","potentialAction":[{"@type":"CommentAction","name":"Comment","target":["https:\/\/www.sonoraenequipo.com.mx\/iniciativa-tijuana-rio-conecta-concluye-jornada-ambiental-y-siembra-de-arboles-nativos-en-el-rio-tijuana\/#respond"]}]},{"@type":"WebPage","@id":"https:\/\/www.sonoraenequipo.com.mx\/iniciativa-tijuana-rio-conecta-concluye-jornada-ambiental-y-siembra-de-arboles-nativos-en-el-rio-tijuana\/","url":"https:\/\/www.sonoraenequipo.com.mx\/iniciativa-tijuana-rio-conecta-concluye-jornada-ambiental-y-siembra-de-arboles-nativos-en-el-rio-tijuana\/","name":"Sonora en Equipo. Iniciativa Tijuana R\u00edo Conecta concluye jornada ambiental y siembra de \u00e1rboles nativos en el R\u00edo Tijuana Rep\u00fablica","isPartOf":{"@id":"https:\/\/www.sonoraenequipo.com.mx\/#website"},"primaryImageOfPage":{"@id":"https:\/\/www.sonoraenequipo.com.mx\/iniciativa-tijuana-rio-conecta-concluye-jornada-ambiental-y-siembra-de-arboles-nativos-en-el-rio-tijuana\/#primaryimage"},"image":{"@id":"https:\/\/www.sonoraenequipo.com.mx\/iniciativa-tijuana-rio-conecta-concluye-jornada-ambiental-y-siembra-de-arboles-nativos-en-el-rio-tijuana\/#primaryimage"},"thumbnailUrl":"https:\/\/www.sonoraenequipo.com.mx\/storage\/2023\/06\/reforestaciontijuana.jpg","datePublished":"2023-06-10T19:56:06+00:00","description":"&nbsp; El ecosistema ripario del R\u00edo Tijuana vive una franca recuperaci\u00f3n gracias a la participaci\u00f3n activa de la comunidad en jornadas ambientales como En Sonora en Equipo publicamos toda la informaci\u00f3n de Sonora, M\u00e9xico y el Mundo de manera oportuna y busca que la libertad de expresi\u00f3n sea real. Visita nuestro medio informativo publicado desde Hermosillo, Sonora. %","breadcrumb":{"@id":"https:\/\/www.sonoraenequipo.com.mx\/iniciativa-tijuana-rio-conecta-concluye-jornada-ambiental-y-siembra-de-arboles-nativos-en-el-rio-tijuana\/#breadcrumb"},"inLanguage":"es","potentialAction":[{"@type":"ReadAction","target":["https:\/\/www.sonoraenequipo.com.mx\/iniciativa-tijuana-rio-conecta-concluye-jornada-ambiental-y-siembra-de-arboles-nativos-en-el-rio-tijuana\/"]}]},{"@type":"ImageObject","inLanguage":"es","@id":"https:\/\/www.sonoraenequipo.com.mx\/iniciativa-tijuana-rio-conecta-concluye-jornada-ambiental-y-siembra-de-arboles-nativos-en-el-rio-tijuana\/#primaryimage","url":"https:\/\/www.sonoraenequipo.com.mx\/storage\/2023\/06\/reforestaciontijuana.jpg","contentUrl":"https:\/\/www.sonoraenequipo.com.mx\/storage\/2023\/06\/reforestaciontijuana.jpg","width":600,"height":400},{"@type":"BreadcrumbList","@id":"https:\/\/www.sonoraenequipo.com.mx\/iniciativa-tijuana-rio-conecta-concluye-jornada-ambiental-y-siembra-de-arboles-nativos-en-el-rio-tijuana\/#breadcrumb","itemListElement":[{"@type":"ListItem","position":1,"name":"Portada","item":"https:\/\/www.sonoraenequipo.com.mx\/"},{"@type":"ListItem","position":2,"name":"Iniciativa Tijuana R\u00edo Conecta concluye jornada ambiental y siembra de \u00e1rboles nativos en el R\u00edo Tijuana"}]},{"@type":"WebSite","@id":"https:\/\/www.sonoraenequipo.com.mx\/#website","url":"https:\/\/www.sonoraenequipo.com.mx\/","name":"Sonora en Equipo.","description":"Diario en l\u00ednea con Noticias desde Hermosillo, Sonora","publisher":{"@id":"https:\/\/www.sonoraenequipo.com.mx\/#organization"},"potentialAction":[{"@type":"SearchAction","target":{"@type":"EntryPoint","urlTemplate":"https:\/\/www.sonoraenequipo.com.mx\/?s={search_term_string}"},"query-input":{"@type":"PropertyValueSpecification","valueRequired":true,"valueName":"search_term_string"}}],"inLanguage":"es"},{"@type":"Organization","@id":"https:\/\/www.sonoraenequipo.com.mx\/#organization","name":"Sonoraenequipo.com.mx","url":"https:\/\/www.sonoraenequipo.com.mx\/","logo":{"@type":"ImageObject","inLanguage":"es","@id":"https:\/\/www.sonoraenequipo.com.mx\/#\/schema\/logo\/image\/","url":"https:\/\/www.sonoraenequipo.com.mx\/storage\/2019\/01\/sonoraenequipo_opt.png","contentUrl":"https:\/\/www.sonoraenequipo.com.mx\/storage\/2019\/01\/sonoraenequipo_opt.png","width":375,"height":125,"caption":"Sonoraenequipo.com.mx"},"image":{"@id":"https:\/\/www.sonoraenequipo.com.mx\/#\/schema\/logo\/image\/"},"sameAs":["https:\/\/www.facebook.com\/SonoraEE\/","https:\/\/x.com\/sonoraenequipo","https:\/\/www.youtube.com\/channel\/UC338nW-lPEYmJQs4ZABQ1SQ"]},{"@type":"Person","@id":"https:\/\/www.sonoraenequipo.com.mx\/#\/schema\/person\/50102df0fb23a8fa9e8effad8fa81386","name":"enequipo","image":{"@type":"ImageObject","inLanguage":"es","@id":"https:\/\/www.sonoraenequipo.com.mx\/#\/schema\/person\/image\/","url":"https:\/\/secure.gravatar.com\/avatar\/049821681b589dabc0bc20695993ccebb09f5b5d4d790cd9251b97faac7c652b?s=96&d=blank&r=g","contentUrl":"https:\/\/secure.gravatar.com\/avatar\/049821681b589dabc0bc20695993ccebb09f5b5d4d790cd9251b97faac7c652b?s=96&d=blank&r=g","caption":"enequipo"},"sameAs":["https:\/\/www.facebook.com\/SonoraEE"]}]}},"jetpack_featured_media_url":"https:\/\/www.sonoraenequipo.com.mx\/storage\/2023\/06\/reforestaciontijuana.jpg","_links":{"self":[{"href":"https:\/\/www.sonoraenequipo.com.mx\/api\/wp\/v2\/posts\/167741","targetHints":{"allow":["GET"]}}],"collection":[{"href":"https:\/\/www.sonoraenequipo.com.mx\/api\/wp\/v2\/posts"}],"about":[{"href":"https:\/\/www.sonoraenequipo.com.mx\/api\/wp\/v2\/types\/post"}],"author":[{"embeddable":true,"href":"https:\/\/www.sonoraenequipo.com.mx\/api\/wp\/v2\/users\/1"}],"replies":[{"embeddable":true,"href":"https:\/\/www.sonoraenequipo.com.mx\/api\/wp\/v2\/comments?post=167741"}],"version-history":[{"count":1,"href":"https:\/\/www.sonoraenequipo.com.mx\/api\/wp\/v2\/posts\/167741\/revisions"}],"predecessor-version":[{"id":167743,"href":"https:\/\/www.sonoraenequipo.com.mx\/api\/wp\/v2\/posts\/167741\/revisions\/167743"}],"wp:featuredmedia":[{"embeddable":true,"href":"https:\/\/www.sonoraenequipo.com.mx\/api\/wp\/v2\/media\/167742"}],"wp:attachment":[{"href":"https:\/\/www.sonoraenequipo.com.mx\/api\/wp\/v2\/media?parent=167741"}],"wp:term":[{"taxonomy":"category","embeddable":true,"href":"https:\/\/www.sonoraenequipo.com.mx\/api\/wp\/v2\/categories?post=167741"},{"taxonomy":"post_tag","embeddable":true,"href":"https:\/\/www.sonoraenequipo.com.mx\/api\/wp\/v2\/tags?post=167741"}],"curies":[{"name":"wp","href":"https:\/\/api.w.org\/{rel}","templated":true}]}}