{"id":167745,"date":"2023-06-10T13:00:11","date_gmt":"2023-06-10T20:00:11","guid":{"rendered":"https:\/\/www.sonoraenequipo.com.mx\/?p=167745"},"modified":"2023-06-11T13:05:39","modified_gmt":"2023-06-11T20:05:39","slug":"167745-2","status":"publish","type":"post","link":"https:\/\/www.sonoraenequipo.com.mx\/167745-2\/","title":{"rendered":"Jeff Bezos compra una acci\u00f3n de Amazon y sorprende a analistas"},"content":{"rendered":"<p>ESTADOS UNIDOS. \u2014 Jeff Bezos, la tercera persona m\u00e1s rica del mundo, hizo algo extra\u00f1o hace dos semanas: compr\u00f3 una sola acci\u00f3n de Amazon por USD114,77.<\/p>\n<p>&nbsp;<\/p>\n<p> <\/p>\n<p>&nbsp;<\/p>\n<p>Se trata de su primera compra de acciones en registros que se remontan a 2002. El fundador de Amazon es m\u00e1s conocido por vender: se ha deshecho de cerca de USD 30.000 millones en acciones desde 2002 para financiar sus diversas iniciativas, desde la compa\u00f1\u00eda de naves espaciales Blue Origin hasta placeres personales como su nuevo superyate Koru, de USD 500 millones.<\/p>\n<p>&nbsp;<\/p>\n<p>Despu\u00e9s de la oferta p\u00fablica inicial de Amazon en 1997, Bezos no ha recibido m\u00e1s acciones en compensaci\u00f3n y acept\u00f3 solo un peque\u00f1o salario. Todav\u00eda posee alrededor del 10% de la empresa, que representa la mayor parte de su fortuna de USD 148.000 millones, seg\u00fan el \u00edndice Bloomberg Billionaires.<\/p>\n<p>&nbsp;<\/p>\n<p>La compra del 25 de mayo de esa \u00fanica acci\u00f3n aument\u00f3 su fortuna en cerca de USD 10, ya que las acciones de Amazon se transaban en alrededor de USD 124 el viernes, impulsadas por un repunte m\u00e1s amplio del sector tecnol\u00f3gico que llev\u00f3 al \u00edndice S&amp;P 500 a un mercado alcista esta semana.<\/p>\n<p>&nbsp;<\/p>\n<p>El actuar de Bezos ha confundido a los analistas de Amazon y a los observadores de la acci\u00f3n que no saben qu\u00e9 hacer con la singular compra. En las redes sociales abundaban las teor\u00edas: una persona especul\u00f3 que Bezos planeaba dar el certificado f\u00edsico como regalo, mientras que otros bromeaban diciendo que seguramente hizo clic de forma accidental en el bot\u00f3n de compra en su cuenta de corretaje.<\/p>\n<p>&nbsp;<\/p>\n<p><strong><em>\u201cNecesitaba una acci\u00f3n m\u00e1s para recuperar el control\u201d<\/em><\/strong>, brome\u00f3 Mark Shmulik, analista de Sanford C. Bernstein (Bezos posee el 9,7% de las acciones de Amazon y conserva el control de voto sobre la participaci\u00f3n de 2,9% perteneciente a MacKenzie Scott, su ex esposa, seg\u00fan datos recopilados por Bloomberg).<\/p>\n<p>&nbsp;<\/p>\n<p>La respuesta seria de Shmulik, como la de todos los dem\u00e1s, fue: <em><strong>\u201cEstoy tratando de averiguar por qu\u00e9 hizo eso\u201d.<\/strong><\/em><\/p>\n<p>&nbsp;<\/p>\n<p>PUBLICADO EL 10 DE JUNIO DE 2023\/ Con informaci\u00f3n de Infobae)<\/p>\n","protected":false},"excerpt":{"rendered":"<p>ESTADOS UNIDOS. \u2014 Jeff Bezos, la tercera persona m\u00e1s rica del mundo, hizo algo extra\u00f1o&#8230;<\/p>\n","protected":false},"author":1,"featured_media":167746,"comment_status":"open","ping_status":"open","sticky":false,"template":"","format":"standard","meta":{"_monsterinsights_skip_tracking":false,"_monsterinsights_sitenote_active":false,"_monsterinsights_sitenote_note":"","_monsterinsights_sitenote_category":0,"footnotes":""},"categories":[6493],"tags":[8613],"class_list":["post"],"yoast_head":" \n<title>Sonora en Equipo. Jeff Bezos compra una acci\u00f3n de Amazon y sorprende a analistas PALABRAS Y N\u00daMEROS<\/title>\n<meta name=\"description\" content=\"ESTADOS UNIDOS. \u2014 Jeff Bezos, la tercera persona m\u00e1s rica del mundo, hizo algo extra\u00f1o hace dos semanas: compr\u00f3 una sola acci\u00f3n de Amazon por En Sonora en Equipo publicamos toda la informaci\u00f3n de Sonora, M\u00e9xico y el Mundo de manera oportuna y busca que la libertad de expresi\u00f3n sea real. Visita nuestro medio informativo publicado desde Hermosillo, Sonora. %\" \/>\n<meta name=\"robots\" content=\"index, follow, max-snippet:-1, max-image-preview:large, max-video-preview:-1\" \/>\n<link rel=\"canonical\" href=\"https:\/\/www.sonoraenequipo.com.mx\/167745-2\/\" \/>\n<meta property=\"og:locale\" content=\"es_ES\" \/>\n<meta property=\"og:type\" content=\"article\" \/>\n<meta property=\"og:title\" content=\"Sonora en Equipo. Jeff Bezos compra una acci\u00f3n de Amazon y sorprende a analistas PALABRAS Y N\u00daMEROS\" \/>\n<meta property=\"og:description\" content=\"ESTADOS UNIDOS. \u2014 Jeff Bezos, la tercera persona m\u00e1s rica del mundo, hizo algo extra\u00f1o hace dos semanas: compr\u00f3 una sola acci\u00f3n de Amazon por En Sonora en Equipo publicamos toda la informaci\u00f3n de Sonora, M\u00e9xico y el Mundo de manera oportuna y busca que la libertad de expresi\u00f3n sea real. Visita nuestro medio informativo publicado desde Hermosillo, Sonora. %\" \/>\n<meta property=\"og:url\" content=\"https:\/\/www.sonoraenequipo.com.mx\/167745-2\/\" \/>\n<meta property=\"og:site_name\" content=\"Sonora en Equipo.\" \/>\n<meta property=\"article:publisher\" content=\"https:\/\/www.facebook.com\/SonoraEE\/\" \/>\n<meta property=\"article:author\" content=\"https:\/\/www.facebook.com\/SonoraEE\" \/>\n<meta property=\"article:published_time\" content=\"2023-06-10T20:00:11+00:00\" \/>\n<meta property=\"article:modified_time\" content=\"2023-06-11T20:05:39+00:00\" \/>\n<meta property=\"og:image\" content=\"https:\/\/www.sonoraenequipo.com.mx\/storage\/2023\/06\/Bezos.jpg\" \/>\n\t<meta property=\"og:image:width\" content=\"600\" \/>\n\t<meta property=\"og:image:height\" content=\"400\" \/>\n\t<meta property=\"og:image:type\" content=\"image\/jpeg\" \/>\n<meta name=\"author\" content=\"enequipo\" \/>\n<meta name=\"twitter:card\" content=\"summary_large_image\" \/>\n<meta name=\"twitter:creator\" content=\"@sonoraenequipo\" \/>\n<meta name=\"twitter:site\" content=\"@sonoraenequipo\" \/>\n<meta name=\"twitter:label1\" content=\"Escrito por\" \/>\n\t<meta name=\"twitter:data1\" content=\"enequipo\" \/>\n\t<meta name=\"twitter:label2\" content=\"Tiempo de lectura\" \/>\n\t<meta name=\"twitter:data2\" content=\"2 minutos\" \/>\n<script type=\"application\/ld+json\" class=\"yoast-schema-graph\">{\"@context\":\"https:\/\/schema.org\",\"@graph\":[{\"@type\":\"Article\",\"@id\":\"https:\/\/www.sonoraenequipo.com.mx\/167745-2\/#article\",\"isPartOf\":{\"@id\":\"https:\/\/www.sonoraenequipo.com.mx\/167745-2\/\"},\"author\":{\"name\":\"enequipo\",\"@id\":\"https:\/\/www.sonoraenequipo.com.mx\/#\/schema\/person\/50102df0fb23a8fa9e8effad8fa81386\"},\"headline\":\"Jeff Bezos compra una acci\u00f3n de Amazon y sorprende a analistas\",\"datePublished\":\"2023-06-10T20:00:11+00:00\",\"dateModified\":\"2023-06-11T20:05:39+00:00\",\"mainEntityOfPage\":{\"@id\":\"https:\/\/www.sonoraenequipo.com.mx\/167745-2\/\"},\"wordCount\":369,\"commentCount\":0,\"publisher\":{\"@id\":\"https:\/\/www.sonoraenequipo.com.mx\/#organization\"},\"image\":{\"@id\":\"https:\/\/www.sonoraenequipo.com.mx\/167745-2\/#primaryimage\"},\"thumbnailUrl\":\"https:\/\/www.sonoraenequipo.com.mx\/storage\/2023\/06\/Bezos.jpg\",\"keywords\":[\"jeff bezos\"],\"articleSection\":[\"PALABRAS Y N\u00daMEROS\"],\"inLanguage\":\"es\",\"potentialAction\":[{\"@type\":\"CommentAction\",\"name\":\"Comment\",\"target\":[\"https:\/\/www.sonoraenequipo.com.mx\/167745-2\/#respond\"]}]},{\"@type\":\"WebPage\",\"@id\":\"https:\/\/www.sonoraenequipo.com.mx\/167745-2\/\",\"url\":\"https:\/\/www.sonoraenequipo.com.mx\/167745-2\/\",\"name\":\"Sonora en Equipo. Jeff Bezos compra una acci\u00f3n de Amazon y sorprende a analistas PALABRAS Y N\u00daMEROS\",\"isPartOf\":{\"@id\":\"https:\/\/www.sonoraenequipo.com.mx\/#website\"},\"primaryImageOfPage\":{\"@id\":\"https:\/\/www.sonoraenequipo.com.mx\/167745-2\/#primaryimage\"},\"image\":{\"@id\":\"https:\/\/www.sonoraenequipo.com.mx\/167745-2\/#primaryimage\"},\"thumbnailUrl\":\"https:\/\/www.sonoraenequipo.com.mx\/storage\/2023\/06\/Bezos.jpg\",\"datePublished\":\"2023-06-10T20:00:11+00:00\",\"dateModified\":\"2023-06-11T20:05:39+00:00\",\"description\":\"ESTADOS UNIDOS. \u2014 Jeff Bezos, la tercera persona m\u00e1s rica del mundo, hizo algo extra\u00f1o hace dos semanas: compr\u00f3 una sola acci\u00f3n de Amazon por En Sonora en Equipo publicamos toda la informaci\u00f3n de Sonora, M\u00e9xico y el Mundo de manera oportuna y busca que la libertad de expresi\u00f3n sea real. Visita nuestro medio informativo publicado desde Hermosillo, Sonora. %\",\"breadcrumb\":{\"@id\":\"https:\/\/www.sonoraenequipo.com.mx\/167745-2\/#breadcrumb\"},\"inLanguage\":\"es\",\"potentialAction\":[{\"@type\":\"ReadAction\",\"target\":[\"https:\/\/www.sonoraenequipo.com.mx\/167745-2\/\"]}]},{\"@type\":\"ImageObject\",\"inLanguage\":\"es\",\"@id\":\"https:\/\/www.sonoraenequipo.com.mx\/167745-2\/#primaryimage\",\"url\":\"https:\/\/www.sonoraenequipo.com.mx\/storage\/2023\/06\/Bezos.jpg\",\"contentUrl\":\"https:\/\/www.sonoraenequipo.com.mx\/storage\/2023\/06\/Bezos.jpg\",\"width\":600,\"height\":400},{\"@type\":\"BreadcrumbList\",\"@id\":\"https:\/\/www.sonoraenequipo.com.mx\/167745-2\/#breadcrumb\",\"itemListElement\":[{\"@type\":\"ListItem\",\"position\":1,\"name\":\"Portada\",\"item\":\"https:\/\/www.sonoraenequipo.com.mx\/\"},{\"@type\":\"ListItem\",\"position\":2,\"name\":\"Jeff Bezos compra una acci\u00f3n de Amazon y sorprende a analistas\"}]},{\"@type\":\"WebSite\",\"@id\":\"https:\/\/www.sonoraenequipo.com.mx\/#website\",\"url\":\"https:\/\/www.sonoraenequipo.com.mx\/\",\"name\":\"Sonora en Equipo.\",\"description\":\"Diario en l\u00ednea con Noticias desde Hermosillo, Sonora\",\"publisher\":{\"@id\":\"https:\/\/www.sonoraenequipo.com.mx\/#organization\"},\"potentialAction\":[{\"@type\":\"SearchAction\",\"target\":{\"@type\":\"EntryPoint\",\"urlTemplate\":\"https:\/\/www.sonoraenequipo.com.mx\/?s={search_term_string}\"},\"query-input\":{\"@type\":\"PropertyValueSpecification\",\"valueRequired\":true,\"valueName\":\"search_term_string\"}}],\"inLanguage\":\"es\"},{\"@type\":\"Organization\",\"@id\":\"https:\/\/www.sonoraenequipo.com.mx\/#organization\",\"name\":\"Sonoraenequipo.com.mx\",\"url\":\"https:\/\/www.sonoraenequipo.com.mx\/\",\"logo\":{\"@type\":\"ImageObject\",\"inLanguage\":\"es\",\"@id\":\"https:\/\/www.sonoraenequipo.com.mx\/#\/schema\/logo\/image\/\",\"url\":\"https:\/\/www.sonoraenequipo.com.mx\/storage\/2019\/01\/sonoraenequipo_opt.png\",\"contentUrl\":\"https:\/\/www.sonoraenequipo.com.mx\/storage\/2019\/01\/sonoraenequipo_opt.png\",\"width\":375,\"height\":125,\"caption\":\"Sonoraenequipo.com.mx\"},\"image\":{\"@id\":\"https:\/\/www.sonoraenequipo.com.mx\/#\/schema\/logo\/image\/\"},\"sameAs\":[\"https:\/\/www.facebook.com\/SonoraEE\/\",\"https:\/\/x.com\/sonoraenequipo\",\"https:\/\/www.youtube.com\/channel\/UC338nW-lPEYmJQs4ZABQ1SQ\"]},{\"@type\":\"Person\",\"@id\":\"https:\/\/www.sonoraenequipo.com.mx\/#\/schema\/person\/50102df0fb23a8fa9e8effad8fa81386\",\"name\":\"enequipo\",\"image\":{\"@type\":\"ImageObject\",\"inLanguage\":\"es\",\"@id\":\"https:\/\/www.sonoraenequipo.com.mx\/#\/schema\/person\/image\/\",\"url\":\"https:\/\/secure.gravatar.com\/avatar\/049821681b589dabc0bc20695993ccebb09f5b5d4d790cd9251b97faac7c652b?s=96&d=blank&r=g\",\"contentUrl\":\"https:\/\/secure.gravatar.com\/avatar\/049821681b589dabc0bc20695993ccebb09f5b5d4d790cd9251b97faac7c652b?s=96&d=blank&r=g\",\"caption\":\"enequipo\"},\"sameAs\":[\"https:\/\/www.facebook.com\/SonoraEE\"]}]}<\/script>\n ","yoast_head_json":{"title":"Sonora en Equipo. Jeff Bezos compra una acci\u00f3n de Amazon y sorprende a analistas PALABRAS Y N\u00daMEROS","description":"ESTADOS UNIDOS. \u2014 Jeff Bezos, la tercera persona m\u00e1s rica del mundo, hizo algo extra\u00f1o hace dos semanas: compr\u00f3 una sola acci\u00f3n de Amazon por En Sonora en Equipo publicamos toda la informaci\u00f3n de Sonora, M\u00e9xico y el Mundo de manera oportuna y busca que la libertad de expresi\u00f3n sea real. Visita nuestro medio informativo publicado desde Hermosillo, Sonora. %","robots":{"index":"index","follow":"follow","max-snippet":"max-snippet:-1","max-image-preview":"max-image-preview:large","max-video-preview":"max-video-preview:-1"},"canonical":"https:\/\/www.sonoraenequipo.com.mx\/167745-2\/","og_locale":"es_ES","og_type":"article","og_title":"Sonora en Equipo. Jeff Bezos compra una acci\u00f3n de Amazon y sorprende a analistas PALABRAS Y N\u00daMEROS","og_description":"ESTADOS UNIDOS. \u2014 Jeff Bezos, la tercera persona m\u00e1s rica del mundo, hizo algo extra\u00f1o hace dos semanas: compr\u00f3 una sola acci\u00f3n de Amazon por En Sonora en Equipo publicamos toda la informaci\u00f3n de Sonora, M\u00e9xico y el Mundo de manera oportuna y busca que la libertad de expresi\u00f3n sea real. Visita nuestro medio informativo publicado desde Hermosillo, Sonora. %","og_url":"https:\/\/www.sonoraenequipo.com.mx\/167745-2\/","og_site_name":"Sonora en Equipo.","article_publisher":"https:\/\/www.facebook.com\/SonoraEE\/","article_author":"https:\/\/www.facebook.com\/SonoraEE","article_published_time":"2023-06-10T20:00:11+00:00","article_modified_time":"2023-06-11T20:05:39+00:00","og_image":[{"width":600,"height":400,"url":"https:\/\/www.sonoraenequipo.com.mx\/storage\/2023\/06\/Bezos.jpg","type":"image\/jpeg"}],"author":"enequipo","twitter_card":"summary_large_image","twitter_creator":"@sonoraenequipo","twitter_site":"@sonoraenequipo","twitter_misc":{"Escrito por":"enequipo","Tiempo de lectura":"2 minutos"},"schema":{"@context":"https:\/\/schema.org","@graph":[{"@type":"Article","@id":"https:\/\/www.sonoraenequipo.com.mx\/167745-2\/#article","isPartOf":{"@id":"https:\/\/www.sonoraenequipo.com.mx\/167745-2\/"},"author":{"name":"enequipo","@id":"https:\/\/www.sonoraenequipo.com.mx\/#\/schema\/person\/50102df0fb23a8fa9e8effad8fa81386"},"headline":"Jeff Bezos compra una acci\u00f3n de Amazon y sorprende a analistas","datePublished":"2023-06-10T20:00:11+00:00","dateModified":"2023-06-11T20:05:39+00:00","mainEntityOfPage":{"@id":"https:\/\/www.sonoraenequipo.com.mx\/167745-2\/"},"wordCount":369,"commentCount":0,"publisher":{"@id":"https:\/\/www.sonoraenequipo.com.mx\/#organization"},"image":{"@id":"https:\/\/www.sonoraenequipo.com.mx\/167745-2\/#primaryimage"},"thumbnailUrl":"https:\/\/www.sonoraenequipo.com.mx\/storage\/2023\/06\/Bezos.jpg","keywords":["jeff bezos"],"articleSection":["PALABRAS Y N\u00daMEROS"],"inLanguage":"es","potentialAction":[{"@type":"CommentAction","name":"Comment","target":["https:\/\/www.sonoraenequipo.com.mx\/167745-2\/#respond"]}]},{"@type":"WebPage","@id":"https:\/\/www.sonoraenequipo.com.mx\/167745-2\/","url":"https:\/\/www.sonoraenequipo.com.mx\/167745-2\/","name":"Sonora en Equipo. Jeff Bezos compra una acci\u00f3n de Amazon y sorprende a analistas PALABRAS Y N\u00daMEROS","isPartOf":{"@id":"https:\/\/www.sonoraenequipo.com.mx\/#website"},"primaryImageOfPage":{"@id":"https:\/\/www.sonoraenequipo.com.mx\/167745-2\/#primaryimage"},"image":{"@id":"https:\/\/www.sonoraenequipo.com.mx\/167745-2\/#primaryimage"},"thumbnailUrl":"https:\/\/www.sonoraenequipo.com.mx\/storage\/2023\/06\/Bezos.jpg","datePublished":"2023-06-10T20:00:11+00:00","dateModified":"2023-06-11T20:05:39+00:00","description":"ESTADOS UNIDOS. \u2014 Jeff Bezos, la tercera persona m\u00e1s rica del mundo, hizo algo extra\u00f1o hace dos semanas: compr\u00f3 una sola acci\u00f3n de Amazon por En Sonora en Equipo publicamos toda la informaci\u00f3n de Sonora, M\u00e9xico y el Mundo de manera oportuna y busca que la libertad de expresi\u00f3n sea real. Visita nuestro medio informativo publicado desde Hermosillo, Sonora. %","breadcrumb":{"@id":"https:\/\/www.sonoraenequipo.com.mx\/167745-2\/#breadcrumb"},"inLanguage":"es","potentialAction":[{"@type":"ReadAction","target":["https:\/\/www.sonoraenequipo.com.mx\/167745-2\/"]}]},{"@type":"ImageObject","inLanguage":"es","@id":"https:\/\/www.sonoraenequipo.com.mx\/167745-2\/#primaryimage","url":"https:\/\/www.sonoraenequipo.com.mx\/storage\/2023\/06\/Bezos.jpg","contentUrl":"https:\/\/www.sonoraenequipo.com.mx\/storage\/2023\/06\/Bezos.jpg","width":600,"height":400},{"@type":"BreadcrumbList","@id":"https:\/\/www.sonoraenequipo.com.mx\/167745-2\/#breadcrumb","itemListElement":[{"@type":"ListItem","position":1,"name":"Portada","item":"https:\/\/www.sonoraenequipo.com.mx\/"},{"@type":"ListItem","position":2,"name":"Jeff Bezos compra una acci\u00f3n de Amazon y sorprende a analistas"}]},{"@type":"WebSite","@id":"https:\/\/www.sonoraenequipo.com.mx\/#website","url":"https:\/\/www.sonoraenequipo.com.mx\/","name":"Sonora en Equipo.","description":"Diario en l\u00ednea con Noticias desde Hermosillo, Sonora","publisher":{"@id":"https:\/\/www.sonoraenequipo.com.mx\/#organization"},"potentialAction":[{"@type":"SearchAction","target":{"@type":"EntryPoint","urlTemplate":"https:\/\/www.sonoraenequipo.com.mx\/?s={search_term_string}"},"query-input":{"@type":"PropertyValueSpecification","valueRequired":true,"valueName":"search_term_string"}}],"inLanguage":"es"},{"@type":"Organization","@id":"https:\/\/www.sonoraenequipo.com.mx\/#organization","name":"Sonoraenequipo.com.mx","url":"https:\/\/www.sonoraenequipo.com.mx\/","logo":{"@type":"ImageObject","inLanguage":"es","@id":"https:\/\/www.sonoraenequipo.com.mx\/#\/schema\/logo\/image\/","url":"https:\/\/www.sonoraenequipo.com.mx\/storage\/2019\/01\/sonoraenequipo_opt.png","contentUrl":"https:\/\/www.sonoraenequipo.com.mx\/storage\/2019\/01\/sonoraenequipo_opt.png","width":375,"height":125,"caption":"Sonoraenequipo.com.mx"},"image":{"@id":"https:\/\/www.sonoraenequipo.com.mx\/#\/schema\/logo\/image\/"},"sameAs":["https:\/\/www.facebook.com\/SonoraEE\/","https:\/\/x.com\/sonoraenequipo","https:\/\/www.youtube.com\/channel\/UC338nW-lPEYmJQs4ZABQ1SQ"]},{"@type":"Person","@id":"https:\/\/www.sonoraenequipo.com.mx\/#\/schema\/person\/50102df0fb23a8fa9e8effad8fa81386","name":"enequipo","image":{"@type":"ImageObject","inLanguage":"es","@id":"https:\/\/www.sonoraenequipo.com.mx\/#\/schema\/person\/image\/","url":"https:\/\/secure.gravatar.com\/avatar\/049821681b589dabc0bc20695993ccebb09f5b5d4d790cd9251b97faac7c652b?s=96&d=blank&r=g","contentUrl":"https:\/\/secure.gravatar.com\/avatar\/049821681b589dabc0bc20695993ccebb09f5b5d4d790cd9251b97faac7c652b?s=96&d=blank&r=g","caption":"enequipo"},"sameAs":["https:\/\/www.facebook.com\/SonoraEE"]}]}},"jetpack_featured_media_url":"https:\/\/www.sonoraenequipo.com.mx\/storage\/2023\/06\/Bezos.jpg","_links":{"self":[{"href":"https:\/\/www.sonoraenequipo.com.mx\/api\/wp\/v2\/posts\/167745","targetHints":{"allow":["GET"]}}],"collection":[{"href":"https:\/\/www.sonoraenequipo.com.mx\/api\/wp\/v2\/posts"}],"about":[{"href":"https:\/\/www.sonoraenequipo.com.mx\/api\/wp\/v2\/types\/post"}],"author":[{"embeddable":true,"href":"https:\/\/www.sonoraenequipo.com.mx\/api\/wp\/v2\/users\/1"}],"replies":[{"embeddable":true,"href":"https:\/\/www.sonoraenequipo.com.mx\/api\/wp\/v2\/comments?post=167745"}],"version-history":[{"count":4,"href":"https:\/\/www.sonoraenequipo.com.mx\/api\/wp\/v2\/posts\/167745\/revisions"}],"predecessor-version":[{"id":167801,"href":"https:\/\/www.sonoraenequipo.com.mx\/api\/wp\/v2\/posts\/167745\/revisions\/167801"}],"wp:featuredmedia":[{"embeddable":true,"href":"https:\/\/www.sonoraenequipo.com.mx\/api\/wp\/v2\/media\/167746"}],"wp:attachment":[{"href":"https:\/\/www.sonoraenequipo.com.mx\/api\/wp\/v2\/media?parent=167745"}],"wp:term":[{"taxonomy":"category","embeddable":true,"href":"https:\/\/www.sonoraenequipo.com.mx\/api\/wp\/v2\/categories?post=167745"},{"taxonomy":"post_tag","embeddable":true,"href":"https:\/\/www.sonoraenequipo.com.mx\/api\/wp\/v2\/tags?post=167745"}],"curies":[{"name":"wp","href":"https:\/\/api.w.org\/{rel}","templated":true}]}}