{"id":167748,"date":"2023-06-10T14:12:44","date_gmt":"2023-06-10T21:12:44","guid":{"rendered":"https:\/\/www.sonoraenequipo.com.mx\/?p=167748"},"modified":"2023-06-10T15:32:08","modified_gmt":"2023-06-10T22:32:08","slug":"estaca-tono-astiazaran-que-hermosillo-es-el-tercer-municipio-en-mexico-con-mas-generacion-de-empleos","status":"publish","type":"post","link":"https:\/\/www.sonoraenequipo.com.mx\/estaca-tono-astiazaran-que-hermosillo-es-el-tercer-municipio-en-mexico-con-mas-generacion-de-empleos\/","title":{"rendered":"Destaca presidente municipal que Hermosillo es el tercer municipio en M\u00e9xico con m\u00e1s generaci\u00f3n de empleos"},"content":{"rendered":"<p>\u25baDijo que seg\u00fan cifras del IMSS, de enero a mayo de 2023 se crearon 13 mil empleos formales en Hermosillo, la segunda mejor cifra para un periodo enero-mayo en hace 25 a\u00f1os<\/p>\n<p><strong>HERMOSILLO, SONORA,MX.<\/strong><strong>\u2500\u2500<\/strong> Hermosillo se posicion\u00f3 como el tercer municipio del pa\u00eds que m\u00e1s gener\u00f3 empleos de enero a mayo de 2023, seg\u00fan informaci\u00f3n del Instituto Mexicano del Seguro Social (IMSS).<\/p>\n<p>&nbsp;<\/p>\n<p>El Presidente Municipal Antonio Astiazar\u00e1n Guti\u00e9rrez manifest\u00f3 su satisfacci\u00f3n porque de enero a mayo de este a\u00f1o se generaron 13 mil nuevos empleos formales en Hermosillo y es la segunda mejor cifra de los \u00faltimos 25 a\u00f1os para un periodo enero-mayo en cuanto a generaci\u00f3n de empleo.<\/p>\n<p>&nbsp;<\/p>\n<p>\u201cJunto con Quer\u00e9taro y Monterrey, Hermosillo es la tercera ciudad m\u00e1s din\u00e1mica del pa\u00eds en todos los giros, hemos crecido mucho en la industria aeroespacial, todo lo que tiene que ver con tecnolog\u00eda, la industria automotriz\u201d, enfatiz\u00f3.<\/p>\n<p>&nbsp;<\/p>\n<p>Explic\u00f3 que de todos los empleos de que se generan en Sonora el 54 por ciento es en esta ciudad y hay de todos los rubros, sobre todo en la parte agr\u00edcola, la industria automotriz y aeroespacial.<\/p>\n<p>&nbsp;<\/p>\n<p>Van 15 mil 482 empleos generados en lo que va de la presente administraci\u00f3n, comparados con 6 mil 754 en el 2018- 2021; y 15 mil 884 en todo el de 2015- 2018.<\/p>\n<p>&nbsp;<\/p>\n<p>To\u00f1o Astiazar\u00e1n mencion\u00f3 que con la ampliaci\u00f3n del tercer turno de la FORD en agosto y sus proveedores, se generar\u00e1n otros 8 mil empleos formales.<\/p>\n<p><strong><em><u>Fecha de publicaci\u00f3n s\u00e1bado 10 de junio de 2023<\/u><\/em><\/strong><\/p>\n","protected":false},"excerpt":{"rendered":"<p>\u25baDijo que seg\u00fan cifras del IMSS, de enero a mayo de 2023 se crearon 13&#8230;<\/p>\n","protected":false},"author":1,"featured_media":167502,"comment_status":"open","ping_status":"open","sticky":false,"template":"","format":"standard","meta":{"_monsterinsights_skip_tracking":false,"_monsterinsights_sitenote_active":false,"_monsterinsights_sitenote_note":"","_monsterinsights_sitenote_category":0,"footnotes":""},"categories":[4],"tags":[93,35,53,15],"class_list":["post"],"yoast_head":" \n<title>Sonora en Equipo. Destaca presidente municipal que Hermosillo es el tercer municipio en M\u00e9xico con m\u00e1s generaci\u00f3n de empleos Municipios<\/title>\n<meta name=\"description\" content=\"\u25baDijo que seg\u00fan cifras del IMSS, de enero a mayo de 2023 se crearon 13 mil empleos formales en Hermosillo, la segunda mejor cifra para un periodo En Sonora en Equipo publicamos toda la informaci\u00f3n de Sonora, M\u00e9xico y el Mundo de manera oportuna y busca que la libertad de expresi\u00f3n sea real. Visita nuestro medio informativo publicado desde Hermosillo, Sonora. %\" \/>\n<meta name=\"robots\" content=\"index, follow, max-snippet:-1, max-image-preview:large, max-video-preview:-1\" \/>\n<link rel=\"canonical\" href=\"https:\/\/www.sonoraenequipo.com.mx\/estaca-tono-astiazaran-que-hermosillo-es-el-tercer-municipio-en-mexico-con-mas-generacion-de-empleos\/\" \/>\n<meta property=\"og:locale\" content=\"es_ES\" \/>\n<meta property=\"og:type\" content=\"article\" \/>\n<meta property=\"og:title\" content=\"Sonora en Equipo. Destaca presidente municipal que Hermosillo es el tercer municipio en M\u00e9xico con m\u00e1s generaci\u00f3n de empleos Municipios\" \/>\n<meta property=\"og:description\" content=\"\u25baDijo que seg\u00fan cifras del IMSS, de enero a mayo de 2023 se crearon 13 mil empleos formales en Hermosillo, la segunda mejor cifra para un periodo En Sonora en Equipo publicamos toda la informaci\u00f3n de Sonora, M\u00e9xico y el Mundo de manera oportuna y busca que la libertad de expresi\u00f3n sea real. Visita nuestro medio informativo publicado desde Hermosillo, Sonora. %\" \/>\n<meta property=\"og:url\" content=\"https:\/\/www.sonoraenequipo.com.mx\/estaca-tono-astiazaran-que-hermosillo-es-el-tercer-municipio-en-mexico-con-mas-generacion-de-empleos\/\" \/>\n<meta property=\"og:site_name\" content=\"Sonora en Equipo.\" \/>\n<meta property=\"article:publisher\" content=\"https:\/\/www.facebook.com\/SonoraEE\/\" \/>\n<meta property=\"article:author\" content=\"https:\/\/www.facebook.com\/SonoraEE\" \/>\n<meta property=\"article:published_time\" content=\"2023-06-10T21:12:44+00:00\" \/>\n<meta property=\"article:modified_time\" content=\"2023-06-10T22:32:08+00:00\" \/>\n<meta property=\"og:image\" content=\"https:\/\/www.sonoraenequipo.com.mx\/storage\/2023\/06\/tono.jpg\" \/>\n\t<meta property=\"og:image:width\" content=\"600\" \/>\n\t<meta property=\"og:image:height\" content=\"446\" \/>\n\t<meta property=\"og:image:type\" content=\"image\/jpeg\" \/>\n<meta name=\"author\" content=\"enequipo\" \/>\n<meta name=\"twitter:card\" content=\"summary_large_image\" \/>\n<meta name=\"twitter:creator\" content=\"@sonoraenequipo\" \/>\n<meta name=\"twitter:site\" content=\"@sonoraenequipo\" \/>\n<meta name=\"twitter:label1\" content=\"Escrito por\" \/>\n\t<meta name=\"twitter:data1\" content=\"enequipo\" \/>\n\t<meta name=\"twitter:label2\" content=\"Tiempo de lectura\" \/>\n\t<meta name=\"twitter:data2\" content=\"1 minuto\" \/>\n<script type=\"application\/ld+json\" class=\"yoast-schema-graph\">{\"@context\":\"https:\/\/schema.org\",\"@graph\":[{\"@type\":\"Article\",\"@id\":\"https:\/\/www.sonoraenequipo.com.mx\/estaca-tono-astiazaran-que-hermosillo-es-el-tercer-municipio-en-mexico-con-mas-generacion-de-empleos\/#article\",\"isPartOf\":{\"@id\":\"https:\/\/www.sonoraenequipo.com.mx\/estaca-tono-astiazaran-que-hermosillo-es-el-tercer-municipio-en-mexico-con-mas-generacion-de-empleos\/\"},\"author\":{\"name\":\"enequipo\",\"@id\":\"https:\/\/www.sonoraenequipo.com.mx\/#\/schema\/person\/50102df0fb23a8fa9e8effad8fa81386\"},\"headline\":\"Destaca presidente municipal que Hermosillo es el tercer municipio en M\u00e9xico con m\u00e1s generaci\u00f3n de empleos\",\"datePublished\":\"2023-06-10T21:12:44+00:00\",\"dateModified\":\"2023-06-10T22:32:08+00:00\",\"mainEntityOfPage\":{\"@id\":\"https:\/\/www.sonoraenequipo.com.mx\/estaca-tono-astiazaran-que-hermosillo-es-el-tercer-municipio-en-mexico-con-mas-generacion-de-empleos\/\"},\"wordCount\":282,\"commentCount\":0,\"publisher\":{\"@id\":\"https:\/\/www.sonoraenequipo.com.mx\/#organization\"},\"image\":{\"@id\":\"https:\/\/www.sonoraenequipo.com.mx\/estaca-tono-astiazaran-que-hermosillo-es-el-tercer-municipio-en-mexico-con-mas-generacion-de-empleos\/#primaryimage\"},\"thumbnailUrl\":\"https:\/\/www.sonoraenequipo.com.mx\/storage\/2023\/06\/tono.jpg\",\"keywords\":[\"econom\u00eda\",\"hermosillo\",\"mexico\",\"Sonora\"],\"articleSection\":[\"Municipios\"],\"inLanguage\":\"es\",\"potentialAction\":[{\"@type\":\"CommentAction\",\"name\":\"Comment\",\"target\":[\"https:\/\/www.sonoraenequipo.com.mx\/estaca-tono-astiazaran-que-hermosillo-es-el-tercer-municipio-en-mexico-con-mas-generacion-de-empleos\/#respond\"]}]},{\"@type\":\"WebPage\",\"@id\":\"https:\/\/www.sonoraenequipo.com.mx\/estaca-tono-astiazaran-que-hermosillo-es-el-tercer-municipio-en-mexico-con-mas-generacion-de-empleos\/\",\"url\":\"https:\/\/www.sonoraenequipo.com.mx\/estaca-tono-astiazaran-que-hermosillo-es-el-tercer-municipio-en-mexico-con-mas-generacion-de-empleos\/\",\"name\":\"Sonora en Equipo. Destaca presidente municipal que Hermosillo es el tercer municipio en M\u00e9xico con m\u00e1s generaci\u00f3n de empleos Municipios\",\"isPartOf\":{\"@id\":\"https:\/\/www.sonoraenequipo.com.mx\/#website\"},\"primaryImageOfPage\":{\"@id\":\"https:\/\/www.sonoraenequipo.com.mx\/estaca-tono-astiazaran-que-hermosillo-es-el-tercer-municipio-en-mexico-con-mas-generacion-de-empleos\/#primaryimage\"},\"image\":{\"@id\":\"https:\/\/www.sonoraenequipo.com.mx\/estaca-tono-astiazaran-que-hermosillo-es-el-tercer-municipio-en-mexico-con-mas-generacion-de-empleos\/#primaryimage\"},\"thumbnailUrl\":\"https:\/\/www.sonoraenequipo.com.mx\/storage\/2023\/06\/tono.jpg\",\"datePublished\":\"2023-06-10T21:12:44+00:00\",\"dateModified\":\"2023-06-10T22:32:08+00:00\",\"description\":\"\u25baDijo que seg\u00fan cifras del IMSS, de enero a mayo de 2023 se crearon 13 mil empleos formales en Hermosillo, la segunda mejor cifra para un periodo En Sonora en Equipo publicamos toda la informaci\u00f3n de Sonora, M\u00e9xico y el Mundo de manera oportuna y busca que la libertad de expresi\u00f3n sea real. Visita nuestro medio informativo publicado desde Hermosillo, Sonora. %\",\"breadcrumb\":{\"@id\":\"https:\/\/www.sonoraenequipo.com.mx\/estaca-tono-astiazaran-que-hermosillo-es-el-tercer-municipio-en-mexico-con-mas-generacion-de-empleos\/#breadcrumb\"},\"inLanguage\":\"es\",\"potentialAction\":[{\"@type\":\"ReadAction\",\"target\":[\"https:\/\/www.sonoraenequipo.com.mx\/estaca-tono-astiazaran-que-hermosillo-es-el-tercer-municipio-en-mexico-con-mas-generacion-de-empleos\/\"]}]},{\"@type\":\"ImageObject\",\"inLanguage\":\"es\",\"@id\":\"https:\/\/www.sonoraenequipo.com.mx\/estaca-tono-astiazaran-que-hermosillo-es-el-tercer-municipio-en-mexico-con-mas-generacion-de-empleos\/#primaryimage\",\"url\":\"https:\/\/www.sonoraenequipo.com.mx\/storage\/2023\/06\/tono.jpg\",\"contentUrl\":\"https:\/\/www.sonoraenequipo.com.mx\/storage\/2023\/06\/tono.jpg\",\"width\":600,\"height\":446},{\"@type\":\"BreadcrumbList\",\"@id\":\"https:\/\/www.sonoraenequipo.com.mx\/estaca-tono-astiazaran-que-hermosillo-es-el-tercer-municipio-en-mexico-con-mas-generacion-de-empleos\/#breadcrumb\",\"itemListElement\":[{\"@type\":\"ListItem\",\"position\":1,\"name\":\"Portada\",\"item\":\"https:\/\/www.sonoraenequipo.com.mx\/\"},{\"@type\":\"ListItem\",\"position\":2,\"name\":\"Destaca presidente municipal que Hermosillo es el tercer municipio en M\u00e9xico con m\u00e1s generaci\u00f3n de empleos\"}]},{\"@type\":\"WebSite\",\"@id\":\"https:\/\/www.sonoraenequipo.com.mx\/#website\",\"url\":\"https:\/\/www.sonoraenequipo.com.mx\/\",\"name\":\"Sonora en Equipo.\",\"description\":\"Diario en l\u00ednea con Noticias desde Hermosillo, Sonora\",\"publisher\":{\"@id\":\"https:\/\/www.sonoraenequipo.com.mx\/#organization\"},\"potentialAction\":[{\"@type\":\"SearchAction\",\"target\":{\"@type\":\"EntryPoint\",\"urlTemplate\":\"https:\/\/www.sonoraenequipo.com.mx\/?s={search_term_string}\"},\"query-input\":{\"@type\":\"PropertyValueSpecification\",\"valueRequired\":true,\"valueName\":\"search_term_string\"}}],\"inLanguage\":\"es\"},{\"@type\":\"Organization\",\"@id\":\"https:\/\/www.sonoraenequipo.com.mx\/#organization\",\"name\":\"Sonoraenequipo.com.mx\",\"url\":\"https:\/\/www.sonoraenequipo.com.mx\/\",\"logo\":{\"@type\":\"ImageObject\",\"inLanguage\":\"es\",\"@id\":\"https:\/\/www.sonoraenequipo.com.mx\/#\/schema\/logo\/image\/\",\"url\":\"https:\/\/www.sonoraenequipo.com.mx\/storage\/2019\/01\/sonoraenequipo_opt.png\",\"contentUrl\":\"https:\/\/www.sonoraenequipo.com.mx\/storage\/2019\/01\/sonoraenequipo_opt.png\",\"width\":375,\"height\":125,\"caption\":\"Sonoraenequipo.com.mx\"},\"image\":{\"@id\":\"https:\/\/www.sonoraenequipo.com.mx\/#\/schema\/logo\/image\/\"},\"sameAs\":[\"https:\/\/www.facebook.com\/SonoraEE\/\",\"https:\/\/x.com\/sonoraenequipo\",\"https:\/\/www.youtube.com\/channel\/UC338nW-lPEYmJQs4ZABQ1SQ\"]},{\"@type\":\"Person\",\"@id\":\"https:\/\/www.sonoraenequipo.com.mx\/#\/schema\/person\/50102df0fb23a8fa9e8effad8fa81386\",\"name\":\"enequipo\",\"image\":{\"@type\":\"ImageObject\",\"inLanguage\":\"es\",\"@id\":\"https:\/\/www.sonoraenequipo.com.mx\/#\/schema\/person\/image\/\",\"url\":\"https:\/\/secure.gravatar.com\/avatar\/049821681b589dabc0bc20695993ccebb09f5b5d4d790cd9251b97faac7c652b?s=96&d=blank&r=g\",\"contentUrl\":\"https:\/\/secure.gravatar.com\/avatar\/049821681b589dabc0bc20695993ccebb09f5b5d4d790cd9251b97faac7c652b?s=96&d=blank&r=g\",\"caption\":\"enequipo\"},\"sameAs\":[\"https:\/\/www.facebook.com\/SonoraEE\"]}]}<\/script>\n ","yoast_head_json":{"title":"Sonora en Equipo. Destaca presidente municipal que Hermosillo es el tercer municipio en M\u00e9xico con m\u00e1s generaci\u00f3n de empleos Municipios","description":"\u25baDijo que seg\u00fan cifras del IMSS, de enero a mayo de 2023 se crearon 13 mil empleos formales en Hermosillo, la segunda mejor cifra para un periodo En Sonora en Equipo publicamos toda la informaci\u00f3n de Sonora, M\u00e9xico y el Mundo de manera oportuna y busca que la libertad de expresi\u00f3n sea real. Visita nuestro medio informativo publicado desde Hermosillo, Sonora. %","robots":{"index":"index","follow":"follow","max-snippet":"max-snippet:-1","max-image-preview":"max-image-preview:large","max-video-preview":"max-video-preview:-1"},"canonical":"https:\/\/www.sonoraenequipo.com.mx\/estaca-tono-astiazaran-que-hermosillo-es-el-tercer-municipio-en-mexico-con-mas-generacion-de-empleos\/","og_locale":"es_ES","og_type":"article","og_title":"Sonora en Equipo. Destaca presidente municipal que Hermosillo es el tercer municipio en M\u00e9xico con m\u00e1s generaci\u00f3n de empleos Municipios","og_description":"\u25baDijo que seg\u00fan cifras del IMSS, de enero a mayo de 2023 se crearon 13 mil empleos formales en Hermosillo, la segunda mejor cifra para un periodo En Sonora en Equipo publicamos toda la informaci\u00f3n de Sonora, M\u00e9xico y el Mundo de manera oportuna y busca que la libertad de expresi\u00f3n sea real. Visita nuestro medio informativo publicado desde Hermosillo, Sonora. %","og_url":"https:\/\/www.sonoraenequipo.com.mx\/estaca-tono-astiazaran-que-hermosillo-es-el-tercer-municipio-en-mexico-con-mas-generacion-de-empleos\/","og_site_name":"Sonora en Equipo.","article_publisher":"https:\/\/www.facebook.com\/SonoraEE\/","article_author":"https:\/\/www.facebook.com\/SonoraEE","article_published_time":"2023-06-10T21:12:44+00:00","article_modified_time":"2023-06-10T22:32:08+00:00","og_image":[{"width":600,"height":446,"url":"https:\/\/www.sonoraenequipo.com.mx\/storage\/2023\/06\/tono.jpg","type":"image\/jpeg"}],"author":"enequipo","twitter_card":"summary_large_image","twitter_creator":"@sonoraenequipo","twitter_site":"@sonoraenequipo","twitter_misc":{"Escrito por":"enequipo","Tiempo de lectura":"1 minuto"},"schema":{"@context":"https:\/\/schema.org","@graph":[{"@type":"Article","@id":"https:\/\/www.sonoraenequipo.com.mx\/estaca-tono-astiazaran-que-hermosillo-es-el-tercer-municipio-en-mexico-con-mas-generacion-de-empleos\/#article","isPartOf":{"@id":"https:\/\/www.sonoraenequipo.com.mx\/estaca-tono-astiazaran-que-hermosillo-es-el-tercer-municipio-en-mexico-con-mas-generacion-de-empleos\/"},"author":{"name":"enequipo","@id":"https:\/\/www.sonoraenequipo.com.mx\/#\/schema\/person\/50102df0fb23a8fa9e8effad8fa81386"},"headline":"Destaca presidente municipal que Hermosillo es el tercer municipio en M\u00e9xico con m\u00e1s generaci\u00f3n de empleos","datePublished":"2023-06-10T21:12:44+00:00","dateModified":"2023-06-10T22:32:08+00:00","mainEntityOfPage":{"@id":"https:\/\/www.sonoraenequipo.com.mx\/estaca-tono-astiazaran-que-hermosillo-es-el-tercer-municipio-en-mexico-con-mas-generacion-de-empleos\/"},"wordCount":282,"commentCount":0,"publisher":{"@id":"https:\/\/www.sonoraenequipo.com.mx\/#organization"},"image":{"@id":"https:\/\/www.sonoraenequipo.com.mx\/estaca-tono-astiazaran-que-hermosillo-es-el-tercer-municipio-en-mexico-con-mas-generacion-de-empleos\/#primaryimage"},"thumbnailUrl":"https:\/\/www.sonoraenequipo.com.mx\/storage\/2023\/06\/tono.jpg","keywords":["econom\u00eda","hermosillo","mexico","Sonora"],"articleSection":["Municipios"],"inLanguage":"es","potentialAction":[{"@type":"CommentAction","name":"Comment","target":["https:\/\/www.sonoraenequipo.com.mx\/estaca-tono-astiazaran-que-hermosillo-es-el-tercer-municipio-en-mexico-con-mas-generacion-de-empleos\/#respond"]}]},{"@type":"WebPage","@id":"https:\/\/www.sonoraenequipo.com.mx\/estaca-tono-astiazaran-que-hermosillo-es-el-tercer-municipio-en-mexico-con-mas-generacion-de-empleos\/","url":"https:\/\/www.sonoraenequipo.com.mx\/estaca-tono-astiazaran-que-hermosillo-es-el-tercer-municipio-en-mexico-con-mas-generacion-de-empleos\/","name":"Sonora en Equipo. Destaca presidente municipal que Hermosillo es el tercer municipio en M\u00e9xico con m\u00e1s generaci\u00f3n de empleos Municipios","isPartOf":{"@id":"https:\/\/www.sonoraenequipo.com.mx\/#website"},"primaryImageOfPage":{"@id":"https:\/\/www.sonoraenequipo.com.mx\/estaca-tono-astiazaran-que-hermosillo-es-el-tercer-municipio-en-mexico-con-mas-generacion-de-empleos\/#primaryimage"},"image":{"@id":"https:\/\/www.sonoraenequipo.com.mx\/estaca-tono-astiazaran-que-hermosillo-es-el-tercer-municipio-en-mexico-con-mas-generacion-de-empleos\/#primaryimage"},"thumbnailUrl":"https:\/\/www.sonoraenequipo.com.mx\/storage\/2023\/06\/tono.jpg","datePublished":"2023-06-10T21:12:44+00:00","dateModified":"2023-06-10T22:32:08+00:00","description":"\u25baDijo que seg\u00fan cifras del IMSS, de enero a mayo de 2023 se crearon 13 mil empleos formales en Hermosillo, la segunda mejor cifra para un periodo En Sonora en Equipo publicamos toda la informaci\u00f3n de Sonora, M\u00e9xico y el Mundo de manera oportuna y busca que la libertad de expresi\u00f3n sea real. Visita nuestro medio informativo publicado desde Hermosillo, Sonora. %","breadcrumb":{"@id":"https:\/\/www.sonoraenequipo.com.mx\/estaca-tono-astiazaran-que-hermosillo-es-el-tercer-municipio-en-mexico-con-mas-generacion-de-empleos\/#breadcrumb"},"inLanguage":"es","potentialAction":[{"@type":"ReadAction","target":["https:\/\/www.sonoraenequipo.com.mx\/estaca-tono-astiazaran-que-hermosillo-es-el-tercer-municipio-en-mexico-con-mas-generacion-de-empleos\/"]}]},{"@type":"ImageObject","inLanguage":"es","@id":"https:\/\/www.sonoraenequipo.com.mx\/estaca-tono-astiazaran-que-hermosillo-es-el-tercer-municipio-en-mexico-con-mas-generacion-de-empleos\/#primaryimage","url":"https:\/\/www.sonoraenequipo.com.mx\/storage\/2023\/06\/tono.jpg","contentUrl":"https:\/\/www.sonoraenequipo.com.mx\/storage\/2023\/06\/tono.jpg","width":600,"height":446},{"@type":"BreadcrumbList","@id":"https:\/\/www.sonoraenequipo.com.mx\/estaca-tono-astiazaran-que-hermosillo-es-el-tercer-municipio-en-mexico-con-mas-generacion-de-empleos\/#breadcrumb","itemListElement":[{"@type":"ListItem","position":1,"name":"Portada","item":"https:\/\/www.sonoraenequipo.com.mx\/"},{"@type":"ListItem","position":2,"name":"Destaca presidente municipal que Hermosillo es el tercer municipio en M\u00e9xico con m\u00e1s generaci\u00f3n de empleos"}]},{"@type":"WebSite","@id":"https:\/\/www.sonoraenequipo.com.mx\/#website","url":"https:\/\/www.sonoraenequipo.com.mx\/","name":"Sonora en Equipo.","description":"Diario en l\u00ednea con Noticias desde Hermosillo, Sonora","publisher":{"@id":"https:\/\/www.sonoraenequipo.com.mx\/#organization"},"potentialAction":[{"@type":"SearchAction","target":{"@type":"EntryPoint","urlTemplate":"https:\/\/www.sonoraenequipo.com.mx\/?s={search_term_string}"},"query-input":{"@type":"PropertyValueSpecification","valueRequired":true,"valueName":"search_term_string"}}],"inLanguage":"es"},{"@type":"Organization","@id":"https:\/\/www.sonoraenequipo.com.mx\/#organization","name":"Sonoraenequipo.com.mx","url":"https:\/\/www.sonoraenequipo.com.mx\/","logo":{"@type":"ImageObject","inLanguage":"es","@id":"https:\/\/www.sonoraenequipo.com.mx\/#\/schema\/logo\/image\/","url":"https:\/\/www.sonoraenequipo.com.mx\/storage\/2019\/01\/sonoraenequipo_opt.png","contentUrl":"https:\/\/www.sonoraenequipo.com.mx\/storage\/2019\/01\/sonoraenequipo_opt.png","width":375,"height":125,"caption":"Sonoraenequipo.com.mx"},"image":{"@id":"https:\/\/www.sonoraenequipo.com.mx\/#\/schema\/logo\/image\/"},"sameAs":["https:\/\/www.facebook.com\/SonoraEE\/","https:\/\/x.com\/sonoraenequipo","https:\/\/www.youtube.com\/channel\/UC338nW-lPEYmJQs4ZABQ1SQ"]},{"@type":"Person","@id":"https:\/\/www.sonoraenequipo.com.mx\/#\/schema\/person\/50102df0fb23a8fa9e8effad8fa81386","name":"enequipo","image":{"@type":"ImageObject","inLanguage":"es","@id":"https:\/\/www.sonoraenequipo.com.mx\/#\/schema\/person\/image\/","url":"https:\/\/secure.gravatar.com\/avatar\/049821681b589dabc0bc20695993ccebb09f5b5d4d790cd9251b97faac7c652b?s=96&d=blank&r=g","contentUrl":"https:\/\/secure.gravatar.com\/avatar\/049821681b589dabc0bc20695993ccebb09f5b5d4d790cd9251b97faac7c652b?s=96&d=blank&r=g","caption":"enequipo"},"sameAs":["https:\/\/www.facebook.com\/SonoraEE"]}]}},"jetpack_featured_media_url":"https:\/\/www.sonoraenequipo.com.mx\/storage\/2023\/06\/tono.jpg","_links":{"self":[{"href":"https:\/\/www.sonoraenequipo.com.mx\/api\/wp\/v2\/posts\/167748","targetHints":{"allow":["GET"]}}],"collection":[{"href":"https:\/\/www.sonoraenequipo.com.mx\/api\/wp\/v2\/posts"}],"about":[{"href":"https:\/\/www.sonoraenequipo.com.mx\/api\/wp\/v2\/types\/post"}],"author":[{"embeddable":true,"href":"https:\/\/www.sonoraenequipo.com.mx\/api\/wp\/v2\/users\/1"}],"replies":[{"embeddable":true,"href":"https:\/\/www.sonoraenequipo.com.mx\/api\/wp\/v2\/comments?post=167748"}],"version-history":[{"count":2,"href":"https:\/\/www.sonoraenequipo.com.mx\/api\/wp\/v2\/posts\/167748\/revisions"}],"predecessor-version":[{"id":167752,"href":"https:\/\/www.sonoraenequipo.com.mx\/api\/wp\/v2\/posts\/167748\/revisions\/167752"}],"wp:featuredmedia":[{"embeddable":true,"href":"https:\/\/www.sonoraenequipo.com.mx\/api\/wp\/v2\/media\/167502"}],"wp:attachment":[{"href":"https:\/\/www.sonoraenequipo.com.mx\/api\/wp\/v2\/media?parent=167748"}],"wp:term":[{"taxonomy":"category","embeddable":true,"href":"https:\/\/www.sonoraenequipo.com.mx\/api\/wp\/v2\/categories?post=167748"},{"taxonomy":"post_tag","embeddable":true,"href":"https:\/\/www.sonoraenequipo.com.mx\/api\/wp\/v2\/tags?post=167748"}],"curies":[{"name":"wp","href":"https:\/\/api.w.org\/{rel}","templated":true}]}}