{"id":167767,"date":"2023-06-10T15:10:08","date_gmt":"2023-06-10T22:10:08","guid":{"rendered":"https:\/\/www.sonoraenequipo.com.mx\/?p=167767"},"modified":"2023-06-10T18:21:57","modified_gmt":"2023-06-11T01:21:57","slug":"analizan-autoridades-y-directivos-de-educacion-media-superior-implementacion-del-nuevo-marco-curricular-comun","status":"publish","type":"post","link":"https:\/\/www.sonoraenequipo.com.mx\/analizan-autoridades-y-directivos-de-educacion-media-superior-implementacion-del-nuevo-marco-curricular-comun\/","title":{"rendered":"Analizan autoridades y directivos de educaci\u00f3n media superior implementaci\u00f3n del nuevo Marco Curricular Com\u00fan"},"content":{"rendered":"<p><b>HERMOSILLO, SONORA. MX. \u2014 <\/b>Con la participaci\u00f3n de m\u00e1s de 180 directivos de planteles p\u00fablicos y privados, de los distintos subsistemas de educaci\u00f3n media superior que operan en la entidad, se realiz\u00f3 un foro de an\u00e1lisis sobre la implementaci\u00f3n del nuevo Marco Curricular Com\u00fan que entrar\u00e1 en vigor el ciclo escolar 2023-2024.<\/p>\n<p>&nbsp;<\/p>\n<p> <\/p>\n<p>&nbsp;<\/p>\n<p>Acompa\u00f1ado de Nora Ruvalcaba G\u00e1mez, subsecretaria de Educaci\u00f3n Media Superior de la Secretar\u00eda de Educaci\u00f3n P\u00fablica (SEP), Aar\u00f3n Grageda Bustamante, titular de la Secretar\u00eda de Educaci\u00f3n y Cultura (SEC) destac\u00f3 la importancia de mantener un di\u00e1logo permanente para profundizar en los retos y beneficios de la Nueva Escuela Mexicana (NEM).<\/p>\n<p>&nbsp;<\/p>\n<p><img loading=\"lazy\" decoding=\"async\" class=\"size-medium  x-left\" src=\"https:\/\/www.sonoraenequipo.com.mx\/storage\/2023\/06\/0623060-min-2-548x365.jpeg\" alt=\"\" width=\"548\" height=\"365\" \/><strong>Grageda Bustamante<\/strong> mencion\u00f3 que existen desaf\u00edos comunes para el sector educativo estatal y nacional, como el apoyo socioemocional del alumnado tras el per\u00edodo de confinamiento, la proliferaci\u00f3n de las adicciones y la puesta en pr\u00e1ctica de nuevos lineamientos acad\u00e9micos y operativos.<\/p>\n<p>&nbsp;<\/p>\n<p>Por su parte, la funcionaria federal hizo un llamado a mantener el di\u00e1logo permanente entre autoridades de todos los niveles y estructura educativa, para trabajar en equipo con el prop\u00f3sito de formar una generaci\u00f3n de alumnos que aprenda en cualquier \u00e1mbito en el que se encuentre.<\/p>\n<p>&nbsp;<\/p>\n<p>\u201cTenemos dentro de nuestras aulas, j\u00f3venes y adolescentes a los que tenemos que preparar para el futuro. Estamos brindando una educaci\u00f3n que tiene que ver con los reclamos no solamente de la regi\u00f3n, no solo de Sonora, no solo del pa\u00eds sino a nivel internacional\u201d, puntualiz\u00f3.<\/p>\n<p>&nbsp;<\/p>\n<p>PUBLICADO EL 10 DE JUNIO DE 2023\/ Con informaci\u00f3n de GOBSON 0623-060)<\/p>\n","protected":false},"excerpt":{"rendered":"<p>HERMOSILLO, SONORA. MX. \u2014 Con la participaci\u00f3n de m\u00e1s de 180 directivos de planteles p\u00fablicos&#8230;<\/p>\n","protected":false},"author":1,"featured_media":167771,"comment_status":"open","ping_status":"open","sticky":false,"template":"","format":"standard","meta":{"_monsterinsights_skip_tracking":false,"_monsterinsights_sitenote_active":false,"_monsterinsights_sitenote_note":"","_monsterinsights_sitenote_category":0,"footnotes":""},"categories":[22],"tags":[],"class_list":["post"],"yoast_head":" \n<title>Sonora en Equipo. Analizan autoridades y directivos de educaci\u00f3n media superior implementaci\u00f3n del nuevo Marco Curricular Com\u00fan Sonora<\/title>\n<meta name=\"description\" content=\"HERMOSILLO, SONORA. MX. \u2014 Con la participaci\u00f3n de m\u00e1s de 180 directivos de planteles p\u00fablicos y privados, de los distintos subsistemas de educaci\u00f3n media En Sonora en Equipo publicamos toda la informaci\u00f3n de Sonora, M\u00e9xico y el Mundo de manera oportuna y busca que la libertad de expresi\u00f3n sea real. Visita nuestro medio informativo publicado desde Hermosillo, Sonora. %\" \/>\n<meta name=\"robots\" content=\"index, follow, max-snippet:-1, max-image-preview:large, max-video-preview:-1\" \/>\n<link rel=\"canonical\" href=\"https:\/\/www.sonoraenequipo.com.mx\/analizan-autoridades-y-directivos-de-educacion-media-superior-implementacion-del-nuevo-marco-curricular-comun\/\" \/>\n<meta property=\"og:locale\" content=\"es_ES\" \/>\n<meta property=\"og:type\" content=\"article\" \/>\n<meta property=\"og:title\" content=\"Sonora en Equipo. Analizan autoridades y directivos de educaci\u00f3n media superior implementaci\u00f3n del nuevo Marco Curricular Com\u00fan Sonora\" \/>\n<meta property=\"og:description\" content=\"HERMOSILLO, SONORA. MX. \u2014 Con la participaci\u00f3n de m\u00e1s de 180 directivos de planteles p\u00fablicos y privados, de los distintos subsistemas de educaci\u00f3n media En Sonora en Equipo publicamos toda la informaci\u00f3n de Sonora, M\u00e9xico y el Mundo de manera oportuna y busca que la libertad de expresi\u00f3n sea real. Visita nuestro medio informativo publicado desde Hermosillo, Sonora. %\" \/>\n<meta property=\"og:url\" content=\"https:\/\/www.sonoraenequipo.com.mx\/analizan-autoridades-y-directivos-de-educacion-media-superior-implementacion-del-nuevo-marco-curricular-comun\/\" \/>\n<meta property=\"og:site_name\" content=\"Sonora en Equipo.\" \/>\n<meta property=\"article:publisher\" content=\"https:\/\/www.facebook.com\/SonoraEE\/\" \/>\n<meta property=\"article:author\" content=\"https:\/\/www.facebook.com\/SonoraEE\" \/>\n<meta property=\"article:published_time\" content=\"2023-06-10T22:10:08+00:00\" \/>\n<meta property=\"article:modified_time\" content=\"2023-06-11T01:21:57+00:00\" \/>\n<meta property=\"og:image\" content=\"https:\/\/www.sonoraenequipo.com.mx\/storage\/2023\/06\/0623060b-min.jpeg\" \/>\n\t<meta property=\"og:image:width\" content=\"1024\" \/>\n\t<meta property=\"og:image:height\" content=\"683\" \/>\n\t<meta property=\"og:image:type\" content=\"image\/jpeg\" \/>\n<meta name=\"author\" content=\"enequipo\" \/>\n<meta name=\"twitter:card\" content=\"summary_large_image\" \/>\n<meta name=\"twitter:creator\" content=\"@sonoraenequipo\" \/>\n<meta name=\"twitter:site\" content=\"@sonoraenequipo\" \/>\n<meta name=\"twitter:label1\" content=\"Escrito por\" \/>\n\t<meta name=\"twitter:data1\" content=\"enequipo\" \/>\n\t<meta name=\"twitter:label2\" content=\"Tiempo de lectura\" \/>\n\t<meta name=\"twitter:data2\" content=\"1 minuto\" \/>\n<script type=\"application\/ld+json\" class=\"yoast-schema-graph\">{\"@context\":\"https:\/\/schema.org\",\"@graph\":[{\"@type\":\"Article\",\"@id\":\"https:\/\/www.sonoraenequipo.com.mx\/analizan-autoridades-y-directivos-de-educacion-media-superior-implementacion-del-nuevo-marco-curricular-comun\/#article\",\"isPartOf\":{\"@id\":\"https:\/\/www.sonoraenequipo.com.mx\/analizan-autoridades-y-directivos-de-educacion-media-superior-implementacion-del-nuevo-marco-curricular-comun\/\"},\"author\":{\"name\":\"enequipo\",\"@id\":\"https:\/\/www.sonoraenequipo.com.mx\/#\/schema\/person\/50102df0fb23a8fa9e8effad8fa81386\"},\"headline\":\"Analizan autoridades y directivos de educaci\u00f3n media superior implementaci\u00f3n del nuevo Marco Curricular Com\u00fan\",\"datePublished\":\"2023-06-10T22:10:08+00:00\",\"dateModified\":\"2023-06-11T01:21:57+00:00\",\"mainEntityOfPage\":{\"@id\":\"https:\/\/www.sonoraenequipo.com.mx\/analizan-autoridades-y-directivos-de-educacion-media-superior-implementacion-del-nuevo-marco-curricular-comun\/\"},\"wordCount\":296,\"commentCount\":0,\"publisher\":{\"@id\":\"https:\/\/www.sonoraenequipo.com.mx\/#organization\"},\"image\":{\"@id\":\"https:\/\/www.sonoraenequipo.com.mx\/analizan-autoridades-y-directivos-de-educacion-media-superior-implementacion-del-nuevo-marco-curricular-comun\/#primaryimage\"},\"thumbnailUrl\":\"https:\/\/www.sonoraenequipo.com.mx\/storage\/2023\/06\/0623060b-min.jpeg\",\"articleSection\":[\"Sonora\"],\"inLanguage\":\"es\",\"potentialAction\":[{\"@type\":\"CommentAction\",\"name\":\"Comment\",\"target\":[\"https:\/\/www.sonoraenequipo.com.mx\/analizan-autoridades-y-directivos-de-educacion-media-superior-implementacion-del-nuevo-marco-curricular-comun\/#respond\"]}]},{\"@type\":\"WebPage\",\"@id\":\"https:\/\/www.sonoraenequipo.com.mx\/analizan-autoridades-y-directivos-de-educacion-media-superior-implementacion-del-nuevo-marco-curricular-comun\/\",\"url\":\"https:\/\/www.sonoraenequipo.com.mx\/analizan-autoridades-y-directivos-de-educacion-media-superior-implementacion-del-nuevo-marco-curricular-comun\/\",\"name\":\"Sonora en Equipo. Analizan autoridades y directivos de educaci\u00f3n media superior implementaci\u00f3n del nuevo Marco Curricular Com\u00fan Sonora\",\"isPartOf\":{\"@id\":\"https:\/\/www.sonoraenequipo.com.mx\/#website\"},\"primaryImageOfPage\":{\"@id\":\"https:\/\/www.sonoraenequipo.com.mx\/analizan-autoridades-y-directivos-de-educacion-media-superior-implementacion-del-nuevo-marco-curricular-comun\/#primaryimage\"},\"image\":{\"@id\":\"https:\/\/www.sonoraenequipo.com.mx\/analizan-autoridades-y-directivos-de-educacion-media-superior-implementacion-del-nuevo-marco-curricular-comun\/#primaryimage\"},\"thumbnailUrl\":\"https:\/\/www.sonoraenequipo.com.mx\/storage\/2023\/06\/0623060b-min.jpeg\",\"datePublished\":\"2023-06-10T22:10:08+00:00\",\"dateModified\":\"2023-06-11T01:21:57+00:00\",\"description\":\"HERMOSILLO, SONORA. MX. \u2014 Con la participaci\u00f3n de m\u00e1s de 180 directivos de planteles p\u00fablicos y privados, de los distintos subsistemas de educaci\u00f3n media En Sonora en Equipo publicamos toda la informaci\u00f3n de Sonora, M\u00e9xico y el Mundo de manera oportuna y busca que la libertad de expresi\u00f3n sea real. Visita nuestro medio informativo publicado desde Hermosillo, Sonora. %\",\"breadcrumb\":{\"@id\":\"https:\/\/www.sonoraenequipo.com.mx\/analizan-autoridades-y-directivos-de-educacion-media-superior-implementacion-del-nuevo-marco-curricular-comun\/#breadcrumb\"},\"inLanguage\":\"es\",\"potentialAction\":[{\"@type\":\"ReadAction\",\"target\":[\"https:\/\/www.sonoraenequipo.com.mx\/analizan-autoridades-y-directivos-de-educacion-media-superior-implementacion-del-nuevo-marco-curricular-comun\/\"]}]},{\"@type\":\"ImageObject\",\"inLanguage\":\"es\",\"@id\":\"https:\/\/www.sonoraenequipo.com.mx\/analizan-autoridades-y-directivos-de-educacion-media-superior-implementacion-del-nuevo-marco-curricular-comun\/#primaryimage\",\"url\":\"https:\/\/www.sonoraenequipo.com.mx\/storage\/2023\/06\/0623060b-min.jpeg\",\"contentUrl\":\"https:\/\/www.sonoraenequipo.com.mx\/storage\/2023\/06\/0623060b-min.jpeg\",\"width\":1024,\"height\":683},{\"@type\":\"BreadcrumbList\",\"@id\":\"https:\/\/www.sonoraenequipo.com.mx\/analizan-autoridades-y-directivos-de-educacion-media-superior-implementacion-del-nuevo-marco-curricular-comun\/#breadcrumb\",\"itemListElement\":[{\"@type\":\"ListItem\",\"position\":1,\"name\":\"Portada\",\"item\":\"https:\/\/www.sonoraenequipo.com.mx\/\"},{\"@type\":\"ListItem\",\"position\":2,\"name\":\"Analizan autoridades y directivos de educaci\u00f3n media superior implementaci\u00f3n del nuevo Marco Curricular Com\u00fan\"}]},{\"@type\":\"WebSite\",\"@id\":\"https:\/\/www.sonoraenequipo.com.mx\/#website\",\"url\":\"https:\/\/www.sonoraenequipo.com.mx\/\",\"name\":\"Sonora en Equipo.\",\"description\":\"Diario en l\u00ednea con Noticias desde Hermosillo, Sonora\",\"publisher\":{\"@id\":\"https:\/\/www.sonoraenequipo.com.mx\/#organization\"},\"potentialAction\":[{\"@type\":\"SearchAction\",\"target\":{\"@type\":\"EntryPoint\",\"urlTemplate\":\"https:\/\/www.sonoraenequipo.com.mx\/?s={search_term_string}\"},\"query-input\":{\"@type\":\"PropertyValueSpecification\",\"valueRequired\":true,\"valueName\":\"search_term_string\"}}],\"inLanguage\":\"es\"},{\"@type\":\"Organization\",\"@id\":\"https:\/\/www.sonoraenequipo.com.mx\/#organization\",\"name\":\"Sonoraenequipo.com.mx\",\"url\":\"https:\/\/www.sonoraenequipo.com.mx\/\",\"logo\":{\"@type\":\"ImageObject\",\"inLanguage\":\"es\",\"@id\":\"https:\/\/www.sonoraenequipo.com.mx\/#\/schema\/logo\/image\/\",\"url\":\"https:\/\/www.sonoraenequipo.com.mx\/storage\/2019\/01\/sonoraenequipo_opt.png\",\"contentUrl\":\"https:\/\/www.sonoraenequipo.com.mx\/storage\/2019\/01\/sonoraenequipo_opt.png\",\"width\":375,\"height\":125,\"caption\":\"Sonoraenequipo.com.mx\"},\"image\":{\"@id\":\"https:\/\/www.sonoraenequipo.com.mx\/#\/schema\/logo\/image\/\"},\"sameAs\":[\"https:\/\/www.facebook.com\/SonoraEE\/\",\"https:\/\/x.com\/sonoraenequipo\",\"https:\/\/www.youtube.com\/channel\/UC338nW-lPEYmJQs4ZABQ1SQ\"]},{\"@type\":\"Person\",\"@id\":\"https:\/\/www.sonoraenequipo.com.mx\/#\/schema\/person\/50102df0fb23a8fa9e8effad8fa81386\",\"name\":\"enequipo\",\"image\":{\"@type\":\"ImageObject\",\"inLanguage\":\"es\",\"@id\":\"https:\/\/www.sonoraenequipo.com.mx\/#\/schema\/person\/image\/\",\"url\":\"https:\/\/secure.gravatar.com\/avatar\/049821681b589dabc0bc20695993ccebb09f5b5d4d790cd9251b97faac7c652b?s=96&d=blank&r=g\",\"contentUrl\":\"https:\/\/secure.gravatar.com\/avatar\/049821681b589dabc0bc20695993ccebb09f5b5d4d790cd9251b97faac7c652b?s=96&d=blank&r=g\",\"caption\":\"enequipo\"},\"sameAs\":[\"https:\/\/www.facebook.com\/SonoraEE\"]}]}<\/script>\n ","yoast_head_json":{"title":"Sonora en Equipo. Analizan autoridades y directivos de educaci\u00f3n media superior implementaci\u00f3n del nuevo Marco Curricular Com\u00fan Sonora","description":"HERMOSILLO, SONORA. MX. \u2014 Con la participaci\u00f3n de m\u00e1s de 180 directivos de planteles p\u00fablicos y privados, de los distintos subsistemas de educaci\u00f3n media En Sonora en Equipo publicamos toda la informaci\u00f3n de Sonora, M\u00e9xico y el Mundo de manera oportuna y busca que la libertad de expresi\u00f3n sea real. Visita nuestro medio informativo publicado desde Hermosillo, Sonora. %","robots":{"index":"index","follow":"follow","max-snippet":"max-snippet:-1","max-image-preview":"max-image-preview:large","max-video-preview":"max-video-preview:-1"},"canonical":"https:\/\/www.sonoraenequipo.com.mx\/analizan-autoridades-y-directivos-de-educacion-media-superior-implementacion-del-nuevo-marco-curricular-comun\/","og_locale":"es_ES","og_type":"article","og_title":"Sonora en Equipo. Analizan autoridades y directivos de educaci\u00f3n media superior implementaci\u00f3n del nuevo Marco Curricular Com\u00fan Sonora","og_description":"HERMOSILLO, SONORA. MX. \u2014 Con la participaci\u00f3n de m\u00e1s de 180 directivos de planteles p\u00fablicos y privados, de los distintos subsistemas de educaci\u00f3n media En Sonora en Equipo publicamos toda la informaci\u00f3n de Sonora, M\u00e9xico y el Mundo de manera oportuna y busca que la libertad de expresi\u00f3n sea real. Visita nuestro medio informativo publicado desde Hermosillo, Sonora. %","og_url":"https:\/\/www.sonoraenequipo.com.mx\/analizan-autoridades-y-directivos-de-educacion-media-superior-implementacion-del-nuevo-marco-curricular-comun\/","og_site_name":"Sonora en Equipo.","article_publisher":"https:\/\/www.facebook.com\/SonoraEE\/","article_author":"https:\/\/www.facebook.com\/SonoraEE","article_published_time":"2023-06-10T22:10:08+00:00","article_modified_time":"2023-06-11T01:21:57+00:00","og_image":[{"width":1024,"height":683,"url":"https:\/\/www.sonoraenequipo.com.mx\/storage\/2023\/06\/0623060b-min.jpeg","type":"image\/jpeg"}],"author":"enequipo","twitter_card":"summary_large_image","twitter_creator":"@sonoraenequipo","twitter_site":"@sonoraenequipo","twitter_misc":{"Escrito por":"enequipo","Tiempo de lectura":"1 minuto"},"schema":{"@context":"https:\/\/schema.org","@graph":[{"@type":"Article","@id":"https:\/\/www.sonoraenequipo.com.mx\/analizan-autoridades-y-directivos-de-educacion-media-superior-implementacion-del-nuevo-marco-curricular-comun\/#article","isPartOf":{"@id":"https:\/\/www.sonoraenequipo.com.mx\/analizan-autoridades-y-directivos-de-educacion-media-superior-implementacion-del-nuevo-marco-curricular-comun\/"},"author":{"name":"enequipo","@id":"https:\/\/www.sonoraenequipo.com.mx\/#\/schema\/person\/50102df0fb23a8fa9e8effad8fa81386"},"headline":"Analizan autoridades y directivos de educaci\u00f3n media superior implementaci\u00f3n del nuevo Marco Curricular Com\u00fan","datePublished":"2023-06-10T22:10:08+00:00","dateModified":"2023-06-11T01:21:57+00:00","mainEntityOfPage":{"@id":"https:\/\/www.sonoraenequipo.com.mx\/analizan-autoridades-y-directivos-de-educacion-media-superior-implementacion-del-nuevo-marco-curricular-comun\/"},"wordCount":296,"commentCount":0,"publisher":{"@id":"https:\/\/www.sonoraenequipo.com.mx\/#organization"},"image":{"@id":"https:\/\/www.sonoraenequipo.com.mx\/analizan-autoridades-y-directivos-de-educacion-media-superior-implementacion-del-nuevo-marco-curricular-comun\/#primaryimage"},"thumbnailUrl":"https:\/\/www.sonoraenequipo.com.mx\/storage\/2023\/06\/0623060b-min.jpeg","articleSection":["Sonora"],"inLanguage":"es","potentialAction":[{"@type":"CommentAction","name":"Comment","target":["https:\/\/www.sonoraenequipo.com.mx\/analizan-autoridades-y-directivos-de-educacion-media-superior-implementacion-del-nuevo-marco-curricular-comun\/#respond"]}]},{"@type":"WebPage","@id":"https:\/\/www.sonoraenequipo.com.mx\/analizan-autoridades-y-directivos-de-educacion-media-superior-implementacion-del-nuevo-marco-curricular-comun\/","url":"https:\/\/www.sonoraenequipo.com.mx\/analizan-autoridades-y-directivos-de-educacion-media-superior-implementacion-del-nuevo-marco-curricular-comun\/","name":"Sonora en Equipo. Analizan autoridades y directivos de educaci\u00f3n media superior implementaci\u00f3n del nuevo Marco Curricular Com\u00fan Sonora","isPartOf":{"@id":"https:\/\/www.sonoraenequipo.com.mx\/#website"},"primaryImageOfPage":{"@id":"https:\/\/www.sonoraenequipo.com.mx\/analizan-autoridades-y-directivos-de-educacion-media-superior-implementacion-del-nuevo-marco-curricular-comun\/#primaryimage"},"image":{"@id":"https:\/\/www.sonoraenequipo.com.mx\/analizan-autoridades-y-directivos-de-educacion-media-superior-implementacion-del-nuevo-marco-curricular-comun\/#primaryimage"},"thumbnailUrl":"https:\/\/www.sonoraenequipo.com.mx\/storage\/2023\/06\/0623060b-min.jpeg","datePublished":"2023-06-10T22:10:08+00:00","dateModified":"2023-06-11T01:21:57+00:00","description":"HERMOSILLO, SONORA. MX. \u2014 Con la participaci\u00f3n de m\u00e1s de 180 directivos de planteles p\u00fablicos y privados, de los distintos subsistemas de educaci\u00f3n media En Sonora en Equipo publicamos toda la informaci\u00f3n de Sonora, M\u00e9xico y el Mundo de manera oportuna y busca que la libertad de expresi\u00f3n sea real. Visita nuestro medio informativo publicado desde Hermosillo, Sonora. %","breadcrumb":{"@id":"https:\/\/www.sonoraenequipo.com.mx\/analizan-autoridades-y-directivos-de-educacion-media-superior-implementacion-del-nuevo-marco-curricular-comun\/#breadcrumb"},"inLanguage":"es","potentialAction":[{"@type":"ReadAction","target":["https:\/\/www.sonoraenequipo.com.mx\/analizan-autoridades-y-directivos-de-educacion-media-superior-implementacion-del-nuevo-marco-curricular-comun\/"]}]},{"@type":"ImageObject","inLanguage":"es","@id":"https:\/\/www.sonoraenequipo.com.mx\/analizan-autoridades-y-directivos-de-educacion-media-superior-implementacion-del-nuevo-marco-curricular-comun\/#primaryimage","url":"https:\/\/www.sonoraenequipo.com.mx\/storage\/2023\/06\/0623060b-min.jpeg","contentUrl":"https:\/\/www.sonoraenequipo.com.mx\/storage\/2023\/06\/0623060b-min.jpeg","width":1024,"height":683},{"@type":"BreadcrumbList","@id":"https:\/\/www.sonoraenequipo.com.mx\/analizan-autoridades-y-directivos-de-educacion-media-superior-implementacion-del-nuevo-marco-curricular-comun\/#breadcrumb","itemListElement":[{"@type":"ListItem","position":1,"name":"Portada","item":"https:\/\/www.sonoraenequipo.com.mx\/"},{"@type":"ListItem","position":2,"name":"Analizan autoridades y directivos de educaci\u00f3n media superior implementaci\u00f3n del nuevo Marco Curricular Com\u00fan"}]},{"@type":"WebSite","@id":"https:\/\/www.sonoraenequipo.com.mx\/#website","url":"https:\/\/www.sonoraenequipo.com.mx\/","name":"Sonora en Equipo.","description":"Diario en l\u00ednea con Noticias desde Hermosillo, Sonora","publisher":{"@id":"https:\/\/www.sonoraenequipo.com.mx\/#organization"},"potentialAction":[{"@type":"SearchAction","target":{"@type":"EntryPoint","urlTemplate":"https:\/\/www.sonoraenequipo.com.mx\/?s={search_term_string}"},"query-input":{"@type":"PropertyValueSpecification","valueRequired":true,"valueName":"search_term_string"}}],"inLanguage":"es"},{"@type":"Organization","@id":"https:\/\/www.sonoraenequipo.com.mx\/#organization","name":"Sonoraenequipo.com.mx","url":"https:\/\/www.sonoraenequipo.com.mx\/","logo":{"@type":"ImageObject","inLanguage":"es","@id":"https:\/\/www.sonoraenequipo.com.mx\/#\/schema\/logo\/image\/","url":"https:\/\/www.sonoraenequipo.com.mx\/storage\/2019\/01\/sonoraenequipo_opt.png","contentUrl":"https:\/\/www.sonoraenequipo.com.mx\/storage\/2019\/01\/sonoraenequipo_opt.png","width":375,"height":125,"caption":"Sonoraenequipo.com.mx"},"image":{"@id":"https:\/\/www.sonoraenequipo.com.mx\/#\/schema\/logo\/image\/"},"sameAs":["https:\/\/www.facebook.com\/SonoraEE\/","https:\/\/x.com\/sonoraenequipo","https:\/\/www.youtube.com\/channel\/UC338nW-lPEYmJQs4ZABQ1SQ"]},{"@type":"Person","@id":"https:\/\/www.sonoraenequipo.com.mx\/#\/schema\/person\/50102df0fb23a8fa9e8effad8fa81386","name":"enequipo","image":{"@type":"ImageObject","inLanguage":"es","@id":"https:\/\/www.sonoraenequipo.com.mx\/#\/schema\/person\/image\/","url":"https:\/\/secure.gravatar.com\/avatar\/049821681b589dabc0bc20695993ccebb09f5b5d4d790cd9251b97faac7c652b?s=96&d=blank&r=g","contentUrl":"https:\/\/secure.gravatar.com\/avatar\/049821681b589dabc0bc20695993ccebb09f5b5d4d790cd9251b97faac7c652b?s=96&d=blank&r=g","caption":"enequipo"},"sameAs":["https:\/\/www.facebook.com\/SonoraEE"]}]}},"jetpack_featured_media_url":"https:\/\/www.sonoraenequipo.com.mx\/storage\/2023\/06\/0623060b-min.jpeg","_links":{"self":[{"href":"https:\/\/www.sonoraenequipo.com.mx\/api\/wp\/v2\/posts\/167767","targetHints":{"allow":["GET"]}}],"collection":[{"href":"https:\/\/www.sonoraenequipo.com.mx\/api\/wp\/v2\/posts"}],"about":[{"href":"https:\/\/www.sonoraenequipo.com.mx\/api\/wp\/v2\/types\/post"}],"author":[{"embeddable":true,"href":"https:\/\/www.sonoraenequipo.com.mx\/api\/wp\/v2\/users\/1"}],"replies":[{"embeddable":true,"href":"https:\/\/www.sonoraenequipo.com.mx\/api\/wp\/v2\/comments?post=167767"}],"version-history":[{"count":1,"href":"https:\/\/www.sonoraenequipo.com.mx\/api\/wp\/v2\/posts\/167767\/revisions"}],"predecessor-version":[{"id":167774,"href":"https:\/\/www.sonoraenequipo.com.mx\/api\/wp\/v2\/posts\/167767\/revisions\/167774"}],"wp:featuredmedia":[{"embeddable":true,"href":"https:\/\/www.sonoraenequipo.com.mx\/api\/wp\/v2\/media\/167771"}],"wp:attachment":[{"href":"https:\/\/www.sonoraenequipo.com.mx\/api\/wp\/v2\/media?parent=167767"}],"wp:term":[{"taxonomy":"category","embeddable":true,"href":"https:\/\/www.sonoraenequipo.com.mx\/api\/wp\/v2\/categories?post=167767"},{"taxonomy":"post_tag","embeddable":true,"href":"https:\/\/www.sonoraenequipo.com.mx\/api\/wp\/v2\/tags?post=167767"}],"curies":[{"name":"wp","href":"https:\/\/api.w.org\/{rel}","templated":true}]}}