{"id":169056,"date":"2023-06-27T11:23:18","date_gmt":"2023-06-27T18:23:18","guid":{"rendered":"https:\/\/www.sonoraenequipo.com.mx\/?p=169056"},"modified":"2023-06-27T11:23:18","modified_gmt":"2023-06-27T18:23:18","slug":"fomenta-utguaymas-participacion-de-jovenes-en-actividades-culturales-sociales-y-deportivas","status":"publish","type":"post","link":"https:\/\/www.sonoraenequipo.com.mx\/fomenta-utguaymas-participacion-de-jovenes-en-actividades-culturales-sociales-y-deportivas\/","title":{"rendered":"Fomenta UTGuaymas participaci\u00f3n de j\u00f3venes en actividades culturales, sociales y deportivas"},"content":{"rendered":"<p>&nbsp;<\/p>\n<p><strong>GUAYMAS, SONORA,MX.<\/strong><strong>\u2500\u2500<\/strong> \u00a0Adem\u00e1s de ofrecer programas educativos acorde a la vocaci\u00f3n econ\u00f3mica de la regi\u00f3n donde se ubica, la Universidad Tecnol\u00f3gica de Guaymas (UTG) promueve la participaci\u00f3n del alumnado en actividades culturales, sociales y deportivas para garantizar una formaci\u00f3n integral.<\/p>\n<p>&nbsp;<\/p>\n<p>&nbsp;<\/p>\n<p>&nbsp;<\/p>\n<p>Javier Carrizales Salazar, rector de la UTG, resalt\u00f3 la importancia de que los j\u00f3venes universitarios adquieran nuevas experiencias en su proceso educativo, que aporten elementos valiosos a su crecimiento personal y desarrollo profesional.<\/p>\n<p>&nbsp;<\/p>\n<p>&nbsp;<\/p>\n<p>&nbsp;<\/p>\n<p>A\u00f1adi\u00f3 que derivado de la conmemoraci\u00f3n del D\u00eda del T\u00e9cnico Superior Universitario (TSU), que se celebra cada 19 de junio, se convoc\u00f3 a la comunidad universitaria para formar parte de una serie de actividades enfocadas a la recreaci\u00f3n y formaci\u00f3n acad\u00e9mica.<\/p>\n<p>&nbsp;<\/p>\n<p>&nbsp;<\/p>\n<p>&nbsp;<\/p>\n<p>De esta manera, dijo, el pasado viernes 23 culmin\u00f3 una semana de convivencia art\u00edstica, cultural, deportiva y acad\u00e9mica que incluy\u00f3 la realizaci\u00f3n de conferencias impartidas por deportistas de la localidad, conversatorios, concurso de talentos y concierto de m\u00fasica cl\u00e1sica, entre otros eventos.<\/p>\n<p><strong><em><u>Fecha de publicaci\u00f3n\u00a0 martes 27 de junio de 2023<\/u><\/em><\/strong><\/p>\n<p>&nbsp;<\/p>\n","protected":false},"excerpt":{"rendered":"<p>&nbsp; GUAYMAS, SONORA,MX.\u2500\u2500 \u00a0Adem\u00e1s de ofrecer programas educativos acorde a la vocaci\u00f3n econ\u00f3mica de la&#8230;<\/p>\n","protected":false},"author":1,"featured_media":169058,"comment_status":"open","ping_status":"open","sticky":false,"template":"","format":"standard","meta":{"_monsterinsights_skip_tracking":false,"_monsterinsights_sitenote_active":false,"_monsterinsights_sitenote_note":"","_monsterinsights_sitenote_category":0,"footnotes":""},"categories":[4],"tags":[47],"class_list":["post"],"yoast_head":" \n<title>Sonora en Equipo. Fomenta UTGuaymas participaci\u00f3n de j\u00f3venes en actividades culturales, sociales y deportivas Municipios<\/title>\n<meta name=\"description\" content=\"&nbsp; GUAYMAS, SONORA,MX.\u2500\u2500 \u00a0Adem\u00e1s de ofrecer programas educativos acorde a la vocaci\u00f3n econ\u00f3mica de la regi\u00f3n donde se ubica, la Universidad En Sonora en Equipo publicamos toda la informaci\u00f3n de Sonora, M\u00e9xico y el Mundo de manera oportuna y busca que la libertad de expresi\u00f3n sea real. Visita nuestro medio informativo publicado desde Hermosillo, Sonora. %\" \/>\n<meta name=\"robots\" content=\"index, follow, max-snippet:-1, max-image-preview:large, max-video-preview:-1\" \/>\n<link rel=\"canonical\" href=\"https:\/\/www.sonoraenequipo.com.mx\/fomenta-utguaymas-participacion-de-jovenes-en-actividades-culturales-sociales-y-deportivas\/\" \/>\n<meta property=\"og:locale\" content=\"es_ES\" \/>\n<meta property=\"og:type\" content=\"article\" \/>\n<meta property=\"og:title\" content=\"Sonora en Equipo. Fomenta UTGuaymas participaci\u00f3n de j\u00f3venes en actividades culturales, sociales y deportivas Municipios\" \/>\n<meta property=\"og:description\" content=\"&nbsp; GUAYMAS, SONORA,MX.\u2500\u2500 \u00a0Adem\u00e1s de ofrecer programas educativos acorde a la vocaci\u00f3n econ\u00f3mica de la regi\u00f3n donde se ubica, la Universidad En Sonora en Equipo publicamos toda la informaci\u00f3n de Sonora, M\u00e9xico y el Mundo de manera oportuna y busca que la libertad de expresi\u00f3n sea real. Visita nuestro medio informativo publicado desde Hermosillo, Sonora. %\" \/>\n<meta property=\"og:url\" content=\"https:\/\/www.sonoraenequipo.com.mx\/fomenta-utguaymas-participacion-de-jovenes-en-actividades-culturales-sociales-y-deportivas\/\" \/>\n<meta property=\"og:site_name\" content=\"Sonora en Equipo.\" \/>\n<meta property=\"article:publisher\" content=\"https:\/\/www.facebook.com\/SonoraEE\/\" \/>\n<meta property=\"article:author\" content=\"https:\/\/www.facebook.com\/SonoraEE\" \/>\n<meta property=\"article:published_time\" content=\"2023-06-27T18:23:18+00:00\" \/>\n<meta property=\"og:image\" content=\"https:\/\/www.sonoraenequipo.com.mx\/storage\/2023\/06\/uygms.jpg\" \/>\n\t<meta property=\"og:image:width\" content=\"600\" \/>\n\t<meta property=\"og:image:height\" content=\"399\" \/>\n\t<meta property=\"og:image:type\" content=\"image\/jpeg\" \/>\n<meta name=\"author\" content=\"enequipo\" \/>\n<meta name=\"twitter:card\" content=\"summary_large_image\" \/>\n<meta name=\"twitter:creator\" content=\"@sonoraenequipo\" \/>\n<meta name=\"twitter:site\" content=\"@sonoraenequipo\" \/>\n<meta name=\"twitter:label1\" content=\"Escrito por\" \/>\n\t<meta name=\"twitter:data1\" content=\"enequipo\" \/>\n\t<meta name=\"twitter:label2\" content=\"Tiempo de lectura\" \/>\n\t<meta name=\"twitter:data2\" content=\"1 minuto\" \/>\n<script type=\"application\/ld+json\" class=\"yoast-schema-graph\">{\"@context\":\"https:\/\/schema.org\",\"@graph\":[{\"@type\":\"Article\",\"@id\":\"https:\/\/www.sonoraenequipo.com.mx\/fomenta-utguaymas-participacion-de-jovenes-en-actividades-culturales-sociales-y-deportivas\/#article\",\"isPartOf\":{\"@id\":\"https:\/\/www.sonoraenequipo.com.mx\/fomenta-utguaymas-participacion-de-jovenes-en-actividades-culturales-sociales-y-deportivas\/\"},\"author\":{\"name\":\"enequipo\",\"@id\":\"https:\/\/www.sonoraenequipo.com.mx\/#\/schema\/person\/50102df0fb23a8fa9e8effad8fa81386\"},\"headline\":\"Fomenta UTGuaymas participaci\u00f3n de j\u00f3venes en actividades culturales, sociales y deportivas\",\"datePublished\":\"2023-06-27T18:23:18+00:00\",\"mainEntityOfPage\":{\"@id\":\"https:\/\/www.sonoraenequipo.com.mx\/fomenta-utguaymas-participacion-de-jovenes-en-actividades-culturales-sociales-y-deportivas\/\"},\"wordCount\":207,\"commentCount\":0,\"publisher\":{\"@id\":\"https:\/\/www.sonoraenequipo.com.mx\/#organization\"},\"image\":{\"@id\":\"https:\/\/www.sonoraenequipo.com.mx\/fomenta-utguaymas-participacion-de-jovenes-en-actividades-culturales-sociales-y-deportivas\/#primaryimage\"},\"thumbnailUrl\":\"https:\/\/www.sonoraenequipo.com.mx\/storage\/2023\/06\/uygms.jpg\",\"keywords\":[\"educaci\u00f3n\"],\"articleSection\":[\"Municipios\"],\"inLanguage\":\"es\",\"potentialAction\":[{\"@type\":\"CommentAction\",\"name\":\"Comment\",\"target\":[\"https:\/\/www.sonoraenequipo.com.mx\/fomenta-utguaymas-participacion-de-jovenes-en-actividades-culturales-sociales-y-deportivas\/#respond\"]}]},{\"@type\":\"WebPage\",\"@id\":\"https:\/\/www.sonoraenequipo.com.mx\/fomenta-utguaymas-participacion-de-jovenes-en-actividades-culturales-sociales-y-deportivas\/\",\"url\":\"https:\/\/www.sonoraenequipo.com.mx\/fomenta-utguaymas-participacion-de-jovenes-en-actividades-culturales-sociales-y-deportivas\/\",\"name\":\"Sonora en Equipo. Fomenta UTGuaymas participaci\u00f3n de j\u00f3venes en actividades culturales, sociales y deportivas Municipios\",\"isPartOf\":{\"@id\":\"https:\/\/www.sonoraenequipo.com.mx\/#website\"},\"primaryImageOfPage\":{\"@id\":\"https:\/\/www.sonoraenequipo.com.mx\/fomenta-utguaymas-participacion-de-jovenes-en-actividades-culturales-sociales-y-deportivas\/#primaryimage\"},\"image\":{\"@id\":\"https:\/\/www.sonoraenequipo.com.mx\/fomenta-utguaymas-participacion-de-jovenes-en-actividades-culturales-sociales-y-deportivas\/#primaryimage\"},\"thumbnailUrl\":\"https:\/\/www.sonoraenequipo.com.mx\/storage\/2023\/06\/uygms.jpg\",\"datePublished\":\"2023-06-27T18:23:18+00:00\",\"description\":\"&nbsp; GUAYMAS, SONORA,MX.\u2500\u2500 \u00a0Adem\u00e1s de ofrecer programas educativos acorde a la vocaci\u00f3n econ\u00f3mica de la regi\u00f3n donde se ubica, la Universidad En Sonora en Equipo publicamos toda la informaci\u00f3n de Sonora, M\u00e9xico y el Mundo de manera oportuna y busca que la libertad de expresi\u00f3n sea real. Visita nuestro medio informativo publicado desde Hermosillo, Sonora. %\",\"breadcrumb\":{\"@id\":\"https:\/\/www.sonoraenequipo.com.mx\/fomenta-utguaymas-participacion-de-jovenes-en-actividades-culturales-sociales-y-deportivas\/#breadcrumb\"},\"inLanguage\":\"es\",\"potentialAction\":[{\"@type\":\"ReadAction\",\"target\":[\"https:\/\/www.sonoraenequipo.com.mx\/fomenta-utguaymas-participacion-de-jovenes-en-actividades-culturales-sociales-y-deportivas\/\"]}]},{\"@type\":\"ImageObject\",\"inLanguage\":\"es\",\"@id\":\"https:\/\/www.sonoraenequipo.com.mx\/fomenta-utguaymas-participacion-de-jovenes-en-actividades-culturales-sociales-y-deportivas\/#primaryimage\",\"url\":\"https:\/\/www.sonoraenequipo.com.mx\/storage\/2023\/06\/uygms.jpg\",\"contentUrl\":\"https:\/\/www.sonoraenequipo.com.mx\/storage\/2023\/06\/uygms.jpg\",\"width\":600,\"height\":399},{\"@type\":\"BreadcrumbList\",\"@id\":\"https:\/\/www.sonoraenequipo.com.mx\/fomenta-utguaymas-participacion-de-jovenes-en-actividades-culturales-sociales-y-deportivas\/#breadcrumb\",\"itemListElement\":[{\"@type\":\"ListItem\",\"position\":1,\"name\":\"Portada\",\"item\":\"https:\/\/www.sonoraenequipo.com.mx\/\"},{\"@type\":\"ListItem\",\"position\":2,\"name\":\"Fomenta UTGuaymas participaci\u00f3n de j\u00f3venes en actividades culturales, sociales y deportivas\"}]},{\"@type\":\"WebSite\",\"@id\":\"https:\/\/www.sonoraenequipo.com.mx\/#website\",\"url\":\"https:\/\/www.sonoraenequipo.com.mx\/\",\"name\":\"Sonora en Equipo.\",\"description\":\"Diario en l\u00ednea con Noticias desde Hermosillo, Sonora\",\"publisher\":{\"@id\":\"https:\/\/www.sonoraenequipo.com.mx\/#organization\"},\"potentialAction\":[{\"@type\":\"SearchAction\",\"target\":{\"@type\":\"EntryPoint\",\"urlTemplate\":\"https:\/\/www.sonoraenequipo.com.mx\/?s={search_term_string}\"},\"query-input\":{\"@type\":\"PropertyValueSpecification\",\"valueRequired\":true,\"valueName\":\"search_term_string\"}}],\"inLanguage\":\"es\"},{\"@type\":\"Organization\",\"@id\":\"https:\/\/www.sonoraenequipo.com.mx\/#organization\",\"name\":\"Sonoraenequipo.com.mx\",\"url\":\"https:\/\/www.sonoraenequipo.com.mx\/\",\"logo\":{\"@type\":\"ImageObject\",\"inLanguage\":\"es\",\"@id\":\"https:\/\/www.sonoraenequipo.com.mx\/#\/schema\/logo\/image\/\",\"url\":\"https:\/\/www.sonoraenequipo.com.mx\/storage\/2019\/01\/sonoraenequipo_opt.png\",\"contentUrl\":\"https:\/\/www.sonoraenequipo.com.mx\/storage\/2019\/01\/sonoraenequipo_opt.png\",\"width\":375,\"height\":125,\"caption\":\"Sonoraenequipo.com.mx\"},\"image\":{\"@id\":\"https:\/\/www.sonoraenequipo.com.mx\/#\/schema\/logo\/image\/\"},\"sameAs\":[\"https:\/\/www.facebook.com\/SonoraEE\/\",\"https:\/\/x.com\/sonoraenequipo\",\"https:\/\/www.youtube.com\/channel\/UC338nW-lPEYmJQs4ZABQ1SQ\"]},{\"@type\":\"Person\",\"@id\":\"https:\/\/www.sonoraenequipo.com.mx\/#\/schema\/person\/50102df0fb23a8fa9e8effad8fa81386\",\"name\":\"enequipo\",\"image\":{\"@type\":\"ImageObject\",\"inLanguage\":\"es\",\"@id\":\"https:\/\/www.sonoraenequipo.com.mx\/#\/schema\/person\/image\/\",\"url\":\"https:\/\/secure.gravatar.com\/avatar\/049821681b589dabc0bc20695993ccebb09f5b5d4d790cd9251b97faac7c652b?s=96&d=blank&r=g\",\"contentUrl\":\"https:\/\/secure.gravatar.com\/avatar\/049821681b589dabc0bc20695993ccebb09f5b5d4d790cd9251b97faac7c652b?s=96&d=blank&r=g\",\"caption\":\"enequipo\"},\"sameAs\":[\"https:\/\/www.facebook.com\/SonoraEE\"]}]}<\/script>\n ","yoast_head_json":{"title":"Sonora en Equipo. Fomenta UTGuaymas participaci\u00f3n de j\u00f3venes en actividades culturales, sociales y deportivas Municipios","description":"&nbsp; GUAYMAS, SONORA,MX.\u2500\u2500 \u00a0Adem\u00e1s de ofrecer programas educativos acorde a la vocaci\u00f3n econ\u00f3mica de la regi\u00f3n donde se ubica, la Universidad En Sonora en Equipo publicamos toda la informaci\u00f3n de Sonora, M\u00e9xico y el Mundo de manera oportuna y busca que la libertad de expresi\u00f3n sea real. Visita nuestro medio informativo publicado desde Hermosillo, Sonora. %","robots":{"index":"index","follow":"follow","max-snippet":"max-snippet:-1","max-image-preview":"max-image-preview:large","max-video-preview":"max-video-preview:-1"},"canonical":"https:\/\/www.sonoraenequipo.com.mx\/fomenta-utguaymas-participacion-de-jovenes-en-actividades-culturales-sociales-y-deportivas\/","og_locale":"es_ES","og_type":"article","og_title":"Sonora en Equipo. Fomenta UTGuaymas participaci\u00f3n de j\u00f3venes en actividades culturales, sociales y deportivas Municipios","og_description":"&nbsp; GUAYMAS, SONORA,MX.\u2500\u2500 \u00a0Adem\u00e1s de ofrecer programas educativos acorde a la vocaci\u00f3n econ\u00f3mica de la regi\u00f3n donde se ubica, la Universidad En Sonora en Equipo publicamos toda la informaci\u00f3n de Sonora, M\u00e9xico y el Mundo de manera oportuna y busca que la libertad de expresi\u00f3n sea real. Visita nuestro medio informativo publicado desde Hermosillo, Sonora. %","og_url":"https:\/\/www.sonoraenequipo.com.mx\/fomenta-utguaymas-participacion-de-jovenes-en-actividades-culturales-sociales-y-deportivas\/","og_site_name":"Sonora en Equipo.","article_publisher":"https:\/\/www.facebook.com\/SonoraEE\/","article_author":"https:\/\/www.facebook.com\/SonoraEE","article_published_time":"2023-06-27T18:23:18+00:00","og_image":[{"width":600,"height":399,"url":"https:\/\/www.sonoraenequipo.com.mx\/storage\/2023\/06\/uygms.jpg","type":"image\/jpeg"}],"author":"enequipo","twitter_card":"summary_large_image","twitter_creator":"@sonoraenequipo","twitter_site":"@sonoraenequipo","twitter_misc":{"Escrito por":"enequipo","Tiempo de lectura":"1 minuto"},"schema":{"@context":"https:\/\/schema.org","@graph":[{"@type":"Article","@id":"https:\/\/www.sonoraenequipo.com.mx\/fomenta-utguaymas-participacion-de-jovenes-en-actividades-culturales-sociales-y-deportivas\/#article","isPartOf":{"@id":"https:\/\/www.sonoraenequipo.com.mx\/fomenta-utguaymas-participacion-de-jovenes-en-actividades-culturales-sociales-y-deportivas\/"},"author":{"name":"enequipo","@id":"https:\/\/www.sonoraenequipo.com.mx\/#\/schema\/person\/50102df0fb23a8fa9e8effad8fa81386"},"headline":"Fomenta UTGuaymas participaci\u00f3n de j\u00f3venes en actividades culturales, sociales y deportivas","datePublished":"2023-06-27T18:23:18+00:00","mainEntityOfPage":{"@id":"https:\/\/www.sonoraenequipo.com.mx\/fomenta-utguaymas-participacion-de-jovenes-en-actividades-culturales-sociales-y-deportivas\/"},"wordCount":207,"commentCount":0,"publisher":{"@id":"https:\/\/www.sonoraenequipo.com.mx\/#organization"},"image":{"@id":"https:\/\/www.sonoraenequipo.com.mx\/fomenta-utguaymas-participacion-de-jovenes-en-actividades-culturales-sociales-y-deportivas\/#primaryimage"},"thumbnailUrl":"https:\/\/www.sonoraenequipo.com.mx\/storage\/2023\/06\/uygms.jpg","keywords":["educaci\u00f3n"],"articleSection":["Municipios"],"inLanguage":"es","potentialAction":[{"@type":"CommentAction","name":"Comment","target":["https:\/\/www.sonoraenequipo.com.mx\/fomenta-utguaymas-participacion-de-jovenes-en-actividades-culturales-sociales-y-deportivas\/#respond"]}]},{"@type":"WebPage","@id":"https:\/\/www.sonoraenequipo.com.mx\/fomenta-utguaymas-participacion-de-jovenes-en-actividades-culturales-sociales-y-deportivas\/","url":"https:\/\/www.sonoraenequipo.com.mx\/fomenta-utguaymas-participacion-de-jovenes-en-actividades-culturales-sociales-y-deportivas\/","name":"Sonora en Equipo. Fomenta UTGuaymas participaci\u00f3n de j\u00f3venes en actividades culturales, sociales y deportivas Municipios","isPartOf":{"@id":"https:\/\/www.sonoraenequipo.com.mx\/#website"},"primaryImageOfPage":{"@id":"https:\/\/www.sonoraenequipo.com.mx\/fomenta-utguaymas-participacion-de-jovenes-en-actividades-culturales-sociales-y-deportivas\/#primaryimage"},"image":{"@id":"https:\/\/www.sonoraenequipo.com.mx\/fomenta-utguaymas-participacion-de-jovenes-en-actividades-culturales-sociales-y-deportivas\/#primaryimage"},"thumbnailUrl":"https:\/\/www.sonoraenequipo.com.mx\/storage\/2023\/06\/uygms.jpg","datePublished":"2023-06-27T18:23:18+00:00","description":"&nbsp; GUAYMAS, SONORA,MX.\u2500\u2500 \u00a0Adem\u00e1s de ofrecer programas educativos acorde a la vocaci\u00f3n econ\u00f3mica de la regi\u00f3n donde se ubica, la Universidad En Sonora en Equipo publicamos toda la informaci\u00f3n de Sonora, M\u00e9xico y el Mundo de manera oportuna y busca que la libertad de expresi\u00f3n sea real. Visita nuestro medio informativo publicado desde Hermosillo, Sonora. %","breadcrumb":{"@id":"https:\/\/www.sonoraenequipo.com.mx\/fomenta-utguaymas-participacion-de-jovenes-en-actividades-culturales-sociales-y-deportivas\/#breadcrumb"},"inLanguage":"es","potentialAction":[{"@type":"ReadAction","target":["https:\/\/www.sonoraenequipo.com.mx\/fomenta-utguaymas-participacion-de-jovenes-en-actividades-culturales-sociales-y-deportivas\/"]}]},{"@type":"ImageObject","inLanguage":"es","@id":"https:\/\/www.sonoraenequipo.com.mx\/fomenta-utguaymas-participacion-de-jovenes-en-actividades-culturales-sociales-y-deportivas\/#primaryimage","url":"https:\/\/www.sonoraenequipo.com.mx\/storage\/2023\/06\/uygms.jpg","contentUrl":"https:\/\/www.sonoraenequipo.com.mx\/storage\/2023\/06\/uygms.jpg","width":600,"height":399},{"@type":"BreadcrumbList","@id":"https:\/\/www.sonoraenequipo.com.mx\/fomenta-utguaymas-participacion-de-jovenes-en-actividades-culturales-sociales-y-deportivas\/#breadcrumb","itemListElement":[{"@type":"ListItem","position":1,"name":"Portada","item":"https:\/\/www.sonoraenequipo.com.mx\/"},{"@type":"ListItem","position":2,"name":"Fomenta UTGuaymas participaci\u00f3n de j\u00f3venes en actividades culturales, sociales y deportivas"}]},{"@type":"WebSite","@id":"https:\/\/www.sonoraenequipo.com.mx\/#website","url":"https:\/\/www.sonoraenequipo.com.mx\/","name":"Sonora en Equipo.","description":"Diario en l\u00ednea con Noticias desde Hermosillo, Sonora","publisher":{"@id":"https:\/\/www.sonoraenequipo.com.mx\/#organization"},"potentialAction":[{"@type":"SearchAction","target":{"@type":"EntryPoint","urlTemplate":"https:\/\/www.sonoraenequipo.com.mx\/?s={search_term_string}"},"query-input":{"@type":"PropertyValueSpecification","valueRequired":true,"valueName":"search_term_string"}}],"inLanguage":"es"},{"@type":"Organization","@id":"https:\/\/www.sonoraenequipo.com.mx\/#organization","name":"Sonoraenequipo.com.mx","url":"https:\/\/www.sonoraenequipo.com.mx\/","logo":{"@type":"ImageObject","inLanguage":"es","@id":"https:\/\/www.sonoraenequipo.com.mx\/#\/schema\/logo\/image\/","url":"https:\/\/www.sonoraenequipo.com.mx\/storage\/2019\/01\/sonoraenequipo_opt.png","contentUrl":"https:\/\/www.sonoraenequipo.com.mx\/storage\/2019\/01\/sonoraenequipo_opt.png","width":375,"height":125,"caption":"Sonoraenequipo.com.mx"},"image":{"@id":"https:\/\/www.sonoraenequipo.com.mx\/#\/schema\/logo\/image\/"},"sameAs":["https:\/\/www.facebook.com\/SonoraEE\/","https:\/\/x.com\/sonoraenequipo","https:\/\/www.youtube.com\/channel\/UC338nW-lPEYmJQs4ZABQ1SQ"]},{"@type":"Person","@id":"https:\/\/www.sonoraenequipo.com.mx\/#\/schema\/person\/50102df0fb23a8fa9e8effad8fa81386","name":"enequipo","image":{"@type":"ImageObject","inLanguage":"es","@id":"https:\/\/www.sonoraenequipo.com.mx\/#\/schema\/person\/image\/","url":"https:\/\/secure.gravatar.com\/avatar\/049821681b589dabc0bc20695993ccebb09f5b5d4d790cd9251b97faac7c652b?s=96&d=blank&r=g","contentUrl":"https:\/\/secure.gravatar.com\/avatar\/049821681b589dabc0bc20695993ccebb09f5b5d4d790cd9251b97faac7c652b?s=96&d=blank&r=g","caption":"enequipo"},"sameAs":["https:\/\/www.facebook.com\/SonoraEE"]}]}},"jetpack_featured_media_url":"https:\/\/www.sonoraenequipo.com.mx\/storage\/2023\/06\/uygms.jpg","_links":{"self":[{"href":"https:\/\/www.sonoraenequipo.com.mx\/api\/wp\/v2\/posts\/169056","targetHints":{"allow":["GET"]}}],"collection":[{"href":"https:\/\/www.sonoraenequipo.com.mx\/api\/wp\/v2\/posts"}],"about":[{"href":"https:\/\/www.sonoraenequipo.com.mx\/api\/wp\/v2\/types\/post"}],"author":[{"embeddable":true,"href":"https:\/\/www.sonoraenequipo.com.mx\/api\/wp\/v2\/users\/1"}],"replies":[{"embeddable":true,"href":"https:\/\/www.sonoraenequipo.com.mx\/api\/wp\/v2\/comments?post=169056"}],"version-history":[{"count":1,"href":"https:\/\/www.sonoraenequipo.com.mx\/api\/wp\/v2\/posts\/169056\/revisions"}],"predecessor-version":[{"id":169059,"href":"https:\/\/www.sonoraenequipo.com.mx\/api\/wp\/v2\/posts\/169056\/revisions\/169059"}],"wp:featuredmedia":[{"embeddable":true,"href":"https:\/\/www.sonoraenequipo.com.mx\/api\/wp\/v2\/media\/169058"}],"wp:attachment":[{"href":"https:\/\/www.sonoraenequipo.com.mx\/api\/wp\/v2\/media?parent=169056"}],"wp:term":[{"taxonomy":"category","embeddable":true,"href":"https:\/\/www.sonoraenequipo.com.mx\/api\/wp\/v2\/categories?post=169056"},{"taxonomy":"post_tag","embeddable":true,"href":"https:\/\/www.sonoraenequipo.com.mx\/api\/wp\/v2\/tags?post=169056"}],"curies":[{"name":"wp","href":"https:\/\/api.w.org\/{rel}","templated":true}]}}