{"id":169086,"date":"2023-06-27T10:19:54","date_gmt":"2023-06-27T17:19:54","guid":{"rendered":"https:\/\/www.sonoraenequipo.com.mx\/?p=169086"},"modified":"2023-06-27T15:14:44","modified_gmt":"2023-06-27T22:14:44","slug":"la-suprema-corte-de-mexico-viola-la-constitucion-y-el-poder-ejecutivo-pide-una-explicacion","status":"publish","type":"post","link":"https:\/\/www.sonoraenequipo.com.mx\/la-suprema-corte-de-mexico-viola-la-constitucion-y-el-poder-ejecutivo-pide-una-explicacion\/","title":{"rendered":"La Suprema Corte de M\u00e9xico viola la Constituci\u00f3n y el poder ejecutivo pide una explicaci\u00f3n"},"content":{"rendered":"<p><strong>CIUDAD DE M\u00c9XICO. MX. \u2014<\/strong> Mediante la secretar\u00eda de Gobernaci\u00f3n, el presidente de M\u00e9xico, Andr\u00e9s Manuel L\u00f3pez Obrador presentar\u00e1 un escrito dirigido a la Suprema Corte de Justicia de la Naci\u00f3n (SCJN) para que justifique y en 5 d\u00edas le tienen que dar respuesta.<\/p>\n<p>&nbsp;<\/p>\n<p>As\u00ed lo indic\u00f3 el primer mandatario de la naci\u00f3n, esto para cuestionarles por qu\u00e9 violan el art\u00edculo 127 constitucional que estipula que nadie debe ganar m\u00e1s que el presidente de la Rep\u00fablica y ellos ganan 4 veces m\u00e1s (600 mil pesos mediales contra 120 mil).<\/p>\n<p>&nbsp;<\/p>\n<p>Mencion\u00f3 que esto lo buscar\u00e1 <em><strong>\u201crefrescar, para las nuevas generaciones\u201d.<\/strong><\/em><\/p>\n<p>&nbsp;<\/p>\n<p>Dijo que es il\u00f3gico que en la SCJN se ampare cuando \u201c<strong><em>hasta tienen a Benito Ju\u00e1rez y ellos no viven en la justa median\u00eda como estipulaba este h\u00e9roe nacional\u201d.<\/em><\/strong><\/p>\n<p>&nbsp;<\/p>\n<p>Dijo que aunque no tendr\u00eda ninguna consecuencia legal la petici\u00f3n, si evidenciar\u00eda una violaci\u00f3n a la constituci\u00f3n, \u201c<em><strong>es de sabios cambiar de opini\u00f3n\u201d.<\/strong> <\/em>Abund\u00f3.<\/p>\n<p>&nbsp;<\/p>\n<p>PUBLICADO EL 27 DE JUNIO DE 2023\/ Con informaci\u00f3n de<\/p>\n","protected":false},"excerpt":{"rendered":"<p>CIUDAD DE M\u00c9XICO. MX. \u2014 Mediante la secretar\u00eda de Gobernaci\u00f3n, el presidente de M\u00e9xico, Andr\u00e9s&#8230;<\/p>\n","protected":false},"author":1,"featured_media":169087,"comment_status":"open","ping_status":"open","sticky":false,"template":"","format":"standard","meta":{"_monsterinsights_skip_tracking":false,"_monsterinsights_sitenote_active":false,"_monsterinsights_sitenote_note":"","_monsterinsights_sitenote_category":0,"footnotes":""},"categories":[5],"tags":[],"class_list":["post"],"yoast_head":" \n<title>Sonora en Equipo. La Suprema Corte de M\u00e9xico viola la Constituci\u00f3n y el poder ejecutivo pide una explicaci\u00f3n Rep\u00fablica<\/title>\n<meta name=\"description\" content=\"CIUDAD DE M\u00c9XICO. MX. \u2014 Mediante la secretar\u00eda de Gobernaci\u00f3n, el presidente de M\u00e9xico, Andr\u00e9s Manuel L\u00f3pez Obrador presentar\u00e1 un escrito dirigido a la En Sonora en Equipo publicamos toda la informaci\u00f3n de Sonora, M\u00e9xico y el Mundo de manera oportuna y busca que la libertad de expresi\u00f3n sea real. Visita nuestro medio informativo publicado desde Hermosillo, Sonora. %\" \/>\n<meta name=\"robots\" content=\"index, follow, max-snippet:-1, max-image-preview:large, max-video-preview:-1\" \/>\n<link rel=\"canonical\" href=\"https:\/\/www.sonoraenequipo.com.mx\/la-suprema-corte-de-mexico-viola-la-constitucion-y-el-poder-ejecutivo-pide-una-explicacion\/\" \/>\n<meta property=\"og:locale\" content=\"es_ES\" \/>\n<meta property=\"og:type\" content=\"article\" \/>\n<meta property=\"og:title\" content=\"Sonora en Equipo. La Suprema Corte de M\u00e9xico viola la Constituci\u00f3n y el poder ejecutivo pide una explicaci\u00f3n Rep\u00fablica\" \/>\n<meta property=\"og:description\" content=\"CIUDAD DE M\u00c9XICO. MX. \u2014 Mediante la secretar\u00eda de Gobernaci\u00f3n, el presidente de M\u00e9xico, Andr\u00e9s Manuel L\u00f3pez Obrador presentar\u00e1 un escrito dirigido a la En Sonora en Equipo publicamos toda la informaci\u00f3n de Sonora, M\u00e9xico y el Mundo de manera oportuna y busca que la libertad de expresi\u00f3n sea real. Visita nuestro medio informativo publicado desde Hermosillo, Sonora. %\" \/>\n<meta property=\"og:url\" content=\"https:\/\/www.sonoraenequipo.com.mx\/la-suprema-corte-de-mexico-viola-la-constitucion-y-el-poder-ejecutivo-pide-una-explicacion\/\" \/>\n<meta property=\"og:site_name\" content=\"Sonora en Equipo.\" \/>\n<meta property=\"article:publisher\" content=\"https:\/\/www.facebook.com\/SonoraEE\/\" \/>\n<meta property=\"article:author\" content=\"https:\/\/www.facebook.com\/SonoraEE\" \/>\n<meta property=\"article:published_time\" content=\"2023-06-27T17:19:54+00:00\" \/>\n<meta property=\"article:modified_time\" content=\"2023-06-27T22:14:44+00:00\" \/>\n<meta property=\"og:image\" content=\"https:\/\/www.sonoraenequipo.com.mx\/storage\/2023\/06\/Lopez-Obrador-2606.2023..-min-1-min.jpg\" \/>\n\t<meta property=\"og:image:width\" content=\"957\" \/>\n\t<meta property=\"og:image:height\" content=\"555\" \/>\n\t<meta property=\"og:image:type\" content=\"image\/jpeg\" \/>\n<meta name=\"author\" content=\"enequipo\" \/>\n<meta name=\"twitter:card\" content=\"summary_large_image\" \/>\n<meta name=\"twitter:creator\" content=\"@sonoraenequipo\" \/>\n<meta name=\"twitter:site\" content=\"@sonoraenequipo\" \/>\n<meta name=\"twitter:label1\" content=\"Escrito por\" \/>\n\t<meta name=\"twitter:data1\" content=\"enequipo\" \/>\n\t<meta name=\"twitter:label2\" content=\"Tiempo de lectura\" \/>\n\t<meta name=\"twitter:data2\" content=\"1 minuto\" \/>\n<script type=\"application\/ld+json\" class=\"yoast-schema-graph\">{\"@context\":\"https:\/\/schema.org\",\"@graph\":[{\"@type\":\"Article\",\"@id\":\"https:\/\/www.sonoraenequipo.com.mx\/la-suprema-corte-de-mexico-viola-la-constitucion-y-el-poder-ejecutivo-pide-una-explicacion\/#article\",\"isPartOf\":{\"@id\":\"https:\/\/www.sonoraenequipo.com.mx\/la-suprema-corte-de-mexico-viola-la-constitucion-y-el-poder-ejecutivo-pide-una-explicacion\/\"},\"author\":{\"name\":\"enequipo\",\"@id\":\"https:\/\/www.sonoraenequipo.com.mx\/#\/schema\/person\/50102df0fb23a8fa9e8effad8fa81386\"},\"headline\":\"La Suprema Corte de M\u00e9xico viola la Constituci\u00f3n y el poder ejecutivo pide una explicaci\u00f3n\",\"datePublished\":\"2023-06-27T17:19:54+00:00\",\"dateModified\":\"2023-06-27T22:14:44+00:00\",\"mainEntityOfPage\":{\"@id\":\"https:\/\/www.sonoraenequipo.com.mx\/la-suprema-corte-de-mexico-viola-la-constitucion-y-el-poder-ejecutivo-pide-una-explicacion\/\"},\"wordCount\":201,\"commentCount\":0,\"publisher\":{\"@id\":\"https:\/\/www.sonoraenequipo.com.mx\/#organization\"},\"image\":{\"@id\":\"https:\/\/www.sonoraenequipo.com.mx\/la-suprema-corte-de-mexico-viola-la-constitucion-y-el-poder-ejecutivo-pide-una-explicacion\/#primaryimage\"},\"thumbnailUrl\":\"https:\/\/www.sonoraenequipo.com.mx\/storage\/2023\/06\/Lopez-Obrador-2606.2023..-min-1-min.jpg\",\"articleSection\":[\"Rep\u00fablica\"],\"inLanguage\":\"es\",\"potentialAction\":[{\"@type\":\"CommentAction\",\"name\":\"Comment\",\"target\":[\"https:\/\/www.sonoraenequipo.com.mx\/la-suprema-corte-de-mexico-viola-la-constitucion-y-el-poder-ejecutivo-pide-una-explicacion\/#respond\"]}]},{\"@type\":\"WebPage\",\"@id\":\"https:\/\/www.sonoraenequipo.com.mx\/la-suprema-corte-de-mexico-viola-la-constitucion-y-el-poder-ejecutivo-pide-una-explicacion\/\",\"url\":\"https:\/\/www.sonoraenequipo.com.mx\/la-suprema-corte-de-mexico-viola-la-constitucion-y-el-poder-ejecutivo-pide-una-explicacion\/\",\"name\":\"Sonora en Equipo. La Suprema Corte de M\u00e9xico viola la Constituci\u00f3n y el poder ejecutivo pide una explicaci\u00f3n Rep\u00fablica\",\"isPartOf\":{\"@id\":\"https:\/\/www.sonoraenequipo.com.mx\/#website\"},\"primaryImageOfPage\":{\"@id\":\"https:\/\/www.sonoraenequipo.com.mx\/la-suprema-corte-de-mexico-viola-la-constitucion-y-el-poder-ejecutivo-pide-una-explicacion\/#primaryimage\"},\"image\":{\"@id\":\"https:\/\/www.sonoraenequipo.com.mx\/la-suprema-corte-de-mexico-viola-la-constitucion-y-el-poder-ejecutivo-pide-una-explicacion\/#primaryimage\"},\"thumbnailUrl\":\"https:\/\/www.sonoraenequipo.com.mx\/storage\/2023\/06\/Lopez-Obrador-2606.2023..-min-1-min.jpg\",\"datePublished\":\"2023-06-27T17:19:54+00:00\",\"dateModified\":\"2023-06-27T22:14:44+00:00\",\"description\":\"CIUDAD DE M\u00c9XICO. MX. \u2014 Mediante la secretar\u00eda de Gobernaci\u00f3n, el presidente de M\u00e9xico, Andr\u00e9s Manuel L\u00f3pez Obrador presentar\u00e1 un escrito dirigido a la En Sonora en Equipo publicamos toda la informaci\u00f3n de Sonora, M\u00e9xico y el Mundo de manera oportuna y busca que la libertad de expresi\u00f3n sea real. Visita nuestro medio informativo publicado desde Hermosillo, Sonora. %\",\"breadcrumb\":{\"@id\":\"https:\/\/www.sonoraenequipo.com.mx\/la-suprema-corte-de-mexico-viola-la-constitucion-y-el-poder-ejecutivo-pide-una-explicacion\/#breadcrumb\"},\"inLanguage\":\"es\",\"potentialAction\":[{\"@type\":\"ReadAction\",\"target\":[\"https:\/\/www.sonoraenequipo.com.mx\/la-suprema-corte-de-mexico-viola-la-constitucion-y-el-poder-ejecutivo-pide-una-explicacion\/\"]}]},{\"@type\":\"ImageObject\",\"inLanguage\":\"es\",\"@id\":\"https:\/\/www.sonoraenequipo.com.mx\/la-suprema-corte-de-mexico-viola-la-constitucion-y-el-poder-ejecutivo-pide-una-explicacion\/#primaryimage\",\"url\":\"https:\/\/www.sonoraenequipo.com.mx\/storage\/2023\/06\/Lopez-Obrador-2606.2023..-min-1-min.jpg\",\"contentUrl\":\"https:\/\/www.sonoraenequipo.com.mx\/storage\/2023\/06\/Lopez-Obrador-2606.2023..-min-1-min.jpg\",\"width\":957,\"height\":555},{\"@type\":\"BreadcrumbList\",\"@id\":\"https:\/\/www.sonoraenequipo.com.mx\/la-suprema-corte-de-mexico-viola-la-constitucion-y-el-poder-ejecutivo-pide-una-explicacion\/#breadcrumb\",\"itemListElement\":[{\"@type\":\"ListItem\",\"position\":1,\"name\":\"Portada\",\"item\":\"https:\/\/www.sonoraenequipo.com.mx\/\"},{\"@type\":\"ListItem\",\"position\":2,\"name\":\"La Suprema Corte de M\u00e9xico viola la Constituci\u00f3n y el poder ejecutivo pide una explicaci\u00f3n\"}]},{\"@type\":\"WebSite\",\"@id\":\"https:\/\/www.sonoraenequipo.com.mx\/#website\",\"url\":\"https:\/\/www.sonoraenequipo.com.mx\/\",\"name\":\"Sonora en Equipo.\",\"description\":\"Diario en l\u00ednea con Noticias desde Hermosillo, Sonora\",\"publisher\":{\"@id\":\"https:\/\/www.sonoraenequipo.com.mx\/#organization\"},\"potentialAction\":[{\"@type\":\"SearchAction\",\"target\":{\"@type\":\"EntryPoint\",\"urlTemplate\":\"https:\/\/www.sonoraenequipo.com.mx\/?s={search_term_string}\"},\"query-input\":{\"@type\":\"PropertyValueSpecification\",\"valueRequired\":true,\"valueName\":\"search_term_string\"}}],\"inLanguage\":\"es\"},{\"@type\":\"Organization\",\"@id\":\"https:\/\/www.sonoraenequipo.com.mx\/#organization\",\"name\":\"Sonoraenequipo.com.mx\",\"url\":\"https:\/\/www.sonoraenequipo.com.mx\/\",\"logo\":{\"@type\":\"ImageObject\",\"inLanguage\":\"es\",\"@id\":\"https:\/\/www.sonoraenequipo.com.mx\/#\/schema\/logo\/image\/\",\"url\":\"https:\/\/www.sonoraenequipo.com.mx\/storage\/2019\/01\/sonoraenequipo_opt.png\",\"contentUrl\":\"https:\/\/www.sonoraenequipo.com.mx\/storage\/2019\/01\/sonoraenequipo_opt.png\",\"width\":375,\"height\":125,\"caption\":\"Sonoraenequipo.com.mx\"},\"image\":{\"@id\":\"https:\/\/www.sonoraenequipo.com.mx\/#\/schema\/logo\/image\/\"},\"sameAs\":[\"https:\/\/www.facebook.com\/SonoraEE\/\",\"https:\/\/x.com\/sonoraenequipo\",\"https:\/\/www.youtube.com\/channel\/UC338nW-lPEYmJQs4ZABQ1SQ\"]},{\"@type\":\"Person\",\"@id\":\"https:\/\/www.sonoraenequipo.com.mx\/#\/schema\/person\/50102df0fb23a8fa9e8effad8fa81386\",\"name\":\"enequipo\",\"image\":{\"@type\":\"ImageObject\",\"inLanguage\":\"es\",\"@id\":\"https:\/\/www.sonoraenequipo.com.mx\/#\/schema\/person\/image\/\",\"url\":\"https:\/\/secure.gravatar.com\/avatar\/049821681b589dabc0bc20695993ccebb09f5b5d4d790cd9251b97faac7c652b?s=96&d=blank&r=g\",\"contentUrl\":\"https:\/\/secure.gravatar.com\/avatar\/049821681b589dabc0bc20695993ccebb09f5b5d4d790cd9251b97faac7c652b?s=96&d=blank&r=g\",\"caption\":\"enequipo\"},\"sameAs\":[\"https:\/\/www.facebook.com\/SonoraEE\"]}]}<\/script>\n ","yoast_head_json":{"title":"Sonora en Equipo. La Suprema Corte de M\u00e9xico viola la Constituci\u00f3n y el poder ejecutivo pide una explicaci\u00f3n Rep\u00fablica","description":"CIUDAD DE M\u00c9XICO. MX. \u2014 Mediante la secretar\u00eda de Gobernaci\u00f3n, el presidente de M\u00e9xico, Andr\u00e9s Manuel L\u00f3pez Obrador presentar\u00e1 un escrito dirigido a la En Sonora en Equipo publicamos toda la informaci\u00f3n de Sonora, M\u00e9xico y el Mundo de manera oportuna y busca que la libertad de expresi\u00f3n sea real. Visita nuestro medio informativo publicado desde Hermosillo, Sonora. %","robots":{"index":"index","follow":"follow","max-snippet":"max-snippet:-1","max-image-preview":"max-image-preview:large","max-video-preview":"max-video-preview:-1"},"canonical":"https:\/\/www.sonoraenequipo.com.mx\/la-suprema-corte-de-mexico-viola-la-constitucion-y-el-poder-ejecutivo-pide-una-explicacion\/","og_locale":"es_ES","og_type":"article","og_title":"Sonora en Equipo. La Suprema Corte de M\u00e9xico viola la Constituci\u00f3n y el poder ejecutivo pide una explicaci\u00f3n Rep\u00fablica","og_description":"CIUDAD DE M\u00c9XICO. MX. \u2014 Mediante la secretar\u00eda de Gobernaci\u00f3n, el presidente de M\u00e9xico, Andr\u00e9s Manuel L\u00f3pez Obrador presentar\u00e1 un escrito dirigido a la En Sonora en Equipo publicamos toda la informaci\u00f3n de Sonora, M\u00e9xico y el Mundo de manera oportuna y busca que la libertad de expresi\u00f3n sea real. Visita nuestro medio informativo publicado desde Hermosillo, Sonora. %","og_url":"https:\/\/www.sonoraenequipo.com.mx\/la-suprema-corte-de-mexico-viola-la-constitucion-y-el-poder-ejecutivo-pide-una-explicacion\/","og_site_name":"Sonora en Equipo.","article_publisher":"https:\/\/www.facebook.com\/SonoraEE\/","article_author":"https:\/\/www.facebook.com\/SonoraEE","article_published_time":"2023-06-27T17:19:54+00:00","article_modified_time":"2023-06-27T22:14:44+00:00","og_image":[{"width":957,"height":555,"url":"https:\/\/www.sonoraenequipo.com.mx\/storage\/2023\/06\/Lopez-Obrador-2606.2023..-min-1-min.jpg","type":"image\/jpeg"}],"author":"enequipo","twitter_card":"summary_large_image","twitter_creator":"@sonoraenequipo","twitter_site":"@sonoraenequipo","twitter_misc":{"Escrito por":"enequipo","Tiempo de lectura":"1 minuto"},"schema":{"@context":"https:\/\/schema.org","@graph":[{"@type":"Article","@id":"https:\/\/www.sonoraenequipo.com.mx\/la-suprema-corte-de-mexico-viola-la-constitucion-y-el-poder-ejecutivo-pide-una-explicacion\/#article","isPartOf":{"@id":"https:\/\/www.sonoraenequipo.com.mx\/la-suprema-corte-de-mexico-viola-la-constitucion-y-el-poder-ejecutivo-pide-una-explicacion\/"},"author":{"name":"enequipo","@id":"https:\/\/www.sonoraenequipo.com.mx\/#\/schema\/person\/50102df0fb23a8fa9e8effad8fa81386"},"headline":"La Suprema Corte de M\u00e9xico viola la Constituci\u00f3n y el poder ejecutivo pide una explicaci\u00f3n","datePublished":"2023-06-27T17:19:54+00:00","dateModified":"2023-06-27T22:14:44+00:00","mainEntityOfPage":{"@id":"https:\/\/www.sonoraenequipo.com.mx\/la-suprema-corte-de-mexico-viola-la-constitucion-y-el-poder-ejecutivo-pide-una-explicacion\/"},"wordCount":201,"commentCount":0,"publisher":{"@id":"https:\/\/www.sonoraenequipo.com.mx\/#organization"},"image":{"@id":"https:\/\/www.sonoraenequipo.com.mx\/la-suprema-corte-de-mexico-viola-la-constitucion-y-el-poder-ejecutivo-pide-una-explicacion\/#primaryimage"},"thumbnailUrl":"https:\/\/www.sonoraenequipo.com.mx\/storage\/2023\/06\/Lopez-Obrador-2606.2023..-min-1-min.jpg","articleSection":["Rep\u00fablica"],"inLanguage":"es","potentialAction":[{"@type":"CommentAction","name":"Comment","target":["https:\/\/www.sonoraenequipo.com.mx\/la-suprema-corte-de-mexico-viola-la-constitucion-y-el-poder-ejecutivo-pide-una-explicacion\/#respond"]}]},{"@type":"WebPage","@id":"https:\/\/www.sonoraenequipo.com.mx\/la-suprema-corte-de-mexico-viola-la-constitucion-y-el-poder-ejecutivo-pide-una-explicacion\/","url":"https:\/\/www.sonoraenequipo.com.mx\/la-suprema-corte-de-mexico-viola-la-constitucion-y-el-poder-ejecutivo-pide-una-explicacion\/","name":"Sonora en Equipo. La Suprema Corte de M\u00e9xico viola la Constituci\u00f3n y el poder ejecutivo pide una explicaci\u00f3n Rep\u00fablica","isPartOf":{"@id":"https:\/\/www.sonoraenequipo.com.mx\/#website"},"primaryImageOfPage":{"@id":"https:\/\/www.sonoraenequipo.com.mx\/la-suprema-corte-de-mexico-viola-la-constitucion-y-el-poder-ejecutivo-pide-una-explicacion\/#primaryimage"},"image":{"@id":"https:\/\/www.sonoraenequipo.com.mx\/la-suprema-corte-de-mexico-viola-la-constitucion-y-el-poder-ejecutivo-pide-una-explicacion\/#primaryimage"},"thumbnailUrl":"https:\/\/www.sonoraenequipo.com.mx\/storage\/2023\/06\/Lopez-Obrador-2606.2023..-min-1-min.jpg","datePublished":"2023-06-27T17:19:54+00:00","dateModified":"2023-06-27T22:14:44+00:00","description":"CIUDAD DE M\u00c9XICO. MX. \u2014 Mediante la secretar\u00eda de Gobernaci\u00f3n, el presidente de M\u00e9xico, Andr\u00e9s Manuel L\u00f3pez Obrador presentar\u00e1 un escrito dirigido a la En Sonora en Equipo publicamos toda la informaci\u00f3n de Sonora, M\u00e9xico y el Mundo de manera oportuna y busca que la libertad de expresi\u00f3n sea real. Visita nuestro medio informativo publicado desde Hermosillo, Sonora. %","breadcrumb":{"@id":"https:\/\/www.sonoraenequipo.com.mx\/la-suprema-corte-de-mexico-viola-la-constitucion-y-el-poder-ejecutivo-pide-una-explicacion\/#breadcrumb"},"inLanguage":"es","potentialAction":[{"@type":"ReadAction","target":["https:\/\/www.sonoraenequipo.com.mx\/la-suprema-corte-de-mexico-viola-la-constitucion-y-el-poder-ejecutivo-pide-una-explicacion\/"]}]},{"@type":"ImageObject","inLanguage":"es","@id":"https:\/\/www.sonoraenequipo.com.mx\/la-suprema-corte-de-mexico-viola-la-constitucion-y-el-poder-ejecutivo-pide-una-explicacion\/#primaryimage","url":"https:\/\/www.sonoraenequipo.com.mx\/storage\/2023\/06\/Lopez-Obrador-2606.2023..-min-1-min.jpg","contentUrl":"https:\/\/www.sonoraenequipo.com.mx\/storage\/2023\/06\/Lopez-Obrador-2606.2023..-min-1-min.jpg","width":957,"height":555},{"@type":"BreadcrumbList","@id":"https:\/\/www.sonoraenequipo.com.mx\/la-suprema-corte-de-mexico-viola-la-constitucion-y-el-poder-ejecutivo-pide-una-explicacion\/#breadcrumb","itemListElement":[{"@type":"ListItem","position":1,"name":"Portada","item":"https:\/\/www.sonoraenequipo.com.mx\/"},{"@type":"ListItem","position":2,"name":"La Suprema Corte de M\u00e9xico viola la Constituci\u00f3n y el poder ejecutivo pide una explicaci\u00f3n"}]},{"@type":"WebSite","@id":"https:\/\/www.sonoraenequipo.com.mx\/#website","url":"https:\/\/www.sonoraenequipo.com.mx\/","name":"Sonora en Equipo.","description":"Diario en l\u00ednea con Noticias desde Hermosillo, Sonora","publisher":{"@id":"https:\/\/www.sonoraenequipo.com.mx\/#organization"},"potentialAction":[{"@type":"SearchAction","target":{"@type":"EntryPoint","urlTemplate":"https:\/\/www.sonoraenequipo.com.mx\/?s={search_term_string}"},"query-input":{"@type":"PropertyValueSpecification","valueRequired":true,"valueName":"search_term_string"}}],"inLanguage":"es"},{"@type":"Organization","@id":"https:\/\/www.sonoraenequipo.com.mx\/#organization","name":"Sonoraenequipo.com.mx","url":"https:\/\/www.sonoraenequipo.com.mx\/","logo":{"@type":"ImageObject","inLanguage":"es","@id":"https:\/\/www.sonoraenequipo.com.mx\/#\/schema\/logo\/image\/","url":"https:\/\/www.sonoraenequipo.com.mx\/storage\/2019\/01\/sonoraenequipo_opt.png","contentUrl":"https:\/\/www.sonoraenequipo.com.mx\/storage\/2019\/01\/sonoraenequipo_opt.png","width":375,"height":125,"caption":"Sonoraenequipo.com.mx"},"image":{"@id":"https:\/\/www.sonoraenequipo.com.mx\/#\/schema\/logo\/image\/"},"sameAs":["https:\/\/www.facebook.com\/SonoraEE\/","https:\/\/x.com\/sonoraenequipo","https:\/\/www.youtube.com\/channel\/UC338nW-lPEYmJQs4ZABQ1SQ"]},{"@type":"Person","@id":"https:\/\/www.sonoraenequipo.com.mx\/#\/schema\/person\/50102df0fb23a8fa9e8effad8fa81386","name":"enequipo","image":{"@type":"ImageObject","inLanguage":"es","@id":"https:\/\/www.sonoraenequipo.com.mx\/#\/schema\/person\/image\/","url":"https:\/\/secure.gravatar.com\/avatar\/049821681b589dabc0bc20695993ccebb09f5b5d4d790cd9251b97faac7c652b?s=96&d=blank&r=g","contentUrl":"https:\/\/secure.gravatar.com\/avatar\/049821681b589dabc0bc20695993ccebb09f5b5d4d790cd9251b97faac7c652b?s=96&d=blank&r=g","caption":"enequipo"},"sameAs":["https:\/\/www.facebook.com\/SonoraEE"]}]}},"jetpack_featured_media_url":"https:\/\/www.sonoraenequipo.com.mx\/storage\/2023\/06\/Lopez-Obrador-2606.2023..-min-1-min.jpg","_links":{"self":[{"href":"https:\/\/www.sonoraenequipo.com.mx\/api\/wp\/v2\/posts\/169086","targetHints":{"allow":["GET"]}}],"collection":[{"href":"https:\/\/www.sonoraenequipo.com.mx\/api\/wp\/v2\/posts"}],"about":[{"href":"https:\/\/www.sonoraenequipo.com.mx\/api\/wp\/v2\/types\/post"}],"author":[{"embeddable":true,"href":"https:\/\/www.sonoraenequipo.com.mx\/api\/wp\/v2\/users\/1"}],"replies":[{"embeddable":true,"href":"https:\/\/www.sonoraenequipo.com.mx\/api\/wp\/v2\/comments?post=169086"}],"version-history":[{"count":2,"href":"https:\/\/www.sonoraenequipo.com.mx\/api\/wp\/v2\/posts\/169086\/revisions"}],"predecessor-version":[{"id":169089,"href":"https:\/\/www.sonoraenequipo.com.mx\/api\/wp\/v2\/posts\/169086\/revisions\/169089"}],"wp:featuredmedia":[{"embeddable":true,"href":"https:\/\/www.sonoraenequipo.com.mx\/api\/wp\/v2\/media\/169087"}],"wp:attachment":[{"href":"https:\/\/www.sonoraenequipo.com.mx\/api\/wp\/v2\/media?parent=169086"}],"wp:term":[{"taxonomy":"category","embeddable":true,"href":"https:\/\/www.sonoraenequipo.com.mx\/api\/wp\/v2\/categories?post=169086"},{"taxonomy":"post_tag","embeddable":true,"href":"https:\/\/www.sonoraenequipo.com.mx\/api\/wp\/v2\/tags?post=169086"}],"curies":[{"name":"wp","href":"https:\/\/api.w.org\/{rel}","templated":true}]}}