{"id":169176,"date":"2023-06-28T13:52:44","date_gmt":"2023-06-28T20:52:44","guid":{"rendered":"https:\/\/www.sonoraenequipo.com.mx\/?p=169176"},"modified":"2023-06-28T14:45:23","modified_gmt":"2023-06-28T21:45:23","slug":"amplia-isssteson-consulta-de-medico-familiar-a-los-fines-de-semana-y-dias-festivos-en-hermosillo","status":"publish","type":"post","link":"https:\/\/www.sonoraenequipo.com.mx\/amplia-isssteson-consulta-de-medico-familiar-a-los-fines-de-semana-y-dias-festivos-en-hermosillo\/","title":{"rendered":"Ampl\u00eda Isssteson consulta de m\u00e9dico familiar a los fines de semana y d\u00edas festivos en Hermosillo"},"content":{"rendered":"<p><strong>HERMOSILLO, SONORA,MX.<\/strong><strong>\u2500\u2500<\/strong> Para atender de manera m\u00e1s eficiente las necesidades de alrededor de 73 mil derechohabientes en Hermosillo, Isssteson inform\u00f3 que a partir del pr\u00f3ximo s\u00e1bado 1 de julio, ampl\u00eda los d\u00edas de atenci\u00f3n de m\u00e9dico familiar, consulta dental y el servicio de farmacia a los fines de semana, as\u00ed como en d\u00edas festivos.<\/p>\n<p>&nbsp;<\/p>\n<p>&nbsp;<\/p>\n<p>&nbsp;<\/p>\n<p>Dichos servicios se ofrecer\u00e1n en el Centro Integral de Atenci\u00f3n a la Salud, unidad Centro, de las calles Nayarit y 12 de Octubre, en la colonia San Benito, en horario de 07:00 a 21:00 horas.<\/p>\n<p>&nbsp;<\/p>\n<p>&nbsp;<\/p>\n<p>&nbsp;<\/p>\n<p>Detall\u00f3 que las citas m\u00e9dicas pueden agendarse a trav\u00e9s del Centro de Atenci\u00f3n Telef\u00f3nica, en los tel\u00e9fonos 6623190066 y 6623190067, o bien mediante la aplicaci\u00f3n m\u00f3vil MiISSSTESON.<\/p>\n<p>&nbsp;<\/p>\n<p>&nbsp;<\/p>\n<p>&nbsp;<\/p>\n<p>La instituci\u00f3n inform\u00f3 que el servicio se ofrecer\u00e1 a todos los derechohabientes de Hermosillo, sin importar el CIAS que les corresponda.<\/p>\n<p>&nbsp;<\/p>\n<p>&nbsp;<\/p>\n<p>&nbsp;<\/p>\n<p>Record\u00f3 adem\u00e1s que el horario del Centro de Atenci\u00f3n Telef\u00f3nico del Instituto es de lunes a viernes, de 07:15 a 20:45 horas, mientras que s\u00e1bados y d\u00edas festivos atiende de 08:00 a 15:00 horas.<\/p>\n<p><strong><em><u>Fecha de publicaci\u00f3n\u00a0 mi\u00e9rcoles 28 de junio de 2023<\/u><\/em><\/strong><\/p>\n","protected":false},"excerpt":{"rendered":"<p>HERMOSILLO, SONORA,MX.\u2500\u2500 Para atender de manera m\u00e1s eficiente las necesidades de alrededor de 73 mil&#8230;<\/p>\n","protected":false},"author":1,"featured_media":169177,"comment_status":"open","ping_status":"open","sticky":false,"template":"","format":"standard","meta":{"_monsterinsights_skip_tracking":false,"_monsterinsights_sitenote_active":false,"_monsterinsights_sitenote_note":"","_monsterinsights_sitenote_category":0,"footnotes":""},"categories":[22],"tags":[8665,331],"class_list":["post"],"yoast_head":" \n<title>Sonora en Equipo. Ampl\u00eda Isssteson consulta de m\u00e9dico familiar a los fines de semana y d\u00edas festivos en Hermosillo<\/title>\n<meta name=\"description\" content=\"HERMOSILLO, SONORA,MX.\u2500\u2500 Para atender de manera m\u00e1s eficiente las necesidades de alrededor de 73 mil derechohabientes en Hermosillo, Isssteson inform\u00f3 que En Sonora en Equipo publicamos toda la informaci\u00f3n de Sonora, M\u00e9xico y el Mundo de manera oportuna y busca que la libertad de expresi\u00f3n sea real. Visita nuestro medio informativo publicado desde Hermosillo, Sonora. %\" \/>\n<meta name=\"robots\" content=\"index, follow, max-snippet:-1, max-image-preview:large, max-video-preview:-1\" \/>\n<link rel=\"canonical\" href=\"https:\/\/www.sonoraenequipo.com.mx\/amplia-isssteson-consulta-de-medico-familiar-a-los-fines-de-semana-y-dias-festivos-en-hermosillo\/\" \/>\n<meta property=\"og:locale\" content=\"es_ES\" \/>\n<meta property=\"og:type\" content=\"article\" \/>\n<meta property=\"og:title\" content=\"Sonora en Equipo. Ampl\u00eda Isssteson consulta de m\u00e9dico familiar a los fines de semana y d\u00edas festivos en Hermosillo\" \/>\n<meta property=\"og:description\" content=\"HERMOSILLO, SONORA,MX.\u2500\u2500 Para atender de manera m\u00e1s eficiente las necesidades de alrededor de 73 mil derechohabientes en Hermosillo, Isssteson inform\u00f3 que En Sonora en Equipo publicamos toda la informaci\u00f3n de Sonora, M\u00e9xico y el Mundo de manera oportuna y busca que la libertad de expresi\u00f3n sea real. Visita nuestro medio informativo publicado desde Hermosillo, Sonora. %\" \/>\n<meta property=\"og:url\" content=\"https:\/\/www.sonoraenequipo.com.mx\/amplia-isssteson-consulta-de-medico-familiar-a-los-fines-de-semana-y-dias-festivos-en-hermosillo\/\" \/>\n<meta property=\"og:site_name\" content=\"Sonora en Equipo.\" \/>\n<meta property=\"article:publisher\" content=\"https:\/\/www.facebook.com\/SonoraEE\/\" \/>\n<meta property=\"article:author\" content=\"https:\/\/www.facebook.com\/SonoraEE\" \/>\n<meta property=\"article:published_time\" content=\"2023-06-28T20:52:44+00:00\" \/>\n<meta property=\"article:modified_time\" content=\"2023-06-28T21:45:23+00:00\" \/>\n<meta property=\"og:image\" content=\"https:\/\/www.sonoraenequipo.com.mx\/storage\/2023\/06\/issteson.jpg\" \/>\n\t<meta property=\"og:image:width\" content=\"600\" \/>\n\t<meta property=\"og:image:height\" content=\"400\" \/>\n\t<meta property=\"og:image:type\" content=\"image\/jpeg\" \/>\n<meta name=\"author\" content=\"enequipo\" \/>\n<meta name=\"twitter:card\" content=\"summary_large_image\" \/>\n<meta name=\"twitter:creator\" content=\"@sonoraenequipo\" \/>\n<meta name=\"twitter:site\" content=\"@sonoraenequipo\" \/>\n<meta name=\"twitter:label1\" content=\"Escrito por\" \/>\n\t<meta name=\"twitter:data1\" content=\"enequipo\" \/>\n\t<meta name=\"twitter:label2\" content=\"Tiempo de lectura\" \/>\n\t<meta name=\"twitter:data2\" content=\"1 minuto\" \/>\n<script type=\"application\/ld+json\" class=\"yoast-schema-graph\">{\"@context\":\"https:\/\/schema.org\",\"@graph\":[{\"@type\":\"Article\",\"@id\":\"https:\/\/www.sonoraenequipo.com.mx\/amplia-isssteson-consulta-de-medico-familiar-a-los-fines-de-semana-y-dias-festivos-en-hermosillo\/#article\",\"isPartOf\":{\"@id\":\"https:\/\/www.sonoraenequipo.com.mx\/amplia-isssteson-consulta-de-medico-familiar-a-los-fines-de-semana-y-dias-festivos-en-hermosillo\/\"},\"author\":{\"name\":\"enequipo\",\"@id\":\"https:\/\/www.sonoraenequipo.com.mx\/#\/schema\/person\/50102df0fb23a8fa9e8effad8fa81386\"},\"headline\":\"Ampl\u00eda Isssteson consulta de m\u00e9dico familiar a los fines de semana y d\u00edas festivos en Hermosillo\",\"datePublished\":\"2023-06-28T20:52:44+00:00\",\"dateModified\":\"2023-06-28T21:45:23+00:00\",\"mainEntityOfPage\":{\"@id\":\"https:\/\/www.sonoraenequipo.com.mx\/amplia-isssteson-consulta-de-medico-familiar-a-los-fines-de-semana-y-dias-festivos-en-hermosillo\/\"},\"wordCount\":224,\"commentCount\":0,\"publisher\":{\"@id\":\"https:\/\/www.sonoraenequipo.com.mx\/#organization\"},\"image\":{\"@id\":\"https:\/\/www.sonoraenequipo.com.mx\/amplia-isssteson-consulta-de-medico-familiar-a-los-fines-de-semana-y-dias-festivos-en-hermosillo\/#primaryimage\"},\"thumbnailUrl\":\"https:\/\/www.sonoraenequipo.com.mx\/storage\/2023\/06\/issteson.jpg\",\"keywords\":[\"consultas\",\"isssteson\"],\"articleSection\":[\"Sonora\"],\"inLanguage\":\"es\",\"potentialAction\":[{\"@type\":\"CommentAction\",\"name\":\"Comment\",\"target\":[\"https:\/\/www.sonoraenequipo.com.mx\/amplia-isssteson-consulta-de-medico-familiar-a-los-fines-de-semana-y-dias-festivos-en-hermosillo\/#respond\"]}]},{\"@type\":\"WebPage\",\"@id\":\"https:\/\/www.sonoraenequipo.com.mx\/amplia-isssteson-consulta-de-medico-familiar-a-los-fines-de-semana-y-dias-festivos-en-hermosillo\/\",\"url\":\"https:\/\/www.sonoraenequipo.com.mx\/amplia-isssteson-consulta-de-medico-familiar-a-los-fines-de-semana-y-dias-festivos-en-hermosillo\/\",\"name\":\"Sonora en Equipo. Ampl\u00eda Isssteson consulta de m\u00e9dico familiar a los fines de semana y d\u00edas festivos en Hermosillo\",\"isPartOf\":{\"@id\":\"https:\/\/www.sonoraenequipo.com.mx\/#website\"},\"primaryImageOfPage\":{\"@id\":\"https:\/\/www.sonoraenequipo.com.mx\/amplia-isssteson-consulta-de-medico-familiar-a-los-fines-de-semana-y-dias-festivos-en-hermosillo\/#primaryimage\"},\"image\":{\"@id\":\"https:\/\/www.sonoraenequipo.com.mx\/amplia-isssteson-consulta-de-medico-familiar-a-los-fines-de-semana-y-dias-festivos-en-hermosillo\/#primaryimage\"},\"thumbnailUrl\":\"https:\/\/www.sonoraenequipo.com.mx\/storage\/2023\/06\/issteson.jpg\",\"datePublished\":\"2023-06-28T20:52:44+00:00\",\"dateModified\":\"2023-06-28T21:45:23+00:00\",\"description\":\"HERMOSILLO, SONORA,MX.\u2500\u2500 Para atender de manera m\u00e1s eficiente las necesidades de alrededor de 73 mil derechohabientes en Hermosillo, Isssteson inform\u00f3 que En Sonora en Equipo publicamos toda la informaci\u00f3n de Sonora, M\u00e9xico y el Mundo de manera oportuna y busca que la libertad de expresi\u00f3n sea real. Visita nuestro medio informativo publicado desde Hermosillo, Sonora. %\",\"breadcrumb\":{\"@id\":\"https:\/\/www.sonoraenequipo.com.mx\/amplia-isssteson-consulta-de-medico-familiar-a-los-fines-de-semana-y-dias-festivos-en-hermosillo\/#breadcrumb\"},\"inLanguage\":\"es\",\"potentialAction\":[{\"@type\":\"ReadAction\",\"target\":[\"https:\/\/www.sonoraenequipo.com.mx\/amplia-isssteson-consulta-de-medico-familiar-a-los-fines-de-semana-y-dias-festivos-en-hermosillo\/\"]}]},{\"@type\":\"ImageObject\",\"inLanguage\":\"es\",\"@id\":\"https:\/\/www.sonoraenequipo.com.mx\/amplia-isssteson-consulta-de-medico-familiar-a-los-fines-de-semana-y-dias-festivos-en-hermosillo\/#primaryimage\",\"url\":\"https:\/\/www.sonoraenequipo.com.mx\/storage\/2023\/06\/issteson.jpg\",\"contentUrl\":\"https:\/\/www.sonoraenequipo.com.mx\/storage\/2023\/06\/issteson.jpg\",\"width\":600,\"height\":400},{\"@type\":\"BreadcrumbList\",\"@id\":\"https:\/\/www.sonoraenequipo.com.mx\/amplia-isssteson-consulta-de-medico-familiar-a-los-fines-de-semana-y-dias-festivos-en-hermosillo\/#breadcrumb\",\"itemListElement\":[{\"@type\":\"ListItem\",\"position\":1,\"name\":\"Portada\",\"item\":\"https:\/\/www.sonoraenequipo.com.mx\/\"},{\"@type\":\"ListItem\",\"position\":2,\"name\":\"Ampl\u00eda Isssteson consulta de m\u00e9dico familiar a los fines de semana y d\u00edas festivos en Hermosillo\"}]},{\"@type\":\"WebSite\",\"@id\":\"https:\/\/www.sonoraenequipo.com.mx\/#website\",\"url\":\"https:\/\/www.sonoraenequipo.com.mx\/\",\"name\":\"Sonora en Equipo.\",\"description\":\"Diario en l\u00ednea con Noticias desde Hermosillo, Sonora\",\"publisher\":{\"@id\":\"https:\/\/www.sonoraenequipo.com.mx\/#organization\"},\"potentialAction\":[{\"@type\":\"SearchAction\",\"target\":{\"@type\":\"EntryPoint\",\"urlTemplate\":\"https:\/\/www.sonoraenequipo.com.mx\/?s={search_term_string}\"},\"query-input\":{\"@type\":\"PropertyValueSpecification\",\"valueRequired\":true,\"valueName\":\"search_term_string\"}}],\"inLanguage\":\"es\"},{\"@type\":\"Organization\",\"@id\":\"https:\/\/www.sonoraenequipo.com.mx\/#organization\",\"name\":\"Sonoraenequipo.com.mx\",\"url\":\"https:\/\/www.sonoraenequipo.com.mx\/\",\"logo\":{\"@type\":\"ImageObject\",\"inLanguage\":\"es\",\"@id\":\"https:\/\/www.sonoraenequipo.com.mx\/#\/schema\/logo\/image\/\",\"url\":\"https:\/\/www.sonoraenequipo.com.mx\/storage\/2019\/01\/sonoraenequipo_opt.png\",\"contentUrl\":\"https:\/\/www.sonoraenequipo.com.mx\/storage\/2019\/01\/sonoraenequipo_opt.png\",\"width\":375,\"height\":125,\"caption\":\"Sonoraenequipo.com.mx\"},\"image\":{\"@id\":\"https:\/\/www.sonoraenequipo.com.mx\/#\/schema\/logo\/image\/\"},\"sameAs\":[\"https:\/\/www.facebook.com\/SonoraEE\/\",\"https:\/\/x.com\/sonoraenequipo\",\"https:\/\/www.youtube.com\/channel\/UC338nW-lPEYmJQs4ZABQ1SQ\"]},{\"@type\":\"Person\",\"@id\":\"https:\/\/www.sonoraenequipo.com.mx\/#\/schema\/person\/50102df0fb23a8fa9e8effad8fa81386\",\"name\":\"enequipo\",\"image\":{\"@type\":\"ImageObject\",\"inLanguage\":\"es\",\"@id\":\"https:\/\/www.sonoraenequipo.com.mx\/#\/schema\/person\/image\/\",\"url\":\"https:\/\/secure.gravatar.com\/avatar\/049821681b589dabc0bc20695993ccebb09f5b5d4d790cd9251b97faac7c652b?s=96&d=blank&r=g\",\"contentUrl\":\"https:\/\/secure.gravatar.com\/avatar\/049821681b589dabc0bc20695993ccebb09f5b5d4d790cd9251b97faac7c652b?s=96&d=blank&r=g\",\"caption\":\"enequipo\"},\"sameAs\":[\"https:\/\/www.facebook.com\/SonoraEE\"]}]}<\/script>\n ","yoast_head_json":{"title":"Sonora en Equipo. Ampl\u00eda Isssteson consulta de m\u00e9dico familiar a los fines de semana y d\u00edas festivos en Hermosillo","description":"HERMOSILLO, SONORA,MX.\u2500\u2500 Para atender de manera m\u00e1s eficiente las necesidades de alrededor de 73 mil derechohabientes en Hermosillo, Isssteson inform\u00f3 que En Sonora en Equipo publicamos toda la informaci\u00f3n de Sonora, M\u00e9xico y el Mundo de manera oportuna y busca que la libertad de expresi\u00f3n sea real. Visita nuestro medio informativo publicado desde Hermosillo, Sonora. %","robots":{"index":"index","follow":"follow","max-snippet":"max-snippet:-1","max-image-preview":"max-image-preview:large","max-video-preview":"max-video-preview:-1"},"canonical":"https:\/\/www.sonoraenequipo.com.mx\/amplia-isssteson-consulta-de-medico-familiar-a-los-fines-de-semana-y-dias-festivos-en-hermosillo\/","og_locale":"es_ES","og_type":"article","og_title":"Sonora en Equipo. Ampl\u00eda Isssteson consulta de m\u00e9dico familiar a los fines de semana y d\u00edas festivos en Hermosillo","og_description":"HERMOSILLO, SONORA,MX.\u2500\u2500 Para atender de manera m\u00e1s eficiente las necesidades de alrededor de 73 mil derechohabientes en Hermosillo, Isssteson inform\u00f3 que En Sonora en Equipo publicamos toda la informaci\u00f3n de Sonora, M\u00e9xico y el Mundo de manera oportuna y busca que la libertad de expresi\u00f3n sea real. Visita nuestro medio informativo publicado desde Hermosillo, Sonora. %","og_url":"https:\/\/www.sonoraenequipo.com.mx\/amplia-isssteson-consulta-de-medico-familiar-a-los-fines-de-semana-y-dias-festivos-en-hermosillo\/","og_site_name":"Sonora en Equipo.","article_publisher":"https:\/\/www.facebook.com\/SonoraEE\/","article_author":"https:\/\/www.facebook.com\/SonoraEE","article_published_time":"2023-06-28T20:52:44+00:00","article_modified_time":"2023-06-28T21:45:23+00:00","og_image":[{"width":600,"height":400,"url":"https:\/\/www.sonoraenequipo.com.mx\/storage\/2023\/06\/issteson.jpg","type":"image\/jpeg"}],"author":"enequipo","twitter_card":"summary_large_image","twitter_creator":"@sonoraenequipo","twitter_site":"@sonoraenequipo","twitter_misc":{"Escrito por":"enequipo","Tiempo de lectura":"1 minuto"},"schema":{"@context":"https:\/\/schema.org","@graph":[{"@type":"Article","@id":"https:\/\/www.sonoraenequipo.com.mx\/amplia-isssteson-consulta-de-medico-familiar-a-los-fines-de-semana-y-dias-festivos-en-hermosillo\/#article","isPartOf":{"@id":"https:\/\/www.sonoraenequipo.com.mx\/amplia-isssteson-consulta-de-medico-familiar-a-los-fines-de-semana-y-dias-festivos-en-hermosillo\/"},"author":{"name":"enequipo","@id":"https:\/\/www.sonoraenequipo.com.mx\/#\/schema\/person\/50102df0fb23a8fa9e8effad8fa81386"},"headline":"Ampl\u00eda Isssteson consulta de m\u00e9dico familiar a los fines de semana y d\u00edas festivos en Hermosillo","datePublished":"2023-06-28T20:52:44+00:00","dateModified":"2023-06-28T21:45:23+00:00","mainEntityOfPage":{"@id":"https:\/\/www.sonoraenequipo.com.mx\/amplia-isssteson-consulta-de-medico-familiar-a-los-fines-de-semana-y-dias-festivos-en-hermosillo\/"},"wordCount":224,"commentCount":0,"publisher":{"@id":"https:\/\/www.sonoraenequipo.com.mx\/#organization"},"image":{"@id":"https:\/\/www.sonoraenequipo.com.mx\/amplia-isssteson-consulta-de-medico-familiar-a-los-fines-de-semana-y-dias-festivos-en-hermosillo\/#primaryimage"},"thumbnailUrl":"https:\/\/www.sonoraenequipo.com.mx\/storage\/2023\/06\/issteson.jpg","keywords":["consultas","isssteson"],"articleSection":["Sonora"],"inLanguage":"es","potentialAction":[{"@type":"CommentAction","name":"Comment","target":["https:\/\/www.sonoraenequipo.com.mx\/amplia-isssteson-consulta-de-medico-familiar-a-los-fines-de-semana-y-dias-festivos-en-hermosillo\/#respond"]}]},{"@type":"WebPage","@id":"https:\/\/www.sonoraenequipo.com.mx\/amplia-isssteson-consulta-de-medico-familiar-a-los-fines-de-semana-y-dias-festivos-en-hermosillo\/","url":"https:\/\/www.sonoraenequipo.com.mx\/amplia-isssteson-consulta-de-medico-familiar-a-los-fines-de-semana-y-dias-festivos-en-hermosillo\/","name":"Sonora en Equipo. Ampl\u00eda Isssteson consulta de m\u00e9dico familiar a los fines de semana y d\u00edas festivos en Hermosillo","isPartOf":{"@id":"https:\/\/www.sonoraenequipo.com.mx\/#website"},"primaryImageOfPage":{"@id":"https:\/\/www.sonoraenequipo.com.mx\/amplia-isssteson-consulta-de-medico-familiar-a-los-fines-de-semana-y-dias-festivos-en-hermosillo\/#primaryimage"},"image":{"@id":"https:\/\/www.sonoraenequipo.com.mx\/amplia-isssteson-consulta-de-medico-familiar-a-los-fines-de-semana-y-dias-festivos-en-hermosillo\/#primaryimage"},"thumbnailUrl":"https:\/\/www.sonoraenequipo.com.mx\/storage\/2023\/06\/issteson.jpg","datePublished":"2023-06-28T20:52:44+00:00","dateModified":"2023-06-28T21:45:23+00:00","description":"HERMOSILLO, SONORA,MX.\u2500\u2500 Para atender de manera m\u00e1s eficiente las necesidades de alrededor de 73 mil derechohabientes en Hermosillo, Isssteson inform\u00f3 que En Sonora en Equipo publicamos toda la informaci\u00f3n de Sonora, M\u00e9xico y el Mundo de manera oportuna y busca que la libertad de expresi\u00f3n sea real. Visita nuestro medio informativo publicado desde Hermosillo, Sonora. %","breadcrumb":{"@id":"https:\/\/www.sonoraenequipo.com.mx\/amplia-isssteson-consulta-de-medico-familiar-a-los-fines-de-semana-y-dias-festivos-en-hermosillo\/#breadcrumb"},"inLanguage":"es","potentialAction":[{"@type":"ReadAction","target":["https:\/\/www.sonoraenequipo.com.mx\/amplia-isssteson-consulta-de-medico-familiar-a-los-fines-de-semana-y-dias-festivos-en-hermosillo\/"]}]},{"@type":"ImageObject","inLanguage":"es","@id":"https:\/\/www.sonoraenequipo.com.mx\/amplia-isssteson-consulta-de-medico-familiar-a-los-fines-de-semana-y-dias-festivos-en-hermosillo\/#primaryimage","url":"https:\/\/www.sonoraenequipo.com.mx\/storage\/2023\/06\/issteson.jpg","contentUrl":"https:\/\/www.sonoraenequipo.com.mx\/storage\/2023\/06\/issteson.jpg","width":600,"height":400},{"@type":"BreadcrumbList","@id":"https:\/\/www.sonoraenequipo.com.mx\/amplia-isssteson-consulta-de-medico-familiar-a-los-fines-de-semana-y-dias-festivos-en-hermosillo\/#breadcrumb","itemListElement":[{"@type":"ListItem","position":1,"name":"Portada","item":"https:\/\/www.sonoraenequipo.com.mx\/"},{"@type":"ListItem","position":2,"name":"Ampl\u00eda Isssteson consulta de m\u00e9dico familiar a los fines de semana y d\u00edas festivos en Hermosillo"}]},{"@type":"WebSite","@id":"https:\/\/www.sonoraenequipo.com.mx\/#website","url":"https:\/\/www.sonoraenequipo.com.mx\/","name":"Sonora en Equipo.","description":"Diario en l\u00ednea con Noticias desde Hermosillo, Sonora","publisher":{"@id":"https:\/\/www.sonoraenequipo.com.mx\/#organization"},"potentialAction":[{"@type":"SearchAction","target":{"@type":"EntryPoint","urlTemplate":"https:\/\/www.sonoraenequipo.com.mx\/?s={search_term_string}"},"query-input":{"@type":"PropertyValueSpecification","valueRequired":true,"valueName":"search_term_string"}}],"inLanguage":"es"},{"@type":"Organization","@id":"https:\/\/www.sonoraenequipo.com.mx\/#organization","name":"Sonoraenequipo.com.mx","url":"https:\/\/www.sonoraenequipo.com.mx\/","logo":{"@type":"ImageObject","inLanguage":"es","@id":"https:\/\/www.sonoraenequipo.com.mx\/#\/schema\/logo\/image\/","url":"https:\/\/www.sonoraenequipo.com.mx\/storage\/2019\/01\/sonoraenequipo_opt.png","contentUrl":"https:\/\/www.sonoraenequipo.com.mx\/storage\/2019\/01\/sonoraenequipo_opt.png","width":375,"height":125,"caption":"Sonoraenequipo.com.mx"},"image":{"@id":"https:\/\/www.sonoraenequipo.com.mx\/#\/schema\/logo\/image\/"},"sameAs":["https:\/\/www.facebook.com\/SonoraEE\/","https:\/\/x.com\/sonoraenequipo","https:\/\/www.youtube.com\/channel\/UC338nW-lPEYmJQs4ZABQ1SQ"]},{"@type":"Person","@id":"https:\/\/www.sonoraenequipo.com.mx\/#\/schema\/person\/50102df0fb23a8fa9e8effad8fa81386","name":"enequipo","image":{"@type":"ImageObject","inLanguage":"es","@id":"https:\/\/www.sonoraenequipo.com.mx\/#\/schema\/person\/image\/","url":"https:\/\/secure.gravatar.com\/avatar\/049821681b589dabc0bc20695993ccebb09f5b5d4d790cd9251b97faac7c652b?s=96&d=blank&r=g","contentUrl":"https:\/\/secure.gravatar.com\/avatar\/049821681b589dabc0bc20695993ccebb09f5b5d4d790cd9251b97faac7c652b?s=96&d=blank&r=g","caption":"enequipo"},"sameAs":["https:\/\/www.facebook.com\/SonoraEE"]}]}},"jetpack_featured_media_url":"https:\/\/www.sonoraenequipo.com.mx\/storage\/2023\/06\/issteson.jpg","_links":{"self":[{"href":"https:\/\/www.sonoraenequipo.com.mx\/api\/wp\/v2\/posts\/169176","targetHints":{"allow":["GET"]}}],"collection":[{"href":"https:\/\/www.sonoraenequipo.com.mx\/api\/wp\/v2\/posts"}],"about":[{"href":"https:\/\/www.sonoraenequipo.com.mx\/api\/wp\/v2\/types\/post"}],"author":[{"embeddable":true,"href":"https:\/\/www.sonoraenequipo.com.mx\/api\/wp\/v2\/users\/1"}],"replies":[{"embeddable":true,"href":"https:\/\/www.sonoraenequipo.com.mx\/api\/wp\/v2\/comments?post=169176"}],"version-history":[{"count":1,"href":"https:\/\/www.sonoraenequipo.com.mx\/api\/wp\/v2\/posts\/169176\/revisions"}],"predecessor-version":[{"id":169178,"href":"https:\/\/www.sonoraenequipo.com.mx\/api\/wp\/v2\/posts\/169176\/revisions\/169178"}],"wp:featuredmedia":[{"embeddable":true,"href":"https:\/\/www.sonoraenequipo.com.mx\/api\/wp\/v2\/media\/169177"}],"wp:attachment":[{"href":"https:\/\/www.sonoraenequipo.com.mx\/api\/wp\/v2\/media?parent=169176"}],"wp:term":[{"taxonomy":"category","embeddable":true,"href":"https:\/\/www.sonoraenequipo.com.mx\/api\/wp\/v2\/categories?post=169176"},{"taxonomy":"post_tag","embeddable":true,"href":"https:\/\/www.sonoraenequipo.com.mx\/api\/wp\/v2\/tags?post=169176"}],"curies":[{"name":"wp","href":"https:\/\/api.w.org\/{rel}","templated":true}]}}