{"id":169182,"date":"2023-06-28T15:10:49","date_gmt":"2023-06-28T22:10:49","guid":{"rendered":"https:\/\/www.sonoraenequipo.com.mx\/?p=169182"},"modified":"2023-06-28T14:58:25","modified_gmt":"2023-06-28T21:58:25","slug":"medio-millon-de-alemanes-abandono-iglesia-catolica","status":"publish","type":"post","link":"https:\/\/www.sonoraenequipo.com.mx\/medio-millon-de-alemanes-abandono-iglesia-catolica\/","title":{"rendered":"Medio mill\u00f3n de alemanes abandon\u00f3 Iglesia cat\u00f3lica"},"content":{"rendered":"<p><strong>ALEMANIA.<\/strong> \u2014 M\u00e1s de medio mill\u00f3n de personas abandonaron la Iglesia cat\u00f3lica en Alemania el a\u00f1o pasado, lo que marca un nuevo r\u00e9cord dentro de una tendencia al alza desde hace a\u00f1os, seg\u00fan estad\u00edsticas presentadas este mi\u00e9rcoles (28.06.2023) por la Conferencia Episcopal alemana en Bonn (oeste).<\/p>\n<p>&nbsp;<\/p>\n<p> <\/p>\n<p>&nbsp;<\/p>\n<p>En 2022 dieron la espalda a la instituci\u00f3n 522.821 personas, frente a las 359.338 que lo hab\u00edan hecho el a\u00f1o anterior, lo que sumado a las muertes de fieles supone una p\u00e9rdida de m\u00e1s de 700.000 miembros para la instituci\u00f3n.<\/p>\n<p>&nbsp;<\/p>\n<p>&nbsp;<\/p>\n<p>Al mismo tiempo, se registraron 155.173 bautizos, 1.447 ingresos de fieles cristianos procedentes de otras denominaciones y 3.753 reingresos de individuos que hab\u00edan abandonado el catolicismo.<\/p>\n<p>&nbsp;<\/p>\n<p>A pesar del incremento del n\u00famero de salidas, especialmente marcado tras la presentaci\u00f3n en enero del a\u00f1o pasado de un informe sobre abusos sexuales a menores en el arzobispado de M\u00fanich y Frisinga, se contabilizan todav\u00eda casi 21 millones de fieles, el 24,8 % de la poblaci\u00f3n total.<\/p>\n<p>&nbsp;<\/p>\n<h3>Solicitud de sacramentos crece, seg\u00fan la Iglesia<\/h3>\n<p>&nbsp;<\/p>\n<p>La Conferencia Episcopal indic\u00f3 en su comunicado que por contra, despu\u00e9s de la pandemia, la frecuencia con que se solicitan ciertos sacramentos se ha incrementado. As\u00ed, en 2022 se celebraron 35.467 matrimonios religiosos (frente a los 20.140 del a\u00f1o anterior) y 155.173 bautizos (frente a los 141.992 en 2021).<\/p>\n<p>&nbsp;<\/p>\n<p>El n\u00famero de parroquias, en tanto, continu\u00f3 disminuyendo, hasta 9.624 (166 menos que el a\u00f1o anterior), igual que el de sacerdotes, 11.987 seg\u00fan los datos m\u00e1s recientes (293 menos que en 2021).<\/p>\n<p>&nbsp;<\/p>\n<p>La Iglesia evang\u00e9lica de Alemania tambi\u00e9n est\u00e1 perdiendo fieles, aunque a un ritmo ligeramente inferior, y seg\u00fan estad\u00edsticas presentadas en marzo, el a\u00f1o pasado se registraron 380.000 salidas, 100.000 m\u00e1s que el a\u00f1o anterior, a lo que hay que sumar aproximadamente 200.000 muertes de fieles.<\/p>\n<p>&nbsp;<\/p>\n<p>19,1 millones de alemanes estaban contabilizados el a\u00f1o pasado como miembros de la Iglesia evang\u00e9lica alemana, lo que supone un 22,7 % de la poblaci\u00f3n.<\/p>\n<p>&nbsp;<\/p>\n<p>&nbsp;<\/p>\n<p>PUBLICADO EL 28 DE JUNIO DE 2023\/ Con informaci\u00f3n de EFE\/NDR\/EE)<\/p>\n","protected":false},"excerpt":{"rendered":"<p>ALEMANIA. \u2014 M\u00e1s de medio mill\u00f3n de personas abandonaron la Iglesia cat\u00f3lica en Alemania el&#8230;<\/p>\n","protected":false},"author":1,"featured_media":169183,"comment_status":"open","ping_status":"open","sticky":false,"template":"","format":"standard","meta":{"_monsterinsights_skip_tracking":false,"_monsterinsights_sitenote_active":false,"_monsterinsights_sitenote_note":"","_monsterinsights_sitenote_category":0,"footnotes":""},"categories":[3],"tags":[],"class_list":["post"],"yoast_head":" \n<title>Sonora en Equipo. Medio mill\u00f3n de alemanes abandon\u00f3 Iglesia cat\u00f3lica MUNDO<\/title>\n<meta name=\"description\" content=\"ALEMANIA. \u2014 M\u00e1s de medio mill\u00f3n de personas abandonaron la Iglesia cat\u00f3lica en Alemania el a\u00f1o pasado, lo que marca un nuevo r\u00e9cord dentro de una En Sonora en Equipo publicamos toda la informaci\u00f3n de Sonora, M\u00e9xico y el Mundo de manera oportuna y busca que la libertad de expresi\u00f3n sea real. Visita nuestro medio informativo publicado desde Hermosillo, Sonora. %\" \/>\n<meta name=\"robots\" content=\"index, follow, max-snippet:-1, max-image-preview:large, max-video-preview:-1\" \/>\n<link rel=\"canonical\" href=\"https:\/\/www.sonoraenequipo.com.mx\/medio-millon-de-alemanes-abandono-iglesia-catolica\/\" \/>\n<meta property=\"og:locale\" content=\"es_ES\" \/>\n<meta property=\"og:type\" content=\"article\" \/>\n<meta property=\"og:title\" content=\"Sonora en Equipo. Medio mill\u00f3n de alemanes abandon\u00f3 Iglesia cat\u00f3lica MUNDO\" \/>\n<meta property=\"og:description\" content=\"ALEMANIA. \u2014 M\u00e1s de medio mill\u00f3n de personas abandonaron la Iglesia cat\u00f3lica en Alemania el a\u00f1o pasado, lo que marca un nuevo r\u00e9cord dentro de una En Sonora en Equipo publicamos toda la informaci\u00f3n de Sonora, M\u00e9xico y el Mundo de manera oportuna y busca que la libertad de expresi\u00f3n sea real. Visita nuestro medio informativo publicado desde Hermosillo, Sonora. %\" \/>\n<meta property=\"og:url\" content=\"https:\/\/www.sonoraenequipo.com.mx\/medio-millon-de-alemanes-abandono-iglesia-catolica\/\" \/>\n<meta property=\"og:site_name\" content=\"Sonora en Equipo.\" \/>\n<meta property=\"article:publisher\" content=\"https:\/\/www.facebook.com\/SonoraEE\/\" \/>\n<meta property=\"article:author\" content=\"https:\/\/www.facebook.com\/SonoraEE\" \/>\n<meta property=\"article:published_time\" content=\"2023-06-28T22:10:49+00:00\" \/>\n<meta property=\"og:image\" content=\"https:\/\/www.sonoraenequipo.com.mx\/storage\/2023\/06\/catolicismo-en-alemania...-min.jpg\" \/>\n\t<meta property=\"og:image:width\" content=\"900\" \/>\n\t<meta property=\"og:image:height\" content=\"613\" \/>\n\t<meta property=\"og:image:type\" content=\"image\/jpeg\" \/>\n<meta name=\"author\" content=\"enequipo\" \/>\n<meta name=\"twitter:card\" content=\"summary_large_image\" \/>\n<meta name=\"twitter:creator\" content=\"@sonoraenequipo\" \/>\n<meta name=\"twitter:site\" content=\"@sonoraenequipo\" \/>\n<meta name=\"twitter:label1\" content=\"Escrito por\" \/>\n\t<meta name=\"twitter:data1\" content=\"enequipo\" \/>\n\t<meta name=\"twitter:label2\" content=\"Tiempo de lectura\" \/>\n\t<meta name=\"twitter:data2\" content=\"2 minutos\" \/>\n<script type=\"application\/ld+json\" class=\"yoast-schema-graph\">{\"@context\":\"https:\/\/schema.org\",\"@graph\":[{\"@type\":\"Article\",\"@id\":\"https:\/\/www.sonoraenequipo.com.mx\/medio-millon-de-alemanes-abandono-iglesia-catolica\/#article\",\"isPartOf\":{\"@id\":\"https:\/\/www.sonoraenequipo.com.mx\/medio-millon-de-alemanes-abandono-iglesia-catolica\/\"},\"author\":{\"name\":\"enequipo\",\"@id\":\"https:\/\/www.sonoraenequipo.com.mx\/#\/schema\/person\/50102df0fb23a8fa9e8effad8fa81386\"},\"headline\":\"Medio mill\u00f3n de alemanes abandon\u00f3 Iglesia cat\u00f3lica\",\"datePublished\":\"2023-06-28T22:10:49+00:00\",\"mainEntityOfPage\":{\"@id\":\"https:\/\/www.sonoraenequipo.com.mx\/medio-millon-de-alemanes-abandono-iglesia-catolica\/\"},\"wordCount\":361,\"commentCount\":0,\"publisher\":{\"@id\":\"https:\/\/www.sonoraenequipo.com.mx\/#organization\"},\"image\":{\"@id\":\"https:\/\/www.sonoraenequipo.com.mx\/medio-millon-de-alemanes-abandono-iglesia-catolica\/#primaryimage\"},\"thumbnailUrl\":\"https:\/\/www.sonoraenequipo.com.mx\/storage\/2023\/06\/catolicismo-en-alemania...-min.jpg\",\"articleSection\":[\"MUNDO\"],\"inLanguage\":\"es\",\"potentialAction\":[{\"@type\":\"CommentAction\",\"name\":\"Comment\",\"target\":[\"https:\/\/www.sonoraenequipo.com.mx\/medio-millon-de-alemanes-abandono-iglesia-catolica\/#respond\"]}]},{\"@type\":\"WebPage\",\"@id\":\"https:\/\/www.sonoraenequipo.com.mx\/medio-millon-de-alemanes-abandono-iglesia-catolica\/\",\"url\":\"https:\/\/www.sonoraenequipo.com.mx\/medio-millon-de-alemanes-abandono-iglesia-catolica\/\",\"name\":\"Sonora en Equipo. Medio mill\u00f3n de alemanes abandon\u00f3 Iglesia cat\u00f3lica MUNDO\",\"isPartOf\":{\"@id\":\"https:\/\/www.sonoraenequipo.com.mx\/#website\"},\"primaryImageOfPage\":{\"@id\":\"https:\/\/www.sonoraenequipo.com.mx\/medio-millon-de-alemanes-abandono-iglesia-catolica\/#primaryimage\"},\"image\":{\"@id\":\"https:\/\/www.sonoraenequipo.com.mx\/medio-millon-de-alemanes-abandono-iglesia-catolica\/#primaryimage\"},\"thumbnailUrl\":\"https:\/\/www.sonoraenequipo.com.mx\/storage\/2023\/06\/catolicismo-en-alemania...-min.jpg\",\"datePublished\":\"2023-06-28T22:10:49+00:00\",\"description\":\"ALEMANIA. \u2014 M\u00e1s de medio mill\u00f3n de personas abandonaron la Iglesia cat\u00f3lica en Alemania el a\u00f1o pasado, lo que marca un nuevo r\u00e9cord dentro de una En Sonora en Equipo publicamos toda la informaci\u00f3n de Sonora, M\u00e9xico y el Mundo de manera oportuna y busca que la libertad de expresi\u00f3n sea real. Visita nuestro medio informativo publicado desde Hermosillo, Sonora. %\",\"breadcrumb\":{\"@id\":\"https:\/\/www.sonoraenequipo.com.mx\/medio-millon-de-alemanes-abandono-iglesia-catolica\/#breadcrumb\"},\"inLanguage\":\"es\",\"potentialAction\":[{\"@type\":\"ReadAction\",\"target\":[\"https:\/\/www.sonoraenequipo.com.mx\/medio-millon-de-alemanes-abandono-iglesia-catolica\/\"]}]},{\"@type\":\"ImageObject\",\"inLanguage\":\"es\",\"@id\":\"https:\/\/www.sonoraenequipo.com.mx\/medio-millon-de-alemanes-abandono-iglesia-catolica\/#primaryimage\",\"url\":\"https:\/\/www.sonoraenequipo.com.mx\/storage\/2023\/06\/catolicismo-en-alemania...-min.jpg\",\"contentUrl\":\"https:\/\/www.sonoraenequipo.com.mx\/storage\/2023\/06\/catolicismo-en-alemania...-min.jpg\",\"width\":900,\"height\":613},{\"@type\":\"BreadcrumbList\",\"@id\":\"https:\/\/www.sonoraenequipo.com.mx\/medio-millon-de-alemanes-abandono-iglesia-catolica\/#breadcrumb\",\"itemListElement\":[{\"@type\":\"ListItem\",\"position\":1,\"name\":\"Portada\",\"item\":\"https:\/\/www.sonoraenequipo.com.mx\/\"},{\"@type\":\"ListItem\",\"position\":2,\"name\":\"Medio mill\u00f3n de alemanes abandon\u00f3 Iglesia cat\u00f3lica\"}]},{\"@type\":\"WebSite\",\"@id\":\"https:\/\/www.sonoraenequipo.com.mx\/#website\",\"url\":\"https:\/\/www.sonoraenequipo.com.mx\/\",\"name\":\"Sonora en Equipo.\",\"description\":\"Diario en l\u00ednea con Noticias desde Hermosillo, Sonora\",\"publisher\":{\"@id\":\"https:\/\/www.sonoraenequipo.com.mx\/#organization\"},\"potentialAction\":[{\"@type\":\"SearchAction\",\"target\":{\"@type\":\"EntryPoint\",\"urlTemplate\":\"https:\/\/www.sonoraenequipo.com.mx\/?s={search_term_string}\"},\"query-input\":{\"@type\":\"PropertyValueSpecification\",\"valueRequired\":true,\"valueName\":\"search_term_string\"}}],\"inLanguage\":\"es\"},{\"@type\":\"Organization\",\"@id\":\"https:\/\/www.sonoraenequipo.com.mx\/#organization\",\"name\":\"Sonoraenequipo.com.mx\",\"url\":\"https:\/\/www.sonoraenequipo.com.mx\/\",\"logo\":{\"@type\":\"ImageObject\",\"inLanguage\":\"es\",\"@id\":\"https:\/\/www.sonoraenequipo.com.mx\/#\/schema\/logo\/image\/\",\"url\":\"https:\/\/www.sonoraenequipo.com.mx\/storage\/2019\/01\/sonoraenequipo_opt.png\",\"contentUrl\":\"https:\/\/www.sonoraenequipo.com.mx\/storage\/2019\/01\/sonoraenequipo_opt.png\",\"width\":375,\"height\":125,\"caption\":\"Sonoraenequipo.com.mx\"},\"image\":{\"@id\":\"https:\/\/www.sonoraenequipo.com.mx\/#\/schema\/logo\/image\/\"},\"sameAs\":[\"https:\/\/www.facebook.com\/SonoraEE\/\",\"https:\/\/x.com\/sonoraenequipo\",\"https:\/\/www.youtube.com\/channel\/UC338nW-lPEYmJQs4ZABQ1SQ\"]},{\"@type\":\"Person\",\"@id\":\"https:\/\/www.sonoraenequipo.com.mx\/#\/schema\/person\/50102df0fb23a8fa9e8effad8fa81386\",\"name\":\"enequipo\",\"image\":{\"@type\":\"ImageObject\",\"inLanguage\":\"es\",\"@id\":\"https:\/\/www.sonoraenequipo.com.mx\/#\/schema\/person\/image\/\",\"url\":\"https:\/\/secure.gravatar.com\/avatar\/049821681b589dabc0bc20695993ccebb09f5b5d4d790cd9251b97faac7c652b?s=96&d=blank&r=g\",\"contentUrl\":\"https:\/\/secure.gravatar.com\/avatar\/049821681b589dabc0bc20695993ccebb09f5b5d4d790cd9251b97faac7c652b?s=96&d=blank&r=g\",\"caption\":\"enequipo\"},\"sameAs\":[\"https:\/\/www.facebook.com\/SonoraEE\"]}]}<\/script>\n ","yoast_head_json":{"title":"Sonora en Equipo. Medio mill\u00f3n de alemanes abandon\u00f3 Iglesia cat\u00f3lica MUNDO","description":"ALEMANIA. \u2014 M\u00e1s de medio mill\u00f3n de personas abandonaron la Iglesia cat\u00f3lica en Alemania el a\u00f1o pasado, lo que marca un nuevo r\u00e9cord dentro de una En Sonora en Equipo publicamos toda la informaci\u00f3n de Sonora, M\u00e9xico y el Mundo de manera oportuna y busca que la libertad de expresi\u00f3n sea real. Visita nuestro medio informativo publicado desde Hermosillo, Sonora. %","robots":{"index":"index","follow":"follow","max-snippet":"max-snippet:-1","max-image-preview":"max-image-preview:large","max-video-preview":"max-video-preview:-1"},"canonical":"https:\/\/www.sonoraenequipo.com.mx\/medio-millon-de-alemanes-abandono-iglesia-catolica\/","og_locale":"es_ES","og_type":"article","og_title":"Sonora en Equipo. Medio mill\u00f3n de alemanes abandon\u00f3 Iglesia cat\u00f3lica MUNDO","og_description":"ALEMANIA. \u2014 M\u00e1s de medio mill\u00f3n de personas abandonaron la Iglesia cat\u00f3lica en Alemania el a\u00f1o pasado, lo que marca un nuevo r\u00e9cord dentro de una En Sonora en Equipo publicamos toda la informaci\u00f3n de Sonora, M\u00e9xico y el Mundo de manera oportuna y busca que la libertad de expresi\u00f3n sea real. Visita nuestro medio informativo publicado desde Hermosillo, Sonora. %","og_url":"https:\/\/www.sonoraenequipo.com.mx\/medio-millon-de-alemanes-abandono-iglesia-catolica\/","og_site_name":"Sonora en Equipo.","article_publisher":"https:\/\/www.facebook.com\/SonoraEE\/","article_author":"https:\/\/www.facebook.com\/SonoraEE","article_published_time":"2023-06-28T22:10:49+00:00","og_image":[{"width":900,"height":613,"url":"https:\/\/www.sonoraenequipo.com.mx\/storage\/2023\/06\/catolicismo-en-alemania...-min.jpg","type":"image\/jpeg"}],"author":"enequipo","twitter_card":"summary_large_image","twitter_creator":"@sonoraenequipo","twitter_site":"@sonoraenequipo","twitter_misc":{"Escrito por":"enequipo","Tiempo de lectura":"2 minutos"},"schema":{"@context":"https:\/\/schema.org","@graph":[{"@type":"Article","@id":"https:\/\/www.sonoraenequipo.com.mx\/medio-millon-de-alemanes-abandono-iglesia-catolica\/#article","isPartOf":{"@id":"https:\/\/www.sonoraenequipo.com.mx\/medio-millon-de-alemanes-abandono-iglesia-catolica\/"},"author":{"name":"enequipo","@id":"https:\/\/www.sonoraenequipo.com.mx\/#\/schema\/person\/50102df0fb23a8fa9e8effad8fa81386"},"headline":"Medio mill\u00f3n de alemanes abandon\u00f3 Iglesia cat\u00f3lica","datePublished":"2023-06-28T22:10:49+00:00","mainEntityOfPage":{"@id":"https:\/\/www.sonoraenequipo.com.mx\/medio-millon-de-alemanes-abandono-iglesia-catolica\/"},"wordCount":361,"commentCount":0,"publisher":{"@id":"https:\/\/www.sonoraenequipo.com.mx\/#organization"},"image":{"@id":"https:\/\/www.sonoraenequipo.com.mx\/medio-millon-de-alemanes-abandono-iglesia-catolica\/#primaryimage"},"thumbnailUrl":"https:\/\/www.sonoraenequipo.com.mx\/storage\/2023\/06\/catolicismo-en-alemania...-min.jpg","articleSection":["MUNDO"],"inLanguage":"es","potentialAction":[{"@type":"CommentAction","name":"Comment","target":["https:\/\/www.sonoraenequipo.com.mx\/medio-millon-de-alemanes-abandono-iglesia-catolica\/#respond"]}]},{"@type":"WebPage","@id":"https:\/\/www.sonoraenequipo.com.mx\/medio-millon-de-alemanes-abandono-iglesia-catolica\/","url":"https:\/\/www.sonoraenequipo.com.mx\/medio-millon-de-alemanes-abandono-iglesia-catolica\/","name":"Sonora en Equipo. Medio mill\u00f3n de alemanes abandon\u00f3 Iglesia cat\u00f3lica MUNDO","isPartOf":{"@id":"https:\/\/www.sonoraenequipo.com.mx\/#website"},"primaryImageOfPage":{"@id":"https:\/\/www.sonoraenequipo.com.mx\/medio-millon-de-alemanes-abandono-iglesia-catolica\/#primaryimage"},"image":{"@id":"https:\/\/www.sonoraenequipo.com.mx\/medio-millon-de-alemanes-abandono-iglesia-catolica\/#primaryimage"},"thumbnailUrl":"https:\/\/www.sonoraenequipo.com.mx\/storage\/2023\/06\/catolicismo-en-alemania...-min.jpg","datePublished":"2023-06-28T22:10:49+00:00","description":"ALEMANIA. \u2014 M\u00e1s de medio mill\u00f3n de personas abandonaron la Iglesia cat\u00f3lica en Alemania el a\u00f1o pasado, lo que marca un nuevo r\u00e9cord dentro de una En Sonora en Equipo publicamos toda la informaci\u00f3n de Sonora, M\u00e9xico y el Mundo de manera oportuna y busca que la libertad de expresi\u00f3n sea real. Visita nuestro medio informativo publicado desde Hermosillo, Sonora. %","breadcrumb":{"@id":"https:\/\/www.sonoraenequipo.com.mx\/medio-millon-de-alemanes-abandono-iglesia-catolica\/#breadcrumb"},"inLanguage":"es","potentialAction":[{"@type":"ReadAction","target":["https:\/\/www.sonoraenequipo.com.mx\/medio-millon-de-alemanes-abandono-iglesia-catolica\/"]}]},{"@type":"ImageObject","inLanguage":"es","@id":"https:\/\/www.sonoraenequipo.com.mx\/medio-millon-de-alemanes-abandono-iglesia-catolica\/#primaryimage","url":"https:\/\/www.sonoraenequipo.com.mx\/storage\/2023\/06\/catolicismo-en-alemania...-min.jpg","contentUrl":"https:\/\/www.sonoraenequipo.com.mx\/storage\/2023\/06\/catolicismo-en-alemania...-min.jpg","width":900,"height":613},{"@type":"BreadcrumbList","@id":"https:\/\/www.sonoraenequipo.com.mx\/medio-millon-de-alemanes-abandono-iglesia-catolica\/#breadcrumb","itemListElement":[{"@type":"ListItem","position":1,"name":"Portada","item":"https:\/\/www.sonoraenequipo.com.mx\/"},{"@type":"ListItem","position":2,"name":"Medio mill\u00f3n de alemanes abandon\u00f3 Iglesia cat\u00f3lica"}]},{"@type":"WebSite","@id":"https:\/\/www.sonoraenequipo.com.mx\/#website","url":"https:\/\/www.sonoraenequipo.com.mx\/","name":"Sonora en Equipo.","description":"Diario en l\u00ednea con Noticias desde Hermosillo, Sonora","publisher":{"@id":"https:\/\/www.sonoraenequipo.com.mx\/#organization"},"potentialAction":[{"@type":"SearchAction","target":{"@type":"EntryPoint","urlTemplate":"https:\/\/www.sonoraenequipo.com.mx\/?s={search_term_string}"},"query-input":{"@type":"PropertyValueSpecification","valueRequired":true,"valueName":"search_term_string"}}],"inLanguage":"es"},{"@type":"Organization","@id":"https:\/\/www.sonoraenequipo.com.mx\/#organization","name":"Sonoraenequipo.com.mx","url":"https:\/\/www.sonoraenequipo.com.mx\/","logo":{"@type":"ImageObject","inLanguage":"es","@id":"https:\/\/www.sonoraenequipo.com.mx\/#\/schema\/logo\/image\/","url":"https:\/\/www.sonoraenequipo.com.mx\/storage\/2019\/01\/sonoraenequipo_opt.png","contentUrl":"https:\/\/www.sonoraenequipo.com.mx\/storage\/2019\/01\/sonoraenequipo_opt.png","width":375,"height":125,"caption":"Sonoraenequipo.com.mx"},"image":{"@id":"https:\/\/www.sonoraenequipo.com.mx\/#\/schema\/logo\/image\/"},"sameAs":["https:\/\/www.facebook.com\/SonoraEE\/","https:\/\/x.com\/sonoraenequipo","https:\/\/www.youtube.com\/channel\/UC338nW-lPEYmJQs4ZABQ1SQ"]},{"@type":"Person","@id":"https:\/\/www.sonoraenequipo.com.mx\/#\/schema\/person\/50102df0fb23a8fa9e8effad8fa81386","name":"enequipo","image":{"@type":"ImageObject","inLanguage":"es","@id":"https:\/\/www.sonoraenequipo.com.mx\/#\/schema\/person\/image\/","url":"https:\/\/secure.gravatar.com\/avatar\/049821681b589dabc0bc20695993ccebb09f5b5d4d790cd9251b97faac7c652b?s=96&d=blank&r=g","contentUrl":"https:\/\/secure.gravatar.com\/avatar\/049821681b589dabc0bc20695993ccebb09f5b5d4d790cd9251b97faac7c652b?s=96&d=blank&r=g","caption":"enequipo"},"sameAs":["https:\/\/www.facebook.com\/SonoraEE"]}]}},"jetpack_featured_media_url":"https:\/\/www.sonoraenequipo.com.mx\/storage\/2023\/06\/catolicismo-en-alemania...-min.jpg","_links":{"self":[{"href":"https:\/\/www.sonoraenequipo.com.mx\/api\/wp\/v2\/posts\/169182","targetHints":{"allow":["GET"]}}],"collection":[{"href":"https:\/\/www.sonoraenequipo.com.mx\/api\/wp\/v2\/posts"}],"about":[{"href":"https:\/\/www.sonoraenequipo.com.mx\/api\/wp\/v2\/types\/post"}],"author":[{"embeddable":true,"href":"https:\/\/www.sonoraenequipo.com.mx\/api\/wp\/v2\/users\/1"}],"replies":[{"embeddable":true,"href":"https:\/\/www.sonoraenequipo.com.mx\/api\/wp\/v2\/comments?post=169182"}],"version-history":[{"count":1,"href":"https:\/\/www.sonoraenequipo.com.mx\/api\/wp\/v2\/posts\/169182\/revisions"}],"predecessor-version":[{"id":169184,"href":"https:\/\/www.sonoraenequipo.com.mx\/api\/wp\/v2\/posts\/169182\/revisions\/169184"}],"wp:featuredmedia":[{"embeddable":true,"href":"https:\/\/www.sonoraenequipo.com.mx\/api\/wp\/v2\/media\/169183"}],"wp:attachment":[{"href":"https:\/\/www.sonoraenequipo.com.mx\/api\/wp\/v2\/media?parent=169182"}],"wp:term":[{"taxonomy":"category","embeddable":true,"href":"https:\/\/www.sonoraenequipo.com.mx\/api\/wp\/v2\/categories?post=169182"},{"taxonomy":"post_tag","embeddable":true,"href":"https:\/\/www.sonoraenequipo.com.mx\/api\/wp\/v2\/tags?post=169182"}],"curies":[{"name":"wp","href":"https:\/\/api.w.org\/{rel}","templated":true}]}}