{"id":169240,"date":"2023-06-28T14:50:31","date_gmt":"2023-06-28T21:50:31","guid":{"rendered":"https:\/\/www.sonoraenequipo.com.mx\/?p=169240"},"modified":"2023-06-29T19:36:21","modified_gmt":"2023-06-30T02:36:21","slug":"lopez-obrador-pide-a-criminales-que-tomen-la-iniciativa-y-abandonen-actividades-ilicitas","status":"publish","type":"post","link":"https:\/\/www.sonoraenequipo.com.mx\/lopez-obrador-pide-a-criminales-que-tomen-la-iniciativa-y-abandonen-actividades-ilicitas\/","title":{"rendered":"L\u00f3pez Obrador pide a criminales que tomen la iniciativa y abandonen actividades il\u00edcitas"},"content":{"rendered":"<p><strong>CIUDAD DE M\u00c9XICO. MX. \u2014<\/strong> El presidente mexicano, Andr\u00e9s Manuel L\u00f3pez Obrador, pidi\u00f3 este mi\u00e9rcoles a los grupos criminales del pa\u00eds que tomen la iniciativa y abandonen las actividades il\u00edcitas, como lo han pedido las asociaciones de madres buscadores de desaparecidos que buscan un pacto de paz.<\/p>\n<p>&nbsp;<\/p>\n<p> <\/p>\n<p>&nbsp;<\/p>\n<p><em><strong>\u201cQue ellos tomen la iniciativa y que abandonen la actividad il\u00edcita y que no sigan da\u00f1ando, pero nosotros no tenemos contemplado llegar a un acuerdo (con el crimen organizado)\u201d,<\/strong> <\/em>se\u00f1al\u00f3 el gobernante durante su rueda de prensa diaria.<\/p>\n<p>&nbsp;<\/p>\n<p>&nbsp;<\/p>\n<p>El mandatario se refiri\u00f3 as\u00ed a las recientes declaraciones de Ceci Flores, lideresa del colectivo Madres Buscadoras de Sonora, quien asegur\u00f3 que los c\u00e1rteles mexicanos ya est\u00e1n aceptando un pacto de paz que estas organizaciones les propusieron.<\/p>\n<p>&nbsp;<\/p>\n<p>&nbsp;<\/p>\n<p><em><strong>\u201cQueremos compartir que los c\u00e1rteles ya est\u00e1n aceptando este pacto de paz\u201d<\/strong><\/em>, se\u00f1al\u00f3 en un video la activista, una de las lideresas sociales m\u00e1s conocidas de M\u00e9xico.<\/p>\n<p>&nbsp;<\/p>\n<p>&nbsp;<\/p>\n<p><em><strong>\u201cA los dem\u00e1s c\u00e1rteles piensen en sumarse, creo que a nadie les gusta verse en peligro, como ya lo dijeron quienes se sumaron al llamado: todos somos padres, madres, amigos y ya se derram\u00f3 mucha sangre en nuestro M\u00e9xico\u201d<\/strong><\/em>, a\u00f1adi\u00f3.<\/p>\n<blockquote class=\"twitter-tweet\" data-width=\"550\" data-dnt=\"true\">\n<p lang=\"es\" dir=\"ltr\">Conferencia de prensa matutina, desde Palacio Nacional <a href=\"https:\/\/t.co\/SAajwswOTi\">https:\/\/t.co\/SAajwswOTi<\/a><\/p>\n<p>&mdash; Andr\u00e9s Manuel (@lopezobrador_) <a href=\"https:\/\/twitter.com\/lopezobrador_\/status\/1674042687807434752?ref_src=twsrc%5Etfw\">June 28, 2023<\/a><\/p><\/blockquote>\n<p><script async src=\"https:\/\/platform.twitter.com\/widgets.js\" charset=\"utf-8\"><\/script><\/p>\n<p>&nbsp;<\/p>\n<p>&nbsp;<\/p>\n<p>PUBLICADO EL 28 DE JUNIO DE 2023\/ Con informaci\u00f3n de PRENSA LIBRE)<\/p>\n","protected":false},"excerpt":{"rendered":"<p>CIUDAD DE M\u00c9XICO. MX. \u2014 El presidente mexicano, Andr\u00e9s Manuel L\u00f3pez Obrador, pidi\u00f3 este mi\u00e9rcoles&#8230;<\/p>\n","protected":false},"author":1,"featured_media":169241,"comment_status":"open","ping_status":"open","sticky":false,"template":"","format":"standard","meta":{"_monsterinsights_skip_tracking":false,"_monsterinsights_sitenote_active":false,"_monsterinsights_sitenote_note":"","_monsterinsights_sitenote_category":0,"footnotes":""},"categories":[5],"tags":[],"class_list":["post"],"yoast_head":" \n<title>Sonora en Equipo. L\u00f3pez Obrador pide a criminales que tomen la iniciativa y abandonen actividades il\u00edcitas<\/title>\n<meta name=\"description\" content=\"CIUDAD DE M\u00c9XICO. MX. \u2014 El presidente mexicano, Andr\u00e9s Manuel L\u00f3pez Obrador, pidi\u00f3 este mi\u00e9rcoles a los grupos criminales del pa\u00eds que tomen la iniciativa En Sonora en Equipo publicamos toda la informaci\u00f3n de Sonora, M\u00e9xico y el Mundo de manera oportuna y busca que la libertad de expresi\u00f3n sea real. Visita nuestro medio informativo publicado desde Hermosillo, Sonora. %\" \/>\n<meta name=\"robots\" content=\"index, follow, max-snippet:-1, max-image-preview:large, max-video-preview:-1\" \/>\n<link rel=\"canonical\" href=\"https:\/\/www.sonoraenequipo.com.mx\/lopez-obrador-pide-a-criminales-que-tomen-la-iniciativa-y-abandonen-actividades-ilicitas\/\" \/>\n<meta property=\"og:locale\" content=\"es_ES\" \/>\n<meta property=\"og:type\" content=\"article\" \/>\n<meta property=\"og:title\" content=\"Sonora en Equipo. L\u00f3pez Obrador pide a criminales que tomen la iniciativa y abandonen actividades il\u00edcitas\" \/>\n<meta property=\"og:description\" content=\"CIUDAD DE M\u00c9XICO. MX. \u2014 El presidente mexicano, Andr\u00e9s Manuel L\u00f3pez Obrador, pidi\u00f3 este mi\u00e9rcoles a los grupos criminales del pa\u00eds que tomen la iniciativa En Sonora en Equipo publicamos toda la informaci\u00f3n de Sonora, M\u00e9xico y el Mundo de manera oportuna y busca que la libertad de expresi\u00f3n sea real. Visita nuestro medio informativo publicado desde Hermosillo, Sonora. %\" \/>\n<meta property=\"og:url\" content=\"https:\/\/www.sonoraenequipo.com.mx\/lopez-obrador-pide-a-criminales-que-tomen-la-iniciativa-y-abandonen-actividades-ilicitas\/\" \/>\n<meta property=\"og:site_name\" content=\"Sonora en Equipo.\" \/>\n<meta property=\"article:publisher\" content=\"https:\/\/www.facebook.com\/SonoraEE\/\" \/>\n<meta property=\"article:author\" content=\"https:\/\/www.facebook.com\/SonoraEE\" \/>\n<meta property=\"article:published_time\" content=\"2023-06-28T21:50:31+00:00\" \/>\n<meta property=\"article:modified_time\" content=\"2023-06-30T02:36:21+00:00\" \/>\n<meta property=\"og:image\" content=\"https:\/\/www.sonoraenequipo.com.mx\/storage\/2023\/06\/AMLO2806.2023...-min.jpg\" \/>\n\t<meta property=\"og:image:width\" content=\"900\" \/>\n\t<meta property=\"og:image:height\" content=\"499\" \/>\n\t<meta property=\"og:image:type\" content=\"image\/jpeg\" \/>\n<meta name=\"author\" content=\"enequipo\" \/>\n<meta name=\"twitter:card\" content=\"summary_large_image\" \/>\n<meta name=\"twitter:creator\" content=\"@sonoraenequipo\" \/>\n<meta name=\"twitter:site\" content=\"@sonoraenequipo\" \/>\n<meta name=\"twitter:label1\" content=\"Escrito por\" \/>\n\t<meta name=\"twitter:data1\" content=\"enequipo\" \/>\n\t<meta name=\"twitter:label2\" content=\"Tiempo de lectura\" \/>\n\t<meta name=\"twitter:data2\" content=\"1 minuto\" \/>\n<script type=\"application\/ld+json\" class=\"yoast-schema-graph\">{\"@context\":\"https:\/\/schema.org\",\"@graph\":[{\"@type\":\"Article\",\"@id\":\"https:\/\/www.sonoraenequipo.com.mx\/lopez-obrador-pide-a-criminales-que-tomen-la-iniciativa-y-abandonen-actividades-ilicitas\/#article\",\"isPartOf\":{\"@id\":\"https:\/\/www.sonoraenequipo.com.mx\/lopez-obrador-pide-a-criminales-que-tomen-la-iniciativa-y-abandonen-actividades-ilicitas\/\"},\"author\":{\"name\":\"enequipo\",\"@id\":\"https:\/\/www.sonoraenequipo.com.mx\/#\/schema\/person\/50102df0fb23a8fa9e8effad8fa81386\"},\"headline\":\"L\u00f3pez Obrador pide a criminales que tomen la iniciativa y abandonen actividades il\u00edcitas\",\"datePublished\":\"2023-06-28T21:50:31+00:00\",\"dateModified\":\"2023-06-30T02:36:21+00:00\",\"mainEntityOfPage\":{\"@id\":\"https:\/\/www.sonoraenequipo.com.mx\/lopez-obrador-pide-a-criminales-que-tomen-la-iniciativa-y-abandonen-actividades-ilicitas\/\"},\"wordCount\":249,\"commentCount\":0,\"publisher\":{\"@id\":\"https:\/\/www.sonoraenequipo.com.mx\/#organization\"},\"image\":{\"@id\":\"https:\/\/www.sonoraenequipo.com.mx\/lopez-obrador-pide-a-criminales-que-tomen-la-iniciativa-y-abandonen-actividades-ilicitas\/#primaryimage\"},\"thumbnailUrl\":\"https:\/\/www.sonoraenequipo.com.mx\/storage\/2023\/06\/AMLO2806.2023...-min.jpg\",\"articleSection\":[\"Rep\u00fablica\"],\"inLanguage\":\"es\",\"potentialAction\":[{\"@type\":\"CommentAction\",\"name\":\"Comment\",\"target\":[\"https:\/\/www.sonoraenequipo.com.mx\/lopez-obrador-pide-a-criminales-que-tomen-la-iniciativa-y-abandonen-actividades-ilicitas\/#respond\"]}]},{\"@type\":\"WebPage\",\"@id\":\"https:\/\/www.sonoraenequipo.com.mx\/lopez-obrador-pide-a-criminales-que-tomen-la-iniciativa-y-abandonen-actividades-ilicitas\/\",\"url\":\"https:\/\/www.sonoraenequipo.com.mx\/lopez-obrador-pide-a-criminales-que-tomen-la-iniciativa-y-abandonen-actividades-ilicitas\/\",\"name\":\"Sonora en Equipo. L\u00f3pez Obrador pide a criminales que tomen la iniciativa y abandonen actividades il\u00edcitas\",\"isPartOf\":{\"@id\":\"https:\/\/www.sonoraenequipo.com.mx\/#website\"},\"primaryImageOfPage\":{\"@id\":\"https:\/\/www.sonoraenequipo.com.mx\/lopez-obrador-pide-a-criminales-que-tomen-la-iniciativa-y-abandonen-actividades-ilicitas\/#primaryimage\"},\"image\":{\"@id\":\"https:\/\/www.sonoraenequipo.com.mx\/lopez-obrador-pide-a-criminales-que-tomen-la-iniciativa-y-abandonen-actividades-ilicitas\/#primaryimage\"},\"thumbnailUrl\":\"https:\/\/www.sonoraenequipo.com.mx\/storage\/2023\/06\/AMLO2806.2023...-min.jpg\",\"datePublished\":\"2023-06-28T21:50:31+00:00\",\"dateModified\":\"2023-06-30T02:36:21+00:00\",\"description\":\"CIUDAD DE M\u00c9XICO. MX. \u2014 El presidente mexicano, Andr\u00e9s Manuel L\u00f3pez Obrador, pidi\u00f3 este mi\u00e9rcoles a los grupos criminales del pa\u00eds que tomen la iniciativa En Sonora en Equipo publicamos toda la informaci\u00f3n de Sonora, M\u00e9xico y el Mundo de manera oportuna y busca que la libertad de expresi\u00f3n sea real. Visita nuestro medio informativo publicado desde Hermosillo, Sonora. %\",\"breadcrumb\":{\"@id\":\"https:\/\/www.sonoraenequipo.com.mx\/lopez-obrador-pide-a-criminales-que-tomen-la-iniciativa-y-abandonen-actividades-ilicitas\/#breadcrumb\"},\"inLanguage\":\"es\",\"potentialAction\":[{\"@type\":\"ReadAction\",\"target\":[\"https:\/\/www.sonoraenequipo.com.mx\/lopez-obrador-pide-a-criminales-que-tomen-la-iniciativa-y-abandonen-actividades-ilicitas\/\"]}]},{\"@type\":\"ImageObject\",\"inLanguage\":\"es\",\"@id\":\"https:\/\/www.sonoraenequipo.com.mx\/lopez-obrador-pide-a-criminales-que-tomen-la-iniciativa-y-abandonen-actividades-ilicitas\/#primaryimage\",\"url\":\"https:\/\/www.sonoraenequipo.com.mx\/storage\/2023\/06\/AMLO2806.2023...-min.jpg\",\"contentUrl\":\"https:\/\/www.sonoraenequipo.com.mx\/storage\/2023\/06\/AMLO2806.2023...-min.jpg\",\"width\":900,\"height\":499},{\"@type\":\"BreadcrumbList\",\"@id\":\"https:\/\/www.sonoraenequipo.com.mx\/lopez-obrador-pide-a-criminales-que-tomen-la-iniciativa-y-abandonen-actividades-ilicitas\/#breadcrumb\",\"itemListElement\":[{\"@type\":\"ListItem\",\"position\":1,\"name\":\"Portada\",\"item\":\"https:\/\/www.sonoraenequipo.com.mx\/\"},{\"@type\":\"ListItem\",\"position\":2,\"name\":\"L\u00f3pez Obrador pide a criminales que tomen la iniciativa y abandonen actividades il\u00edcitas\"}]},{\"@type\":\"WebSite\",\"@id\":\"https:\/\/www.sonoraenequipo.com.mx\/#website\",\"url\":\"https:\/\/www.sonoraenequipo.com.mx\/\",\"name\":\"Sonora en Equipo.\",\"description\":\"Diario en l\u00ednea con Noticias desde Hermosillo, Sonora\",\"publisher\":{\"@id\":\"https:\/\/www.sonoraenequipo.com.mx\/#organization\"},\"potentialAction\":[{\"@type\":\"SearchAction\",\"target\":{\"@type\":\"EntryPoint\",\"urlTemplate\":\"https:\/\/www.sonoraenequipo.com.mx\/?s={search_term_string}\"},\"query-input\":{\"@type\":\"PropertyValueSpecification\",\"valueRequired\":true,\"valueName\":\"search_term_string\"}}],\"inLanguage\":\"es\"},{\"@type\":\"Organization\",\"@id\":\"https:\/\/www.sonoraenequipo.com.mx\/#organization\",\"name\":\"Sonoraenequipo.com.mx\",\"url\":\"https:\/\/www.sonoraenequipo.com.mx\/\",\"logo\":{\"@type\":\"ImageObject\",\"inLanguage\":\"es\",\"@id\":\"https:\/\/www.sonoraenequipo.com.mx\/#\/schema\/logo\/image\/\",\"url\":\"https:\/\/www.sonoraenequipo.com.mx\/storage\/2019\/01\/sonoraenequipo_opt.png\",\"contentUrl\":\"https:\/\/www.sonoraenequipo.com.mx\/storage\/2019\/01\/sonoraenequipo_opt.png\",\"width\":375,\"height\":125,\"caption\":\"Sonoraenequipo.com.mx\"},\"image\":{\"@id\":\"https:\/\/www.sonoraenequipo.com.mx\/#\/schema\/logo\/image\/\"},\"sameAs\":[\"https:\/\/www.facebook.com\/SonoraEE\/\",\"https:\/\/x.com\/sonoraenequipo\",\"https:\/\/www.youtube.com\/channel\/UC338nW-lPEYmJQs4ZABQ1SQ\"]},{\"@type\":\"Person\",\"@id\":\"https:\/\/www.sonoraenequipo.com.mx\/#\/schema\/person\/50102df0fb23a8fa9e8effad8fa81386\",\"name\":\"enequipo\",\"image\":{\"@type\":\"ImageObject\",\"inLanguage\":\"es\",\"@id\":\"https:\/\/www.sonoraenequipo.com.mx\/#\/schema\/person\/image\/\",\"url\":\"https:\/\/secure.gravatar.com\/avatar\/049821681b589dabc0bc20695993ccebb09f5b5d4d790cd9251b97faac7c652b?s=96&d=blank&r=g\",\"contentUrl\":\"https:\/\/secure.gravatar.com\/avatar\/049821681b589dabc0bc20695993ccebb09f5b5d4d790cd9251b97faac7c652b?s=96&d=blank&r=g\",\"caption\":\"enequipo\"},\"sameAs\":[\"https:\/\/www.facebook.com\/SonoraEE\"]}]}<\/script>\n ","yoast_head_json":{"title":"Sonora en Equipo. L\u00f3pez Obrador pide a criminales que tomen la iniciativa y abandonen actividades il\u00edcitas","description":"CIUDAD DE M\u00c9XICO. MX. \u2014 El presidente mexicano, Andr\u00e9s Manuel L\u00f3pez Obrador, pidi\u00f3 este mi\u00e9rcoles a los grupos criminales del pa\u00eds que tomen la iniciativa En Sonora en Equipo publicamos toda la informaci\u00f3n de Sonora, M\u00e9xico y el Mundo de manera oportuna y busca que la libertad de expresi\u00f3n sea real. Visita nuestro medio informativo publicado desde Hermosillo, Sonora. %","robots":{"index":"index","follow":"follow","max-snippet":"max-snippet:-1","max-image-preview":"max-image-preview:large","max-video-preview":"max-video-preview:-1"},"canonical":"https:\/\/www.sonoraenequipo.com.mx\/lopez-obrador-pide-a-criminales-que-tomen-la-iniciativa-y-abandonen-actividades-ilicitas\/","og_locale":"es_ES","og_type":"article","og_title":"Sonora en Equipo. L\u00f3pez Obrador pide a criminales que tomen la iniciativa y abandonen actividades il\u00edcitas","og_description":"CIUDAD DE M\u00c9XICO. MX. \u2014 El presidente mexicano, Andr\u00e9s Manuel L\u00f3pez Obrador, pidi\u00f3 este mi\u00e9rcoles a los grupos criminales del pa\u00eds que tomen la iniciativa En Sonora en Equipo publicamos toda la informaci\u00f3n de Sonora, M\u00e9xico y el Mundo de manera oportuna y busca que la libertad de expresi\u00f3n sea real. Visita nuestro medio informativo publicado desde Hermosillo, Sonora. %","og_url":"https:\/\/www.sonoraenequipo.com.mx\/lopez-obrador-pide-a-criminales-que-tomen-la-iniciativa-y-abandonen-actividades-ilicitas\/","og_site_name":"Sonora en Equipo.","article_publisher":"https:\/\/www.facebook.com\/SonoraEE\/","article_author":"https:\/\/www.facebook.com\/SonoraEE","article_published_time":"2023-06-28T21:50:31+00:00","article_modified_time":"2023-06-30T02:36:21+00:00","og_image":[{"width":900,"height":499,"url":"https:\/\/www.sonoraenequipo.com.mx\/storage\/2023\/06\/AMLO2806.2023...-min.jpg","type":"image\/jpeg"}],"author":"enequipo","twitter_card":"summary_large_image","twitter_creator":"@sonoraenequipo","twitter_site":"@sonoraenequipo","twitter_misc":{"Escrito por":"enequipo","Tiempo de lectura":"1 minuto"},"schema":{"@context":"https:\/\/schema.org","@graph":[{"@type":"Article","@id":"https:\/\/www.sonoraenequipo.com.mx\/lopez-obrador-pide-a-criminales-que-tomen-la-iniciativa-y-abandonen-actividades-ilicitas\/#article","isPartOf":{"@id":"https:\/\/www.sonoraenequipo.com.mx\/lopez-obrador-pide-a-criminales-que-tomen-la-iniciativa-y-abandonen-actividades-ilicitas\/"},"author":{"name":"enequipo","@id":"https:\/\/www.sonoraenequipo.com.mx\/#\/schema\/person\/50102df0fb23a8fa9e8effad8fa81386"},"headline":"L\u00f3pez Obrador pide a criminales que tomen la iniciativa y abandonen actividades il\u00edcitas","datePublished":"2023-06-28T21:50:31+00:00","dateModified":"2023-06-30T02:36:21+00:00","mainEntityOfPage":{"@id":"https:\/\/www.sonoraenequipo.com.mx\/lopez-obrador-pide-a-criminales-que-tomen-la-iniciativa-y-abandonen-actividades-ilicitas\/"},"wordCount":249,"commentCount":0,"publisher":{"@id":"https:\/\/www.sonoraenequipo.com.mx\/#organization"},"image":{"@id":"https:\/\/www.sonoraenequipo.com.mx\/lopez-obrador-pide-a-criminales-que-tomen-la-iniciativa-y-abandonen-actividades-ilicitas\/#primaryimage"},"thumbnailUrl":"https:\/\/www.sonoraenequipo.com.mx\/storage\/2023\/06\/AMLO2806.2023...-min.jpg","articleSection":["Rep\u00fablica"],"inLanguage":"es","potentialAction":[{"@type":"CommentAction","name":"Comment","target":["https:\/\/www.sonoraenequipo.com.mx\/lopez-obrador-pide-a-criminales-que-tomen-la-iniciativa-y-abandonen-actividades-ilicitas\/#respond"]}]},{"@type":"WebPage","@id":"https:\/\/www.sonoraenequipo.com.mx\/lopez-obrador-pide-a-criminales-que-tomen-la-iniciativa-y-abandonen-actividades-ilicitas\/","url":"https:\/\/www.sonoraenequipo.com.mx\/lopez-obrador-pide-a-criminales-que-tomen-la-iniciativa-y-abandonen-actividades-ilicitas\/","name":"Sonora en Equipo. L\u00f3pez Obrador pide a criminales que tomen la iniciativa y abandonen actividades il\u00edcitas","isPartOf":{"@id":"https:\/\/www.sonoraenequipo.com.mx\/#website"},"primaryImageOfPage":{"@id":"https:\/\/www.sonoraenequipo.com.mx\/lopez-obrador-pide-a-criminales-que-tomen-la-iniciativa-y-abandonen-actividades-ilicitas\/#primaryimage"},"image":{"@id":"https:\/\/www.sonoraenequipo.com.mx\/lopez-obrador-pide-a-criminales-que-tomen-la-iniciativa-y-abandonen-actividades-ilicitas\/#primaryimage"},"thumbnailUrl":"https:\/\/www.sonoraenequipo.com.mx\/storage\/2023\/06\/AMLO2806.2023...-min.jpg","datePublished":"2023-06-28T21:50:31+00:00","dateModified":"2023-06-30T02:36:21+00:00","description":"CIUDAD DE M\u00c9XICO. MX. \u2014 El presidente mexicano, Andr\u00e9s Manuel L\u00f3pez Obrador, pidi\u00f3 este mi\u00e9rcoles a los grupos criminales del pa\u00eds que tomen la iniciativa En Sonora en Equipo publicamos toda la informaci\u00f3n de Sonora, M\u00e9xico y el Mundo de manera oportuna y busca que la libertad de expresi\u00f3n sea real. Visita nuestro medio informativo publicado desde Hermosillo, Sonora. %","breadcrumb":{"@id":"https:\/\/www.sonoraenequipo.com.mx\/lopez-obrador-pide-a-criminales-que-tomen-la-iniciativa-y-abandonen-actividades-ilicitas\/#breadcrumb"},"inLanguage":"es","potentialAction":[{"@type":"ReadAction","target":["https:\/\/www.sonoraenequipo.com.mx\/lopez-obrador-pide-a-criminales-que-tomen-la-iniciativa-y-abandonen-actividades-ilicitas\/"]}]},{"@type":"ImageObject","inLanguage":"es","@id":"https:\/\/www.sonoraenequipo.com.mx\/lopez-obrador-pide-a-criminales-que-tomen-la-iniciativa-y-abandonen-actividades-ilicitas\/#primaryimage","url":"https:\/\/www.sonoraenequipo.com.mx\/storage\/2023\/06\/AMLO2806.2023...-min.jpg","contentUrl":"https:\/\/www.sonoraenequipo.com.mx\/storage\/2023\/06\/AMLO2806.2023...-min.jpg","width":900,"height":499},{"@type":"BreadcrumbList","@id":"https:\/\/www.sonoraenequipo.com.mx\/lopez-obrador-pide-a-criminales-que-tomen-la-iniciativa-y-abandonen-actividades-ilicitas\/#breadcrumb","itemListElement":[{"@type":"ListItem","position":1,"name":"Portada","item":"https:\/\/www.sonoraenequipo.com.mx\/"},{"@type":"ListItem","position":2,"name":"L\u00f3pez Obrador pide a criminales que tomen la iniciativa y abandonen actividades il\u00edcitas"}]},{"@type":"WebSite","@id":"https:\/\/www.sonoraenequipo.com.mx\/#website","url":"https:\/\/www.sonoraenequipo.com.mx\/","name":"Sonora en Equipo.","description":"Diario en l\u00ednea con Noticias desde Hermosillo, Sonora","publisher":{"@id":"https:\/\/www.sonoraenequipo.com.mx\/#organization"},"potentialAction":[{"@type":"SearchAction","target":{"@type":"EntryPoint","urlTemplate":"https:\/\/www.sonoraenequipo.com.mx\/?s={search_term_string}"},"query-input":{"@type":"PropertyValueSpecification","valueRequired":true,"valueName":"search_term_string"}}],"inLanguage":"es"},{"@type":"Organization","@id":"https:\/\/www.sonoraenequipo.com.mx\/#organization","name":"Sonoraenequipo.com.mx","url":"https:\/\/www.sonoraenequipo.com.mx\/","logo":{"@type":"ImageObject","inLanguage":"es","@id":"https:\/\/www.sonoraenequipo.com.mx\/#\/schema\/logo\/image\/","url":"https:\/\/www.sonoraenequipo.com.mx\/storage\/2019\/01\/sonoraenequipo_opt.png","contentUrl":"https:\/\/www.sonoraenequipo.com.mx\/storage\/2019\/01\/sonoraenequipo_opt.png","width":375,"height":125,"caption":"Sonoraenequipo.com.mx"},"image":{"@id":"https:\/\/www.sonoraenequipo.com.mx\/#\/schema\/logo\/image\/"},"sameAs":["https:\/\/www.facebook.com\/SonoraEE\/","https:\/\/x.com\/sonoraenequipo","https:\/\/www.youtube.com\/channel\/UC338nW-lPEYmJQs4ZABQ1SQ"]},{"@type":"Person","@id":"https:\/\/www.sonoraenequipo.com.mx\/#\/schema\/person\/50102df0fb23a8fa9e8effad8fa81386","name":"enequipo","image":{"@type":"ImageObject","inLanguage":"es","@id":"https:\/\/www.sonoraenequipo.com.mx\/#\/schema\/person\/image\/","url":"https:\/\/secure.gravatar.com\/avatar\/049821681b589dabc0bc20695993ccebb09f5b5d4d790cd9251b97faac7c652b?s=96&d=blank&r=g","contentUrl":"https:\/\/secure.gravatar.com\/avatar\/049821681b589dabc0bc20695993ccebb09f5b5d4d790cd9251b97faac7c652b?s=96&d=blank&r=g","caption":"enequipo"},"sameAs":["https:\/\/www.facebook.com\/SonoraEE"]}]}},"jetpack_featured_media_url":"https:\/\/www.sonoraenequipo.com.mx\/storage\/2023\/06\/AMLO2806.2023...-min.jpg","_links":{"self":[{"href":"https:\/\/www.sonoraenequipo.com.mx\/api\/wp\/v2\/posts\/169240","targetHints":{"allow":["GET"]}}],"collection":[{"href":"https:\/\/www.sonoraenequipo.com.mx\/api\/wp\/v2\/posts"}],"about":[{"href":"https:\/\/www.sonoraenequipo.com.mx\/api\/wp\/v2\/types\/post"}],"author":[{"embeddable":true,"href":"https:\/\/www.sonoraenequipo.com.mx\/api\/wp\/v2\/users\/1"}],"replies":[{"embeddable":true,"href":"https:\/\/www.sonoraenequipo.com.mx\/api\/wp\/v2\/comments?post=169240"}],"version-history":[{"count":1,"href":"https:\/\/www.sonoraenequipo.com.mx\/api\/wp\/v2\/posts\/169240\/revisions"}],"predecessor-version":[{"id":169242,"href":"https:\/\/www.sonoraenequipo.com.mx\/api\/wp\/v2\/posts\/169240\/revisions\/169242"}],"wp:featuredmedia":[{"embeddable":true,"href":"https:\/\/www.sonoraenequipo.com.mx\/api\/wp\/v2\/media\/169241"}],"wp:attachment":[{"href":"https:\/\/www.sonoraenequipo.com.mx\/api\/wp\/v2\/media?parent=169240"}],"wp:term":[{"taxonomy":"category","embeddable":true,"href":"https:\/\/www.sonoraenequipo.com.mx\/api\/wp\/v2\/categories?post=169240"},{"taxonomy":"post_tag","embeddable":true,"href":"https:\/\/www.sonoraenequipo.com.mx\/api\/wp\/v2\/tags?post=169240"}],"curies":[{"name":"wp","href":"https:\/\/api.w.org\/{rel}","templated":true}]}}