{"id":169611,"date":"2023-07-05T10:57:28","date_gmt":"2023-07-05T17:57:28","guid":{"rendered":"https:\/\/www.sonoraenequipo.com.mx\/?p=169611"},"modified":"2023-07-05T10:57:28","modified_gmt":"2023-07-05T17:57:28","slug":"presentan-camaras-empresariales-propuestas-a-iniciativa-de-movilidad-y-seguridad-vial","status":"publish","type":"post","link":"https:\/\/www.sonoraenequipo.com.mx\/presentan-camaras-empresariales-propuestas-a-iniciativa-de-movilidad-y-seguridad-vial\/","title":{"rendered":"Presentan c\u00e1maras empresariales propuestas a iniciativa de movilidad y seguridad vial"},"content":{"rendered":"<p>Presentan c\u00e1maras empresariales propuestas a iniciativa de movilidad y seguridad vial<\/p>\n<p>&nbsp;<\/p>\n<p><strong>HERMOSILLO, SONORA,MX.<\/strong><strong>\u2500\u2500<\/strong> Las y los integrantes de la Comisi\u00f3n de Movilidad y Seguridad Vial recibieron este d\u00eda las propuestas que presentaron los presidentes de c\u00e1maras empresariales de la ciudad, para que sean consideradas en el an\u00e1lisis de las iniciativas en materia de transporte que se encuentran turnadas a dicha dictaminadora.<\/p>\n<p>&nbsp;<\/p>\n<p>&nbsp;<\/p>\n<p>&nbsp;<\/p>\n<p>La diputada Claudia Zulema Bours Corral, presidenta de la Comisi\u00f3n de Movilidad y Seguridad Vial, recibi\u00f3 a Silvia \u00c1lvarez Amaya, presidenta de CANACINTRA-Hermosillo, y a Juventino F\u00e9lix Lugo, presidente del Consejo Directivo de CANACO-SERVYTUR Hermosillo, quienes reconocieron la apertura del Congreso del Estado a trav\u00e9s de este Parlamento Abierto.<\/p>\n<p>&nbsp;<\/p>\n<p>&nbsp;<\/p>\n<p>&nbsp;<\/p>\n<p>\u201cSon tres iniciativas: una de Movimiento Ciudadano, que present\u00f3 la diputada Rosa Elena Trujillo Llanes; otra de Acci\u00f3n Nacional, por parte de la diputada Alejandra L\u00f3pez Noriega; y la de nuestro Gobernador, que para \u00e9l es de enorme satisfacci\u00f3n tener en el Estado una buena ley en cuestiones de movilidad y seguridad vial\u201d, asever\u00f3.<\/p>\n<p>&nbsp;<\/p>\n<p>&nbsp;<\/p>\n<p>&nbsp;<\/p>\n<p>Bours Corral agreg\u00f3 que escuchar\u00e1n todas las propuestas que les presenten, como ocurri\u00f3 recientemente con la agrupaci\u00f3n \u201cHermosillo c\u00f3mo Vamos\u201d, de manera que la idea es llevar a cabo mesas tem\u00e1ticas para analizar los ejes rectores que traen las iniciativas y poder homologarlas.<\/p>\n<p>&nbsp;<\/p>\n<p>&nbsp;<\/p>\n<p>&nbsp;<\/p>\n<p>El Presidente del Consejo Directivo de CANACO-SERVYTUR Hermosillo expuso que en esta c\u00e1mara han trabajado en el tema de movilidad, sobre todo lo relativo a carga y descarga, aspecto que ven reflejado en la iniciativa del titular del Poder Ejecutivo estatal, pues se trata de una actividad muy importante para el comercio local.<\/p>\n<p>&nbsp;<\/p>\n<p>&nbsp;<\/p>\n<p>&nbsp;<\/p>\n<p>\u201cNosotros queremos ayudar o que nos ayuden a reglamentar lo que es la carga y descarga, ya que se deja (en la iniciativa) muy abierto a las autoridades municipales, como Tr\u00e1nsito, entonces \u00e9l decide si la vialidad es o no muy concurrida; \u00e9l decide si est\u00e1 bien donde te autorizaron cargar y descargar, y la verdad se mueven mercanc\u00edas todos los d\u00edas en todos los municipios del Estado; queremos nosotros agilizar esto para que lleguen en tiempo y forma\u201d, asever\u00f3.<\/p>\n<p>&nbsp;<\/p>\n<p>&nbsp;<\/p>\n<p>&nbsp;<\/p>\n<p>F\u00e9lix Lugo indic\u00f3 que ser\u00eda bueno que existieran permisos estatales, que cubran el aspecto de cargas y descargas, lo cual permitir\u00eda tener la certeza y el reglamento a aplicar en algunos municipios de forma espec\u00edfica para llevar a cabo la actividad.<\/p>\n<p>&nbsp;<\/p>\n<p>&nbsp;<\/p>\n<p>&nbsp;<\/p>\n<p>La Presidenta de CANACINTRA-Hermosillo, Silvia \u00c1lvarez Amaya, sostuvo que espec\u00edficamente se refieren a los art\u00edculos 75 y 110 de la iniciativa presentada por el Gobernador del Estado, los cuales reglamentan, de una manera m\u00e1s espec\u00edfica y tambi\u00e9n restrictiva, considerando el principio de seguridad de las personas que transitan por las diferentes v\u00edas, sobre todo de la ciudad.<\/p>\n<p>&nbsp;<\/p>\n<p>&nbsp;<\/p>\n<p>&nbsp;<\/p>\n<p>\u201cEl art\u00edculo como est\u00e1 redactado actualmente presenta riesgos hacia la industria, ya que podr\u00eda dar margen a cierta discrecionalidad porque no est\u00e1 completamente claro y podr\u00eda, si es m\u00e1s espec\u00edfico y como lo comentaba Juventino, que las personas que transitan sobre las vialidades sepan qu\u00e9 tipo de permisos, si son estatales o municipales, porque tambi\u00e9n hay ciertas empresas que cuentan con permisos federales, lo que hace que se tripliquen los permisos\u201d, extern\u00f3.<\/p>\n<p>&nbsp;<\/p>\n<p>&nbsp;<\/p>\n<p>&nbsp;<\/p>\n<p>Lo que se busca es de qu\u00e9 manera se puede simplificar la actividad, mientras que de la propuesta del 110 lo que notaron es que puede considerarse como una restricci\u00f3n a la industria, porque otorga margen a la discrecionalidad por parte de quienes ejercen alg\u00fan tipo de sanci\u00f3n, sostuvo.<\/p>\n<p>&nbsp;<\/p>\n<p>&nbsp;<\/p>\n<p>&nbsp;<\/p>\n<p>La diputada Claudia Zulema Bours Corral afirm\u00f3 que todas las propuestas que est\u00e9n encaminadas a mejorar el transporte privado ser\u00e1n bien recibidas, as\u00ed como las de transporte de carga, p\u00fablico, taxis, ciclistas y dem\u00e1s.<\/p>\n<p>&nbsp;<\/p>\n<p>&nbsp;<\/p>\n<p>&nbsp;<\/p>\n<p>El Coordinador Ejecutivo del Instituto de Movilidad y Transporte para el Estado de Sonora, IMTES, Carlos Sosa, consider\u00f3 necesario que se hagan propuestas de redacci\u00f3n de los dos art\u00edculos que se presentan, para que el Poder Legislativo pueda analizar el impacto que pueden tener.<\/p>\n<p>&nbsp;<\/p>\n<p>&nbsp;<\/p>\n<p>&nbsp;<\/p>\n<p>No descart\u00f3 que puedan incorporar las propuestas y hacer las observaciones respectivas como Poder Ejecutivo, adem\u00e1s de destacar la importancia de llevar a cabo este Parlamento Abierto con la participaci\u00f3n de todos los actores interesados.<\/p>\n<p>&nbsp;<\/p>\n<p>&nbsp;<\/p>\n<p>&nbsp;<\/p>\n<p>Asistieron la diputada Alma Manuela Higuera Esquer, as\u00ed como los diputados Rafael Ram\u00edrez Morales y Ricardo Lugo Moreno, integrantes de la Comisi\u00f3n de Movilidad y Seguridad Vial, y se cont\u00f3 con la presencia de las diputadas Rosa Elena Trujillo Llanes y Diana Karina Barreras Samaniego.<\/p>\n<p><strong><em><u>Fecha de publicaci\u00f3n\u00a0 mi\u00e9rcoles 5 de julio de 2023<\/u><\/em><\/strong><\/p>\n","protected":false},"excerpt":{"rendered":"<p>Presentan c\u00e1maras empresariales propuestas a iniciativa de movilidad y seguridad vial &nbsp; HERMOSILLO, SONORA,MX.\u2500\u2500 Las&#8230;<\/p>\n","protected":false},"author":1,"featured_media":166191,"comment_status":"open","ping_status":"open","sticky":false,"template":"","format":"standard","meta":{"_monsterinsights_skip_tracking":false,"_monsterinsights_sitenote_active":false,"_monsterinsights_sitenote_note":"","_monsterinsights_sitenote_category":0,"footnotes":""},"categories":[3281],"tags":[4916,15],"class_list":["post"],"yoast_head":" \n<title>Sonora en Equipo. Presentan c\u00e1maras empresariales propuestas a iniciativa de movilidad y seguridad vial Congreso<\/title>\n<meta name=\"description\" content=\"Presentan c\u00e1maras empresariales propuestas a iniciativa de movilidad y seguridad vial &nbsp; HERMOSILLO, SONORA,MX.\u2500\u2500 Las y los integrantes de la Comisi\u00f3n En Sonora en Equipo publicamos toda la informaci\u00f3n de Sonora, M\u00e9xico y el Mundo de manera oportuna y busca que la libertad de expresi\u00f3n sea real. Visita nuestro medio informativo publicado desde Hermosillo, Sonora. %\" \/>\n<meta name=\"robots\" content=\"index, follow, max-snippet:-1, max-image-preview:large, max-video-preview:-1\" \/>\n<link rel=\"canonical\" href=\"https:\/\/www.sonoraenequipo.com.mx\/presentan-camaras-empresariales-propuestas-a-iniciativa-de-movilidad-y-seguridad-vial\/\" \/>\n<meta property=\"og:locale\" content=\"es_ES\" \/>\n<meta property=\"og:type\" content=\"article\" \/>\n<meta property=\"og:title\" content=\"Sonora en Equipo. Presentan c\u00e1maras empresariales propuestas a iniciativa de movilidad y seguridad vial Congreso\" \/>\n<meta property=\"og:description\" content=\"Presentan c\u00e1maras empresariales propuestas a iniciativa de movilidad y seguridad vial &nbsp; HERMOSILLO, SONORA,MX.\u2500\u2500 Las y los integrantes de la Comisi\u00f3n En Sonora en Equipo publicamos toda la informaci\u00f3n de Sonora, M\u00e9xico y el Mundo de manera oportuna y busca que la libertad de expresi\u00f3n sea real. Visita nuestro medio informativo publicado desde Hermosillo, Sonora. %\" \/>\n<meta property=\"og:url\" content=\"https:\/\/www.sonoraenequipo.com.mx\/presentan-camaras-empresariales-propuestas-a-iniciativa-de-movilidad-y-seguridad-vial\/\" \/>\n<meta property=\"og:site_name\" content=\"Sonora en Equipo.\" \/>\n<meta property=\"article:publisher\" content=\"https:\/\/www.facebook.com\/SonoraEE\/\" \/>\n<meta property=\"article:author\" content=\"https:\/\/www.facebook.com\/SonoraEE\" \/>\n<meta property=\"article:published_time\" content=\"2023-07-05T17:57:28+00:00\" \/>\n<meta property=\"og:image\" content=\"https:\/\/www.sonoraenequipo.com.mx\/storage\/2023\/05\/Congreso-del-Estado-de-Sonora...-min.jpg\" \/>\n\t<meta property=\"og:image:width\" content=\"900\" \/>\n\t<meta property=\"og:image:height\" content=\"561\" \/>\n\t<meta property=\"og:image:type\" content=\"image\/jpeg\" \/>\n<meta name=\"author\" content=\"enequipo\" \/>\n<meta name=\"twitter:card\" content=\"summary_large_image\" \/>\n<meta name=\"twitter:creator\" content=\"@sonoraenequipo\" \/>\n<meta name=\"twitter:site\" content=\"@sonoraenequipo\" \/>\n<meta name=\"twitter:label1\" content=\"Escrito por\" \/>\n\t<meta name=\"twitter:data1\" content=\"enequipo\" \/>\n\t<meta name=\"twitter:label2\" content=\"Tiempo de lectura\" \/>\n\t<meta name=\"twitter:data2\" content=\"4 minutos\" \/>\n<script type=\"application\/ld+json\" class=\"yoast-schema-graph\">{\"@context\":\"https:\/\/schema.org\",\"@graph\":[{\"@type\":\"Article\",\"@id\":\"https:\/\/www.sonoraenequipo.com.mx\/presentan-camaras-empresariales-propuestas-a-iniciativa-de-movilidad-y-seguridad-vial\/#article\",\"isPartOf\":{\"@id\":\"https:\/\/www.sonoraenequipo.com.mx\/presentan-camaras-empresariales-propuestas-a-iniciativa-de-movilidad-y-seguridad-vial\/\"},\"author\":{\"name\":\"enequipo\",\"@id\":\"https:\/\/www.sonoraenequipo.com.mx\/#\/schema\/person\/50102df0fb23a8fa9e8effad8fa81386\"},\"headline\":\"Presentan c\u00e1maras empresariales propuestas a iniciativa de movilidad y seguridad vial\",\"datePublished\":\"2023-07-05T17:57:28+00:00\",\"mainEntityOfPage\":{\"@id\":\"https:\/\/www.sonoraenequipo.com.mx\/presentan-camaras-empresariales-propuestas-a-iniciativa-de-movilidad-y-seguridad-vial\/\"},\"wordCount\":824,\"commentCount\":0,\"publisher\":{\"@id\":\"https:\/\/www.sonoraenequipo.com.mx\/#organization\"},\"image\":{\"@id\":\"https:\/\/www.sonoraenequipo.com.mx\/presentan-camaras-empresariales-propuestas-a-iniciativa-de-movilidad-y-seguridad-vial\/#primaryimage\"},\"thumbnailUrl\":\"https:\/\/www.sonoraenequipo.com.mx\/storage\/2023\/05\/Congreso-del-Estado-de-Sonora...-min.jpg\",\"keywords\":[\"MOVILIDAD\",\"Sonora\"],\"articleSection\":[\"Congreso\"],\"inLanguage\":\"es\",\"potentialAction\":[{\"@type\":\"CommentAction\",\"name\":\"Comment\",\"target\":[\"https:\/\/www.sonoraenequipo.com.mx\/presentan-camaras-empresariales-propuestas-a-iniciativa-de-movilidad-y-seguridad-vial\/#respond\"]}]},{\"@type\":\"WebPage\",\"@id\":\"https:\/\/www.sonoraenequipo.com.mx\/presentan-camaras-empresariales-propuestas-a-iniciativa-de-movilidad-y-seguridad-vial\/\",\"url\":\"https:\/\/www.sonoraenequipo.com.mx\/presentan-camaras-empresariales-propuestas-a-iniciativa-de-movilidad-y-seguridad-vial\/\",\"name\":\"Sonora en Equipo. Presentan c\u00e1maras empresariales propuestas a iniciativa de movilidad y seguridad vial Congreso\",\"isPartOf\":{\"@id\":\"https:\/\/www.sonoraenequipo.com.mx\/#website\"},\"primaryImageOfPage\":{\"@id\":\"https:\/\/www.sonoraenequipo.com.mx\/presentan-camaras-empresariales-propuestas-a-iniciativa-de-movilidad-y-seguridad-vial\/#primaryimage\"},\"image\":{\"@id\":\"https:\/\/www.sonoraenequipo.com.mx\/presentan-camaras-empresariales-propuestas-a-iniciativa-de-movilidad-y-seguridad-vial\/#primaryimage\"},\"thumbnailUrl\":\"https:\/\/www.sonoraenequipo.com.mx\/storage\/2023\/05\/Congreso-del-Estado-de-Sonora...-min.jpg\",\"datePublished\":\"2023-07-05T17:57:28+00:00\",\"description\":\"Presentan c\u00e1maras empresariales propuestas a iniciativa de movilidad y seguridad vial &nbsp; HERMOSILLO, SONORA,MX.\u2500\u2500 Las y los integrantes de la Comisi\u00f3n En Sonora en Equipo publicamos toda la informaci\u00f3n de Sonora, M\u00e9xico y el Mundo de manera oportuna y busca que la libertad de expresi\u00f3n sea real. Visita nuestro medio informativo publicado desde Hermosillo, Sonora. %\",\"breadcrumb\":{\"@id\":\"https:\/\/www.sonoraenequipo.com.mx\/presentan-camaras-empresariales-propuestas-a-iniciativa-de-movilidad-y-seguridad-vial\/#breadcrumb\"},\"inLanguage\":\"es\",\"potentialAction\":[{\"@type\":\"ReadAction\",\"target\":[\"https:\/\/www.sonoraenequipo.com.mx\/presentan-camaras-empresariales-propuestas-a-iniciativa-de-movilidad-y-seguridad-vial\/\"]}]},{\"@type\":\"ImageObject\",\"inLanguage\":\"es\",\"@id\":\"https:\/\/www.sonoraenequipo.com.mx\/presentan-camaras-empresariales-propuestas-a-iniciativa-de-movilidad-y-seguridad-vial\/#primaryimage\",\"url\":\"https:\/\/www.sonoraenequipo.com.mx\/storage\/2023\/05\/Congreso-del-Estado-de-Sonora...-min.jpg\",\"contentUrl\":\"https:\/\/www.sonoraenequipo.com.mx\/storage\/2023\/05\/Congreso-del-Estado-de-Sonora...-min.jpg\",\"width\":900,\"height\":561,\"caption\":\"fachada Congreso de Sonora\"},{\"@type\":\"BreadcrumbList\",\"@id\":\"https:\/\/www.sonoraenequipo.com.mx\/presentan-camaras-empresariales-propuestas-a-iniciativa-de-movilidad-y-seguridad-vial\/#breadcrumb\",\"itemListElement\":[{\"@type\":\"ListItem\",\"position\":1,\"name\":\"Portada\",\"item\":\"https:\/\/www.sonoraenequipo.com.mx\/\"},{\"@type\":\"ListItem\",\"position\":2,\"name\":\"Presentan c\u00e1maras empresariales propuestas a iniciativa de movilidad y seguridad vial\"}]},{\"@type\":\"WebSite\",\"@id\":\"https:\/\/www.sonoraenequipo.com.mx\/#website\",\"url\":\"https:\/\/www.sonoraenequipo.com.mx\/\",\"name\":\"Sonora en Equipo.\",\"description\":\"Diario en l\u00ednea con Noticias desde Hermosillo, Sonora\",\"publisher\":{\"@id\":\"https:\/\/www.sonoraenequipo.com.mx\/#organization\"},\"potentialAction\":[{\"@type\":\"SearchAction\",\"target\":{\"@type\":\"EntryPoint\",\"urlTemplate\":\"https:\/\/www.sonoraenequipo.com.mx\/?s={search_term_string}\"},\"query-input\":{\"@type\":\"PropertyValueSpecification\",\"valueRequired\":true,\"valueName\":\"search_term_string\"}}],\"inLanguage\":\"es\"},{\"@type\":\"Organization\",\"@id\":\"https:\/\/www.sonoraenequipo.com.mx\/#organization\",\"name\":\"Sonoraenequipo.com.mx\",\"url\":\"https:\/\/www.sonoraenequipo.com.mx\/\",\"logo\":{\"@type\":\"ImageObject\",\"inLanguage\":\"es\",\"@id\":\"https:\/\/www.sonoraenequipo.com.mx\/#\/schema\/logo\/image\/\",\"url\":\"https:\/\/www.sonoraenequipo.com.mx\/storage\/2019\/01\/sonoraenequipo_opt.png\",\"contentUrl\":\"https:\/\/www.sonoraenequipo.com.mx\/storage\/2019\/01\/sonoraenequipo_opt.png\",\"width\":375,\"height\":125,\"caption\":\"Sonoraenequipo.com.mx\"},\"image\":{\"@id\":\"https:\/\/www.sonoraenequipo.com.mx\/#\/schema\/logo\/image\/\"},\"sameAs\":[\"https:\/\/www.facebook.com\/SonoraEE\/\",\"https:\/\/x.com\/sonoraenequipo\",\"https:\/\/www.youtube.com\/channel\/UC338nW-lPEYmJQs4ZABQ1SQ\"]},{\"@type\":\"Person\",\"@id\":\"https:\/\/www.sonoraenequipo.com.mx\/#\/schema\/person\/50102df0fb23a8fa9e8effad8fa81386\",\"name\":\"enequipo\",\"image\":{\"@type\":\"ImageObject\",\"inLanguage\":\"es\",\"@id\":\"https:\/\/www.sonoraenequipo.com.mx\/#\/schema\/person\/image\/\",\"url\":\"https:\/\/secure.gravatar.com\/avatar\/049821681b589dabc0bc20695993ccebb09f5b5d4d790cd9251b97faac7c652b?s=96&d=blank&r=g\",\"contentUrl\":\"https:\/\/secure.gravatar.com\/avatar\/049821681b589dabc0bc20695993ccebb09f5b5d4d790cd9251b97faac7c652b?s=96&d=blank&r=g\",\"caption\":\"enequipo\"},\"sameAs\":[\"https:\/\/www.facebook.com\/SonoraEE\"]}]}<\/script>\n ","yoast_head_json":{"title":"Sonora en Equipo. Presentan c\u00e1maras empresariales propuestas a iniciativa de movilidad y seguridad vial Congreso","description":"Presentan c\u00e1maras empresariales propuestas a iniciativa de movilidad y seguridad vial &nbsp; HERMOSILLO, SONORA,MX.\u2500\u2500 Las y los integrantes de la Comisi\u00f3n En Sonora en Equipo publicamos toda la informaci\u00f3n de Sonora, M\u00e9xico y el Mundo de manera oportuna y busca que la libertad de expresi\u00f3n sea real. Visita nuestro medio informativo publicado desde Hermosillo, Sonora. %","robots":{"index":"index","follow":"follow","max-snippet":"max-snippet:-1","max-image-preview":"max-image-preview:large","max-video-preview":"max-video-preview:-1"},"canonical":"https:\/\/www.sonoraenequipo.com.mx\/presentan-camaras-empresariales-propuestas-a-iniciativa-de-movilidad-y-seguridad-vial\/","og_locale":"es_ES","og_type":"article","og_title":"Sonora en Equipo. Presentan c\u00e1maras empresariales propuestas a iniciativa de movilidad y seguridad vial Congreso","og_description":"Presentan c\u00e1maras empresariales propuestas a iniciativa de movilidad y seguridad vial &nbsp; HERMOSILLO, SONORA,MX.\u2500\u2500 Las y los integrantes de la Comisi\u00f3n En Sonora en Equipo publicamos toda la informaci\u00f3n de Sonora, M\u00e9xico y el Mundo de manera oportuna y busca que la libertad de expresi\u00f3n sea real. Visita nuestro medio informativo publicado desde Hermosillo, Sonora. %","og_url":"https:\/\/www.sonoraenequipo.com.mx\/presentan-camaras-empresariales-propuestas-a-iniciativa-de-movilidad-y-seguridad-vial\/","og_site_name":"Sonora en Equipo.","article_publisher":"https:\/\/www.facebook.com\/SonoraEE\/","article_author":"https:\/\/www.facebook.com\/SonoraEE","article_published_time":"2023-07-05T17:57:28+00:00","og_image":[{"width":900,"height":561,"url":"https:\/\/www.sonoraenequipo.com.mx\/storage\/2023\/05\/Congreso-del-Estado-de-Sonora...-min.jpg","type":"image\/jpeg"}],"author":"enequipo","twitter_card":"summary_large_image","twitter_creator":"@sonoraenequipo","twitter_site":"@sonoraenequipo","twitter_misc":{"Escrito por":"enequipo","Tiempo de lectura":"4 minutos"},"schema":{"@context":"https:\/\/schema.org","@graph":[{"@type":"Article","@id":"https:\/\/www.sonoraenequipo.com.mx\/presentan-camaras-empresariales-propuestas-a-iniciativa-de-movilidad-y-seguridad-vial\/#article","isPartOf":{"@id":"https:\/\/www.sonoraenequipo.com.mx\/presentan-camaras-empresariales-propuestas-a-iniciativa-de-movilidad-y-seguridad-vial\/"},"author":{"name":"enequipo","@id":"https:\/\/www.sonoraenequipo.com.mx\/#\/schema\/person\/50102df0fb23a8fa9e8effad8fa81386"},"headline":"Presentan c\u00e1maras empresariales propuestas a iniciativa de movilidad y seguridad vial","datePublished":"2023-07-05T17:57:28+00:00","mainEntityOfPage":{"@id":"https:\/\/www.sonoraenequipo.com.mx\/presentan-camaras-empresariales-propuestas-a-iniciativa-de-movilidad-y-seguridad-vial\/"},"wordCount":824,"commentCount":0,"publisher":{"@id":"https:\/\/www.sonoraenequipo.com.mx\/#organization"},"image":{"@id":"https:\/\/www.sonoraenequipo.com.mx\/presentan-camaras-empresariales-propuestas-a-iniciativa-de-movilidad-y-seguridad-vial\/#primaryimage"},"thumbnailUrl":"https:\/\/www.sonoraenequipo.com.mx\/storage\/2023\/05\/Congreso-del-Estado-de-Sonora...-min.jpg","keywords":["MOVILIDAD","Sonora"],"articleSection":["Congreso"],"inLanguage":"es","potentialAction":[{"@type":"CommentAction","name":"Comment","target":["https:\/\/www.sonoraenequipo.com.mx\/presentan-camaras-empresariales-propuestas-a-iniciativa-de-movilidad-y-seguridad-vial\/#respond"]}]},{"@type":"WebPage","@id":"https:\/\/www.sonoraenequipo.com.mx\/presentan-camaras-empresariales-propuestas-a-iniciativa-de-movilidad-y-seguridad-vial\/","url":"https:\/\/www.sonoraenequipo.com.mx\/presentan-camaras-empresariales-propuestas-a-iniciativa-de-movilidad-y-seguridad-vial\/","name":"Sonora en Equipo. Presentan c\u00e1maras empresariales propuestas a iniciativa de movilidad y seguridad vial Congreso","isPartOf":{"@id":"https:\/\/www.sonoraenequipo.com.mx\/#website"},"primaryImageOfPage":{"@id":"https:\/\/www.sonoraenequipo.com.mx\/presentan-camaras-empresariales-propuestas-a-iniciativa-de-movilidad-y-seguridad-vial\/#primaryimage"},"image":{"@id":"https:\/\/www.sonoraenequipo.com.mx\/presentan-camaras-empresariales-propuestas-a-iniciativa-de-movilidad-y-seguridad-vial\/#primaryimage"},"thumbnailUrl":"https:\/\/www.sonoraenequipo.com.mx\/storage\/2023\/05\/Congreso-del-Estado-de-Sonora...-min.jpg","datePublished":"2023-07-05T17:57:28+00:00","description":"Presentan c\u00e1maras empresariales propuestas a iniciativa de movilidad y seguridad vial &nbsp; HERMOSILLO, SONORA,MX.\u2500\u2500 Las y los integrantes de la Comisi\u00f3n En Sonora en Equipo publicamos toda la informaci\u00f3n de Sonora, M\u00e9xico y el Mundo de manera oportuna y busca que la libertad de expresi\u00f3n sea real. Visita nuestro medio informativo publicado desde Hermosillo, Sonora. %","breadcrumb":{"@id":"https:\/\/www.sonoraenequipo.com.mx\/presentan-camaras-empresariales-propuestas-a-iniciativa-de-movilidad-y-seguridad-vial\/#breadcrumb"},"inLanguage":"es","potentialAction":[{"@type":"ReadAction","target":["https:\/\/www.sonoraenequipo.com.mx\/presentan-camaras-empresariales-propuestas-a-iniciativa-de-movilidad-y-seguridad-vial\/"]}]},{"@type":"ImageObject","inLanguage":"es","@id":"https:\/\/www.sonoraenequipo.com.mx\/presentan-camaras-empresariales-propuestas-a-iniciativa-de-movilidad-y-seguridad-vial\/#primaryimage","url":"https:\/\/www.sonoraenequipo.com.mx\/storage\/2023\/05\/Congreso-del-Estado-de-Sonora...-min.jpg","contentUrl":"https:\/\/www.sonoraenequipo.com.mx\/storage\/2023\/05\/Congreso-del-Estado-de-Sonora...-min.jpg","width":900,"height":561,"caption":"fachada Congreso de Sonora"},{"@type":"BreadcrumbList","@id":"https:\/\/www.sonoraenequipo.com.mx\/presentan-camaras-empresariales-propuestas-a-iniciativa-de-movilidad-y-seguridad-vial\/#breadcrumb","itemListElement":[{"@type":"ListItem","position":1,"name":"Portada","item":"https:\/\/www.sonoraenequipo.com.mx\/"},{"@type":"ListItem","position":2,"name":"Presentan c\u00e1maras empresariales propuestas a iniciativa de movilidad y seguridad vial"}]},{"@type":"WebSite","@id":"https:\/\/www.sonoraenequipo.com.mx\/#website","url":"https:\/\/www.sonoraenequipo.com.mx\/","name":"Sonora en Equipo.","description":"Diario en l\u00ednea con Noticias desde Hermosillo, Sonora","publisher":{"@id":"https:\/\/www.sonoraenequipo.com.mx\/#organization"},"potentialAction":[{"@type":"SearchAction","target":{"@type":"EntryPoint","urlTemplate":"https:\/\/www.sonoraenequipo.com.mx\/?s={search_term_string}"},"query-input":{"@type":"PropertyValueSpecification","valueRequired":true,"valueName":"search_term_string"}}],"inLanguage":"es"},{"@type":"Organization","@id":"https:\/\/www.sonoraenequipo.com.mx\/#organization","name":"Sonoraenequipo.com.mx","url":"https:\/\/www.sonoraenequipo.com.mx\/","logo":{"@type":"ImageObject","inLanguage":"es","@id":"https:\/\/www.sonoraenequipo.com.mx\/#\/schema\/logo\/image\/","url":"https:\/\/www.sonoraenequipo.com.mx\/storage\/2019\/01\/sonoraenequipo_opt.png","contentUrl":"https:\/\/www.sonoraenequipo.com.mx\/storage\/2019\/01\/sonoraenequipo_opt.png","width":375,"height":125,"caption":"Sonoraenequipo.com.mx"},"image":{"@id":"https:\/\/www.sonoraenequipo.com.mx\/#\/schema\/logo\/image\/"},"sameAs":["https:\/\/www.facebook.com\/SonoraEE\/","https:\/\/x.com\/sonoraenequipo","https:\/\/www.youtube.com\/channel\/UC338nW-lPEYmJQs4ZABQ1SQ"]},{"@type":"Person","@id":"https:\/\/www.sonoraenequipo.com.mx\/#\/schema\/person\/50102df0fb23a8fa9e8effad8fa81386","name":"enequipo","image":{"@type":"ImageObject","inLanguage":"es","@id":"https:\/\/www.sonoraenequipo.com.mx\/#\/schema\/person\/image\/","url":"https:\/\/secure.gravatar.com\/avatar\/049821681b589dabc0bc20695993ccebb09f5b5d4d790cd9251b97faac7c652b?s=96&d=blank&r=g","contentUrl":"https:\/\/secure.gravatar.com\/avatar\/049821681b589dabc0bc20695993ccebb09f5b5d4d790cd9251b97faac7c652b?s=96&d=blank&r=g","caption":"enequipo"},"sameAs":["https:\/\/www.facebook.com\/SonoraEE"]}]}},"jetpack_featured_media_url":"https:\/\/www.sonoraenequipo.com.mx\/storage\/2023\/05\/Congreso-del-Estado-de-Sonora...-min.jpg","_links":{"self":[{"href":"https:\/\/www.sonoraenequipo.com.mx\/api\/wp\/v2\/posts\/169611","targetHints":{"allow":["GET"]}}],"collection":[{"href":"https:\/\/www.sonoraenequipo.com.mx\/api\/wp\/v2\/posts"}],"about":[{"href":"https:\/\/www.sonoraenequipo.com.mx\/api\/wp\/v2\/types\/post"}],"author":[{"embeddable":true,"href":"https:\/\/www.sonoraenequipo.com.mx\/api\/wp\/v2\/users\/1"}],"replies":[{"embeddable":true,"href":"https:\/\/www.sonoraenequipo.com.mx\/api\/wp\/v2\/comments?post=169611"}],"version-history":[{"count":1,"href":"https:\/\/www.sonoraenequipo.com.mx\/api\/wp\/v2\/posts\/169611\/revisions"}],"predecessor-version":[{"id":169612,"href":"https:\/\/www.sonoraenequipo.com.mx\/api\/wp\/v2\/posts\/169611\/revisions\/169612"}],"wp:featuredmedia":[{"embeddable":true,"href":"https:\/\/www.sonoraenequipo.com.mx\/api\/wp\/v2\/media\/166191"}],"wp:attachment":[{"href":"https:\/\/www.sonoraenequipo.com.mx\/api\/wp\/v2\/media?parent=169611"}],"wp:term":[{"taxonomy":"category","embeddable":true,"href":"https:\/\/www.sonoraenequipo.com.mx\/api\/wp\/v2\/categories?post=169611"},{"taxonomy":"post_tag","embeddable":true,"href":"https:\/\/www.sonoraenequipo.com.mx\/api\/wp\/v2\/tags?post=169611"}],"curies":[{"name":"wp","href":"https:\/\/api.w.org\/{rel}","templated":true}]}}