{"id":169613,"date":"2023-07-05T11:13:21","date_gmt":"2023-07-05T18:13:21","guid":{"rendered":"https:\/\/www.sonoraenequipo.com.mx\/?p=169613"},"modified":"2023-07-05T11:13:21","modified_gmt":"2023-07-05T18:13:21","slug":"anuncia-sec-sonora-a-ganadores-del-primer-concurso-estatal-un-cuento-por-el-bienestar-de-la-fauna-sonorense-2023","status":"publish","type":"post","link":"https:\/\/www.sonoraenequipo.com.mx\/anuncia-sec-sonora-a-ganadores-del-primer-concurso-estatal-un-cuento-por-el-bienestar-de-la-fauna-sonorense-2023\/","title":{"rendered":"Anuncia SEC Sonora a ganadores del primer Concurso Estatal \u201cUn Cuento por el Bienestar de la Fauna Sonorense 2023&#8243;"},"content":{"rendered":"<p><strong>HERMOSILLO, SONORA,MX.<\/strong><strong>\u2500\u2500<\/strong> M\u00e1s de 400 textos, algunos en lengua ind\u00edgena, participaron en el primer Concurso Estatal \u201cUn Cuento por el Bienestar de la Fauna Sonorense 2023\u201d, entre los cuales se seleccionaron nueve para premiar a los tres primeros lugares de nivel primaria, secundaria y media superior, inform\u00f3 Aar\u00f3n Grageda Bustamante.<\/p>\n<p>&nbsp;<\/p>\n<p>&nbsp;<\/p>\n<p>&nbsp;<\/p>\n<p>El secretario de Educaci\u00f3n y Cultura resalt\u00f3 la importancia de fomentar procesos de escritura y lectura entre el alumnado, ya que, adem\u00e1s de ayudar en el desarrollo socioemocional de ni\u00f1as, ni\u00f1os y j\u00f3venes, estimula su imaginaci\u00f3n y concentraci\u00f3n.<\/p>\n<p>&nbsp;<\/p>\n<p>&nbsp;<\/p>\n<p>&nbsp;<\/p>\n<p>El titular de la SEC Sonora mencion\u00f3 el inter\u00e9s de promover talleres de escritura, en colaboraci\u00f3n con expertos, como una estrategia para elevar la calidad del aprendizaje del alumnado mediante el fortalecimiento de sus habilidades de lectoescritura.<\/p>\n<p>&nbsp;<\/p>\n<p>&nbsp;<\/p>\n<p>&nbsp;<\/p>\n<p>Por su parte, miembros del jurado calificador destacaron el impacto del concurso en las infancias y juventudes sonorenses, pues permite identificar a los futuros escritores, adem\u00e1s de contribuir a la preservaci\u00f3n de la flora y fauna de la entidad mediante relatos que invitan a la reflexi\u00f3n.<\/p>\n<p>&nbsp;<\/p>\n<p>&nbsp;<\/p>\n<p>&nbsp;<\/p>\n<p>El concurso, coordinado por la Comisi\u00f3n Estatal de Evaluaci\u00f3n y Mejora Educativa (Ceeme) de la SEC, estuvo dirigido a estudiantes de cuarto a sexto grado de primaria, as\u00ed como de los tres grados de secundaria y preparatoria, de escuelas privadas y p\u00fablicas.<\/p>\n<p>&nbsp;<\/p>\n<p>&nbsp;<\/p>\n<p>&nbsp;<\/p>\n<p>Ganadores, nivel primaria:<\/p>\n<p>&nbsp;<\/p>\n<ul>\n<li>Primer lugar: \u201cUn reino bajo el sol\u201d, E.P. \u201cProf. Gustavo Rivera\u201d, de Hermosillo.<\/li>\n<\/ul>\n<p>&nbsp;<\/p>\n<ul>\n<li>Segundo lugar: \u201cLuc\u00eda y los animales de Sonora\u201d, Liceo Thezia, de Hermosillo.<\/li>\n<\/ul>\n<p>&nbsp;<\/p>\n<ul>\n<li>Tercer lugar: \u201cUna aventura con pap\u00e1\u201d, Colegio Anglo Frontera, de S.L.R.C.<\/li>\n<\/ul>\n<p>&nbsp;<\/p>\n<p>&nbsp;<\/p>\n<p>&nbsp;<\/p>\n<p>Ganadores, nivel secundaria:<\/p>\n<p>&nbsp;<\/p>\n<ul>\n<li>Primer lugar: \u201cEl pastizal\u201d, Telesecundaria No. 152, de Tojibampo, \u00c1lamos.<\/li>\n<\/ul>\n<p>&nbsp;<\/p>\n<ul>\n<li>Segundo lugar: \u201cUna buena lecci\u00f3n\u201d, Telesecundaria No. 266, de Altar.<\/li>\n<\/ul>\n<p>&nbsp;<\/p>\n<ul>\n<li>Tercer lugar: \u201cLos guardianes\u201d, secundaria Tec. No. 1. Prof. Carlos Espinoza Mu\u00f1oz\u201d, de Hermosillo.<\/li>\n<\/ul>\n<p>&nbsp;<\/p>\n<p>Ganadores, nivel medio superior:<\/p>\n<p>&nbsp;<\/p>\n<ul>\n<li>Primer lugar: \u201cTierra sin horizonte\u201d, Colegio Americano de San Carlos, Guaymas.<\/li>\n<\/ul>\n<p>&nbsp;<\/p>\n<ul>\n<li>Segundo lugar: \u201cGuardi\u00e1n\u201d, Cobach Sonora, plantel Nogales 1.<\/li>\n<\/ul>\n<p>&nbsp;<\/p>\n<ul>\n<li>Tercer lugar: \u201cAullidos\u201d, Cedart \u201cJos\u00e9 Eduardo Pierson\u201d, de Hermosillo.<\/li>\n<\/ul>\n","protected":false},"excerpt":{"rendered":"<p>HERMOSILLO, SONORA,MX.\u2500\u2500 M\u00e1s de 400 textos, algunos en lengua ind\u00edgena, participaron en el primer Concurso&#8230;<\/p>\n","protected":false},"author":1,"featured_media":169614,"comment_status":"open","ping_status":"open","sticky":false,"template":"","format":"standard","meta":{"_monsterinsights_skip_tracking":false,"_monsterinsights_sitenote_active":false,"_monsterinsights_sitenote_note":"","_monsterinsights_sitenote_category":0,"footnotes":""},"categories":[22],"tags":[3418,8687,15],"class_list":["post"],"yoast_head":" \n<title>Sonora en Equipo. Anuncia SEC Sonora a ganadores del primer Concurso Estatal \u201cUn Cuento por el Bienestar de la Fauna Sonorense 2023&quot; Sonora<\/title>\n<meta name=\"description\" content=\"HERMOSILLO, SONORA,MX.\u2500\u2500 M\u00e1s de 400 textos, algunos en lengua ind\u00edgena, participaron en el primer Concurso Estatal \u201cUn Cuento por el Bienestar de la Fauna En Sonora en Equipo publicamos toda la informaci\u00f3n de Sonora, M\u00e9xico y el Mundo de manera oportuna y busca que la libertad de expresi\u00f3n sea real. Visita nuestro medio informativo publicado desde Hermosillo, Sonora. %\" \/>\n<meta name=\"robots\" content=\"index, follow, max-snippet:-1, max-image-preview:large, max-video-preview:-1\" \/>\n<link rel=\"canonical\" href=\"https:\/\/www.sonoraenequipo.com.mx\/anuncia-sec-sonora-a-ganadores-del-primer-concurso-estatal-un-cuento-por-el-bienestar-de-la-fauna-sonorense-2023\/\" \/>\n<meta property=\"og:locale\" content=\"es_ES\" \/>\n<meta property=\"og:type\" content=\"article\" \/>\n<meta property=\"og:title\" content=\"Sonora en Equipo. Anuncia SEC Sonora a ganadores del primer Concurso Estatal \u201cUn Cuento por el Bienestar de la Fauna Sonorense 2023&quot; Sonora\" \/>\n<meta property=\"og:description\" content=\"HERMOSILLO, SONORA,MX.\u2500\u2500 M\u00e1s de 400 textos, algunos en lengua ind\u00edgena, participaron en el primer Concurso Estatal \u201cUn Cuento por el Bienestar de la Fauna En Sonora en Equipo publicamos toda la informaci\u00f3n de Sonora, M\u00e9xico y el Mundo de manera oportuna y busca que la libertad de expresi\u00f3n sea real. Visita nuestro medio informativo publicado desde Hermosillo, Sonora. %\" \/>\n<meta property=\"og:url\" content=\"https:\/\/www.sonoraenequipo.com.mx\/anuncia-sec-sonora-a-ganadores-del-primer-concurso-estatal-un-cuento-por-el-bienestar-de-la-fauna-sonorense-2023\/\" \/>\n<meta property=\"og:site_name\" content=\"Sonora en Equipo.\" \/>\n<meta property=\"article:publisher\" content=\"https:\/\/www.facebook.com\/SonoraEE\/\" \/>\n<meta property=\"article:author\" content=\"https:\/\/www.facebook.com\/SonoraEE\" \/>\n<meta property=\"article:published_time\" content=\"2023-07-05T18:13:21+00:00\" \/>\n<meta property=\"og:image\" content=\"https:\/\/www.sonoraenequipo.com.mx\/storage\/2023\/07\/concursocuento.jpg\" \/>\n\t<meta property=\"og:image:width\" content=\"600\" \/>\n\t<meta property=\"og:image:height\" content=\"400\" \/>\n\t<meta property=\"og:image:type\" content=\"image\/jpeg\" \/>\n<meta name=\"author\" content=\"enequipo\" \/>\n<meta name=\"twitter:card\" content=\"summary_large_image\" \/>\n<meta name=\"twitter:creator\" content=\"@sonoraenequipo\" \/>\n<meta name=\"twitter:site\" content=\"@sonoraenequipo\" \/>\n<meta name=\"twitter:label1\" content=\"Escrito por\" \/>\n\t<meta name=\"twitter:data1\" content=\"enequipo\" \/>\n\t<meta name=\"twitter:label2\" content=\"Tiempo de lectura\" \/>\n\t<meta name=\"twitter:data2\" content=\"2 minutos\" \/>\n<script type=\"application\/ld+json\" class=\"yoast-schema-graph\">{\"@context\":\"https:\/\/schema.org\",\"@graph\":[{\"@type\":\"Article\",\"@id\":\"https:\/\/www.sonoraenequipo.com.mx\/anuncia-sec-sonora-a-ganadores-del-primer-concurso-estatal-un-cuento-por-el-bienestar-de-la-fauna-sonorense-2023\/#article\",\"isPartOf\":{\"@id\":\"https:\/\/www.sonoraenequipo.com.mx\/anuncia-sec-sonora-a-ganadores-del-primer-concurso-estatal-un-cuento-por-el-bienestar-de-la-fauna-sonorense-2023\/\"},\"author\":{\"name\":\"enequipo\",\"@id\":\"https:\/\/www.sonoraenequipo.com.mx\/#\/schema\/person\/50102df0fb23a8fa9e8effad8fa81386\"},\"headline\":\"Anuncia SEC Sonora a ganadores del primer Concurso Estatal \u201cUn Cuento por el Bienestar de la Fauna Sonorense 2023&#8243;\",\"datePublished\":\"2023-07-05T18:13:21+00:00\",\"mainEntityOfPage\":{\"@id\":\"https:\/\/www.sonoraenequipo.com.mx\/anuncia-sec-sonora-a-ganadores-del-primer-concurso-estatal-un-cuento-por-el-bienestar-de-la-fauna-sonorense-2023\/\"},\"wordCount\":388,\"commentCount\":0,\"publisher\":{\"@id\":\"https:\/\/www.sonoraenequipo.com.mx\/#organization\"},\"image\":{\"@id\":\"https:\/\/www.sonoraenequipo.com.mx\/anuncia-sec-sonora-a-ganadores-del-primer-concurso-estatal-un-cuento-por-el-bienestar-de-la-fauna-sonorense-2023\/#primaryimage\"},\"thumbnailUrl\":\"https:\/\/www.sonoraenequipo.com.mx\/storage\/2023\/07\/concursocuento.jpg\",\"keywords\":[\"concurso\",\"cuento\",\"Sonora\"],\"articleSection\":[\"Sonora\"],\"inLanguage\":\"es\",\"potentialAction\":[{\"@type\":\"CommentAction\",\"name\":\"Comment\",\"target\":[\"https:\/\/www.sonoraenequipo.com.mx\/anuncia-sec-sonora-a-ganadores-del-primer-concurso-estatal-un-cuento-por-el-bienestar-de-la-fauna-sonorense-2023\/#respond\"]}]},{\"@type\":\"WebPage\",\"@id\":\"https:\/\/www.sonoraenequipo.com.mx\/anuncia-sec-sonora-a-ganadores-del-primer-concurso-estatal-un-cuento-por-el-bienestar-de-la-fauna-sonorense-2023\/\",\"url\":\"https:\/\/www.sonoraenequipo.com.mx\/anuncia-sec-sonora-a-ganadores-del-primer-concurso-estatal-un-cuento-por-el-bienestar-de-la-fauna-sonorense-2023\/\",\"name\":\"Sonora en Equipo. Anuncia SEC Sonora a ganadores del primer Concurso Estatal \u201cUn Cuento por el Bienestar de la Fauna Sonorense 2023\\\" Sonora\",\"isPartOf\":{\"@id\":\"https:\/\/www.sonoraenequipo.com.mx\/#website\"},\"primaryImageOfPage\":{\"@id\":\"https:\/\/www.sonoraenequipo.com.mx\/anuncia-sec-sonora-a-ganadores-del-primer-concurso-estatal-un-cuento-por-el-bienestar-de-la-fauna-sonorense-2023\/#primaryimage\"},\"image\":{\"@id\":\"https:\/\/www.sonoraenequipo.com.mx\/anuncia-sec-sonora-a-ganadores-del-primer-concurso-estatal-un-cuento-por-el-bienestar-de-la-fauna-sonorense-2023\/#primaryimage\"},\"thumbnailUrl\":\"https:\/\/www.sonoraenequipo.com.mx\/storage\/2023\/07\/concursocuento.jpg\",\"datePublished\":\"2023-07-05T18:13:21+00:00\",\"description\":\"HERMOSILLO, SONORA,MX.\u2500\u2500 M\u00e1s de 400 textos, algunos en lengua ind\u00edgena, participaron en el primer Concurso Estatal \u201cUn Cuento por el Bienestar de la Fauna En Sonora en Equipo publicamos toda la informaci\u00f3n de Sonora, M\u00e9xico y el Mundo de manera oportuna y busca que la libertad de expresi\u00f3n sea real. Visita nuestro medio informativo publicado desde Hermosillo, Sonora. %\",\"breadcrumb\":{\"@id\":\"https:\/\/www.sonoraenequipo.com.mx\/anuncia-sec-sonora-a-ganadores-del-primer-concurso-estatal-un-cuento-por-el-bienestar-de-la-fauna-sonorense-2023\/#breadcrumb\"},\"inLanguage\":\"es\",\"potentialAction\":[{\"@type\":\"ReadAction\",\"target\":[\"https:\/\/www.sonoraenequipo.com.mx\/anuncia-sec-sonora-a-ganadores-del-primer-concurso-estatal-un-cuento-por-el-bienestar-de-la-fauna-sonorense-2023\/\"]}]},{\"@type\":\"ImageObject\",\"inLanguage\":\"es\",\"@id\":\"https:\/\/www.sonoraenequipo.com.mx\/anuncia-sec-sonora-a-ganadores-del-primer-concurso-estatal-un-cuento-por-el-bienestar-de-la-fauna-sonorense-2023\/#primaryimage\",\"url\":\"https:\/\/www.sonoraenequipo.com.mx\/storage\/2023\/07\/concursocuento.jpg\",\"contentUrl\":\"https:\/\/www.sonoraenequipo.com.mx\/storage\/2023\/07\/concursocuento.jpg\",\"width\":600,\"height\":400},{\"@type\":\"BreadcrumbList\",\"@id\":\"https:\/\/www.sonoraenequipo.com.mx\/anuncia-sec-sonora-a-ganadores-del-primer-concurso-estatal-un-cuento-por-el-bienestar-de-la-fauna-sonorense-2023\/#breadcrumb\",\"itemListElement\":[{\"@type\":\"ListItem\",\"position\":1,\"name\":\"Portada\",\"item\":\"https:\/\/www.sonoraenequipo.com.mx\/\"},{\"@type\":\"ListItem\",\"position\":2,\"name\":\"Anuncia SEC Sonora a ganadores del primer Concurso Estatal \u201cUn Cuento por el Bienestar de la Fauna Sonorense 2023&#8243;\"}]},{\"@type\":\"WebSite\",\"@id\":\"https:\/\/www.sonoraenequipo.com.mx\/#website\",\"url\":\"https:\/\/www.sonoraenequipo.com.mx\/\",\"name\":\"Sonora en Equipo.\",\"description\":\"Diario en l\u00ednea con Noticias desde Hermosillo, Sonora\",\"publisher\":{\"@id\":\"https:\/\/www.sonoraenequipo.com.mx\/#organization\"},\"potentialAction\":[{\"@type\":\"SearchAction\",\"target\":{\"@type\":\"EntryPoint\",\"urlTemplate\":\"https:\/\/www.sonoraenequipo.com.mx\/?s={search_term_string}\"},\"query-input\":{\"@type\":\"PropertyValueSpecification\",\"valueRequired\":true,\"valueName\":\"search_term_string\"}}],\"inLanguage\":\"es\"},{\"@type\":\"Organization\",\"@id\":\"https:\/\/www.sonoraenequipo.com.mx\/#organization\",\"name\":\"Sonoraenequipo.com.mx\",\"url\":\"https:\/\/www.sonoraenequipo.com.mx\/\",\"logo\":{\"@type\":\"ImageObject\",\"inLanguage\":\"es\",\"@id\":\"https:\/\/www.sonoraenequipo.com.mx\/#\/schema\/logo\/image\/\",\"url\":\"https:\/\/www.sonoraenequipo.com.mx\/storage\/2019\/01\/sonoraenequipo_opt.png\",\"contentUrl\":\"https:\/\/www.sonoraenequipo.com.mx\/storage\/2019\/01\/sonoraenequipo_opt.png\",\"width\":375,\"height\":125,\"caption\":\"Sonoraenequipo.com.mx\"},\"image\":{\"@id\":\"https:\/\/www.sonoraenequipo.com.mx\/#\/schema\/logo\/image\/\"},\"sameAs\":[\"https:\/\/www.facebook.com\/SonoraEE\/\",\"https:\/\/x.com\/sonoraenequipo\",\"https:\/\/www.youtube.com\/channel\/UC338nW-lPEYmJQs4ZABQ1SQ\"]},{\"@type\":\"Person\",\"@id\":\"https:\/\/www.sonoraenequipo.com.mx\/#\/schema\/person\/50102df0fb23a8fa9e8effad8fa81386\",\"name\":\"enequipo\",\"image\":{\"@type\":\"ImageObject\",\"inLanguage\":\"es\",\"@id\":\"https:\/\/www.sonoraenequipo.com.mx\/#\/schema\/person\/image\/\",\"url\":\"https:\/\/secure.gravatar.com\/avatar\/049821681b589dabc0bc20695993ccebb09f5b5d4d790cd9251b97faac7c652b?s=96&d=blank&r=g\",\"contentUrl\":\"https:\/\/secure.gravatar.com\/avatar\/049821681b589dabc0bc20695993ccebb09f5b5d4d790cd9251b97faac7c652b?s=96&d=blank&r=g\",\"caption\":\"enequipo\"},\"sameAs\":[\"https:\/\/www.facebook.com\/SonoraEE\"]}]}<\/script>\n ","yoast_head_json":{"title":"Sonora en Equipo. Anuncia SEC Sonora a ganadores del primer Concurso Estatal \u201cUn Cuento por el Bienestar de la Fauna Sonorense 2023\" Sonora","description":"HERMOSILLO, SONORA,MX.\u2500\u2500 M\u00e1s de 400 textos, algunos en lengua ind\u00edgena, participaron en el primer Concurso Estatal \u201cUn Cuento por el Bienestar de la Fauna En Sonora en Equipo publicamos toda la informaci\u00f3n de Sonora, M\u00e9xico y el Mundo de manera oportuna y busca que la libertad de expresi\u00f3n sea real. Visita nuestro medio informativo publicado desde Hermosillo, Sonora. %","robots":{"index":"index","follow":"follow","max-snippet":"max-snippet:-1","max-image-preview":"max-image-preview:large","max-video-preview":"max-video-preview:-1"},"canonical":"https:\/\/www.sonoraenequipo.com.mx\/anuncia-sec-sonora-a-ganadores-del-primer-concurso-estatal-un-cuento-por-el-bienestar-de-la-fauna-sonorense-2023\/","og_locale":"es_ES","og_type":"article","og_title":"Sonora en Equipo. Anuncia SEC Sonora a ganadores del primer Concurso Estatal \u201cUn Cuento por el Bienestar de la Fauna Sonorense 2023\" Sonora","og_description":"HERMOSILLO, SONORA,MX.\u2500\u2500 M\u00e1s de 400 textos, algunos en lengua ind\u00edgena, participaron en el primer Concurso Estatal \u201cUn Cuento por el Bienestar de la Fauna En Sonora en Equipo publicamos toda la informaci\u00f3n de Sonora, M\u00e9xico y el Mundo de manera oportuna y busca que la libertad de expresi\u00f3n sea real. Visita nuestro medio informativo publicado desde Hermosillo, Sonora. %","og_url":"https:\/\/www.sonoraenequipo.com.mx\/anuncia-sec-sonora-a-ganadores-del-primer-concurso-estatal-un-cuento-por-el-bienestar-de-la-fauna-sonorense-2023\/","og_site_name":"Sonora en Equipo.","article_publisher":"https:\/\/www.facebook.com\/SonoraEE\/","article_author":"https:\/\/www.facebook.com\/SonoraEE","article_published_time":"2023-07-05T18:13:21+00:00","og_image":[{"width":600,"height":400,"url":"https:\/\/www.sonoraenequipo.com.mx\/storage\/2023\/07\/concursocuento.jpg","type":"image\/jpeg"}],"author":"enequipo","twitter_card":"summary_large_image","twitter_creator":"@sonoraenequipo","twitter_site":"@sonoraenequipo","twitter_misc":{"Escrito por":"enequipo","Tiempo de lectura":"2 minutos"},"schema":{"@context":"https:\/\/schema.org","@graph":[{"@type":"Article","@id":"https:\/\/www.sonoraenequipo.com.mx\/anuncia-sec-sonora-a-ganadores-del-primer-concurso-estatal-un-cuento-por-el-bienestar-de-la-fauna-sonorense-2023\/#article","isPartOf":{"@id":"https:\/\/www.sonoraenequipo.com.mx\/anuncia-sec-sonora-a-ganadores-del-primer-concurso-estatal-un-cuento-por-el-bienestar-de-la-fauna-sonorense-2023\/"},"author":{"name":"enequipo","@id":"https:\/\/www.sonoraenequipo.com.mx\/#\/schema\/person\/50102df0fb23a8fa9e8effad8fa81386"},"headline":"Anuncia SEC Sonora a ganadores del primer Concurso Estatal \u201cUn Cuento por el Bienestar de la Fauna Sonorense 2023&#8243;","datePublished":"2023-07-05T18:13:21+00:00","mainEntityOfPage":{"@id":"https:\/\/www.sonoraenequipo.com.mx\/anuncia-sec-sonora-a-ganadores-del-primer-concurso-estatal-un-cuento-por-el-bienestar-de-la-fauna-sonorense-2023\/"},"wordCount":388,"commentCount":0,"publisher":{"@id":"https:\/\/www.sonoraenequipo.com.mx\/#organization"},"image":{"@id":"https:\/\/www.sonoraenequipo.com.mx\/anuncia-sec-sonora-a-ganadores-del-primer-concurso-estatal-un-cuento-por-el-bienestar-de-la-fauna-sonorense-2023\/#primaryimage"},"thumbnailUrl":"https:\/\/www.sonoraenequipo.com.mx\/storage\/2023\/07\/concursocuento.jpg","keywords":["concurso","cuento","Sonora"],"articleSection":["Sonora"],"inLanguage":"es","potentialAction":[{"@type":"CommentAction","name":"Comment","target":["https:\/\/www.sonoraenequipo.com.mx\/anuncia-sec-sonora-a-ganadores-del-primer-concurso-estatal-un-cuento-por-el-bienestar-de-la-fauna-sonorense-2023\/#respond"]}]},{"@type":"WebPage","@id":"https:\/\/www.sonoraenequipo.com.mx\/anuncia-sec-sonora-a-ganadores-del-primer-concurso-estatal-un-cuento-por-el-bienestar-de-la-fauna-sonorense-2023\/","url":"https:\/\/www.sonoraenequipo.com.mx\/anuncia-sec-sonora-a-ganadores-del-primer-concurso-estatal-un-cuento-por-el-bienestar-de-la-fauna-sonorense-2023\/","name":"Sonora en Equipo. Anuncia SEC Sonora a ganadores del primer Concurso Estatal \u201cUn Cuento por el Bienestar de la Fauna Sonorense 2023\" Sonora","isPartOf":{"@id":"https:\/\/www.sonoraenequipo.com.mx\/#website"},"primaryImageOfPage":{"@id":"https:\/\/www.sonoraenequipo.com.mx\/anuncia-sec-sonora-a-ganadores-del-primer-concurso-estatal-un-cuento-por-el-bienestar-de-la-fauna-sonorense-2023\/#primaryimage"},"image":{"@id":"https:\/\/www.sonoraenequipo.com.mx\/anuncia-sec-sonora-a-ganadores-del-primer-concurso-estatal-un-cuento-por-el-bienestar-de-la-fauna-sonorense-2023\/#primaryimage"},"thumbnailUrl":"https:\/\/www.sonoraenequipo.com.mx\/storage\/2023\/07\/concursocuento.jpg","datePublished":"2023-07-05T18:13:21+00:00","description":"HERMOSILLO, SONORA,MX.\u2500\u2500 M\u00e1s de 400 textos, algunos en lengua ind\u00edgena, participaron en el primer Concurso Estatal \u201cUn Cuento por el Bienestar de la Fauna En Sonora en Equipo publicamos toda la informaci\u00f3n de Sonora, M\u00e9xico y el Mundo de manera oportuna y busca que la libertad de expresi\u00f3n sea real. Visita nuestro medio informativo publicado desde Hermosillo, Sonora. %","breadcrumb":{"@id":"https:\/\/www.sonoraenequipo.com.mx\/anuncia-sec-sonora-a-ganadores-del-primer-concurso-estatal-un-cuento-por-el-bienestar-de-la-fauna-sonorense-2023\/#breadcrumb"},"inLanguage":"es","potentialAction":[{"@type":"ReadAction","target":["https:\/\/www.sonoraenequipo.com.mx\/anuncia-sec-sonora-a-ganadores-del-primer-concurso-estatal-un-cuento-por-el-bienestar-de-la-fauna-sonorense-2023\/"]}]},{"@type":"ImageObject","inLanguage":"es","@id":"https:\/\/www.sonoraenequipo.com.mx\/anuncia-sec-sonora-a-ganadores-del-primer-concurso-estatal-un-cuento-por-el-bienestar-de-la-fauna-sonorense-2023\/#primaryimage","url":"https:\/\/www.sonoraenequipo.com.mx\/storage\/2023\/07\/concursocuento.jpg","contentUrl":"https:\/\/www.sonoraenequipo.com.mx\/storage\/2023\/07\/concursocuento.jpg","width":600,"height":400},{"@type":"BreadcrumbList","@id":"https:\/\/www.sonoraenequipo.com.mx\/anuncia-sec-sonora-a-ganadores-del-primer-concurso-estatal-un-cuento-por-el-bienestar-de-la-fauna-sonorense-2023\/#breadcrumb","itemListElement":[{"@type":"ListItem","position":1,"name":"Portada","item":"https:\/\/www.sonoraenequipo.com.mx\/"},{"@type":"ListItem","position":2,"name":"Anuncia SEC Sonora a ganadores del primer Concurso Estatal \u201cUn Cuento por el Bienestar de la Fauna Sonorense 2023&#8243;"}]},{"@type":"WebSite","@id":"https:\/\/www.sonoraenequipo.com.mx\/#website","url":"https:\/\/www.sonoraenequipo.com.mx\/","name":"Sonora en Equipo.","description":"Diario en l\u00ednea con Noticias desde Hermosillo, Sonora","publisher":{"@id":"https:\/\/www.sonoraenequipo.com.mx\/#organization"},"potentialAction":[{"@type":"SearchAction","target":{"@type":"EntryPoint","urlTemplate":"https:\/\/www.sonoraenequipo.com.mx\/?s={search_term_string}"},"query-input":{"@type":"PropertyValueSpecification","valueRequired":true,"valueName":"search_term_string"}}],"inLanguage":"es"},{"@type":"Organization","@id":"https:\/\/www.sonoraenequipo.com.mx\/#organization","name":"Sonoraenequipo.com.mx","url":"https:\/\/www.sonoraenequipo.com.mx\/","logo":{"@type":"ImageObject","inLanguage":"es","@id":"https:\/\/www.sonoraenequipo.com.mx\/#\/schema\/logo\/image\/","url":"https:\/\/www.sonoraenequipo.com.mx\/storage\/2019\/01\/sonoraenequipo_opt.png","contentUrl":"https:\/\/www.sonoraenequipo.com.mx\/storage\/2019\/01\/sonoraenequipo_opt.png","width":375,"height":125,"caption":"Sonoraenequipo.com.mx"},"image":{"@id":"https:\/\/www.sonoraenequipo.com.mx\/#\/schema\/logo\/image\/"},"sameAs":["https:\/\/www.facebook.com\/SonoraEE\/","https:\/\/x.com\/sonoraenequipo","https:\/\/www.youtube.com\/channel\/UC338nW-lPEYmJQs4ZABQ1SQ"]},{"@type":"Person","@id":"https:\/\/www.sonoraenequipo.com.mx\/#\/schema\/person\/50102df0fb23a8fa9e8effad8fa81386","name":"enequipo","image":{"@type":"ImageObject","inLanguage":"es","@id":"https:\/\/www.sonoraenequipo.com.mx\/#\/schema\/person\/image\/","url":"https:\/\/secure.gravatar.com\/avatar\/049821681b589dabc0bc20695993ccebb09f5b5d4d790cd9251b97faac7c652b?s=96&d=blank&r=g","contentUrl":"https:\/\/secure.gravatar.com\/avatar\/049821681b589dabc0bc20695993ccebb09f5b5d4d790cd9251b97faac7c652b?s=96&d=blank&r=g","caption":"enequipo"},"sameAs":["https:\/\/www.facebook.com\/SonoraEE"]}]}},"jetpack_featured_media_url":"https:\/\/www.sonoraenequipo.com.mx\/storage\/2023\/07\/concursocuento.jpg","_links":{"self":[{"href":"https:\/\/www.sonoraenequipo.com.mx\/api\/wp\/v2\/posts\/169613","targetHints":{"allow":["GET"]}}],"collection":[{"href":"https:\/\/www.sonoraenequipo.com.mx\/api\/wp\/v2\/posts"}],"about":[{"href":"https:\/\/www.sonoraenequipo.com.mx\/api\/wp\/v2\/types\/post"}],"author":[{"embeddable":true,"href":"https:\/\/www.sonoraenequipo.com.mx\/api\/wp\/v2\/users\/1"}],"replies":[{"embeddable":true,"href":"https:\/\/www.sonoraenequipo.com.mx\/api\/wp\/v2\/comments?post=169613"}],"version-history":[{"count":1,"href":"https:\/\/www.sonoraenequipo.com.mx\/api\/wp\/v2\/posts\/169613\/revisions"}],"predecessor-version":[{"id":169615,"href":"https:\/\/www.sonoraenequipo.com.mx\/api\/wp\/v2\/posts\/169613\/revisions\/169615"}],"wp:featuredmedia":[{"embeddable":true,"href":"https:\/\/www.sonoraenequipo.com.mx\/api\/wp\/v2\/media\/169614"}],"wp:attachment":[{"href":"https:\/\/www.sonoraenequipo.com.mx\/api\/wp\/v2\/media?parent=169613"}],"wp:term":[{"taxonomy":"category","embeddable":true,"href":"https:\/\/www.sonoraenequipo.com.mx\/api\/wp\/v2\/categories?post=169613"},{"taxonomy":"post_tag","embeddable":true,"href":"https:\/\/www.sonoraenequipo.com.mx\/api\/wp\/v2\/tags?post=169613"}],"curies":[{"name":"wp","href":"https:\/\/api.w.org\/{rel}","templated":true}]}}