{"id":169667,"date":"2023-07-05T09:23:05","date_gmt":"2023-07-05T16:23:05","guid":{"rendered":"https:\/\/www.sonoraenequipo.com.mx\/?p=169667"},"modified":"2023-07-05T20:58:35","modified_gmt":"2023-07-06T03:58:35","slug":"la-fortaleza-del-peso-disminuye-la-deuda-externa-amlo","status":"publish","type":"post","link":"https:\/\/www.sonoraenequipo.com.mx\/la-fortaleza-del-peso-disminuye-la-deuda-externa-amlo\/","title":{"rendered":"La fortaleza del peso disminuye la deuda externa: AMLO"},"content":{"rendered":"<p><strong>CIUDAD DE M\u00c9XICO. MX. \u2014<\/strong> .El presidente Andr\u00e9s Manuel L\u00f3pez Obrador destac\u00f3 que el peso mexicano es la moneda que m\u00e1s se ha fortalecido en el mundo con relaci\u00f3n al d\u00f3lar, el cual inici\u00f3 este mi\u00e9rcoles 5 de julio con una cotizaci\u00f3n de 16.99 pesos.<\/p>\n<p>&nbsp;<\/p>\n<p> <\/p>\n<p><em><strong>\u201cEsto no pasaba en d\u00e9cadas. (\u2026) Estoy muy contento, eso s\u00ed, porque esto tiene efectos\u201d,<\/strong><\/em> acot\u00f3.<\/p>\n<p>&nbsp;<\/p>\n<p>Un porcentaje de la deuda p\u00fablica de M\u00e9xico, dijo, est\u00e1 contratada en d\u00f3lares. Al fortalecerse el peso, la deuda externa disminuye.<\/p>\n<p>&nbsp;<\/p>\n<p>En el Gobierno de la Cuarta Transformaci\u00f3n, el peso se ha apreciado 13.2 por ciento, lo que no hab\u00eda sucedido desde la \u00e9poca del desarrollo estabilizador, acot\u00f3 el mandatario.<\/p>\n<p>&nbsp;<\/p>\n<p>En conferencia de prensa matutina se refiri\u00f3 a la variaci\u00f3n del tipo de cambio a partir de un comparativo de la devaluaci\u00f3n del peso entre sexenios, desde el encabezado por Miguel de la Madrid, seguido de los gobiernos de Carlos Salinas, Ernesto Zedillo, Vicente Fox y Felipe Calder\u00f3n, hasta el de Enrique Pe\u00f1a Nieto.<\/p>\n<p>&nbsp;<\/p>\n<p>\u201cPara los que quieren que regresen (los neoliberales conservadores), yo tambi\u00e9n quiero que regresen, pero lo que se robaron\u201d, expres\u00f3.<\/p>\n<p>&nbsp;<\/p>\n<p>Explic\u00f3 que \u201c<strong><em>lo de Salinas es algo especial porque es cuando m\u00e1s bienes vendieron, bienes nacionales, y en el plan que le llamaban eufem\u00edsticamente \u2018desincorporaci\u00f3n de empresas no estrat\u00e9gicas\u2019<\/em> <\/strong>\u2014imag\u00ednense los bancos, las minas, Tel\u00e9fonos de M\u00e9xico, etc\u00e9tera, etc\u00e9tera\u2014, un objetivo, investiguen c\u00f3mo justificaban las privatizaciones, era que iban a obtener financiamiento, que se iban a fortalecer las finanzas p\u00fablicas, que iban a obtener m\u00e1s presupuesto, m\u00e1s dinero y fue cuando hubo m\u00e1s desigualdad: unos cuantos mucho muy ricos y millones de pobres. Por eso llamo a Salinas <em><strong>\u2018el padre de la desigualdad moderna\u2019\u201d<\/strong><\/em>.<\/p>\n<p>&nbsp;<\/p>\n<p>&nbsp;<\/p>\n<p>PUBLICADO EL 05 DE JULIO DE 2023\/ Con informaci\u00f3n de conferencia matutina)<\/p>\n","protected":false},"excerpt":{"rendered":"<p>CIUDAD DE M\u00c9XICO. MX. \u2014 .El presidente Andr\u00e9s Manuel L\u00f3pez Obrador destac\u00f3 que el peso&#8230;<\/p>\n","protected":false},"author":1,"featured_media":169668,"comment_status":"open","ping_status":"open","sticky":false,"template":"","format":"standard","meta":{"_monsterinsights_skip_tracking":false,"_monsterinsights_sitenote_active":false,"_monsterinsights_sitenote_note":"","_monsterinsights_sitenote_category":0,"footnotes":""},"categories":[5],"tags":[],"class_list":["post"],"yoast_head":" \n<title>Sonora en Equipo. La fortaleza del peso disminuye la deuda externa: AMLO Rep\u00fablica<\/title>\n<meta name=\"description\" content=\"CIUDAD DE M\u00c9XICO. MX. \u2014 .El presidente Andr\u00e9s Manuel L\u00f3pez Obrador destac\u00f3 que el peso mexicano es la moneda que m\u00e1s se ha fortalecido en el mundo con En Sonora en Equipo publicamos toda la informaci\u00f3n de Sonora, M\u00e9xico y el Mundo de manera oportuna y busca que la libertad de expresi\u00f3n sea real. Visita nuestro medio informativo publicado desde Hermosillo, Sonora. %\" \/>\n<meta name=\"robots\" content=\"index, follow, max-snippet:-1, max-image-preview:large, max-video-preview:-1\" \/>\n<link rel=\"canonical\" href=\"https:\/\/www.sonoraenequipo.com.mx\/la-fortaleza-del-peso-disminuye-la-deuda-externa-amlo\/\" \/>\n<meta property=\"og:locale\" content=\"es_ES\" \/>\n<meta property=\"og:type\" content=\"article\" \/>\n<meta property=\"og:title\" content=\"Sonora en Equipo. La fortaleza del peso disminuye la deuda externa: AMLO Rep\u00fablica\" \/>\n<meta property=\"og:description\" content=\"CIUDAD DE M\u00c9XICO. MX. \u2014 .El presidente Andr\u00e9s Manuel L\u00f3pez Obrador destac\u00f3 que el peso mexicano es la moneda que m\u00e1s se ha fortalecido en el mundo con En Sonora en Equipo publicamos toda la informaci\u00f3n de Sonora, M\u00e9xico y el Mundo de manera oportuna y busca que la libertad de expresi\u00f3n sea real. Visita nuestro medio informativo publicado desde Hermosillo, Sonora. %\" \/>\n<meta property=\"og:url\" content=\"https:\/\/www.sonoraenequipo.com.mx\/la-fortaleza-del-peso-disminuye-la-deuda-externa-amlo\/\" \/>\n<meta property=\"og:site_name\" content=\"Sonora en Equipo.\" \/>\n<meta property=\"article:publisher\" content=\"https:\/\/www.facebook.com\/SonoraEE\/\" \/>\n<meta property=\"article:author\" content=\"https:\/\/www.facebook.com\/SonoraEE\" \/>\n<meta property=\"article:published_time\" content=\"2023-07-05T16:23:05+00:00\" \/>\n<meta property=\"article:modified_time\" content=\"2023-07-06T03:58:35+00:00\" \/>\n<meta property=\"og:image\" content=\"https:\/\/www.sonoraenequipo.com.mx\/storage\/2023\/07\/2023-07-05-Conferencia-de-prensa-min.jpg\" \/>\n\t<meta property=\"og:image:width\" content=\"1502\" \/>\n\t<meta property=\"og:image:height\" content=\"1000\" \/>\n\t<meta property=\"og:image:type\" content=\"image\/jpeg\" \/>\n<meta name=\"author\" content=\"enequipo\" \/>\n<meta name=\"twitter:card\" content=\"summary_large_image\" \/>\n<meta name=\"twitter:creator\" content=\"@sonoraenequipo\" \/>\n<meta name=\"twitter:site\" content=\"@sonoraenequipo\" \/>\n<meta name=\"twitter:label1\" content=\"Escrito por\" \/>\n\t<meta name=\"twitter:data1\" content=\"enequipo\" \/>\n\t<meta name=\"twitter:label2\" content=\"Tiempo de lectura\" \/>\n\t<meta name=\"twitter:data2\" content=\"2 minutos\" \/>\n<script type=\"application\/ld+json\" class=\"yoast-schema-graph\">{\"@context\":\"https:\/\/schema.org\",\"@graph\":[{\"@type\":\"Article\",\"@id\":\"https:\/\/www.sonoraenequipo.com.mx\/la-fortaleza-del-peso-disminuye-la-deuda-externa-amlo\/#article\",\"isPartOf\":{\"@id\":\"https:\/\/www.sonoraenequipo.com.mx\/la-fortaleza-del-peso-disminuye-la-deuda-externa-amlo\/\"},\"author\":{\"name\":\"enequipo\",\"@id\":\"https:\/\/www.sonoraenequipo.com.mx\/#\/schema\/person\/50102df0fb23a8fa9e8effad8fa81386\"},\"headline\":\"La fortaleza del peso disminuye la deuda externa: AMLO\",\"datePublished\":\"2023-07-05T16:23:05+00:00\",\"dateModified\":\"2023-07-06T03:58:35+00:00\",\"mainEntityOfPage\":{\"@id\":\"https:\/\/www.sonoraenequipo.com.mx\/la-fortaleza-del-peso-disminuye-la-deuda-externa-amlo\/\"},\"wordCount\":335,\"commentCount\":0,\"publisher\":{\"@id\":\"https:\/\/www.sonoraenequipo.com.mx\/#organization\"},\"image\":{\"@id\":\"https:\/\/www.sonoraenequipo.com.mx\/la-fortaleza-del-peso-disminuye-la-deuda-externa-amlo\/#primaryimage\"},\"thumbnailUrl\":\"https:\/\/www.sonoraenequipo.com.mx\/storage\/2023\/07\/2023-07-05-Conferencia-de-prensa-min.jpg\",\"articleSection\":[\"Rep\u00fablica\"],\"inLanguage\":\"es\",\"potentialAction\":[{\"@type\":\"CommentAction\",\"name\":\"Comment\",\"target\":[\"https:\/\/www.sonoraenequipo.com.mx\/la-fortaleza-del-peso-disminuye-la-deuda-externa-amlo\/#respond\"]}]},{\"@type\":\"WebPage\",\"@id\":\"https:\/\/www.sonoraenequipo.com.mx\/la-fortaleza-del-peso-disminuye-la-deuda-externa-amlo\/\",\"url\":\"https:\/\/www.sonoraenequipo.com.mx\/la-fortaleza-del-peso-disminuye-la-deuda-externa-amlo\/\",\"name\":\"Sonora en Equipo. La fortaleza del peso disminuye la deuda externa: AMLO Rep\u00fablica\",\"isPartOf\":{\"@id\":\"https:\/\/www.sonoraenequipo.com.mx\/#website\"},\"primaryImageOfPage\":{\"@id\":\"https:\/\/www.sonoraenequipo.com.mx\/la-fortaleza-del-peso-disminuye-la-deuda-externa-amlo\/#primaryimage\"},\"image\":{\"@id\":\"https:\/\/www.sonoraenequipo.com.mx\/la-fortaleza-del-peso-disminuye-la-deuda-externa-amlo\/#primaryimage\"},\"thumbnailUrl\":\"https:\/\/www.sonoraenequipo.com.mx\/storage\/2023\/07\/2023-07-05-Conferencia-de-prensa-min.jpg\",\"datePublished\":\"2023-07-05T16:23:05+00:00\",\"dateModified\":\"2023-07-06T03:58:35+00:00\",\"description\":\"CIUDAD DE M\u00c9XICO. MX. \u2014 .El presidente Andr\u00e9s Manuel L\u00f3pez Obrador destac\u00f3 que el peso mexicano es la moneda que m\u00e1s se ha fortalecido en el mundo con En Sonora en Equipo publicamos toda la informaci\u00f3n de Sonora, M\u00e9xico y el Mundo de manera oportuna y busca que la libertad de expresi\u00f3n sea real. Visita nuestro medio informativo publicado desde Hermosillo, Sonora. %\",\"breadcrumb\":{\"@id\":\"https:\/\/www.sonoraenequipo.com.mx\/la-fortaleza-del-peso-disminuye-la-deuda-externa-amlo\/#breadcrumb\"},\"inLanguage\":\"es\",\"potentialAction\":[{\"@type\":\"ReadAction\",\"target\":[\"https:\/\/www.sonoraenequipo.com.mx\/la-fortaleza-del-peso-disminuye-la-deuda-externa-amlo\/\"]}]},{\"@type\":\"ImageObject\",\"inLanguage\":\"es\",\"@id\":\"https:\/\/www.sonoraenequipo.com.mx\/la-fortaleza-del-peso-disminuye-la-deuda-externa-amlo\/#primaryimage\",\"url\":\"https:\/\/www.sonoraenequipo.com.mx\/storage\/2023\/07\/2023-07-05-Conferencia-de-prensa-min.jpg\",\"contentUrl\":\"https:\/\/www.sonoraenequipo.com.mx\/storage\/2023\/07\/2023-07-05-Conferencia-de-prensa-min.jpg\",\"width\":1502,\"height\":1000},{\"@type\":\"BreadcrumbList\",\"@id\":\"https:\/\/www.sonoraenequipo.com.mx\/la-fortaleza-del-peso-disminuye-la-deuda-externa-amlo\/#breadcrumb\",\"itemListElement\":[{\"@type\":\"ListItem\",\"position\":1,\"name\":\"Portada\",\"item\":\"https:\/\/www.sonoraenequipo.com.mx\/\"},{\"@type\":\"ListItem\",\"position\":2,\"name\":\"La fortaleza del peso disminuye la deuda externa: AMLO\"}]},{\"@type\":\"WebSite\",\"@id\":\"https:\/\/www.sonoraenequipo.com.mx\/#website\",\"url\":\"https:\/\/www.sonoraenequipo.com.mx\/\",\"name\":\"Sonora en Equipo.\",\"description\":\"Diario en l\u00ednea con Noticias desde Hermosillo, Sonora\",\"publisher\":{\"@id\":\"https:\/\/www.sonoraenequipo.com.mx\/#organization\"},\"potentialAction\":[{\"@type\":\"SearchAction\",\"target\":{\"@type\":\"EntryPoint\",\"urlTemplate\":\"https:\/\/www.sonoraenequipo.com.mx\/?s={search_term_string}\"},\"query-input\":{\"@type\":\"PropertyValueSpecification\",\"valueRequired\":true,\"valueName\":\"search_term_string\"}}],\"inLanguage\":\"es\"},{\"@type\":\"Organization\",\"@id\":\"https:\/\/www.sonoraenequipo.com.mx\/#organization\",\"name\":\"Sonoraenequipo.com.mx\",\"url\":\"https:\/\/www.sonoraenequipo.com.mx\/\",\"logo\":{\"@type\":\"ImageObject\",\"inLanguage\":\"es\",\"@id\":\"https:\/\/www.sonoraenequipo.com.mx\/#\/schema\/logo\/image\/\",\"url\":\"https:\/\/www.sonoraenequipo.com.mx\/storage\/2019\/01\/sonoraenequipo_opt.png\",\"contentUrl\":\"https:\/\/www.sonoraenequipo.com.mx\/storage\/2019\/01\/sonoraenequipo_opt.png\",\"width\":375,\"height\":125,\"caption\":\"Sonoraenequipo.com.mx\"},\"image\":{\"@id\":\"https:\/\/www.sonoraenequipo.com.mx\/#\/schema\/logo\/image\/\"},\"sameAs\":[\"https:\/\/www.facebook.com\/SonoraEE\/\",\"https:\/\/x.com\/sonoraenequipo\",\"https:\/\/www.youtube.com\/channel\/UC338nW-lPEYmJQs4ZABQ1SQ\"]},{\"@type\":\"Person\",\"@id\":\"https:\/\/www.sonoraenequipo.com.mx\/#\/schema\/person\/50102df0fb23a8fa9e8effad8fa81386\",\"name\":\"enequipo\",\"image\":{\"@type\":\"ImageObject\",\"inLanguage\":\"es\",\"@id\":\"https:\/\/www.sonoraenequipo.com.mx\/#\/schema\/person\/image\/\",\"url\":\"https:\/\/secure.gravatar.com\/avatar\/049821681b589dabc0bc20695993ccebb09f5b5d4d790cd9251b97faac7c652b?s=96&d=blank&r=g\",\"contentUrl\":\"https:\/\/secure.gravatar.com\/avatar\/049821681b589dabc0bc20695993ccebb09f5b5d4d790cd9251b97faac7c652b?s=96&d=blank&r=g\",\"caption\":\"enequipo\"},\"sameAs\":[\"https:\/\/www.facebook.com\/SonoraEE\"]}]}<\/script>\n ","yoast_head_json":{"title":"Sonora en Equipo. La fortaleza del peso disminuye la deuda externa: AMLO Rep\u00fablica","description":"CIUDAD DE M\u00c9XICO. MX. \u2014 .El presidente Andr\u00e9s Manuel L\u00f3pez Obrador destac\u00f3 que el peso mexicano es la moneda que m\u00e1s se ha fortalecido en el mundo con En Sonora en Equipo publicamos toda la informaci\u00f3n de Sonora, M\u00e9xico y el Mundo de manera oportuna y busca que la libertad de expresi\u00f3n sea real. Visita nuestro medio informativo publicado desde Hermosillo, Sonora. %","robots":{"index":"index","follow":"follow","max-snippet":"max-snippet:-1","max-image-preview":"max-image-preview:large","max-video-preview":"max-video-preview:-1"},"canonical":"https:\/\/www.sonoraenequipo.com.mx\/la-fortaleza-del-peso-disminuye-la-deuda-externa-amlo\/","og_locale":"es_ES","og_type":"article","og_title":"Sonora en Equipo. La fortaleza del peso disminuye la deuda externa: AMLO Rep\u00fablica","og_description":"CIUDAD DE M\u00c9XICO. MX. \u2014 .El presidente Andr\u00e9s Manuel L\u00f3pez Obrador destac\u00f3 que el peso mexicano es la moneda que m\u00e1s se ha fortalecido en el mundo con En Sonora en Equipo publicamos toda la informaci\u00f3n de Sonora, M\u00e9xico y el Mundo de manera oportuna y busca que la libertad de expresi\u00f3n sea real. Visita nuestro medio informativo publicado desde Hermosillo, Sonora. %","og_url":"https:\/\/www.sonoraenequipo.com.mx\/la-fortaleza-del-peso-disminuye-la-deuda-externa-amlo\/","og_site_name":"Sonora en Equipo.","article_publisher":"https:\/\/www.facebook.com\/SonoraEE\/","article_author":"https:\/\/www.facebook.com\/SonoraEE","article_published_time":"2023-07-05T16:23:05+00:00","article_modified_time":"2023-07-06T03:58:35+00:00","og_image":[{"width":1502,"height":1000,"url":"https:\/\/www.sonoraenequipo.com.mx\/storage\/2023\/07\/2023-07-05-Conferencia-de-prensa-min.jpg","type":"image\/jpeg"}],"author":"enequipo","twitter_card":"summary_large_image","twitter_creator":"@sonoraenequipo","twitter_site":"@sonoraenequipo","twitter_misc":{"Escrito por":"enequipo","Tiempo de lectura":"2 minutos"},"schema":{"@context":"https:\/\/schema.org","@graph":[{"@type":"Article","@id":"https:\/\/www.sonoraenequipo.com.mx\/la-fortaleza-del-peso-disminuye-la-deuda-externa-amlo\/#article","isPartOf":{"@id":"https:\/\/www.sonoraenequipo.com.mx\/la-fortaleza-del-peso-disminuye-la-deuda-externa-amlo\/"},"author":{"name":"enequipo","@id":"https:\/\/www.sonoraenequipo.com.mx\/#\/schema\/person\/50102df0fb23a8fa9e8effad8fa81386"},"headline":"La fortaleza del peso disminuye la deuda externa: AMLO","datePublished":"2023-07-05T16:23:05+00:00","dateModified":"2023-07-06T03:58:35+00:00","mainEntityOfPage":{"@id":"https:\/\/www.sonoraenequipo.com.mx\/la-fortaleza-del-peso-disminuye-la-deuda-externa-amlo\/"},"wordCount":335,"commentCount":0,"publisher":{"@id":"https:\/\/www.sonoraenequipo.com.mx\/#organization"},"image":{"@id":"https:\/\/www.sonoraenequipo.com.mx\/la-fortaleza-del-peso-disminuye-la-deuda-externa-amlo\/#primaryimage"},"thumbnailUrl":"https:\/\/www.sonoraenequipo.com.mx\/storage\/2023\/07\/2023-07-05-Conferencia-de-prensa-min.jpg","articleSection":["Rep\u00fablica"],"inLanguage":"es","potentialAction":[{"@type":"CommentAction","name":"Comment","target":["https:\/\/www.sonoraenequipo.com.mx\/la-fortaleza-del-peso-disminuye-la-deuda-externa-amlo\/#respond"]}]},{"@type":"WebPage","@id":"https:\/\/www.sonoraenequipo.com.mx\/la-fortaleza-del-peso-disminuye-la-deuda-externa-amlo\/","url":"https:\/\/www.sonoraenequipo.com.mx\/la-fortaleza-del-peso-disminuye-la-deuda-externa-amlo\/","name":"Sonora en Equipo. La fortaleza del peso disminuye la deuda externa: AMLO Rep\u00fablica","isPartOf":{"@id":"https:\/\/www.sonoraenequipo.com.mx\/#website"},"primaryImageOfPage":{"@id":"https:\/\/www.sonoraenequipo.com.mx\/la-fortaleza-del-peso-disminuye-la-deuda-externa-amlo\/#primaryimage"},"image":{"@id":"https:\/\/www.sonoraenequipo.com.mx\/la-fortaleza-del-peso-disminuye-la-deuda-externa-amlo\/#primaryimage"},"thumbnailUrl":"https:\/\/www.sonoraenequipo.com.mx\/storage\/2023\/07\/2023-07-05-Conferencia-de-prensa-min.jpg","datePublished":"2023-07-05T16:23:05+00:00","dateModified":"2023-07-06T03:58:35+00:00","description":"CIUDAD DE M\u00c9XICO. MX. \u2014 .El presidente Andr\u00e9s Manuel L\u00f3pez Obrador destac\u00f3 que el peso mexicano es la moneda que m\u00e1s se ha fortalecido en el mundo con En Sonora en Equipo publicamos toda la informaci\u00f3n de Sonora, M\u00e9xico y el Mundo de manera oportuna y busca que la libertad de expresi\u00f3n sea real. Visita nuestro medio informativo publicado desde Hermosillo, Sonora. %","breadcrumb":{"@id":"https:\/\/www.sonoraenequipo.com.mx\/la-fortaleza-del-peso-disminuye-la-deuda-externa-amlo\/#breadcrumb"},"inLanguage":"es","potentialAction":[{"@type":"ReadAction","target":["https:\/\/www.sonoraenequipo.com.mx\/la-fortaleza-del-peso-disminuye-la-deuda-externa-amlo\/"]}]},{"@type":"ImageObject","inLanguage":"es","@id":"https:\/\/www.sonoraenequipo.com.mx\/la-fortaleza-del-peso-disminuye-la-deuda-externa-amlo\/#primaryimage","url":"https:\/\/www.sonoraenequipo.com.mx\/storage\/2023\/07\/2023-07-05-Conferencia-de-prensa-min.jpg","contentUrl":"https:\/\/www.sonoraenequipo.com.mx\/storage\/2023\/07\/2023-07-05-Conferencia-de-prensa-min.jpg","width":1502,"height":1000},{"@type":"BreadcrumbList","@id":"https:\/\/www.sonoraenequipo.com.mx\/la-fortaleza-del-peso-disminuye-la-deuda-externa-amlo\/#breadcrumb","itemListElement":[{"@type":"ListItem","position":1,"name":"Portada","item":"https:\/\/www.sonoraenequipo.com.mx\/"},{"@type":"ListItem","position":2,"name":"La fortaleza del peso disminuye la deuda externa: AMLO"}]},{"@type":"WebSite","@id":"https:\/\/www.sonoraenequipo.com.mx\/#website","url":"https:\/\/www.sonoraenequipo.com.mx\/","name":"Sonora en Equipo.","description":"Diario en l\u00ednea con Noticias desde Hermosillo, Sonora","publisher":{"@id":"https:\/\/www.sonoraenequipo.com.mx\/#organization"},"potentialAction":[{"@type":"SearchAction","target":{"@type":"EntryPoint","urlTemplate":"https:\/\/www.sonoraenequipo.com.mx\/?s={search_term_string}"},"query-input":{"@type":"PropertyValueSpecification","valueRequired":true,"valueName":"search_term_string"}}],"inLanguage":"es"},{"@type":"Organization","@id":"https:\/\/www.sonoraenequipo.com.mx\/#organization","name":"Sonoraenequipo.com.mx","url":"https:\/\/www.sonoraenequipo.com.mx\/","logo":{"@type":"ImageObject","inLanguage":"es","@id":"https:\/\/www.sonoraenequipo.com.mx\/#\/schema\/logo\/image\/","url":"https:\/\/www.sonoraenequipo.com.mx\/storage\/2019\/01\/sonoraenequipo_opt.png","contentUrl":"https:\/\/www.sonoraenequipo.com.mx\/storage\/2019\/01\/sonoraenequipo_opt.png","width":375,"height":125,"caption":"Sonoraenequipo.com.mx"},"image":{"@id":"https:\/\/www.sonoraenequipo.com.mx\/#\/schema\/logo\/image\/"},"sameAs":["https:\/\/www.facebook.com\/SonoraEE\/","https:\/\/x.com\/sonoraenequipo","https:\/\/www.youtube.com\/channel\/UC338nW-lPEYmJQs4ZABQ1SQ"]},{"@type":"Person","@id":"https:\/\/www.sonoraenequipo.com.mx\/#\/schema\/person\/50102df0fb23a8fa9e8effad8fa81386","name":"enequipo","image":{"@type":"ImageObject","inLanguage":"es","@id":"https:\/\/www.sonoraenequipo.com.mx\/#\/schema\/person\/image\/","url":"https:\/\/secure.gravatar.com\/avatar\/049821681b589dabc0bc20695993ccebb09f5b5d4d790cd9251b97faac7c652b?s=96&d=blank&r=g","contentUrl":"https:\/\/secure.gravatar.com\/avatar\/049821681b589dabc0bc20695993ccebb09f5b5d4d790cd9251b97faac7c652b?s=96&d=blank&r=g","caption":"enequipo"},"sameAs":["https:\/\/www.facebook.com\/SonoraEE"]}]}},"jetpack_featured_media_url":"https:\/\/www.sonoraenequipo.com.mx\/storage\/2023\/07\/2023-07-05-Conferencia-de-prensa-min.jpg","_links":{"self":[{"href":"https:\/\/www.sonoraenequipo.com.mx\/api\/wp\/v2\/posts\/169667","targetHints":{"allow":["GET"]}}],"collection":[{"href":"https:\/\/www.sonoraenequipo.com.mx\/api\/wp\/v2\/posts"}],"about":[{"href":"https:\/\/www.sonoraenequipo.com.mx\/api\/wp\/v2\/types\/post"}],"author":[{"embeddable":true,"href":"https:\/\/www.sonoraenequipo.com.mx\/api\/wp\/v2\/users\/1"}],"replies":[{"embeddable":true,"href":"https:\/\/www.sonoraenequipo.com.mx\/api\/wp\/v2\/comments?post=169667"}],"version-history":[{"count":1,"href":"https:\/\/www.sonoraenequipo.com.mx\/api\/wp\/v2\/posts\/169667\/revisions"}],"predecessor-version":[{"id":169669,"href":"https:\/\/www.sonoraenequipo.com.mx\/api\/wp\/v2\/posts\/169667\/revisions\/169669"}],"wp:featuredmedia":[{"embeddable":true,"href":"https:\/\/www.sonoraenequipo.com.mx\/api\/wp\/v2\/media\/169668"}],"wp:attachment":[{"href":"https:\/\/www.sonoraenequipo.com.mx\/api\/wp\/v2\/media?parent=169667"}],"wp:term":[{"taxonomy":"category","embeddable":true,"href":"https:\/\/www.sonoraenequipo.com.mx\/api\/wp\/v2\/categories?post=169667"},{"taxonomy":"post_tag","embeddable":true,"href":"https:\/\/www.sonoraenequipo.com.mx\/api\/wp\/v2\/tags?post=169667"}],"curies":[{"name":"wp","href":"https:\/\/api.w.org\/{rel}","templated":true}]}}