{"id":169684,"date":"2023-07-06T11:37:19","date_gmt":"2023-07-06T18:37:19","guid":{"rendered":"https:\/\/www.sonoraenequipo.com.mx\/?p=169684"},"modified":"2023-07-06T11:37:56","modified_gmt":"2023-07-06T18:37:56","slug":"pekin-advierte-a-japoneses-y-surcoreanos-aunque-cambien-su-apariencia-nunca-se-volveran-occidentales","status":"publish","type":"post","link":"https:\/\/www.sonoraenequipo.com.mx\/pekin-advierte-a-japoneses-y-surcoreanos-aunque-cambien-su-apariencia-nunca-se-volveran-occidentales\/","title":{"rendered":"Pek\u00edn advierte a japoneses y surcoreanos: \u201cAunque cambien su apariencia nunca se volver\u00e1n occidentales\u00bb"},"content":{"rendered":"<p>El director de la Oficina de la Comisi\u00f3n Central de Asuntos Exteriores del Comit\u00e9 Central del Partido Comunista de China, Wang Yi, sugiri\u00f3 a Jap\u00f3n y Corea del Sur que busquen una cooperaci\u00f3n m\u00e1s estrechamente con Pek\u00edn, al tiempo que record\u00f3 a los ciudadanos de ambos pa\u00edses que, por mucho que cambien su apariencia, nunca ser\u00e1n americanos ni europeos.<\/p>\n<p>&nbsp;<\/p>\n<p>\u00abNo importa cu\u00e1nto se ti\u00f1an de rubio, ni lo afilada que se pongan la nariz, nunca llegar\u00e1n a ser occidentales\u00bb, declar\u00f3 durante el Foro Internacional de Cooperaci\u00f3n Trilateral 2023 el lunes. \u00abTenemos que saber d\u00f3nde est\u00e1n nuestras ra\u00edces\u00bb, sentenci\u00f3 el diplom\u00e1tico.<\/p>\n<p>&nbsp;<\/p>\n<p>China insta a EE.UU. a cesar las difamaciones y manipulaciones en torno a Taiw\u00e1n<\/p>\n<p>China insta a EE.UU. a cesar las difamaciones y manipulaciones en torno a Taiw\u00e1n<\/p>\n<p>En este contexto, Wang Yi hizo un llamamiento a ambas naciones para que \u00abse inspiren en la sabidur\u00eda hist\u00f3rica, se adhieran firmemente a la direcci\u00f3n correcta de la cooperaci\u00f3n, se resistan al resurgimiento del pensamiento de la Guerra Fr\u00eda y se liberen de la intimidaci\u00f3n y la coerci\u00f3n\u00bb, recogen medios locales.<\/p>\n<p>&nbsp;<\/p>\n<p>Tensiones entre Washington y Pek\u00edn<\/p>\n<p>Los comentarios del diplom\u00e1tico surgen en medio de las tensas relaciones entre Washington y Pek\u00edn en torno a Taiw\u00e1n y la pugna por el dominio en \u00e1reas tecnol\u00f3gicas clave.<\/p>\n<p>&nbsp;<\/p>\n<p>En los \u00faltimos meses, el gigante asi\u00e1tico ha sido objeto de una serie de sanciones impuestas por EE.UU. contra diferentes sectores de su econom\u00eda. La situaci\u00f3n se complica por la postura ambigua de Washington en torno a Taiw\u00e1n, que China considera parte irrenunciable de su territorio.<\/p>\n<p>&nbsp;<\/p>\n<p>EE.UU. no reconoce diplom\u00e1ticamente la independencia de Taip\u00e9i, pero se reserva el derecho de mantener lazos especiales con la isla, vendi\u00e9ndole armas y entrenando a su personal militar.<\/p>\n<p>&nbsp;<\/p>\n<p>Mientras tanto, Tokio y Se\u00fal se han alineado recientemente con Washington en varios asuntos pol\u00e9micos, realizando ejercicios militares con EE.UU. este a\u00f1o y sum\u00e1ndose a una &#8216;guerra de declaraciones&#8217; sobre Taiw\u00e1n.<\/p>\n<p><strong><em><u>Fecha de publicaci\u00f3n jueves 6 de julio de 2023 RT<\/u><\/em><\/strong><\/p>\n","protected":false},"excerpt":{"rendered":"<p>El director de la Oficina de la Comisi\u00f3n Central de Asuntos Exteriores del Comit\u00e9 Central&#8230;<\/p>\n","protected":false},"author":1,"featured_media":169685,"comment_status":"open","ping_status":"open","sticky":false,"template":"","format":"standard","meta":{"_monsterinsights_skip_tracking":false,"_monsterinsights_sitenote_active":false,"_monsterinsights_sitenote_note":"","_monsterinsights_sitenote_category":0,"footnotes":""},"categories":[3],"tags":[8694,8695],"class_list":["post"],"yoast_head":" \n<title>Sonora en Equipo. Pek\u00edn advierte a japoneses y surcoreanos: \u201cAunque cambien su apariencia nunca se volver\u00e1n occidentales&quot; MUNDO<\/title>\n<meta name=\"description\" content=\"El director de la Oficina de la Comisi\u00f3n Central de Asuntos Exteriores del Comit\u00e9 Central del Partido Comunista de China, Wang Yi, sugiri\u00f3 a Jap\u00f3n y Corea En Sonora en Equipo publicamos toda la informaci\u00f3n de Sonora, M\u00e9xico y el Mundo de manera oportuna y busca que la libertad de expresi\u00f3n sea real. Visita nuestro medio informativo publicado desde Hermosillo, Sonora. %\" \/>\n<meta name=\"robots\" content=\"index, follow, max-snippet:-1, max-image-preview:large, max-video-preview:-1\" \/>\n<link rel=\"canonical\" href=\"https:\/\/www.sonoraenequipo.com.mx\/pekin-advierte-a-japoneses-y-surcoreanos-aunque-cambien-su-apariencia-nunca-se-volveran-occidentales\/\" \/>\n<meta property=\"og:locale\" content=\"es_ES\" \/>\n<meta property=\"og:type\" content=\"article\" \/>\n<meta property=\"og:title\" content=\"Sonora en Equipo. Pek\u00edn advierte a japoneses y surcoreanos: \u201cAunque cambien su apariencia nunca se volver\u00e1n occidentales&quot; MUNDO\" \/>\n<meta property=\"og:description\" content=\"El director de la Oficina de la Comisi\u00f3n Central de Asuntos Exteriores del Comit\u00e9 Central del Partido Comunista de China, Wang Yi, sugiri\u00f3 a Jap\u00f3n y Corea En Sonora en Equipo publicamos toda la informaci\u00f3n de Sonora, M\u00e9xico y el Mundo de manera oportuna y busca que la libertad de expresi\u00f3n sea real. Visita nuestro medio informativo publicado desde Hermosillo, Sonora. %\" \/>\n<meta property=\"og:url\" content=\"https:\/\/www.sonoraenequipo.com.mx\/pekin-advierte-a-japoneses-y-surcoreanos-aunque-cambien-su-apariencia-nunca-se-volveran-occidentales\/\" \/>\n<meta property=\"og:site_name\" content=\"Sonora en Equipo.\" \/>\n<meta property=\"article:publisher\" content=\"https:\/\/www.facebook.com\/SonoraEE\/\" \/>\n<meta property=\"article:author\" content=\"https:\/\/www.facebook.com\/SonoraEE\" \/>\n<meta property=\"article:published_time\" content=\"2023-07-06T18:37:19+00:00\" \/>\n<meta property=\"article:modified_time\" content=\"2023-07-06T18:37:56+00:00\" \/>\n<meta property=\"og:image\" content=\"https:\/\/www.sonoraenequipo.com.mx\/storage\/2023\/07\/mujer-china.jpg\" \/>\n\t<meta property=\"og:image:width\" content=\"600\" \/>\n\t<meta property=\"og:image:height\" content=\"400\" \/>\n\t<meta property=\"og:image:type\" content=\"image\/jpeg\" \/>\n<meta name=\"author\" content=\"enequipo\" \/>\n<meta name=\"twitter:card\" content=\"summary_large_image\" \/>\n<meta name=\"twitter:creator\" content=\"@sonoraenequipo\" \/>\n<meta name=\"twitter:site\" content=\"@sonoraenequipo\" \/>\n<meta name=\"twitter:label1\" content=\"Escrito por\" \/>\n\t<meta name=\"twitter:data1\" content=\"enequipo\" \/>\n\t<meta name=\"twitter:label2\" content=\"Tiempo de lectura\" \/>\n\t<meta name=\"twitter:data2\" content=\"2 minutos\" \/>\n<script type=\"application\/ld+json\" class=\"yoast-schema-graph\">{\"@context\":\"https:\/\/schema.org\",\"@graph\":[{\"@type\":\"Article\",\"@id\":\"https:\/\/www.sonoraenequipo.com.mx\/pekin-advierte-a-japoneses-y-surcoreanos-aunque-cambien-su-apariencia-nunca-se-volveran-occidentales\/#article\",\"isPartOf\":{\"@id\":\"https:\/\/www.sonoraenequipo.com.mx\/pekin-advierte-a-japoneses-y-surcoreanos-aunque-cambien-su-apariencia-nunca-se-volveran-occidentales\/\"},\"author\":{\"name\":\"enequipo\",\"@id\":\"https:\/\/www.sonoraenequipo.com.mx\/#\/schema\/person\/50102df0fb23a8fa9e8effad8fa81386\"},\"headline\":\"Pek\u00edn advierte a japoneses y surcoreanos: \u201cAunque cambien su apariencia nunca se volver\u00e1n occidentales\u00bb\",\"datePublished\":\"2023-07-06T18:37:19+00:00\",\"dateModified\":\"2023-07-06T18:37:56+00:00\",\"mainEntityOfPage\":{\"@id\":\"https:\/\/www.sonoraenequipo.com.mx\/pekin-advierte-a-japoneses-y-surcoreanos-aunque-cambien-su-apariencia-nunca-se-volveran-occidentales\/\"},\"wordCount\":394,\"commentCount\":0,\"publisher\":{\"@id\":\"https:\/\/www.sonoraenequipo.com.mx\/#organization\"},\"image\":{\"@id\":\"https:\/\/www.sonoraenequipo.com.mx\/pekin-advierte-a-japoneses-y-surcoreanos-aunque-cambien-su-apariencia-nunca-se-volveran-occidentales\/#primaryimage\"},\"thumbnailUrl\":\"https:\/\/www.sonoraenequipo.com.mx\/storage\/2023\/07\/mujer-china.jpg\",\"keywords\":[\"cambio de imagen chinos\",\"japoneses\"],\"articleSection\":[\"MUNDO\"],\"inLanguage\":\"es\",\"potentialAction\":[{\"@type\":\"CommentAction\",\"name\":\"Comment\",\"target\":[\"https:\/\/www.sonoraenequipo.com.mx\/pekin-advierte-a-japoneses-y-surcoreanos-aunque-cambien-su-apariencia-nunca-se-volveran-occidentales\/#respond\"]}]},{\"@type\":\"WebPage\",\"@id\":\"https:\/\/www.sonoraenequipo.com.mx\/pekin-advierte-a-japoneses-y-surcoreanos-aunque-cambien-su-apariencia-nunca-se-volveran-occidentales\/\",\"url\":\"https:\/\/www.sonoraenequipo.com.mx\/pekin-advierte-a-japoneses-y-surcoreanos-aunque-cambien-su-apariencia-nunca-se-volveran-occidentales\/\",\"name\":\"Sonora en Equipo. Pek\u00edn advierte a japoneses y surcoreanos: \u201cAunque cambien su apariencia nunca se volver\u00e1n occidentales\\\" MUNDO\",\"isPartOf\":{\"@id\":\"https:\/\/www.sonoraenequipo.com.mx\/#website\"},\"primaryImageOfPage\":{\"@id\":\"https:\/\/www.sonoraenequipo.com.mx\/pekin-advierte-a-japoneses-y-surcoreanos-aunque-cambien-su-apariencia-nunca-se-volveran-occidentales\/#primaryimage\"},\"image\":{\"@id\":\"https:\/\/www.sonoraenequipo.com.mx\/pekin-advierte-a-japoneses-y-surcoreanos-aunque-cambien-su-apariencia-nunca-se-volveran-occidentales\/#primaryimage\"},\"thumbnailUrl\":\"https:\/\/www.sonoraenequipo.com.mx\/storage\/2023\/07\/mujer-china.jpg\",\"datePublished\":\"2023-07-06T18:37:19+00:00\",\"dateModified\":\"2023-07-06T18:37:56+00:00\",\"description\":\"El director de la Oficina de la Comisi\u00f3n Central de Asuntos Exteriores del Comit\u00e9 Central del Partido Comunista de China, Wang Yi, sugiri\u00f3 a Jap\u00f3n y Corea En Sonora en Equipo publicamos toda la informaci\u00f3n de Sonora, M\u00e9xico y el Mundo de manera oportuna y busca que la libertad de expresi\u00f3n sea real. Visita nuestro medio informativo publicado desde Hermosillo, Sonora. %\",\"breadcrumb\":{\"@id\":\"https:\/\/www.sonoraenequipo.com.mx\/pekin-advierte-a-japoneses-y-surcoreanos-aunque-cambien-su-apariencia-nunca-se-volveran-occidentales\/#breadcrumb\"},\"inLanguage\":\"es\",\"potentialAction\":[{\"@type\":\"ReadAction\",\"target\":[\"https:\/\/www.sonoraenequipo.com.mx\/pekin-advierte-a-japoneses-y-surcoreanos-aunque-cambien-su-apariencia-nunca-se-volveran-occidentales\/\"]}]},{\"@type\":\"ImageObject\",\"inLanguage\":\"es\",\"@id\":\"https:\/\/www.sonoraenequipo.com.mx\/pekin-advierte-a-japoneses-y-surcoreanos-aunque-cambien-su-apariencia-nunca-se-volveran-occidentales\/#primaryimage\",\"url\":\"https:\/\/www.sonoraenequipo.com.mx\/storage\/2023\/07\/mujer-china.jpg\",\"contentUrl\":\"https:\/\/www.sonoraenequipo.com.mx\/storage\/2023\/07\/mujer-china.jpg\",\"width\":600,\"height\":400},{\"@type\":\"BreadcrumbList\",\"@id\":\"https:\/\/www.sonoraenequipo.com.mx\/pekin-advierte-a-japoneses-y-surcoreanos-aunque-cambien-su-apariencia-nunca-se-volveran-occidentales\/#breadcrumb\",\"itemListElement\":[{\"@type\":\"ListItem\",\"position\":1,\"name\":\"Portada\",\"item\":\"https:\/\/www.sonoraenequipo.com.mx\/\"},{\"@type\":\"ListItem\",\"position\":2,\"name\":\"Pek\u00edn advierte a japoneses y surcoreanos: \u201cAunque cambien su apariencia nunca se volver\u00e1n occidentales\u00bb\"}]},{\"@type\":\"WebSite\",\"@id\":\"https:\/\/www.sonoraenequipo.com.mx\/#website\",\"url\":\"https:\/\/www.sonoraenequipo.com.mx\/\",\"name\":\"Sonora en Equipo.\",\"description\":\"Diario en l\u00ednea con Noticias desde Hermosillo, Sonora\",\"publisher\":{\"@id\":\"https:\/\/www.sonoraenequipo.com.mx\/#organization\"},\"potentialAction\":[{\"@type\":\"SearchAction\",\"target\":{\"@type\":\"EntryPoint\",\"urlTemplate\":\"https:\/\/www.sonoraenequipo.com.mx\/?s={search_term_string}\"},\"query-input\":{\"@type\":\"PropertyValueSpecification\",\"valueRequired\":true,\"valueName\":\"search_term_string\"}}],\"inLanguage\":\"es\"},{\"@type\":\"Organization\",\"@id\":\"https:\/\/www.sonoraenequipo.com.mx\/#organization\",\"name\":\"Sonoraenequipo.com.mx\",\"url\":\"https:\/\/www.sonoraenequipo.com.mx\/\",\"logo\":{\"@type\":\"ImageObject\",\"inLanguage\":\"es\",\"@id\":\"https:\/\/www.sonoraenequipo.com.mx\/#\/schema\/logo\/image\/\",\"url\":\"https:\/\/www.sonoraenequipo.com.mx\/storage\/2019\/01\/sonoraenequipo_opt.png\",\"contentUrl\":\"https:\/\/www.sonoraenequipo.com.mx\/storage\/2019\/01\/sonoraenequipo_opt.png\",\"width\":375,\"height\":125,\"caption\":\"Sonoraenequipo.com.mx\"},\"image\":{\"@id\":\"https:\/\/www.sonoraenequipo.com.mx\/#\/schema\/logo\/image\/\"},\"sameAs\":[\"https:\/\/www.facebook.com\/SonoraEE\/\",\"https:\/\/x.com\/sonoraenequipo\",\"https:\/\/www.youtube.com\/channel\/UC338nW-lPEYmJQs4ZABQ1SQ\"]},{\"@type\":\"Person\",\"@id\":\"https:\/\/www.sonoraenequipo.com.mx\/#\/schema\/person\/50102df0fb23a8fa9e8effad8fa81386\",\"name\":\"enequipo\",\"image\":{\"@type\":\"ImageObject\",\"inLanguage\":\"es\",\"@id\":\"https:\/\/www.sonoraenequipo.com.mx\/#\/schema\/person\/image\/\",\"url\":\"https:\/\/secure.gravatar.com\/avatar\/049821681b589dabc0bc20695993ccebb09f5b5d4d790cd9251b97faac7c652b?s=96&d=blank&r=g\",\"contentUrl\":\"https:\/\/secure.gravatar.com\/avatar\/049821681b589dabc0bc20695993ccebb09f5b5d4d790cd9251b97faac7c652b?s=96&d=blank&r=g\",\"caption\":\"enequipo\"},\"sameAs\":[\"https:\/\/www.facebook.com\/SonoraEE\"]}]}<\/script>\n ","yoast_head_json":{"title":"Sonora en Equipo. Pek\u00edn advierte a japoneses y surcoreanos: \u201cAunque cambien su apariencia nunca se volver\u00e1n occidentales\" MUNDO","description":"El director de la Oficina de la Comisi\u00f3n Central de Asuntos Exteriores del Comit\u00e9 Central del Partido Comunista de China, Wang Yi, sugiri\u00f3 a Jap\u00f3n y Corea En Sonora en Equipo publicamos toda la informaci\u00f3n de Sonora, M\u00e9xico y el Mundo de manera oportuna y busca que la libertad de expresi\u00f3n sea real. Visita nuestro medio informativo publicado desde Hermosillo, Sonora. %","robots":{"index":"index","follow":"follow","max-snippet":"max-snippet:-1","max-image-preview":"max-image-preview:large","max-video-preview":"max-video-preview:-1"},"canonical":"https:\/\/www.sonoraenequipo.com.mx\/pekin-advierte-a-japoneses-y-surcoreanos-aunque-cambien-su-apariencia-nunca-se-volveran-occidentales\/","og_locale":"es_ES","og_type":"article","og_title":"Sonora en Equipo. Pek\u00edn advierte a japoneses y surcoreanos: \u201cAunque cambien su apariencia nunca se volver\u00e1n occidentales\" MUNDO","og_description":"El director de la Oficina de la Comisi\u00f3n Central de Asuntos Exteriores del Comit\u00e9 Central del Partido Comunista de China, Wang Yi, sugiri\u00f3 a Jap\u00f3n y Corea En Sonora en Equipo publicamos toda la informaci\u00f3n de Sonora, M\u00e9xico y el Mundo de manera oportuna y busca que la libertad de expresi\u00f3n sea real. Visita nuestro medio informativo publicado desde Hermosillo, Sonora. %","og_url":"https:\/\/www.sonoraenequipo.com.mx\/pekin-advierte-a-japoneses-y-surcoreanos-aunque-cambien-su-apariencia-nunca-se-volveran-occidentales\/","og_site_name":"Sonora en Equipo.","article_publisher":"https:\/\/www.facebook.com\/SonoraEE\/","article_author":"https:\/\/www.facebook.com\/SonoraEE","article_published_time":"2023-07-06T18:37:19+00:00","article_modified_time":"2023-07-06T18:37:56+00:00","og_image":[{"width":600,"height":400,"url":"https:\/\/www.sonoraenequipo.com.mx\/storage\/2023\/07\/mujer-china.jpg","type":"image\/jpeg"}],"author":"enequipo","twitter_card":"summary_large_image","twitter_creator":"@sonoraenequipo","twitter_site":"@sonoraenequipo","twitter_misc":{"Escrito por":"enequipo","Tiempo de lectura":"2 minutos"},"schema":{"@context":"https:\/\/schema.org","@graph":[{"@type":"Article","@id":"https:\/\/www.sonoraenequipo.com.mx\/pekin-advierte-a-japoneses-y-surcoreanos-aunque-cambien-su-apariencia-nunca-se-volveran-occidentales\/#article","isPartOf":{"@id":"https:\/\/www.sonoraenequipo.com.mx\/pekin-advierte-a-japoneses-y-surcoreanos-aunque-cambien-su-apariencia-nunca-se-volveran-occidentales\/"},"author":{"name":"enequipo","@id":"https:\/\/www.sonoraenequipo.com.mx\/#\/schema\/person\/50102df0fb23a8fa9e8effad8fa81386"},"headline":"Pek\u00edn advierte a japoneses y surcoreanos: \u201cAunque cambien su apariencia nunca se volver\u00e1n occidentales\u00bb","datePublished":"2023-07-06T18:37:19+00:00","dateModified":"2023-07-06T18:37:56+00:00","mainEntityOfPage":{"@id":"https:\/\/www.sonoraenequipo.com.mx\/pekin-advierte-a-japoneses-y-surcoreanos-aunque-cambien-su-apariencia-nunca-se-volveran-occidentales\/"},"wordCount":394,"commentCount":0,"publisher":{"@id":"https:\/\/www.sonoraenequipo.com.mx\/#organization"},"image":{"@id":"https:\/\/www.sonoraenequipo.com.mx\/pekin-advierte-a-japoneses-y-surcoreanos-aunque-cambien-su-apariencia-nunca-se-volveran-occidentales\/#primaryimage"},"thumbnailUrl":"https:\/\/www.sonoraenequipo.com.mx\/storage\/2023\/07\/mujer-china.jpg","keywords":["cambio de imagen chinos","japoneses"],"articleSection":["MUNDO"],"inLanguage":"es","potentialAction":[{"@type":"CommentAction","name":"Comment","target":["https:\/\/www.sonoraenequipo.com.mx\/pekin-advierte-a-japoneses-y-surcoreanos-aunque-cambien-su-apariencia-nunca-se-volveran-occidentales\/#respond"]}]},{"@type":"WebPage","@id":"https:\/\/www.sonoraenequipo.com.mx\/pekin-advierte-a-japoneses-y-surcoreanos-aunque-cambien-su-apariencia-nunca-se-volveran-occidentales\/","url":"https:\/\/www.sonoraenequipo.com.mx\/pekin-advierte-a-japoneses-y-surcoreanos-aunque-cambien-su-apariencia-nunca-se-volveran-occidentales\/","name":"Sonora en Equipo. Pek\u00edn advierte a japoneses y surcoreanos: \u201cAunque cambien su apariencia nunca se volver\u00e1n occidentales\" MUNDO","isPartOf":{"@id":"https:\/\/www.sonoraenequipo.com.mx\/#website"},"primaryImageOfPage":{"@id":"https:\/\/www.sonoraenequipo.com.mx\/pekin-advierte-a-japoneses-y-surcoreanos-aunque-cambien-su-apariencia-nunca-se-volveran-occidentales\/#primaryimage"},"image":{"@id":"https:\/\/www.sonoraenequipo.com.mx\/pekin-advierte-a-japoneses-y-surcoreanos-aunque-cambien-su-apariencia-nunca-se-volveran-occidentales\/#primaryimage"},"thumbnailUrl":"https:\/\/www.sonoraenequipo.com.mx\/storage\/2023\/07\/mujer-china.jpg","datePublished":"2023-07-06T18:37:19+00:00","dateModified":"2023-07-06T18:37:56+00:00","description":"El director de la Oficina de la Comisi\u00f3n Central de Asuntos Exteriores del Comit\u00e9 Central del Partido Comunista de China, Wang Yi, sugiri\u00f3 a Jap\u00f3n y Corea En Sonora en Equipo publicamos toda la informaci\u00f3n de Sonora, M\u00e9xico y el Mundo de manera oportuna y busca que la libertad de expresi\u00f3n sea real. Visita nuestro medio informativo publicado desde Hermosillo, Sonora. %","breadcrumb":{"@id":"https:\/\/www.sonoraenequipo.com.mx\/pekin-advierte-a-japoneses-y-surcoreanos-aunque-cambien-su-apariencia-nunca-se-volveran-occidentales\/#breadcrumb"},"inLanguage":"es","potentialAction":[{"@type":"ReadAction","target":["https:\/\/www.sonoraenequipo.com.mx\/pekin-advierte-a-japoneses-y-surcoreanos-aunque-cambien-su-apariencia-nunca-se-volveran-occidentales\/"]}]},{"@type":"ImageObject","inLanguage":"es","@id":"https:\/\/www.sonoraenequipo.com.mx\/pekin-advierte-a-japoneses-y-surcoreanos-aunque-cambien-su-apariencia-nunca-se-volveran-occidentales\/#primaryimage","url":"https:\/\/www.sonoraenequipo.com.mx\/storage\/2023\/07\/mujer-china.jpg","contentUrl":"https:\/\/www.sonoraenequipo.com.mx\/storage\/2023\/07\/mujer-china.jpg","width":600,"height":400},{"@type":"BreadcrumbList","@id":"https:\/\/www.sonoraenequipo.com.mx\/pekin-advierte-a-japoneses-y-surcoreanos-aunque-cambien-su-apariencia-nunca-se-volveran-occidentales\/#breadcrumb","itemListElement":[{"@type":"ListItem","position":1,"name":"Portada","item":"https:\/\/www.sonoraenequipo.com.mx\/"},{"@type":"ListItem","position":2,"name":"Pek\u00edn advierte a japoneses y surcoreanos: \u201cAunque cambien su apariencia nunca se volver\u00e1n occidentales\u00bb"}]},{"@type":"WebSite","@id":"https:\/\/www.sonoraenequipo.com.mx\/#website","url":"https:\/\/www.sonoraenequipo.com.mx\/","name":"Sonora en Equipo.","description":"Diario en l\u00ednea con Noticias desde Hermosillo, Sonora","publisher":{"@id":"https:\/\/www.sonoraenequipo.com.mx\/#organization"},"potentialAction":[{"@type":"SearchAction","target":{"@type":"EntryPoint","urlTemplate":"https:\/\/www.sonoraenequipo.com.mx\/?s={search_term_string}"},"query-input":{"@type":"PropertyValueSpecification","valueRequired":true,"valueName":"search_term_string"}}],"inLanguage":"es"},{"@type":"Organization","@id":"https:\/\/www.sonoraenequipo.com.mx\/#organization","name":"Sonoraenequipo.com.mx","url":"https:\/\/www.sonoraenequipo.com.mx\/","logo":{"@type":"ImageObject","inLanguage":"es","@id":"https:\/\/www.sonoraenequipo.com.mx\/#\/schema\/logo\/image\/","url":"https:\/\/www.sonoraenequipo.com.mx\/storage\/2019\/01\/sonoraenequipo_opt.png","contentUrl":"https:\/\/www.sonoraenequipo.com.mx\/storage\/2019\/01\/sonoraenequipo_opt.png","width":375,"height":125,"caption":"Sonoraenequipo.com.mx"},"image":{"@id":"https:\/\/www.sonoraenequipo.com.mx\/#\/schema\/logo\/image\/"},"sameAs":["https:\/\/www.facebook.com\/SonoraEE\/","https:\/\/x.com\/sonoraenequipo","https:\/\/www.youtube.com\/channel\/UC338nW-lPEYmJQs4ZABQ1SQ"]},{"@type":"Person","@id":"https:\/\/www.sonoraenequipo.com.mx\/#\/schema\/person\/50102df0fb23a8fa9e8effad8fa81386","name":"enequipo","image":{"@type":"ImageObject","inLanguage":"es","@id":"https:\/\/www.sonoraenequipo.com.mx\/#\/schema\/person\/image\/","url":"https:\/\/secure.gravatar.com\/avatar\/049821681b589dabc0bc20695993ccebb09f5b5d4d790cd9251b97faac7c652b?s=96&d=blank&r=g","contentUrl":"https:\/\/secure.gravatar.com\/avatar\/049821681b589dabc0bc20695993ccebb09f5b5d4d790cd9251b97faac7c652b?s=96&d=blank&r=g","caption":"enequipo"},"sameAs":["https:\/\/www.facebook.com\/SonoraEE"]}]}},"jetpack_featured_media_url":"https:\/\/www.sonoraenequipo.com.mx\/storage\/2023\/07\/mujer-china.jpg","_links":{"self":[{"href":"https:\/\/www.sonoraenequipo.com.mx\/api\/wp\/v2\/posts\/169684","targetHints":{"allow":["GET"]}}],"collection":[{"href":"https:\/\/www.sonoraenequipo.com.mx\/api\/wp\/v2\/posts"}],"about":[{"href":"https:\/\/www.sonoraenequipo.com.mx\/api\/wp\/v2\/types\/post"}],"author":[{"embeddable":true,"href":"https:\/\/www.sonoraenequipo.com.mx\/api\/wp\/v2\/users\/1"}],"replies":[{"embeddable":true,"href":"https:\/\/www.sonoraenequipo.com.mx\/api\/wp\/v2\/comments?post=169684"}],"version-history":[{"count":1,"href":"https:\/\/www.sonoraenequipo.com.mx\/api\/wp\/v2\/posts\/169684\/revisions"}],"predecessor-version":[{"id":169686,"href":"https:\/\/www.sonoraenequipo.com.mx\/api\/wp\/v2\/posts\/169684\/revisions\/169686"}],"wp:featuredmedia":[{"embeddable":true,"href":"https:\/\/www.sonoraenequipo.com.mx\/api\/wp\/v2\/media\/169685"}],"wp:attachment":[{"href":"https:\/\/www.sonoraenequipo.com.mx\/api\/wp\/v2\/media?parent=169684"}],"wp:term":[{"taxonomy":"category","embeddable":true,"href":"https:\/\/www.sonoraenequipo.com.mx\/api\/wp\/v2\/categories?post=169684"},{"taxonomy":"post_tag","embeddable":true,"href":"https:\/\/www.sonoraenequipo.com.mx\/api\/wp\/v2\/tags?post=169684"}],"curies":[{"name":"wp","href":"https:\/\/api.w.org\/{rel}","templated":true}]}}