{"id":169698,"date":"2023-07-06T13:47:32","date_gmt":"2023-07-06T20:47:32","guid":{"rendered":"https:\/\/www.sonoraenequipo.com.mx\/?p=169698"},"modified":"2023-07-06T13:47:32","modified_gmt":"2023-07-06T20:47:32","slug":"buscan-elevar-pena-por-feminicidio-en-sonora-de-45-a-70-anos-de-prision","status":"publish","type":"post","link":"https:\/\/www.sonoraenequipo.com.mx\/buscan-elevar-pena-por-feminicidio-en-sonora-de-45-a-70-anos-de-prision\/","title":{"rendered":"Buscan elevar pena por feminicidio en Sonora de 45 a 70 a\u00f1os de prisi\u00f3n"},"content":{"rendered":"<p><strong>HERMOSILLO, SONORA,MX.<\/strong><strong>\u2500\u2500<\/strong> En aras de atender, proteger y garantizar los derechos fundamentales y humanos dispuestos en la Carta Magna y, por consiguiente, el derecho convencional, cuyo objetivo es la reducci\u00f3n de la violencia feminicida, la LXIII Legislatura aprob\u00f3 una reforma al C\u00f3digo Penal, para que a los servidores p\u00fablicos que incurran en feminicidio en cualquier etapa del delito se les incremente hasta en un tercio la pena de prisi\u00f3n.<\/p>\n<p>&nbsp;<\/p>\n<p>&nbsp;<\/p>\n<p>&nbsp;<\/p>\n<p>En sesi\u00f3n extraordinaria del Pleno celebrada el 5 de julio, a la cual convoc\u00f3 la Mesa Directiva de la Diputaci\u00f3n Permanente, la diputada Ernestina Castro Valenzuela, coordinadora del grupo parlamentario de MORENA, expuso que la pena propuesta por dicho delito ir\u00eda de 45 a 70 a\u00f1os de prisi\u00f3n, misma que tambi\u00e9n aumentar\u00eda en un tercio cuando se incurra en las siguientes agravantes:<\/p>\n<p>&nbsp;<\/p>\n<p>&nbsp;<\/p>\n<p>&nbsp;<\/p>\n<ul>\n<li>Sea cometido por dos o m\u00e1s personas;<\/li>\n<\/ul>\n<p>&nbsp;<\/p>\n<ul>\n<li>Sea cometido por persona que tenga el deber de cuidado sobre la v\u00edctima;<\/li>\n<\/ul>\n<p>&nbsp;<\/p>\n<ul>\n<li>Sea cometido por conducto ress de veh\u00edculo de transporte de pasajeros, turismo o cualquier otra modalidad en el desarrollo de su trabajo;<\/li>\n<\/ul>\n<p>&nbsp;<\/p>\n<ul>\n<li>Que el activo haya obligado a la v\u00edctima a ejercer la prostituci\u00f3n, actos de explotaci\u00f3n o trata de personas;<\/li>\n<\/ul>\n<p>&nbsp;<\/p>\n<ul>\n<li>Sea cometido en presencia de personas con quienes la v\u00edctima tuviere un v\u00ednculo de consanguinidad o afinidad, o cualquier otra relaci\u00f3n de hecho o amistad.<\/li>\n<\/ul>\n<p>&nbsp;<\/p>\n<p>&nbsp;<\/p>\n<p>&nbsp;<\/p>\n<p>La legisladora afirm\u00f3 que se trata de integrar un marco normativo actual y de acuerdo a la nueva realidad que se presenta, con el fin de mantener y proteger la paz social, ya que este es el fin que busca un estado constitucional democr\u00e1tico, lo cual solo ser\u00e1 posible mientras los poderes del Estado, principalmente el Legislativo, que representa la voluntad popular, atienda, proteja y garantice los derechos fundamentales y humanos que dispone la Constituci\u00f3n Federal.<\/p>\n<p>&nbsp;<\/p>\n<p>&nbsp;<\/p>\n<p>&nbsp;<\/p>\n<p>\u201cPara el caso, este es uno de ellos: legislar en favor de la reducci\u00f3n de la violencia feminicida debe impulsar el \u00e1nimo del Legislativo local y as\u00ed adecuar nuestro sistema jur\u00eddico-normativo, con miras de la protecci\u00f3n m\u00e1s amplia de los derechos humanos de las personas, especialmente de aquellas que integran los grupos m\u00e1s vulnerables de nuestra sociedad\u201d, extern\u00f3.<\/p>\n<p>&nbsp;<\/p>\n<p>&nbsp;<\/p>\n<p>&nbsp;<\/p>\n<p>De la exposici\u00f3n de motivos de la iniciativa con proyecto de Decreto que reforma el Art\u00edculo 263-BIS 1 del C\u00f3digo Penal del Estado de Sonora, misma que fue considerada como de urgente y obvia resoluci\u00f3n y aprobada por unanimidad, destaca que ser\u00e1 el Juez quien estimar\u00e1 aplicable aumentar un tercio la pena de prisi\u00f3n, con base en los agravantes.<\/p>\n<p>&nbsp;<\/p>\n<p>&nbsp;<\/p>\n<p>&nbsp;<\/p>\n<p>\u201cCon ello se deja a la decisi\u00f3n del juzgador si la pena de prisi\u00f3n es merecedora a una que supere los 70 a\u00f1os de c\u00e1rcel por la comisi\u00f3n de dicho delito y sus agravantes\u201d, asever\u00f3 la diputada Castro Valenzuela.<\/p>\n<p>&nbsp;<\/p>\n<p>&nbsp;<\/p>\n<p>&nbsp;<\/p>\n<p>En esta sesi\u00f3n extraordinaria se aprob\u00f3 por mayor\u00eda el Acuerdo para emitir convocatoria p\u00fablica para nombrar a la persona que habr\u00e1 de ocupar el cargo de Comisionada o Comisionado del Instituto Sonorense de Transparencia, Acceso a la Informaci\u00f3n y Protecci\u00f3n de Datos Personales, hasta por siete a\u00f1os, contados a partir de la toma de protesta respectiva.<\/p>\n<p>&nbsp;<\/p>\n<p>&nbsp;<\/p>\n<p>&nbsp;<\/p>\n<p>La diputada Beatriz Cota Ponce ley\u00f3 la iniciativa presentada por la Comisi\u00f3n de R\u00e9gimen Interno y Concertaci\u00f3n Pol\u00edtica, que contiene la convocatoria p\u00fablica dirigida a las y los ciudadanos en general, a participar en este proceso, que establece en su base primera que las y los aspirantes<\/p>\n<p>&nbsp;<\/p>\n<p>deber\u00e1n presentar por escrito la documentaci\u00f3n que acredite el cumplimiento de los requisitos, ante la Oficial\u00eda de Partes de la Oficial\u00eda Mayor del Poder Legislativo, sito en calles Allende y Tehuantepec, en un horario de 08:00 a 15:00 horas, del 10 al 14 de julio del presente.<\/p>\n<p>&nbsp;<\/p>\n<p>&nbsp;<\/p>\n<p>&nbsp;<\/p>\n<p>La convocatoria ser\u00e1 publicada en el sitio oficial de Internet del Congreso del Estado de Sonora, as\u00ed como en un peri\u00f3dico de circulaci\u00f3n estatal, y el 17 de julio del presente, la Mesa Directiva del Congreso del Estado proceder\u00e1 a publicar, de la misma forma que la convocatoria, los nombres de las personas inscritas para fungir como Comisionado o Comisionada del ISTAI, una vez cumplidos los requisitos formales.<\/p>\n<p>&nbsp;<\/p>\n<p>&nbsp;<\/p>\n<p>&nbsp;<\/p>\n<p>Despu\u00e9s de la publicaci\u00f3n de la lista, la Comisi\u00f3n de Transparencia llevar\u00e1 a cabo audiencias p\u00fablicas con entrevistas a las y los aspirantes, con el fin de conocer sus antecedentes personales y profesionales y, de modo especial, su concepci\u00f3n de la instituci\u00f3n de la cual pretenden formar parte, para posteriormente hacer el an\u00e1lisis de cada curr\u00edculum, de la documentaci\u00f3n presentada y del resultado de las audiencias, a efecto de proponer al Pleno el nombramiento de la persona que deber\u00e1 ocupar el cargo.<\/p>\n<p>&nbsp;<\/p>\n<p>&nbsp;<\/p>\n<p>&nbsp;<\/p>\n<p>Aprueban dos decretos<\/p>\n<p>&nbsp;<\/p>\n<p>Otro punto aprobado por mayor\u00eda durante la extraordinaria correspondi\u00f3 a la iniciativa con proyecto de Decreto que reforma, deroga y adiciona diversas disposiciones de la Ley de Responsabilidades y Sanciones para el Estado de Sonora, presentada por la Comisi\u00f3n Anticorrupci\u00f3n, con el objeto de adecuar dicha normatividad a las necesidades actuales de las autoridades en la materia, as\u00ed como de otorgarles un marco jur\u00eddico m\u00e1s din\u00e1mico y operable, tanto a nivel administrativo, como en los \u00e1mbitos ministerial y jurisdiccional.<\/p>\n<p>&nbsp;<\/p>\n<p>&nbsp;<\/p>\n<p>&nbsp;<\/p>\n<p>A nombre de dicha dictaminadora, la diputada Mar\u00eda Jes\u00fas Castro Urquijo dio a conocer el documento que, en su exposici\u00f3n de motivos, establece la importancia de garantizar el principio de rendici\u00f3n de cuentas que debe prevalecer en el servicio p\u00fablico e inhibir los actos de corrupci\u00f3n, a fin de fortalecer el Sistema Estatal Anticorrupci\u00f3n, que es el que regula la norma en cuesti\u00f3n.<\/p>\n<p>&nbsp;<\/p>\n<p>&nbsp;<\/p>\n<p>&nbsp;<\/p>\n<p>Al ser la instancia de coordinaci\u00f3n entre las autoridades de todos los \u00f3rdenes de gobierno competentes en la prevenci\u00f3n, detecci\u00f3n y sanci\u00f3n de responsabilidades administrativas y hechos de corrupci\u00f3n, as\u00ed como en la fiscalizaci\u00f3n y control de recursos p\u00fablicos, se da cumplimiento a lo establecido en la Constituci\u00f3n Pol\u00edtica del Estado de Sonora, indic\u00f3, sin olvidar que la ciudadan\u00eda sonorense demanda constantemente a las y los diputados, que garanticen el combate a los hechos de corrupci\u00f3n en todos los \u00e1mbitos, pero especialmente en el servicio p\u00fablico.<\/p>\n<p>&nbsp;<\/p>\n<p>&nbsp;<\/p>\n<p>&nbsp;<\/p>\n<p>Entre las modificaciones a la Ley de Responsabilidades y Sanciones destaca que ser\u00e1 considerado servidor p\u00fablico: toda persona que desempe\u00f1e un empleo, cargo o comisi\u00f3n de cualquier naturaleza en la administraci\u00f3n p\u00fablica centralizada, organismos descentralizados, empresas de participaci\u00f3n estatal mayoritaria, organizaciones y sociedades asimiladas a estas, fideicomisos p\u00fablicos, empresas productivas del Estado, en los \u00f3rganos constitucionalmente aut\u00f3nomos, en el Congreso del Estado o en el Poder Judicial, o que manejen recursos econ\u00f3micos estatales.<\/p>\n<p>&nbsp;<\/p>\n<p>&nbsp;<\/p>\n<p>&nbsp;<\/p>\n<p>Y por unanimidad se aprob\u00f3 el dictamen presentado por la Comisi\u00f3n de Hacienda, con base a iniciativa enviada a esta Soberan\u00eda por el titular del Poder Ejecutivo estatal, asistido por el Secretario de Gobierno, con proyecto de Decreto que le autoriza para que, a nombre y representaci\u00f3n del Gobierno del Estado de Sonora, afecte las participaciones que en ingresos federales correspondan al Estado a favor del Instituto Mexicano del Seguro Social.<\/p>\n<p>&nbsp;<\/p>\n<p>&nbsp;<\/p>\n<p>&nbsp;<\/p>\n<p>Adem\u00e1s, para que se constituya en obligado solidario del organismo p\u00fablico descentralizado denominado Instituto de Movilidad y Transporte para el Estado de Sonora o de las empresas de participaci\u00f3n estatal mayoritaria, para que formalice el convenio de incorporaci\u00f3n voluntaria al r\u00e9gimen obligatorio del Seguro Social a los trabajadores a su servicio.<\/p>\n<p>&nbsp;<\/p>\n<p>&nbsp;<\/p>\n<p>&nbsp;<\/p>\n<p>El Gobernador del Estado present\u00f3 la iniciativa el pasado 29 de mayo, bajo el argumento de que \u201cse ha optado por incorporar al r\u00e9gimen obligatorio del Seguro Social a trabajadores al servicio de la administraci\u00f3n p\u00fablica estatal en el Instituto Mexicano del Seguro Social, que se contraten para el despacho, operaci\u00f3n, monitoreo y supervisi\u00f3n del servicio de transporte p\u00fablico (en forma directa)\u00a0 por el organismo p\u00fablico descentralizado denominado Instituto de Movilidad y Transporte para el Estado de Sonora\u201d, establece la exposici\u00f3n de motivos.<\/p>\n<p>&nbsp;<\/p>\n<p>&nbsp;<\/p>\n<p>&nbsp;<\/p>\n<p>En el dictamen, al que dio lectura la diputada Celeste Taddei Arriola, se se\u00f1ala que el objetivo es brindarles y proporcionarles la seguridad social de atenci\u00f3n m\u00e9dica a esos trabajadores, en virtud de que la Ley del Instituto de Seguridad y Servicios Sociales de los Trabajadores del Estado de Sonora excluye a los trabajadores de las entidades de la administraci\u00f3n p\u00fablica estatal y organismos o instituciones p\u00fablicas, salvo que decidan celebrar un convenio de incorporaci\u00f3n con el ISSSTESON.<\/p>\n<p>&nbsp;<\/p>\n<p>&nbsp;<\/p>\n<p>&nbsp;<\/p>\n<p>Mediante el Decreto aprobado se le autoriza al IMTES a celebrar un convenio con el IMSS, para incorporar voluntariamente al r\u00e9gimen obligatorio del Seguro Social a sus trabajadores a su servicio, as\u00ed como pactar las condiciones de su incorporaci\u00f3n; se autoriza a otorgar como garant\u00eda de pago de las cuotas obrero-patronales respectivas, los subsidios, transferencias o participaciones en los ingresos federales que le corresponden al Instituto de Movilidad y Transporte del Estado.<\/p>\n<p>&nbsp;<\/p>\n<p>&nbsp;<\/p>\n<p>&nbsp;<\/p>\n<p>Al Gobierno del Estado se le autoriza suscribir el convenio respectivo, en calidad de obligado solidario del IMTES, otorgando en garant\u00eda los subsidios, transferencias o las participaciones en los ingresos federales que le correspondan al propio Gobierno del Estado, por lo que las y los integrantes de la Comisi\u00f3n de Hacienda consideraron es importante garantizar las prestaciones de seguridad social de los trabajadores.<\/p>\n<p>&nbsp;<\/p>\n<p>&nbsp;<\/p>\n<p>&nbsp;<\/p>\n<p>Una vez desahogado el orden del d\u00eda, la diputada Alejandra L\u00f3pez Noriega, presidenta de la Mesa Directiva, dio lectura al Decreto que clausur\u00f3 la sesi\u00f3n extraordinaria.<\/p>\n<p><strong><em><u>Fecha de publicaci\u00f3n jueves 6 de julio de 2023<\/u><\/em><\/strong><\/p>\n","protected":false},"excerpt":{"rendered":"<p>HERMOSILLO, SONORA,MX.\u2500\u2500 En aras de atender, proteger y garantizar los derechos fundamentales y humanos dispuestos&#8230;<\/p>\n","protected":false},"author":1,"featured_media":166191,"comment_status":"open","ping_status":"open","sticky":false,"template":"","format":"standard","meta":{"_monsterinsights_skip_tracking":false,"_monsterinsights_sitenote_active":false,"_monsterinsights_sitenote_note":"","_monsterinsights_sitenote_category":0,"footnotes":""},"categories":[3281],"tags":[],"class_list":["post"],"yoast_head":" \n<title>Sonora en Equipo. Buscan elevar pena por feminicidio en Sonora de 45 a 70 a\u00f1os de prisi\u00f3n Congreso<\/title>\n<meta name=\"description\" content=\"HERMOSILLO, SONORA,MX.\u2500\u2500 En aras de atender, proteger y garantizar los derechos fundamentales y humanos dispuestos en la Carta Magna y, por consiguiente, En Sonora en Equipo publicamos toda la informaci\u00f3n de Sonora, M\u00e9xico y el Mundo de manera oportuna y busca que la libertad de expresi\u00f3n sea real. Visita nuestro medio informativo publicado desde Hermosillo, Sonora. %\" \/>\n<meta name=\"robots\" content=\"index, follow, max-snippet:-1, max-image-preview:large, max-video-preview:-1\" \/>\n<link rel=\"canonical\" href=\"https:\/\/www.sonoraenequipo.com.mx\/buscan-elevar-pena-por-feminicidio-en-sonora-de-45-a-70-anos-de-prision\/\" \/>\n<meta property=\"og:locale\" content=\"es_ES\" \/>\n<meta property=\"og:type\" content=\"article\" \/>\n<meta property=\"og:title\" content=\"Sonora en Equipo. Buscan elevar pena por feminicidio en Sonora de 45 a 70 a\u00f1os de prisi\u00f3n Congreso\" \/>\n<meta property=\"og:description\" content=\"HERMOSILLO, SONORA,MX.\u2500\u2500 En aras de atender, proteger y garantizar los derechos fundamentales y humanos dispuestos en la Carta Magna y, por consiguiente, En Sonora en Equipo publicamos toda la informaci\u00f3n de Sonora, M\u00e9xico y el Mundo de manera oportuna y busca que la libertad de expresi\u00f3n sea real. Visita nuestro medio informativo publicado desde Hermosillo, Sonora. %\" \/>\n<meta property=\"og:url\" content=\"https:\/\/www.sonoraenequipo.com.mx\/buscan-elevar-pena-por-feminicidio-en-sonora-de-45-a-70-anos-de-prision\/\" \/>\n<meta property=\"og:site_name\" content=\"Sonora en Equipo.\" \/>\n<meta property=\"article:publisher\" content=\"https:\/\/www.facebook.com\/SonoraEE\/\" \/>\n<meta property=\"article:author\" content=\"https:\/\/www.facebook.com\/SonoraEE\" \/>\n<meta property=\"article:published_time\" content=\"2023-07-06T20:47:32+00:00\" \/>\n<meta property=\"og:image\" content=\"https:\/\/www.sonoraenequipo.com.mx\/storage\/2023\/05\/Congreso-del-Estado-de-Sonora...-min.jpg\" \/>\n\t<meta property=\"og:image:width\" content=\"900\" \/>\n\t<meta property=\"og:image:height\" content=\"561\" \/>\n\t<meta property=\"og:image:type\" content=\"image\/jpeg\" \/>\n<meta name=\"author\" content=\"enequipo\" \/>\n<meta name=\"twitter:card\" content=\"summary_large_image\" \/>\n<meta name=\"twitter:creator\" content=\"@sonoraenequipo\" \/>\n<meta name=\"twitter:site\" content=\"@sonoraenequipo\" \/>\n<meta name=\"twitter:label1\" content=\"Escrito por\" \/>\n\t<meta name=\"twitter:data1\" content=\"enequipo\" \/>\n\t<meta name=\"twitter:label2\" content=\"Tiempo de lectura\" \/>\n\t<meta name=\"twitter:data2\" content=\"8 minutos\" \/>\n<script type=\"application\/ld+json\" class=\"yoast-schema-graph\">{\"@context\":\"https:\/\/schema.org\",\"@graph\":[{\"@type\":\"Article\",\"@id\":\"https:\/\/www.sonoraenequipo.com.mx\/buscan-elevar-pena-por-feminicidio-en-sonora-de-45-a-70-anos-de-prision\/#article\",\"isPartOf\":{\"@id\":\"https:\/\/www.sonoraenequipo.com.mx\/buscan-elevar-pena-por-feminicidio-en-sonora-de-45-a-70-anos-de-prision\/\"},\"author\":{\"name\":\"enequipo\",\"@id\":\"https:\/\/www.sonoraenequipo.com.mx\/#\/schema\/person\/50102df0fb23a8fa9e8effad8fa81386\"},\"headline\":\"Buscan elevar pena por feminicidio en Sonora de 45 a 70 a\u00f1os de prisi\u00f3n\",\"datePublished\":\"2023-07-06T20:47:32+00:00\",\"mainEntityOfPage\":{\"@id\":\"https:\/\/www.sonoraenequipo.com.mx\/buscan-elevar-pena-por-feminicidio-en-sonora-de-45-a-70-anos-de-prision\/\"},\"wordCount\":1707,\"commentCount\":0,\"publisher\":{\"@id\":\"https:\/\/www.sonoraenequipo.com.mx\/#organization\"},\"image\":{\"@id\":\"https:\/\/www.sonoraenequipo.com.mx\/buscan-elevar-pena-por-feminicidio-en-sonora-de-45-a-70-anos-de-prision\/#primaryimage\"},\"thumbnailUrl\":\"https:\/\/www.sonoraenequipo.com.mx\/storage\/2023\/05\/Congreso-del-Estado-de-Sonora...-min.jpg\",\"articleSection\":[\"Congreso\"],\"inLanguage\":\"es\",\"potentialAction\":[{\"@type\":\"CommentAction\",\"name\":\"Comment\",\"target\":[\"https:\/\/www.sonoraenequipo.com.mx\/buscan-elevar-pena-por-feminicidio-en-sonora-de-45-a-70-anos-de-prision\/#respond\"]}]},{\"@type\":\"WebPage\",\"@id\":\"https:\/\/www.sonoraenequipo.com.mx\/buscan-elevar-pena-por-feminicidio-en-sonora-de-45-a-70-anos-de-prision\/\",\"url\":\"https:\/\/www.sonoraenequipo.com.mx\/buscan-elevar-pena-por-feminicidio-en-sonora-de-45-a-70-anos-de-prision\/\",\"name\":\"Sonora en Equipo. Buscan elevar pena por feminicidio en Sonora de 45 a 70 a\u00f1os de prisi\u00f3n Congreso\",\"isPartOf\":{\"@id\":\"https:\/\/www.sonoraenequipo.com.mx\/#website\"},\"primaryImageOfPage\":{\"@id\":\"https:\/\/www.sonoraenequipo.com.mx\/buscan-elevar-pena-por-feminicidio-en-sonora-de-45-a-70-anos-de-prision\/#primaryimage\"},\"image\":{\"@id\":\"https:\/\/www.sonoraenequipo.com.mx\/buscan-elevar-pena-por-feminicidio-en-sonora-de-45-a-70-anos-de-prision\/#primaryimage\"},\"thumbnailUrl\":\"https:\/\/www.sonoraenequipo.com.mx\/storage\/2023\/05\/Congreso-del-Estado-de-Sonora...-min.jpg\",\"datePublished\":\"2023-07-06T20:47:32+00:00\",\"description\":\"HERMOSILLO, SONORA,MX.\u2500\u2500 En aras de atender, proteger y garantizar los derechos fundamentales y humanos dispuestos en la Carta Magna y, por consiguiente, En Sonora en Equipo publicamos toda la informaci\u00f3n de Sonora, M\u00e9xico y el Mundo de manera oportuna y busca que la libertad de expresi\u00f3n sea real. Visita nuestro medio informativo publicado desde Hermosillo, Sonora. %\",\"breadcrumb\":{\"@id\":\"https:\/\/www.sonoraenequipo.com.mx\/buscan-elevar-pena-por-feminicidio-en-sonora-de-45-a-70-anos-de-prision\/#breadcrumb\"},\"inLanguage\":\"es\",\"potentialAction\":[{\"@type\":\"ReadAction\",\"target\":[\"https:\/\/www.sonoraenequipo.com.mx\/buscan-elevar-pena-por-feminicidio-en-sonora-de-45-a-70-anos-de-prision\/\"]}]},{\"@type\":\"ImageObject\",\"inLanguage\":\"es\",\"@id\":\"https:\/\/www.sonoraenequipo.com.mx\/buscan-elevar-pena-por-feminicidio-en-sonora-de-45-a-70-anos-de-prision\/#primaryimage\",\"url\":\"https:\/\/www.sonoraenequipo.com.mx\/storage\/2023\/05\/Congreso-del-Estado-de-Sonora...-min.jpg\",\"contentUrl\":\"https:\/\/www.sonoraenequipo.com.mx\/storage\/2023\/05\/Congreso-del-Estado-de-Sonora...-min.jpg\",\"width\":900,\"height\":561,\"caption\":\"fachada Congreso de Sonora\"},{\"@type\":\"BreadcrumbList\",\"@id\":\"https:\/\/www.sonoraenequipo.com.mx\/buscan-elevar-pena-por-feminicidio-en-sonora-de-45-a-70-anos-de-prision\/#breadcrumb\",\"itemListElement\":[{\"@type\":\"ListItem\",\"position\":1,\"name\":\"Portada\",\"item\":\"https:\/\/www.sonoraenequipo.com.mx\/\"},{\"@type\":\"ListItem\",\"position\":2,\"name\":\"Buscan elevar pena por feminicidio en Sonora de 45 a 70 a\u00f1os de prisi\u00f3n\"}]},{\"@type\":\"WebSite\",\"@id\":\"https:\/\/www.sonoraenequipo.com.mx\/#website\",\"url\":\"https:\/\/www.sonoraenequipo.com.mx\/\",\"name\":\"Sonora en Equipo.\",\"description\":\"Diario en l\u00ednea con Noticias desde Hermosillo, Sonora\",\"publisher\":{\"@id\":\"https:\/\/www.sonoraenequipo.com.mx\/#organization\"},\"potentialAction\":[{\"@type\":\"SearchAction\",\"target\":{\"@type\":\"EntryPoint\",\"urlTemplate\":\"https:\/\/www.sonoraenequipo.com.mx\/?s={search_term_string}\"},\"query-input\":{\"@type\":\"PropertyValueSpecification\",\"valueRequired\":true,\"valueName\":\"search_term_string\"}}],\"inLanguage\":\"es\"},{\"@type\":\"Organization\",\"@id\":\"https:\/\/www.sonoraenequipo.com.mx\/#organization\",\"name\":\"Sonoraenequipo.com.mx\",\"url\":\"https:\/\/www.sonoraenequipo.com.mx\/\",\"logo\":{\"@type\":\"ImageObject\",\"inLanguage\":\"es\",\"@id\":\"https:\/\/www.sonoraenequipo.com.mx\/#\/schema\/logo\/image\/\",\"url\":\"https:\/\/www.sonoraenequipo.com.mx\/storage\/2019\/01\/sonoraenequipo_opt.png\",\"contentUrl\":\"https:\/\/www.sonoraenequipo.com.mx\/storage\/2019\/01\/sonoraenequipo_opt.png\",\"width\":375,\"height\":125,\"caption\":\"Sonoraenequipo.com.mx\"},\"image\":{\"@id\":\"https:\/\/www.sonoraenequipo.com.mx\/#\/schema\/logo\/image\/\"},\"sameAs\":[\"https:\/\/www.facebook.com\/SonoraEE\/\",\"https:\/\/x.com\/sonoraenequipo\",\"https:\/\/www.youtube.com\/channel\/UC338nW-lPEYmJQs4ZABQ1SQ\"]},{\"@type\":\"Person\",\"@id\":\"https:\/\/www.sonoraenequipo.com.mx\/#\/schema\/person\/50102df0fb23a8fa9e8effad8fa81386\",\"name\":\"enequipo\",\"image\":{\"@type\":\"ImageObject\",\"inLanguage\":\"es\",\"@id\":\"https:\/\/www.sonoraenequipo.com.mx\/#\/schema\/person\/image\/\",\"url\":\"https:\/\/secure.gravatar.com\/avatar\/049821681b589dabc0bc20695993ccebb09f5b5d4d790cd9251b97faac7c652b?s=96&d=blank&r=g\",\"contentUrl\":\"https:\/\/secure.gravatar.com\/avatar\/049821681b589dabc0bc20695993ccebb09f5b5d4d790cd9251b97faac7c652b?s=96&d=blank&r=g\",\"caption\":\"enequipo\"},\"sameAs\":[\"https:\/\/www.facebook.com\/SonoraEE\"]}]}<\/script>\n ","yoast_head_json":{"title":"Sonora en Equipo. Buscan elevar pena por feminicidio en Sonora de 45 a 70 a\u00f1os de prisi\u00f3n Congreso","description":"HERMOSILLO, SONORA,MX.\u2500\u2500 En aras de atender, proteger y garantizar los derechos fundamentales y humanos dispuestos en la Carta Magna y, por consiguiente, En Sonora en Equipo publicamos toda la informaci\u00f3n de Sonora, M\u00e9xico y el Mundo de manera oportuna y busca que la libertad de expresi\u00f3n sea real. Visita nuestro medio informativo publicado desde Hermosillo, Sonora. %","robots":{"index":"index","follow":"follow","max-snippet":"max-snippet:-1","max-image-preview":"max-image-preview:large","max-video-preview":"max-video-preview:-1"},"canonical":"https:\/\/www.sonoraenequipo.com.mx\/buscan-elevar-pena-por-feminicidio-en-sonora-de-45-a-70-anos-de-prision\/","og_locale":"es_ES","og_type":"article","og_title":"Sonora en Equipo. Buscan elevar pena por feminicidio en Sonora de 45 a 70 a\u00f1os de prisi\u00f3n Congreso","og_description":"HERMOSILLO, SONORA,MX.\u2500\u2500 En aras de atender, proteger y garantizar los derechos fundamentales y humanos dispuestos en la Carta Magna y, por consiguiente, En Sonora en Equipo publicamos toda la informaci\u00f3n de Sonora, M\u00e9xico y el Mundo de manera oportuna y busca que la libertad de expresi\u00f3n sea real. Visita nuestro medio informativo publicado desde Hermosillo, Sonora. %","og_url":"https:\/\/www.sonoraenequipo.com.mx\/buscan-elevar-pena-por-feminicidio-en-sonora-de-45-a-70-anos-de-prision\/","og_site_name":"Sonora en Equipo.","article_publisher":"https:\/\/www.facebook.com\/SonoraEE\/","article_author":"https:\/\/www.facebook.com\/SonoraEE","article_published_time":"2023-07-06T20:47:32+00:00","og_image":[{"width":900,"height":561,"url":"https:\/\/www.sonoraenequipo.com.mx\/storage\/2023\/05\/Congreso-del-Estado-de-Sonora...-min.jpg","type":"image\/jpeg"}],"author":"enequipo","twitter_card":"summary_large_image","twitter_creator":"@sonoraenequipo","twitter_site":"@sonoraenequipo","twitter_misc":{"Escrito por":"enequipo","Tiempo de lectura":"8 minutos"},"schema":{"@context":"https:\/\/schema.org","@graph":[{"@type":"Article","@id":"https:\/\/www.sonoraenequipo.com.mx\/buscan-elevar-pena-por-feminicidio-en-sonora-de-45-a-70-anos-de-prision\/#article","isPartOf":{"@id":"https:\/\/www.sonoraenequipo.com.mx\/buscan-elevar-pena-por-feminicidio-en-sonora-de-45-a-70-anos-de-prision\/"},"author":{"name":"enequipo","@id":"https:\/\/www.sonoraenequipo.com.mx\/#\/schema\/person\/50102df0fb23a8fa9e8effad8fa81386"},"headline":"Buscan elevar pena por feminicidio en Sonora de 45 a 70 a\u00f1os de prisi\u00f3n","datePublished":"2023-07-06T20:47:32+00:00","mainEntityOfPage":{"@id":"https:\/\/www.sonoraenequipo.com.mx\/buscan-elevar-pena-por-feminicidio-en-sonora-de-45-a-70-anos-de-prision\/"},"wordCount":1707,"commentCount":0,"publisher":{"@id":"https:\/\/www.sonoraenequipo.com.mx\/#organization"},"image":{"@id":"https:\/\/www.sonoraenequipo.com.mx\/buscan-elevar-pena-por-feminicidio-en-sonora-de-45-a-70-anos-de-prision\/#primaryimage"},"thumbnailUrl":"https:\/\/www.sonoraenequipo.com.mx\/storage\/2023\/05\/Congreso-del-Estado-de-Sonora...-min.jpg","articleSection":["Congreso"],"inLanguage":"es","potentialAction":[{"@type":"CommentAction","name":"Comment","target":["https:\/\/www.sonoraenequipo.com.mx\/buscan-elevar-pena-por-feminicidio-en-sonora-de-45-a-70-anos-de-prision\/#respond"]}]},{"@type":"WebPage","@id":"https:\/\/www.sonoraenequipo.com.mx\/buscan-elevar-pena-por-feminicidio-en-sonora-de-45-a-70-anos-de-prision\/","url":"https:\/\/www.sonoraenequipo.com.mx\/buscan-elevar-pena-por-feminicidio-en-sonora-de-45-a-70-anos-de-prision\/","name":"Sonora en Equipo. Buscan elevar pena por feminicidio en Sonora de 45 a 70 a\u00f1os de prisi\u00f3n Congreso","isPartOf":{"@id":"https:\/\/www.sonoraenequipo.com.mx\/#website"},"primaryImageOfPage":{"@id":"https:\/\/www.sonoraenequipo.com.mx\/buscan-elevar-pena-por-feminicidio-en-sonora-de-45-a-70-anos-de-prision\/#primaryimage"},"image":{"@id":"https:\/\/www.sonoraenequipo.com.mx\/buscan-elevar-pena-por-feminicidio-en-sonora-de-45-a-70-anos-de-prision\/#primaryimage"},"thumbnailUrl":"https:\/\/www.sonoraenequipo.com.mx\/storage\/2023\/05\/Congreso-del-Estado-de-Sonora...-min.jpg","datePublished":"2023-07-06T20:47:32+00:00","description":"HERMOSILLO, SONORA,MX.\u2500\u2500 En aras de atender, proteger y garantizar los derechos fundamentales y humanos dispuestos en la Carta Magna y, por consiguiente, En Sonora en Equipo publicamos toda la informaci\u00f3n de Sonora, M\u00e9xico y el Mundo de manera oportuna y busca que la libertad de expresi\u00f3n sea real. Visita nuestro medio informativo publicado desde Hermosillo, Sonora. %","breadcrumb":{"@id":"https:\/\/www.sonoraenequipo.com.mx\/buscan-elevar-pena-por-feminicidio-en-sonora-de-45-a-70-anos-de-prision\/#breadcrumb"},"inLanguage":"es","potentialAction":[{"@type":"ReadAction","target":["https:\/\/www.sonoraenequipo.com.mx\/buscan-elevar-pena-por-feminicidio-en-sonora-de-45-a-70-anos-de-prision\/"]}]},{"@type":"ImageObject","inLanguage":"es","@id":"https:\/\/www.sonoraenequipo.com.mx\/buscan-elevar-pena-por-feminicidio-en-sonora-de-45-a-70-anos-de-prision\/#primaryimage","url":"https:\/\/www.sonoraenequipo.com.mx\/storage\/2023\/05\/Congreso-del-Estado-de-Sonora...-min.jpg","contentUrl":"https:\/\/www.sonoraenequipo.com.mx\/storage\/2023\/05\/Congreso-del-Estado-de-Sonora...-min.jpg","width":900,"height":561,"caption":"fachada Congreso de Sonora"},{"@type":"BreadcrumbList","@id":"https:\/\/www.sonoraenequipo.com.mx\/buscan-elevar-pena-por-feminicidio-en-sonora-de-45-a-70-anos-de-prision\/#breadcrumb","itemListElement":[{"@type":"ListItem","position":1,"name":"Portada","item":"https:\/\/www.sonoraenequipo.com.mx\/"},{"@type":"ListItem","position":2,"name":"Buscan elevar pena por feminicidio en Sonora de 45 a 70 a\u00f1os de prisi\u00f3n"}]},{"@type":"WebSite","@id":"https:\/\/www.sonoraenequipo.com.mx\/#website","url":"https:\/\/www.sonoraenequipo.com.mx\/","name":"Sonora en Equipo.","description":"Diario en l\u00ednea con Noticias desde Hermosillo, Sonora","publisher":{"@id":"https:\/\/www.sonoraenequipo.com.mx\/#organization"},"potentialAction":[{"@type":"SearchAction","target":{"@type":"EntryPoint","urlTemplate":"https:\/\/www.sonoraenequipo.com.mx\/?s={search_term_string}"},"query-input":{"@type":"PropertyValueSpecification","valueRequired":true,"valueName":"search_term_string"}}],"inLanguage":"es"},{"@type":"Organization","@id":"https:\/\/www.sonoraenequipo.com.mx\/#organization","name":"Sonoraenequipo.com.mx","url":"https:\/\/www.sonoraenequipo.com.mx\/","logo":{"@type":"ImageObject","inLanguage":"es","@id":"https:\/\/www.sonoraenequipo.com.mx\/#\/schema\/logo\/image\/","url":"https:\/\/www.sonoraenequipo.com.mx\/storage\/2019\/01\/sonoraenequipo_opt.png","contentUrl":"https:\/\/www.sonoraenequipo.com.mx\/storage\/2019\/01\/sonoraenequipo_opt.png","width":375,"height":125,"caption":"Sonoraenequipo.com.mx"},"image":{"@id":"https:\/\/www.sonoraenequipo.com.mx\/#\/schema\/logo\/image\/"},"sameAs":["https:\/\/www.facebook.com\/SonoraEE\/","https:\/\/x.com\/sonoraenequipo","https:\/\/www.youtube.com\/channel\/UC338nW-lPEYmJQs4ZABQ1SQ"]},{"@type":"Person","@id":"https:\/\/www.sonoraenequipo.com.mx\/#\/schema\/person\/50102df0fb23a8fa9e8effad8fa81386","name":"enequipo","image":{"@type":"ImageObject","inLanguage":"es","@id":"https:\/\/www.sonoraenequipo.com.mx\/#\/schema\/person\/image\/","url":"https:\/\/secure.gravatar.com\/avatar\/049821681b589dabc0bc20695993ccebb09f5b5d4d790cd9251b97faac7c652b?s=96&d=blank&r=g","contentUrl":"https:\/\/secure.gravatar.com\/avatar\/049821681b589dabc0bc20695993ccebb09f5b5d4d790cd9251b97faac7c652b?s=96&d=blank&r=g","caption":"enequipo"},"sameAs":["https:\/\/www.facebook.com\/SonoraEE"]}]}},"jetpack_featured_media_url":"https:\/\/www.sonoraenequipo.com.mx\/storage\/2023\/05\/Congreso-del-Estado-de-Sonora...-min.jpg","_links":{"self":[{"href":"https:\/\/www.sonoraenequipo.com.mx\/api\/wp\/v2\/posts\/169698","targetHints":{"allow":["GET"]}}],"collection":[{"href":"https:\/\/www.sonoraenequipo.com.mx\/api\/wp\/v2\/posts"}],"about":[{"href":"https:\/\/www.sonoraenequipo.com.mx\/api\/wp\/v2\/types\/post"}],"author":[{"embeddable":true,"href":"https:\/\/www.sonoraenequipo.com.mx\/api\/wp\/v2\/users\/1"}],"replies":[{"embeddable":true,"href":"https:\/\/www.sonoraenequipo.com.mx\/api\/wp\/v2\/comments?post=169698"}],"version-history":[{"count":1,"href":"https:\/\/www.sonoraenequipo.com.mx\/api\/wp\/v2\/posts\/169698\/revisions"}],"predecessor-version":[{"id":169699,"href":"https:\/\/www.sonoraenequipo.com.mx\/api\/wp\/v2\/posts\/169698\/revisions\/169699"}],"wp:featuredmedia":[{"embeddable":true,"href":"https:\/\/www.sonoraenequipo.com.mx\/api\/wp\/v2\/media\/166191"}],"wp:attachment":[{"href":"https:\/\/www.sonoraenequipo.com.mx\/api\/wp\/v2\/media?parent=169698"}],"wp:term":[{"taxonomy":"category","embeddable":true,"href":"https:\/\/www.sonoraenequipo.com.mx\/api\/wp\/v2\/categories?post=169698"},{"taxonomy":"post_tag","embeddable":true,"href":"https:\/\/www.sonoraenequipo.com.mx\/api\/wp\/v2\/tags?post=169698"}],"curies":[{"name":"wp","href":"https:\/\/api.w.org\/{rel}","templated":true}]}}