{"id":170495,"date":"2023-07-17T11:24:30","date_gmt":"2023-07-17T18:24:30","guid":{"rendered":"https:\/\/www.sonoraenequipo.com.mx\/?p=170495"},"modified":"2023-07-17T17:23:02","modified_gmt":"2023-07-18T00:23:02","slug":"presidente-informa-que-no-ha-sido-notificado-sobre-las-disposiciones-del-ine-acerca-del-proceso-electoral","status":"publish","type":"post","link":"https:\/\/www.sonoraenequipo.com.mx\/presidente-informa-que-no-ha-sido-notificado-sobre-las-disposiciones-del-ine-acerca-del-proceso-electoral\/","title":{"rendered":"Presidente informa que no ha sido notificado sobre las disposiciones del INE acerca del proceso electoral"},"content":{"rendered":"<p><strong>CIUDAD DE M\u00c9XICO. MX. \u2014<\/strong> El presidente de M\u00e9xico, Andr\u00e9s Manuel L\u00f3pez Obrador (AMLO), afirm\u00f3 este lunes que las medidas del Instituto Nacional Electoral (INE) acerca de los comentarios con relaci\u00f3n al proceso electoral de 2024, a\u00fan no se las han notificado, pero que las tomar\u00e1 <em><strong>\u201cbajo protesta\u201d.<\/strong><\/em><\/p>\n<p>&nbsp;<\/p>\n<p> <\/p>\n<p>&nbsp;<\/p>\n<p>El mandatario federal dio a conocer su intenci\u00f3n por acatar las medidas cautelares, cumplir con todos los ordenamientos legales, as\u00ed como decisiones de los organismos electorales, una vez que le sean notificadas.<\/p>\n<p>&nbsp;<\/p>\n<p>&nbsp;<\/p>\n<p><strong><em>\u201cVamos a cumplir con todos los ordenamientos legales y las decisiones de los organismos electorales, pero lo hacemos bajo protesta\u201d,<\/em><\/strong> asegur\u00f3 el presidente de M\u00e9xico.<\/p>\n<p>&nbsp;<\/p>\n<p>L\u00f3pez Obrador calific\u00f3 como <strong><em>\u201cinjusto\u201d<\/em><\/strong> que los integrantes opositores est\u00e9n <em><strong>\u201clanzados\u201d<\/strong><\/em> en su contra y que, ante ello, la autoridad limite su <strong><em>\u201clibertad de manifestaci\u00f3n\u201d.<\/em><\/strong><\/p>\n<p>&nbsp;<\/p>\n<p>&nbsp;<\/p>\n<p>&nbsp;<\/p>\n<p><em><strong>\u201cEs muy injusto el que el grupo de potentados que se sent\u00edan due\u00f1os de M\u00e9xico [\u2026] est\u00e1n lanzados en contra de nosotros y que las autoridades nos limitan nuestra libertad, la libertad de manifestaci\u00f3n [\u2026] de todas maneras vamos a respetar y acatar esas recomendaciones, pero est\u00e1n muy mal acostumbrados nuestros adversarios\u201d,<\/strong><\/em> revel\u00f3 AMLO.<\/p>\n<p>&nbsp;<\/p>\n<p>&nbsp;<\/p>\n<p>Asimismo, el jefe del Ejecutivo critic\u00f3 el deseo de sus adversarios porque est\u00e9<strong><em> \u201catado y callado\u201d,<\/em> <\/strong>mientras ellos s\u00ed externan sus campa\u00f1as y se presenten en los medios de comunicaci\u00f3n; por ello, calific\u00f3 las medidas del INE como un retroceso.<\/p>\n<p>&nbsp;<\/p>\n<p>&nbsp;<\/p>\n<p><em><strong>\u201cNos quisieran silenciar y nada m\u00e1s ellos hablando, hablando y mintiendo; y mintiendo, y calumniando; en la radio, televisi\u00f3n y peri\u00f3dicos\u201d,<\/strong><\/em> afirm\u00f3 L\u00f3pez Obrador.<\/p>\n<p>&nbsp;<\/p>\n<p>&nbsp;<\/p>\n<p>El mandatario federal resalt\u00f3 que la Conferencia matutina es vista por millones de personas y que los opositores no dejan de estar al tanto de los di\u00e1logos circulares.<\/p>\n<p>&nbsp;<\/p>\n<p>&nbsp;<\/p>\n<p>PUBLICADO EL 17 DE JULIO DE 2023\/)<\/p>\n<p>&nbsp;<\/p>\n","protected":false},"excerpt":{"rendered":"<p>CIUDAD DE M\u00c9XICO. MX. \u2014 El presidente de M\u00e9xico, Andr\u00e9s Manuel L\u00f3pez Obrador (AMLO), afirm\u00f3&#8230;<\/p>\n","protected":false},"author":1,"featured_media":170484,"comment_status":"open","ping_status":"open","sticky":false,"template":"","format":"standard","meta":{"_monsterinsights_skip_tracking":false,"_monsterinsights_sitenote_active":false,"_monsterinsights_sitenote_note":"","_monsterinsights_sitenote_category":0,"footnotes":""},"categories":[5],"tags":[],"class_list":["post"],"yoast_head":" \n<title>Sonora en Equipo. Presidente informa que no ha sido notificado sobre las disposiciones del INE acerca del proceso electoral Rep\u00fablica<\/title>\n<meta name=\"description\" content=\"CIUDAD DE M\u00c9XICO. MX. \u2014 El presidente de M\u00e9xico, Andr\u00e9s Manuel L\u00f3pez Obrador (AMLO), afirm\u00f3 este lunes que las medidas del Instituto Nacional Electoral En Sonora en Equipo publicamos toda la informaci\u00f3n de Sonora, M\u00e9xico y el Mundo de manera oportuna y busca que la libertad de expresi\u00f3n sea real. Visita nuestro medio informativo publicado desde Hermosillo, Sonora. %\" \/>\n<meta name=\"robots\" content=\"index, follow, max-snippet:-1, max-image-preview:large, max-video-preview:-1\" \/>\n<link rel=\"canonical\" href=\"https:\/\/www.sonoraenequipo.com.mx\/presidente-informa-que-no-ha-sido-notificado-sobre-las-disposiciones-del-ine-acerca-del-proceso-electoral\/\" \/>\n<meta property=\"og:locale\" content=\"es_ES\" \/>\n<meta property=\"og:type\" content=\"article\" \/>\n<meta property=\"og:title\" content=\"Sonora en Equipo. Presidente informa que no ha sido notificado sobre las disposiciones del INE acerca del proceso electoral Rep\u00fablica\" \/>\n<meta property=\"og:description\" content=\"CIUDAD DE M\u00c9XICO. MX. \u2014 El presidente de M\u00e9xico, Andr\u00e9s Manuel L\u00f3pez Obrador (AMLO), afirm\u00f3 este lunes que las medidas del Instituto Nacional Electoral En Sonora en Equipo publicamos toda la informaci\u00f3n de Sonora, M\u00e9xico y el Mundo de manera oportuna y busca que la libertad de expresi\u00f3n sea real. Visita nuestro medio informativo publicado desde Hermosillo, Sonora. %\" \/>\n<meta property=\"og:url\" content=\"https:\/\/www.sonoraenequipo.com.mx\/presidente-informa-que-no-ha-sido-notificado-sobre-las-disposiciones-del-ine-acerca-del-proceso-electoral\/\" \/>\n<meta property=\"og:site_name\" content=\"Sonora en Equipo.\" \/>\n<meta property=\"article:publisher\" content=\"https:\/\/www.facebook.com\/SonoraEE\/\" \/>\n<meta property=\"article:author\" content=\"https:\/\/www.facebook.com\/SonoraEE\" \/>\n<meta property=\"article:published_time\" content=\"2023-07-17T18:24:30+00:00\" \/>\n<meta property=\"article:modified_time\" content=\"2023-07-18T00:23:02+00:00\" \/>\n<meta property=\"og:image\" content=\"https:\/\/www.sonoraenequipo.com.mx\/storage\/2023\/07\/amlo-ine.jpg\" \/>\n\t<meta property=\"og:image:width\" content=\"1280\" \/>\n\t<meta property=\"og:image:height\" content=\"720\" \/>\n\t<meta property=\"og:image:type\" content=\"image\/jpeg\" \/>\n<meta name=\"author\" content=\"enequipo\" \/>\n<meta name=\"twitter:card\" content=\"summary_large_image\" \/>\n<meta name=\"twitter:creator\" content=\"@sonoraenequipo\" \/>\n<meta name=\"twitter:site\" content=\"@sonoraenequipo\" \/>\n<meta name=\"twitter:label1\" content=\"Escrito por\" \/>\n\t<meta name=\"twitter:data1\" content=\"enequipo\" \/>\n\t<meta name=\"twitter:label2\" content=\"Tiempo de lectura\" \/>\n\t<meta name=\"twitter:data2\" content=\"2 minutos\" \/>\n<script type=\"application\/ld+json\" class=\"yoast-schema-graph\">{\"@context\":\"https:\/\/schema.org\",\"@graph\":[{\"@type\":\"Article\",\"@id\":\"https:\/\/www.sonoraenequipo.com.mx\/presidente-informa-que-no-ha-sido-notificado-sobre-las-disposiciones-del-ine-acerca-del-proceso-electoral\/#article\",\"isPartOf\":{\"@id\":\"https:\/\/www.sonoraenequipo.com.mx\/presidente-informa-que-no-ha-sido-notificado-sobre-las-disposiciones-del-ine-acerca-del-proceso-electoral\/\"},\"author\":{\"name\":\"enequipo\",\"@id\":\"https:\/\/www.sonoraenequipo.com.mx\/#\/schema\/person\/50102df0fb23a8fa9e8effad8fa81386\"},\"headline\":\"Presidente informa que no ha sido notificado sobre las disposiciones del INE acerca del proceso electoral\",\"datePublished\":\"2023-07-17T18:24:30+00:00\",\"dateModified\":\"2023-07-18T00:23:02+00:00\",\"mainEntityOfPage\":{\"@id\":\"https:\/\/www.sonoraenequipo.com.mx\/presidente-informa-que-no-ha-sido-notificado-sobre-las-disposiciones-del-ine-acerca-del-proceso-electoral\/\"},\"wordCount\":334,\"commentCount\":0,\"publisher\":{\"@id\":\"https:\/\/www.sonoraenequipo.com.mx\/#organization\"},\"image\":{\"@id\":\"https:\/\/www.sonoraenequipo.com.mx\/presidente-informa-que-no-ha-sido-notificado-sobre-las-disposiciones-del-ine-acerca-del-proceso-electoral\/#primaryimage\"},\"thumbnailUrl\":\"https:\/\/www.sonoraenequipo.com.mx\/storage\/2023\/07\/amlo-ine.jpg\",\"articleSection\":[\"Rep\u00fablica\"],\"inLanguage\":\"es\",\"potentialAction\":[{\"@type\":\"CommentAction\",\"name\":\"Comment\",\"target\":[\"https:\/\/www.sonoraenequipo.com.mx\/presidente-informa-que-no-ha-sido-notificado-sobre-las-disposiciones-del-ine-acerca-del-proceso-electoral\/#respond\"]}]},{\"@type\":\"WebPage\",\"@id\":\"https:\/\/www.sonoraenequipo.com.mx\/presidente-informa-que-no-ha-sido-notificado-sobre-las-disposiciones-del-ine-acerca-del-proceso-electoral\/\",\"url\":\"https:\/\/www.sonoraenequipo.com.mx\/presidente-informa-que-no-ha-sido-notificado-sobre-las-disposiciones-del-ine-acerca-del-proceso-electoral\/\",\"name\":\"Sonora en Equipo. Presidente informa que no ha sido notificado sobre las disposiciones del INE acerca del proceso electoral Rep\u00fablica\",\"isPartOf\":{\"@id\":\"https:\/\/www.sonoraenequipo.com.mx\/#website\"},\"primaryImageOfPage\":{\"@id\":\"https:\/\/www.sonoraenequipo.com.mx\/presidente-informa-que-no-ha-sido-notificado-sobre-las-disposiciones-del-ine-acerca-del-proceso-electoral\/#primaryimage\"},\"image\":{\"@id\":\"https:\/\/www.sonoraenequipo.com.mx\/presidente-informa-que-no-ha-sido-notificado-sobre-las-disposiciones-del-ine-acerca-del-proceso-electoral\/#primaryimage\"},\"thumbnailUrl\":\"https:\/\/www.sonoraenequipo.com.mx\/storage\/2023\/07\/amlo-ine.jpg\",\"datePublished\":\"2023-07-17T18:24:30+00:00\",\"dateModified\":\"2023-07-18T00:23:02+00:00\",\"description\":\"CIUDAD DE M\u00c9XICO. MX. \u2014 El presidente de M\u00e9xico, Andr\u00e9s Manuel L\u00f3pez Obrador (AMLO), afirm\u00f3 este lunes que las medidas del Instituto Nacional Electoral En Sonora en Equipo publicamos toda la informaci\u00f3n de Sonora, M\u00e9xico y el Mundo de manera oportuna y busca que la libertad de expresi\u00f3n sea real. Visita nuestro medio informativo publicado desde Hermosillo, Sonora. %\",\"breadcrumb\":{\"@id\":\"https:\/\/www.sonoraenequipo.com.mx\/presidente-informa-que-no-ha-sido-notificado-sobre-las-disposiciones-del-ine-acerca-del-proceso-electoral\/#breadcrumb\"},\"inLanguage\":\"es\",\"potentialAction\":[{\"@type\":\"ReadAction\",\"target\":[\"https:\/\/www.sonoraenequipo.com.mx\/presidente-informa-que-no-ha-sido-notificado-sobre-las-disposiciones-del-ine-acerca-del-proceso-electoral\/\"]}]},{\"@type\":\"ImageObject\",\"inLanguage\":\"es\",\"@id\":\"https:\/\/www.sonoraenequipo.com.mx\/presidente-informa-que-no-ha-sido-notificado-sobre-las-disposiciones-del-ine-acerca-del-proceso-electoral\/#primaryimage\",\"url\":\"https:\/\/www.sonoraenequipo.com.mx\/storage\/2023\/07\/amlo-ine.jpg\",\"contentUrl\":\"https:\/\/www.sonoraenequipo.com.mx\/storage\/2023\/07\/amlo-ine.jpg\",\"width\":1280,\"height\":720},{\"@type\":\"BreadcrumbList\",\"@id\":\"https:\/\/www.sonoraenequipo.com.mx\/presidente-informa-que-no-ha-sido-notificado-sobre-las-disposiciones-del-ine-acerca-del-proceso-electoral\/#breadcrumb\",\"itemListElement\":[{\"@type\":\"ListItem\",\"position\":1,\"name\":\"Portada\",\"item\":\"https:\/\/www.sonoraenequipo.com.mx\/\"},{\"@type\":\"ListItem\",\"position\":2,\"name\":\"Presidente informa que no ha sido notificado sobre las disposiciones del INE acerca del proceso electoral\"}]},{\"@type\":\"WebSite\",\"@id\":\"https:\/\/www.sonoraenequipo.com.mx\/#website\",\"url\":\"https:\/\/www.sonoraenequipo.com.mx\/\",\"name\":\"Sonora en Equipo.\",\"description\":\"Diario en l\u00ednea con Noticias desde Hermosillo, Sonora\",\"publisher\":{\"@id\":\"https:\/\/www.sonoraenequipo.com.mx\/#organization\"},\"potentialAction\":[{\"@type\":\"SearchAction\",\"target\":{\"@type\":\"EntryPoint\",\"urlTemplate\":\"https:\/\/www.sonoraenequipo.com.mx\/?s={search_term_string}\"},\"query-input\":{\"@type\":\"PropertyValueSpecification\",\"valueRequired\":true,\"valueName\":\"search_term_string\"}}],\"inLanguage\":\"es\"},{\"@type\":\"Organization\",\"@id\":\"https:\/\/www.sonoraenequipo.com.mx\/#organization\",\"name\":\"Sonoraenequipo.com.mx\",\"url\":\"https:\/\/www.sonoraenequipo.com.mx\/\",\"logo\":{\"@type\":\"ImageObject\",\"inLanguage\":\"es\",\"@id\":\"https:\/\/www.sonoraenequipo.com.mx\/#\/schema\/logo\/image\/\",\"url\":\"https:\/\/www.sonoraenequipo.com.mx\/storage\/2019\/01\/sonoraenequipo_opt.png\",\"contentUrl\":\"https:\/\/www.sonoraenequipo.com.mx\/storage\/2019\/01\/sonoraenequipo_opt.png\",\"width\":375,\"height\":125,\"caption\":\"Sonoraenequipo.com.mx\"},\"image\":{\"@id\":\"https:\/\/www.sonoraenequipo.com.mx\/#\/schema\/logo\/image\/\"},\"sameAs\":[\"https:\/\/www.facebook.com\/SonoraEE\/\",\"https:\/\/x.com\/sonoraenequipo\",\"https:\/\/www.youtube.com\/channel\/UC338nW-lPEYmJQs4ZABQ1SQ\"]},{\"@type\":\"Person\",\"@id\":\"https:\/\/www.sonoraenequipo.com.mx\/#\/schema\/person\/50102df0fb23a8fa9e8effad8fa81386\",\"name\":\"enequipo\",\"image\":{\"@type\":\"ImageObject\",\"inLanguage\":\"es\",\"@id\":\"https:\/\/www.sonoraenequipo.com.mx\/#\/schema\/person\/image\/\",\"url\":\"https:\/\/secure.gravatar.com\/avatar\/049821681b589dabc0bc20695993ccebb09f5b5d4d790cd9251b97faac7c652b?s=96&d=blank&r=g\",\"contentUrl\":\"https:\/\/secure.gravatar.com\/avatar\/049821681b589dabc0bc20695993ccebb09f5b5d4d790cd9251b97faac7c652b?s=96&d=blank&r=g\",\"caption\":\"enequipo\"},\"sameAs\":[\"https:\/\/www.facebook.com\/SonoraEE\"]}]}<\/script>\n ","yoast_head_json":{"title":"Sonora en Equipo. Presidente informa que no ha sido notificado sobre las disposiciones del INE acerca del proceso electoral Rep\u00fablica","description":"CIUDAD DE M\u00c9XICO. MX. \u2014 El presidente de M\u00e9xico, Andr\u00e9s Manuel L\u00f3pez Obrador (AMLO), afirm\u00f3 este lunes que las medidas del Instituto Nacional Electoral En Sonora en Equipo publicamos toda la informaci\u00f3n de Sonora, M\u00e9xico y el Mundo de manera oportuna y busca que la libertad de expresi\u00f3n sea real. Visita nuestro medio informativo publicado desde Hermosillo, Sonora. %","robots":{"index":"index","follow":"follow","max-snippet":"max-snippet:-1","max-image-preview":"max-image-preview:large","max-video-preview":"max-video-preview:-1"},"canonical":"https:\/\/www.sonoraenequipo.com.mx\/presidente-informa-que-no-ha-sido-notificado-sobre-las-disposiciones-del-ine-acerca-del-proceso-electoral\/","og_locale":"es_ES","og_type":"article","og_title":"Sonora en Equipo. Presidente informa que no ha sido notificado sobre las disposiciones del INE acerca del proceso electoral Rep\u00fablica","og_description":"CIUDAD DE M\u00c9XICO. MX. \u2014 El presidente de M\u00e9xico, Andr\u00e9s Manuel L\u00f3pez Obrador (AMLO), afirm\u00f3 este lunes que las medidas del Instituto Nacional Electoral En Sonora en Equipo publicamos toda la informaci\u00f3n de Sonora, M\u00e9xico y el Mundo de manera oportuna y busca que la libertad de expresi\u00f3n sea real. Visita nuestro medio informativo publicado desde Hermosillo, Sonora. %","og_url":"https:\/\/www.sonoraenequipo.com.mx\/presidente-informa-que-no-ha-sido-notificado-sobre-las-disposiciones-del-ine-acerca-del-proceso-electoral\/","og_site_name":"Sonora en Equipo.","article_publisher":"https:\/\/www.facebook.com\/SonoraEE\/","article_author":"https:\/\/www.facebook.com\/SonoraEE","article_published_time":"2023-07-17T18:24:30+00:00","article_modified_time":"2023-07-18T00:23:02+00:00","og_image":[{"width":1280,"height":720,"url":"https:\/\/www.sonoraenequipo.com.mx\/storage\/2023\/07\/amlo-ine.jpg","type":"image\/jpeg"}],"author":"enequipo","twitter_card":"summary_large_image","twitter_creator":"@sonoraenequipo","twitter_site":"@sonoraenequipo","twitter_misc":{"Escrito por":"enequipo","Tiempo de lectura":"2 minutos"},"schema":{"@context":"https:\/\/schema.org","@graph":[{"@type":"Article","@id":"https:\/\/www.sonoraenequipo.com.mx\/presidente-informa-que-no-ha-sido-notificado-sobre-las-disposiciones-del-ine-acerca-del-proceso-electoral\/#article","isPartOf":{"@id":"https:\/\/www.sonoraenequipo.com.mx\/presidente-informa-que-no-ha-sido-notificado-sobre-las-disposiciones-del-ine-acerca-del-proceso-electoral\/"},"author":{"name":"enequipo","@id":"https:\/\/www.sonoraenequipo.com.mx\/#\/schema\/person\/50102df0fb23a8fa9e8effad8fa81386"},"headline":"Presidente informa que no ha sido notificado sobre las disposiciones del INE acerca del proceso electoral","datePublished":"2023-07-17T18:24:30+00:00","dateModified":"2023-07-18T00:23:02+00:00","mainEntityOfPage":{"@id":"https:\/\/www.sonoraenequipo.com.mx\/presidente-informa-que-no-ha-sido-notificado-sobre-las-disposiciones-del-ine-acerca-del-proceso-electoral\/"},"wordCount":334,"commentCount":0,"publisher":{"@id":"https:\/\/www.sonoraenequipo.com.mx\/#organization"},"image":{"@id":"https:\/\/www.sonoraenequipo.com.mx\/presidente-informa-que-no-ha-sido-notificado-sobre-las-disposiciones-del-ine-acerca-del-proceso-electoral\/#primaryimage"},"thumbnailUrl":"https:\/\/www.sonoraenequipo.com.mx\/storage\/2023\/07\/amlo-ine.jpg","articleSection":["Rep\u00fablica"],"inLanguage":"es","potentialAction":[{"@type":"CommentAction","name":"Comment","target":["https:\/\/www.sonoraenequipo.com.mx\/presidente-informa-que-no-ha-sido-notificado-sobre-las-disposiciones-del-ine-acerca-del-proceso-electoral\/#respond"]}]},{"@type":"WebPage","@id":"https:\/\/www.sonoraenequipo.com.mx\/presidente-informa-que-no-ha-sido-notificado-sobre-las-disposiciones-del-ine-acerca-del-proceso-electoral\/","url":"https:\/\/www.sonoraenequipo.com.mx\/presidente-informa-que-no-ha-sido-notificado-sobre-las-disposiciones-del-ine-acerca-del-proceso-electoral\/","name":"Sonora en Equipo. Presidente informa que no ha sido notificado sobre las disposiciones del INE acerca del proceso electoral Rep\u00fablica","isPartOf":{"@id":"https:\/\/www.sonoraenequipo.com.mx\/#website"},"primaryImageOfPage":{"@id":"https:\/\/www.sonoraenequipo.com.mx\/presidente-informa-que-no-ha-sido-notificado-sobre-las-disposiciones-del-ine-acerca-del-proceso-electoral\/#primaryimage"},"image":{"@id":"https:\/\/www.sonoraenequipo.com.mx\/presidente-informa-que-no-ha-sido-notificado-sobre-las-disposiciones-del-ine-acerca-del-proceso-electoral\/#primaryimage"},"thumbnailUrl":"https:\/\/www.sonoraenequipo.com.mx\/storage\/2023\/07\/amlo-ine.jpg","datePublished":"2023-07-17T18:24:30+00:00","dateModified":"2023-07-18T00:23:02+00:00","description":"CIUDAD DE M\u00c9XICO. MX. \u2014 El presidente de M\u00e9xico, Andr\u00e9s Manuel L\u00f3pez Obrador (AMLO), afirm\u00f3 este lunes que las medidas del Instituto Nacional Electoral En Sonora en Equipo publicamos toda la informaci\u00f3n de Sonora, M\u00e9xico y el Mundo de manera oportuna y busca que la libertad de expresi\u00f3n sea real. Visita nuestro medio informativo publicado desde Hermosillo, Sonora. %","breadcrumb":{"@id":"https:\/\/www.sonoraenequipo.com.mx\/presidente-informa-que-no-ha-sido-notificado-sobre-las-disposiciones-del-ine-acerca-del-proceso-electoral\/#breadcrumb"},"inLanguage":"es","potentialAction":[{"@type":"ReadAction","target":["https:\/\/www.sonoraenequipo.com.mx\/presidente-informa-que-no-ha-sido-notificado-sobre-las-disposiciones-del-ine-acerca-del-proceso-electoral\/"]}]},{"@type":"ImageObject","inLanguage":"es","@id":"https:\/\/www.sonoraenequipo.com.mx\/presidente-informa-que-no-ha-sido-notificado-sobre-las-disposiciones-del-ine-acerca-del-proceso-electoral\/#primaryimage","url":"https:\/\/www.sonoraenequipo.com.mx\/storage\/2023\/07\/amlo-ine.jpg","contentUrl":"https:\/\/www.sonoraenequipo.com.mx\/storage\/2023\/07\/amlo-ine.jpg","width":1280,"height":720},{"@type":"BreadcrumbList","@id":"https:\/\/www.sonoraenequipo.com.mx\/presidente-informa-que-no-ha-sido-notificado-sobre-las-disposiciones-del-ine-acerca-del-proceso-electoral\/#breadcrumb","itemListElement":[{"@type":"ListItem","position":1,"name":"Portada","item":"https:\/\/www.sonoraenequipo.com.mx\/"},{"@type":"ListItem","position":2,"name":"Presidente informa que no ha sido notificado sobre las disposiciones del INE acerca del proceso electoral"}]},{"@type":"WebSite","@id":"https:\/\/www.sonoraenequipo.com.mx\/#website","url":"https:\/\/www.sonoraenequipo.com.mx\/","name":"Sonora en Equipo.","description":"Diario en l\u00ednea con Noticias desde Hermosillo, Sonora","publisher":{"@id":"https:\/\/www.sonoraenequipo.com.mx\/#organization"},"potentialAction":[{"@type":"SearchAction","target":{"@type":"EntryPoint","urlTemplate":"https:\/\/www.sonoraenequipo.com.mx\/?s={search_term_string}"},"query-input":{"@type":"PropertyValueSpecification","valueRequired":true,"valueName":"search_term_string"}}],"inLanguage":"es"},{"@type":"Organization","@id":"https:\/\/www.sonoraenequipo.com.mx\/#organization","name":"Sonoraenequipo.com.mx","url":"https:\/\/www.sonoraenequipo.com.mx\/","logo":{"@type":"ImageObject","inLanguage":"es","@id":"https:\/\/www.sonoraenequipo.com.mx\/#\/schema\/logo\/image\/","url":"https:\/\/www.sonoraenequipo.com.mx\/storage\/2019\/01\/sonoraenequipo_opt.png","contentUrl":"https:\/\/www.sonoraenequipo.com.mx\/storage\/2019\/01\/sonoraenequipo_opt.png","width":375,"height":125,"caption":"Sonoraenequipo.com.mx"},"image":{"@id":"https:\/\/www.sonoraenequipo.com.mx\/#\/schema\/logo\/image\/"},"sameAs":["https:\/\/www.facebook.com\/SonoraEE\/","https:\/\/x.com\/sonoraenequipo","https:\/\/www.youtube.com\/channel\/UC338nW-lPEYmJQs4ZABQ1SQ"]},{"@type":"Person","@id":"https:\/\/www.sonoraenequipo.com.mx\/#\/schema\/person\/50102df0fb23a8fa9e8effad8fa81386","name":"enequipo","image":{"@type":"ImageObject","inLanguage":"es","@id":"https:\/\/www.sonoraenequipo.com.mx\/#\/schema\/person\/image\/","url":"https:\/\/secure.gravatar.com\/avatar\/049821681b589dabc0bc20695993ccebb09f5b5d4d790cd9251b97faac7c652b?s=96&d=blank&r=g","contentUrl":"https:\/\/secure.gravatar.com\/avatar\/049821681b589dabc0bc20695993ccebb09f5b5d4d790cd9251b97faac7c652b?s=96&d=blank&r=g","caption":"enequipo"},"sameAs":["https:\/\/www.facebook.com\/SonoraEE"]}]}},"jetpack_featured_media_url":"https:\/\/www.sonoraenequipo.com.mx\/storage\/2023\/07\/amlo-ine.jpg","_links":{"self":[{"href":"https:\/\/www.sonoraenequipo.com.mx\/api\/wp\/v2\/posts\/170495","targetHints":{"allow":["GET"]}}],"collection":[{"href":"https:\/\/www.sonoraenequipo.com.mx\/api\/wp\/v2\/posts"}],"about":[{"href":"https:\/\/www.sonoraenequipo.com.mx\/api\/wp\/v2\/types\/post"}],"author":[{"embeddable":true,"href":"https:\/\/www.sonoraenequipo.com.mx\/api\/wp\/v2\/users\/1"}],"replies":[{"embeddable":true,"href":"https:\/\/www.sonoraenequipo.com.mx\/api\/wp\/v2\/comments?post=170495"}],"version-history":[{"count":3,"href":"https:\/\/www.sonoraenequipo.com.mx\/api\/wp\/v2\/posts\/170495\/revisions"}],"predecessor-version":[{"id":170498,"href":"https:\/\/www.sonoraenequipo.com.mx\/api\/wp\/v2\/posts\/170495\/revisions\/170498"}],"wp:featuredmedia":[{"embeddable":true,"href":"https:\/\/www.sonoraenequipo.com.mx\/api\/wp\/v2\/media\/170484"}],"wp:attachment":[{"href":"https:\/\/www.sonoraenequipo.com.mx\/api\/wp\/v2\/media?parent=170495"}],"wp:term":[{"taxonomy":"category","embeddable":true,"href":"https:\/\/www.sonoraenequipo.com.mx\/api\/wp\/v2\/categories?post=170495"},{"taxonomy":"post_tag","embeddable":true,"href":"https:\/\/www.sonoraenequipo.com.mx\/api\/wp\/v2\/tags?post=170495"}],"curies":[{"name":"wp","href":"https:\/\/api.w.org\/{rel}","templated":true}]}}