{"id":170499,"date":"2023-07-17T12:24:22","date_gmt":"2023-07-17T19:24:22","guid":{"rendered":"https:\/\/www.sonoraenequipo.com.mx\/?p=170499"},"modified":"2023-07-17T17:27:04","modified_gmt":"2023-07-18T00:27:04","slug":"enfrentamiento-entre-campesinos-y-civiles-armados-deja-7-muertos-en-guanajuato","status":"publish","type":"post","link":"https:\/\/www.sonoraenequipo.com.mx\/enfrentamiento-entre-campesinos-y-civiles-armados-deja-7-muertos-en-guanajuato\/","title":{"rendered":"Enfrentamiento entre campesinos y civiles armados deja 7 muertos en Guanajuato"},"content":{"rendered":"<p><strong>LE\u00d3N, GUANAJUATO. MX. \u2014<\/strong> En Guanajuato se registr\u00f3 un enfrentamiento entre dos grupos: hombres armados y campesinos, que lamentablemente dej\u00f3 como resultado la muerte de siete personas. Los tr\u00e1gicos acontecimientos ocurrieron el domingo 16 de julio, espec\u00edficamente en la comunidad de San Antonio de Yostiro, perteneciente al municipio de Pueblo Nuevo.<\/p>\n<p>&nbsp;<\/p>\n<p> <\/p>\n<p>&nbsp;<\/p>\n<p>El fat\u00eddico episodio comenz\u00f3 alrededor de las 13:30 horas cuando hombres armados llegaron al lugar en dos camionetas. Los testigos presenciaron un intercambio de disparos entre los sicarios y los campesinos, lo que oblig\u00f3 a estos \u00faltimos a buscar refugio para protegerse de la violencia. Entre las v\u00edctimas fallecidas se encontraba un joven de tan solo 18 a\u00f1os.<\/p>\n<p>&nbsp;<\/p>\n<p>Hasta el momento, las autoridades no han dado a conocer la identidad de las v\u00edctimas ni detalles sobre los presuntos delincuentes involucrados en el ataque. Ante la gravedad de la situaci\u00f3n, la Polic\u00eda Municipal y la Guardia Nacional implementaron un operativo para tratar de dar con los responsables, pero desafortunadamente no lograron localizarlos en la zona.<\/p>\n<p>&nbsp;<\/p>\n<p>Debido a la peligrosa situaci\u00f3n, el operativo se extendi\u00f3 hacia el municipio de Irapuato, ya que se ten\u00eda informaci\u00f3n de que los atacantes se dirig\u00edan hacia ese lugar. Durante la persecuci\u00f3n, uno de los veh\u00edculos implicados en el ataque sufri\u00f3 un accidente, lo que provoc\u00f3 la muerte de dos de los supuestos criminales.<\/p>\n<p>&nbsp;<\/p>\n<p>&nbsp;<\/p>\n<p>PUBLICADO EL 17 DE JULIO DE 2023\/<\/p>\n","protected":false},"excerpt":{"rendered":"<p>LE\u00d3N, GUANAJUATO. MX. \u2014 En Guanajuato se registr\u00f3 un enfrentamiento entre dos grupos: hombres armados&#8230;<\/p>\n","protected":false},"author":1,"featured_media":170482,"comment_status":"open","ping_status":"open","sticky":false,"template":"","format":"standard","meta":{"_monsterinsights_skip_tracking":false,"_monsterinsights_sitenote_active":false,"_monsterinsights_sitenote_note":"","_monsterinsights_sitenote_category":0,"footnotes":""},"categories":[5],"tags":[],"class_list":["post"],"yoast_head":" \n<title>Sonora en Equipo. Enfrentamiento entre campesinos y civiles armados deja 7 muertos en Guanajuato Rep\u00fablica<\/title>\n<meta name=\"description\" content=\"LE\u00d3N, GUANAJUATO. MX. \u2014 En Guanajuato se registr\u00f3 un enfrentamiento entre dos grupos: hombres armados y campesinos, que lamentablemente dej\u00f3 como En Sonora en Equipo publicamos toda la informaci\u00f3n de Sonora, M\u00e9xico y el Mundo de manera oportuna y busca que la libertad de expresi\u00f3n sea real. Visita nuestro medio informativo publicado desde Hermosillo, Sonora. %\" \/>\n<meta name=\"robots\" content=\"index, follow, max-snippet:-1, max-image-preview:large, max-video-preview:-1\" \/>\n<link rel=\"canonical\" href=\"https:\/\/www.sonoraenequipo.com.mx\/enfrentamiento-entre-campesinos-y-civiles-armados-deja-7-muertos-en-guanajuato\/\" \/>\n<meta property=\"og:locale\" content=\"es_ES\" \/>\n<meta property=\"og:type\" content=\"article\" \/>\n<meta property=\"og:title\" content=\"Sonora en Equipo. Enfrentamiento entre campesinos y civiles armados deja 7 muertos en Guanajuato Rep\u00fablica\" \/>\n<meta property=\"og:description\" content=\"LE\u00d3N, GUANAJUATO. MX. \u2014 En Guanajuato se registr\u00f3 un enfrentamiento entre dos grupos: hombres armados y campesinos, que lamentablemente dej\u00f3 como En Sonora en Equipo publicamos toda la informaci\u00f3n de Sonora, M\u00e9xico y el Mundo de manera oportuna y busca que la libertad de expresi\u00f3n sea real. Visita nuestro medio informativo publicado desde Hermosillo, Sonora. %\" \/>\n<meta property=\"og:url\" content=\"https:\/\/www.sonoraenequipo.com.mx\/enfrentamiento-entre-campesinos-y-civiles-armados-deja-7-muertos-en-guanajuato\/\" \/>\n<meta property=\"og:site_name\" content=\"Sonora en Equipo.\" \/>\n<meta property=\"article:publisher\" content=\"https:\/\/www.facebook.com\/SonoraEE\/\" \/>\n<meta property=\"article:author\" content=\"https:\/\/www.facebook.com\/SonoraEE\" \/>\n<meta property=\"article:published_time\" content=\"2023-07-17T19:24:22+00:00\" \/>\n<meta property=\"article:modified_time\" content=\"2023-07-18T00:27:04+00:00\" \/>\n<meta property=\"og:image\" content=\"https:\/\/www.sonoraenequipo.com.mx\/storage\/2023\/07\/Guanajuato-enfrentamiento..-min.jpg\" \/>\n\t<meta property=\"og:image:width\" content=\"900\" \/>\n\t<meta property=\"og:image:height\" content=\"600\" \/>\n\t<meta property=\"og:image:type\" content=\"image\/jpeg\" \/>\n<meta name=\"author\" content=\"enequipo\" \/>\n<meta name=\"twitter:card\" content=\"summary_large_image\" \/>\n<meta name=\"twitter:creator\" content=\"@sonoraenequipo\" \/>\n<meta name=\"twitter:site\" content=\"@sonoraenequipo\" \/>\n<meta name=\"twitter:label1\" content=\"Escrito por\" \/>\n\t<meta name=\"twitter:data1\" content=\"enequipo\" \/>\n\t<meta name=\"twitter:label2\" content=\"Tiempo de lectura\" \/>\n\t<meta name=\"twitter:data2\" content=\"1 minuto\" \/>\n<script type=\"application\/ld+json\" class=\"yoast-schema-graph\">{\"@context\":\"https:\/\/schema.org\",\"@graph\":[{\"@type\":\"Article\",\"@id\":\"https:\/\/www.sonoraenequipo.com.mx\/enfrentamiento-entre-campesinos-y-civiles-armados-deja-7-muertos-en-guanajuato\/#article\",\"isPartOf\":{\"@id\":\"https:\/\/www.sonoraenequipo.com.mx\/enfrentamiento-entre-campesinos-y-civiles-armados-deja-7-muertos-en-guanajuato\/\"},\"author\":{\"name\":\"enequipo\",\"@id\":\"https:\/\/www.sonoraenequipo.com.mx\/#\/schema\/person\/50102df0fb23a8fa9e8effad8fa81386\"},\"headline\":\"Enfrentamiento entre campesinos y civiles armados deja 7 muertos en Guanajuato\",\"datePublished\":\"2023-07-17T19:24:22+00:00\",\"dateModified\":\"2023-07-18T00:27:04+00:00\",\"mainEntityOfPage\":{\"@id\":\"https:\/\/www.sonoraenequipo.com.mx\/enfrentamiento-entre-campesinos-y-civiles-armados-deja-7-muertos-en-guanajuato\/\"},\"wordCount\":250,\"commentCount\":0,\"publisher\":{\"@id\":\"https:\/\/www.sonoraenequipo.com.mx\/#organization\"},\"image\":{\"@id\":\"https:\/\/www.sonoraenequipo.com.mx\/enfrentamiento-entre-campesinos-y-civiles-armados-deja-7-muertos-en-guanajuato\/#primaryimage\"},\"thumbnailUrl\":\"https:\/\/www.sonoraenequipo.com.mx\/storage\/2023\/07\/Guanajuato-enfrentamiento..-min.jpg\",\"articleSection\":[\"Rep\u00fablica\"],\"inLanguage\":\"es\",\"potentialAction\":[{\"@type\":\"CommentAction\",\"name\":\"Comment\",\"target\":[\"https:\/\/www.sonoraenequipo.com.mx\/enfrentamiento-entre-campesinos-y-civiles-armados-deja-7-muertos-en-guanajuato\/#respond\"]}]},{\"@type\":\"WebPage\",\"@id\":\"https:\/\/www.sonoraenequipo.com.mx\/enfrentamiento-entre-campesinos-y-civiles-armados-deja-7-muertos-en-guanajuato\/\",\"url\":\"https:\/\/www.sonoraenequipo.com.mx\/enfrentamiento-entre-campesinos-y-civiles-armados-deja-7-muertos-en-guanajuato\/\",\"name\":\"Sonora en Equipo. Enfrentamiento entre campesinos y civiles armados deja 7 muertos en Guanajuato Rep\u00fablica\",\"isPartOf\":{\"@id\":\"https:\/\/www.sonoraenequipo.com.mx\/#website\"},\"primaryImageOfPage\":{\"@id\":\"https:\/\/www.sonoraenequipo.com.mx\/enfrentamiento-entre-campesinos-y-civiles-armados-deja-7-muertos-en-guanajuato\/#primaryimage\"},\"image\":{\"@id\":\"https:\/\/www.sonoraenequipo.com.mx\/enfrentamiento-entre-campesinos-y-civiles-armados-deja-7-muertos-en-guanajuato\/#primaryimage\"},\"thumbnailUrl\":\"https:\/\/www.sonoraenequipo.com.mx\/storage\/2023\/07\/Guanajuato-enfrentamiento..-min.jpg\",\"datePublished\":\"2023-07-17T19:24:22+00:00\",\"dateModified\":\"2023-07-18T00:27:04+00:00\",\"description\":\"LE\u00d3N, GUANAJUATO. MX. \u2014 En Guanajuato se registr\u00f3 un enfrentamiento entre dos grupos: hombres armados y campesinos, que lamentablemente dej\u00f3 como En Sonora en Equipo publicamos toda la informaci\u00f3n de Sonora, M\u00e9xico y el Mundo de manera oportuna y busca que la libertad de expresi\u00f3n sea real. Visita nuestro medio informativo publicado desde Hermosillo, Sonora. %\",\"breadcrumb\":{\"@id\":\"https:\/\/www.sonoraenequipo.com.mx\/enfrentamiento-entre-campesinos-y-civiles-armados-deja-7-muertos-en-guanajuato\/#breadcrumb\"},\"inLanguage\":\"es\",\"potentialAction\":[{\"@type\":\"ReadAction\",\"target\":[\"https:\/\/www.sonoraenequipo.com.mx\/enfrentamiento-entre-campesinos-y-civiles-armados-deja-7-muertos-en-guanajuato\/\"]}]},{\"@type\":\"ImageObject\",\"inLanguage\":\"es\",\"@id\":\"https:\/\/www.sonoraenequipo.com.mx\/enfrentamiento-entre-campesinos-y-civiles-armados-deja-7-muertos-en-guanajuato\/#primaryimage\",\"url\":\"https:\/\/www.sonoraenequipo.com.mx\/storage\/2023\/07\/Guanajuato-enfrentamiento..-min.jpg\",\"contentUrl\":\"https:\/\/www.sonoraenequipo.com.mx\/storage\/2023\/07\/Guanajuato-enfrentamiento..-min.jpg\",\"width\":900,\"height\":600},{\"@type\":\"BreadcrumbList\",\"@id\":\"https:\/\/www.sonoraenequipo.com.mx\/enfrentamiento-entre-campesinos-y-civiles-armados-deja-7-muertos-en-guanajuato\/#breadcrumb\",\"itemListElement\":[{\"@type\":\"ListItem\",\"position\":1,\"name\":\"Portada\",\"item\":\"https:\/\/www.sonoraenequipo.com.mx\/\"},{\"@type\":\"ListItem\",\"position\":2,\"name\":\"Enfrentamiento entre campesinos y civiles armados deja 7 muertos en Guanajuato\"}]},{\"@type\":\"WebSite\",\"@id\":\"https:\/\/www.sonoraenequipo.com.mx\/#website\",\"url\":\"https:\/\/www.sonoraenequipo.com.mx\/\",\"name\":\"Sonora en Equipo.\",\"description\":\"Diario en l\u00ednea con Noticias desde Hermosillo, Sonora\",\"publisher\":{\"@id\":\"https:\/\/www.sonoraenequipo.com.mx\/#organization\"},\"potentialAction\":[{\"@type\":\"SearchAction\",\"target\":{\"@type\":\"EntryPoint\",\"urlTemplate\":\"https:\/\/www.sonoraenequipo.com.mx\/?s={search_term_string}\"},\"query-input\":{\"@type\":\"PropertyValueSpecification\",\"valueRequired\":true,\"valueName\":\"search_term_string\"}}],\"inLanguage\":\"es\"},{\"@type\":\"Organization\",\"@id\":\"https:\/\/www.sonoraenequipo.com.mx\/#organization\",\"name\":\"Sonoraenequipo.com.mx\",\"url\":\"https:\/\/www.sonoraenequipo.com.mx\/\",\"logo\":{\"@type\":\"ImageObject\",\"inLanguage\":\"es\",\"@id\":\"https:\/\/www.sonoraenequipo.com.mx\/#\/schema\/logo\/image\/\",\"url\":\"https:\/\/www.sonoraenequipo.com.mx\/storage\/2019\/01\/sonoraenequipo_opt.png\",\"contentUrl\":\"https:\/\/www.sonoraenequipo.com.mx\/storage\/2019\/01\/sonoraenequipo_opt.png\",\"width\":375,\"height\":125,\"caption\":\"Sonoraenequipo.com.mx\"},\"image\":{\"@id\":\"https:\/\/www.sonoraenequipo.com.mx\/#\/schema\/logo\/image\/\"},\"sameAs\":[\"https:\/\/www.facebook.com\/SonoraEE\/\",\"https:\/\/x.com\/sonoraenequipo\",\"https:\/\/www.youtube.com\/channel\/UC338nW-lPEYmJQs4ZABQ1SQ\"]},{\"@type\":\"Person\",\"@id\":\"https:\/\/www.sonoraenequipo.com.mx\/#\/schema\/person\/50102df0fb23a8fa9e8effad8fa81386\",\"name\":\"enequipo\",\"image\":{\"@type\":\"ImageObject\",\"inLanguage\":\"es\",\"@id\":\"https:\/\/www.sonoraenequipo.com.mx\/#\/schema\/person\/image\/\",\"url\":\"https:\/\/secure.gravatar.com\/avatar\/049821681b589dabc0bc20695993ccebb09f5b5d4d790cd9251b97faac7c652b?s=96&d=blank&r=g\",\"contentUrl\":\"https:\/\/secure.gravatar.com\/avatar\/049821681b589dabc0bc20695993ccebb09f5b5d4d790cd9251b97faac7c652b?s=96&d=blank&r=g\",\"caption\":\"enequipo\"},\"sameAs\":[\"https:\/\/www.facebook.com\/SonoraEE\"]}]}<\/script>\n ","yoast_head_json":{"title":"Sonora en Equipo. Enfrentamiento entre campesinos y civiles armados deja 7 muertos en Guanajuato Rep\u00fablica","description":"LE\u00d3N, GUANAJUATO. MX. \u2014 En Guanajuato se registr\u00f3 un enfrentamiento entre dos grupos: hombres armados y campesinos, que lamentablemente dej\u00f3 como En Sonora en Equipo publicamos toda la informaci\u00f3n de Sonora, M\u00e9xico y el Mundo de manera oportuna y busca que la libertad de expresi\u00f3n sea real. Visita nuestro medio informativo publicado desde Hermosillo, Sonora. %","robots":{"index":"index","follow":"follow","max-snippet":"max-snippet:-1","max-image-preview":"max-image-preview:large","max-video-preview":"max-video-preview:-1"},"canonical":"https:\/\/www.sonoraenequipo.com.mx\/enfrentamiento-entre-campesinos-y-civiles-armados-deja-7-muertos-en-guanajuato\/","og_locale":"es_ES","og_type":"article","og_title":"Sonora en Equipo. Enfrentamiento entre campesinos y civiles armados deja 7 muertos en Guanajuato Rep\u00fablica","og_description":"LE\u00d3N, GUANAJUATO. MX. \u2014 En Guanajuato se registr\u00f3 un enfrentamiento entre dos grupos: hombres armados y campesinos, que lamentablemente dej\u00f3 como En Sonora en Equipo publicamos toda la informaci\u00f3n de Sonora, M\u00e9xico y el Mundo de manera oportuna y busca que la libertad de expresi\u00f3n sea real. Visita nuestro medio informativo publicado desde Hermosillo, Sonora. %","og_url":"https:\/\/www.sonoraenequipo.com.mx\/enfrentamiento-entre-campesinos-y-civiles-armados-deja-7-muertos-en-guanajuato\/","og_site_name":"Sonora en Equipo.","article_publisher":"https:\/\/www.facebook.com\/SonoraEE\/","article_author":"https:\/\/www.facebook.com\/SonoraEE","article_published_time":"2023-07-17T19:24:22+00:00","article_modified_time":"2023-07-18T00:27:04+00:00","og_image":[{"width":900,"height":600,"url":"https:\/\/www.sonoraenequipo.com.mx\/storage\/2023\/07\/Guanajuato-enfrentamiento..-min.jpg","type":"image\/jpeg"}],"author":"enequipo","twitter_card":"summary_large_image","twitter_creator":"@sonoraenequipo","twitter_site":"@sonoraenequipo","twitter_misc":{"Escrito por":"enequipo","Tiempo de lectura":"1 minuto"},"schema":{"@context":"https:\/\/schema.org","@graph":[{"@type":"Article","@id":"https:\/\/www.sonoraenequipo.com.mx\/enfrentamiento-entre-campesinos-y-civiles-armados-deja-7-muertos-en-guanajuato\/#article","isPartOf":{"@id":"https:\/\/www.sonoraenequipo.com.mx\/enfrentamiento-entre-campesinos-y-civiles-armados-deja-7-muertos-en-guanajuato\/"},"author":{"name":"enequipo","@id":"https:\/\/www.sonoraenequipo.com.mx\/#\/schema\/person\/50102df0fb23a8fa9e8effad8fa81386"},"headline":"Enfrentamiento entre campesinos y civiles armados deja 7 muertos en Guanajuato","datePublished":"2023-07-17T19:24:22+00:00","dateModified":"2023-07-18T00:27:04+00:00","mainEntityOfPage":{"@id":"https:\/\/www.sonoraenequipo.com.mx\/enfrentamiento-entre-campesinos-y-civiles-armados-deja-7-muertos-en-guanajuato\/"},"wordCount":250,"commentCount":0,"publisher":{"@id":"https:\/\/www.sonoraenequipo.com.mx\/#organization"},"image":{"@id":"https:\/\/www.sonoraenequipo.com.mx\/enfrentamiento-entre-campesinos-y-civiles-armados-deja-7-muertos-en-guanajuato\/#primaryimage"},"thumbnailUrl":"https:\/\/www.sonoraenequipo.com.mx\/storage\/2023\/07\/Guanajuato-enfrentamiento..-min.jpg","articleSection":["Rep\u00fablica"],"inLanguage":"es","potentialAction":[{"@type":"CommentAction","name":"Comment","target":["https:\/\/www.sonoraenequipo.com.mx\/enfrentamiento-entre-campesinos-y-civiles-armados-deja-7-muertos-en-guanajuato\/#respond"]}]},{"@type":"WebPage","@id":"https:\/\/www.sonoraenequipo.com.mx\/enfrentamiento-entre-campesinos-y-civiles-armados-deja-7-muertos-en-guanajuato\/","url":"https:\/\/www.sonoraenequipo.com.mx\/enfrentamiento-entre-campesinos-y-civiles-armados-deja-7-muertos-en-guanajuato\/","name":"Sonora en Equipo. Enfrentamiento entre campesinos y civiles armados deja 7 muertos en Guanajuato Rep\u00fablica","isPartOf":{"@id":"https:\/\/www.sonoraenequipo.com.mx\/#website"},"primaryImageOfPage":{"@id":"https:\/\/www.sonoraenequipo.com.mx\/enfrentamiento-entre-campesinos-y-civiles-armados-deja-7-muertos-en-guanajuato\/#primaryimage"},"image":{"@id":"https:\/\/www.sonoraenequipo.com.mx\/enfrentamiento-entre-campesinos-y-civiles-armados-deja-7-muertos-en-guanajuato\/#primaryimage"},"thumbnailUrl":"https:\/\/www.sonoraenequipo.com.mx\/storage\/2023\/07\/Guanajuato-enfrentamiento..-min.jpg","datePublished":"2023-07-17T19:24:22+00:00","dateModified":"2023-07-18T00:27:04+00:00","description":"LE\u00d3N, GUANAJUATO. MX. \u2014 En Guanajuato se registr\u00f3 un enfrentamiento entre dos grupos: hombres armados y campesinos, que lamentablemente dej\u00f3 como En Sonora en Equipo publicamos toda la informaci\u00f3n de Sonora, M\u00e9xico y el Mundo de manera oportuna y busca que la libertad de expresi\u00f3n sea real. Visita nuestro medio informativo publicado desde Hermosillo, Sonora. %","breadcrumb":{"@id":"https:\/\/www.sonoraenequipo.com.mx\/enfrentamiento-entre-campesinos-y-civiles-armados-deja-7-muertos-en-guanajuato\/#breadcrumb"},"inLanguage":"es","potentialAction":[{"@type":"ReadAction","target":["https:\/\/www.sonoraenequipo.com.mx\/enfrentamiento-entre-campesinos-y-civiles-armados-deja-7-muertos-en-guanajuato\/"]}]},{"@type":"ImageObject","inLanguage":"es","@id":"https:\/\/www.sonoraenequipo.com.mx\/enfrentamiento-entre-campesinos-y-civiles-armados-deja-7-muertos-en-guanajuato\/#primaryimage","url":"https:\/\/www.sonoraenequipo.com.mx\/storage\/2023\/07\/Guanajuato-enfrentamiento..-min.jpg","contentUrl":"https:\/\/www.sonoraenequipo.com.mx\/storage\/2023\/07\/Guanajuato-enfrentamiento..-min.jpg","width":900,"height":600},{"@type":"BreadcrumbList","@id":"https:\/\/www.sonoraenequipo.com.mx\/enfrentamiento-entre-campesinos-y-civiles-armados-deja-7-muertos-en-guanajuato\/#breadcrumb","itemListElement":[{"@type":"ListItem","position":1,"name":"Portada","item":"https:\/\/www.sonoraenequipo.com.mx\/"},{"@type":"ListItem","position":2,"name":"Enfrentamiento entre campesinos y civiles armados deja 7 muertos en Guanajuato"}]},{"@type":"WebSite","@id":"https:\/\/www.sonoraenequipo.com.mx\/#website","url":"https:\/\/www.sonoraenequipo.com.mx\/","name":"Sonora en Equipo.","description":"Diario en l\u00ednea con Noticias desde Hermosillo, Sonora","publisher":{"@id":"https:\/\/www.sonoraenequipo.com.mx\/#organization"},"potentialAction":[{"@type":"SearchAction","target":{"@type":"EntryPoint","urlTemplate":"https:\/\/www.sonoraenequipo.com.mx\/?s={search_term_string}"},"query-input":{"@type":"PropertyValueSpecification","valueRequired":true,"valueName":"search_term_string"}}],"inLanguage":"es"},{"@type":"Organization","@id":"https:\/\/www.sonoraenequipo.com.mx\/#organization","name":"Sonoraenequipo.com.mx","url":"https:\/\/www.sonoraenequipo.com.mx\/","logo":{"@type":"ImageObject","inLanguage":"es","@id":"https:\/\/www.sonoraenequipo.com.mx\/#\/schema\/logo\/image\/","url":"https:\/\/www.sonoraenequipo.com.mx\/storage\/2019\/01\/sonoraenequipo_opt.png","contentUrl":"https:\/\/www.sonoraenequipo.com.mx\/storage\/2019\/01\/sonoraenequipo_opt.png","width":375,"height":125,"caption":"Sonoraenequipo.com.mx"},"image":{"@id":"https:\/\/www.sonoraenequipo.com.mx\/#\/schema\/logo\/image\/"},"sameAs":["https:\/\/www.facebook.com\/SonoraEE\/","https:\/\/x.com\/sonoraenequipo","https:\/\/www.youtube.com\/channel\/UC338nW-lPEYmJQs4ZABQ1SQ"]},{"@type":"Person","@id":"https:\/\/www.sonoraenequipo.com.mx\/#\/schema\/person\/50102df0fb23a8fa9e8effad8fa81386","name":"enequipo","image":{"@type":"ImageObject","inLanguage":"es","@id":"https:\/\/www.sonoraenequipo.com.mx\/#\/schema\/person\/image\/","url":"https:\/\/secure.gravatar.com\/avatar\/049821681b589dabc0bc20695993ccebb09f5b5d4d790cd9251b97faac7c652b?s=96&d=blank&r=g","contentUrl":"https:\/\/secure.gravatar.com\/avatar\/049821681b589dabc0bc20695993ccebb09f5b5d4d790cd9251b97faac7c652b?s=96&d=blank&r=g","caption":"enequipo"},"sameAs":["https:\/\/www.facebook.com\/SonoraEE"]}]}},"jetpack_featured_media_url":"https:\/\/www.sonoraenequipo.com.mx\/storage\/2023\/07\/Guanajuato-enfrentamiento..-min.jpg","_links":{"self":[{"href":"https:\/\/www.sonoraenequipo.com.mx\/api\/wp\/v2\/posts\/170499","targetHints":{"allow":["GET"]}}],"collection":[{"href":"https:\/\/www.sonoraenequipo.com.mx\/api\/wp\/v2\/posts"}],"about":[{"href":"https:\/\/www.sonoraenequipo.com.mx\/api\/wp\/v2\/types\/post"}],"author":[{"embeddable":true,"href":"https:\/\/www.sonoraenequipo.com.mx\/api\/wp\/v2\/users\/1"}],"replies":[{"embeddable":true,"href":"https:\/\/www.sonoraenequipo.com.mx\/api\/wp\/v2\/comments?post=170499"}],"version-history":[{"count":1,"href":"https:\/\/www.sonoraenequipo.com.mx\/api\/wp\/v2\/posts\/170499\/revisions"}],"predecessor-version":[{"id":170501,"href":"https:\/\/www.sonoraenequipo.com.mx\/api\/wp\/v2\/posts\/170499\/revisions\/170501"}],"wp:featuredmedia":[{"embeddable":true,"href":"https:\/\/www.sonoraenequipo.com.mx\/api\/wp\/v2\/media\/170482"}],"wp:attachment":[{"href":"https:\/\/www.sonoraenequipo.com.mx\/api\/wp\/v2\/media?parent=170499"}],"wp:term":[{"taxonomy":"category","embeddable":true,"href":"https:\/\/www.sonoraenequipo.com.mx\/api\/wp\/v2\/categories?post=170499"},{"taxonomy":"post_tag","embeddable":true,"href":"https:\/\/www.sonoraenequipo.com.mx\/api\/wp\/v2\/tags?post=170499"}],"curies":[{"name":"wp","href":"https:\/\/api.w.org\/{rel}","templated":true}]}}