{"id":170502,"date":"2023-07-17T09:23:58","date_gmt":"2023-07-17T16:23:58","guid":{"rendered":"https:\/\/www.sonoraenequipo.com.mx\/?p=170502"},"modified":"2023-07-17T17:43:08","modified_gmt":"2023-07-18T00:43:08","slug":"ante-las-fallas-del-sitio-web-del-fam-santiago-creel-pide-paciencia","status":"publish","type":"post","link":"https:\/\/www.sonoraenequipo.com.mx\/ante-las-fallas-del-sitio-web-del-fam-santiago-creel-pide-paciencia\/","title":{"rendered":"Ante las fallas del sitio web del FAM, Santiago Creel pide paciencia"},"content":{"rendered":"<p><strong>CIUDAD DE M\u00c9XICO. MX. \u2014<\/strong> El aspirante a la presidencia de la Rep\u00fablica, hizo un llamado a la ciudadan\u00eda a registrarse en la plataforma habilitada por la coalici\u00f3n opositora, en donde 13 candidatos provenientes de la sociedad civil, el Partido Acci\u00f3n Nacional (PAN), el Partido Revolucionario Institucional (PRI) y el Partido Revolucionario Dem\u00f3crata (PRD), aspiran a ser coordinador del Frente.<\/p>\n<p>&nbsp;<\/p>\n<p> <\/p>\n<p>&nbsp;<\/p>\n<p>Record\u00f3 que con este registro, se hace oficial el inicio de la segunda etapa de la contienda interna, de la que surgir\u00eda el representante de la oposici\u00f3n para las elecciones federales de 2024. Cada representante deber\u00e1 reunir 150 mil firmas antes del 5 de agosto.<\/p>\n<p>&nbsp;<\/p>\n<p>&nbsp;<\/p>\n<p>Desde su habilitaci\u00f3n el pasado 13 de julio, el sitio web del Frente Amplio por M\u00e9xico present\u00f3 fallas en las primeras horas de su apertura. Al respecto, el panista Santiago Creel inform\u00f3 que hoy habr\u00e1 una reuni\u00f3n con los representantes de los aspirantes y el cuerpo pol\u00edtico para tomar una decisi\u00f3n.<\/p>\n<p>&nbsp;<\/p>\n<p><em><strong>\u201cHabr\u00e1 una reuni\u00f3n hoy a las 6 de la tarde con representantes de los aspirantes y el cuerpo pol\u00edtico porque los problemas los tenemos todos. Vamos a tomar hoy una decisi\u00f3n, entendemos las particularidades y la complejidad de un proceso de esta naturaleza, es algo nuevo; sin embargo la plataforma debe estar blindada al 100 y eso impone cumplir una serie de requisitos de car\u00e1cter t\u00e9cnico que ha marcado el comit\u00e9 que pues se deben cumplir\u201d,<\/strong><\/em> dijo Santiago Creel.<\/p>\n<p>&nbsp;<\/p>\n<p>&nbsp;<\/p>\n<p>Asimismo, el legislador coment\u00f3 que la semana pasada estuvo muy activo luego de realizar una extensa gira por los estados de Quer\u00e9taro, Guanajuato, Jalisco y Baja California, donde no ces\u00f3 de invitar a los simpatizantes a participar en el proceso de recolecci\u00f3n de firmas.<\/p>\n<p>&nbsp;<\/p>\n<p>&nbsp;<\/p>\n<p>No obstante, Santiago Creel admiti\u00f3 las dificultades para acceder a la plataforma y la complejidad del proceso, la cual dijo se complica especialmente para aquellos no familiarizados con plataformas de esta naturaleza. A pesar de los contratiempos, asegur\u00f3 que continuar\u00e1n con el calendario previsto.<\/p>\n<p>&nbsp;<\/p>\n<p>&nbsp;<\/p>\n<p><strong><em>\u201cA partir de la conclusi\u00f3n de la reuni\u00f3n de hoy vamos a poder ya delinear con toda precisi\u00f3n los pasos para el registro y seguir adelante con nuestro calendario tal y como fue formulado, para llegar al 3 de septiembre que sea esa elecci\u00f3n primaria, junto con la encuesta salgan los resultados de qui\u00e9n deber\u00e1 liderar el Frente Amplio por M\u00e9xico\u201d,<\/em> <\/strong>coment\u00f3.<\/p>\n<p>&nbsp;<\/p>\n<p>M\u00e1s tarde, a trav\u00e9s de redes sociales, el comit\u00e9 organizador del Frente Amplio por M\u00e9xico inform\u00f3 que a partir de hoy, el proceso para registro y otorgamiento de simpat\u00edas en la plataforma hab\u00eda quedado simplificado, por lo que la rapidez y eficacia del sistema quedar\u00eda garantizada.<\/p>\n<p>&nbsp;<\/p>\n<p>&nbsp;<\/p>\n<p><em><strong>\u201cLa participaci\u00f3n ciudadana ha rebasado las expectativas; hemos mejorado la plataforma para que todas las personas se registren en este proceso consultivo\u201d,<\/strong><\/em> se lee en un comunicado publicado en Twitter.<\/p>\n<p>&nbsp;<\/p>\n<p>Al respecto de la adaptaci\u00f3n tecnol\u00f3gica en los procesos democr\u00e1ticos, Creel Miranda enfatiz\u00f3 la necesidad de un cambio profundo en las reglas electorales para estar al d\u00eda con el siglo XXI y otras democracias donde hay menos restricciones para llevar a cabo elecciones.<\/p>\n<p>&nbsp;<\/p>\n<p><strong><em>\u201cHoy en d\u00eda con lo que ha revolucionado todo lo digital, la innovaci\u00f3n y la din\u00e1mica misma de la pol\u00edtica, y la participaci\u00f3n de las ciudadanas y ciudadanos hace que tengamos que repensar nuestro \u201cbarroco\u201d sistema electoral. Es claro que las primarias en el mundo democr\u00e1tico llegaron para quedarse, entonces lo mejor ser\u00eda regularlas, un sistema de primarias abiertas en todos los partidos, de tal manera que todo esto estuviera normado, que pudi\u00e9ramos utilizar los avances tecnol\u00f3gicos y digitales. Estamos operando todav\u00eda con reglas del siglo XX en un mundo que ha cambiado dr\u00e1sticamente\u201d<\/em><\/strong>, precis\u00f3.<\/p>\n<p>&nbsp;<\/p>\n<p>&nbsp;<\/p>\n<p>Finalmente, Creel anunci\u00f3 que realizar\u00eda una gira por el sureste esta semana, comenzando por Campeche, Yucat\u00e1n y Chiapas.<\/p>\n<p>&nbsp;<\/p>\n<p>&nbsp;<\/p>\n<p>PUBLICADO EL 17 DE JULIO DE 2023\/<\/p>\n","protected":false},"excerpt":{"rendered":"<p>CIUDAD DE M\u00c9XICO. MX. \u2014 El aspirante a la presidencia de la Rep\u00fablica, hizo un&#8230;<\/p>\n","protected":false},"author":1,"featured_media":170503,"comment_status":"open","ping_status":"open","sticky":false,"template":"","format":"standard","meta":{"_monsterinsights_skip_tracking":false,"_monsterinsights_sitenote_active":false,"_monsterinsights_sitenote_note":"","_monsterinsights_sitenote_category":0,"footnotes":""},"categories":[5],"tags":[],"class_list":["post"],"yoast_head":" \n<title>Sonora en Equipo. Ante las fallas del sitio web del FAM, Santiago Creel pide paciencia Rep\u00fablica<\/title>\n<meta name=\"description\" content=\"CIUDAD DE M\u00c9XICO. MX. \u2014 El aspirante a la presidencia de la Rep\u00fablica, hizo un llamado a la ciudadan\u00eda a registrarse en la plataforma habilitada por la En Sonora en Equipo publicamos toda la informaci\u00f3n de Sonora, M\u00e9xico y el Mundo de manera oportuna y busca que la libertad de expresi\u00f3n sea real. Visita nuestro medio informativo publicado desde Hermosillo, Sonora. %\" \/>\n<meta name=\"robots\" content=\"index, follow, max-snippet:-1, max-image-preview:large, max-video-preview:-1\" \/>\n<link rel=\"canonical\" href=\"https:\/\/www.sonoraenequipo.com.mx\/ante-las-fallas-del-sitio-web-del-fam-santiago-creel-pide-paciencia\/\" \/>\n<meta property=\"og:locale\" content=\"es_ES\" \/>\n<meta property=\"og:type\" content=\"article\" \/>\n<meta property=\"og:title\" content=\"Sonora en Equipo. Ante las fallas del sitio web del FAM, Santiago Creel pide paciencia Rep\u00fablica\" \/>\n<meta property=\"og:description\" content=\"CIUDAD DE M\u00c9XICO. MX. \u2014 El aspirante a la presidencia de la Rep\u00fablica, hizo un llamado a la ciudadan\u00eda a registrarse en la plataforma habilitada por la En Sonora en Equipo publicamos toda la informaci\u00f3n de Sonora, M\u00e9xico y el Mundo de manera oportuna y busca que la libertad de expresi\u00f3n sea real. Visita nuestro medio informativo publicado desde Hermosillo, Sonora. %\" \/>\n<meta property=\"og:url\" content=\"https:\/\/www.sonoraenequipo.com.mx\/ante-las-fallas-del-sitio-web-del-fam-santiago-creel-pide-paciencia\/\" \/>\n<meta property=\"og:site_name\" content=\"Sonora en Equipo.\" \/>\n<meta property=\"article:publisher\" content=\"https:\/\/www.facebook.com\/SonoraEE\/\" \/>\n<meta property=\"article:author\" content=\"https:\/\/www.facebook.com\/SonoraEE\" \/>\n<meta property=\"article:published_time\" content=\"2023-07-17T16:23:58+00:00\" \/>\n<meta property=\"article:modified_time\" content=\"2023-07-18T00:43:08+00:00\" \/>\n<meta property=\"og:image\" content=\"https:\/\/www.sonoraenequipo.com.mx\/storage\/2023\/07\/creel-campan\u0303a...-min-1.jpg\" \/>\n\t<meta property=\"og:image:width\" content=\"867\" \/>\n\t<meta property=\"og:image:height\" content=\"532\" \/>\n\t<meta property=\"og:image:type\" content=\"image\/jpeg\" \/>\n<meta name=\"author\" content=\"enequipo\" \/>\n<meta name=\"twitter:card\" content=\"summary_large_image\" \/>\n<meta name=\"twitter:creator\" content=\"@sonoraenequipo\" \/>\n<meta name=\"twitter:site\" content=\"@sonoraenequipo\" \/>\n<meta name=\"twitter:label1\" content=\"Escrito por\" \/>\n\t<meta name=\"twitter:data1\" content=\"enequipo\" \/>\n\t<meta name=\"twitter:label2\" content=\"Tiempo de lectura\" \/>\n\t<meta name=\"twitter:data2\" content=\"3 minutos\" \/>\n<script type=\"application\/ld+json\" class=\"yoast-schema-graph\">{\"@context\":\"https:\/\/schema.org\",\"@graph\":[{\"@type\":\"Article\",\"@id\":\"https:\/\/www.sonoraenequipo.com.mx\/ante-las-fallas-del-sitio-web-del-fam-santiago-creel-pide-paciencia\/#article\",\"isPartOf\":{\"@id\":\"https:\/\/www.sonoraenequipo.com.mx\/ante-las-fallas-del-sitio-web-del-fam-santiago-creel-pide-paciencia\/\"},\"author\":{\"name\":\"enequipo\",\"@id\":\"https:\/\/www.sonoraenequipo.com.mx\/#\/schema\/person\/50102df0fb23a8fa9e8effad8fa81386\"},\"headline\":\"Ante las fallas del sitio web del FAM, Santiago Creel pide paciencia\",\"datePublished\":\"2023-07-17T16:23:58+00:00\",\"dateModified\":\"2023-07-18T00:43:08+00:00\",\"mainEntityOfPage\":{\"@id\":\"https:\/\/www.sonoraenequipo.com.mx\/ante-las-fallas-del-sitio-web-del-fam-santiago-creel-pide-paciencia\/\"},\"wordCount\":696,\"commentCount\":0,\"publisher\":{\"@id\":\"https:\/\/www.sonoraenequipo.com.mx\/#organization\"},\"image\":{\"@id\":\"https:\/\/www.sonoraenequipo.com.mx\/ante-las-fallas-del-sitio-web-del-fam-santiago-creel-pide-paciencia\/#primaryimage\"},\"thumbnailUrl\":\"https:\/\/www.sonoraenequipo.com.mx\/storage\/2023\/07\/creel-campan\u0303a...-min-1.jpg\",\"articleSection\":[\"Rep\u00fablica\"],\"inLanguage\":\"es\",\"potentialAction\":[{\"@type\":\"CommentAction\",\"name\":\"Comment\",\"target\":[\"https:\/\/www.sonoraenequipo.com.mx\/ante-las-fallas-del-sitio-web-del-fam-santiago-creel-pide-paciencia\/#respond\"]}]},{\"@type\":\"WebPage\",\"@id\":\"https:\/\/www.sonoraenequipo.com.mx\/ante-las-fallas-del-sitio-web-del-fam-santiago-creel-pide-paciencia\/\",\"url\":\"https:\/\/www.sonoraenequipo.com.mx\/ante-las-fallas-del-sitio-web-del-fam-santiago-creel-pide-paciencia\/\",\"name\":\"Sonora en Equipo. Ante las fallas del sitio web del FAM, Santiago Creel pide paciencia Rep\u00fablica\",\"isPartOf\":{\"@id\":\"https:\/\/www.sonoraenequipo.com.mx\/#website\"},\"primaryImageOfPage\":{\"@id\":\"https:\/\/www.sonoraenequipo.com.mx\/ante-las-fallas-del-sitio-web-del-fam-santiago-creel-pide-paciencia\/#primaryimage\"},\"image\":{\"@id\":\"https:\/\/www.sonoraenequipo.com.mx\/ante-las-fallas-del-sitio-web-del-fam-santiago-creel-pide-paciencia\/#primaryimage\"},\"thumbnailUrl\":\"https:\/\/www.sonoraenequipo.com.mx\/storage\/2023\/07\/creel-campan\u0303a...-min-1.jpg\",\"datePublished\":\"2023-07-17T16:23:58+00:00\",\"dateModified\":\"2023-07-18T00:43:08+00:00\",\"description\":\"CIUDAD DE M\u00c9XICO. MX. \u2014 El aspirante a la presidencia de la Rep\u00fablica, hizo un llamado a la ciudadan\u00eda a registrarse en la plataforma habilitada por la En Sonora en Equipo publicamos toda la informaci\u00f3n de Sonora, M\u00e9xico y el Mundo de manera oportuna y busca que la libertad de expresi\u00f3n sea real. Visita nuestro medio informativo publicado desde Hermosillo, Sonora. %\",\"breadcrumb\":{\"@id\":\"https:\/\/www.sonoraenequipo.com.mx\/ante-las-fallas-del-sitio-web-del-fam-santiago-creel-pide-paciencia\/#breadcrumb\"},\"inLanguage\":\"es\",\"potentialAction\":[{\"@type\":\"ReadAction\",\"target\":[\"https:\/\/www.sonoraenequipo.com.mx\/ante-las-fallas-del-sitio-web-del-fam-santiago-creel-pide-paciencia\/\"]}]},{\"@type\":\"ImageObject\",\"inLanguage\":\"es\",\"@id\":\"https:\/\/www.sonoraenequipo.com.mx\/ante-las-fallas-del-sitio-web-del-fam-santiago-creel-pide-paciencia\/#primaryimage\",\"url\":\"https:\/\/www.sonoraenequipo.com.mx\/storage\/2023\/07\/creel-campan\u0303a...-min-1.jpg\",\"contentUrl\":\"https:\/\/www.sonoraenequipo.com.mx\/storage\/2023\/07\/creel-campan\u0303a...-min-1.jpg\",\"width\":867,\"height\":532},{\"@type\":\"BreadcrumbList\",\"@id\":\"https:\/\/www.sonoraenequipo.com.mx\/ante-las-fallas-del-sitio-web-del-fam-santiago-creel-pide-paciencia\/#breadcrumb\",\"itemListElement\":[{\"@type\":\"ListItem\",\"position\":1,\"name\":\"Portada\",\"item\":\"https:\/\/www.sonoraenequipo.com.mx\/\"},{\"@type\":\"ListItem\",\"position\":2,\"name\":\"Ante las fallas del sitio web del FAM, Santiago Creel pide paciencia\"}]},{\"@type\":\"WebSite\",\"@id\":\"https:\/\/www.sonoraenequipo.com.mx\/#website\",\"url\":\"https:\/\/www.sonoraenequipo.com.mx\/\",\"name\":\"Sonora en Equipo.\",\"description\":\"Diario en l\u00ednea con Noticias desde Hermosillo, Sonora\",\"publisher\":{\"@id\":\"https:\/\/www.sonoraenequipo.com.mx\/#organization\"},\"potentialAction\":[{\"@type\":\"SearchAction\",\"target\":{\"@type\":\"EntryPoint\",\"urlTemplate\":\"https:\/\/www.sonoraenequipo.com.mx\/?s={search_term_string}\"},\"query-input\":{\"@type\":\"PropertyValueSpecification\",\"valueRequired\":true,\"valueName\":\"search_term_string\"}}],\"inLanguage\":\"es\"},{\"@type\":\"Organization\",\"@id\":\"https:\/\/www.sonoraenequipo.com.mx\/#organization\",\"name\":\"Sonoraenequipo.com.mx\",\"url\":\"https:\/\/www.sonoraenequipo.com.mx\/\",\"logo\":{\"@type\":\"ImageObject\",\"inLanguage\":\"es\",\"@id\":\"https:\/\/www.sonoraenequipo.com.mx\/#\/schema\/logo\/image\/\",\"url\":\"https:\/\/www.sonoraenequipo.com.mx\/storage\/2019\/01\/sonoraenequipo_opt.png\",\"contentUrl\":\"https:\/\/www.sonoraenequipo.com.mx\/storage\/2019\/01\/sonoraenequipo_opt.png\",\"width\":375,\"height\":125,\"caption\":\"Sonoraenequipo.com.mx\"},\"image\":{\"@id\":\"https:\/\/www.sonoraenequipo.com.mx\/#\/schema\/logo\/image\/\"},\"sameAs\":[\"https:\/\/www.facebook.com\/SonoraEE\/\",\"https:\/\/x.com\/sonoraenequipo\",\"https:\/\/www.youtube.com\/channel\/UC338nW-lPEYmJQs4ZABQ1SQ\"]},{\"@type\":\"Person\",\"@id\":\"https:\/\/www.sonoraenequipo.com.mx\/#\/schema\/person\/50102df0fb23a8fa9e8effad8fa81386\",\"name\":\"enequipo\",\"image\":{\"@type\":\"ImageObject\",\"inLanguage\":\"es\",\"@id\":\"https:\/\/www.sonoraenequipo.com.mx\/#\/schema\/person\/image\/\",\"url\":\"https:\/\/secure.gravatar.com\/avatar\/049821681b589dabc0bc20695993ccebb09f5b5d4d790cd9251b97faac7c652b?s=96&d=blank&r=g\",\"contentUrl\":\"https:\/\/secure.gravatar.com\/avatar\/049821681b589dabc0bc20695993ccebb09f5b5d4d790cd9251b97faac7c652b?s=96&d=blank&r=g\",\"caption\":\"enequipo\"},\"sameAs\":[\"https:\/\/www.facebook.com\/SonoraEE\"]}]}<\/script>\n ","yoast_head_json":{"title":"Sonora en Equipo. Ante las fallas del sitio web del FAM, Santiago Creel pide paciencia Rep\u00fablica","description":"CIUDAD DE M\u00c9XICO. MX. \u2014 El aspirante a la presidencia de la Rep\u00fablica, hizo un llamado a la ciudadan\u00eda a registrarse en la plataforma habilitada por la En Sonora en Equipo publicamos toda la informaci\u00f3n de Sonora, M\u00e9xico y el Mundo de manera oportuna y busca que la libertad de expresi\u00f3n sea real. Visita nuestro medio informativo publicado desde Hermosillo, Sonora. %","robots":{"index":"index","follow":"follow","max-snippet":"max-snippet:-1","max-image-preview":"max-image-preview:large","max-video-preview":"max-video-preview:-1"},"canonical":"https:\/\/www.sonoraenequipo.com.mx\/ante-las-fallas-del-sitio-web-del-fam-santiago-creel-pide-paciencia\/","og_locale":"es_ES","og_type":"article","og_title":"Sonora en Equipo. Ante las fallas del sitio web del FAM, Santiago Creel pide paciencia Rep\u00fablica","og_description":"CIUDAD DE M\u00c9XICO. MX. \u2014 El aspirante a la presidencia de la Rep\u00fablica, hizo un llamado a la ciudadan\u00eda a registrarse en la plataforma habilitada por la En Sonora en Equipo publicamos toda la informaci\u00f3n de Sonora, M\u00e9xico y el Mundo de manera oportuna y busca que la libertad de expresi\u00f3n sea real. Visita nuestro medio informativo publicado desde Hermosillo, Sonora. %","og_url":"https:\/\/www.sonoraenequipo.com.mx\/ante-las-fallas-del-sitio-web-del-fam-santiago-creel-pide-paciencia\/","og_site_name":"Sonora en Equipo.","article_publisher":"https:\/\/www.facebook.com\/SonoraEE\/","article_author":"https:\/\/www.facebook.com\/SonoraEE","article_published_time":"2023-07-17T16:23:58+00:00","article_modified_time":"2023-07-18T00:43:08+00:00","og_image":[{"width":867,"height":532,"url":"https:\/\/www.sonoraenequipo.com.mx\/storage\/2023\/07\/creel-campan\u0303a...-min-1.jpg","type":"image\/jpeg"}],"author":"enequipo","twitter_card":"summary_large_image","twitter_creator":"@sonoraenequipo","twitter_site":"@sonoraenequipo","twitter_misc":{"Escrito por":"enequipo","Tiempo de lectura":"3 minutos"},"schema":{"@context":"https:\/\/schema.org","@graph":[{"@type":"Article","@id":"https:\/\/www.sonoraenequipo.com.mx\/ante-las-fallas-del-sitio-web-del-fam-santiago-creel-pide-paciencia\/#article","isPartOf":{"@id":"https:\/\/www.sonoraenequipo.com.mx\/ante-las-fallas-del-sitio-web-del-fam-santiago-creel-pide-paciencia\/"},"author":{"name":"enequipo","@id":"https:\/\/www.sonoraenequipo.com.mx\/#\/schema\/person\/50102df0fb23a8fa9e8effad8fa81386"},"headline":"Ante las fallas del sitio web del FAM, Santiago Creel pide paciencia","datePublished":"2023-07-17T16:23:58+00:00","dateModified":"2023-07-18T00:43:08+00:00","mainEntityOfPage":{"@id":"https:\/\/www.sonoraenequipo.com.mx\/ante-las-fallas-del-sitio-web-del-fam-santiago-creel-pide-paciencia\/"},"wordCount":696,"commentCount":0,"publisher":{"@id":"https:\/\/www.sonoraenequipo.com.mx\/#organization"},"image":{"@id":"https:\/\/www.sonoraenequipo.com.mx\/ante-las-fallas-del-sitio-web-del-fam-santiago-creel-pide-paciencia\/#primaryimage"},"thumbnailUrl":"https:\/\/www.sonoraenequipo.com.mx\/storage\/2023\/07\/creel-campan\u0303a...-min-1.jpg","articleSection":["Rep\u00fablica"],"inLanguage":"es","potentialAction":[{"@type":"CommentAction","name":"Comment","target":["https:\/\/www.sonoraenequipo.com.mx\/ante-las-fallas-del-sitio-web-del-fam-santiago-creel-pide-paciencia\/#respond"]}]},{"@type":"WebPage","@id":"https:\/\/www.sonoraenequipo.com.mx\/ante-las-fallas-del-sitio-web-del-fam-santiago-creel-pide-paciencia\/","url":"https:\/\/www.sonoraenequipo.com.mx\/ante-las-fallas-del-sitio-web-del-fam-santiago-creel-pide-paciencia\/","name":"Sonora en Equipo. Ante las fallas del sitio web del FAM, Santiago Creel pide paciencia Rep\u00fablica","isPartOf":{"@id":"https:\/\/www.sonoraenequipo.com.mx\/#website"},"primaryImageOfPage":{"@id":"https:\/\/www.sonoraenequipo.com.mx\/ante-las-fallas-del-sitio-web-del-fam-santiago-creel-pide-paciencia\/#primaryimage"},"image":{"@id":"https:\/\/www.sonoraenequipo.com.mx\/ante-las-fallas-del-sitio-web-del-fam-santiago-creel-pide-paciencia\/#primaryimage"},"thumbnailUrl":"https:\/\/www.sonoraenequipo.com.mx\/storage\/2023\/07\/creel-campan\u0303a...-min-1.jpg","datePublished":"2023-07-17T16:23:58+00:00","dateModified":"2023-07-18T00:43:08+00:00","description":"CIUDAD DE M\u00c9XICO. MX. \u2014 El aspirante a la presidencia de la Rep\u00fablica, hizo un llamado a la ciudadan\u00eda a registrarse en la plataforma habilitada por la En Sonora en Equipo publicamos toda la informaci\u00f3n de Sonora, M\u00e9xico y el Mundo de manera oportuna y busca que la libertad de expresi\u00f3n sea real. Visita nuestro medio informativo publicado desde Hermosillo, Sonora. %","breadcrumb":{"@id":"https:\/\/www.sonoraenequipo.com.mx\/ante-las-fallas-del-sitio-web-del-fam-santiago-creel-pide-paciencia\/#breadcrumb"},"inLanguage":"es","potentialAction":[{"@type":"ReadAction","target":["https:\/\/www.sonoraenequipo.com.mx\/ante-las-fallas-del-sitio-web-del-fam-santiago-creel-pide-paciencia\/"]}]},{"@type":"ImageObject","inLanguage":"es","@id":"https:\/\/www.sonoraenequipo.com.mx\/ante-las-fallas-del-sitio-web-del-fam-santiago-creel-pide-paciencia\/#primaryimage","url":"https:\/\/www.sonoraenequipo.com.mx\/storage\/2023\/07\/creel-campan\u0303a...-min-1.jpg","contentUrl":"https:\/\/www.sonoraenequipo.com.mx\/storage\/2023\/07\/creel-campan\u0303a...-min-1.jpg","width":867,"height":532},{"@type":"BreadcrumbList","@id":"https:\/\/www.sonoraenequipo.com.mx\/ante-las-fallas-del-sitio-web-del-fam-santiago-creel-pide-paciencia\/#breadcrumb","itemListElement":[{"@type":"ListItem","position":1,"name":"Portada","item":"https:\/\/www.sonoraenequipo.com.mx\/"},{"@type":"ListItem","position":2,"name":"Ante las fallas del sitio web del FAM, Santiago Creel pide paciencia"}]},{"@type":"WebSite","@id":"https:\/\/www.sonoraenequipo.com.mx\/#website","url":"https:\/\/www.sonoraenequipo.com.mx\/","name":"Sonora en Equipo.","description":"Diario en l\u00ednea con Noticias desde Hermosillo, Sonora","publisher":{"@id":"https:\/\/www.sonoraenequipo.com.mx\/#organization"},"potentialAction":[{"@type":"SearchAction","target":{"@type":"EntryPoint","urlTemplate":"https:\/\/www.sonoraenequipo.com.mx\/?s={search_term_string}"},"query-input":{"@type":"PropertyValueSpecification","valueRequired":true,"valueName":"search_term_string"}}],"inLanguage":"es"},{"@type":"Organization","@id":"https:\/\/www.sonoraenequipo.com.mx\/#organization","name":"Sonoraenequipo.com.mx","url":"https:\/\/www.sonoraenequipo.com.mx\/","logo":{"@type":"ImageObject","inLanguage":"es","@id":"https:\/\/www.sonoraenequipo.com.mx\/#\/schema\/logo\/image\/","url":"https:\/\/www.sonoraenequipo.com.mx\/storage\/2019\/01\/sonoraenequipo_opt.png","contentUrl":"https:\/\/www.sonoraenequipo.com.mx\/storage\/2019\/01\/sonoraenequipo_opt.png","width":375,"height":125,"caption":"Sonoraenequipo.com.mx"},"image":{"@id":"https:\/\/www.sonoraenequipo.com.mx\/#\/schema\/logo\/image\/"},"sameAs":["https:\/\/www.facebook.com\/SonoraEE\/","https:\/\/x.com\/sonoraenequipo","https:\/\/www.youtube.com\/channel\/UC338nW-lPEYmJQs4ZABQ1SQ"]},{"@type":"Person","@id":"https:\/\/www.sonoraenequipo.com.mx\/#\/schema\/person\/50102df0fb23a8fa9e8effad8fa81386","name":"enequipo","image":{"@type":"ImageObject","inLanguage":"es","@id":"https:\/\/www.sonoraenequipo.com.mx\/#\/schema\/person\/image\/","url":"https:\/\/secure.gravatar.com\/avatar\/049821681b589dabc0bc20695993ccebb09f5b5d4d790cd9251b97faac7c652b?s=96&d=blank&r=g","contentUrl":"https:\/\/secure.gravatar.com\/avatar\/049821681b589dabc0bc20695993ccebb09f5b5d4d790cd9251b97faac7c652b?s=96&d=blank&r=g","caption":"enequipo"},"sameAs":["https:\/\/www.facebook.com\/SonoraEE"]}]}},"jetpack_featured_media_url":"https:\/\/www.sonoraenequipo.com.mx\/storage\/2023\/07\/creel-campan\u0303a...-min-1.jpg","_links":{"self":[{"href":"https:\/\/www.sonoraenequipo.com.mx\/api\/wp\/v2\/posts\/170502","targetHints":{"allow":["GET"]}}],"collection":[{"href":"https:\/\/www.sonoraenequipo.com.mx\/api\/wp\/v2\/posts"}],"about":[{"href":"https:\/\/www.sonoraenequipo.com.mx\/api\/wp\/v2\/types\/post"}],"author":[{"embeddable":true,"href":"https:\/\/www.sonoraenequipo.com.mx\/api\/wp\/v2\/users\/1"}],"replies":[{"embeddable":true,"href":"https:\/\/www.sonoraenequipo.com.mx\/api\/wp\/v2\/comments?post=170502"}],"version-history":[{"count":1,"href":"https:\/\/www.sonoraenequipo.com.mx\/api\/wp\/v2\/posts\/170502\/revisions"}],"predecessor-version":[{"id":170504,"href":"https:\/\/www.sonoraenequipo.com.mx\/api\/wp\/v2\/posts\/170502\/revisions\/170504"}],"wp:featuredmedia":[{"embeddable":true,"href":"https:\/\/www.sonoraenequipo.com.mx\/api\/wp\/v2\/media\/170503"}],"wp:attachment":[{"href":"https:\/\/www.sonoraenequipo.com.mx\/api\/wp\/v2\/media?parent=170502"}],"wp:term":[{"taxonomy":"category","embeddable":true,"href":"https:\/\/www.sonoraenequipo.com.mx\/api\/wp\/v2\/categories?post=170502"},{"taxonomy":"post_tag","embeddable":true,"href":"https:\/\/www.sonoraenequipo.com.mx\/api\/wp\/v2\/tags?post=170502"}],"curies":[{"name":"wp","href":"https:\/\/api.w.org\/{rel}","templated":true}]}}