{"id":170506,"date":"2023-07-17T19:16:24","date_gmt":"2023-07-18T02:16:24","guid":{"rendered":"https:\/\/www.sonoraenequipo.com.mx\/?p=170506"},"modified":"2023-07-17T19:16:24","modified_gmt":"2023-07-18T02:16:24","slug":"promovemos-la-especializacion-academica-para-el-desarrollo-del-plan-sonora-en-la-juventud-sonorense-alfonso-durazo","status":"publish","type":"post","link":"https:\/\/www.sonoraenequipo.com.mx\/promovemos-la-especializacion-academica-para-el-desarrollo-del-plan-sonora-en-la-juventud-sonorense-alfonso-durazo\/","title":{"rendered":"Promovemos la especializaci\u00f3n acad\u00e9mica para el desarrollo del Plan Sonora en la juventud sonorense: Alfonso Durazo"},"content":{"rendered":"<p><strong>HERMOSILLO, SONORA,MX.<\/strong><strong>\u2500\u2500<\/strong> \u00a0El eje m\u00e1s importante del Plan Sonora de Energ\u00eda Sostenible es la educaci\u00f3n, por ello, es importante desarrollar nuevos programas educativos para capacitar al capital humano y ponerlo a la altura de las necesidades de las empresas que lleguen a invertir a Sonora, asegur\u00f3 el gobernador Alfonso Durazo Monta\u00f1o.<\/p>\n<p>&nbsp;<\/p>\n<p>&nbsp;<\/p>\n<p>&nbsp;<\/p>\n<p>Durante la inauguraci\u00f3n del curso de semiconductores \u00abTrain-the-Trainer\u00bb (Entrena al Entrenador) impartido por la Universidad Estatal de Arizona (Arizona State University), el mandatario estatal record\u00f3 que el taller es producto del acuerdo firmado en 2022 entre su gobierno, la instituci\u00f3n educativa y el Gobierno de M\u00e9xico para el desarrollo conjunto de programas acad\u00e9micos en semiconductores.<\/p>\n<p>&nbsp;<\/p>\n<p>&nbsp;<\/p>\n<p>&nbsp;<\/p>\n<p>\u201cCon todos estos programas estamos formando el personal del m\u00e1s alto nivel que requieren las empresas vinculadas a lo que podr\u00edamos llamar una nueva revoluci\u00f3n industrial. El eje articulador del Plan Sonora es la educaci\u00f3n con la que se despliega su m\u00e1ximo potencial el talento de las y los j\u00f3venes que estudian en nuestras universidades y con quienes tenemos el compromiso de ofrecer m\u00e1s y mejores oportunidades de empleo y desarrollo\u201d, expres\u00f3.<\/p>\n<p>&nbsp;<\/p>\n<p>&nbsp;<\/p>\n<p>&nbsp;<\/p>\n<p>En 2024, coment\u00f3, se tienen en puerta seis nuevos programas en educaci\u00f3n superior y media superior y, para agosto de este a\u00f1o, la Universidad de Sonora iniciar\u00e1 la Ingenier\u00eda en Semiconductores; mientras que el Tecnol\u00f3gico Nacional de M\u00e9xico arrancar\u00e1 la Ingenier\u00eda en Semiconductores, en 18 campus de todo el pa\u00eds, a los que se suman ocho que ofrecer\u00e1n la especialidad.<\/p>\n<p>&nbsp;<\/p>\n<p>&nbsp;<\/p>\n<p>&nbsp;<\/p>\n<p>As\u00ed mismo, el gobernador Alfonso Durazo, destac\u00f3 que Sonora lidera los trabajos para generar la Certificaci\u00f3n de Est\u00e1ndar en Competencias, un programa de educaci\u00f3n media superior; y en estos d\u00edas se lleva a cabo el Diplomado Nacional de Semiconductores que tiene m\u00e1s de cinco mil alumnos inscritos de Sonora y el resto de M\u00e9xico.<\/p>\n<p>&nbsp;<\/p>\n<p>&nbsp;<\/p>\n<p>&nbsp;<\/p>\n<p>James O&#8217;Brien, vicepresidente de la Universidad Estatal de Arizona, reiter\u00f3 que a trav\u00e9s de esta colaboraci\u00f3n ente ASU y el Gobierno de Sonora se trabajar\u00e1 en el desarrollo de talento e investigaci\u00f3n en el marco del Plan Sonora de Energ\u00eda Sostenible.<\/p>\n<p><strong>Fecha de publicaci\u00f3n lunes 17 de julio de 2023<\/strong><\/p>\n","protected":false},"excerpt":{"rendered":"<p>HERMOSILLO, SONORA,MX.\u2500\u2500 \u00a0El eje m\u00e1s importante del Plan Sonora de Energ\u00eda Sostenible es la educaci\u00f3n,&#8230;<\/p>\n","protected":false},"author":1,"featured_media":160668,"comment_status":"open","ping_status":"open","sticky":false,"template":"","format":"standard","meta":{"_monsterinsights_skip_tracking":false,"_monsterinsights_sitenote_active":false,"_monsterinsights_sitenote_note":"","_monsterinsights_sitenote_category":0,"footnotes":""},"categories":[22],"tags":[2200,6249,15],"class_list":["post"],"yoast_head":" \n<title>Sonora en Equipo. Promovemos la especializaci\u00f3n acad\u00e9mica para el desarrollo del Plan Sonora en la juventud sonorense: Alfonso Durazo Sonora<\/title>\n<meta name=\"description\" content=\"HERMOSILLO, SONORA,MX.\u2500\u2500 \u00a0El eje m\u00e1s importante del Plan Sonora de Energ\u00eda Sostenible es la educaci\u00f3n, por ello, es importante desarrollar nuevos En Sonora en Equipo publicamos toda la informaci\u00f3n de Sonora, M\u00e9xico y el Mundo de manera oportuna y busca que la libertad de expresi\u00f3n sea real. Visita nuestro medio informativo publicado desde Hermosillo, Sonora. %\" \/>\n<meta name=\"robots\" content=\"index, follow, max-snippet:-1, max-image-preview:large, max-video-preview:-1\" \/>\n<link rel=\"canonical\" href=\"https:\/\/www.sonoraenequipo.com.mx\/promovemos-la-especializacion-academica-para-el-desarrollo-del-plan-sonora-en-la-juventud-sonorense-alfonso-durazo\/\" \/>\n<meta property=\"og:locale\" content=\"es_ES\" \/>\n<meta property=\"og:type\" content=\"article\" \/>\n<meta property=\"og:title\" content=\"Sonora en Equipo. Promovemos la especializaci\u00f3n acad\u00e9mica para el desarrollo del Plan Sonora en la juventud sonorense: Alfonso Durazo Sonora\" \/>\n<meta property=\"og:description\" content=\"HERMOSILLO, SONORA,MX.\u2500\u2500 \u00a0El eje m\u00e1s importante del Plan Sonora de Energ\u00eda Sostenible es la educaci\u00f3n, por ello, es importante desarrollar nuevos En Sonora en Equipo publicamos toda la informaci\u00f3n de Sonora, M\u00e9xico y el Mundo de manera oportuna y busca que la libertad de expresi\u00f3n sea real. Visita nuestro medio informativo publicado desde Hermosillo, Sonora. %\" \/>\n<meta property=\"og:url\" content=\"https:\/\/www.sonoraenequipo.com.mx\/promovemos-la-especializacion-academica-para-el-desarrollo-del-plan-sonora-en-la-juventud-sonorense-alfonso-durazo\/\" \/>\n<meta property=\"og:site_name\" content=\"Sonora en Equipo.\" \/>\n<meta property=\"article:publisher\" content=\"https:\/\/www.facebook.com\/SonoraEE\/\" \/>\n<meta property=\"article:author\" content=\"https:\/\/www.facebook.com\/SonoraEE\" \/>\n<meta property=\"article:published_time\" content=\"2023-07-18T02:16:24+00:00\" \/>\n<meta property=\"og:image\" content=\"https:\/\/www.sonoraenequipo.com.mx\/storage\/2023\/03\/planta-pco..jpg\" \/>\n\t<meta property=\"og:image:width\" content=\"600\" \/>\n\t<meta property=\"og:image:height\" content=\"400\" \/>\n\t<meta property=\"og:image:type\" content=\"image\/jpeg\" \/>\n<meta name=\"author\" content=\"enequipo\" \/>\n<meta name=\"twitter:card\" content=\"summary_large_image\" \/>\n<meta name=\"twitter:creator\" content=\"@sonoraenequipo\" \/>\n<meta name=\"twitter:site\" content=\"@sonoraenequipo\" \/>\n<meta name=\"twitter:label1\" content=\"Escrito por\" \/>\n\t<meta name=\"twitter:data1\" content=\"enequipo\" \/>\n\t<meta name=\"twitter:label2\" content=\"Tiempo de lectura\" \/>\n\t<meta name=\"twitter:data2\" content=\"2 minutos\" \/>\n<script type=\"application\/ld+json\" class=\"yoast-schema-graph\">{\"@context\":\"https:\/\/schema.org\",\"@graph\":[{\"@type\":\"Article\",\"@id\":\"https:\/\/www.sonoraenequipo.com.mx\/promovemos-la-especializacion-academica-para-el-desarrollo-del-plan-sonora-en-la-juventud-sonorense-alfonso-durazo\/#article\",\"isPartOf\":{\"@id\":\"https:\/\/www.sonoraenequipo.com.mx\/promovemos-la-especializacion-academica-para-el-desarrollo-del-plan-sonora-en-la-juventud-sonorense-alfonso-durazo\/\"},\"author\":{\"name\":\"enequipo\",\"@id\":\"https:\/\/www.sonoraenequipo.com.mx\/#\/schema\/person\/50102df0fb23a8fa9e8effad8fa81386\"},\"headline\":\"Promovemos la especializaci\u00f3n acad\u00e9mica para el desarrollo del Plan Sonora en la juventud sonorense: Alfonso Durazo\",\"datePublished\":\"2023-07-18T02:16:24+00:00\",\"mainEntityOfPage\":{\"@id\":\"https:\/\/www.sonoraenequipo.com.mx\/promovemos-la-especializacion-academica-para-el-desarrollo-del-plan-sonora-en-la-juventud-sonorense-alfonso-durazo\/\"},\"wordCount\":406,\"commentCount\":0,\"publisher\":{\"@id\":\"https:\/\/www.sonoraenequipo.com.mx\/#organization\"},\"image\":{\"@id\":\"https:\/\/www.sonoraenequipo.com.mx\/promovemos-la-especializacion-academica-para-el-desarrollo-del-plan-sonora-en-la-juventud-sonorense-alfonso-durazo\/#primaryimage\"},\"thumbnailUrl\":\"https:\/\/www.sonoraenequipo.com.mx\/storage\/2023\/03\/planta-pco..jpg\",\"keywords\":[\"Alfonso Durazo\",\"PLAN\",\"Sonora\"],\"articleSection\":[\"Sonora\"],\"inLanguage\":\"es\",\"potentialAction\":[{\"@type\":\"CommentAction\",\"name\":\"Comment\",\"target\":[\"https:\/\/www.sonoraenequipo.com.mx\/promovemos-la-especializacion-academica-para-el-desarrollo-del-plan-sonora-en-la-juventud-sonorense-alfonso-durazo\/#respond\"]}]},{\"@type\":\"WebPage\",\"@id\":\"https:\/\/www.sonoraenequipo.com.mx\/promovemos-la-especializacion-academica-para-el-desarrollo-del-plan-sonora-en-la-juventud-sonorense-alfonso-durazo\/\",\"url\":\"https:\/\/www.sonoraenequipo.com.mx\/promovemos-la-especializacion-academica-para-el-desarrollo-del-plan-sonora-en-la-juventud-sonorense-alfonso-durazo\/\",\"name\":\"Sonora en Equipo. Promovemos la especializaci\u00f3n acad\u00e9mica para el desarrollo del Plan Sonora en la juventud sonorense: Alfonso Durazo Sonora\",\"isPartOf\":{\"@id\":\"https:\/\/www.sonoraenequipo.com.mx\/#website\"},\"primaryImageOfPage\":{\"@id\":\"https:\/\/www.sonoraenequipo.com.mx\/promovemos-la-especializacion-academica-para-el-desarrollo-del-plan-sonora-en-la-juventud-sonorense-alfonso-durazo\/#primaryimage\"},\"image\":{\"@id\":\"https:\/\/www.sonoraenequipo.com.mx\/promovemos-la-especializacion-academica-para-el-desarrollo-del-plan-sonora-en-la-juventud-sonorense-alfonso-durazo\/#primaryimage\"},\"thumbnailUrl\":\"https:\/\/www.sonoraenequipo.com.mx\/storage\/2023\/03\/planta-pco..jpg\",\"datePublished\":\"2023-07-18T02:16:24+00:00\",\"description\":\"HERMOSILLO, SONORA,MX.\u2500\u2500 \u00a0El eje m\u00e1s importante del Plan Sonora de Energ\u00eda Sostenible es la educaci\u00f3n, por ello, es importante desarrollar nuevos En Sonora en Equipo publicamos toda la informaci\u00f3n de Sonora, M\u00e9xico y el Mundo de manera oportuna y busca que la libertad de expresi\u00f3n sea real. Visita nuestro medio informativo publicado desde Hermosillo, Sonora. %\",\"breadcrumb\":{\"@id\":\"https:\/\/www.sonoraenequipo.com.mx\/promovemos-la-especializacion-academica-para-el-desarrollo-del-plan-sonora-en-la-juventud-sonorense-alfonso-durazo\/#breadcrumb\"},\"inLanguage\":\"es\",\"potentialAction\":[{\"@type\":\"ReadAction\",\"target\":[\"https:\/\/www.sonoraenequipo.com.mx\/promovemos-la-especializacion-academica-para-el-desarrollo-del-plan-sonora-en-la-juventud-sonorense-alfonso-durazo\/\"]}]},{\"@type\":\"ImageObject\",\"inLanguage\":\"es\",\"@id\":\"https:\/\/www.sonoraenequipo.com.mx\/promovemos-la-especializacion-academica-para-el-desarrollo-del-plan-sonora-en-la-juventud-sonorense-alfonso-durazo\/#primaryimage\",\"url\":\"https:\/\/www.sonoraenequipo.com.mx\/storage\/2023\/03\/planta-pco..jpg\",\"contentUrl\":\"https:\/\/www.sonoraenequipo.com.mx\/storage\/2023\/03\/planta-pco..jpg\",\"width\":600,\"height\":400},{\"@type\":\"BreadcrumbList\",\"@id\":\"https:\/\/www.sonoraenequipo.com.mx\/promovemos-la-especializacion-academica-para-el-desarrollo-del-plan-sonora-en-la-juventud-sonorense-alfonso-durazo\/#breadcrumb\",\"itemListElement\":[{\"@type\":\"ListItem\",\"position\":1,\"name\":\"Portada\",\"item\":\"https:\/\/www.sonoraenequipo.com.mx\/\"},{\"@type\":\"ListItem\",\"position\":2,\"name\":\"Promovemos la especializaci\u00f3n acad\u00e9mica para el desarrollo del Plan Sonora en la juventud sonorense: Alfonso Durazo\"}]},{\"@type\":\"WebSite\",\"@id\":\"https:\/\/www.sonoraenequipo.com.mx\/#website\",\"url\":\"https:\/\/www.sonoraenequipo.com.mx\/\",\"name\":\"Sonora en Equipo.\",\"description\":\"Diario en l\u00ednea con Noticias desde Hermosillo, Sonora\",\"publisher\":{\"@id\":\"https:\/\/www.sonoraenequipo.com.mx\/#organization\"},\"potentialAction\":[{\"@type\":\"SearchAction\",\"target\":{\"@type\":\"EntryPoint\",\"urlTemplate\":\"https:\/\/www.sonoraenequipo.com.mx\/?s={search_term_string}\"},\"query-input\":{\"@type\":\"PropertyValueSpecification\",\"valueRequired\":true,\"valueName\":\"search_term_string\"}}],\"inLanguage\":\"es\"},{\"@type\":\"Organization\",\"@id\":\"https:\/\/www.sonoraenequipo.com.mx\/#organization\",\"name\":\"Sonoraenequipo.com.mx\",\"url\":\"https:\/\/www.sonoraenequipo.com.mx\/\",\"logo\":{\"@type\":\"ImageObject\",\"inLanguage\":\"es\",\"@id\":\"https:\/\/www.sonoraenequipo.com.mx\/#\/schema\/logo\/image\/\",\"url\":\"https:\/\/www.sonoraenequipo.com.mx\/storage\/2019\/01\/sonoraenequipo_opt.png\",\"contentUrl\":\"https:\/\/www.sonoraenequipo.com.mx\/storage\/2019\/01\/sonoraenequipo_opt.png\",\"width\":375,\"height\":125,\"caption\":\"Sonoraenequipo.com.mx\"},\"image\":{\"@id\":\"https:\/\/www.sonoraenequipo.com.mx\/#\/schema\/logo\/image\/\"},\"sameAs\":[\"https:\/\/www.facebook.com\/SonoraEE\/\",\"https:\/\/x.com\/sonoraenequipo\",\"https:\/\/www.youtube.com\/channel\/UC338nW-lPEYmJQs4ZABQ1SQ\"]},{\"@type\":\"Person\",\"@id\":\"https:\/\/www.sonoraenequipo.com.mx\/#\/schema\/person\/50102df0fb23a8fa9e8effad8fa81386\",\"name\":\"enequipo\",\"image\":{\"@type\":\"ImageObject\",\"inLanguage\":\"es\",\"@id\":\"https:\/\/www.sonoraenequipo.com.mx\/#\/schema\/person\/image\/\",\"url\":\"https:\/\/secure.gravatar.com\/avatar\/049821681b589dabc0bc20695993ccebb09f5b5d4d790cd9251b97faac7c652b?s=96&d=blank&r=g\",\"contentUrl\":\"https:\/\/secure.gravatar.com\/avatar\/049821681b589dabc0bc20695993ccebb09f5b5d4d790cd9251b97faac7c652b?s=96&d=blank&r=g\",\"caption\":\"enequipo\"},\"sameAs\":[\"https:\/\/www.facebook.com\/SonoraEE\"]}]}<\/script>\n ","yoast_head_json":{"title":"Sonora en Equipo. Promovemos la especializaci\u00f3n acad\u00e9mica para el desarrollo del Plan Sonora en la juventud sonorense: Alfonso Durazo Sonora","description":"HERMOSILLO, SONORA,MX.\u2500\u2500 \u00a0El eje m\u00e1s importante del Plan Sonora de Energ\u00eda Sostenible es la educaci\u00f3n, por ello, es importante desarrollar nuevos En Sonora en Equipo publicamos toda la informaci\u00f3n de Sonora, M\u00e9xico y el Mundo de manera oportuna y busca que la libertad de expresi\u00f3n sea real. Visita nuestro medio informativo publicado desde Hermosillo, Sonora. %","robots":{"index":"index","follow":"follow","max-snippet":"max-snippet:-1","max-image-preview":"max-image-preview:large","max-video-preview":"max-video-preview:-1"},"canonical":"https:\/\/www.sonoraenequipo.com.mx\/promovemos-la-especializacion-academica-para-el-desarrollo-del-plan-sonora-en-la-juventud-sonorense-alfonso-durazo\/","og_locale":"es_ES","og_type":"article","og_title":"Sonora en Equipo. Promovemos la especializaci\u00f3n acad\u00e9mica para el desarrollo del Plan Sonora en la juventud sonorense: Alfonso Durazo Sonora","og_description":"HERMOSILLO, SONORA,MX.\u2500\u2500 \u00a0El eje m\u00e1s importante del Plan Sonora de Energ\u00eda Sostenible es la educaci\u00f3n, por ello, es importante desarrollar nuevos En Sonora en Equipo publicamos toda la informaci\u00f3n de Sonora, M\u00e9xico y el Mundo de manera oportuna y busca que la libertad de expresi\u00f3n sea real. Visita nuestro medio informativo publicado desde Hermosillo, Sonora. %","og_url":"https:\/\/www.sonoraenequipo.com.mx\/promovemos-la-especializacion-academica-para-el-desarrollo-del-plan-sonora-en-la-juventud-sonorense-alfonso-durazo\/","og_site_name":"Sonora en Equipo.","article_publisher":"https:\/\/www.facebook.com\/SonoraEE\/","article_author":"https:\/\/www.facebook.com\/SonoraEE","article_published_time":"2023-07-18T02:16:24+00:00","og_image":[{"width":600,"height":400,"url":"https:\/\/www.sonoraenequipo.com.mx\/storage\/2023\/03\/planta-pco..jpg","type":"image\/jpeg"}],"author":"enequipo","twitter_card":"summary_large_image","twitter_creator":"@sonoraenequipo","twitter_site":"@sonoraenequipo","twitter_misc":{"Escrito por":"enequipo","Tiempo de lectura":"2 minutos"},"schema":{"@context":"https:\/\/schema.org","@graph":[{"@type":"Article","@id":"https:\/\/www.sonoraenequipo.com.mx\/promovemos-la-especializacion-academica-para-el-desarrollo-del-plan-sonora-en-la-juventud-sonorense-alfonso-durazo\/#article","isPartOf":{"@id":"https:\/\/www.sonoraenequipo.com.mx\/promovemos-la-especializacion-academica-para-el-desarrollo-del-plan-sonora-en-la-juventud-sonorense-alfonso-durazo\/"},"author":{"name":"enequipo","@id":"https:\/\/www.sonoraenequipo.com.mx\/#\/schema\/person\/50102df0fb23a8fa9e8effad8fa81386"},"headline":"Promovemos la especializaci\u00f3n acad\u00e9mica para el desarrollo del Plan Sonora en la juventud sonorense: Alfonso Durazo","datePublished":"2023-07-18T02:16:24+00:00","mainEntityOfPage":{"@id":"https:\/\/www.sonoraenequipo.com.mx\/promovemos-la-especializacion-academica-para-el-desarrollo-del-plan-sonora-en-la-juventud-sonorense-alfonso-durazo\/"},"wordCount":406,"commentCount":0,"publisher":{"@id":"https:\/\/www.sonoraenequipo.com.mx\/#organization"},"image":{"@id":"https:\/\/www.sonoraenequipo.com.mx\/promovemos-la-especializacion-academica-para-el-desarrollo-del-plan-sonora-en-la-juventud-sonorense-alfonso-durazo\/#primaryimage"},"thumbnailUrl":"https:\/\/www.sonoraenequipo.com.mx\/storage\/2023\/03\/planta-pco..jpg","keywords":["Alfonso Durazo","PLAN","Sonora"],"articleSection":["Sonora"],"inLanguage":"es","potentialAction":[{"@type":"CommentAction","name":"Comment","target":["https:\/\/www.sonoraenequipo.com.mx\/promovemos-la-especializacion-academica-para-el-desarrollo-del-plan-sonora-en-la-juventud-sonorense-alfonso-durazo\/#respond"]}]},{"@type":"WebPage","@id":"https:\/\/www.sonoraenequipo.com.mx\/promovemos-la-especializacion-academica-para-el-desarrollo-del-plan-sonora-en-la-juventud-sonorense-alfonso-durazo\/","url":"https:\/\/www.sonoraenequipo.com.mx\/promovemos-la-especializacion-academica-para-el-desarrollo-del-plan-sonora-en-la-juventud-sonorense-alfonso-durazo\/","name":"Sonora en Equipo. Promovemos la especializaci\u00f3n acad\u00e9mica para el desarrollo del Plan Sonora en la juventud sonorense: Alfonso Durazo Sonora","isPartOf":{"@id":"https:\/\/www.sonoraenequipo.com.mx\/#website"},"primaryImageOfPage":{"@id":"https:\/\/www.sonoraenequipo.com.mx\/promovemos-la-especializacion-academica-para-el-desarrollo-del-plan-sonora-en-la-juventud-sonorense-alfonso-durazo\/#primaryimage"},"image":{"@id":"https:\/\/www.sonoraenequipo.com.mx\/promovemos-la-especializacion-academica-para-el-desarrollo-del-plan-sonora-en-la-juventud-sonorense-alfonso-durazo\/#primaryimage"},"thumbnailUrl":"https:\/\/www.sonoraenequipo.com.mx\/storage\/2023\/03\/planta-pco..jpg","datePublished":"2023-07-18T02:16:24+00:00","description":"HERMOSILLO, SONORA,MX.\u2500\u2500 \u00a0El eje m\u00e1s importante del Plan Sonora de Energ\u00eda Sostenible es la educaci\u00f3n, por ello, es importante desarrollar nuevos En Sonora en Equipo publicamos toda la informaci\u00f3n de Sonora, M\u00e9xico y el Mundo de manera oportuna y busca que la libertad de expresi\u00f3n sea real. Visita nuestro medio informativo publicado desde Hermosillo, Sonora. %","breadcrumb":{"@id":"https:\/\/www.sonoraenequipo.com.mx\/promovemos-la-especializacion-academica-para-el-desarrollo-del-plan-sonora-en-la-juventud-sonorense-alfonso-durazo\/#breadcrumb"},"inLanguage":"es","potentialAction":[{"@type":"ReadAction","target":["https:\/\/www.sonoraenequipo.com.mx\/promovemos-la-especializacion-academica-para-el-desarrollo-del-plan-sonora-en-la-juventud-sonorense-alfonso-durazo\/"]}]},{"@type":"ImageObject","inLanguage":"es","@id":"https:\/\/www.sonoraenequipo.com.mx\/promovemos-la-especializacion-academica-para-el-desarrollo-del-plan-sonora-en-la-juventud-sonorense-alfonso-durazo\/#primaryimage","url":"https:\/\/www.sonoraenequipo.com.mx\/storage\/2023\/03\/planta-pco..jpg","contentUrl":"https:\/\/www.sonoraenequipo.com.mx\/storage\/2023\/03\/planta-pco..jpg","width":600,"height":400},{"@type":"BreadcrumbList","@id":"https:\/\/www.sonoraenequipo.com.mx\/promovemos-la-especializacion-academica-para-el-desarrollo-del-plan-sonora-en-la-juventud-sonorense-alfonso-durazo\/#breadcrumb","itemListElement":[{"@type":"ListItem","position":1,"name":"Portada","item":"https:\/\/www.sonoraenequipo.com.mx\/"},{"@type":"ListItem","position":2,"name":"Promovemos la especializaci\u00f3n acad\u00e9mica para el desarrollo del Plan Sonora en la juventud sonorense: Alfonso Durazo"}]},{"@type":"WebSite","@id":"https:\/\/www.sonoraenequipo.com.mx\/#website","url":"https:\/\/www.sonoraenequipo.com.mx\/","name":"Sonora en Equipo.","description":"Diario en l\u00ednea con Noticias desde Hermosillo, Sonora","publisher":{"@id":"https:\/\/www.sonoraenequipo.com.mx\/#organization"},"potentialAction":[{"@type":"SearchAction","target":{"@type":"EntryPoint","urlTemplate":"https:\/\/www.sonoraenequipo.com.mx\/?s={search_term_string}"},"query-input":{"@type":"PropertyValueSpecification","valueRequired":true,"valueName":"search_term_string"}}],"inLanguage":"es"},{"@type":"Organization","@id":"https:\/\/www.sonoraenequipo.com.mx\/#organization","name":"Sonoraenequipo.com.mx","url":"https:\/\/www.sonoraenequipo.com.mx\/","logo":{"@type":"ImageObject","inLanguage":"es","@id":"https:\/\/www.sonoraenequipo.com.mx\/#\/schema\/logo\/image\/","url":"https:\/\/www.sonoraenequipo.com.mx\/storage\/2019\/01\/sonoraenequipo_opt.png","contentUrl":"https:\/\/www.sonoraenequipo.com.mx\/storage\/2019\/01\/sonoraenequipo_opt.png","width":375,"height":125,"caption":"Sonoraenequipo.com.mx"},"image":{"@id":"https:\/\/www.sonoraenequipo.com.mx\/#\/schema\/logo\/image\/"},"sameAs":["https:\/\/www.facebook.com\/SonoraEE\/","https:\/\/x.com\/sonoraenequipo","https:\/\/www.youtube.com\/channel\/UC338nW-lPEYmJQs4ZABQ1SQ"]},{"@type":"Person","@id":"https:\/\/www.sonoraenequipo.com.mx\/#\/schema\/person\/50102df0fb23a8fa9e8effad8fa81386","name":"enequipo","image":{"@type":"ImageObject","inLanguage":"es","@id":"https:\/\/www.sonoraenequipo.com.mx\/#\/schema\/person\/image\/","url":"https:\/\/secure.gravatar.com\/avatar\/049821681b589dabc0bc20695993ccebb09f5b5d4d790cd9251b97faac7c652b?s=96&d=blank&r=g","contentUrl":"https:\/\/secure.gravatar.com\/avatar\/049821681b589dabc0bc20695993ccebb09f5b5d4d790cd9251b97faac7c652b?s=96&d=blank&r=g","caption":"enequipo"},"sameAs":["https:\/\/www.facebook.com\/SonoraEE"]}]}},"jetpack_featured_media_url":"https:\/\/www.sonoraenequipo.com.mx\/storage\/2023\/03\/planta-pco..jpg","_links":{"self":[{"href":"https:\/\/www.sonoraenequipo.com.mx\/api\/wp\/v2\/posts\/170506","targetHints":{"allow":["GET"]}}],"collection":[{"href":"https:\/\/www.sonoraenequipo.com.mx\/api\/wp\/v2\/posts"}],"about":[{"href":"https:\/\/www.sonoraenequipo.com.mx\/api\/wp\/v2\/types\/post"}],"author":[{"embeddable":true,"href":"https:\/\/www.sonoraenequipo.com.mx\/api\/wp\/v2\/users\/1"}],"replies":[{"embeddable":true,"href":"https:\/\/www.sonoraenequipo.com.mx\/api\/wp\/v2\/comments?post=170506"}],"version-history":[{"count":1,"href":"https:\/\/www.sonoraenequipo.com.mx\/api\/wp\/v2\/posts\/170506\/revisions"}],"predecessor-version":[{"id":170507,"href":"https:\/\/www.sonoraenequipo.com.mx\/api\/wp\/v2\/posts\/170506\/revisions\/170507"}],"wp:featuredmedia":[{"embeddable":true,"href":"https:\/\/www.sonoraenequipo.com.mx\/api\/wp\/v2\/media\/160668"}],"wp:attachment":[{"href":"https:\/\/www.sonoraenequipo.com.mx\/api\/wp\/v2\/media?parent=170506"}],"wp:term":[{"taxonomy":"category","embeddable":true,"href":"https:\/\/www.sonoraenequipo.com.mx\/api\/wp\/v2\/categories?post=170506"},{"taxonomy":"post_tag","embeddable":true,"href":"https:\/\/www.sonoraenequipo.com.mx\/api\/wp\/v2\/tags?post=170506"}],"curies":[{"name":"wp","href":"https:\/\/api.w.org\/{rel}","templated":true}]}}