{"id":170527,"date":"2023-07-17T17:52:15","date_gmt":"2023-07-18T00:52:15","guid":{"rendered":"https:\/\/www.sonoraenequipo.com.mx\/?p=170527"},"modified":"2023-07-17T22:33:51","modified_gmt":"2023-07-18T05:33:51","slug":"sonora-mostrara-su-riqueza-cultural-artistica-y-gastronomica-en-el-festival-internacional-cervantino-2023-alfonso-durazo","status":"publish","type":"post","link":"https:\/\/www.sonoraenequipo.com.mx\/sonora-mostrara-su-riqueza-cultural-artistica-y-gastronomica-en-el-festival-internacional-cervantino-2023-alfonso-durazo\/","title":{"rendered":"Sonora mostrar\u00e1 su riqueza cultural, art\u00edstica y gastron\u00f3mica en el Festival Internacional Cervantino 2023: Alfonso Durazo"},"content":{"rendered":"<p><strong>HERMOSILLO, SONORA. MX. \u2014 <\/strong>El talento art\u00edstico, la esencia gastron\u00f3mica y la riqueza cultural de sus pueblos originarios, har\u00e1n lucir a Sonora como invitado de honor en la 51 edici\u00f3n del Festival Internacional Cervantino, a llevarse a cabo del 13 al 29 de octubre en Guanajuato, en el que, por primera vez, la entidad tendr\u00e1 presencia, resalt\u00f3 el gobernador Alfonso Durazo Monta\u00f1o.<\/p>\n<p>&nbsp;<\/p>\n<p> <\/p>\n<p>&nbsp;<\/p>\n<p>El mandatario sonorense dijo que, con un elenco de m\u00e1s de 550 artistas locales de danza, teatro, m\u00fasica y literatura, el estado se distinguir\u00e1 en el evento cultural m\u00e1s importante a nivel internacional y agradeci\u00f3 a los integrantes de los grupos art\u00edsticos que participar\u00e1n en el FIC.<\/p>\n<p>&nbsp;<\/p>\n<p>&nbsp;<\/p>\n<p><strong><em><img loading=\"lazy\" decoding=\"async\" class=\"size-medium  x-right\" src=\"https:\/\/www.sonoraenequipo.com.mx\/storage\/2023\/07\/Sonora-y-Festival-Internacional-Cervantino-2023.2...-min-549x365.jpg\" alt=\"\" width=\"549\" height=\"365\" \/>\u201cParticularmente a cada uno, a cada una de ustedes, que llevar\u00e1n la sensibilidad sonorense, que llevar\u00e1n la expresi\u00f3n de nuestra cultura y que tienen el talento para hacer brillar la expresi\u00f3n art\u00edstica de nuestro estado. Ya lo han dicho, pero lo voy a repetir: porque el Festival Cervantino es la clara expresi\u00f3n cultural de nuestro pa\u00eds y aqu\u00ed lo han acotado como un espacio cultural de la mayor trascendencia a nivel latinoamericano\u201d<\/em><\/strong>, expres\u00f3.<\/p>\n<p>&nbsp;<\/p>\n<p>&nbsp;<\/p>\n<p>Ser\u00e1n en total 120 eventos, 23 conciertos de m\u00fasica popular, cinco conciertos de m\u00fasica cl\u00e1sica, 31 presentaciones de artes esc\u00e9nicas, un espect\u00e1culo de calle, tres exposiciones de arte visual, siete largometrajes hechos en Sonora, 17 largometrajes dirigidos por sonorenses, seis presentaciones de libros, dos conversatorios y exposiciones de artesan\u00edas en la casa de Sonora.<\/p>\n<p>&nbsp;<\/p>\n<p>&nbsp;<\/p>\n<p>Beatriz Aldaco Encinas, directora del Instituto Sonorense de Cultura (ISC), mencion\u00f3 que parte del elenco sonorense que formar\u00e1 parte de la gala en el Cervantino, est\u00e1 el tenor Arturo Chac\u00f3n; las soprano Mar\u00eda Liyl y Elena Rivera; el pianista Jorge Robaina y el cantante Emmanuel Sab\u00e1s con la Orquesta Filarm\u00f3nica de Sonora; as\u00ed como bandas locales de g\u00e9nero regional popular y rock Nunca Jam\u00e1s, Caloncho, La Coyota, Los Apson, Margaritas Podridas, entre otros; tambi\u00e9n habr\u00e1 danza contempor\u00e1nea, obras de la Compa\u00f1\u00eda Teatral del Norte, presentaci\u00f3n de obras literarias; adem\u00e1s de m\u00fasica, tradici\u00f3n y gastronom\u00eda de los pueblos originarios.<\/p>\n<p>&nbsp;<\/p>\n<p>&nbsp;<\/p>\n<p>&nbsp;<\/p>\n<p>PUBLICADO EL 17 DE JULIO DE 2023\/Con informaci\u00f3n de GOBSON 0723-108)<\/p>\n","protected":false},"excerpt":{"rendered":"<p>HERMOSILLO, SONORA. MX. \u2014 El talento art\u00edstico, la esencia gastron\u00f3mica y la riqueza cultural de&#8230;<\/p>\n","protected":false},"author":1,"featured_media":170532,"comment_status":"open","ping_status":"open","sticky":false,"template":"","format":"standard","meta":{"_monsterinsights_skip_tracking":false,"_monsterinsights_sitenote_active":false,"_monsterinsights_sitenote_note":"","_monsterinsights_sitenote_category":0,"footnotes":""},"categories":[22],"tags":[],"class_list":["post"],"yoast_head":" \n<title>Sonora en Equipo. Sonora mostrar\u00e1 su riqueza cultural, art\u00edstica y gastron\u00f3mica en el Festival Internacional Cervantino 2023: Alfonso Durazo Sonora<\/title>\n<meta name=\"description\" content=\"HERMOSILLO, SONORA. MX. \u2014 El talento art\u00edstico, la esencia gastron\u00f3mica y la riqueza cultural de sus pueblos originarios, har\u00e1n lucir a Sonora como En Sonora en Equipo publicamos toda la informaci\u00f3n de Sonora, M\u00e9xico y el Mundo de manera oportuna y busca que la libertad de expresi\u00f3n sea real. Visita nuestro medio informativo publicado desde Hermosillo, Sonora. %\" \/>\n<meta name=\"robots\" content=\"index, follow, max-snippet:-1, max-image-preview:large, max-video-preview:-1\" \/>\n<link rel=\"canonical\" href=\"https:\/\/www.sonoraenequipo.com.mx\/sonora-mostrara-su-riqueza-cultural-artistica-y-gastronomica-en-el-festival-internacional-cervantino-2023-alfonso-durazo\/\" \/>\n<meta property=\"og:locale\" content=\"es_ES\" \/>\n<meta property=\"og:type\" content=\"article\" \/>\n<meta property=\"og:title\" content=\"Sonora en Equipo. Sonora mostrar\u00e1 su riqueza cultural, art\u00edstica y gastron\u00f3mica en el Festival Internacional Cervantino 2023: Alfonso Durazo Sonora\" \/>\n<meta property=\"og:description\" content=\"HERMOSILLO, SONORA. MX. \u2014 El talento art\u00edstico, la esencia gastron\u00f3mica y la riqueza cultural de sus pueblos originarios, har\u00e1n lucir a Sonora como En Sonora en Equipo publicamos toda la informaci\u00f3n de Sonora, M\u00e9xico y el Mundo de manera oportuna y busca que la libertad de expresi\u00f3n sea real. Visita nuestro medio informativo publicado desde Hermosillo, Sonora. %\" \/>\n<meta property=\"og:url\" content=\"https:\/\/www.sonoraenequipo.com.mx\/sonora-mostrara-su-riqueza-cultural-artistica-y-gastronomica-en-el-festival-internacional-cervantino-2023-alfonso-durazo\/\" \/>\n<meta property=\"og:site_name\" content=\"Sonora en Equipo.\" \/>\n<meta property=\"article:publisher\" content=\"https:\/\/www.facebook.com\/SonoraEE\/\" \/>\n<meta property=\"article:author\" content=\"https:\/\/www.facebook.com\/SonoraEE\" \/>\n<meta property=\"article:published_time\" content=\"2023-07-18T00:52:15+00:00\" \/>\n<meta property=\"article:modified_time\" content=\"2023-07-18T05:33:51+00:00\" \/>\n<meta property=\"og:image\" content=\"https:\/\/www.sonoraenequipo.com.mx\/storage\/2023\/07\/Sonora-en-el-Festival-Internacional-Cervantino-2023-min.jpg\" \/>\n\t<meta property=\"og:image:width\" content=\"900\" \/>\n\t<meta property=\"og:image:height\" content=\"598\" \/>\n\t<meta property=\"og:image:type\" content=\"image\/jpeg\" \/>\n<meta name=\"author\" content=\"enequipo\" \/>\n<meta name=\"twitter:card\" content=\"summary_large_image\" \/>\n<meta name=\"twitter:creator\" content=\"@sonoraenequipo\" \/>\n<meta name=\"twitter:site\" content=\"@sonoraenequipo\" \/>\n<meta name=\"twitter:label1\" content=\"Escrito por\" \/>\n\t<meta name=\"twitter:data1\" content=\"enequipo\" \/>\n\t<meta name=\"twitter:label2\" content=\"Tiempo de lectura\" \/>\n\t<meta name=\"twitter:data2\" content=\"2 minutos\" \/>\n<script type=\"application\/ld+json\" class=\"yoast-schema-graph\">{\"@context\":\"https:\/\/schema.org\",\"@graph\":[{\"@type\":\"Article\",\"@id\":\"https:\/\/www.sonoraenequipo.com.mx\/sonora-mostrara-su-riqueza-cultural-artistica-y-gastronomica-en-el-festival-internacional-cervantino-2023-alfonso-durazo\/#article\",\"isPartOf\":{\"@id\":\"https:\/\/www.sonoraenequipo.com.mx\/sonora-mostrara-su-riqueza-cultural-artistica-y-gastronomica-en-el-festival-internacional-cervantino-2023-alfonso-durazo\/\"},\"author\":{\"name\":\"enequipo\",\"@id\":\"https:\/\/www.sonoraenequipo.com.mx\/#\/schema\/person\/50102df0fb23a8fa9e8effad8fa81386\"},\"headline\":\"Sonora mostrar\u00e1 su riqueza cultural, art\u00edstica y gastron\u00f3mica en el Festival Internacional Cervantino 2023: Alfonso Durazo\",\"datePublished\":\"2023-07-18T00:52:15+00:00\",\"dateModified\":\"2023-07-18T05:33:51+00:00\",\"mainEntityOfPage\":{\"@id\":\"https:\/\/www.sonoraenequipo.com.mx\/sonora-mostrara-su-riqueza-cultural-artistica-y-gastronomica-en-el-festival-internacional-cervantino-2023-alfonso-durazo\/\"},\"wordCount\":402,\"commentCount\":0,\"publisher\":{\"@id\":\"https:\/\/www.sonoraenequipo.com.mx\/#organization\"},\"image\":{\"@id\":\"https:\/\/www.sonoraenequipo.com.mx\/sonora-mostrara-su-riqueza-cultural-artistica-y-gastronomica-en-el-festival-internacional-cervantino-2023-alfonso-durazo\/#primaryimage\"},\"thumbnailUrl\":\"https:\/\/www.sonoraenequipo.com.mx\/storage\/2023\/07\/Sonora-en-el-Festival-Internacional-Cervantino-2023-min.jpg\",\"articleSection\":[\"Sonora\"],\"inLanguage\":\"es\",\"potentialAction\":[{\"@type\":\"CommentAction\",\"name\":\"Comment\",\"target\":[\"https:\/\/www.sonoraenequipo.com.mx\/sonora-mostrara-su-riqueza-cultural-artistica-y-gastronomica-en-el-festival-internacional-cervantino-2023-alfonso-durazo\/#respond\"]}]},{\"@type\":\"WebPage\",\"@id\":\"https:\/\/www.sonoraenequipo.com.mx\/sonora-mostrara-su-riqueza-cultural-artistica-y-gastronomica-en-el-festival-internacional-cervantino-2023-alfonso-durazo\/\",\"url\":\"https:\/\/www.sonoraenequipo.com.mx\/sonora-mostrara-su-riqueza-cultural-artistica-y-gastronomica-en-el-festival-internacional-cervantino-2023-alfonso-durazo\/\",\"name\":\"Sonora en Equipo. Sonora mostrar\u00e1 su riqueza cultural, art\u00edstica y gastron\u00f3mica en el Festival Internacional Cervantino 2023: Alfonso Durazo Sonora\",\"isPartOf\":{\"@id\":\"https:\/\/www.sonoraenequipo.com.mx\/#website\"},\"primaryImageOfPage\":{\"@id\":\"https:\/\/www.sonoraenequipo.com.mx\/sonora-mostrara-su-riqueza-cultural-artistica-y-gastronomica-en-el-festival-internacional-cervantino-2023-alfonso-durazo\/#primaryimage\"},\"image\":{\"@id\":\"https:\/\/www.sonoraenequipo.com.mx\/sonora-mostrara-su-riqueza-cultural-artistica-y-gastronomica-en-el-festival-internacional-cervantino-2023-alfonso-durazo\/#primaryimage\"},\"thumbnailUrl\":\"https:\/\/www.sonoraenequipo.com.mx\/storage\/2023\/07\/Sonora-en-el-Festival-Internacional-Cervantino-2023-min.jpg\",\"datePublished\":\"2023-07-18T00:52:15+00:00\",\"dateModified\":\"2023-07-18T05:33:51+00:00\",\"description\":\"HERMOSILLO, SONORA. MX. \u2014 El talento art\u00edstico, la esencia gastron\u00f3mica y la riqueza cultural de sus pueblos originarios, har\u00e1n lucir a Sonora como En Sonora en Equipo publicamos toda la informaci\u00f3n de Sonora, M\u00e9xico y el Mundo de manera oportuna y busca que la libertad de expresi\u00f3n sea real. Visita nuestro medio informativo publicado desde Hermosillo, Sonora. %\",\"breadcrumb\":{\"@id\":\"https:\/\/www.sonoraenequipo.com.mx\/sonora-mostrara-su-riqueza-cultural-artistica-y-gastronomica-en-el-festival-internacional-cervantino-2023-alfonso-durazo\/#breadcrumb\"},\"inLanguage\":\"es\",\"potentialAction\":[{\"@type\":\"ReadAction\",\"target\":[\"https:\/\/www.sonoraenequipo.com.mx\/sonora-mostrara-su-riqueza-cultural-artistica-y-gastronomica-en-el-festival-internacional-cervantino-2023-alfonso-durazo\/\"]}]},{\"@type\":\"ImageObject\",\"inLanguage\":\"es\",\"@id\":\"https:\/\/www.sonoraenequipo.com.mx\/sonora-mostrara-su-riqueza-cultural-artistica-y-gastronomica-en-el-festival-internacional-cervantino-2023-alfonso-durazo\/#primaryimage\",\"url\":\"https:\/\/www.sonoraenequipo.com.mx\/storage\/2023\/07\/Sonora-en-el-Festival-Internacional-Cervantino-2023-min.jpg\",\"contentUrl\":\"https:\/\/www.sonoraenequipo.com.mx\/storage\/2023\/07\/Sonora-en-el-Festival-Internacional-Cervantino-2023-min.jpg\",\"width\":900,\"height\":598},{\"@type\":\"BreadcrumbList\",\"@id\":\"https:\/\/www.sonoraenequipo.com.mx\/sonora-mostrara-su-riqueza-cultural-artistica-y-gastronomica-en-el-festival-internacional-cervantino-2023-alfonso-durazo\/#breadcrumb\",\"itemListElement\":[{\"@type\":\"ListItem\",\"position\":1,\"name\":\"Portada\",\"item\":\"https:\/\/www.sonoraenequipo.com.mx\/\"},{\"@type\":\"ListItem\",\"position\":2,\"name\":\"Sonora mostrar\u00e1 su riqueza cultural, art\u00edstica y gastron\u00f3mica en el Festival Internacional Cervantino 2023: Alfonso Durazo\"}]},{\"@type\":\"WebSite\",\"@id\":\"https:\/\/www.sonoraenequipo.com.mx\/#website\",\"url\":\"https:\/\/www.sonoraenequipo.com.mx\/\",\"name\":\"Sonora en Equipo.\",\"description\":\"Diario en l\u00ednea con Noticias desde Hermosillo, Sonora\",\"publisher\":{\"@id\":\"https:\/\/www.sonoraenequipo.com.mx\/#organization\"},\"potentialAction\":[{\"@type\":\"SearchAction\",\"target\":{\"@type\":\"EntryPoint\",\"urlTemplate\":\"https:\/\/www.sonoraenequipo.com.mx\/?s={search_term_string}\"},\"query-input\":{\"@type\":\"PropertyValueSpecification\",\"valueRequired\":true,\"valueName\":\"search_term_string\"}}],\"inLanguage\":\"es\"},{\"@type\":\"Organization\",\"@id\":\"https:\/\/www.sonoraenequipo.com.mx\/#organization\",\"name\":\"Sonoraenequipo.com.mx\",\"url\":\"https:\/\/www.sonoraenequipo.com.mx\/\",\"logo\":{\"@type\":\"ImageObject\",\"inLanguage\":\"es\",\"@id\":\"https:\/\/www.sonoraenequipo.com.mx\/#\/schema\/logo\/image\/\",\"url\":\"https:\/\/www.sonoraenequipo.com.mx\/storage\/2019\/01\/sonoraenequipo_opt.png\",\"contentUrl\":\"https:\/\/www.sonoraenequipo.com.mx\/storage\/2019\/01\/sonoraenequipo_opt.png\",\"width\":375,\"height\":125,\"caption\":\"Sonoraenequipo.com.mx\"},\"image\":{\"@id\":\"https:\/\/www.sonoraenequipo.com.mx\/#\/schema\/logo\/image\/\"},\"sameAs\":[\"https:\/\/www.facebook.com\/SonoraEE\/\",\"https:\/\/x.com\/sonoraenequipo\",\"https:\/\/www.youtube.com\/channel\/UC338nW-lPEYmJQs4ZABQ1SQ\"]},{\"@type\":\"Person\",\"@id\":\"https:\/\/www.sonoraenequipo.com.mx\/#\/schema\/person\/50102df0fb23a8fa9e8effad8fa81386\",\"name\":\"enequipo\",\"image\":{\"@type\":\"ImageObject\",\"inLanguage\":\"es\",\"@id\":\"https:\/\/www.sonoraenequipo.com.mx\/#\/schema\/person\/image\/\",\"url\":\"https:\/\/secure.gravatar.com\/avatar\/049821681b589dabc0bc20695993ccebb09f5b5d4d790cd9251b97faac7c652b?s=96&d=blank&r=g\",\"contentUrl\":\"https:\/\/secure.gravatar.com\/avatar\/049821681b589dabc0bc20695993ccebb09f5b5d4d790cd9251b97faac7c652b?s=96&d=blank&r=g\",\"caption\":\"enequipo\"},\"sameAs\":[\"https:\/\/www.facebook.com\/SonoraEE\"]}]}<\/script>\n ","yoast_head_json":{"title":"Sonora en Equipo. Sonora mostrar\u00e1 su riqueza cultural, art\u00edstica y gastron\u00f3mica en el Festival Internacional Cervantino 2023: Alfonso Durazo Sonora","description":"HERMOSILLO, SONORA. MX. \u2014 El talento art\u00edstico, la esencia gastron\u00f3mica y la riqueza cultural de sus pueblos originarios, har\u00e1n lucir a Sonora como En Sonora en Equipo publicamos toda la informaci\u00f3n de Sonora, M\u00e9xico y el Mundo de manera oportuna y busca que la libertad de expresi\u00f3n sea real. Visita nuestro medio informativo publicado desde Hermosillo, Sonora. %","robots":{"index":"index","follow":"follow","max-snippet":"max-snippet:-1","max-image-preview":"max-image-preview:large","max-video-preview":"max-video-preview:-1"},"canonical":"https:\/\/www.sonoraenequipo.com.mx\/sonora-mostrara-su-riqueza-cultural-artistica-y-gastronomica-en-el-festival-internacional-cervantino-2023-alfonso-durazo\/","og_locale":"es_ES","og_type":"article","og_title":"Sonora en Equipo. Sonora mostrar\u00e1 su riqueza cultural, art\u00edstica y gastron\u00f3mica en el Festival Internacional Cervantino 2023: Alfonso Durazo Sonora","og_description":"HERMOSILLO, SONORA. MX. \u2014 El talento art\u00edstico, la esencia gastron\u00f3mica y la riqueza cultural de sus pueblos originarios, har\u00e1n lucir a Sonora como En Sonora en Equipo publicamos toda la informaci\u00f3n de Sonora, M\u00e9xico y el Mundo de manera oportuna y busca que la libertad de expresi\u00f3n sea real. Visita nuestro medio informativo publicado desde Hermosillo, Sonora. %","og_url":"https:\/\/www.sonoraenequipo.com.mx\/sonora-mostrara-su-riqueza-cultural-artistica-y-gastronomica-en-el-festival-internacional-cervantino-2023-alfonso-durazo\/","og_site_name":"Sonora en Equipo.","article_publisher":"https:\/\/www.facebook.com\/SonoraEE\/","article_author":"https:\/\/www.facebook.com\/SonoraEE","article_published_time":"2023-07-18T00:52:15+00:00","article_modified_time":"2023-07-18T05:33:51+00:00","og_image":[{"width":900,"height":598,"url":"https:\/\/www.sonoraenequipo.com.mx\/storage\/2023\/07\/Sonora-en-el-Festival-Internacional-Cervantino-2023-min.jpg","type":"image\/jpeg"}],"author":"enequipo","twitter_card":"summary_large_image","twitter_creator":"@sonoraenequipo","twitter_site":"@sonoraenequipo","twitter_misc":{"Escrito por":"enequipo","Tiempo de lectura":"2 minutos"},"schema":{"@context":"https:\/\/schema.org","@graph":[{"@type":"Article","@id":"https:\/\/www.sonoraenequipo.com.mx\/sonora-mostrara-su-riqueza-cultural-artistica-y-gastronomica-en-el-festival-internacional-cervantino-2023-alfonso-durazo\/#article","isPartOf":{"@id":"https:\/\/www.sonoraenequipo.com.mx\/sonora-mostrara-su-riqueza-cultural-artistica-y-gastronomica-en-el-festival-internacional-cervantino-2023-alfonso-durazo\/"},"author":{"name":"enequipo","@id":"https:\/\/www.sonoraenequipo.com.mx\/#\/schema\/person\/50102df0fb23a8fa9e8effad8fa81386"},"headline":"Sonora mostrar\u00e1 su riqueza cultural, art\u00edstica y gastron\u00f3mica en el Festival Internacional Cervantino 2023: Alfonso Durazo","datePublished":"2023-07-18T00:52:15+00:00","dateModified":"2023-07-18T05:33:51+00:00","mainEntityOfPage":{"@id":"https:\/\/www.sonoraenequipo.com.mx\/sonora-mostrara-su-riqueza-cultural-artistica-y-gastronomica-en-el-festival-internacional-cervantino-2023-alfonso-durazo\/"},"wordCount":402,"commentCount":0,"publisher":{"@id":"https:\/\/www.sonoraenequipo.com.mx\/#organization"},"image":{"@id":"https:\/\/www.sonoraenequipo.com.mx\/sonora-mostrara-su-riqueza-cultural-artistica-y-gastronomica-en-el-festival-internacional-cervantino-2023-alfonso-durazo\/#primaryimage"},"thumbnailUrl":"https:\/\/www.sonoraenequipo.com.mx\/storage\/2023\/07\/Sonora-en-el-Festival-Internacional-Cervantino-2023-min.jpg","articleSection":["Sonora"],"inLanguage":"es","potentialAction":[{"@type":"CommentAction","name":"Comment","target":["https:\/\/www.sonoraenequipo.com.mx\/sonora-mostrara-su-riqueza-cultural-artistica-y-gastronomica-en-el-festival-internacional-cervantino-2023-alfonso-durazo\/#respond"]}]},{"@type":"WebPage","@id":"https:\/\/www.sonoraenequipo.com.mx\/sonora-mostrara-su-riqueza-cultural-artistica-y-gastronomica-en-el-festival-internacional-cervantino-2023-alfonso-durazo\/","url":"https:\/\/www.sonoraenequipo.com.mx\/sonora-mostrara-su-riqueza-cultural-artistica-y-gastronomica-en-el-festival-internacional-cervantino-2023-alfonso-durazo\/","name":"Sonora en Equipo. Sonora mostrar\u00e1 su riqueza cultural, art\u00edstica y gastron\u00f3mica en el Festival Internacional Cervantino 2023: Alfonso Durazo Sonora","isPartOf":{"@id":"https:\/\/www.sonoraenequipo.com.mx\/#website"},"primaryImageOfPage":{"@id":"https:\/\/www.sonoraenequipo.com.mx\/sonora-mostrara-su-riqueza-cultural-artistica-y-gastronomica-en-el-festival-internacional-cervantino-2023-alfonso-durazo\/#primaryimage"},"image":{"@id":"https:\/\/www.sonoraenequipo.com.mx\/sonora-mostrara-su-riqueza-cultural-artistica-y-gastronomica-en-el-festival-internacional-cervantino-2023-alfonso-durazo\/#primaryimage"},"thumbnailUrl":"https:\/\/www.sonoraenequipo.com.mx\/storage\/2023\/07\/Sonora-en-el-Festival-Internacional-Cervantino-2023-min.jpg","datePublished":"2023-07-18T00:52:15+00:00","dateModified":"2023-07-18T05:33:51+00:00","description":"HERMOSILLO, SONORA. MX. \u2014 El talento art\u00edstico, la esencia gastron\u00f3mica y la riqueza cultural de sus pueblos originarios, har\u00e1n lucir a Sonora como En Sonora en Equipo publicamos toda la informaci\u00f3n de Sonora, M\u00e9xico y el Mundo de manera oportuna y busca que la libertad de expresi\u00f3n sea real. Visita nuestro medio informativo publicado desde Hermosillo, Sonora. %","breadcrumb":{"@id":"https:\/\/www.sonoraenequipo.com.mx\/sonora-mostrara-su-riqueza-cultural-artistica-y-gastronomica-en-el-festival-internacional-cervantino-2023-alfonso-durazo\/#breadcrumb"},"inLanguage":"es","potentialAction":[{"@type":"ReadAction","target":["https:\/\/www.sonoraenequipo.com.mx\/sonora-mostrara-su-riqueza-cultural-artistica-y-gastronomica-en-el-festival-internacional-cervantino-2023-alfonso-durazo\/"]}]},{"@type":"ImageObject","inLanguage":"es","@id":"https:\/\/www.sonoraenequipo.com.mx\/sonora-mostrara-su-riqueza-cultural-artistica-y-gastronomica-en-el-festival-internacional-cervantino-2023-alfonso-durazo\/#primaryimage","url":"https:\/\/www.sonoraenequipo.com.mx\/storage\/2023\/07\/Sonora-en-el-Festival-Internacional-Cervantino-2023-min.jpg","contentUrl":"https:\/\/www.sonoraenequipo.com.mx\/storage\/2023\/07\/Sonora-en-el-Festival-Internacional-Cervantino-2023-min.jpg","width":900,"height":598},{"@type":"BreadcrumbList","@id":"https:\/\/www.sonoraenequipo.com.mx\/sonora-mostrara-su-riqueza-cultural-artistica-y-gastronomica-en-el-festival-internacional-cervantino-2023-alfonso-durazo\/#breadcrumb","itemListElement":[{"@type":"ListItem","position":1,"name":"Portada","item":"https:\/\/www.sonoraenequipo.com.mx\/"},{"@type":"ListItem","position":2,"name":"Sonora mostrar\u00e1 su riqueza cultural, art\u00edstica y gastron\u00f3mica en el Festival Internacional Cervantino 2023: Alfonso Durazo"}]},{"@type":"WebSite","@id":"https:\/\/www.sonoraenequipo.com.mx\/#website","url":"https:\/\/www.sonoraenequipo.com.mx\/","name":"Sonora en Equipo.","description":"Diario en l\u00ednea con Noticias desde Hermosillo, Sonora","publisher":{"@id":"https:\/\/www.sonoraenequipo.com.mx\/#organization"},"potentialAction":[{"@type":"SearchAction","target":{"@type":"EntryPoint","urlTemplate":"https:\/\/www.sonoraenequipo.com.mx\/?s={search_term_string}"},"query-input":{"@type":"PropertyValueSpecification","valueRequired":true,"valueName":"search_term_string"}}],"inLanguage":"es"},{"@type":"Organization","@id":"https:\/\/www.sonoraenequipo.com.mx\/#organization","name":"Sonoraenequipo.com.mx","url":"https:\/\/www.sonoraenequipo.com.mx\/","logo":{"@type":"ImageObject","inLanguage":"es","@id":"https:\/\/www.sonoraenequipo.com.mx\/#\/schema\/logo\/image\/","url":"https:\/\/www.sonoraenequipo.com.mx\/storage\/2019\/01\/sonoraenequipo_opt.png","contentUrl":"https:\/\/www.sonoraenequipo.com.mx\/storage\/2019\/01\/sonoraenequipo_opt.png","width":375,"height":125,"caption":"Sonoraenequipo.com.mx"},"image":{"@id":"https:\/\/www.sonoraenequipo.com.mx\/#\/schema\/logo\/image\/"},"sameAs":["https:\/\/www.facebook.com\/SonoraEE\/","https:\/\/x.com\/sonoraenequipo","https:\/\/www.youtube.com\/channel\/UC338nW-lPEYmJQs4ZABQ1SQ"]},{"@type":"Person","@id":"https:\/\/www.sonoraenequipo.com.mx\/#\/schema\/person\/50102df0fb23a8fa9e8effad8fa81386","name":"enequipo","image":{"@type":"ImageObject","inLanguage":"es","@id":"https:\/\/www.sonoraenequipo.com.mx\/#\/schema\/person\/image\/","url":"https:\/\/secure.gravatar.com\/avatar\/049821681b589dabc0bc20695993ccebb09f5b5d4d790cd9251b97faac7c652b?s=96&d=blank&r=g","contentUrl":"https:\/\/secure.gravatar.com\/avatar\/049821681b589dabc0bc20695993ccebb09f5b5d4d790cd9251b97faac7c652b?s=96&d=blank&r=g","caption":"enequipo"},"sameAs":["https:\/\/www.facebook.com\/SonoraEE"]}]}},"jetpack_featured_media_url":"https:\/\/www.sonoraenequipo.com.mx\/storage\/2023\/07\/Sonora-en-el-Festival-Internacional-Cervantino-2023-min.jpg","_links":{"self":[{"href":"https:\/\/www.sonoraenequipo.com.mx\/api\/wp\/v2\/posts\/170527","targetHints":{"allow":["GET"]}}],"collection":[{"href":"https:\/\/www.sonoraenequipo.com.mx\/api\/wp\/v2\/posts"}],"about":[{"href":"https:\/\/www.sonoraenequipo.com.mx\/api\/wp\/v2\/types\/post"}],"author":[{"embeddable":true,"href":"https:\/\/www.sonoraenequipo.com.mx\/api\/wp\/v2\/users\/1"}],"replies":[{"embeddable":true,"href":"https:\/\/www.sonoraenequipo.com.mx\/api\/wp\/v2\/comments?post=170527"}],"version-history":[{"count":1,"href":"https:\/\/www.sonoraenequipo.com.mx\/api\/wp\/v2\/posts\/170527\/revisions"}],"predecessor-version":[{"id":170536,"href":"https:\/\/www.sonoraenequipo.com.mx\/api\/wp\/v2\/posts\/170527\/revisions\/170536"}],"wp:featuredmedia":[{"embeddable":true,"href":"https:\/\/www.sonoraenequipo.com.mx\/api\/wp\/v2\/media\/170532"}],"wp:attachment":[{"href":"https:\/\/www.sonoraenequipo.com.mx\/api\/wp\/v2\/media?parent=170527"}],"wp:term":[{"taxonomy":"category","embeddable":true,"href":"https:\/\/www.sonoraenequipo.com.mx\/api\/wp\/v2\/categories?post=170527"},{"taxonomy":"post_tag","embeddable":true,"href":"https:\/\/www.sonoraenequipo.com.mx\/api\/wp\/v2\/tags?post=170527"}],"curies":[{"name":"wp","href":"https:\/\/api.w.org\/{rel}","templated":true}]}}