{"id":170537,"date":"2023-07-17T15:10:44","date_gmt":"2023-07-17T22:10:44","guid":{"rendered":"https:\/\/www.sonoraenequipo.com.mx\/?p=170537"},"modified":"2023-07-17T22:41:08","modified_gmt":"2023-07-18T05:41:08","slug":"alumnas-de-cobach-sonora-representaran-a-mexico-en-mundial-de-softbol","status":"publish","type":"post","link":"https:\/\/www.sonoraenequipo.com.mx\/alumnas-de-cobach-sonora-representaran-a-mexico-en-mundial-de-softbol\/","title":{"rendered":"Alumnas de Cobach Sonora representar\u00e1n a M\u00e9xico en mundial de s\u00f3ftbol"},"content":{"rendered":"<p><strong>EMPALME, SONORA. MX. \u2014\u00a0<\/strong> Las alumnas del Colegio de Bachilleres del Estado de Sonora (Cobach), Aylin Morales y Sharon Castro Rojas, fueron seleccionadas para representar a M\u00e9xico en el pr\u00f3ximo mundial de s\u00f3ftbol que se llevar\u00e1 a cabo del 19 al 23 de julio en McAllen, Texas.<\/p>\n<p>&nbsp;<\/p>\n<p> <\/p>\n<p>&nbsp;<\/p>\n<p>Aylin, que participar\u00e1 como jugadora en campo corto y Sharon de serpentinera, ambas estudiantes del plantel Empalme, tendr\u00e1n acci\u00f3n por primera vez en un evento internacional de ese nivel, en la Serie Mundial Pony League, por lo que se encuentran en plena preparaci\u00f3n para cumplir con ese compromiso.<\/p>\n<p>&nbsp;<\/p>\n<p>&nbsp;<\/p>\n<p><strong><em>\u201cEs muy importante para m\u00ed representar a mi pa\u00eds, igual que a Sonora; es algo que siempre he querido, en lo que hab\u00eda so\u00f1ado, por lo que siempre trabajo a diario; me gusta mucho este deporte y se est\u00e1n cumpliendo mis sue\u00f1os\u201d,<\/em> <\/strong>expuso Aylin Morales, estudiante que pas\u00f3 a quinto semestre.<\/p>\n<p>&nbsp;<\/p>\n<p>&nbsp;<\/p>\n<p>A la jugadora empalmense, de 16 a\u00f1os, le gusta el b\u00e9isbol desde peque\u00f1a y desde hace cinco a\u00f1os empez\u00f3 a practicar el s\u00f3ftbol y puede jugar en todas las posiciones del \u201cinfield\u201d.<\/p>\n<p>&nbsp;<\/p>\n<p>&nbsp;<\/p>\n<p>Aylin y Sharon tuvieron una destacada participaci\u00f3n en la reciente Olimpiada Nacional 2023 con el equipo de Sonora, adem\u00e1s de quedar invictas en el reciente premundial en Hermosillo, por lo que fueron seleccionadas para el que va a ser su primer mundial.<\/p>\n<p>&nbsp;<\/p>\n<p>&nbsp;<\/p>\n<p>Sharon, de 17 a\u00f1os, hija del beisbolista Daniel Castro y la mundialista Sally Rojas, expres\u00f3 que su amor por el s\u00f3ftbol surgi\u00f3 en ella pr\u00e1cticamente desde que naci\u00f3 y empez\u00f3 a asistir a torneos desde los 9 a\u00f1os.<\/p>\n<p>&nbsp;<\/p>\n<p>&nbsp;<\/p>\n<p><em><strong>\u201cPara m\u00ed ir a un mundial representa un sue\u00f1o de tantos que tuve desde peque\u00f1a y m\u00e1s el ir representando a mi pa\u00eds\u201d,<\/strong><\/em> resalt\u00f3.<\/p>\n<p>&nbsp;<\/p>\n<p>&nbsp;<\/p>\n<p>&nbsp;<\/p>\n<p>PUBLICADO EL 17 DE JULIO DE 2023\/Con informaci\u00f3n de GOBSON 0723-107)<\/p>\n","protected":false},"excerpt":{"rendered":"<p>EMPALME, SONORA. MX. \u2014\u00a0 Las alumnas del Colegio de Bachilleres del Estado de Sonora (Cobach),&#8230;<\/p>\n","protected":false},"author":1,"featured_media":170529,"comment_status":"open","ping_status":"open","sticky":false,"template":"","format":"standard","meta":{"_monsterinsights_skip_tracking":false,"_monsterinsights_sitenote_active":false,"_monsterinsights_sitenote_note":"","_monsterinsights_sitenote_category":0,"footnotes":""},"categories":[10],"tags":[],"class_list":["post"],"yoast_head":" \n<title>Sonora en Equipo. Alumnas de Cobach Sonora representar\u00e1n a M\u00e9xico en mundial de s\u00f3ftbol Deportes<\/title>\n<meta name=\"description\" content=\"EMPALME, SONORA. MX. \u2014\u00a0 Las alumnas del Colegio de Bachilleres del Estado de Sonora (Cobach), Aylin Morales y Sharon Castro Rojas, fueron seleccionadas En Sonora en Equipo publicamos toda la informaci\u00f3n de Sonora, M\u00e9xico y el Mundo de manera oportuna y busca que la libertad de expresi\u00f3n sea real. Visita nuestro medio informativo publicado desde Hermosillo, Sonora. %\" \/>\n<meta name=\"robots\" content=\"index, follow, max-snippet:-1, max-image-preview:large, max-video-preview:-1\" \/>\n<link rel=\"canonical\" href=\"https:\/\/www.sonoraenequipo.com.mx\/alumnas-de-cobach-sonora-representaran-a-mexico-en-mundial-de-softbol\/\" \/>\n<meta property=\"og:locale\" content=\"es_ES\" \/>\n<meta property=\"og:type\" content=\"article\" \/>\n<meta property=\"og:title\" content=\"Sonora en Equipo. Alumnas de Cobach Sonora representar\u00e1n a M\u00e9xico en mundial de s\u00f3ftbol Deportes\" \/>\n<meta property=\"og:description\" content=\"EMPALME, SONORA. MX. \u2014\u00a0 Las alumnas del Colegio de Bachilleres del Estado de Sonora (Cobach), Aylin Morales y Sharon Castro Rojas, fueron seleccionadas En Sonora en Equipo publicamos toda la informaci\u00f3n de Sonora, M\u00e9xico y el Mundo de manera oportuna y busca que la libertad de expresi\u00f3n sea real. Visita nuestro medio informativo publicado desde Hermosillo, Sonora. %\" \/>\n<meta property=\"og:url\" content=\"https:\/\/www.sonoraenequipo.com.mx\/alumnas-de-cobach-sonora-representaran-a-mexico-en-mundial-de-softbol\/\" \/>\n<meta property=\"og:site_name\" content=\"Sonora en Equipo.\" \/>\n<meta property=\"article:publisher\" content=\"https:\/\/www.facebook.com\/SonoraEE\/\" \/>\n<meta property=\"article:author\" content=\"https:\/\/www.facebook.com\/SonoraEE\" \/>\n<meta property=\"article:published_time\" content=\"2023-07-17T22:10:44+00:00\" \/>\n<meta property=\"article:modified_time\" content=\"2023-07-18T05:41:08+00:00\" \/>\n<meta property=\"og:image\" content=\"https:\/\/www.sonoraenequipo.com.mx\/storage\/2023\/07\/cobach..-min.jpg\" \/>\n\t<meta property=\"og:image:width\" content=\"900\" \/>\n\t<meta property=\"og:image:height\" content=\"545\" \/>\n\t<meta property=\"og:image:type\" content=\"image\/jpeg\" \/>\n<meta name=\"author\" content=\"enequipo\" \/>\n<meta name=\"twitter:card\" content=\"summary_large_image\" \/>\n<meta name=\"twitter:creator\" content=\"@sonoraenequipo\" \/>\n<meta name=\"twitter:site\" content=\"@sonoraenequipo\" \/>\n<meta name=\"twitter:label1\" content=\"Escrito por\" \/>\n\t<meta name=\"twitter:data1\" content=\"enequipo\" \/>\n\t<meta name=\"twitter:label2\" content=\"Tiempo de lectura\" \/>\n\t<meta name=\"twitter:data2\" content=\"2 minutos\" \/>\n<script type=\"application\/ld+json\" class=\"yoast-schema-graph\">{\"@context\":\"https:\/\/schema.org\",\"@graph\":[{\"@type\":\"Article\",\"@id\":\"https:\/\/www.sonoraenequipo.com.mx\/alumnas-de-cobach-sonora-representaran-a-mexico-en-mundial-de-softbol\/#article\",\"isPartOf\":{\"@id\":\"https:\/\/www.sonoraenequipo.com.mx\/alumnas-de-cobach-sonora-representaran-a-mexico-en-mundial-de-softbol\/\"},\"author\":{\"name\":\"enequipo\",\"@id\":\"https:\/\/www.sonoraenequipo.com.mx\/#\/schema\/person\/50102df0fb23a8fa9e8effad8fa81386\"},\"headline\":\"Alumnas de Cobach Sonora representar\u00e1n a M\u00e9xico en mundial de s\u00f3ftbol\",\"datePublished\":\"2023-07-17T22:10:44+00:00\",\"dateModified\":\"2023-07-18T05:41:08+00:00\",\"mainEntityOfPage\":{\"@id\":\"https:\/\/www.sonoraenequipo.com.mx\/alumnas-de-cobach-sonora-representaran-a-mexico-en-mundial-de-softbol\/\"},\"wordCount\":341,\"commentCount\":0,\"publisher\":{\"@id\":\"https:\/\/www.sonoraenequipo.com.mx\/#organization\"},\"image\":{\"@id\":\"https:\/\/www.sonoraenequipo.com.mx\/alumnas-de-cobach-sonora-representaran-a-mexico-en-mundial-de-softbol\/#primaryimage\"},\"thumbnailUrl\":\"https:\/\/www.sonoraenequipo.com.mx\/storage\/2023\/07\/cobach..-min.jpg\",\"articleSection\":[\"Deportes\"],\"inLanguage\":\"es\",\"potentialAction\":[{\"@type\":\"CommentAction\",\"name\":\"Comment\",\"target\":[\"https:\/\/www.sonoraenequipo.com.mx\/alumnas-de-cobach-sonora-representaran-a-mexico-en-mundial-de-softbol\/#respond\"]}]},{\"@type\":\"WebPage\",\"@id\":\"https:\/\/www.sonoraenequipo.com.mx\/alumnas-de-cobach-sonora-representaran-a-mexico-en-mundial-de-softbol\/\",\"url\":\"https:\/\/www.sonoraenequipo.com.mx\/alumnas-de-cobach-sonora-representaran-a-mexico-en-mundial-de-softbol\/\",\"name\":\"Sonora en Equipo. Alumnas de Cobach Sonora representar\u00e1n a M\u00e9xico en mundial de s\u00f3ftbol Deportes\",\"isPartOf\":{\"@id\":\"https:\/\/www.sonoraenequipo.com.mx\/#website\"},\"primaryImageOfPage\":{\"@id\":\"https:\/\/www.sonoraenequipo.com.mx\/alumnas-de-cobach-sonora-representaran-a-mexico-en-mundial-de-softbol\/#primaryimage\"},\"image\":{\"@id\":\"https:\/\/www.sonoraenequipo.com.mx\/alumnas-de-cobach-sonora-representaran-a-mexico-en-mundial-de-softbol\/#primaryimage\"},\"thumbnailUrl\":\"https:\/\/www.sonoraenequipo.com.mx\/storage\/2023\/07\/cobach..-min.jpg\",\"datePublished\":\"2023-07-17T22:10:44+00:00\",\"dateModified\":\"2023-07-18T05:41:08+00:00\",\"description\":\"EMPALME, SONORA. MX. \u2014\u00a0 Las alumnas del Colegio de Bachilleres del Estado de Sonora (Cobach), Aylin Morales y Sharon Castro Rojas, fueron seleccionadas En Sonora en Equipo publicamos toda la informaci\u00f3n de Sonora, M\u00e9xico y el Mundo de manera oportuna y busca que la libertad de expresi\u00f3n sea real. Visita nuestro medio informativo publicado desde Hermosillo, Sonora. %\",\"breadcrumb\":{\"@id\":\"https:\/\/www.sonoraenequipo.com.mx\/alumnas-de-cobach-sonora-representaran-a-mexico-en-mundial-de-softbol\/#breadcrumb\"},\"inLanguage\":\"es\",\"potentialAction\":[{\"@type\":\"ReadAction\",\"target\":[\"https:\/\/www.sonoraenequipo.com.mx\/alumnas-de-cobach-sonora-representaran-a-mexico-en-mundial-de-softbol\/\"]}]},{\"@type\":\"ImageObject\",\"inLanguage\":\"es\",\"@id\":\"https:\/\/www.sonoraenequipo.com.mx\/alumnas-de-cobach-sonora-representaran-a-mexico-en-mundial-de-softbol\/#primaryimage\",\"url\":\"https:\/\/www.sonoraenequipo.com.mx\/storage\/2023\/07\/cobach..-min.jpg\",\"contentUrl\":\"https:\/\/www.sonoraenequipo.com.mx\/storage\/2023\/07\/cobach..-min.jpg\",\"width\":900,\"height\":545},{\"@type\":\"BreadcrumbList\",\"@id\":\"https:\/\/www.sonoraenequipo.com.mx\/alumnas-de-cobach-sonora-representaran-a-mexico-en-mundial-de-softbol\/#breadcrumb\",\"itemListElement\":[{\"@type\":\"ListItem\",\"position\":1,\"name\":\"Portada\",\"item\":\"https:\/\/www.sonoraenequipo.com.mx\/\"},{\"@type\":\"ListItem\",\"position\":2,\"name\":\"Alumnas de Cobach Sonora representar\u00e1n a M\u00e9xico en mundial de s\u00f3ftbol\"}]},{\"@type\":\"WebSite\",\"@id\":\"https:\/\/www.sonoraenequipo.com.mx\/#website\",\"url\":\"https:\/\/www.sonoraenequipo.com.mx\/\",\"name\":\"Sonora en Equipo.\",\"description\":\"Diario en l\u00ednea con Noticias desde Hermosillo, Sonora\",\"publisher\":{\"@id\":\"https:\/\/www.sonoraenequipo.com.mx\/#organization\"},\"potentialAction\":[{\"@type\":\"SearchAction\",\"target\":{\"@type\":\"EntryPoint\",\"urlTemplate\":\"https:\/\/www.sonoraenequipo.com.mx\/?s={search_term_string}\"},\"query-input\":{\"@type\":\"PropertyValueSpecification\",\"valueRequired\":true,\"valueName\":\"search_term_string\"}}],\"inLanguage\":\"es\"},{\"@type\":\"Organization\",\"@id\":\"https:\/\/www.sonoraenequipo.com.mx\/#organization\",\"name\":\"Sonoraenequipo.com.mx\",\"url\":\"https:\/\/www.sonoraenequipo.com.mx\/\",\"logo\":{\"@type\":\"ImageObject\",\"inLanguage\":\"es\",\"@id\":\"https:\/\/www.sonoraenequipo.com.mx\/#\/schema\/logo\/image\/\",\"url\":\"https:\/\/www.sonoraenequipo.com.mx\/storage\/2019\/01\/sonoraenequipo_opt.png\",\"contentUrl\":\"https:\/\/www.sonoraenequipo.com.mx\/storage\/2019\/01\/sonoraenequipo_opt.png\",\"width\":375,\"height\":125,\"caption\":\"Sonoraenequipo.com.mx\"},\"image\":{\"@id\":\"https:\/\/www.sonoraenequipo.com.mx\/#\/schema\/logo\/image\/\"},\"sameAs\":[\"https:\/\/www.facebook.com\/SonoraEE\/\",\"https:\/\/x.com\/sonoraenequipo\",\"https:\/\/www.youtube.com\/channel\/UC338nW-lPEYmJQs4ZABQ1SQ\"]},{\"@type\":\"Person\",\"@id\":\"https:\/\/www.sonoraenequipo.com.mx\/#\/schema\/person\/50102df0fb23a8fa9e8effad8fa81386\",\"name\":\"enequipo\",\"image\":{\"@type\":\"ImageObject\",\"inLanguage\":\"es\",\"@id\":\"https:\/\/www.sonoraenequipo.com.mx\/#\/schema\/person\/image\/\",\"url\":\"https:\/\/secure.gravatar.com\/avatar\/049821681b589dabc0bc20695993ccebb09f5b5d4d790cd9251b97faac7c652b?s=96&d=blank&r=g\",\"contentUrl\":\"https:\/\/secure.gravatar.com\/avatar\/049821681b589dabc0bc20695993ccebb09f5b5d4d790cd9251b97faac7c652b?s=96&d=blank&r=g\",\"caption\":\"enequipo\"},\"sameAs\":[\"https:\/\/www.facebook.com\/SonoraEE\"]}]}<\/script>\n ","yoast_head_json":{"title":"Sonora en Equipo. Alumnas de Cobach Sonora representar\u00e1n a M\u00e9xico en mundial de s\u00f3ftbol Deportes","description":"EMPALME, SONORA. MX. \u2014\u00a0 Las alumnas del Colegio de Bachilleres del Estado de Sonora (Cobach), Aylin Morales y Sharon Castro Rojas, fueron seleccionadas En Sonora en Equipo publicamos toda la informaci\u00f3n de Sonora, M\u00e9xico y el Mundo de manera oportuna y busca que la libertad de expresi\u00f3n sea real. Visita nuestro medio informativo publicado desde Hermosillo, Sonora. %","robots":{"index":"index","follow":"follow","max-snippet":"max-snippet:-1","max-image-preview":"max-image-preview:large","max-video-preview":"max-video-preview:-1"},"canonical":"https:\/\/www.sonoraenequipo.com.mx\/alumnas-de-cobach-sonora-representaran-a-mexico-en-mundial-de-softbol\/","og_locale":"es_ES","og_type":"article","og_title":"Sonora en Equipo. Alumnas de Cobach Sonora representar\u00e1n a M\u00e9xico en mundial de s\u00f3ftbol Deportes","og_description":"EMPALME, SONORA. MX. \u2014\u00a0 Las alumnas del Colegio de Bachilleres del Estado de Sonora (Cobach), Aylin Morales y Sharon Castro Rojas, fueron seleccionadas En Sonora en Equipo publicamos toda la informaci\u00f3n de Sonora, M\u00e9xico y el Mundo de manera oportuna y busca que la libertad de expresi\u00f3n sea real. Visita nuestro medio informativo publicado desde Hermosillo, Sonora. %","og_url":"https:\/\/www.sonoraenequipo.com.mx\/alumnas-de-cobach-sonora-representaran-a-mexico-en-mundial-de-softbol\/","og_site_name":"Sonora en Equipo.","article_publisher":"https:\/\/www.facebook.com\/SonoraEE\/","article_author":"https:\/\/www.facebook.com\/SonoraEE","article_published_time":"2023-07-17T22:10:44+00:00","article_modified_time":"2023-07-18T05:41:08+00:00","og_image":[{"width":900,"height":545,"url":"https:\/\/www.sonoraenequipo.com.mx\/storage\/2023\/07\/cobach..-min.jpg","type":"image\/jpeg"}],"author":"enequipo","twitter_card":"summary_large_image","twitter_creator":"@sonoraenequipo","twitter_site":"@sonoraenequipo","twitter_misc":{"Escrito por":"enequipo","Tiempo de lectura":"2 minutos"},"schema":{"@context":"https:\/\/schema.org","@graph":[{"@type":"Article","@id":"https:\/\/www.sonoraenequipo.com.mx\/alumnas-de-cobach-sonora-representaran-a-mexico-en-mundial-de-softbol\/#article","isPartOf":{"@id":"https:\/\/www.sonoraenequipo.com.mx\/alumnas-de-cobach-sonora-representaran-a-mexico-en-mundial-de-softbol\/"},"author":{"name":"enequipo","@id":"https:\/\/www.sonoraenequipo.com.mx\/#\/schema\/person\/50102df0fb23a8fa9e8effad8fa81386"},"headline":"Alumnas de Cobach Sonora representar\u00e1n a M\u00e9xico en mundial de s\u00f3ftbol","datePublished":"2023-07-17T22:10:44+00:00","dateModified":"2023-07-18T05:41:08+00:00","mainEntityOfPage":{"@id":"https:\/\/www.sonoraenequipo.com.mx\/alumnas-de-cobach-sonora-representaran-a-mexico-en-mundial-de-softbol\/"},"wordCount":341,"commentCount":0,"publisher":{"@id":"https:\/\/www.sonoraenequipo.com.mx\/#organization"},"image":{"@id":"https:\/\/www.sonoraenequipo.com.mx\/alumnas-de-cobach-sonora-representaran-a-mexico-en-mundial-de-softbol\/#primaryimage"},"thumbnailUrl":"https:\/\/www.sonoraenequipo.com.mx\/storage\/2023\/07\/cobach..-min.jpg","articleSection":["Deportes"],"inLanguage":"es","potentialAction":[{"@type":"CommentAction","name":"Comment","target":["https:\/\/www.sonoraenequipo.com.mx\/alumnas-de-cobach-sonora-representaran-a-mexico-en-mundial-de-softbol\/#respond"]}]},{"@type":"WebPage","@id":"https:\/\/www.sonoraenequipo.com.mx\/alumnas-de-cobach-sonora-representaran-a-mexico-en-mundial-de-softbol\/","url":"https:\/\/www.sonoraenequipo.com.mx\/alumnas-de-cobach-sonora-representaran-a-mexico-en-mundial-de-softbol\/","name":"Sonora en Equipo. Alumnas de Cobach Sonora representar\u00e1n a M\u00e9xico en mundial de s\u00f3ftbol Deportes","isPartOf":{"@id":"https:\/\/www.sonoraenequipo.com.mx\/#website"},"primaryImageOfPage":{"@id":"https:\/\/www.sonoraenequipo.com.mx\/alumnas-de-cobach-sonora-representaran-a-mexico-en-mundial-de-softbol\/#primaryimage"},"image":{"@id":"https:\/\/www.sonoraenequipo.com.mx\/alumnas-de-cobach-sonora-representaran-a-mexico-en-mundial-de-softbol\/#primaryimage"},"thumbnailUrl":"https:\/\/www.sonoraenequipo.com.mx\/storage\/2023\/07\/cobach..-min.jpg","datePublished":"2023-07-17T22:10:44+00:00","dateModified":"2023-07-18T05:41:08+00:00","description":"EMPALME, SONORA. MX. \u2014\u00a0 Las alumnas del Colegio de Bachilleres del Estado de Sonora (Cobach), Aylin Morales y Sharon Castro Rojas, fueron seleccionadas En Sonora en Equipo publicamos toda la informaci\u00f3n de Sonora, M\u00e9xico y el Mundo de manera oportuna y busca que la libertad de expresi\u00f3n sea real. Visita nuestro medio informativo publicado desde Hermosillo, Sonora. %","breadcrumb":{"@id":"https:\/\/www.sonoraenequipo.com.mx\/alumnas-de-cobach-sonora-representaran-a-mexico-en-mundial-de-softbol\/#breadcrumb"},"inLanguage":"es","potentialAction":[{"@type":"ReadAction","target":["https:\/\/www.sonoraenequipo.com.mx\/alumnas-de-cobach-sonora-representaran-a-mexico-en-mundial-de-softbol\/"]}]},{"@type":"ImageObject","inLanguage":"es","@id":"https:\/\/www.sonoraenequipo.com.mx\/alumnas-de-cobach-sonora-representaran-a-mexico-en-mundial-de-softbol\/#primaryimage","url":"https:\/\/www.sonoraenequipo.com.mx\/storage\/2023\/07\/cobach..-min.jpg","contentUrl":"https:\/\/www.sonoraenequipo.com.mx\/storage\/2023\/07\/cobach..-min.jpg","width":900,"height":545},{"@type":"BreadcrumbList","@id":"https:\/\/www.sonoraenequipo.com.mx\/alumnas-de-cobach-sonora-representaran-a-mexico-en-mundial-de-softbol\/#breadcrumb","itemListElement":[{"@type":"ListItem","position":1,"name":"Portada","item":"https:\/\/www.sonoraenequipo.com.mx\/"},{"@type":"ListItem","position":2,"name":"Alumnas de Cobach Sonora representar\u00e1n a M\u00e9xico en mundial de s\u00f3ftbol"}]},{"@type":"WebSite","@id":"https:\/\/www.sonoraenequipo.com.mx\/#website","url":"https:\/\/www.sonoraenequipo.com.mx\/","name":"Sonora en Equipo.","description":"Diario en l\u00ednea con Noticias desde Hermosillo, Sonora","publisher":{"@id":"https:\/\/www.sonoraenequipo.com.mx\/#organization"},"potentialAction":[{"@type":"SearchAction","target":{"@type":"EntryPoint","urlTemplate":"https:\/\/www.sonoraenequipo.com.mx\/?s={search_term_string}"},"query-input":{"@type":"PropertyValueSpecification","valueRequired":true,"valueName":"search_term_string"}}],"inLanguage":"es"},{"@type":"Organization","@id":"https:\/\/www.sonoraenequipo.com.mx\/#organization","name":"Sonoraenequipo.com.mx","url":"https:\/\/www.sonoraenequipo.com.mx\/","logo":{"@type":"ImageObject","inLanguage":"es","@id":"https:\/\/www.sonoraenequipo.com.mx\/#\/schema\/logo\/image\/","url":"https:\/\/www.sonoraenequipo.com.mx\/storage\/2019\/01\/sonoraenequipo_opt.png","contentUrl":"https:\/\/www.sonoraenequipo.com.mx\/storage\/2019\/01\/sonoraenequipo_opt.png","width":375,"height":125,"caption":"Sonoraenequipo.com.mx"},"image":{"@id":"https:\/\/www.sonoraenequipo.com.mx\/#\/schema\/logo\/image\/"},"sameAs":["https:\/\/www.facebook.com\/SonoraEE\/","https:\/\/x.com\/sonoraenequipo","https:\/\/www.youtube.com\/channel\/UC338nW-lPEYmJQs4ZABQ1SQ"]},{"@type":"Person","@id":"https:\/\/www.sonoraenequipo.com.mx\/#\/schema\/person\/50102df0fb23a8fa9e8effad8fa81386","name":"enequipo","image":{"@type":"ImageObject","inLanguage":"es","@id":"https:\/\/www.sonoraenequipo.com.mx\/#\/schema\/person\/image\/","url":"https:\/\/secure.gravatar.com\/avatar\/049821681b589dabc0bc20695993ccebb09f5b5d4d790cd9251b97faac7c652b?s=96&d=blank&r=g","contentUrl":"https:\/\/secure.gravatar.com\/avatar\/049821681b589dabc0bc20695993ccebb09f5b5d4d790cd9251b97faac7c652b?s=96&d=blank&r=g","caption":"enequipo"},"sameAs":["https:\/\/www.facebook.com\/SonoraEE"]}]}},"jetpack_featured_media_url":"https:\/\/www.sonoraenequipo.com.mx\/storage\/2023\/07\/cobach..-min.jpg","_links":{"self":[{"href":"https:\/\/www.sonoraenequipo.com.mx\/api\/wp\/v2\/posts\/170537","targetHints":{"allow":["GET"]}}],"collection":[{"href":"https:\/\/www.sonoraenequipo.com.mx\/api\/wp\/v2\/posts"}],"about":[{"href":"https:\/\/www.sonoraenequipo.com.mx\/api\/wp\/v2\/types\/post"}],"author":[{"embeddable":true,"href":"https:\/\/www.sonoraenequipo.com.mx\/api\/wp\/v2\/users\/1"}],"replies":[{"embeddable":true,"href":"https:\/\/www.sonoraenequipo.com.mx\/api\/wp\/v2\/comments?post=170537"}],"version-history":[{"count":1,"href":"https:\/\/www.sonoraenequipo.com.mx\/api\/wp\/v2\/posts\/170537\/revisions"}],"predecessor-version":[{"id":170538,"href":"https:\/\/www.sonoraenequipo.com.mx\/api\/wp\/v2\/posts\/170537\/revisions\/170538"}],"wp:featuredmedia":[{"embeddable":true,"href":"https:\/\/www.sonoraenequipo.com.mx\/api\/wp\/v2\/media\/170529"}],"wp:attachment":[{"href":"https:\/\/www.sonoraenequipo.com.mx\/api\/wp\/v2\/media?parent=170537"}],"wp:term":[{"taxonomy":"category","embeddable":true,"href":"https:\/\/www.sonoraenequipo.com.mx\/api\/wp\/v2\/categories?post=170537"},{"taxonomy":"post_tag","embeddable":true,"href":"https:\/\/www.sonoraenequipo.com.mx\/api\/wp\/v2\/tags?post=170537"}],"curies":[{"name":"wp","href":"https:\/\/api.w.org\/{rel}","templated":true}]}}